{"id":4600,"date":"2020-09-15T10:35:35","date_gmt":"2020-09-15T13:35:35","guid":{"rendered":"https:\/\/www.padreeustaquio.com.br\/?p=4600"},"modified":"2020-09-15T10:35:35","modified_gmt":"2020-09-15T13:35:35","slug":"ya-estan-abiertas-las-inscripciones-para-las-misas-del-19-y-20-de-septiembre","status":"publish","type":"post","link":"https:\/\/www.padreeustaquio.com.br\/es\/ya-estan-abiertas-las-inscripciones-para-las-misas-del-19-y-20-de-septiembre\/","title":{"rendered":"Ya est\u00e1n abiertas las inscripciones para las misas del 19 y 20 de septiembre."},"content":{"rendered":"<p>La inscripci\u00f3n para las misas presenciales del pr\u00f3ximo fin de semana, 19 y 20 de septiembre, ya est\u00e1 disponible en el sitio web de Sympla. Quienes deseen participar en las celebraciones en la iglesia del Padre Eust\u00e1quio deben inscribirse con antelaci\u00f3n.<\/p>\n<p>Para reservar un lugar en la misa en persona, simplemente visite [direcci\u00f3n del sitio web].\u00a0<a href=\"https:\/\/www.sympla.com.br\/missas-presenciais---igreja-padre-eustaquio---19-e-20-de-setembro__979664\">aqu\u00ed<\/a>\u00a0En la p\u00e1gina web de venta de entradas, elija la celebraci\u00f3n a la que desea asistir y reg\u00edstrese. Las misas disponibles se siguen celebrando los s\u00e1bados a las 18:00 h y los domingos a las 7:30 h, 10:00 h y 18:00 h.<\/p>\n<p>Cada participante puede recoger hasta 5 boletos para cada celebraci\u00f3n. Es importante recordar que los boletos se siguen distribuyendo en la oficina parroquial de Belo Horizonte. Al inicio de cada semana, se generar\u00e1 un nuevo enlace con las misas del fin de semana. Al llegar a cada celebraci\u00f3n, la persona debe presentar el cup\u00f3n impreso o el que aparece en la pantalla de su celular.<\/p>\n<p><em><strong>Directrices generales<\/strong><\/em><\/p>\n<p>Para garantizar la salud y seguridad de todos, se deben seguir algunas recomendaciones al participar en las celebraciones:<\/p>\n<ol>\n<li>Las misas se llevar\u00e1n a cabo en los siguientes horarios: s\u00e1bado 6:00 p. m., domingo 7:30 a. m., 10 a. m. y 6:00 p. m.;<\/li>\n<li>Las misas de las 10, 18 y 19 horas ser\u00e1n transmitidas por <a href=\"https:\/\/www.youtube.com\/channel\/UCRhw7vfabnajwLxb1ZXMeIw\">Canal Padre Eust\u00e1quio<\/a> de YouTube;<\/li>\n<li>Recomendamos que los ni\u00f1os y las personas mayores de 60 a\u00f1os, as\u00ed como cualquier persona con restricciones de salud, eviten la participaci\u00f3n en persona.;<\/li>\n<li>Es necesario identificarse con antelaci\u00f3n y recoger las tarjetas espec\u00edficas para cada celebraci\u00f3n en la oficina parroquial. Cada persona puede recoger hasta cuatro tarjetas, especialmente para su grupo familiar. Las tarjetas para el fin de semana en cuesti\u00f3n estar\u00e1n disponibles a partir del mi\u00e9rcoles.;<\/li>\n<li>Llegar 30 minutos antes para la organizaci\u00f3n y el ingreso al lugar;<\/li>\n<li>Como medida preventiva, se tomar\u00e1 la temperatura a los fieles. No se permitir\u00e1 la participaci\u00f3n en las celebraciones a quienes tengan una temperatura de 37.8 \u00b0C o superior. Es obligatorio desinfectar los zapatos y las manos antes de entrar. Por favor, traiga tambi\u00e9n su propio desinfectante de manos.;<\/li>\n<li>Todos los fieles deben usar m\u00e1scaras protectoras mientras est\u00e9n dentro de la iglesia;<\/li>\n<li>Ocupa los asientos disponibles por orden de llegada y mant\u00e9n la distancia social indicada, incluso si est\u00e1s en familia;<\/li>\n<li>La comuni\u00f3n se distribuir\u00e1 \u00fanicamente en la mano;<\/li>\n<li>En el momento de la comuni\u00f3n, moverse lo menos posible, esperando el turno manteniendo la distancia indicada por las marcas en el suelo;<\/li>\n<li>Durante el Padre Nuestro no se deben tomar las manos ni hacer el Signo de la Paz.;<\/li>\n<li>Intente planificar con anticipaci\u00f3n para no tener que usar los ba\u00f1os;<\/li>\n<li>Traiga su propia botella de agua ya que las fuentes de agua est\u00e1n fuera de servicio.;<\/li>\n<li>Siga las instrucciones de los voluntarios, que est\u00e1n disponibles para ayudar;<\/li>\n<\/ol>\n<p>Para m\u00e1s informaci\u00f3n llame a la oficina parroquial: (31) 3462-6557.\u00a0<a href=\"https:\/\/www.padreeustaquio.com.br\/es\/santuario-de-salud-y-paz\/\">Ver aqu\u00ed<\/a>\u00a0C\u00f3mo llegar al Santuario de Belo Horizonte.<\/p>","protected":false},"excerpt":{"rendered":"<p>As inscri\u00e7\u00f5es para as missas presenciais do pr\u00f3ximo final de semana, dias 19 e 20 de setembro j\u00e1 est\u00e3o dispon\u00edveis no site Sympla. Aqueles que quiserem participar das celebra\u00e7\u00f5es realizadas na igreja do Padre Eust\u00e1quio, precisam se inscrever antecipadamente. Para reservar um lugar na missa presencial, basta acessar\u00a0aqui\u00a0o site de ingressos, escolher a celebra\u00e7\u00e3o na qual deseja participar e fazer a inscri\u00e7\u00e3o. As missas dispon\u00edveis continuam sendo aos S\u00e1bados, \u00e0s 18h e aos Domingos, \u00e0s 7h30, 10h e 18h. Cada participante pode retirar at\u00e9 5 ingressos para cada celebra\u00e7\u00e3o. Vale lembrar que os cart\u00f5es continuam sendo distribu\u00eddos tamb\u00e9m na secretaria [&hellip;]<\/p>\n","protected":false},"author":2,"featured_media":4601,"comment_status":"open","ping_status":"open","sticky":false,"template":"","format":"standard","meta":{"_acf_changed":false,"footnotes":""},"categories":[611],"tags":[],"class_list":["post-4600","post","type-post","status-publish","format-standard","has-post-thumbnail","hentry","category-noticias"],"acf":[],"yoast_head":"<!-- This site is optimized with the Yoast SEO plugin v27.2 - https:\/\/yoast.com\/product\/yoast-seo-wordpress\/ -->\n<title>Inscri\u00e7\u00f5es para missas dos dias 19 e 20 de setembro j\u00e1 est\u00e3o abertas - Padre Eust\u00e1quio<\/title>\n<meta name=\"robots\" content=\"index, follow, max-snippet:-1, max-image-preview:large, max-video-preview:-1\" \/>\n<link rel=\"canonical\" href=\"https:\/\/www.padreeustaquio.com.br\/es\/ya-estan-abiertas-las-inscripciones-para-las-misas-del-19-y-20-de-septiembre\/\" \/>\n<meta property=\"og:locale\" content=\"es_ES\" \/>\n<meta property=\"og:type\" content=\"article\" \/>\n<meta property=\"og:title\" content=\"Inscri\u00e7\u00f5es para missas dos dias 19 e 20 de setembro j\u00e1 est\u00e3o abertas - Padre Eust\u00e1quio\" \/>\n<meta property=\"og:description\" content=\"As inscri\u00e7\u00f5es para as missas presenciais do pr\u00f3ximo final de semana, dias 19 e 20 de setembro j\u00e1 est\u00e3o dispon\u00edveis no site Sympla. Aqueles que quiserem participar das celebra\u00e7\u00f5es realizadas na igreja do Padre Eust\u00e1quio, precisam se inscrever antecipadamente. Para reservar um lugar na missa presencial, basta acessar\u00a0aqui\u00a0o site de ingressos, escolher a celebra\u00e7\u00e3o na qual deseja participar e fazer a inscri\u00e7\u00e3o. As missas dispon\u00edveis continuam sendo aos S\u00e1bados, \u00e0s 18h e aos Domingos, \u00e0s 7h30, 10h e 18h. Cada participante pode retirar at\u00e9 5 ingressos para cada celebra\u00e7\u00e3o. Vale lembrar que os cart\u00f5es continuam sendo distribu\u00eddos tamb\u00e9m na secretaria [&hellip;]\" \/>\n<meta property=\"og:url\" content=\"https:\/\/www.padreeustaquio.com.br\/es\/ya-estan-abiertas-las-inscripciones-para-las-misas-del-19-y-20-de-septiembre\/\" \/>\n<meta property=\"og:site_name\" content=\"Padre Eust\u00e1quio\" \/>\n<meta property=\"article:publisher\" content=\"https:\/\/www.facebook.com\/beatopadreeustaquio\/\" \/>\n<meta property=\"article:published_time\" content=\"2020-09-15T13:35:35+00:00\" \/>\n<meta property=\"og:image\" content=\"https:\/\/www.padreeustaquio.com.br\/wp-content\/uploads\/2020\/09\/WhatsApp-Image-2019-07-04-at-13.20.49.jpeg\" \/>\n\t<meta property=\"og:image:width\" content=\"1280\" \/>\n\t<meta property=\"og:image:height\" content=\"944\" \/>\n\t<meta property=\"og:image:type\" content=\"image\/jpeg\" \/>\n<meta name=\"author\" content=\"@sscc\" \/>\n<meta name=\"twitter:card\" content=\"summary_large_image\" \/>\n<meta name=\"twitter:creator\" content=\"@beatopeustaquio\" \/>\n<meta name=\"twitter:site\" content=\"@beatopeustaquio\" \/>\n<meta name=\"twitter:label1\" content=\"Escrito por\" \/>\n\t<meta name=\"twitter:data1\" content=\"@sscc\" \/>\n\t<meta name=\"twitter:label2\" content=\"Tiempo de lectura\" \/>\n\t<meta name=\"twitter:data2\" content=\"3 minutos\" \/>\n<script type=\"application\/ld+json\" class=\"yoast-schema-graph\">{\"@context\":\"https:\/\/schema.org\",\"@graph\":[{\"@type\":\"Article\",\"@id\":\"https:\/\/www.padreeustaquio.com.br\/inscricoes-para-missas-dos-dias-19-e-20-de-setembro-ja-estao-abertas\/#article\",\"isPartOf\":{\"@id\":\"https:\/\/www.padreeustaquio.com.br\/inscricoes-para-missas-dos-dias-19-e-20-de-setembro-ja-estao-abertas\/\"},\"author\":{\"name\":\"@sscc\",\"@id\":\"https:\/\/www.padreeustaquio.com.br\/#\/schema\/person\/a2a51db1d00f1a7af0204a0f1ddb1566\"},\"headline\":\"Inscri\u00e7\u00f5es para missas dos dias 19 e 20 de setembro j\u00e1 est\u00e3o abertas\",\"datePublished\":\"2020-09-15T13:35:35+00:00\",\"mainEntityOfPage\":{\"@id\":\"https:\/\/www.padreeustaquio.com.br\/inscricoes-para-missas-dos-dias-19-e-20-de-setembro-ja-estao-abertas\/\"},\"wordCount\":516,\"commentCount\":0,\"publisher\":{\"@id\":\"https:\/\/www.padreeustaquio.com.br\/#organization\"},\"image\":{\"@id\":\"https:\/\/www.padreeustaquio.com.br\/inscricoes-para-missas-dos-dias-19-e-20-de-setembro-ja-estao-abertas\/#primaryimage\"},\"thumbnailUrl\":\"https:\/\/www.padreeustaquio.com.br\/wp-content\/uploads\/2020\/09\/WhatsApp-Image-2019-07-04-at-13.20.49.jpeg\",\"articleSection\":[\"Not\u00edcias\"],\"inLanguage\":\"es\",\"potentialAction\":[{\"@type\":\"CommentAction\",\"name\":\"Comment\",\"target\":[\"https:\/\/www.padreeustaquio.com.br\/inscricoes-para-missas-dos-dias-19-e-20-de-setembro-ja-estao-abertas\/#respond\"]}]},{\"@type\":\"WebPage\",\"@id\":\"https:\/\/www.padreeustaquio.com.br\/inscricoes-para-missas-dos-dias-19-e-20-de-setembro-ja-estao-abertas\/\",\"url\":\"https:\/\/www.padreeustaquio.com.br\/inscricoes-para-missas-dos-dias-19-e-20-de-setembro-ja-estao-abertas\/\",\"name\":\"Inscri\u00e7\u00f5es para missas dos dias 19 e 20 de setembro j\u00e1 est\u00e3o abertas - Padre Eust\u00e1quio\",\"isPartOf\":{\"@id\":\"https:\/\/www.padreeustaquio.com.br\/#website\"},\"primaryImageOfPage\":{\"@id\":\"https:\/\/www.padreeustaquio.com.br\/inscricoes-para-missas-dos-dias-19-e-20-de-setembro-ja-estao-abertas\/#primaryimage\"},\"image\":{\"@id\":\"https:\/\/www.padreeustaquio.com.br\/inscricoes-para-missas-dos-dias-19-e-20-de-setembro-ja-estao-abertas\/#primaryimage\"},\"thumbnailUrl\":\"https:\/\/www.padreeustaquio.com.br\/wp-content\/uploads\/2020\/09\/WhatsApp-Image-2019-07-04-at-13.20.49.jpeg\",\"datePublished\":\"2020-09-15T13:35:35+00:00\",\"breadcrumb\":{\"@id\":\"https:\/\/www.padreeustaquio.com.br\/inscricoes-para-missas-dos-dias-19-e-20-de-setembro-ja-estao-abertas\/#breadcrumb\"},\"inLanguage\":\"es\",\"potentialAction\":[{\"@type\":\"ReadAction\",\"target\":[\"https:\/\/www.padreeustaquio.com.br\/inscricoes-para-missas-dos-dias-19-e-20-de-setembro-ja-estao-abertas\/\"]}]},{\"@type\":\"ImageObject\",\"inLanguage\":\"es\",\"@id\":\"https:\/\/www.padreeustaquio.com.br\/inscricoes-para-missas-dos-dias-19-e-20-de-setembro-ja-estao-abertas\/#primaryimage\",\"url\":\"https:\/\/www.padreeustaquio.com.br\/wp-content\/uploads\/2020\/09\/WhatsApp-Image-2019-07-04-at-13.20.49.jpeg\",\"contentUrl\":\"https:\/\/www.padreeustaquio.com.br\/wp-content\/uploads\/2020\/09\/WhatsApp-Image-2019-07-04-at-13.20.49.jpeg\",\"width\":1280,\"height\":944},{\"@type\":\"BreadcrumbList\",\"@id\":\"https:\/\/www.padreeustaquio.com.br\/inscricoes-para-missas-dos-dias-19-e-20-de-setembro-ja-estao-abertas\/#breadcrumb\",\"itemListElement\":[{\"@type\":\"ListItem\",\"position\":1,\"name\":\"In\u00edcio\",\"item\":\"https:\/\/www.padreeustaquio.com.br\/\"},{\"@type\":\"ListItem\",\"position\":2,\"name\":\"Inscri\u00e7\u00f5es para missas dos dias 19 e 20 de setembro j\u00e1 est\u00e3o abertas\"}]},{\"@type\":\"WebSite\",\"@id\":\"https:\/\/www.padreeustaquio.com.br\/#website\",\"url\":\"https:\/\/www.padreeustaquio.com.br\/\",\"name\":\"Padre Eust\u00e1quio\",\"description\":\"Sa\u00fade e Paz\",\"publisher\":{\"@id\":\"https:\/\/www.padreeustaquio.com.br\/#organization\"},\"potentialAction\":[{\"@type\":\"SearchAction\",\"target\":{\"@type\":\"EntryPoint\",\"urlTemplate\":\"https:\/\/www.padreeustaquio.com.br\/?s={search_term_string}\"},\"query-input\":{\"@type\":\"PropertyValueSpecification\",\"valueRequired\":true,\"valueName\":\"search_term_string\"}}],\"inLanguage\":\"es\"},{\"@type\":\"Organization\",\"@id\":\"https:\/\/www.padreeustaquio.com.br\/#organization\",\"name\":\"Padre Eust\u00e1quio\",\"url\":\"https:\/\/www.padreeustaquio.com.br\/\",\"logo\":{\"@type\":\"ImageObject\",\"inLanguage\":\"es\",\"@id\":\"https:\/\/www.padreeustaquio.com.br\/#\/schema\/logo\/image\/\",\"url\":\"https:\/\/www.padreeustaquio.com.br\/wp-content\/uploads\/2019\/08\/marca.png\",\"contentUrl\":\"https:\/\/www.padreeustaquio.com.br\/wp-content\/uploads\/2019\/08\/marca.png\",\"width\":350,\"height\":400,\"caption\":\"Padre Eust\u00e1quio\"},\"image\":{\"@id\":\"https:\/\/www.padreeustaquio.com.br\/#\/schema\/logo\/image\/\"},\"sameAs\":[\"https:\/\/www.facebook.com\/beatopadreeustaquio\/\",\"https:\/\/x.com\/beatopeustaquio\",\"https:\/\/www.instagram.com\/beatopadreeustaquio\/\",\"https:\/\/www.youtube.com\/channel\/UCRhw7vfabnajwLxb1ZXMeIw\"]},{\"@type\":\"Person\",\"@id\":\"https:\/\/www.padreeustaquio.com.br\/#\/schema\/person\/a2a51db1d00f1a7af0204a0f1ddb1566\",\"name\":\"@sscc\",\"image\":{\"@type\":\"ImageObject\",\"inLanguage\":\"es\",\"@id\":\"https:\/\/secure.gravatar.com\/avatar\/68cfafa5f44617fea54071e215026e0ff06be366c3d54a8425f04fdcb86f8c5f?s=96&d=mm&r=g\",\"url\":\"https:\/\/secure.gravatar.com\/avatar\/68cfafa5f44617fea54071e215026e0ff06be366c3d54a8425f04fdcb86f8c5f?s=96&d=mm&r=g\",\"contentUrl\":\"https:\/\/secure.gravatar.com\/avatar\/68cfafa5f44617fea54071e215026e0ff06be366c3d54a8425f04fdcb86f8c5f?s=96&d=mm&r=g\",\"caption\":\"@sscc\"},\"url\":\"https:\/\/www.padreeustaquio.com.br\/es\/author\/sscc\/\"}]}<\/script>\n<!-- \/ Yoast SEO plugin. -->","yoast_head_json":{"title":"Ya est\u00e1n abiertas las inscripciones para las misas del 19 y 20 de septiembre - Padre Eust\u00e1quio","robots":{"index":"index","follow":"follow","max-snippet":"max-snippet:-1","max-image-preview":"max-image-preview:large","max-video-preview":"max-video-preview:-1"},"canonical":"https:\/\/www.padreeustaquio.com.br\/es\/ya-estan-abiertas-las-inscripciones-para-las-misas-del-19-y-20-de-septiembre\/","og_locale":"es_ES","og_type":"article","og_title":"Inscri\u00e7\u00f5es para missas dos dias 19 e 20 de setembro j\u00e1 est\u00e3o abertas - Padre Eust\u00e1quio","og_description":"As inscri\u00e7\u00f5es para as missas presenciais do pr\u00f3ximo final de semana, dias 19 e 20 de setembro j\u00e1 est\u00e3o dispon\u00edveis no site Sympla. Aqueles que quiserem participar das celebra\u00e7\u00f5es realizadas na igreja do Padre Eust\u00e1quio, precisam se inscrever antecipadamente. Para reservar um lugar na missa presencial, basta acessar\u00a0aqui\u00a0o site de ingressos, escolher a celebra\u00e7\u00e3o na qual deseja participar e fazer a inscri\u00e7\u00e3o. As missas dispon\u00edveis continuam sendo aos S\u00e1bados, \u00e0s 18h e aos Domingos, \u00e0s 7h30, 10h e 18h. Cada participante pode retirar at\u00e9 5 ingressos para cada celebra\u00e7\u00e3o. Vale lembrar que os cart\u00f5es continuam sendo distribu\u00eddos tamb\u00e9m na secretaria [&hellip;]","og_url":"https:\/\/www.padreeustaquio.com.br\/es\/ya-estan-abiertas-las-inscripciones-para-las-misas-del-19-y-20-de-septiembre\/","og_site_name":"Padre Eust\u00e1quio","article_publisher":"https:\/\/www.facebook.com\/beatopadreeustaquio\/","article_published_time":"2020-09-15T13:35:35+00:00","og_image":[{"width":1280,"height":944,"url":"https:\/\/www.padreeustaquio.com.br\/wp-content\/uploads\/2020\/09\/WhatsApp-Image-2019-07-04-at-13.20.49.jpeg","type":"image\/jpeg"}],"author":"@sscc","twitter_card":"summary_large_image","twitter_creator":"@beatopeustaquio","twitter_site":"@beatopeustaquio","twitter_misc":{"Escrito por":"@sscc","Tiempo de lectura":"3 minutos"},"schema":{"@context":"https:\/\/schema.org","@graph":[{"@type":"Article","@id":"https:\/\/www.padreeustaquio.com.br\/inscricoes-para-missas-dos-dias-19-e-20-de-setembro-ja-estao-abertas\/#article","isPartOf":{"@id":"https:\/\/www.padreeustaquio.com.br\/inscricoes-para-missas-dos-dias-19-e-20-de-setembro-ja-estao-abertas\/"},"author":{"name":"@sscc","@id":"https:\/\/www.padreeustaquio.com.br\/#\/schema\/person\/a2a51db1d00f1a7af0204a0f1ddb1566"},"headline":"Inscri\u00e7\u00f5es para missas dos dias 19 e 20 de setembro j\u00e1 est\u00e3o abertas","datePublished":"2020-09-15T13:35:35+00:00","mainEntityOfPage":{"@id":"https:\/\/www.padreeustaquio.com.br\/inscricoes-para-missas-dos-dias-19-e-20-de-setembro-ja-estao-abertas\/"},"wordCount":516,"commentCount":0,"publisher":{"@id":"https:\/\/www.padreeustaquio.com.br\/#organization"},"image":{"@id":"https:\/\/www.padreeustaquio.com.br\/inscricoes-para-missas-dos-dias-19-e-20-de-setembro-ja-estao-abertas\/#primaryimage"},"thumbnailUrl":"https:\/\/www.padreeustaquio.com.br\/wp-content\/uploads\/2020\/09\/WhatsApp-Image-2019-07-04-at-13.20.49.jpeg","articleSection":["Not\u00edcias"],"inLanguage":"es","potentialAction":[{"@type":"CommentAction","name":"Comment","target":["https:\/\/www.padreeustaquio.com.br\/inscricoes-para-missas-dos-dias-19-e-20-de-setembro-ja-estao-abertas\/#respond"]}]},{"@type":"WebPage","@id":"https:\/\/www.padreeustaquio.com.br\/inscricoes-para-missas-dos-dias-19-e-20-de-setembro-ja-estao-abertas\/","url":"https:\/\/www.padreeustaquio.com.br\/inscricoes-para-missas-dos-dias-19-e-20-de-setembro-ja-estao-abertas\/","name":"Ya est\u00e1n abiertas las inscripciones para las misas del 19 y 20 de septiembre - Padre Eust\u00e1quio","isPartOf":{"@id":"https:\/\/www.padreeustaquio.com.br\/#website"},"primaryImageOfPage":{"@id":"https:\/\/www.padreeustaquio.com.br\/inscricoes-para-missas-dos-dias-19-e-20-de-setembro-ja-estao-abertas\/#primaryimage"},"image":{"@id":"https:\/\/www.padreeustaquio.com.br\/inscricoes-para-missas-dos-dias-19-e-20-de-setembro-ja-estao-abertas\/#primaryimage"},"thumbnailUrl":"https:\/\/www.padreeustaquio.com.br\/wp-content\/uploads\/2020\/09\/WhatsApp-Image-2019-07-04-at-13.20.49.jpeg","datePublished":"2020-09-15T13:35:35+00:00","breadcrumb":{"@id":"https:\/\/www.padreeustaquio.com.br\/inscricoes-para-missas-dos-dias-19-e-20-de-setembro-ja-estao-abertas\/#breadcrumb"},"inLanguage":"es","potentialAction":[{"@type":"ReadAction","target":["https:\/\/www.padreeustaquio.com.br\/inscricoes-para-missas-dos-dias-19-e-20-de-setembro-ja-estao-abertas\/"]}]},{"@type":"ImageObject","inLanguage":"es","@id":"https:\/\/www.padreeustaquio.com.br\/inscricoes-para-missas-dos-dias-19-e-20-de-setembro-ja-estao-abertas\/#primaryimage","url":"https:\/\/www.padreeustaquio.com.br\/wp-content\/uploads\/2020\/09\/WhatsApp-Image-2019-07-04-at-13.20.49.jpeg","contentUrl":"https:\/\/www.padreeustaquio.com.br\/wp-content\/uploads\/2020\/09\/WhatsApp-Image-2019-07-04-at-13.20.49.jpeg","width":1280,"height":944},{"@type":"BreadcrumbList","@id":"https:\/\/www.padreeustaquio.com.br\/inscricoes-para-missas-dos-dias-19-e-20-de-setembro-ja-estao-abertas\/#breadcrumb","itemListElement":[{"@type":"ListItem","position":1,"name":"In\u00edcio","item":"https:\/\/www.padreeustaquio.com.br\/"},{"@type":"ListItem","position":2,"name":"Inscri\u00e7\u00f5es para missas dos dias 19 e 20 de setembro j\u00e1 est\u00e3o abertas"}]},{"@type":"WebSite","@id":"https:\/\/www.padreeustaquio.com.br\/#website","url":"https:\/\/www.padreeustaquio.com.br\/","name":"Padre Eustace","description":"Salud y Paz","publisher":{"@id":"https:\/\/www.padreeustaquio.com.br\/#organization"},"potentialAction":[{"@type":"SearchAction","target":{"@type":"EntryPoint","urlTemplate":"https:\/\/www.padreeustaquio.com.br\/?s={search_term_string}"},"query-input":{"@type":"PropertyValueSpecification","valueRequired":true,"valueName":"search_term_string"}}],"inLanguage":"es"},{"@type":"Organization","@id":"https:\/\/www.padreeustaquio.com.br\/#organization","name":"Padre Eustace","url":"https:\/\/www.padreeustaquio.com.br\/","logo":{"@type":"ImageObject","inLanguage":"es","@id":"https:\/\/www.padreeustaquio.com.br\/#\/schema\/logo\/image\/","url":"https:\/\/www.padreeustaquio.com.br\/wp-content\/uploads\/2019\/08\/marca.png","contentUrl":"https:\/\/www.padreeustaquio.com.br\/wp-content\/uploads\/2019\/08\/marca.png","width":350,"height":400,"caption":"Padre Eust\u00e1quio"},"image":{"@id":"https:\/\/www.padreeustaquio.com.br\/#\/schema\/logo\/image\/"},"sameAs":["https:\/\/www.facebook.com\/beatopadreeustaquio\/","https:\/\/x.com\/beatopeustaquio","https:\/\/www.instagram.com\/beatopadreeustaquio\/","https:\/\/www.youtube.com\/channel\/UCRhw7vfabnajwLxb1ZXMeIw"]},{"@type":"Person","@id":"https:\/\/www.padreeustaquio.com.br\/#\/schema\/person\/a2a51db1d00f1a7af0204a0f1ddb1566","name":"@sscc","image":{"@type":"ImageObject","inLanguage":"es","@id":"https:\/\/secure.gravatar.com\/avatar\/68cfafa5f44617fea54071e215026e0ff06be366c3d54a8425f04fdcb86f8c5f?s=96&d=mm&r=g","url":"https:\/\/secure.gravatar.com\/avatar\/68cfafa5f44617fea54071e215026e0ff06be366c3d54a8425f04fdcb86f8c5f?s=96&d=mm&r=g","contentUrl":"https:\/\/secure.gravatar.com\/avatar\/68cfafa5f44617fea54071e215026e0ff06be366c3d54a8425f04fdcb86f8c5f?s=96&d=mm&r=g","caption":"@sscc"},"url":"https:\/\/www.padreeustaquio.com.br\/es\/author\/sscc\/"}]}},"_links":{"self":[{"href":"https:\/\/www.padreeustaquio.com.br\/es\/wp-json\/wp\/v2\/posts\/4600","targetHints":{"allow":["GET"]}}],"collection":[{"href":"https:\/\/www.padreeustaquio.com.br\/es\/wp-json\/wp\/v2\/posts"}],"about":[{"href":"https:\/\/www.padreeustaquio.com.br\/es\/wp-json\/wp\/v2\/types\/post"}],"author":[{"embeddable":true,"href":"https:\/\/www.padreeustaquio.com.br\/es\/wp-json\/wp\/v2\/users\/2"}],"replies":[{"embeddable":true,"href":"https:\/\/www.padreeustaquio.com.br\/es\/wp-json\/wp\/v2\/comments?post=4600"}],"version-history":[{"count":0,"href":"https:\/\/www.padreeustaquio.com.br\/es\/wp-json\/wp\/v2\/posts\/4600\/revisions"}],"wp:featuredmedia":[{"embeddable":true,"href":"https:\/\/www.padreeustaquio.com.br\/es\/wp-json\/wp\/v2\/media\/4601"}],"wp:attachment":[{"href":"https:\/\/www.padreeustaquio.com.br\/es\/wp-json\/wp\/v2\/media?parent=4600"}],"wp:term":[{"taxonomy":"category","embeddable":true,"href":"https:\/\/www.padreeustaquio.com.br\/es\/wp-json\/wp\/v2\/categories?post=4600"},{"taxonomy":"post_tag","embeddable":true,"href":"https:\/\/www.padreeustaquio.com.br\/es\/wp-json\/wp\/v2\/tags?post=4600"}],"curies":[{"name":"wp","href":"https:\/\/api.w.org\/{rel}","templated":true}]}}