{"id":4588,"date":"2020-09-10T05:00:44","date_gmt":"2020-09-10T08:00:44","guid":{"rendered":"https:\/\/www.padreeustaquio.com.br\/?p=4588"},"modified":"2020-09-09T11:15:48","modified_gmt":"2020-09-09T14:15:48","slug":"los-devotos-tambien-pueden-registrarse-para-las-misas-en-persona-a-traves-de-sympla","status":"publish","type":"post","link":"https:\/\/www.padreeustaquio.com.br\/es\/los-devotos-tambien-pueden-registrarse-para-las-misas-en-persona-a-traves-de-sympla\/","title":{"rendered":"MISAS EN PERSONA \u2013 Los devotos tambi\u00e9n pueden registrarse a trav\u00e9s de Sympla."},"content":{"rendered":"<p>Quienes deseen asistir a las misas presenciales, que se celebran los s\u00e1bados y domingos en la iglesia del Padre Eust\u00e1quio, deben inscribirse con antelaci\u00f3n. Anteriormente, la inscripci\u00f3n solo era posible en persona en la secretar\u00eda parroquial, pero ahora tambi\u00e9n se puede realizar a trav\u00e9s de la plataforma Sympla.<\/p>\n<p>Para reservar un lugar en la misa en persona, simplemente visite [direcci\u00f3n del sitio web]. <a href=\"https:\/\/www.sympla.com.br\/missas-presenciais-na-igreja-do-padre-eustaquio---12-e-13-de-setembro__970937\">aqu\u00ed<\/a> En la p\u00e1gina web de venta de entradas, elija la celebraci\u00f3n a la que desea asistir y reg\u00edstrese. Las misas disponibles se siguen celebrando los s\u00e1bados a las 18:00 h y los domingos a las 7:30 h, 10:00 h y 18:00 h.<\/p>\n<p>Cada participante puede recoger hasta 5 boletos para cada celebraci\u00f3n. Es importante recordar que los boletos se siguen distribuyendo en la oficina parroquial de Belo Horizonte. Al inicio de cada semana, se generar\u00e1 un nuevo enlace con las misas del fin de semana. Al llegar a cada celebraci\u00f3n, la persona debe presentar el cup\u00f3n impreso o el que aparece en la pantalla de su celular.<\/p>\n<p>Las recomendaciones para participar siguen siendo las mismas. <a href=\"https:\/\/www.padreeustaquio.com.br\/es\/se-estan-empezando-a-distribuir-entradas-para-las-misas-presenciales-en-el-santuario\/\">Ver aqu\u00ed<\/a>.<\/p>\n<p>Las misas del s\u00e1bado (18:00 horas) y del domingo (10:00 y 18:00 horas) contin\u00faan transmiti\u00e9ndose en <a href=\"https:\/\/www.youtube.com\/channel\/UCRhw7vfabnajwLxb1ZXMeIw\">Canal Padre Eust\u00e1quio<\/a>. Por el momento, no habr\u00e1 misa presencial entre semana (de lunes a viernes), solo en l\u00ednea. Las intenciones de misa pueden enviarse a la oficina parroquial con antelaci\u00f3n o durante la misa a trav\u00e9s del chat (en el sitio web). <a href=\"https:\/\/www.youtube.com\/channel\/UCRhw7vfabnajwLxb1ZXMeIw\">YouTube<\/a>) o en los comentarios (de <a href=\"https:\/\/www.facebook.com\/beatopadreeustaquio\">Facebook<\/a>).<\/p>\n<p>Para m\u00e1s informaci\u00f3n llamar a la Secretar\u00eda Parroquial: (31) 3462-6557.<\/p>\n<p>\u00a1Salud y Paz!<\/p>","protected":false},"excerpt":{"rendered":"<p>Quem deseja participar das missas presenciais, realizadas aos s\u00e1bados e domingos na igreja do Padre Eust\u00e1quio, precisa se inscrever antecipadamente. Antes, o que s\u00f3 era poss\u00edvel de forma presencial, na secretaria da par\u00f3quia, agora tamb\u00e9m pode ser feito pela plataforma do Sympla. Para reservar um lugar na missa presencial, basta acessar aqui o site de ingressos, escolher a celebra\u00e7\u00e3o na qual deseja participar e fazer a inscri\u00e7\u00e3o. As missas dispon\u00edveis continuam sendo aos S\u00e1bados, \u00e0s 18h e aos Domingos, \u00e0s 7h30, 10h e 18h. Cada participante pode retirar at\u00e9 5 ingressos para cada celebra\u00e7\u00e3o. Vale lembrar que os cart\u00f5es continuam [&hellip;]<\/p>\n","protected":false},"author":2,"featured_media":4589,"comment_status":"open","ping_status":"open","sticky":false,"template":"","format":"standard","meta":{"_acf_changed":false,"footnotes":""},"categories":[611],"tags":[],"class_list":["post-4588","post","type-post","status-publish","format-standard","has-post-thumbnail","hentry","category-noticias"],"acf":[],"yoast_head":"<!-- This site is optimized with the Yoast SEO plugin v27.2 - https:\/\/yoast.com\/product\/yoast-seo-wordpress\/ -->\n<title>MISSAS PRESENCIAIS - Devotos tamb\u00e9m podem se inscrever pelo Sympla - Padre Eust\u00e1quio<\/title>\n<meta name=\"robots\" content=\"index, follow, max-snippet:-1, max-image-preview:large, max-video-preview:-1\" \/>\n<link rel=\"canonical\" href=\"https:\/\/www.padreeustaquio.com.br\/es\/los-devotos-tambien-pueden-registrarse-para-las-misas-en-persona-a-traves-de-sympla\/\" \/>\n<meta property=\"og:locale\" content=\"es_ES\" \/>\n<meta property=\"og:type\" content=\"article\" \/>\n<meta property=\"og:title\" content=\"MISSAS PRESENCIAIS - Devotos tamb\u00e9m podem se inscrever pelo Sympla - Padre Eust\u00e1quio\" \/>\n<meta property=\"og:description\" content=\"Quem deseja participar das missas presenciais, realizadas aos s\u00e1bados e domingos na igreja do Padre Eust\u00e1quio, precisa se inscrever antecipadamente. Antes, o que s\u00f3 era poss\u00edvel de forma presencial, na secretaria da par\u00f3quia, agora tamb\u00e9m pode ser feito pela plataforma do Sympla. Para reservar um lugar na missa presencial, basta acessar aqui o site de ingressos, escolher a celebra\u00e7\u00e3o na qual deseja participar e fazer a inscri\u00e7\u00e3o. As missas dispon\u00edveis continuam sendo aos S\u00e1bados, \u00e0s 18h e aos Domingos, \u00e0s 7h30, 10h e 18h. Cada participante pode retirar at\u00e9 5 ingressos para cada celebra\u00e7\u00e3o. Vale lembrar que os cart\u00f5es continuam [&hellip;]\" \/>\n<meta property=\"og:url\" content=\"https:\/\/www.padreeustaquio.com.br\/es\/los-devotos-tambien-pueden-registrarse-para-las-misas-en-persona-a-traves-de-sympla\/\" \/>\n<meta property=\"og:site_name\" content=\"Padre Eust\u00e1quio\" \/>\n<meta property=\"article:publisher\" content=\"https:\/\/www.facebook.com\/beatopadreeustaquio\/\" \/>\n<meta property=\"article:published_time\" content=\"2020-09-10T08:00:44+00:00\" \/>\n<meta property=\"og:image\" content=\"https:\/\/www.padreeustaquio.com.br\/wp-content\/uploads\/2020\/09\/WhatsApp-Image-2020-09-09-at-11.11.24.jpeg\" \/>\n\t<meta property=\"og:image:width\" content=\"1280\" \/>\n\t<meta property=\"og:image:height\" content=\"960\" \/>\n\t<meta property=\"og:image:type\" content=\"image\/jpeg\" \/>\n<meta name=\"author\" content=\"@sscc\" \/>\n<meta name=\"twitter:card\" content=\"summary_large_image\" \/>\n<meta name=\"twitter:creator\" content=\"@beatopeustaquio\" \/>\n<meta name=\"twitter:site\" content=\"@beatopeustaquio\" \/>\n<meta name=\"twitter:label1\" content=\"Escrito por\" \/>\n\t<meta name=\"twitter:data1\" content=\"@sscc\" \/>\n\t<meta name=\"twitter:label2\" content=\"Tiempo de lectura\" \/>\n\t<meta name=\"twitter:data2\" content=\"1 minuto\" \/>\n<script type=\"application\/ld+json\" class=\"yoast-schema-graph\">{\"@context\":\"https:\/\/schema.org\",\"@graph\":[{\"@type\":\"Article\",\"@id\":\"https:\/\/www.padreeustaquio.com.br\/missas-presenciais-devotos-tambem-podem-se-inscrever-pelo-sympla\/#article\",\"isPartOf\":{\"@id\":\"https:\/\/www.padreeustaquio.com.br\/missas-presenciais-devotos-tambem-podem-se-inscrever-pelo-sympla\/\"},\"author\":{\"name\":\"@sscc\",\"@id\":\"https:\/\/www.padreeustaquio.com.br\/#\/schema\/person\/a2a51db1d00f1a7af0204a0f1ddb1566\"},\"headline\":\"MISSAS PRESENCIAIS &#8211; Devotos tamb\u00e9m podem se inscrever pelo Sympla\",\"datePublished\":\"2020-09-10T08:00:44+00:00\",\"mainEntityOfPage\":{\"@id\":\"https:\/\/www.padreeustaquio.com.br\/missas-presenciais-devotos-tambem-podem-se-inscrever-pelo-sympla\/\"},\"wordCount\":256,\"commentCount\":0,\"publisher\":{\"@id\":\"https:\/\/www.padreeustaquio.com.br\/#organization\"},\"image\":{\"@id\":\"https:\/\/www.padreeustaquio.com.br\/missas-presenciais-devotos-tambem-podem-se-inscrever-pelo-sympla\/#primaryimage\"},\"thumbnailUrl\":\"https:\/\/www.padreeustaquio.com.br\/wp-content\/uploads\/2020\/09\/WhatsApp-Image-2020-09-09-at-11.11.24.jpeg\",\"articleSection\":[\"Not\u00edcias\"],\"inLanguage\":\"es\",\"potentialAction\":[{\"@type\":\"CommentAction\",\"name\":\"Comment\",\"target\":[\"https:\/\/www.padreeustaquio.com.br\/missas-presenciais-devotos-tambem-podem-se-inscrever-pelo-sympla\/#respond\"]}]},{\"@type\":\"WebPage\",\"@id\":\"https:\/\/www.padreeustaquio.com.br\/missas-presenciais-devotos-tambem-podem-se-inscrever-pelo-sympla\/\",\"url\":\"https:\/\/www.padreeustaquio.com.br\/missas-presenciais-devotos-tambem-podem-se-inscrever-pelo-sympla\/\",\"name\":\"MISSAS PRESENCIAIS - Devotos tamb\u00e9m podem se inscrever pelo Sympla - Padre Eust\u00e1quio\",\"isPartOf\":{\"@id\":\"https:\/\/www.padreeustaquio.com.br\/#website\"},\"primaryImageOfPage\":{\"@id\":\"https:\/\/www.padreeustaquio.com.br\/missas-presenciais-devotos-tambem-podem-se-inscrever-pelo-sympla\/#primaryimage\"},\"image\":{\"@id\":\"https:\/\/www.padreeustaquio.com.br\/missas-presenciais-devotos-tambem-podem-se-inscrever-pelo-sympla\/#primaryimage\"},\"thumbnailUrl\":\"https:\/\/www.padreeustaquio.com.br\/wp-content\/uploads\/2020\/09\/WhatsApp-Image-2020-09-09-at-11.11.24.jpeg\",\"datePublished\":\"2020-09-10T08:00:44+00:00\",\"breadcrumb\":{\"@id\":\"https:\/\/www.padreeustaquio.com.br\/missas-presenciais-devotos-tambem-podem-se-inscrever-pelo-sympla\/#breadcrumb\"},\"inLanguage\":\"es\",\"potentialAction\":[{\"@type\":\"ReadAction\",\"target\":[\"https:\/\/www.padreeustaquio.com.br\/missas-presenciais-devotos-tambem-podem-se-inscrever-pelo-sympla\/\"]}]},{\"@type\":\"ImageObject\",\"inLanguage\":\"es\",\"@id\":\"https:\/\/www.padreeustaquio.com.br\/missas-presenciais-devotos-tambem-podem-se-inscrever-pelo-sympla\/#primaryimage\",\"url\":\"https:\/\/www.padreeustaquio.com.br\/wp-content\/uploads\/2020\/09\/WhatsApp-Image-2020-09-09-at-11.11.24.jpeg\",\"contentUrl\":\"https:\/\/www.padreeustaquio.com.br\/wp-content\/uploads\/2020\/09\/WhatsApp-Image-2020-09-09-at-11.11.24.jpeg\",\"width\":1280,\"height\":960,\"caption\":\"M\u00e3o com celular mostra a p\u00e1gina do Sympla para retirada de ingressos para as missas presenciais.\"},{\"@type\":\"BreadcrumbList\",\"@id\":\"https:\/\/www.padreeustaquio.com.br\/missas-presenciais-devotos-tambem-podem-se-inscrever-pelo-sympla\/#breadcrumb\",\"itemListElement\":[{\"@type\":\"ListItem\",\"position\":1,\"name\":\"In\u00edcio\",\"item\":\"https:\/\/www.padreeustaquio.com.br\/\"},{\"@type\":\"ListItem\",\"position\":2,\"name\":\"MISSAS PRESENCIAIS &#8211; Devotos tamb\u00e9m podem se inscrever pelo Sympla\"}]},{\"@type\":\"WebSite\",\"@id\":\"https:\/\/www.padreeustaquio.com.br\/#website\",\"url\":\"https:\/\/www.padreeustaquio.com.br\/\",\"name\":\"Padre Eust\u00e1quio\",\"description\":\"Sa\u00fade e Paz\",\"publisher\":{\"@id\":\"https:\/\/www.padreeustaquio.com.br\/#organization\"},\"potentialAction\":[{\"@type\":\"SearchAction\",\"target\":{\"@type\":\"EntryPoint\",\"urlTemplate\":\"https:\/\/www.padreeustaquio.com.br\/?s={search_term_string}\"},\"query-input\":{\"@type\":\"PropertyValueSpecification\",\"valueRequired\":true,\"valueName\":\"search_term_string\"}}],\"inLanguage\":\"es\"},{\"@type\":\"Organization\",\"@id\":\"https:\/\/www.padreeustaquio.com.br\/#organization\",\"name\":\"Padre Eust\u00e1quio\",\"url\":\"https:\/\/www.padreeustaquio.com.br\/\",\"logo\":{\"@type\":\"ImageObject\",\"inLanguage\":\"es\",\"@id\":\"https:\/\/www.padreeustaquio.com.br\/#\/schema\/logo\/image\/\",\"url\":\"https:\/\/www.padreeustaquio.com.br\/wp-content\/uploads\/2019\/08\/marca.png\",\"contentUrl\":\"https:\/\/www.padreeustaquio.com.br\/wp-content\/uploads\/2019\/08\/marca.png\",\"width\":350,\"height\":400,\"caption\":\"Padre Eust\u00e1quio\"},\"image\":{\"@id\":\"https:\/\/www.padreeustaquio.com.br\/#\/schema\/logo\/image\/\"},\"sameAs\":[\"https:\/\/www.facebook.com\/beatopadreeustaquio\/\",\"https:\/\/x.com\/beatopeustaquio\",\"https:\/\/www.instagram.com\/beatopadreeustaquio\/\",\"https:\/\/www.youtube.com\/channel\/UCRhw7vfabnajwLxb1ZXMeIw\"]},{\"@type\":\"Person\",\"@id\":\"https:\/\/www.padreeustaquio.com.br\/#\/schema\/person\/a2a51db1d00f1a7af0204a0f1ddb1566\",\"name\":\"@sscc\",\"image\":{\"@type\":\"ImageObject\",\"inLanguage\":\"es\",\"@id\":\"https:\/\/secure.gravatar.com\/avatar\/68cfafa5f44617fea54071e215026e0ff06be366c3d54a8425f04fdcb86f8c5f?s=96&d=mm&r=g\",\"url\":\"https:\/\/secure.gravatar.com\/avatar\/68cfafa5f44617fea54071e215026e0ff06be366c3d54a8425f04fdcb86f8c5f?s=96&d=mm&r=g\",\"contentUrl\":\"https:\/\/secure.gravatar.com\/avatar\/68cfafa5f44617fea54071e215026e0ff06be366c3d54a8425f04fdcb86f8c5f?s=96&d=mm&r=g\",\"caption\":\"@sscc\"},\"url\":\"https:\/\/www.padreeustaquio.com.br\/es\/author\/sscc\/\"}]}<\/script>\n<!-- \/ Yoast SEO plugin. -->","yoast_head_json":{"title":"Misas presenciales - Los devotos tambi\u00e9n pueden registrarse v\u00eda Sympla - Padre Eust\u00e1quio","robots":{"index":"index","follow":"follow","max-snippet":"max-snippet:-1","max-image-preview":"max-image-preview:large","max-video-preview":"max-video-preview:-1"},"canonical":"https:\/\/www.padreeustaquio.com.br\/es\/los-devotos-tambien-pueden-registrarse-para-las-misas-en-persona-a-traves-de-sympla\/","og_locale":"es_ES","og_type":"article","og_title":"MISSAS PRESENCIAIS - Devotos tamb\u00e9m podem se inscrever pelo Sympla - Padre Eust\u00e1quio","og_description":"Quem deseja participar das missas presenciais, realizadas aos s\u00e1bados e domingos na igreja do Padre Eust\u00e1quio, precisa se inscrever antecipadamente. Antes, o que s\u00f3 era poss\u00edvel de forma presencial, na secretaria da par\u00f3quia, agora tamb\u00e9m pode ser feito pela plataforma do Sympla. Para reservar um lugar na missa presencial, basta acessar aqui o site de ingressos, escolher a celebra\u00e7\u00e3o na qual deseja participar e fazer a inscri\u00e7\u00e3o. As missas dispon\u00edveis continuam sendo aos S\u00e1bados, \u00e0s 18h e aos Domingos, \u00e0s 7h30, 10h e 18h. Cada participante pode retirar at\u00e9 5 ingressos para cada celebra\u00e7\u00e3o. Vale lembrar que os cart\u00f5es continuam [&hellip;]","og_url":"https:\/\/www.padreeustaquio.com.br\/es\/los-devotos-tambien-pueden-registrarse-para-las-misas-en-persona-a-traves-de-sympla\/","og_site_name":"Padre Eust\u00e1quio","article_publisher":"https:\/\/www.facebook.com\/beatopadreeustaquio\/","article_published_time":"2020-09-10T08:00:44+00:00","og_image":[{"width":1280,"height":960,"url":"https:\/\/www.padreeustaquio.com.br\/wp-content\/uploads\/2020\/09\/WhatsApp-Image-2020-09-09-at-11.11.24.jpeg","type":"image\/jpeg"}],"author":"@sscc","twitter_card":"summary_large_image","twitter_creator":"@beatopeustaquio","twitter_site":"@beatopeustaquio","twitter_misc":{"Escrito por":"@sscc","Tiempo de lectura":"1 minuto"},"schema":{"@context":"https:\/\/schema.org","@graph":[{"@type":"Article","@id":"https:\/\/www.padreeustaquio.com.br\/missas-presenciais-devotos-tambem-podem-se-inscrever-pelo-sympla\/#article","isPartOf":{"@id":"https:\/\/www.padreeustaquio.com.br\/missas-presenciais-devotos-tambem-podem-se-inscrever-pelo-sympla\/"},"author":{"name":"@sscc","@id":"https:\/\/www.padreeustaquio.com.br\/#\/schema\/person\/a2a51db1d00f1a7af0204a0f1ddb1566"},"headline":"MISSAS PRESENCIAIS &#8211; Devotos tamb\u00e9m podem se inscrever pelo Sympla","datePublished":"2020-09-10T08:00:44+00:00","mainEntityOfPage":{"@id":"https:\/\/www.padreeustaquio.com.br\/missas-presenciais-devotos-tambem-podem-se-inscrever-pelo-sympla\/"},"wordCount":256,"commentCount":0,"publisher":{"@id":"https:\/\/www.padreeustaquio.com.br\/#organization"},"image":{"@id":"https:\/\/www.padreeustaquio.com.br\/missas-presenciais-devotos-tambem-podem-se-inscrever-pelo-sympla\/#primaryimage"},"thumbnailUrl":"https:\/\/www.padreeustaquio.com.br\/wp-content\/uploads\/2020\/09\/WhatsApp-Image-2020-09-09-at-11.11.24.jpeg","articleSection":["Not\u00edcias"],"inLanguage":"es","potentialAction":[{"@type":"CommentAction","name":"Comment","target":["https:\/\/www.padreeustaquio.com.br\/missas-presenciais-devotos-tambem-podem-se-inscrever-pelo-sympla\/#respond"]}]},{"@type":"WebPage","@id":"https:\/\/www.padreeustaquio.com.br\/missas-presenciais-devotos-tambem-podem-se-inscrever-pelo-sympla\/","url":"https:\/\/www.padreeustaquio.com.br\/missas-presenciais-devotos-tambem-podem-se-inscrever-pelo-sympla\/","name":"Misas presenciales - Los devotos tambi\u00e9n pueden registrarse v\u00eda Sympla - Padre Eust\u00e1quio","isPartOf":{"@id":"https:\/\/www.padreeustaquio.com.br\/#website"},"primaryImageOfPage":{"@id":"https:\/\/www.padreeustaquio.com.br\/missas-presenciais-devotos-tambem-podem-se-inscrever-pelo-sympla\/#primaryimage"},"image":{"@id":"https:\/\/www.padreeustaquio.com.br\/missas-presenciais-devotos-tambem-podem-se-inscrever-pelo-sympla\/#primaryimage"},"thumbnailUrl":"https:\/\/www.padreeustaquio.com.br\/wp-content\/uploads\/2020\/09\/WhatsApp-Image-2020-09-09-at-11.11.24.jpeg","datePublished":"2020-09-10T08:00:44+00:00","breadcrumb":{"@id":"https:\/\/www.padreeustaquio.com.br\/missas-presenciais-devotos-tambem-podem-se-inscrever-pelo-sympla\/#breadcrumb"},"inLanguage":"es","potentialAction":[{"@type":"ReadAction","target":["https:\/\/www.padreeustaquio.com.br\/missas-presenciais-devotos-tambem-podem-se-inscrever-pelo-sympla\/"]}]},{"@type":"ImageObject","inLanguage":"es","@id":"https:\/\/www.padreeustaquio.com.br\/missas-presenciais-devotos-tambem-podem-se-inscrever-pelo-sympla\/#primaryimage","url":"https:\/\/www.padreeustaquio.com.br\/wp-content\/uploads\/2020\/09\/WhatsApp-Image-2020-09-09-at-11.11.24.jpeg","contentUrl":"https:\/\/www.padreeustaquio.com.br\/wp-content\/uploads\/2020\/09\/WhatsApp-Image-2020-09-09-at-11.11.24.jpeg","width":1280,"height":960,"caption":"M\u00e3o com celular mostra a p\u00e1gina do Sympla para retirada de ingressos para as missas presenciais."},{"@type":"BreadcrumbList","@id":"https:\/\/www.padreeustaquio.com.br\/missas-presenciais-devotos-tambem-podem-se-inscrever-pelo-sympla\/#breadcrumb","itemListElement":[{"@type":"ListItem","position":1,"name":"In\u00edcio","item":"https:\/\/www.padreeustaquio.com.br\/"},{"@type":"ListItem","position":2,"name":"MISSAS PRESENCIAIS &#8211; Devotos tamb\u00e9m podem se inscrever pelo Sympla"}]},{"@type":"WebSite","@id":"https:\/\/www.padreeustaquio.com.br\/#website","url":"https:\/\/www.padreeustaquio.com.br\/","name":"Padre Eustace","description":"Salud y Paz","publisher":{"@id":"https:\/\/www.padreeustaquio.com.br\/#organization"},"potentialAction":[{"@type":"SearchAction","target":{"@type":"EntryPoint","urlTemplate":"https:\/\/www.padreeustaquio.com.br\/?s={search_term_string}"},"query-input":{"@type":"PropertyValueSpecification","valueRequired":true,"valueName":"search_term_string"}}],"inLanguage":"es"},{"@type":"Organization","@id":"https:\/\/www.padreeustaquio.com.br\/#organization","name":"Padre Eustace","url":"https:\/\/www.padreeustaquio.com.br\/","logo":{"@type":"ImageObject","inLanguage":"es","@id":"https:\/\/www.padreeustaquio.com.br\/#\/schema\/logo\/image\/","url":"https:\/\/www.padreeustaquio.com.br\/wp-content\/uploads\/2019\/08\/marca.png","contentUrl":"https:\/\/www.padreeustaquio.com.br\/wp-content\/uploads\/2019\/08\/marca.png","width":350,"height":400,"caption":"Padre Eust\u00e1quio"},"image":{"@id":"https:\/\/www.padreeustaquio.com.br\/#\/schema\/logo\/image\/"},"sameAs":["https:\/\/www.facebook.com\/beatopadreeustaquio\/","https:\/\/x.com\/beatopeustaquio","https:\/\/www.instagram.com\/beatopadreeustaquio\/","https:\/\/www.youtube.com\/channel\/UCRhw7vfabnajwLxb1ZXMeIw"]},{"@type":"Person","@id":"https:\/\/www.padreeustaquio.com.br\/#\/schema\/person\/a2a51db1d00f1a7af0204a0f1ddb1566","name":"@sscc","image":{"@type":"ImageObject","inLanguage":"es","@id":"https:\/\/secure.gravatar.com\/avatar\/68cfafa5f44617fea54071e215026e0ff06be366c3d54a8425f04fdcb86f8c5f?s=96&d=mm&r=g","url":"https:\/\/secure.gravatar.com\/avatar\/68cfafa5f44617fea54071e215026e0ff06be366c3d54a8425f04fdcb86f8c5f?s=96&d=mm&r=g","contentUrl":"https:\/\/secure.gravatar.com\/avatar\/68cfafa5f44617fea54071e215026e0ff06be366c3d54a8425f04fdcb86f8c5f?s=96&d=mm&r=g","caption":"@sscc"},"url":"https:\/\/www.padreeustaquio.com.br\/es\/author\/sscc\/"}]}},"_links":{"self":[{"href":"https:\/\/www.padreeustaquio.com.br\/es\/wp-json\/wp\/v2\/posts\/4588","targetHints":{"allow":["GET"]}}],"collection":[{"href":"https:\/\/www.padreeustaquio.com.br\/es\/wp-json\/wp\/v2\/posts"}],"about":[{"href":"https:\/\/www.padreeustaquio.com.br\/es\/wp-json\/wp\/v2\/types\/post"}],"author":[{"embeddable":true,"href":"https:\/\/www.padreeustaquio.com.br\/es\/wp-json\/wp\/v2\/users\/2"}],"replies":[{"embeddable":true,"href":"https:\/\/www.padreeustaquio.com.br\/es\/wp-json\/wp\/v2\/comments?post=4588"}],"version-history":[{"count":0,"href":"https:\/\/www.padreeustaquio.com.br\/es\/wp-json\/wp\/v2\/posts\/4588\/revisions"}],"wp:featuredmedia":[{"embeddable":true,"href":"https:\/\/www.padreeustaquio.com.br\/es\/wp-json\/wp\/v2\/media\/4589"}],"wp:attachment":[{"href":"https:\/\/www.padreeustaquio.com.br\/es\/wp-json\/wp\/v2\/media?parent=4588"}],"wp:term":[{"taxonomy":"category","embeddable":true,"href":"https:\/\/www.padreeustaquio.com.br\/es\/wp-json\/wp\/v2\/categories?post=4588"},{"taxonomy":"post_tag","embeddable":true,"href":"https:\/\/www.padreeustaquio.com.br\/es\/wp-json\/wp\/v2\/tags?post=4588"}],"curies":[{"name":"wp","href":"https:\/\/api.w.org\/{rel}","templated":true}]}}