{"id":4567,"date":"2020-09-03T15:17:07","date_gmt":"2020-09-03T18:17:07","guid":{"rendered":"https:\/\/www.padreeustaquio.com.br\/?p=4567"},"modified":"2020-09-03T15:17:07","modified_gmt":"2020-09-03T18:17:07","slug":"se-estan-empezando-a-distribuir-entradas-para-las-misas-presenciales-en-el-santuario","status":"publish","type":"post","link":"https:\/\/www.padreeustaquio.com.br\/es\/se-estan-empezando-a-distribuir-entradas-para-las-misas-presenciales-en-el-santuario\/","title":{"rendered":"Ya se est\u00e1n distribuyendo entradas para las misas presenciales en el Santuario."},"content":{"rendered":"<p>Las misas presenciales en el Santuario de Salud y Paz se reanudar\u00e1n el pr\u00f3ximo fin de semana. Inicialmente, se celebrar\u00e1n los s\u00e1bados a las 18:00 h y los domingos a las 7:30 h, 10:00 h y 18:00 h. Durante la semana, las celebraciones continuar\u00e1n \u00fanicamente en l\u00ednea. <a href=\"https:\/\/www.youtube.com\/channel\/UCRhw7vfabnajwLxb1ZXMeIw\">Canal Padre Eust\u00e1quio<\/a>, de YouTube, sin la presencia de fieles.<\/p>\n<p>Dado que la recomendaci\u00f3n principal sigue siendo que la gente se quede en casa, especialmente los ni\u00f1os, los adultos mayores de 60 a\u00f1os y cualquier persona en riesgo, los servicios (s\u00e1bado a las 18:00 h y domingo a las 10:00 h y 18:00 h) seguir\u00e1n transmiti\u00e9ndose por YouTube. De lunes a viernes, las misas se celebrar\u00e1n a las 19:00 h, solo en l\u00ednea, sin congregaci\u00f3n.<\/p>\n<p>La inscripci\u00f3n para las celebraciones se realizar\u00e1 siempre en persona en la oficina parroquial a partir del mi\u00e9rcoles de cada semana. Cada persona puede inscribir un m\u00e1ximo de 4 personas, y las normas son las mismas para todos, incluyendo el equipo de liturgia, el coro y los ministros. Se inscribir\u00e1 un total de 160 personas para participar en cada misa. El uso de mascarillas es obligatorio para entrar a la iglesia y durante toda la estancia en el templo.<\/p>\n<p>La oficina parroquial est\u00e1 abierta de lunes a viernes de 8:00 a 12:00 y de 13:00 a 17:00. Los s\u00e1bados, hasta las 12:00.<\/p>\n<p><em><strong>VER LAS DIRECTRICES GENERALES<\/strong><\/em><\/p>\n<ol>\n<li>Las misas se llevar\u00e1n a cabo en los siguientes horarios: s\u00e1bado 6:00 p. m., domingo 7:30 a. m., 10 a. m. y 6:00 p. m.;<\/li>\n<li>Las misas de las 10, 18 y 19 horas ser\u00e1n transmitidas por el Canal de YouTube del Padre Eust\u00e1quio;<\/li>\n<li>Recomendamos que los ni\u00f1os y las personas mayores de 60 a\u00f1os, as\u00ed como cualquier persona con restricciones de salud, eviten la participaci\u00f3n en persona.;<\/li>\n<li>Es necesario identificarse con antelaci\u00f3n y recoger las tarjetas espec\u00edficas para cada celebraci\u00f3n en la oficina parroquial. Cada persona puede recoger hasta cuatro tarjetas, especialmente para su grupo familiar. Las tarjetas para el fin de semana en cuesti\u00f3n estar\u00e1n disponibles a partir del mi\u00e9rcoles.;<\/li>\n<li>Llegar 30 minutos antes para la organizaci\u00f3n y el ingreso al lugar;<\/li>\n<li>Como medida preventiva, se tomar\u00e1 la temperatura a los fieles. No se permitir\u00e1 la participaci\u00f3n en las celebraciones a quienes tengan una temperatura de 37.8 \u00b0C o superior. Es obligatorio desinfectar los zapatos y las manos antes de entrar. Por favor, traiga tambi\u00e9n su propio desinfectante de manos.;<\/li>\n<li>Todos los fieles deben usar m\u00e1scaras protectoras mientras est\u00e9n dentro de la iglesia;<\/li>\n<li>Ocupa los asientos disponibles por orden de llegada y mant\u00e9n la distancia social indicada, incluso si est\u00e1s en familia;<\/li>\n<li>La comuni\u00f3n se distribuir\u00e1 \u00fanicamente en la mano;<\/li>\n<li>En el momento de la comuni\u00f3n, moverse lo menos posible, esperando el turno manteniendo la distancia indicada por las marcas en el suelo;<\/li>\n<li>Durante el Padre Nuestro no se deben tomar las manos ni hacer el Signo de la Paz.;<\/li>\n<li>Intente planificar con anticipaci\u00f3n para no tener que usar los ba\u00f1os;<\/li>\n<li>Traiga su propia botella de agua ya que las fuentes de agua est\u00e1n fuera de servicio.;<\/li>\n<li>Siga las instrucciones de los voluntarios, que est\u00e1n disponibles para ayudar;<\/li>\n<\/ol>\n<p>Para m\u00e1s informaci\u00f3n llame a la oficina parroquial: (31) 3462-6557. <a href=\"https:\/\/www.padreeustaquio.com.br\/es\/santuario-de-salud-y-paz\/\">Ver aqu\u00ed<\/a> C\u00f3mo llegar al Santuario de Belo Horizonte.<\/p>","protected":false},"excerpt":{"rendered":"<p>As missas presenciais no Santu\u00e1rio Sa\u00fade e Paz, ser\u00e3o retomadas no pr\u00f3ximo fim de semana. A princ\u00edpio, elas ser\u00e3o realizadas aos s\u00e1bados, \u00e0s 18h e aos domingos, \u00e0s 7h30,\u00a0 \u00e0s 10h e \u00e0s 18h.\u00a0 Durante a semana, as celebra\u00e7\u00f5es continuam somente pelo Canal Padre Eust\u00e1quio, do YouTube, sem a presen\u00e7a de fi\u00e9is. Como a primeira recomenda\u00e7\u00e3o ainda \u00e9 para que as pessoas permane\u00e7am em casa, principalmente crian\u00e7as, adultos maiores de 60 anos e todas as pessoas com algum risco, as celebra\u00e7\u00f5es (do s\u00e1bado, \u00e0s 18h, e domingo \u00a0\u00e0s 10h e \u00e0s 18h) continuar\u00e3o a ser transmitidas pelo YouTube. De segunda [&hellip;]<\/p>\n","protected":false},"author":2,"featured_media":4568,"comment_status":"open","ping_status":"open","sticky":false,"template":"","format":"standard","meta":{"_acf_changed":false,"footnotes":""},"categories":[611],"tags":[],"class_list":["post-4567","post","type-post","status-publish","format-standard","has-post-thumbnail","hentry","category-noticias"],"acf":[],"yoast_head":"<!-- This site is optimized with the Yoast SEO plugin v27.2 - https:\/\/yoast.com\/product\/yoast-seo-wordpress\/ -->\n<title>Senhas come\u00e7am a ser distribu\u00eddas para missas presenciais no Santu\u00e1rio - Padre Eust\u00e1quio<\/title>\n<meta name=\"robots\" content=\"index, follow, max-snippet:-1, max-image-preview:large, max-video-preview:-1\" \/>\n<link rel=\"canonical\" href=\"https:\/\/www.padreeustaquio.com.br\/es\/se-estan-empezando-a-distribuir-entradas-para-las-misas-presenciales-en-el-santuario\/\" \/>\n<meta property=\"og:locale\" content=\"es_ES\" \/>\n<meta property=\"og:type\" content=\"article\" \/>\n<meta property=\"og:title\" content=\"Senhas come\u00e7am a ser distribu\u00eddas para missas presenciais no Santu\u00e1rio - Padre Eust\u00e1quio\" \/>\n<meta property=\"og:description\" content=\"As missas presenciais no Santu\u00e1rio Sa\u00fade e Paz, ser\u00e3o retomadas no pr\u00f3ximo fim de semana. A princ\u00edpio, elas ser\u00e3o realizadas aos s\u00e1bados, \u00e0s 18h e aos domingos, \u00e0s 7h30,\u00a0 \u00e0s 10h e \u00e0s 18h.\u00a0 Durante a semana, as celebra\u00e7\u00f5es continuam somente pelo Canal Padre Eust\u00e1quio, do YouTube, sem a presen\u00e7a de fi\u00e9is. Como a primeira recomenda\u00e7\u00e3o ainda \u00e9 para que as pessoas permane\u00e7am em casa, principalmente crian\u00e7as, adultos maiores de 60 anos e todas as pessoas com algum risco, as celebra\u00e7\u00f5es (do s\u00e1bado, \u00e0s 18h, e domingo \u00a0\u00e0s 10h e \u00e0s 18h) continuar\u00e3o a ser transmitidas pelo YouTube. De segunda [&hellip;]\" \/>\n<meta property=\"og:url\" content=\"https:\/\/www.padreeustaquio.com.br\/es\/se-estan-empezando-a-distribuir-entradas-para-las-misas-presenciales-en-el-santuario\/\" \/>\n<meta property=\"og:site_name\" content=\"Padre Eust\u00e1quio\" \/>\n<meta property=\"article:publisher\" content=\"https:\/\/www.facebook.com\/beatopadreeustaquio\/\" \/>\n<meta property=\"article:published_time\" content=\"2020-09-03T18:17:07+00:00\" \/>\n<meta property=\"og:image\" content=\"https:\/\/www.padreeustaquio.com.br\/wp-content\/uploads\/2020\/09\/WhatsApp-Image-2020-09-03-at-14.10.53.jpeg\" \/>\n\t<meta property=\"og:image:width\" content=\"1032\" \/>\n\t<meta property=\"og:image:height\" content=\"774\" \/>\n\t<meta property=\"og:image:type\" content=\"image\/jpeg\" \/>\n<meta name=\"author\" content=\"@sscc\" \/>\n<meta name=\"twitter:card\" content=\"summary_large_image\" \/>\n<meta name=\"twitter:creator\" content=\"@beatopeustaquio\" \/>\n<meta name=\"twitter:site\" content=\"@beatopeustaquio\" \/>\n<meta name=\"twitter:label1\" content=\"Escrito por\" \/>\n\t<meta name=\"twitter:data1\" content=\"@sscc\" \/>\n\t<meta name=\"twitter:label2\" content=\"Tiempo de lectura\" \/>\n\t<meta name=\"twitter:data2\" content=\"3 minutos\" \/>\n<script type=\"application\/ld+json\" class=\"yoast-schema-graph\">{\"@context\":\"https:\/\/schema.org\",\"@graph\":[{\"@type\":\"Article\",\"@id\":\"https:\/\/www.padreeustaquio.com.br\/senhas-comecam-a-ser-distribuidas-para-missas-presenciais-no-santuario\/#article\",\"isPartOf\":{\"@id\":\"https:\/\/www.padreeustaquio.com.br\/senhas-comecam-a-ser-distribuidas-para-missas-presenciais-no-santuario\/\"},\"author\":{\"name\":\"@sscc\",\"@id\":\"https:\/\/www.padreeustaquio.com.br\/#\/schema\/person\/a2a51db1d00f1a7af0204a0f1ddb1566\"},\"headline\":\"Senhas come\u00e7am a ser distribu\u00eddas para missas presenciais no Santu\u00e1rio\",\"datePublished\":\"2020-09-03T18:17:07+00:00\",\"mainEntityOfPage\":{\"@id\":\"https:\/\/www.padreeustaquio.com.br\/senhas-comecam-a-ser-distribuidas-para-missas-presenciais-no-santuario\/\"},\"wordCount\":575,\"commentCount\":0,\"publisher\":{\"@id\":\"https:\/\/www.padreeustaquio.com.br\/#organization\"},\"image\":{\"@id\":\"https:\/\/www.padreeustaquio.com.br\/senhas-comecam-a-ser-distribuidas-para-missas-presenciais-no-santuario\/#primaryimage\"},\"thumbnailUrl\":\"https:\/\/www.padreeustaquio.com.br\/wp-content\/uploads\/2020\/09\/WhatsApp-Image-2020-09-03-at-14.10.53.jpeg\",\"articleSection\":[\"Not\u00edcias\"],\"inLanguage\":\"es\",\"potentialAction\":[{\"@type\":\"CommentAction\",\"name\":\"Comment\",\"target\":[\"https:\/\/www.padreeustaquio.com.br\/senhas-comecam-a-ser-distribuidas-para-missas-presenciais-no-santuario\/#respond\"]}]},{\"@type\":\"WebPage\",\"@id\":\"https:\/\/www.padreeustaquio.com.br\/senhas-comecam-a-ser-distribuidas-para-missas-presenciais-no-santuario\/\",\"url\":\"https:\/\/www.padreeustaquio.com.br\/senhas-comecam-a-ser-distribuidas-para-missas-presenciais-no-santuario\/\",\"name\":\"Senhas come\u00e7am a ser distribu\u00eddas para missas presenciais no Santu\u00e1rio - Padre Eust\u00e1quio\",\"isPartOf\":{\"@id\":\"https:\/\/www.padreeustaquio.com.br\/#website\"},\"primaryImageOfPage\":{\"@id\":\"https:\/\/www.padreeustaquio.com.br\/senhas-comecam-a-ser-distribuidas-para-missas-presenciais-no-santuario\/#primaryimage\"},\"image\":{\"@id\":\"https:\/\/www.padreeustaquio.com.br\/senhas-comecam-a-ser-distribuidas-para-missas-presenciais-no-santuario\/#primaryimage\"},\"thumbnailUrl\":\"https:\/\/www.padreeustaquio.com.br\/wp-content\/uploads\/2020\/09\/WhatsApp-Image-2020-09-03-at-14.10.53.jpeg\",\"datePublished\":\"2020-09-03T18:17:07+00:00\",\"breadcrumb\":{\"@id\":\"https:\/\/www.padreeustaquio.com.br\/senhas-comecam-a-ser-distribuidas-para-missas-presenciais-no-santuario\/#breadcrumb\"},\"inLanguage\":\"es\",\"potentialAction\":[{\"@type\":\"ReadAction\",\"target\":[\"https:\/\/www.padreeustaquio.com.br\/senhas-comecam-a-ser-distribuidas-para-missas-presenciais-no-santuario\/\"]}]},{\"@type\":\"ImageObject\",\"inLanguage\":\"es\",\"@id\":\"https:\/\/www.padreeustaquio.com.br\/senhas-comecam-a-ser-distribuidas-para-missas-presenciais-no-santuario\/#primaryimage\",\"url\":\"https:\/\/www.padreeustaquio.com.br\/wp-content\/uploads\/2020\/09\/WhatsApp-Image-2020-09-03-at-14.10.53.jpeg\",\"contentUrl\":\"https:\/\/www.padreeustaquio.com.br\/wp-content\/uploads\/2020\/09\/WhatsApp-Image-2020-09-03-at-14.10.53.jpeg\",\"width\":1032,\"height\":774,\"caption\":\"Uma m\u00e3o segura duas senhas para participa\u00e7\u00e3o das missas presenciais do Santu\u00e1rio\"},{\"@type\":\"BreadcrumbList\",\"@id\":\"https:\/\/www.padreeustaquio.com.br\/senhas-comecam-a-ser-distribuidas-para-missas-presenciais-no-santuario\/#breadcrumb\",\"itemListElement\":[{\"@type\":\"ListItem\",\"position\":1,\"name\":\"In\u00edcio\",\"item\":\"https:\/\/www.padreeustaquio.com.br\/\"},{\"@type\":\"ListItem\",\"position\":2,\"name\":\"Senhas come\u00e7am a ser distribu\u00eddas para missas presenciais no Santu\u00e1rio\"}]},{\"@type\":\"WebSite\",\"@id\":\"https:\/\/www.padreeustaquio.com.br\/#website\",\"url\":\"https:\/\/www.padreeustaquio.com.br\/\",\"name\":\"Padre Eust\u00e1quio\",\"description\":\"Sa\u00fade e Paz\",\"publisher\":{\"@id\":\"https:\/\/www.padreeustaquio.com.br\/#organization\"},\"potentialAction\":[{\"@type\":\"SearchAction\",\"target\":{\"@type\":\"EntryPoint\",\"urlTemplate\":\"https:\/\/www.padreeustaquio.com.br\/?s={search_term_string}\"},\"query-input\":{\"@type\":\"PropertyValueSpecification\",\"valueRequired\":true,\"valueName\":\"search_term_string\"}}],\"inLanguage\":\"es\"},{\"@type\":\"Organization\",\"@id\":\"https:\/\/www.padreeustaquio.com.br\/#organization\",\"name\":\"Padre Eust\u00e1quio\",\"url\":\"https:\/\/www.padreeustaquio.com.br\/\",\"logo\":{\"@type\":\"ImageObject\",\"inLanguage\":\"es\",\"@id\":\"https:\/\/www.padreeustaquio.com.br\/#\/schema\/logo\/image\/\",\"url\":\"https:\/\/www.padreeustaquio.com.br\/wp-content\/uploads\/2019\/08\/marca.png\",\"contentUrl\":\"https:\/\/www.padreeustaquio.com.br\/wp-content\/uploads\/2019\/08\/marca.png\",\"width\":350,\"height\":400,\"caption\":\"Padre Eust\u00e1quio\"},\"image\":{\"@id\":\"https:\/\/www.padreeustaquio.com.br\/#\/schema\/logo\/image\/\"},\"sameAs\":[\"https:\/\/www.facebook.com\/beatopadreeustaquio\/\",\"https:\/\/x.com\/beatopeustaquio\",\"https:\/\/www.instagram.com\/beatopadreeustaquio\/\",\"https:\/\/www.youtube.com\/channel\/UCRhw7vfabnajwLxb1ZXMeIw\"]},{\"@type\":\"Person\",\"@id\":\"https:\/\/www.padreeustaquio.com.br\/#\/schema\/person\/a2a51db1d00f1a7af0204a0f1ddb1566\",\"name\":\"@sscc\",\"image\":{\"@type\":\"ImageObject\",\"inLanguage\":\"es\",\"@id\":\"https:\/\/secure.gravatar.com\/avatar\/68cfafa5f44617fea54071e215026e0ff06be366c3d54a8425f04fdcb86f8c5f?s=96&d=mm&r=g\",\"url\":\"https:\/\/secure.gravatar.com\/avatar\/68cfafa5f44617fea54071e215026e0ff06be366c3d54a8425f04fdcb86f8c5f?s=96&d=mm&r=g\",\"contentUrl\":\"https:\/\/secure.gravatar.com\/avatar\/68cfafa5f44617fea54071e215026e0ff06be366c3d54a8425f04fdcb86f8c5f?s=96&d=mm&r=g\",\"caption\":\"@sscc\"},\"url\":\"https:\/\/www.padreeustaquio.com.br\/es\/author\/sscc\/\"}]}<\/script>\n<!-- \/ Yoast SEO plugin. -->","yoast_head_json":{"title":"Ya se est\u00e1n distribuyendo entradas para las misas presenciales en el Santuario - Padre Eust\u00e1quio","robots":{"index":"index","follow":"follow","max-snippet":"max-snippet:-1","max-image-preview":"max-image-preview:large","max-video-preview":"max-video-preview:-1"},"canonical":"https:\/\/www.padreeustaquio.com.br\/es\/se-estan-empezando-a-distribuir-entradas-para-las-misas-presenciales-en-el-santuario\/","og_locale":"es_ES","og_type":"article","og_title":"Senhas come\u00e7am a ser distribu\u00eddas para missas presenciais no Santu\u00e1rio - Padre Eust\u00e1quio","og_description":"As missas presenciais no Santu\u00e1rio Sa\u00fade e Paz, ser\u00e3o retomadas no pr\u00f3ximo fim de semana. A princ\u00edpio, elas ser\u00e3o realizadas aos s\u00e1bados, \u00e0s 18h e aos domingos, \u00e0s 7h30,\u00a0 \u00e0s 10h e \u00e0s 18h.\u00a0 Durante a semana, as celebra\u00e7\u00f5es continuam somente pelo Canal Padre Eust\u00e1quio, do YouTube, sem a presen\u00e7a de fi\u00e9is. Como a primeira recomenda\u00e7\u00e3o ainda \u00e9 para que as pessoas permane\u00e7am em casa, principalmente crian\u00e7as, adultos maiores de 60 anos e todas as pessoas com algum risco, as celebra\u00e7\u00f5es (do s\u00e1bado, \u00e0s 18h, e domingo \u00a0\u00e0s 10h e \u00e0s 18h) continuar\u00e3o a ser transmitidas pelo YouTube. De segunda [&hellip;]","og_url":"https:\/\/www.padreeustaquio.com.br\/es\/se-estan-empezando-a-distribuir-entradas-para-las-misas-presenciales-en-el-santuario\/","og_site_name":"Padre Eust\u00e1quio","article_publisher":"https:\/\/www.facebook.com\/beatopadreeustaquio\/","article_published_time":"2020-09-03T18:17:07+00:00","og_image":[{"width":1032,"height":774,"url":"https:\/\/www.padreeustaquio.com.br\/wp-content\/uploads\/2020\/09\/WhatsApp-Image-2020-09-03-at-14.10.53.jpeg","type":"image\/jpeg"}],"author":"@sscc","twitter_card":"summary_large_image","twitter_creator":"@beatopeustaquio","twitter_site":"@beatopeustaquio","twitter_misc":{"Escrito por":"@sscc","Tiempo de lectura":"3 minutos"},"schema":{"@context":"https:\/\/schema.org","@graph":[{"@type":"Article","@id":"https:\/\/www.padreeustaquio.com.br\/senhas-comecam-a-ser-distribuidas-para-missas-presenciais-no-santuario\/#article","isPartOf":{"@id":"https:\/\/www.padreeustaquio.com.br\/senhas-comecam-a-ser-distribuidas-para-missas-presenciais-no-santuario\/"},"author":{"name":"@sscc","@id":"https:\/\/www.padreeustaquio.com.br\/#\/schema\/person\/a2a51db1d00f1a7af0204a0f1ddb1566"},"headline":"Senhas come\u00e7am a ser distribu\u00eddas para missas presenciais no Santu\u00e1rio","datePublished":"2020-09-03T18:17:07+00:00","mainEntityOfPage":{"@id":"https:\/\/www.padreeustaquio.com.br\/senhas-comecam-a-ser-distribuidas-para-missas-presenciais-no-santuario\/"},"wordCount":575,"commentCount":0,"publisher":{"@id":"https:\/\/www.padreeustaquio.com.br\/#organization"},"image":{"@id":"https:\/\/www.padreeustaquio.com.br\/senhas-comecam-a-ser-distribuidas-para-missas-presenciais-no-santuario\/#primaryimage"},"thumbnailUrl":"https:\/\/www.padreeustaquio.com.br\/wp-content\/uploads\/2020\/09\/WhatsApp-Image-2020-09-03-at-14.10.53.jpeg","articleSection":["Not\u00edcias"],"inLanguage":"es","potentialAction":[{"@type":"CommentAction","name":"Comment","target":["https:\/\/www.padreeustaquio.com.br\/senhas-comecam-a-ser-distribuidas-para-missas-presenciais-no-santuario\/#respond"]}]},{"@type":"WebPage","@id":"https:\/\/www.padreeustaquio.com.br\/senhas-comecam-a-ser-distribuidas-para-missas-presenciais-no-santuario\/","url":"https:\/\/www.padreeustaquio.com.br\/senhas-comecam-a-ser-distribuidas-para-missas-presenciais-no-santuario\/","name":"Ya se est\u00e1n distribuyendo entradas para las misas presenciales en el Santuario - Padre Eust\u00e1quio","isPartOf":{"@id":"https:\/\/www.padreeustaquio.com.br\/#website"},"primaryImageOfPage":{"@id":"https:\/\/www.padreeustaquio.com.br\/senhas-comecam-a-ser-distribuidas-para-missas-presenciais-no-santuario\/#primaryimage"},"image":{"@id":"https:\/\/www.padreeustaquio.com.br\/senhas-comecam-a-ser-distribuidas-para-missas-presenciais-no-santuario\/#primaryimage"},"thumbnailUrl":"https:\/\/www.padreeustaquio.com.br\/wp-content\/uploads\/2020\/09\/WhatsApp-Image-2020-09-03-at-14.10.53.jpeg","datePublished":"2020-09-03T18:17:07+00:00","breadcrumb":{"@id":"https:\/\/www.padreeustaquio.com.br\/senhas-comecam-a-ser-distribuidas-para-missas-presenciais-no-santuario\/#breadcrumb"},"inLanguage":"es","potentialAction":[{"@type":"ReadAction","target":["https:\/\/www.padreeustaquio.com.br\/senhas-comecam-a-ser-distribuidas-para-missas-presenciais-no-santuario\/"]}]},{"@type":"ImageObject","inLanguage":"es","@id":"https:\/\/www.padreeustaquio.com.br\/senhas-comecam-a-ser-distribuidas-para-missas-presenciais-no-santuario\/#primaryimage","url":"https:\/\/www.padreeustaquio.com.br\/wp-content\/uploads\/2020\/09\/WhatsApp-Image-2020-09-03-at-14.10.53.jpeg","contentUrl":"https:\/\/www.padreeustaquio.com.br\/wp-content\/uploads\/2020\/09\/WhatsApp-Image-2020-09-03-at-14.10.53.jpeg","width":1032,"height":774,"caption":"Uma m\u00e3o segura duas senhas para participa\u00e7\u00e3o das missas presenciais do Santu\u00e1rio"},{"@type":"BreadcrumbList","@id":"https:\/\/www.padreeustaquio.com.br\/senhas-comecam-a-ser-distribuidas-para-missas-presenciais-no-santuario\/#breadcrumb","itemListElement":[{"@type":"ListItem","position":1,"name":"In\u00edcio","item":"https:\/\/www.padreeustaquio.com.br\/"},{"@type":"ListItem","position":2,"name":"Senhas come\u00e7am a ser distribu\u00eddas para missas presenciais no Santu\u00e1rio"}]},{"@type":"WebSite","@id":"https:\/\/www.padreeustaquio.com.br\/#website","url":"https:\/\/www.padreeustaquio.com.br\/","name":"Padre Eustace","description":"Salud y Paz","publisher":{"@id":"https:\/\/www.padreeustaquio.com.br\/#organization"},"potentialAction":[{"@type":"SearchAction","target":{"@type":"EntryPoint","urlTemplate":"https:\/\/www.padreeustaquio.com.br\/?s={search_term_string}"},"query-input":{"@type":"PropertyValueSpecification","valueRequired":true,"valueName":"search_term_string"}}],"inLanguage":"es"},{"@type":"Organization","@id":"https:\/\/www.padreeustaquio.com.br\/#organization","name":"Padre Eustace","url":"https:\/\/www.padreeustaquio.com.br\/","logo":{"@type":"ImageObject","inLanguage":"es","@id":"https:\/\/www.padreeustaquio.com.br\/#\/schema\/logo\/image\/","url":"https:\/\/www.padreeustaquio.com.br\/wp-content\/uploads\/2019\/08\/marca.png","contentUrl":"https:\/\/www.padreeustaquio.com.br\/wp-content\/uploads\/2019\/08\/marca.png","width":350,"height":400,"caption":"Padre Eust\u00e1quio"},"image":{"@id":"https:\/\/www.padreeustaquio.com.br\/#\/schema\/logo\/image\/"},"sameAs":["https:\/\/www.facebook.com\/beatopadreeustaquio\/","https:\/\/x.com\/beatopeustaquio","https:\/\/www.instagram.com\/beatopadreeustaquio\/","https:\/\/www.youtube.com\/channel\/UCRhw7vfabnajwLxb1ZXMeIw"]},{"@type":"Person","@id":"https:\/\/www.padreeustaquio.com.br\/#\/schema\/person\/a2a51db1d00f1a7af0204a0f1ddb1566","name":"@sscc","image":{"@type":"ImageObject","inLanguage":"es","@id":"https:\/\/secure.gravatar.com\/avatar\/68cfafa5f44617fea54071e215026e0ff06be366c3d54a8425f04fdcb86f8c5f?s=96&d=mm&r=g","url":"https:\/\/secure.gravatar.com\/avatar\/68cfafa5f44617fea54071e215026e0ff06be366c3d54a8425f04fdcb86f8c5f?s=96&d=mm&r=g","contentUrl":"https:\/\/secure.gravatar.com\/avatar\/68cfafa5f44617fea54071e215026e0ff06be366c3d54a8425f04fdcb86f8c5f?s=96&d=mm&r=g","caption":"@sscc"},"url":"https:\/\/www.padreeustaquio.com.br\/es\/author\/sscc\/"}]}},"_links":{"self":[{"href":"https:\/\/www.padreeustaquio.com.br\/es\/wp-json\/wp\/v2\/posts\/4567","targetHints":{"allow":["GET"]}}],"collection":[{"href":"https:\/\/www.padreeustaquio.com.br\/es\/wp-json\/wp\/v2\/posts"}],"about":[{"href":"https:\/\/www.padreeustaquio.com.br\/es\/wp-json\/wp\/v2\/types\/post"}],"author":[{"embeddable":true,"href":"https:\/\/www.padreeustaquio.com.br\/es\/wp-json\/wp\/v2\/users\/2"}],"replies":[{"embeddable":true,"href":"https:\/\/www.padreeustaquio.com.br\/es\/wp-json\/wp\/v2\/comments?post=4567"}],"version-history":[{"count":0,"href":"https:\/\/www.padreeustaquio.com.br\/es\/wp-json\/wp\/v2\/posts\/4567\/revisions"}],"wp:featuredmedia":[{"embeddable":true,"href":"https:\/\/www.padreeustaquio.com.br\/es\/wp-json\/wp\/v2\/media\/4568"}],"wp:attachment":[{"href":"https:\/\/www.padreeustaquio.com.br\/es\/wp-json\/wp\/v2\/media?parent=4567"}],"wp:term":[{"taxonomy":"category","embeddable":true,"href":"https:\/\/www.padreeustaquio.com.br\/es\/wp-json\/wp\/v2\/categories?post=4567"},{"taxonomy":"post_tag","embeddable":true,"href":"https:\/\/www.padreeustaquio.com.br\/es\/wp-json\/wp\/v2\/tags?post=4567"}],"curies":[{"name":"wp","href":"https:\/\/api.w.org\/{rel}","templated":true}]}}