{"id":4546,"date":"2020-08-28T08:50:13","date_gmt":"2020-08-28T11:50:13","guid":{"rendered":"https:\/\/www.padreeustaquio.com.br\/?p=4546"},"modified":"2020-08-28T09:05:51","modified_gmt":"2020-08-28T12:05:51","slug":"la-iglesia-celebrara-la-fiesta-del-beato-padre-eustaquio-el-proximo-domingo","status":"publish","type":"post","link":"https:\/\/www.padreeustaquio.com.br\/es\/la-iglesia-celebrara-la-fiesta-del-beato-padre-eustaquio-el-proximo-domingo\/","title":{"rendered":"La Iglesia celebra el pr\u00f3ximo domingo la fiesta del Beato Padre Eustaquio."},"content":{"rendered":"<p>El domingo 30 de agosto, la iglesia celebrar\u00e1 la memoria del Beato Padre Eustaquio, religioso holand\u00e9s que lleg\u00f3 a Brasil y se convirti\u00f3 en Misionero de la Salud y la Paz. Las festividades en Belo Horizonte comienzan con una procesi\u00f3n (en coche) el s\u00e1bado, seguida de una programaci\u00f3n en l\u00ednea el domingo y la celebraci\u00f3n de la Santa Misa a las 18:00 h, presidida por el Arzobispo de Belo Horizonte y presidente de [nombre de la iglesia\/organizaci\u00f3n - contexto incierto]. <a href=\"https:\/\/www.cnbb.org.br\/\">CNBB<\/a>, D. Walmor Oliveira de Azevedo.<\/p>\n<p>El s\u00e1bado, un coche procesional recorrer\u00e1 las calles del barrio Padre Eust\u00e1quio llevando la imagen del Beato. Casi todas las calles del barrio estar\u00e1n incluidas en la procesi\u00f3n. Se recomienda a la gente permanecer en sus casas, demostrando su fe y devoci\u00f3n desde sus ventanas o con decoraciones en sus fachadas. Todo el recorrido se transmitir\u00e1 en vivo en [nombre del sitio web\/plataforma - debe completarse]. <a href=\"https:\/\/www.youtube.com\/channel\/UCRhw7vfabnajwLxb1ZXMeIw\">Canal Padre Eust\u00e1quio<\/a>, en YouTube.<\/p>\n<p>El domingo 30 de agosto, la iglesia estar\u00e1 abierta todo el d\u00eda (hasta las 16:30) para las visitas de los fieles, que se controlar\u00e1n con todas las medidas sanitarias exigidas por las autoridades. A las 10:00, los religiosos de la Congregaci\u00f3n realizar\u00e1n una transmisi\u00f3n en directo en su canal de YouTube y tambi\u00e9n en Facebook. <a href=\"https:\/\/www.facebook.com\/beatopadreeustaquio\">@beatopadreeustaquio<\/a>, Sobre la vida del misionero. A las 15:00 h, se realizar\u00e1 una Adoraci\u00f3n virtual al Sant\u00edsimo Sacramento dirigida por miembros de los Sagrados Corazones. Para concluir el programa, a las 18:00 h, se celebrar\u00e1 la Santa Misa con Dom Walmor, que tambi\u00e9n se transmitir\u00e1 en l\u00ednea. <a href=\"http:\/\/www.tvhorizonte.com.br\/#\">Televisi\u00f3n Horizon<\/a>, Adem\u00e1s de los medios de comunicaci\u00f3n del Santuario.<\/p>\n<p>\u00a1Participa vi\u00e9ndolo desde casa, con la misma fe y devoci\u00f3n! \u00a1Comparte los enlaces e invita a tus amigos y familiares a orar con nosotros por la &quot;Salud y la Paz&quot;!<\/p>\n<p><strong>Vida e historia<\/strong><\/p>\n<p>Eust\u00e1quio van Lieshout naci\u00f3 en los Pa\u00edses Bajos, con el nombre de Humberto, en 1890. A los 15 a\u00f1os se uni\u00f3 a la Congregaci\u00f3n de los Sagrados Corazones, inspirado por el ejemplo de santidad del misionero San Dami\u00e1n de Molokai. En 1919, recibi\u00f3 la ordenaci\u00f3n sacerdotal y continu\u00f3 sirviendo al Pueblo de Dios en su pa\u00eds. Seis a\u00f1os despu\u00e9s, lleg\u00f3 a Brasil y fund\u00f3, junto con los padres Gil van den Boogaart y Matias van Rooy, la primera comunidad de la Congregaci\u00f3n de los Sagrados Corazones en el pa\u00eds.<\/p>\n<p>Construy\u00f3 el Santuario de Nuestra Se\u00f1ora de la Abad\u00eda de \u00c1gua Suja, en Romaria-MG, y posteriormente fue trasladado a Po\u00e1-SP, donde se encontraron los primeros informes de milagros. La fama de santidad del &quot;Vicario de Po\u00e1&quot; se extendi\u00f3 por todo el pa\u00eds, y el acoso incontrolable de la multitud llev\u00f3 a sus superiores a expulsarlo de la parroquia en 1941. Vivi\u00f3 recluido en varias ciudades de S\u00e3o Paulo y Minas Gerais, y en la capital, R\u00edo de Janeiro.<\/p>\n<p>En 1942, fue nombrado p\u00e1rroco de Belo Horizonte. Permaneci\u00f3 en la capital de Minas Gerais solo un a\u00f1o y cuatro meses, tiempo suficiente para dejar profundas ra\u00edces en la espiritualidad de los belohorizonenses. Sin embargo, una fiebre alta y repentina interrumpi\u00f3 su intenso apostolado, y el 30 de agosto de 1943 falleci\u00f3 v\u00edctima del tifus o fiebre maculosa, tambi\u00e9n llamada fiebre de las garrapatas.<\/p>\n<p>Su funeral fue una aut\u00e9ntica marcha triunfal. El entierro marc\u00f3 el comienzo de una apoteosis. Su tumba, en el cementerio de Bonfim, sigui\u00f3 recibiendo visitas de los fieles. La construcci\u00f3n de la Iglesia de los Sagrados Corazones se hizo realidad, y el pueblo comenz\u00f3 a llamarla cari\u00f1osamente \u201cla Iglesia del Padre Eust\u00e1quio\u201c.<\/p>\n<p>Una vez finalizada la construcci\u00f3n, el cuerpo del Padre Eust\u00e1quio fue exhumado y trasladado a una tumba dentro de la iglesia en 1949, donde permaneci\u00f3 hasta 2007, cuando fue trasladado al Memorial, construido junto al templo.<\/p>\n<p>El 15 de junio de 2006, se celebr\u00f3 la solemne Beatificaci\u00f3n en el Estadio Mineir\u00e3o: el reconocimiento p\u00fablico a una vida heroica de virtud y servicio. El estadio Mineir\u00e3o, en Belo Horizonte, MG, recibi\u00f3, durante la celebraci\u00f3n del Corpus Christi, a una multitud de fieles de parroquias de Belo Horizonte y otras ciudades. M\u00e1s de 80.000 personas asistieron a la 12.\u00aa &quot;Torcida de Deus&quot; (Club de Fans de Dios).<\/p>","protected":false},"excerpt":{"rendered":"<p>Domingo, dia 30 de agosto, a igreja vai celebrar a mem\u00f3ria do Bem-Aventurado Padre Eust\u00e1quio. O religioso holand\u00eas, que veio para o Brasil e se tornou o Mission\u00e1rio da Sa\u00fade e da Paz. A festa, em Belo Horizonte, come\u00e7a com uma prociss\u00e3o (de carro) no s\u00e1bado e, no domingo, programa\u00e7\u00f5es pela internet e a celebra\u00e7\u00e3o da Santa Missa, \u00e0s 18h, presidida pelo arcebispo da capital mineira e presidente da CNBB, D. Walmor Oliveira de Azevedo. No s\u00e1bado, um carro-andor vai sair pelas ruas do bairro Padre Eust\u00e1quio com a imagem do Beato. Quase todas as vias do bairro ser\u00e3o contempladas [&hellip;]<\/p>\n","protected":false},"author":2,"featured_media":4547,"comment_status":"open","ping_status":"open","sticky":false,"template":"","format":"standard","meta":{"_acf_changed":false,"footnotes":""},"categories":[611],"tags":[],"class_list":["post-4546","post","type-post","status-publish","format-standard","has-post-thumbnail","hentry","category-noticias"],"acf":[],"yoast_head":"<!-- This site is optimized with the Yoast SEO plugin v27.2 - https:\/\/yoast.com\/product\/yoast-seo-wordpress\/ -->\n<title>Igreja celebra festa do Beato Padre Eust\u00e1quio, no pr\u00f3ximo domingo - Padre Eust\u00e1quio<\/title>\n<meta name=\"robots\" content=\"index, follow, max-snippet:-1, max-image-preview:large, max-video-preview:-1\" \/>\n<link rel=\"canonical\" href=\"https:\/\/www.padreeustaquio.com.br\/es\/la-iglesia-celebrara-la-fiesta-del-beato-padre-eustaquio-el-proximo-domingo\/\" \/>\n<meta property=\"og:locale\" content=\"es_ES\" \/>\n<meta property=\"og:type\" content=\"article\" \/>\n<meta property=\"og:title\" content=\"Igreja celebra festa do Beato Padre Eust\u00e1quio, no pr\u00f3ximo domingo - Padre Eust\u00e1quio\" \/>\n<meta property=\"og:description\" content=\"Domingo, dia 30 de agosto, a igreja vai celebrar a mem\u00f3ria do Bem-Aventurado Padre Eust\u00e1quio. O religioso holand\u00eas, que veio para o Brasil e se tornou o Mission\u00e1rio da Sa\u00fade e da Paz. A festa, em Belo Horizonte, come\u00e7a com uma prociss\u00e3o (de carro) no s\u00e1bado e, no domingo, programa\u00e7\u00f5es pela internet e a celebra\u00e7\u00e3o da Santa Missa, \u00e0s 18h, presidida pelo arcebispo da capital mineira e presidente da CNBB, D. Walmor Oliveira de Azevedo. No s\u00e1bado, um carro-andor vai sair pelas ruas do bairro Padre Eust\u00e1quio com a imagem do Beato. Quase todas as vias do bairro ser\u00e3o contempladas [&hellip;]\" \/>\n<meta property=\"og:url\" content=\"https:\/\/www.padreeustaquio.com.br\/es\/la-iglesia-celebrara-la-fiesta-del-beato-padre-eustaquio-el-proximo-domingo\/\" \/>\n<meta property=\"og:site_name\" content=\"Padre Eust\u00e1quio\" \/>\n<meta property=\"article:publisher\" content=\"https:\/\/www.facebook.com\/beatopadreeustaquio\/\" \/>\n<meta property=\"article:published_time\" content=\"2020-08-28T11:50:13+00:00\" \/>\n<meta property=\"article:modified_time\" content=\"2020-08-28T12:05:51+00:00\" \/>\n<meta property=\"og:image\" content=\"https:\/\/www.padreeustaquio.com.br\/wp-content\/uploads\/2020\/08\/WhatsApp-Image-2020-08-28-at-08.39.45.jpeg\" \/>\n\t<meta property=\"og:image:width\" content=\"785\" \/>\n\t<meta property=\"og:image:height\" content=\"520\" \/>\n\t<meta property=\"og:image:type\" content=\"image\/jpeg\" \/>\n<meta name=\"author\" content=\"@sscc\" \/>\n<meta name=\"twitter:card\" content=\"summary_large_image\" \/>\n<meta name=\"twitter:creator\" content=\"@beatopeustaquio\" \/>\n<meta name=\"twitter:site\" content=\"@beatopeustaquio\" \/>\n<meta name=\"twitter:label1\" content=\"Escrito por\" \/>\n\t<meta name=\"twitter:data1\" content=\"@sscc\" \/>\n\t<meta name=\"twitter:label2\" content=\"Tiempo de lectura\" \/>\n\t<meta name=\"twitter:data2\" content=\"3 minutos\" \/>\n<script type=\"application\/ld+json\" class=\"yoast-schema-graph\">{\"@context\":\"https:\/\/schema.org\",\"@graph\":[{\"@type\":\"Article\",\"@id\":\"https:\/\/www.padreeustaquio.com.br\/igreja-celebra-festa-do-beato-padre-eustaquio-no-proximo-domingo\/#article\",\"isPartOf\":{\"@id\":\"https:\/\/www.padreeustaquio.com.br\/igreja-celebra-festa-do-beato-padre-eustaquio-no-proximo-domingo\/\"},\"author\":{\"name\":\"@sscc\",\"@id\":\"https:\/\/www.padreeustaquio.com.br\/#\/schema\/person\/a2a51db1d00f1a7af0204a0f1ddb1566\"},\"headline\":\"Igreja celebra festa do Beato Padre Eust\u00e1quio, no pr\u00f3ximo domingo\",\"datePublished\":\"2020-08-28T11:50:13+00:00\",\"dateModified\":\"2020-08-28T12:05:51+00:00\",\"mainEntityOfPage\":{\"@id\":\"https:\/\/www.padreeustaquio.com.br\/igreja-celebra-festa-do-beato-padre-eustaquio-no-proximo-domingo\/\"},\"wordCount\":701,\"commentCount\":0,\"publisher\":{\"@id\":\"https:\/\/www.padreeustaquio.com.br\/#organization\"},\"image\":{\"@id\":\"https:\/\/www.padreeustaquio.com.br\/igreja-celebra-festa-do-beato-padre-eustaquio-no-proximo-domingo\/#primaryimage\"},\"thumbnailUrl\":\"https:\/\/www.padreeustaquio.com.br\/wp-content\/uploads\/2020\/08\/WhatsApp-Image-2020-08-28-at-08.39.45.jpeg\",\"articleSection\":[\"Not\u00edcias\"],\"inLanguage\":\"es\",\"potentialAction\":[{\"@type\":\"CommentAction\",\"name\":\"Comment\",\"target\":[\"https:\/\/www.padreeustaquio.com.br\/igreja-celebra-festa-do-beato-padre-eustaquio-no-proximo-domingo\/#respond\"]}]},{\"@type\":\"WebPage\",\"@id\":\"https:\/\/www.padreeustaquio.com.br\/igreja-celebra-festa-do-beato-padre-eustaquio-no-proximo-domingo\/\",\"url\":\"https:\/\/www.padreeustaquio.com.br\/igreja-celebra-festa-do-beato-padre-eustaquio-no-proximo-domingo\/\",\"name\":\"Igreja celebra festa do Beato Padre Eust\u00e1quio, no pr\u00f3ximo domingo - Padre Eust\u00e1quio\",\"isPartOf\":{\"@id\":\"https:\/\/www.padreeustaquio.com.br\/#website\"},\"primaryImageOfPage\":{\"@id\":\"https:\/\/www.padreeustaquio.com.br\/igreja-celebra-festa-do-beato-padre-eustaquio-no-proximo-domingo\/#primaryimage\"},\"image\":{\"@id\":\"https:\/\/www.padreeustaquio.com.br\/igreja-celebra-festa-do-beato-padre-eustaquio-no-proximo-domingo\/#primaryimage\"},\"thumbnailUrl\":\"https:\/\/www.padreeustaquio.com.br\/wp-content\/uploads\/2020\/08\/WhatsApp-Image-2020-08-28-at-08.39.45.jpeg\",\"datePublished\":\"2020-08-28T11:50:13+00:00\",\"dateModified\":\"2020-08-28T12:05:51+00:00\",\"breadcrumb\":{\"@id\":\"https:\/\/www.padreeustaquio.com.br\/igreja-celebra-festa-do-beato-padre-eustaquio-no-proximo-domingo\/#breadcrumb\"},\"inLanguage\":\"es\",\"potentialAction\":[{\"@type\":\"ReadAction\",\"target\":[\"https:\/\/www.padreeustaquio.com.br\/igreja-celebra-festa-do-beato-padre-eustaquio-no-proximo-domingo\/\"]}]},{\"@type\":\"ImageObject\",\"inLanguage\":\"es\",\"@id\":\"https:\/\/www.padreeustaquio.com.br\/igreja-celebra-festa-do-beato-padre-eustaquio-no-proximo-domingo\/#primaryimage\",\"url\":\"https:\/\/www.padreeustaquio.com.br\/wp-content\/uploads\/2020\/08\/WhatsApp-Image-2020-08-28-at-08.39.45.jpeg\",\"contentUrl\":\"https:\/\/www.padreeustaquio.com.br\/wp-content\/uploads\/2020\/08\/WhatsApp-Image-2020-08-28-at-08.39.45.jpeg\",\"width\":785,\"height\":520,\"caption\":\"Foto da prociss\u00e3o dos Sagrados Cora\u00e7\u00f5es com destaque para a imagem do Beato Padre Eust\u00e1quio\"},{\"@type\":\"BreadcrumbList\",\"@id\":\"https:\/\/www.padreeustaquio.com.br\/igreja-celebra-festa-do-beato-padre-eustaquio-no-proximo-domingo\/#breadcrumb\",\"itemListElement\":[{\"@type\":\"ListItem\",\"position\":1,\"name\":\"In\u00edcio\",\"item\":\"https:\/\/www.padreeustaquio.com.br\/\"},{\"@type\":\"ListItem\",\"position\":2,\"name\":\"Igreja celebra festa do Beato Padre Eust\u00e1quio, no pr\u00f3ximo domingo\"}]},{\"@type\":\"WebSite\",\"@id\":\"https:\/\/www.padreeustaquio.com.br\/#website\",\"url\":\"https:\/\/www.padreeustaquio.com.br\/\",\"name\":\"Padre Eust\u00e1quio\",\"description\":\"Sa\u00fade e Paz\",\"publisher\":{\"@id\":\"https:\/\/www.padreeustaquio.com.br\/#organization\"},\"potentialAction\":[{\"@type\":\"SearchAction\",\"target\":{\"@type\":\"EntryPoint\",\"urlTemplate\":\"https:\/\/www.padreeustaquio.com.br\/?s={search_term_string}\"},\"query-input\":{\"@type\":\"PropertyValueSpecification\",\"valueRequired\":true,\"valueName\":\"search_term_string\"}}],\"inLanguage\":\"es\"},{\"@type\":\"Organization\",\"@id\":\"https:\/\/www.padreeustaquio.com.br\/#organization\",\"name\":\"Padre Eust\u00e1quio\",\"url\":\"https:\/\/www.padreeustaquio.com.br\/\",\"logo\":{\"@type\":\"ImageObject\",\"inLanguage\":\"es\",\"@id\":\"https:\/\/www.padreeustaquio.com.br\/#\/schema\/logo\/image\/\",\"url\":\"https:\/\/www.padreeustaquio.com.br\/wp-content\/uploads\/2019\/08\/marca.png\",\"contentUrl\":\"https:\/\/www.padreeustaquio.com.br\/wp-content\/uploads\/2019\/08\/marca.png\",\"width\":350,\"height\":400,\"caption\":\"Padre Eust\u00e1quio\"},\"image\":{\"@id\":\"https:\/\/www.padreeustaquio.com.br\/#\/schema\/logo\/image\/\"},\"sameAs\":[\"https:\/\/www.facebook.com\/beatopadreeustaquio\/\",\"https:\/\/x.com\/beatopeustaquio\",\"https:\/\/www.instagram.com\/beatopadreeustaquio\/\",\"https:\/\/www.youtube.com\/channel\/UCRhw7vfabnajwLxb1ZXMeIw\"]},{\"@type\":\"Person\",\"@id\":\"https:\/\/www.padreeustaquio.com.br\/#\/schema\/person\/a2a51db1d00f1a7af0204a0f1ddb1566\",\"name\":\"@sscc\",\"image\":{\"@type\":\"ImageObject\",\"inLanguage\":\"es\",\"@id\":\"https:\/\/secure.gravatar.com\/avatar\/68cfafa5f44617fea54071e215026e0ff06be366c3d54a8425f04fdcb86f8c5f?s=96&d=mm&r=g\",\"url\":\"https:\/\/secure.gravatar.com\/avatar\/68cfafa5f44617fea54071e215026e0ff06be366c3d54a8425f04fdcb86f8c5f?s=96&d=mm&r=g\",\"contentUrl\":\"https:\/\/secure.gravatar.com\/avatar\/68cfafa5f44617fea54071e215026e0ff06be366c3d54a8425f04fdcb86f8c5f?s=96&d=mm&r=g\",\"caption\":\"@sscc\"},\"url\":\"https:\/\/www.padreeustaquio.com.br\/es\/author\/sscc\/\"}]}<\/script>\n<!-- \/ Yoast SEO plugin. -->","yoast_head_json":{"title":"La Iglesia celebra el pr\u00f3ximo domingo la fiesta del Beato Padre Eustaquio - Padre Eustaquio","robots":{"index":"index","follow":"follow","max-snippet":"max-snippet:-1","max-image-preview":"max-image-preview:large","max-video-preview":"max-video-preview:-1"},"canonical":"https:\/\/www.padreeustaquio.com.br\/es\/la-iglesia-celebrara-la-fiesta-del-beato-padre-eustaquio-el-proximo-domingo\/","og_locale":"es_ES","og_type":"article","og_title":"Igreja celebra festa do Beato Padre Eust\u00e1quio, no pr\u00f3ximo domingo - Padre Eust\u00e1quio","og_description":"Domingo, dia 30 de agosto, a igreja vai celebrar a mem\u00f3ria do Bem-Aventurado Padre Eust\u00e1quio. O religioso holand\u00eas, que veio para o Brasil e se tornou o Mission\u00e1rio da Sa\u00fade e da Paz. A festa, em Belo Horizonte, come\u00e7a com uma prociss\u00e3o (de carro) no s\u00e1bado e, no domingo, programa\u00e7\u00f5es pela internet e a celebra\u00e7\u00e3o da Santa Missa, \u00e0s 18h, presidida pelo arcebispo da capital mineira e presidente da CNBB, D. Walmor Oliveira de Azevedo. No s\u00e1bado, um carro-andor vai sair pelas ruas do bairro Padre Eust\u00e1quio com a imagem do Beato. Quase todas as vias do bairro ser\u00e3o contempladas [&hellip;]","og_url":"https:\/\/www.padreeustaquio.com.br\/es\/la-iglesia-celebrara-la-fiesta-del-beato-padre-eustaquio-el-proximo-domingo\/","og_site_name":"Padre Eust\u00e1quio","article_publisher":"https:\/\/www.facebook.com\/beatopadreeustaquio\/","article_published_time":"2020-08-28T11:50:13+00:00","article_modified_time":"2020-08-28T12:05:51+00:00","og_image":[{"width":785,"height":520,"url":"https:\/\/www.padreeustaquio.com.br\/wp-content\/uploads\/2020\/08\/WhatsApp-Image-2020-08-28-at-08.39.45.jpeg","type":"image\/jpeg"}],"author":"@sscc","twitter_card":"summary_large_image","twitter_creator":"@beatopeustaquio","twitter_site":"@beatopeustaquio","twitter_misc":{"Escrito por":"@sscc","Tiempo de lectura":"3 minutos"},"schema":{"@context":"https:\/\/schema.org","@graph":[{"@type":"Article","@id":"https:\/\/www.padreeustaquio.com.br\/igreja-celebra-festa-do-beato-padre-eustaquio-no-proximo-domingo\/#article","isPartOf":{"@id":"https:\/\/www.padreeustaquio.com.br\/igreja-celebra-festa-do-beato-padre-eustaquio-no-proximo-domingo\/"},"author":{"name":"@sscc","@id":"https:\/\/www.padreeustaquio.com.br\/#\/schema\/person\/a2a51db1d00f1a7af0204a0f1ddb1566"},"headline":"Igreja celebra festa do Beato Padre Eust\u00e1quio, no pr\u00f3ximo domingo","datePublished":"2020-08-28T11:50:13+00:00","dateModified":"2020-08-28T12:05:51+00:00","mainEntityOfPage":{"@id":"https:\/\/www.padreeustaquio.com.br\/igreja-celebra-festa-do-beato-padre-eustaquio-no-proximo-domingo\/"},"wordCount":701,"commentCount":0,"publisher":{"@id":"https:\/\/www.padreeustaquio.com.br\/#organization"},"image":{"@id":"https:\/\/www.padreeustaquio.com.br\/igreja-celebra-festa-do-beato-padre-eustaquio-no-proximo-domingo\/#primaryimage"},"thumbnailUrl":"https:\/\/www.padreeustaquio.com.br\/wp-content\/uploads\/2020\/08\/WhatsApp-Image-2020-08-28-at-08.39.45.jpeg","articleSection":["Not\u00edcias"],"inLanguage":"es","potentialAction":[{"@type":"CommentAction","name":"Comment","target":["https:\/\/www.padreeustaquio.com.br\/igreja-celebra-festa-do-beato-padre-eustaquio-no-proximo-domingo\/#respond"]}]},{"@type":"WebPage","@id":"https:\/\/www.padreeustaquio.com.br\/igreja-celebra-festa-do-beato-padre-eustaquio-no-proximo-domingo\/","url":"https:\/\/www.padreeustaquio.com.br\/igreja-celebra-festa-do-beato-padre-eustaquio-no-proximo-domingo\/","name":"La Iglesia celebra el pr\u00f3ximo domingo la fiesta del Beato Padre Eustaquio - Padre Eustaquio","isPartOf":{"@id":"https:\/\/www.padreeustaquio.com.br\/#website"},"primaryImageOfPage":{"@id":"https:\/\/www.padreeustaquio.com.br\/igreja-celebra-festa-do-beato-padre-eustaquio-no-proximo-domingo\/#primaryimage"},"image":{"@id":"https:\/\/www.padreeustaquio.com.br\/igreja-celebra-festa-do-beato-padre-eustaquio-no-proximo-domingo\/#primaryimage"},"thumbnailUrl":"https:\/\/www.padreeustaquio.com.br\/wp-content\/uploads\/2020\/08\/WhatsApp-Image-2020-08-28-at-08.39.45.jpeg","datePublished":"2020-08-28T11:50:13+00:00","dateModified":"2020-08-28T12:05:51+00:00","breadcrumb":{"@id":"https:\/\/www.padreeustaquio.com.br\/igreja-celebra-festa-do-beato-padre-eustaquio-no-proximo-domingo\/#breadcrumb"},"inLanguage":"es","potentialAction":[{"@type":"ReadAction","target":["https:\/\/www.padreeustaquio.com.br\/igreja-celebra-festa-do-beato-padre-eustaquio-no-proximo-domingo\/"]}]},{"@type":"ImageObject","inLanguage":"es","@id":"https:\/\/www.padreeustaquio.com.br\/igreja-celebra-festa-do-beato-padre-eustaquio-no-proximo-domingo\/#primaryimage","url":"https:\/\/www.padreeustaquio.com.br\/wp-content\/uploads\/2020\/08\/WhatsApp-Image-2020-08-28-at-08.39.45.jpeg","contentUrl":"https:\/\/www.padreeustaquio.com.br\/wp-content\/uploads\/2020\/08\/WhatsApp-Image-2020-08-28-at-08.39.45.jpeg","width":785,"height":520,"caption":"Foto da prociss\u00e3o dos Sagrados Cora\u00e7\u00f5es com destaque para a imagem do Beato Padre Eust\u00e1quio"},{"@type":"BreadcrumbList","@id":"https:\/\/www.padreeustaquio.com.br\/igreja-celebra-festa-do-beato-padre-eustaquio-no-proximo-domingo\/#breadcrumb","itemListElement":[{"@type":"ListItem","position":1,"name":"In\u00edcio","item":"https:\/\/www.padreeustaquio.com.br\/"},{"@type":"ListItem","position":2,"name":"Igreja celebra festa do Beato Padre Eust\u00e1quio, no pr\u00f3ximo domingo"}]},{"@type":"WebSite","@id":"https:\/\/www.padreeustaquio.com.br\/#website","url":"https:\/\/www.padreeustaquio.com.br\/","name":"Padre Eustace","description":"Salud y Paz","publisher":{"@id":"https:\/\/www.padreeustaquio.com.br\/#organization"},"potentialAction":[{"@type":"SearchAction","target":{"@type":"EntryPoint","urlTemplate":"https:\/\/www.padreeustaquio.com.br\/?s={search_term_string}"},"query-input":{"@type":"PropertyValueSpecification","valueRequired":true,"valueName":"search_term_string"}}],"inLanguage":"es"},{"@type":"Organization","@id":"https:\/\/www.padreeustaquio.com.br\/#organization","name":"Padre Eustace","url":"https:\/\/www.padreeustaquio.com.br\/","logo":{"@type":"ImageObject","inLanguage":"es","@id":"https:\/\/www.padreeustaquio.com.br\/#\/schema\/logo\/image\/","url":"https:\/\/www.padreeustaquio.com.br\/wp-content\/uploads\/2019\/08\/marca.png","contentUrl":"https:\/\/www.padreeustaquio.com.br\/wp-content\/uploads\/2019\/08\/marca.png","width":350,"height":400,"caption":"Padre Eust\u00e1quio"},"image":{"@id":"https:\/\/www.padreeustaquio.com.br\/#\/schema\/logo\/image\/"},"sameAs":["https:\/\/www.facebook.com\/beatopadreeustaquio\/","https:\/\/x.com\/beatopeustaquio","https:\/\/www.instagram.com\/beatopadreeustaquio\/","https:\/\/www.youtube.com\/channel\/UCRhw7vfabnajwLxb1ZXMeIw"]},{"@type":"Person","@id":"https:\/\/www.padreeustaquio.com.br\/#\/schema\/person\/a2a51db1d00f1a7af0204a0f1ddb1566","name":"@sscc","image":{"@type":"ImageObject","inLanguage":"es","@id":"https:\/\/secure.gravatar.com\/avatar\/68cfafa5f44617fea54071e215026e0ff06be366c3d54a8425f04fdcb86f8c5f?s=96&d=mm&r=g","url":"https:\/\/secure.gravatar.com\/avatar\/68cfafa5f44617fea54071e215026e0ff06be366c3d54a8425f04fdcb86f8c5f?s=96&d=mm&r=g","contentUrl":"https:\/\/secure.gravatar.com\/avatar\/68cfafa5f44617fea54071e215026e0ff06be366c3d54a8425f04fdcb86f8c5f?s=96&d=mm&r=g","caption":"@sscc"},"url":"https:\/\/www.padreeustaquio.com.br\/es\/author\/sscc\/"}]}},"_links":{"self":[{"href":"https:\/\/www.padreeustaquio.com.br\/es\/wp-json\/wp\/v2\/posts\/4546","targetHints":{"allow":["GET"]}}],"collection":[{"href":"https:\/\/www.padreeustaquio.com.br\/es\/wp-json\/wp\/v2\/posts"}],"about":[{"href":"https:\/\/www.padreeustaquio.com.br\/es\/wp-json\/wp\/v2\/types\/post"}],"author":[{"embeddable":true,"href":"https:\/\/www.padreeustaquio.com.br\/es\/wp-json\/wp\/v2\/users\/2"}],"replies":[{"embeddable":true,"href":"https:\/\/www.padreeustaquio.com.br\/es\/wp-json\/wp\/v2\/comments?post=4546"}],"version-history":[{"count":0,"href":"https:\/\/www.padreeustaquio.com.br\/es\/wp-json\/wp\/v2\/posts\/4546\/revisions"}],"wp:featuredmedia":[{"embeddable":true,"href":"https:\/\/www.padreeustaquio.com.br\/es\/wp-json\/wp\/v2\/media\/4547"}],"wp:attachment":[{"href":"https:\/\/www.padreeustaquio.com.br\/es\/wp-json\/wp\/v2\/media?parent=4546"}],"wp:term":[{"taxonomy":"category","embeddable":true,"href":"https:\/\/www.padreeustaquio.com.br\/es\/wp-json\/wp\/v2\/categories?post=4546"},{"taxonomy":"post_tag","embeddable":true,"href":"https:\/\/www.padreeustaquio.com.br\/es\/wp-json\/wp\/v2\/tags?post=4546"}],"curies":[{"name":"wp","href":"https:\/\/api.w.org\/{rel}","templated":true}]}}