{"id":4526,"date":"2020-08-20T08:06:47","date_gmt":"2020-08-20T11:06:47","guid":{"rendered":"https:\/\/www.padreeustaquio.com.br\/?p=4526"},"modified":"2020-08-24T11:08:07","modified_gmt":"2020-08-24T14:08:07","slug":"este-viernes-comienza-de-manera-virtual-la-77a-celebracion-del-beato-padre-eustaquio","status":"publish","type":"post","link":"https:\/\/www.padreeustaquio.com.br\/es\/este-viernes-comienza-de-manera-virtual-la-77a-celebracion-del-beato-padre-eustaquio\/","title":{"rendered":"Este viernes comienza de manera online la 77 Fiesta del Beato Padre Eust\u00e1quio."},"content":{"rendered":"<p>En 2020 tendremos una celebraci\u00f3n diferente, pero con el mismo entusiasmo, fe y devoci\u00f3n. \u201cSalud y Paz\u201d exige cuidado y distanciamiento, por lo que la 77.\u00aa Fiesta del Beato Padre Eust\u00e1quio se celebrar\u00e1 exclusivamente en l\u00ednea. Este viernes 21 comienza la Novena al Beato con la celebraci\u00f3n de la Santa Misa a las 19:00 h en el canal de YouTube del Padre Eust\u00e1quio. Consulte el texto completo del vicepostulador de la Causa de Canonizaci\u00f3n con el programa de la fiesta de este a\u00f1o:<\/p>\n<p><em>\u201c&quot;Queridos hermanos y hermanas.&quot;.<\/em><br \/>\n<em>Feligreses, amigos y todos los devotos del Beato Padre Eustaquio.<\/em><\/p>\n<p><em>La alegr\u00eda de celebrar el 30 de agosto nos une y nos re\u00fane cada a\u00f1o, a pesar de sus circunstancias \u00fanicas. <\/em><br \/>\n<em>El 2020 siempre ser\u00e1 recordado como un a\u00f1o muy especial, y as\u00ed mantendremos viva y encendida la llama de la fe y del amor. <\/em><br \/>\n<em>Siempre a trav\u00e9s del Canal Padre Eust\u00e1quio en YouTube, celebraremos la Novena y las Celebraciones del d\u00eda 30. A partir del 21 de agosto, las misas y novenas de la semana ser\u00e1n a las 19:00 h. El s\u00e1bado a las 18:00 h y el domingo, incluido el 30 de agosto, tendremos la misa de las 18:00 h, presidida por el obispo Walmor y transmitida por TV Horizonte (adem\u00e1s del Canal Padre Eust\u00e1quio en YouTube). El d\u00eda 29, a partir de las 14:00 h, realizaremos una procesi\u00f3n con la imagen del Misionero de la Salud y la Paz por las calles del barrio, siguiendo el recorrido que anunciaremos en redes sociales. Celebraremos una hermosa fiesta unidos desde nuestros hogares en una gran familia de hermanos y hermanas, disc\u00edpulos misioneros, seguidores de Jesucristo, inspirados por el testimonio del Beato Padre Eust\u00e1quio. Con Mar\u00eda, Nuestra Se\u00f1ora de la Abad\u00eda, preparemos con entusiasmo las celebraciones de este 30 de agosto de 2020. Con esperanza y confianza, unamos nuestra oraci\u00f3n por su Canonizaci\u00f3n. Salud y Paz.&quot;\u201d<\/em><\/p>\n<p><em>Con afecto y gratos recuerdos, Padre Vinicius Maciel, ss.cc.<\/em><\/p>","protected":false},"excerpt":{"rendered":"<p>Em 2020 teremos uma comemora\u00e7\u00e3o diferente, mas com o mesmo entusiasmo, f\u00e9 e devo\u00e7\u00e3o. &#8220;Sa\u00fade e Paz&#8221; nos exige cuidado e distanciamento, por isso, a 77\u00aa Festa do Beato Padre Eust\u00e1quio vai ocorrer somente pela Internet. Nesta sexta-feira, dia 21, tem in\u00edcio a Novena ao Bem-Aventurado, com a celebra\u00e7\u00e3o da Santa Missa, \u00e0s 19h pelo Canal Padre Eust\u00e1quio do YouTube. Confira, na \u00edntegra, a palavra do vice-postulador da Causa de Canoniza\u00e7\u00e3o com a programa\u00e7\u00e3o da festa deste ano: &#8220;Queridos irm\u00e3os e irm\u00e3s. Paroquianos, amigos e todos os devotos do Beato Padre Eust\u00e1quio. A alegria da celebra\u00e7\u00e3o do 30 de agosto [&hellip;]<\/p>\n","protected":false},"author":2,"featured_media":4527,"comment_status":"open","ping_status":"open","sticky":false,"template":"","format":"standard","meta":{"_acf_changed":false,"footnotes":""},"categories":[611],"tags":[],"class_list":["post-4526","post","type-post","status-publish","format-standard","has-post-thumbnail","hentry","category-noticias"],"acf":[],"yoast_head":"<!-- This site is optimized with the Yoast SEO plugin v27.2 - https:\/\/yoast.com\/product\/yoast-seo-wordpress\/ -->\n<title>77\u00aa Festa do Beato Padre Eust\u00e1quio come\u00e7a nesta sexta-feira pela internet - Padre Eust\u00e1quio<\/title>\n<meta name=\"robots\" content=\"index, follow, max-snippet:-1, max-image-preview:large, max-video-preview:-1\" \/>\n<link rel=\"canonical\" href=\"https:\/\/www.padreeustaquio.com.br\/es\/este-viernes-comienza-de-manera-virtual-la-77a-celebracion-del-beato-padre-eustaquio\/\" \/>\n<meta property=\"og:locale\" content=\"es_ES\" \/>\n<meta property=\"og:type\" content=\"article\" \/>\n<meta property=\"og:title\" content=\"77\u00aa Festa do Beato Padre Eust\u00e1quio come\u00e7a nesta sexta-feira pela internet - Padre Eust\u00e1quio\" \/>\n<meta property=\"og:description\" content=\"Em 2020 teremos uma comemora\u00e7\u00e3o diferente, mas com o mesmo entusiasmo, f\u00e9 e devo\u00e7\u00e3o. &#8220;Sa\u00fade e Paz&#8221; nos exige cuidado e distanciamento, por isso, a 77\u00aa Festa do Beato Padre Eust\u00e1quio vai ocorrer somente pela Internet. Nesta sexta-feira, dia 21, tem in\u00edcio a Novena ao Bem-Aventurado, com a celebra\u00e7\u00e3o da Santa Missa, \u00e0s 19h pelo Canal Padre Eust\u00e1quio do YouTube. Confira, na \u00edntegra, a palavra do vice-postulador da Causa de Canoniza\u00e7\u00e3o com a programa\u00e7\u00e3o da festa deste ano: &#8220;Queridos irm\u00e3os e irm\u00e3s. Paroquianos, amigos e todos os devotos do Beato Padre Eust\u00e1quio. A alegria da celebra\u00e7\u00e3o do 30 de agosto [&hellip;]\" \/>\n<meta property=\"og:url\" content=\"https:\/\/www.padreeustaquio.com.br\/es\/este-viernes-comienza-de-manera-virtual-la-77a-celebracion-del-beato-padre-eustaquio\/\" \/>\n<meta property=\"og:site_name\" content=\"Padre Eust\u00e1quio\" \/>\n<meta property=\"article:publisher\" content=\"https:\/\/www.facebook.com\/beatopadreeustaquio\/\" \/>\n<meta property=\"article:published_time\" content=\"2020-08-20T11:06:47+00:00\" \/>\n<meta property=\"article:modified_time\" content=\"2020-08-24T14:08:07+00:00\" \/>\n<meta property=\"og:image\" content=\"https:\/\/www.padreeustaquio.com.br\/wp-content\/uploads\/2020\/08\/VIGILIA-PASCAL-VIRTUAL.jpg\" \/>\n\t<meta property=\"og:image:width\" content=\"1280\" \/>\n\t<meta property=\"og:image:height\" content=\"960\" \/>\n\t<meta property=\"og:image:type\" content=\"image\/jpeg\" \/>\n<meta name=\"author\" content=\"@sscc\" \/>\n<meta name=\"twitter:card\" content=\"summary_large_image\" \/>\n<meta name=\"twitter:creator\" content=\"@beatopeustaquio\" \/>\n<meta name=\"twitter:site\" content=\"@beatopeustaquio\" \/>\n<meta name=\"twitter:label1\" content=\"Escrito por\" \/>\n\t<meta name=\"twitter:data1\" content=\"@sscc\" \/>\n\t<meta name=\"twitter:label2\" content=\"Tiempo de lectura\" \/>\n\t<meta name=\"twitter:data2\" content=\"2 minutos\" \/>\n<script type=\"application\/ld+json\" class=\"yoast-schema-graph\">{\"@context\":\"https:\/\/schema.org\",\"@graph\":[{\"@type\":\"Article\",\"@id\":\"https:\/\/www.padreeustaquio.com.br\/77a-festa-do-beato-padre-eustaquio-comeca-nesta-sexta-feira-pela-internet\/#article\",\"isPartOf\":{\"@id\":\"https:\/\/www.padreeustaquio.com.br\/77a-festa-do-beato-padre-eustaquio-comeca-nesta-sexta-feira-pela-internet\/\"},\"author\":{\"name\":\"@sscc\",\"@id\":\"https:\/\/www.padreeustaquio.com.br\/#\/schema\/person\/a2a51db1d00f1a7af0204a0f1ddb1566\"},\"headline\":\"77\u00aa Festa do Beato Padre Eust\u00e1quio come\u00e7a nesta sexta-feira pela internet\",\"datePublished\":\"2020-08-20T11:06:47+00:00\",\"dateModified\":\"2020-08-24T14:08:07+00:00\",\"mainEntityOfPage\":{\"@id\":\"https:\/\/www.padreeustaquio.com.br\/77a-festa-do-beato-padre-eustaquio-comeca-nesta-sexta-feira-pela-internet\/\"},\"wordCount\":344,\"commentCount\":0,\"publisher\":{\"@id\":\"https:\/\/www.padreeustaquio.com.br\/#organization\"},\"image\":{\"@id\":\"https:\/\/www.padreeustaquio.com.br\/77a-festa-do-beato-padre-eustaquio-comeca-nesta-sexta-feira-pela-internet\/#primaryimage\"},\"thumbnailUrl\":\"https:\/\/www.padreeustaquio.com.br\/wp-content\/uploads\/2020\/08\/VIGILIA-PASCAL-VIRTUAL.jpg\",\"articleSection\":[\"Not\u00edcias\"],\"inLanguage\":\"es\",\"potentialAction\":[{\"@type\":\"CommentAction\",\"name\":\"Comment\",\"target\":[\"https:\/\/www.padreeustaquio.com.br\/77a-festa-do-beato-padre-eustaquio-comeca-nesta-sexta-feira-pela-internet\/#respond\"]}]},{\"@type\":\"WebPage\",\"@id\":\"https:\/\/www.padreeustaquio.com.br\/77a-festa-do-beato-padre-eustaquio-comeca-nesta-sexta-feira-pela-internet\/\",\"url\":\"https:\/\/www.padreeustaquio.com.br\/77a-festa-do-beato-padre-eustaquio-comeca-nesta-sexta-feira-pela-internet\/\",\"name\":\"77\u00aa Festa do Beato Padre Eust\u00e1quio come\u00e7a nesta sexta-feira pela internet - Padre Eust\u00e1quio\",\"isPartOf\":{\"@id\":\"https:\/\/www.padreeustaquio.com.br\/#website\"},\"primaryImageOfPage\":{\"@id\":\"https:\/\/www.padreeustaquio.com.br\/77a-festa-do-beato-padre-eustaquio-comeca-nesta-sexta-feira-pela-internet\/#primaryimage\"},\"image\":{\"@id\":\"https:\/\/www.padreeustaquio.com.br\/77a-festa-do-beato-padre-eustaquio-comeca-nesta-sexta-feira-pela-internet\/#primaryimage\"},\"thumbnailUrl\":\"https:\/\/www.padreeustaquio.com.br\/wp-content\/uploads\/2020\/08\/VIGILIA-PASCAL-VIRTUAL.jpg\",\"datePublished\":\"2020-08-20T11:06:47+00:00\",\"dateModified\":\"2020-08-24T14:08:07+00:00\",\"breadcrumb\":{\"@id\":\"https:\/\/www.padreeustaquio.com.br\/77a-festa-do-beato-padre-eustaquio-comeca-nesta-sexta-feira-pela-internet\/#breadcrumb\"},\"inLanguage\":\"es\",\"potentialAction\":[{\"@type\":\"ReadAction\",\"target\":[\"https:\/\/www.padreeustaquio.com.br\/77a-festa-do-beato-padre-eustaquio-comeca-nesta-sexta-feira-pela-internet\/\"]}]},{\"@type\":\"ImageObject\",\"inLanguage\":\"es\",\"@id\":\"https:\/\/www.padreeustaquio.com.br\/77a-festa-do-beato-padre-eustaquio-comeca-nesta-sexta-feira-pela-internet\/#primaryimage\",\"url\":\"https:\/\/www.padreeustaquio.com.br\/wp-content\/uploads\/2020\/08\/VIGILIA-PASCAL-VIRTUAL.jpg\",\"contentUrl\":\"https:\/\/www.padreeustaquio.com.br\/wp-content\/uploads\/2020\/08\/VIGILIA-PASCAL-VIRTUAL.jpg\",\"width\":1280,\"height\":960,\"caption\":\"Festa do Beato Padre Eust\u00e1quio pela internet\"},{\"@type\":\"BreadcrumbList\",\"@id\":\"https:\/\/www.padreeustaquio.com.br\/77a-festa-do-beato-padre-eustaquio-comeca-nesta-sexta-feira-pela-internet\/#breadcrumb\",\"itemListElement\":[{\"@type\":\"ListItem\",\"position\":1,\"name\":\"In\u00edcio\",\"item\":\"https:\/\/www.padreeustaquio.com.br\/\"},{\"@type\":\"ListItem\",\"position\":2,\"name\":\"77\u00aa Festa do Beato Padre Eust\u00e1quio come\u00e7a nesta sexta-feira pela internet\"}]},{\"@type\":\"WebSite\",\"@id\":\"https:\/\/www.padreeustaquio.com.br\/#website\",\"url\":\"https:\/\/www.padreeustaquio.com.br\/\",\"name\":\"Padre Eust\u00e1quio\",\"description\":\"Sa\u00fade e Paz\",\"publisher\":{\"@id\":\"https:\/\/www.padreeustaquio.com.br\/#organization\"},\"potentialAction\":[{\"@type\":\"SearchAction\",\"target\":{\"@type\":\"EntryPoint\",\"urlTemplate\":\"https:\/\/www.padreeustaquio.com.br\/?s={search_term_string}\"},\"query-input\":{\"@type\":\"PropertyValueSpecification\",\"valueRequired\":true,\"valueName\":\"search_term_string\"}}],\"inLanguage\":\"es\"},{\"@type\":\"Organization\",\"@id\":\"https:\/\/www.padreeustaquio.com.br\/#organization\",\"name\":\"Padre Eust\u00e1quio\",\"url\":\"https:\/\/www.padreeustaquio.com.br\/\",\"logo\":{\"@type\":\"ImageObject\",\"inLanguage\":\"es\",\"@id\":\"https:\/\/www.padreeustaquio.com.br\/#\/schema\/logo\/image\/\",\"url\":\"https:\/\/www.padreeustaquio.com.br\/wp-content\/uploads\/2019\/08\/marca.png\",\"contentUrl\":\"https:\/\/www.padreeustaquio.com.br\/wp-content\/uploads\/2019\/08\/marca.png\",\"width\":350,\"height\":400,\"caption\":\"Padre Eust\u00e1quio\"},\"image\":{\"@id\":\"https:\/\/www.padreeustaquio.com.br\/#\/schema\/logo\/image\/\"},\"sameAs\":[\"https:\/\/www.facebook.com\/beatopadreeustaquio\/\",\"https:\/\/x.com\/beatopeustaquio\",\"https:\/\/www.instagram.com\/beatopadreeustaquio\/\",\"https:\/\/www.youtube.com\/channel\/UCRhw7vfabnajwLxb1ZXMeIw\"]},{\"@type\":\"Person\",\"@id\":\"https:\/\/www.padreeustaquio.com.br\/#\/schema\/person\/a2a51db1d00f1a7af0204a0f1ddb1566\",\"name\":\"@sscc\",\"image\":{\"@type\":\"ImageObject\",\"inLanguage\":\"es\",\"@id\":\"https:\/\/secure.gravatar.com\/avatar\/68cfafa5f44617fea54071e215026e0ff06be366c3d54a8425f04fdcb86f8c5f?s=96&d=mm&r=g\",\"url\":\"https:\/\/secure.gravatar.com\/avatar\/68cfafa5f44617fea54071e215026e0ff06be366c3d54a8425f04fdcb86f8c5f?s=96&d=mm&r=g\",\"contentUrl\":\"https:\/\/secure.gravatar.com\/avatar\/68cfafa5f44617fea54071e215026e0ff06be366c3d54a8425f04fdcb86f8c5f?s=96&d=mm&r=g\",\"caption\":\"@sscc\"},\"url\":\"https:\/\/www.padreeustaquio.com.br\/es\/author\/sscc\/\"}]}<\/script>\n<!-- \/ Yoast SEO plugin. -->","yoast_head_json":{"title":"La 77\u00aa Fiesta del Beato Padre Eustaquio comienza este viernes en l\u00ednea - Padre Eustaquio","robots":{"index":"index","follow":"follow","max-snippet":"max-snippet:-1","max-image-preview":"max-image-preview:large","max-video-preview":"max-video-preview:-1"},"canonical":"https:\/\/www.padreeustaquio.com.br\/es\/este-viernes-comienza-de-manera-virtual-la-77a-celebracion-del-beato-padre-eustaquio\/","og_locale":"es_ES","og_type":"article","og_title":"77\u00aa Festa do Beato Padre Eust\u00e1quio come\u00e7a nesta sexta-feira pela internet - Padre Eust\u00e1quio","og_description":"Em 2020 teremos uma comemora\u00e7\u00e3o diferente, mas com o mesmo entusiasmo, f\u00e9 e devo\u00e7\u00e3o. &#8220;Sa\u00fade e Paz&#8221; nos exige cuidado e distanciamento, por isso, a 77\u00aa Festa do Beato Padre Eust\u00e1quio vai ocorrer somente pela Internet. Nesta sexta-feira, dia 21, tem in\u00edcio a Novena ao Bem-Aventurado, com a celebra\u00e7\u00e3o da Santa Missa, \u00e0s 19h pelo Canal Padre Eust\u00e1quio do YouTube. Confira, na \u00edntegra, a palavra do vice-postulador da Causa de Canoniza\u00e7\u00e3o com a programa\u00e7\u00e3o da festa deste ano: &#8220;Queridos irm\u00e3os e irm\u00e3s. Paroquianos, amigos e todos os devotos do Beato Padre Eust\u00e1quio. A alegria da celebra\u00e7\u00e3o do 30 de agosto [&hellip;]","og_url":"https:\/\/www.padreeustaquio.com.br\/es\/este-viernes-comienza-de-manera-virtual-la-77a-celebracion-del-beato-padre-eustaquio\/","og_site_name":"Padre Eust\u00e1quio","article_publisher":"https:\/\/www.facebook.com\/beatopadreeustaquio\/","article_published_time":"2020-08-20T11:06:47+00:00","article_modified_time":"2020-08-24T14:08:07+00:00","og_image":[{"width":1280,"height":960,"url":"https:\/\/www.padreeustaquio.com.br\/wp-content\/uploads\/2020\/08\/VIGILIA-PASCAL-VIRTUAL.jpg","type":"image\/jpeg"}],"author":"@sscc","twitter_card":"summary_large_image","twitter_creator":"@beatopeustaquio","twitter_site":"@beatopeustaquio","twitter_misc":{"Escrito por":"@sscc","Tiempo de lectura":"2 minutos"},"schema":{"@context":"https:\/\/schema.org","@graph":[{"@type":"Article","@id":"https:\/\/www.padreeustaquio.com.br\/77a-festa-do-beato-padre-eustaquio-comeca-nesta-sexta-feira-pela-internet\/#article","isPartOf":{"@id":"https:\/\/www.padreeustaquio.com.br\/77a-festa-do-beato-padre-eustaquio-comeca-nesta-sexta-feira-pela-internet\/"},"author":{"name":"@sscc","@id":"https:\/\/www.padreeustaquio.com.br\/#\/schema\/person\/a2a51db1d00f1a7af0204a0f1ddb1566"},"headline":"77\u00aa Festa do Beato Padre Eust\u00e1quio come\u00e7a nesta sexta-feira pela internet","datePublished":"2020-08-20T11:06:47+00:00","dateModified":"2020-08-24T14:08:07+00:00","mainEntityOfPage":{"@id":"https:\/\/www.padreeustaquio.com.br\/77a-festa-do-beato-padre-eustaquio-comeca-nesta-sexta-feira-pela-internet\/"},"wordCount":344,"commentCount":0,"publisher":{"@id":"https:\/\/www.padreeustaquio.com.br\/#organization"},"image":{"@id":"https:\/\/www.padreeustaquio.com.br\/77a-festa-do-beato-padre-eustaquio-comeca-nesta-sexta-feira-pela-internet\/#primaryimage"},"thumbnailUrl":"https:\/\/www.padreeustaquio.com.br\/wp-content\/uploads\/2020\/08\/VIGILIA-PASCAL-VIRTUAL.jpg","articleSection":["Not\u00edcias"],"inLanguage":"es","potentialAction":[{"@type":"CommentAction","name":"Comment","target":["https:\/\/www.padreeustaquio.com.br\/77a-festa-do-beato-padre-eustaquio-comeca-nesta-sexta-feira-pela-internet\/#respond"]}]},{"@type":"WebPage","@id":"https:\/\/www.padreeustaquio.com.br\/77a-festa-do-beato-padre-eustaquio-comeca-nesta-sexta-feira-pela-internet\/","url":"https:\/\/www.padreeustaquio.com.br\/77a-festa-do-beato-padre-eustaquio-comeca-nesta-sexta-feira-pela-internet\/","name":"La 77\u00aa Fiesta del Beato Padre Eustaquio comienza este viernes en l\u00ednea - Padre Eustaquio","isPartOf":{"@id":"https:\/\/www.padreeustaquio.com.br\/#website"},"primaryImageOfPage":{"@id":"https:\/\/www.padreeustaquio.com.br\/77a-festa-do-beato-padre-eustaquio-comeca-nesta-sexta-feira-pela-internet\/#primaryimage"},"image":{"@id":"https:\/\/www.padreeustaquio.com.br\/77a-festa-do-beato-padre-eustaquio-comeca-nesta-sexta-feira-pela-internet\/#primaryimage"},"thumbnailUrl":"https:\/\/www.padreeustaquio.com.br\/wp-content\/uploads\/2020\/08\/VIGILIA-PASCAL-VIRTUAL.jpg","datePublished":"2020-08-20T11:06:47+00:00","dateModified":"2020-08-24T14:08:07+00:00","breadcrumb":{"@id":"https:\/\/www.padreeustaquio.com.br\/77a-festa-do-beato-padre-eustaquio-comeca-nesta-sexta-feira-pela-internet\/#breadcrumb"},"inLanguage":"es","potentialAction":[{"@type":"ReadAction","target":["https:\/\/www.padreeustaquio.com.br\/77a-festa-do-beato-padre-eustaquio-comeca-nesta-sexta-feira-pela-internet\/"]}]},{"@type":"ImageObject","inLanguage":"es","@id":"https:\/\/www.padreeustaquio.com.br\/77a-festa-do-beato-padre-eustaquio-comeca-nesta-sexta-feira-pela-internet\/#primaryimage","url":"https:\/\/www.padreeustaquio.com.br\/wp-content\/uploads\/2020\/08\/VIGILIA-PASCAL-VIRTUAL.jpg","contentUrl":"https:\/\/www.padreeustaquio.com.br\/wp-content\/uploads\/2020\/08\/VIGILIA-PASCAL-VIRTUAL.jpg","width":1280,"height":960,"caption":"Festa do Beato Padre Eust\u00e1quio pela internet"},{"@type":"BreadcrumbList","@id":"https:\/\/www.padreeustaquio.com.br\/77a-festa-do-beato-padre-eustaquio-comeca-nesta-sexta-feira-pela-internet\/#breadcrumb","itemListElement":[{"@type":"ListItem","position":1,"name":"In\u00edcio","item":"https:\/\/www.padreeustaquio.com.br\/"},{"@type":"ListItem","position":2,"name":"77\u00aa Festa do Beato Padre Eust\u00e1quio come\u00e7a nesta sexta-feira pela internet"}]},{"@type":"WebSite","@id":"https:\/\/www.padreeustaquio.com.br\/#website","url":"https:\/\/www.padreeustaquio.com.br\/","name":"Padre Eustace","description":"Salud y Paz","publisher":{"@id":"https:\/\/www.padreeustaquio.com.br\/#organization"},"potentialAction":[{"@type":"SearchAction","target":{"@type":"EntryPoint","urlTemplate":"https:\/\/www.padreeustaquio.com.br\/?s={search_term_string}"},"query-input":{"@type":"PropertyValueSpecification","valueRequired":true,"valueName":"search_term_string"}}],"inLanguage":"es"},{"@type":"Organization","@id":"https:\/\/www.padreeustaquio.com.br\/#organization","name":"Padre Eustace","url":"https:\/\/www.padreeustaquio.com.br\/","logo":{"@type":"ImageObject","inLanguage":"es","@id":"https:\/\/www.padreeustaquio.com.br\/#\/schema\/logo\/image\/","url":"https:\/\/www.padreeustaquio.com.br\/wp-content\/uploads\/2019\/08\/marca.png","contentUrl":"https:\/\/www.padreeustaquio.com.br\/wp-content\/uploads\/2019\/08\/marca.png","width":350,"height":400,"caption":"Padre Eust\u00e1quio"},"image":{"@id":"https:\/\/www.padreeustaquio.com.br\/#\/schema\/logo\/image\/"},"sameAs":["https:\/\/www.facebook.com\/beatopadreeustaquio\/","https:\/\/x.com\/beatopeustaquio","https:\/\/www.instagram.com\/beatopadreeustaquio\/","https:\/\/www.youtube.com\/channel\/UCRhw7vfabnajwLxb1ZXMeIw"]},{"@type":"Person","@id":"https:\/\/www.padreeustaquio.com.br\/#\/schema\/person\/a2a51db1d00f1a7af0204a0f1ddb1566","name":"@sscc","image":{"@type":"ImageObject","inLanguage":"es","@id":"https:\/\/secure.gravatar.com\/avatar\/68cfafa5f44617fea54071e215026e0ff06be366c3d54a8425f04fdcb86f8c5f?s=96&d=mm&r=g","url":"https:\/\/secure.gravatar.com\/avatar\/68cfafa5f44617fea54071e215026e0ff06be366c3d54a8425f04fdcb86f8c5f?s=96&d=mm&r=g","contentUrl":"https:\/\/secure.gravatar.com\/avatar\/68cfafa5f44617fea54071e215026e0ff06be366c3d54a8425f04fdcb86f8c5f?s=96&d=mm&r=g","caption":"@sscc"},"url":"https:\/\/www.padreeustaquio.com.br\/es\/author\/sscc\/"}]}},"_links":{"self":[{"href":"https:\/\/www.padreeustaquio.com.br\/es\/wp-json\/wp\/v2\/posts\/4526","targetHints":{"allow":["GET"]}}],"collection":[{"href":"https:\/\/www.padreeustaquio.com.br\/es\/wp-json\/wp\/v2\/posts"}],"about":[{"href":"https:\/\/www.padreeustaquio.com.br\/es\/wp-json\/wp\/v2\/types\/post"}],"author":[{"embeddable":true,"href":"https:\/\/www.padreeustaquio.com.br\/es\/wp-json\/wp\/v2\/users\/2"}],"replies":[{"embeddable":true,"href":"https:\/\/www.padreeustaquio.com.br\/es\/wp-json\/wp\/v2\/comments?post=4526"}],"version-history":[{"count":0,"href":"https:\/\/www.padreeustaquio.com.br\/es\/wp-json\/wp\/v2\/posts\/4526\/revisions"}],"wp:featuredmedia":[{"embeddable":true,"href":"https:\/\/www.padreeustaquio.com.br\/es\/wp-json\/wp\/v2\/media\/4527"}],"wp:attachment":[{"href":"https:\/\/www.padreeustaquio.com.br\/es\/wp-json\/wp\/v2\/media?parent=4526"}],"wp:term":[{"taxonomy":"category","embeddable":true,"href":"https:\/\/www.padreeustaquio.com.br\/es\/wp-json\/wp\/v2\/categories?post=4526"},{"taxonomy":"post_tag","embeddable":true,"href":"https:\/\/www.padreeustaquio.com.br\/es\/wp-json\/wp\/v2\/tags?post=4526"}],"curies":[{"name":"wp","href":"https:\/\/api.w.org\/{rel}","templated":true}]}}