{"id":4522,"date":"2020-08-17T11:03:28","date_gmt":"2020-08-17T14:03:28","guid":{"rendered":"https:\/\/www.padreeustaquio.com.br\/?p=4522"},"modified":"2020-08-17T11:03:28","modified_gmt":"2020-08-17T14:03:28","slug":"dom-walmor-confirma-su-participacion-en-el-festival-padre-eustaquio","status":"publish","type":"post","link":"https:\/\/www.padreeustaquio.com.br\/es\/dom-walmor-confirma-su-participacion-en-el-festival-padre-eustaquio\/","title":{"rendered":"Dom Walmor confirma su participaci\u00f3n en el Festival Padre Eust\u00e1quio."},"content":{"rendered":"<p>El Arzobispo Metropolitano de Belo Horizonte y presidente de la CNBB (Conferencia Nacional de Obispos Brasile\u00f1os), Dom Walmor Oliveira de Azevedo, presidir\u00e1 la Santa Misa a las 18:00 h del 30 de agosto, festividad del Padre Eust\u00e1quio. Adem\u00e1s de esta celebraci\u00f3n, el Santuario de la Salud y la Paz albergar\u00e1 otros momentos de oraci\u00f3n, reflexi\u00f3n y conmemoraci\u00f3n en l\u00ednea.<\/p>\n<p>A partir del 21 de agosto (pr\u00f3ximo viernes), comenzar\u00e1 la Novena al Beato Padre Eustaquio. Se meditar\u00e1 durante la celebraci\u00f3n de la Santa Misa. De lunes a viernes a las 19:00 h, el s\u00e1bado a las 18:00 h y el domingo a las 10:00 h y a las 18:00 h. Todas las celebraciones se realizar\u00e1n en l\u00ednea. <a href=\"https:\/\/www.youtube.com\/channel\/UCRhw7vfabnajwLxb1ZXMeIw\">Canal Padre Eust\u00e1quio<\/a>, de YouTube.<\/p>\n<p>El s\u00e1bado 29 una procesi\u00f3n en coche recorrer\u00e1 las calles del barrio con la imagen del Sant\u00edsimo.<\/p>\n<p>Tradicionalmente, el arzobispo de la capital participa en las celebraciones y festividades del Beato Padre Eustaquio. Dom Walmor incluso ofreci\u00f3 una oraci\u00f3n al Beato Padre, que pueden leer y reflexionar. <a href=\"https:\/\/www.padreeustaquio.com.br\/es\/oracion-para-pedir-un-favor-al-padre-eustaquio\/\">haciendo clic aqu\u00ed<\/a>.<\/p>\n<p>\u00danase a las celebraciones de la 77.\u00aa Fiesta del Beato Padre Eustaquio en l\u00ednea. Visite youtube.com.br y busque &quot;Canal Padre Eustaquio&quot;. Suscr\u00edbase e invite a sus amigos y familiares a participar y aprender m\u00e1s sobre la vida de este Siervo de Dios.<\/p>","protected":false},"excerpt":{"rendered":"<p>O Arcebispo Metropolitano de Belo Horizonte e presidente da CNBB, Dom Walmor Oliveira de Azevedo, vai presidir a Santa Missa das 18h, no dia 30 de agosto, dia de Padre Eust\u00e1quio. Al\u00e9m desta celebra\u00e7\u00e3o, o Santu\u00e1rio da &#8220;Sa\u00fade e Paz&#8221; vai promover outros momentos de ora\u00e7\u00e3o, reflex\u00e3o e comemora\u00e7\u00e3o pela internet. A partir do dia 21 de agosto (pr\u00f3xima sexta-feira) ter\u00e1 in\u00edcio a Novena ao Bem-Aventurado Padre Eust\u00e1quio. Ela ser\u00e1 meditada durante a celebra\u00e7\u00e3o da Santa Missa. De segunda a sexta, \u00e0s 19h, no s\u00e1bado \u00e0s 18h e no domingo, \u00e0s 10h e \u00e0s 18h. Todas as celebra\u00e7\u00f5es ocorrer\u00e3o pelo [&hellip;]<\/p>\n","protected":false},"author":2,"featured_media":4524,"comment_status":"open","ping_status":"open","sticky":false,"template":"","format":"standard","meta":{"_acf_changed":false,"footnotes":""},"categories":[611],"tags":[],"class_list":["post-4522","post","type-post","status-publish","format-standard","has-post-thumbnail","hentry","category-noticias"],"acf":[],"yoast_head":"<!-- This site is optimized with the Yoast SEO plugin v27.2 - https:\/\/yoast.com\/product\/yoast-seo-wordpress\/ -->\n<title>Dom Walmor confirma participa\u00e7\u00e3o na Festa de Padre Eust\u00e1quio - Padre Eust\u00e1quio<\/title>\n<meta name=\"robots\" content=\"index, follow, max-snippet:-1, max-image-preview:large, max-video-preview:-1\" \/>\n<link rel=\"canonical\" href=\"https:\/\/www.padreeustaquio.com.br\/es\/dom-walmor-confirma-su-participacion-en-el-festival-padre-eustaquio\/\" \/>\n<meta property=\"og:locale\" content=\"es_ES\" \/>\n<meta property=\"og:type\" content=\"article\" \/>\n<meta property=\"og:title\" content=\"Dom Walmor confirma participa\u00e7\u00e3o na Festa de Padre Eust\u00e1quio - Padre Eust\u00e1quio\" \/>\n<meta property=\"og:description\" content=\"O Arcebispo Metropolitano de Belo Horizonte e presidente da CNBB, Dom Walmor Oliveira de Azevedo, vai presidir a Santa Missa das 18h, no dia 30 de agosto, dia de Padre Eust\u00e1quio. Al\u00e9m desta celebra\u00e7\u00e3o, o Santu\u00e1rio da &#8220;Sa\u00fade e Paz&#8221; vai promover outros momentos de ora\u00e7\u00e3o, reflex\u00e3o e comemora\u00e7\u00e3o pela internet. A partir do dia 21 de agosto (pr\u00f3xima sexta-feira) ter\u00e1 in\u00edcio a Novena ao Bem-Aventurado Padre Eust\u00e1quio. Ela ser\u00e1 meditada durante a celebra\u00e7\u00e3o da Santa Missa. De segunda a sexta, \u00e0s 19h, no s\u00e1bado \u00e0s 18h e no domingo, \u00e0s 10h e \u00e0s 18h. Todas as celebra\u00e7\u00f5es ocorrer\u00e3o pelo [&hellip;]\" \/>\n<meta property=\"og:url\" content=\"https:\/\/www.padreeustaquio.com.br\/es\/dom-walmor-confirma-su-participacion-en-el-festival-padre-eustaquio\/\" \/>\n<meta property=\"og:site_name\" content=\"Padre Eust\u00e1quio\" \/>\n<meta property=\"article:publisher\" content=\"https:\/\/www.facebook.com\/beatopadreeustaquio\/\" \/>\n<meta property=\"article:published_time\" content=\"2020-08-17T14:03:28+00:00\" \/>\n<meta property=\"og:image\" content=\"https:\/\/www.padreeustaquio.com.br\/wp-content\/uploads\/2020\/08\/Dom-Walmor-na-igreja-padre-eustaquio.jpg\" \/>\n\t<meta property=\"og:image:width\" content=\"800\" \/>\n\t<meta property=\"og:image:height\" content=\"481\" \/>\n\t<meta property=\"og:image:type\" content=\"image\/jpeg\" \/>\n<meta name=\"author\" content=\"@sscc\" \/>\n<meta name=\"twitter:card\" content=\"summary_large_image\" \/>\n<meta name=\"twitter:creator\" content=\"@beatopeustaquio\" \/>\n<meta name=\"twitter:site\" content=\"@beatopeustaquio\" \/>\n<meta name=\"twitter:label1\" content=\"Escrito por\" \/>\n\t<meta name=\"twitter:data1\" content=\"@sscc\" \/>\n\t<meta name=\"twitter:label2\" content=\"Tiempo de lectura\" \/>\n\t<meta name=\"twitter:data2\" content=\"1 minuto\" \/>\n<script type=\"application\/ld+json\" class=\"yoast-schema-graph\">{\"@context\":\"https:\/\/schema.org\",\"@graph\":[{\"@type\":\"Article\",\"@id\":\"https:\/\/www.padreeustaquio.com.br\/dom-walmor-confirma-participacao-na-festa-de-padre-eustaquio\/#article\",\"isPartOf\":{\"@id\":\"https:\/\/www.padreeustaquio.com.br\/dom-walmor-confirma-participacao-na-festa-de-padre-eustaquio\/\"},\"author\":{\"name\":\"@sscc\",\"@id\":\"https:\/\/www.padreeustaquio.com.br\/#\/schema\/person\/a2a51db1d00f1a7af0204a0f1ddb1566\"},\"headline\":\"Dom Walmor confirma participa\u00e7\u00e3o na Festa de Padre Eust\u00e1quio\",\"datePublished\":\"2020-08-17T14:03:28+00:00\",\"mainEntityOfPage\":{\"@id\":\"https:\/\/www.padreeustaquio.com.br\/dom-walmor-confirma-participacao-na-festa-de-padre-eustaquio\/\"},\"wordCount\":231,\"commentCount\":0,\"publisher\":{\"@id\":\"https:\/\/www.padreeustaquio.com.br\/#organization\"},\"image\":{\"@id\":\"https:\/\/www.padreeustaquio.com.br\/dom-walmor-confirma-participacao-na-festa-de-padre-eustaquio\/#primaryimage\"},\"thumbnailUrl\":\"https:\/\/www.padreeustaquio.com.br\/wp-content\/uploads\/2020\/08\/Dom-Walmor-na-igreja-padre-eustaquio.jpg\",\"articleSection\":[\"Not\u00edcias\"],\"inLanguage\":\"es\",\"potentialAction\":[{\"@type\":\"CommentAction\",\"name\":\"Comment\",\"target\":[\"https:\/\/www.padreeustaquio.com.br\/dom-walmor-confirma-participacao-na-festa-de-padre-eustaquio\/#respond\"]}]},{\"@type\":\"WebPage\",\"@id\":\"https:\/\/www.padreeustaquio.com.br\/dom-walmor-confirma-participacao-na-festa-de-padre-eustaquio\/\",\"url\":\"https:\/\/www.padreeustaquio.com.br\/dom-walmor-confirma-participacao-na-festa-de-padre-eustaquio\/\",\"name\":\"Dom Walmor confirma participa\u00e7\u00e3o na Festa de Padre Eust\u00e1quio - Padre Eust\u00e1quio\",\"isPartOf\":{\"@id\":\"https:\/\/www.padreeustaquio.com.br\/#website\"},\"primaryImageOfPage\":{\"@id\":\"https:\/\/www.padreeustaquio.com.br\/dom-walmor-confirma-participacao-na-festa-de-padre-eustaquio\/#primaryimage\"},\"image\":{\"@id\":\"https:\/\/www.padreeustaquio.com.br\/dom-walmor-confirma-participacao-na-festa-de-padre-eustaquio\/#primaryimage\"},\"thumbnailUrl\":\"https:\/\/www.padreeustaquio.com.br\/wp-content\/uploads\/2020\/08\/Dom-Walmor-na-igreja-padre-eustaquio.jpg\",\"datePublished\":\"2020-08-17T14:03:28+00:00\",\"breadcrumb\":{\"@id\":\"https:\/\/www.padreeustaquio.com.br\/dom-walmor-confirma-participacao-na-festa-de-padre-eustaquio\/#breadcrumb\"},\"inLanguage\":\"es\",\"potentialAction\":[{\"@type\":\"ReadAction\",\"target\":[\"https:\/\/www.padreeustaquio.com.br\/dom-walmor-confirma-participacao-na-festa-de-padre-eustaquio\/\"]}]},{\"@type\":\"ImageObject\",\"inLanguage\":\"es\",\"@id\":\"https:\/\/www.padreeustaquio.com.br\/dom-walmor-confirma-participacao-na-festa-de-padre-eustaquio\/#primaryimage\",\"url\":\"https:\/\/www.padreeustaquio.com.br\/wp-content\/uploads\/2020\/08\/Dom-Walmor-na-igreja-padre-eustaquio.jpg\",\"contentUrl\":\"https:\/\/www.padreeustaquio.com.br\/wp-content\/uploads\/2020\/08\/Dom-Walmor-na-igreja-padre-eustaquio.jpg\",\"width\":800,\"height\":481,\"caption\":\"Dom Walmor celebra na igreja padre eustaquio\"},{\"@type\":\"BreadcrumbList\",\"@id\":\"https:\/\/www.padreeustaquio.com.br\/dom-walmor-confirma-participacao-na-festa-de-padre-eustaquio\/#breadcrumb\",\"itemListElement\":[{\"@type\":\"ListItem\",\"position\":1,\"name\":\"In\u00edcio\",\"item\":\"https:\/\/www.padreeustaquio.com.br\/\"},{\"@type\":\"ListItem\",\"position\":2,\"name\":\"Dom Walmor confirma participa\u00e7\u00e3o na Festa de Padre Eust\u00e1quio\"}]},{\"@type\":\"WebSite\",\"@id\":\"https:\/\/www.padreeustaquio.com.br\/#website\",\"url\":\"https:\/\/www.padreeustaquio.com.br\/\",\"name\":\"Padre Eust\u00e1quio\",\"description\":\"Sa\u00fade e Paz\",\"publisher\":{\"@id\":\"https:\/\/www.padreeustaquio.com.br\/#organization\"},\"potentialAction\":[{\"@type\":\"SearchAction\",\"target\":{\"@type\":\"EntryPoint\",\"urlTemplate\":\"https:\/\/www.padreeustaquio.com.br\/?s={search_term_string}\"},\"query-input\":{\"@type\":\"PropertyValueSpecification\",\"valueRequired\":true,\"valueName\":\"search_term_string\"}}],\"inLanguage\":\"es\"},{\"@type\":\"Organization\",\"@id\":\"https:\/\/www.padreeustaquio.com.br\/#organization\",\"name\":\"Padre Eust\u00e1quio\",\"url\":\"https:\/\/www.padreeustaquio.com.br\/\",\"logo\":{\"@type\":\"ImageObject\",\"inLanguage\":\"es\",\"@id\":\"https:\/\/www.padreeustaquio.com.br\/#\/schema\/logo\/image\/\",\"url\":\"https:\/\/www.padreeustaquio.com.br\/wp-content\/uploads\/2019\/08\/marca.png\",\"contentUrl\":\"https:\/\/www.padreeustaquio.com.br\/wp-content\/uploads\/2019\/08\/marca.png\",\"width\":350,\"height\":400,\"caption\":\"Padre Eust\u00e1quio\"},\"image\":{\"@id\":\"https:\/\/www.padreeustaquio.com.br\/#\/schema\/logo\/image\/\"},\"sameAs\":[\"https:\/\/www.facebook.com\/beatopadreeustaquio\/\",\"https:\/\/x.com\/beatopeustaquio\",\"https:\/\/www.instagram.com\/beatopadreeustaquio\/\",\"https:\/\/www.youtube.com\/channel\/UCRhw7vfabnajwLxb1ZXMeIw\"]},{\"@type\":\"Person\",\"@id\":\"https:\/\/www.padreeustaquio.com.br\/#\/schema\/person\/a2a51db1d00f1a7af0204a0f1ddb1566\",\"name\":\"@sscc\",\"image\":{\"@type\":\"ImageObject\",\"inLanguage\":\"es\",\"@id\":\"https:\/\/secure.gravatar.com\/avatar\/68cfafa5f44617fea54071e215026e0ff06be366c3d54a8425f04fdcb86f8c5f?s=96&d=mm&r=g\",\"url\":\"https:\/\/secure.gravatar.com\/avatar\/68cfafa5f44617fea54071e215026e0ff06be366c3d54a8425f04fdcb86f8c5f?s=96&d=mm&r=g\",\"contentUrl\":\"https:\/\/secure.gravatar.com\/avatar\/68cfafa5f44617fea54071e215026e0ff06be366c3d54a8425f04fdcb86f8c5f?s=96&d=mm&r=g\",\"caption\":\"@sscc\"},\"url\":\"https:\/\/www.padreeustaquio.com.br\/es\/author\/sscc\/\"}]}<\/script>\n<!-- \/ Yoast SEO plugin. -->","yoast_head_json":{"title":"Dom Walmor confirma participaci\u00f3n en el Festival Padre Eust\u00e1quio - Padre Eust\u00e1quio","robots":{"index":"index","follow":"follow","max-snippet":"max-snippet:-1","max-image-preview":"max-image-preview:large","max-video-preview":"max-video-preview:-1"},"canonical":"https:\/\/www.padreeustaquio.com.br\/es\/dom-walmor-confirma-su-participacion-en-el-festival-padre-eustaquio\/","og_locale":"es_ES","og_type":"article","og_title":"Dom Walmor confirma participa\u00e7\u00e3o na Festa de Padre Eust\u00e1quio - Padre Eust\u00e1quio","og_description":"O Arcebispo Metropolitano de Belo Horizonte e presidente da CNBB, Dom Walmor Oliveira de Azevedo, vai presidir a Santa Missa das 18h, no dia 30 de agosto, dia de Padre Eust\u00e1quio. Al\u00e9m desta celebra\u00e7\u00e3o, o Santu\u00e1rio da &#8220;Sa\u00fade e Paz&#8221; vai promover outros momentos de ora\u00e7\u00e3o, reflex\u00e3o e comemora\u00e7\u00e3o pela internet. A partir do dia 21 de agosto (pr\u00f3xima sexta-feira) ter\u00e1 in\u00edcio a Novena ao Bem-Aventurado Padre Eust\u00e1quio. Ela ser\u00e1 meditada durante a celebra\u00e7\u00e3o da Santa Missa. De segunda a sexta, \u00e0s 19h, no s\u00e1bado \u00e0s 18h e no domingo, \u00e0s 10h e \u00e0s 18h. Todas as celebra\u00e7\u00f5es ocorrer\u00e3o pelo [&hellip;]","og_url":"https:\/\/www.padreeustaquio.com.br\/es\/dom-walmor-confirma-su-participacion-en-el-festival-padre-eustaquio\/","og_site_name":"Padre Eust\u00e1quio","article_publisher":"https:\/\/www.facebook.com\/beatopadreeustaquio\/","article_published_time":"2020-08-17T14:03:28+00:00","og_image":[{"width":800,"height":481,"url":"https:\/\/www.padreeustaquio.com.br\/wp-content\/uploads\/2020\/08\/Dom-Walmor-na-igreja-padre-eustaquio.jpg","type":"image\/jpeg"}],"author":"@sscc","twitter_card":"summary_large_image","twitter_creator":"@beatopeustaquio","twitter_site":"@beatopeustaquio","twitter_misc":{"Escrito por":"@sscc","Tiempo de lectura":"1 minuto"},"schema":{"@context":"https:\/\/schema.org","@graph":[{"@type":"Article","@id":"https:\/\/www.padreeustaquio.com.br\/dom-walmor-confirma-participacao-na-festa-de-padre-eustaquio\/#article","isPartOf":{"@id":"https:\/\/www.padreeustaquio.com.br\/dom-walmor-confirma-participacao-na-festa-de-padre-eustaquio\/"},"author":{"name":"@sscc","@id":"https:\/\/www.padreeustaquio.com.br\/#\/schema\/person\/a2a51db1d00f1a7af0204a0f1ddb1566"},"headline":"Dom Walmor confirma participa\u00e7\u00e3o na Festa de Padre Eust\u00e1quio","datePublished":"2020-08-17T14:03:28+00:00","mainEntityOfPage":{"@id":"https:\/\/www.padreeustaquio.com.br\/dom-walmor-confirma-participacao-na-festa-de-padre-eustaquio\/"},"wordCount":231,"commentCount":0,"publisher":{"@id":"https:\/\/www.padreeustaquio.com.br\/#organization"},"image":{"@id":"https:\/\/www.padreeustaquio.com.br\/dom-walmor-confirma-participacao-na-festa-de-padre-eustaquio\/#primaryimage"},"thumbnailUrl":"https:\/\/www.padreeustaquio.com.br\/wp-content\/uploads\/2020\/08\/Dom-Walmor-na-igreja-padre-eustaquio.jpg","articleSection":["Not\u00edcias"],"inLanguage":"es","potentialAction":[{"@type":"CommentAction","name":"Comment","target":["https:\/\/www.padreeustaquio.com.br\/dom-walmor-confirma-participacao-na-festa-de-padre-eustaquio\/#respond"]}]},{"@type":"WebPage","@id":"https:\/\/www.padreeustaquio.com.br\/dom-walmor-confirma-participacao-na-festa-de-padre-eustaquio\/","url":"https:\/\/www.padreeustaquio.com.br\/dom-walmor-confirma-participacao-na-festa-de-padre-eustaquio\/","name":"Dom Walmor confirma participaci\u00f3n en el Festival Padre Eust\u00e1quio - Padre Eust\u00e1quio","isPartOf":{"@id":"https:\/\/www.padreeustaquio.com.br\/#website"},"primaryImageOfPage":{"@id":"https:\/\/www.padreeustaquio.com.br\/dom-walmor-confirma-participacao-na-festa-de-padre-eustaquio\/#primaryimage"},"image":{"@id":"https:\/\/www.padreeustaquio.com.br\/dom-walmor-confirma-participacao-na-festa-de-padre-eustaquio\/#primaryimage"},"thumbnailUrl":"https:\/\/www.padreeustaquio.com.br\/wp-content\/uploads\/2020\/08\/Dom-Walmor-na-igreja-padre-eustaquio.jpg","datePublished":"2020-08-17T14:03:28+00:00","breadcrumb":{"@id":"https:\/\/www.padreeustaquio.com.br\/dom-walmor-confirma-participacao-na-festa-de-padre-eustaquio\/#breadcrumb"},"inLanguage":"es","potentialAction":[{"@type":"ReadAction","target":["https:\/\/www.padreeustaquio.com.br\/dom-walmor-confirma-participacao-na-festa-de-padre-eustaquio\/"]}]},{"@type":"ImageObject","inLanguage":"es","@id":"https:\/\/www.padreeustaquio.com.br\/dom-walmor-confirma-participacao-na-festa-de-padre-eustaquio\/#primaryimage","url":"https:\/\/www.padreeustaquio.com.br\/wp-content\/uploads\/2020\/08\/Dom-Walmor-na-igreja-padre-eustaquio.jpg","contentUrl":"https:\/\/www.padreeustaquio.com.br\/wp-content\/uploads\/2020\/08\/Dom-Walmor-na-igreja-padre-eustaquio.jpg","width":800,"height":481,"caption":"Dom Walmor celebra na igreja padre eustaquio"},{"@type":"BreadcrumbList","@id":"https:\/\/www.padreeustaquio.com.br\/dom-walmor-confirma-participacao-na-festa-de-padre-eustaquio\/#breadcrumb","itemListElement":[{"@type":"ListItem","position":1,"name":"In\u00edcio","item":"https:\/\/www.padreeustaquio.com.br\/"},{"@type":"ListItem","position":2,"name":"Dom Walmor confirma participa\u00e7\u00e3o na Festa de Padre Eust\u00e1quio"}]},{"@type":"WebSite","@id":"https:\/\/www.padreeustaquio.com.br\/#website","url":"https:\/\/www.padreeustaquio.com.br\/","name":"Padre Eustace","description":"Salud y Paz","publisher":{"@id":"https:\/\/www.padreeustaquio.com.br\/#organization"},"potentialAction":[{"@type":"SearchAction","target":{"@type":"EntryPoint","urlTemplate":"https:\/\/www.padreeustaquio.com.br\/?s={search_term_string}"},"query-input":{"@type":"PropertyValueSpecification","valueRequired":true,"valueName":"search_term_string"}}],"inLanguage":"es"},{"@type":"Organization","@id":"https:\/\/www.padreeustaquio.com.br\/#organization","name":"Padre Eustace","url":"https:\/\/www.padreeustaquio.com.br\/","logo":{"@type":"ImageObject","inLanguage":"es","@id":"https:\/\/www.padreeustaquio.com.br\/#\/schema\/logo\/image\/","url":"https:\/\/www.padreeustaquio.com.br\/wp-content\/uploads\/2019\/08\/marca.png","contentUrl":"https:\/\/www.padreeustaquio.com.br\/wp-content\/uploads\/2019\/08\/marca.png","width":350,"height":400,"caption":"Padre Eust\u00e1quio"},"image":{"@id":"https:\/\/www.padreeustaquio.com.br\/#\/schema\/logo\/image\/"},"sameAs":["https:\/\/www.facebook.com\/beatopadreeustaquio\/","https:\/\/x.com\/beatopeustaquio","https:\/\/www.instagram.com\/beatopadreeustaquio\/","https:\/\/www.youtube.com\/channel\/UCRhw7vfabnajwLxb1ZXMeIw"]},{"@type":"Person","@id":"https:\/\/www.padreeustaquio.com.br\/#\/schema\/person\/a2a51db1d00f1a7af0204a0f1ddb1566","name":"@sscc","image":{"@type":"ImageObject","inLanguage":"es","@id":"https:\/\/secure.gravatar.com\/avatar\/68cfafa5f44617fea54071e215026e0ff06be366c3d54a8425f04fdcb86f8c5f?s=96&d=mm&r=g","url":"https:\/\/secure.gravatar.com\/avatar\/68cfafa5f44617fea54071e215026e0ff06be366c3d54a8425f04fdcb86f8c5f?s=96&d=mm&r=g","contentUrl":"https:\/\/secure.gravatar.com\/avatar\/68cfafa5f44617fea54071e215026e0ff06be366c3d54a8425f04fdcb86f8c5f?s=96&d=mm&r=g","caption":"@sscc"},"url":"https:\/\/www.padreeustaquio.com.br\/es\/author\/sscc\/"}]}},"_links":{"self":[{"href":"https:\/\/www.padreeustaquio.com.br\/es\/wp-json\/wp\/v2\/posts\/4522","targetHints":{"allow":["GET"]}}],"collection":[{"href":"https:\/\/www.padreeustaquio.com.br\/es\/wp-json\/wp\/v2\/posts"}],"about":[{"href":"https:\/\/www.padreeustaquio.com.br\/es\/wp-json\/wp\/v2\/types\/post"}],"author":[{"embeddable":true,"href":"https:\/\/www.padreeustaquio.com.br\/es\/wp-json\/wp\/v2\/users\/2"}],"replies":[{"embeddable":true,"href":"https:\/\/www.padreeustaquio.com.br\/es\/wp-json\/wp\/v2\/comments?post=4522"}],"version-history":[{"count":0,"href":"https:\/\/www.padreeustaquio.com.br\/es\/wp-json\/wp\/v2\/posts\/4522\/revisions"}],"wp:featuredmedia":[{"embeddable":true,"href":"https:\/\/www.padreeustaquio.com.br\/es\/wp-json\/wp\/v2\/media\/4524"}],"wp:attachment":[{"href":"https:\/\/www.padreeustaquio.com.br\/es\/wp-json\/wp\/v2\/media?parent=4522"}],"wp:term":[{"taxonomy":"category","embeddable":true,"href":"https:\/\/www.padreeustaquio.com.br\/es\/wp-json\/wp\/v2\/categories?post=4522"},{"taxonomy":"post_tag","embeddable":true,"href":"https:\/\/www.padreeustaquio.com.br\/es\/wp-json\/wp\/v2\/tags?post=4522"}],"curies":[{"name":"wp","href":"https:\/\/api.w.org\/{rel}","templated":true}]}}