{"id":4519,"date":"2020-08-17T09:19:12","date_gmt":"2020-08-17T12:19:12","guid":{"rendered":"https:\/\/www.padreeustaquio.com.br\/?p=4519"},"modified":"2020-08-17T09:19:12","modified_gmt":"2020-08-17T12:19:12","slug":"los-devotos-en-belo-horizonte-celebran-a-nuestra-senora-de-la-abadia-de-agua-suja","status":"publish","type":"post","link":"https:\/\/www.padreeustaquio.com.br\/es\/los-devotos-en-belo-horizonte-celebran-a-nuestra-senora-de-la-abadia-de-agua-suja\/","title":{"rendered":"Devotos en Belo Horizonte celebran a Nuestra Se\u00f1ora de la Abad\u00eda de \u00c1gua Suja"},"content":{"rendered":"<p>El s\u00e1bado 15 de agosto, el Santuario de la Salud y la Paz de Belo Horizonte celebr\u00f3 la festividad de Nuestra Se\u00f1ora de la Abad\u00eda de \u00c1gua Suja. En esta fecha, la Iglesia de todo el mundo celebra la Asunci\u00f3n de Nuestra Se\u00f1ora, y en algunos lugares, bajo diversas advocaciones.<\/p>\n<p>La celebraci\u00f3n en la capital de Minas Gerais forma parte de las festividades del Mes del Padre Eust\u00e1quio. El sacerdote holand\u00e9s, al llegar a Brasil, fue nombrado p\u00e1rroco de \u00c1gua Suja (actual Romaria, en la regi\u00f3n del Tri\u00e1ngulo Minero). All\u00ed, supervis\u00f3 la construcci\u00f3n del Santuario, que recibe a m\u00e1s de 100.000 devotos cada a\u00f1o durante la festividad. <em><a href=\"https:\/\/www.padreeustaquio.com.br\/es\/vida-e-historia02\/\">(Lea m\u00e1s sobre la historia del Padre Eustace)<\/a><\/em>. En 2019, la iglesia de Belo Horizonte recibi\u00f3 una r\u00e9plica de la imagen de Romaria y, desde entonces, forma parte de las celebraciones aqu\u00ed.<\/p>\n<p><strong>El origen de la devoci\u00f3n<\/strong><\/p>\n<p>La devoci\u00f3n a Nuestra Se\u00f1ora de la Abad\u00eda tiene su origen en Portugal. La imagen de Nuestra Se\u00f1ora de la Abad\u00eda es bastante antigua, procedente del Monasterio de Bouro, ubicado en el municipio de Amares, Portugal. Por ello, tambi\u00e9n se le llama Santa Mar\u00eda de Bouro. El Monasterio de Bouro ya exist\u00eda en esa regi\u00f3n alrededor del a\u00f1o 883. En aquella \u00e9poca, Portugal y Espa\u00f1a hab\u00edan sido invadidos por los moros, que profesaban la religi\u00f3n musulmana. Por temor a los moros, los monjes abandonaron el monasterio y, para evitar la profanaci\u00f3n de la imagen de la Sant\u00edsima Virgen, la ocultaron.<\/p>\n<p>Tras muchos siglos, durante la \u00e9poca del conde Enrique, el noble Pel\u00e1gio Amado abandon\u00f3 su vida mundana y se convirti\u00f3 en ermita\u00f1o. Fue a vivir con un anciano ermita\u00f1o en la ermita de S\u00e3o Miguel, cerca de Braga.<\/p>\n<p>Una noche, en un valle cercano a la ermita, los ermita\u00f1os vieron brillar una luz muy brillante. A la noche siguiente, notaron que el suceso se repet\u00eda. Al amanecer, fueron al lugar, donde encontraron una imagen mariana entre las piedras. Llenos de alegr\u00eda, se postraron ante la imagen y, agradecidos, comenzaron a venerar a la Virgen Mar\u00eda en ella.<\/p>\n<p>Muchos eremitas devotos se mudaron a ese lugar y construyeron una sencilla ermita donde colocaron la imagen. Al enterarse de esto, el arzobispo de Braga fue a visitar la imagen en esa ermita. Conmovido por la pobreza de los eremitas, el obispo orden\u00f3 la construcci\u00f3n de una iglesia para albergar la imagen. La iglesia fue construida con piedra labrada.<\/p>\n<p>Poco a poco, otras figuras religiosas se unieron a los dos ermita\u00f1os y fundaron una abad\u00eda. Con el aumento de los milagros realizados por intercesi\u00f3n de la Virgen Mar\u00eda, la devoci\u00f3n se extendi\u00f3 y se hizo conocida por todo el pa\u00eds. El rey Alfonso Henriques peregrin\u00f3 a la iglesia, donde dej\u00f3 una generosa donaci\u00f3n para el mantenimiento del culto y de los monjes.<\/p>\n<p><strong>En Romaria-MG<\/strong><\/p>\n<p>La fiesta m\u00e1s grande tiene lugar en el municipio de Romaria. <a href=\"https:\/\/www.senhoradabadia.com.br\/\">Nuestra Se\u00f1ora de la Abad\u00eda<\/a> Es la patrona de la Arquidi\u00f3cesis de Uberaba y de la ciudad, reconocida oficialmente por la Ley 10.196 del 15 de agosto de 2008 en Minas Gerais, y es la santa titular de la catedral de la ciudad. Por ello, su devoci\u00f3n es muy fuerte y arraigada. All\u00ed se encuentra el hermoso y piadoso Santuario de Nuestra Se\u00f1ora de la Abad\u00eda, inaugurado en 1881. Su imagen fue tra\u00edda desde R\u00edo de Janeiro. La festividad del 15 de agosto atrae a los habitantes de Uberaba y a los devotos de la regi\u00f3n, con aproximadamente 100.000 personas participando en las ceremonias religiosas con gran devoci\u00f3n.<\/p>\n<p>Este a\u00f1o, debido a la pandemia del coronavirus, todas las celebraciones del 150.\u00ba aniversario de la devoci\u00f3n en esa regi\u00f3n se realizaron en l\u00ednea. Fieles de diversas partes de Brasil y del mundo pudieron seguir la celebraci\u00f3n y sentirse como si estuvieran en el Santuario de Romaria-MG.<\/p>\n<p>&nbsp;<\/p>\n<p><em>Fuente: Vicepostulaci\u00f3n de la Causa de Canonizaci\u00f3n del Padre Eust\u00e1quio con informaci\u00f3n tomada de wikipedia.org<\/em><\/p>","protected":false},"excerpt":{"rendered":"<p>No s\u00e1bado, 15 de agosto, o Santu\u00e1rio da Sa\u00fade e Paz, em Belo Horizonte, celebrou a Festa de Nossa Senhora da Abadia da \u00c1gua Suja. Na data a igreja no mundo todo celebra a Assun\u00e7\u00e3o de Nossa Senhora e, de modo particular, em alguns lugares com os mais diversos t\u00edtulos. A celebra\u00e7\u00e3o na capital mineira faz parte das comemora\u00e7\u00f5es do M\u00eas de Padre Eust\u00e1quio. O padre holand\u00eas, assim que chegou ao Brasil, foi designado para ser o p\u00e1roco de \u00c1gua Suja (atual Romaria, no Tri\u00e2ngulo Mineiro). Por l\u00e1, comandou a constru\u00e7\u00e3o do Santu\u00e1rio que todos os anos recebe mais de [&hellip;]<\/p>\n","protected":false},"author":2,"featured_media":4520,"comment_status":"open","ping_status":"open","sticky":false,"template":"","format":"standard","meta":{"_acf_changed":false,"footnotes":""},"categories":[611],"tags":[],"class_list":["post-4519","post","type-post","status-publish","format-standard","has-post-thumbnail","hentry","category-noticias"],"acf":[],"yoast_head":"<!-- This site is optimized with the Yoast SEO plugin v27.2 - https:\/\/yoast.com\/product\/yoast-seo-wordpress\/ -->\n<title>Devotos de BH celebram Nossa Senhora da Abadia da \u00c1gua Suja - Padre Eust\u00e1quio<\/title>\n<meta name=\"robots\" content=\"index, follow, max-snippet:-1, max-image-preview:large, max-video-preview:-1\" \/>\n<link rel=\"canonical\" href=\"https:\/\/www.padreeustaquio.com.br\/es\/los-devotos-en-belo-horizonte-celebran-a-nuestra-senora-de-la-abadia-de-agua-suja\/\" \/>\n<meta property=\"og:locale\" content=\"es_ES\" \/>\n<meta property=\"og:type\" content=\"article\" \/>\n<meta property=\"og:title\" content=\"Devotos de BH celebram Nossa Senhora da Abadia da \u00c1gua Suja - Padre Eust\u00e1quio\" \/>\n<meta property=\"og:description\" content=\"No s\u00e1bado, 15 de agosto, o Santu\u00e1rio da Sa\u00fade e Paz, em Belo Horizonte, celebrou a Festa de Nossa Senhora da Abadia da \u00c1gua Suja. Na data a igreja no mundo todo celebra a Assun\u00e7\u00e3o de Nossa Senhora e, de modo particular, em alguns lugares com os mais diversos t\u00edtulos. A celebra\u00e7\u00e3o na capital mineira faz parte das comemora\u00e7\u00f5es do M\u00eas de Padre Eust\u00e1quio. O padre holand\u00eas, assim que chegou ao Brasil, foi designado para ser o p\u00e1roco de \u00c1gua Suja (atual Romaria, no Tri\u00e2ngulo Mineiro). Por l\u00e1, comandou a constru\u00e7\u00e3o do Santu\u00e1rio que todos os anos recebe mais de [&hellip;]\" \/>\n<meta property=\"og:url\" content=\"https:\/\/www.padreeustaquio.com.br\/es\/los-devotos-en-belo-horizonte-celebran-a-nuestra-senora-de-la-abadia-de-agua-suja\/\" \/>\n<meta property=\"og:site_name\" content=\"Padre Eust\u00e1quio\" \/>\n<meta property=\"article:publisher\" content=\"https:\/\/www.facebook.com\/beatopadreeustaquio\/\" \/>\n<meta property=\"article:published_time\" content=\"2020-08-17T12:19:12+00:00\" \/>\n<meta property=\"og:image\" content=\"https:\/\/www.padreeustaquio.com.br\/wp-content\/uploads\/2020\/08\/WhatsApp-Image-2020-08-15-at-13.14.15.jpeg\" \/>\n\t<meta property=\"og:image:width\" content=\"1280\" \/>\n\t<meta property=\"og:image:height\" content=\"720\" \/>\n\t<meta property=\"og:image:type\" content=\"image\/jpeg\" \/>\n<meta name=\"author\" content=\"@sscc\" \/>\n<meta name=\"twitter:card\" content=\"summary_large_image\" \/>\n<meta name=\"twitter:creator\" content=\"@beatopeustaquio\" \/>\n<meta name=\"twitter:site\" content=\"@beatopeustaquio\" \/>\n<meta name=\"twitter:label1\" content=\"Escrito por\" \/>\n\t<meta name=\"twitter:data1\" content=\"@sscc\" \/>\n\t<meta name=\"twitter:label2\" content=\"Tiempo de lectura\" \/>\n\t<meta name=\"twitter:data2\" content=\"3 minutos\" \/>\n<script type=\"application\/ld+json\" class=\"yoast-schema-graph\">{\"@context\":\"https:\/\/schema.org\",\"@graph\":[{\"@type\":\"Article\",\"@id\":\"https:\/\/www.padreeustaquio.com.br\/devotos-de-bh-celebram-nossa-senhora-da-abadia-da-agua-suja\/#article\",\"isPartOf\":{\"@id\":\"https:\/\/www.padreeustaquio.com.br\/devotos-de-bh-celebram-nossa-senhora-da-abadia-da-agua-suja\/\"},\"author\":{\"name\":\"@sscc\",\"@id\":\"https:\/\/www.padreeustaquio.com.br\/#\/schema\/person\/a2a51db1d00f1a7af0204a0f1ddb1566\"},\"headline\":\"Devotos de BH celebram Nossa Senhora da Abadia da \u00c1gua Suja\",\"datePublished\":\"2020-08-17T12:19:12+00:00\",\"mainEntityOfPage\":{\"@id\":\"https:\/\/www.padreeustaquio.com.br\/devotos-de-bh-celebram-nossa-senhora-da-abadia-da-agua-suja\/\"},\"wordCount\":653,\"commentCount\":0,\"publisher\":{\"@id\":\"https:\/\/www.padreeustaquio.com.br\/#organization\"},\"image\":{\"@id\":\"https:\/\/www.padreeustaquio.com.br\/devotos-de-bh-celebram-nossa-senhora-da-abadia-da-agua-suja\/#primaryimage\"},\"thumbnailUrl\":\"https:\/\/www.padreeustaquio.com.br\/wp-content\/uploads\/2020\/08\/WhatsApp-Image-2020-08-15-at-13.14.15.jpeg\",\"articleSection\":[\"Not\u00edcias\"],\"inLanguage\":\"es\",\"potentialAction\":[{\"@type\":\"CommentAction\",\"name\":\"Comment\",\"target\":[\"https:\/\/www.padreeustaquio.com.br\/devotos-de-bh-celebram-nossa-senhora-da-abadia-da-agua-suja\/#respond\"]}]},{\"@type\":\"WebPage\",\"@id\":\"https:\/\/www.padreeustaquio.com.br\/devotos-de-bh-celebram-nossa-senhora-da-abadia-da-agua-suja\/\",\"url\":\"https:\/\/www.padreeustaquio.com.br\/devotos-de-bh-celebram-nossa-senhora-da-abadia-da-agua-suja\/\",\"name\":\"Devotos de BH celebram Nossa Senhora da Abadia da \u00c1gua Suja - Padre Eust\u00e1quio\",\"isPartOf\":{\"@id\":\"https:\/\/www.padreeustaquio.com.br\/#website\"},\"primaryImageOfPage\":{\"@id\":\"https:\/\/www.padreeustaquio.com.br\/devotos-de-bh-celebram-nossa-senhora-da-abadia-da-agua-suja\/#primaryimage\"},\"image\":{\"@id\":\"https:\/\/www.padreeustaquio.com.br\/devotos-de-bh-celebram-nossa-senhora-da-abadia-da-agua-suja\/#primaryimage\"},\"thumbnailUrl\":\"https:\/\/www.padreeustaquio.com.br\/wp-content\/uploads\/2020\/08\/WhatsApp-Image-2020-08-15-at-13.14.15.jpeg\",\"datePublished\":\"2020-08-17T12:19:12+00:00\",\"breadcrumb\":{\"@id\":\"https:\/\/www.padreeustaquio.com.br\/devotos-de-bh-celebram-nossa-senhora-da-abadia-da-agua-suja\/#breadcrumb\"},\"inLanguage\":\"es\",\"potentialAction\":[{\"@type\":\"ReadAction\",\"target\":[\"https:\/\/www.padreeustaquio.com.br\/devotos-de-bh-celebram-nossa-senhora-da-abadia-da-agua-suja\/\"]}]},{\"@type\":\"ImageObject\",\"inLanguage\":\"es\",\"@id\":\"https:\/\/www.padreeustaquio.com.br\/devotos-de-bh-celebram-nossa-senhora-da-abadia-da-agua-suja\/#primaryimage\",\"url\":\"https:\/\/www.padreeustaquio.com.br\/wp-content\/uploads\/2020\/08\/WhatsApp-Image-2020-08-15-at-13.14.15.jpeg\",\"contentUrl\":\"https:\/\/www.padreeustaquio.com.br\/wp-content\/uploads\/2020\/08\/WhatsApp-Image-2020-08-15-at-13.14.15.jpeg\",\"width\":1280,\"height\":720,\"caption\":\"Altar do Santu\u00e1rio Saude e Paz com a imagem de Nossa Senhora da Abadia\"},{\"@type\":\"BreadcrumbList\",\"@id\":\"https:\/\/www.padreeustaquio.com.br\/devotos-de-bh-celebram-nossa-senhora-da-abadia-da-agua-suja\/#breadcrumb\",\"itemListElement\":[{\"@type\":\"ListItem\",\"position\":1,\"name\":\"In\u00edcio\",\"item\":\"https:\/\/www.padreeustaquio.com.br\/\"},{\"@type\":\"ListItem\",\"position\":2,\"name\":\"Devotos de BH celebram Nossa Senhora da Abadia da \u00c1gua Suja\"}]},{\"@type\":\"WebSite\",\"@id\":\"https:\/\/www.padreeustaquio.com.br\/#website\",\"url\":\"https:\/\/www.padreeustaquio.com.br\/\",\"name\":\"Padre Eust\u00e1quio\",\"description\":\"Sa\u00fade e Paz\",\"publisher\":{\"@id\":\"https:\/\/www.padreeustaquio.com.br\/#organization\"},\"potentialAction\":[{\"@type\":\"SearchAction\",\"target\":{\"@type\":\"EntryPoint\",\"urlTemplate\":\"https:\/\/www.padreeustaquio.com.br\/?s={search_term_string}\"},\"query-input\":{\"@type\":\"PropertyValueSpecification\",\"valueRequired\":true,\"valueName\":\"search_term_string\"}}],\"inLanguage\":\"es\"},{\"@type\":\"Organization\",\"@id\":\"https:\/\/www.padreeustaquio.com.br\/#organization\",\"name\":\"Padre Eust\u00e1quio\",\"url\":\"https:\/\/www.padreeustaquio.com.br\/\",\"logo\":{\"@type\":\"ImageObject\",\"inLanguage\":\"es\",\"@id\":\"https:\/\/www.padreeustaquio.com.br\/#\/schema\/logo\/image\/\",\"url\":\"https:\/\/www.padreeustaquio.com.br\/wp-content\/uploads\/2019\/08\/marca.png\",\"contentUrl\":\"https:\/\/www.padreeustaquio.com.br\/wp-content\/uploads\/2019\/08\/marca.png\",\"width\":350,\"height\":400,\"caption\":\"Padre Eust\u00e1quio\"},\"image\":{\"@id\":\"https:\/\/www.padreeustaquio.com.br\/#\/schema\/logo\/image\/\"},\"sameAs\":[\"https:\/\/www.facebook.com\/beatopadreeustaquio\/\",\"https:\/\/x.com\/beatopeustaquio\",\"https:\/\/www.instagram.com\/beatopadreeustaquio\/\",\"https:\/\/www.youtube.com\/channel\/UCRhw7vfabnajwLxb1ZXMeIw\"]},{\"@type\":\"Person\",\"@id\":\"https:\/\/www.padreeustaquio.com.br\/#\/schema\/person\/a2a51db1d00f1a7af0204a0f1ddb1566\",\"name\":\"@sscc\",\"image\":{\"@type\":\"ImageObject\",\"inLanguage\":\"es\",\"@id\":\"https:\/\/secure.gravatar.com\/avatar\/68cfafa5f44617fea54071e215026e0ff06be366c3d54a8425f04fdcb86f8c5f?s=96&d=mm&r=g\",\"url\":\"https:\/\/secure.gravatar.com\/avatar\/68cfafa5f44617fea54071e215026e0ff06be366c3d54a8425f04fdcb86f8c5f?s=96&d=mm&r=g\",\"contentUrl\":\"https:\/\/secure.gravatar.com\/avatar\/68cfafa5f44617fea54071e215026e0ff06be366c3d54a8425f04fdcb86f8c5f?s=96&d=mm&r=g\",\"caption\":\"@sscc\"},\"url\":\"https:\/\/www.padreeustaquio.com.br\/es\/author\/sscc\/\"}]}<\/script>\n<!-- \/ Yoast SEO plugin. -->","yoast_head_json":{"title":"Devotos en Belo Horizonte celebran a Nuestra Se\u00f1ora de la Abad\u00eda de \u00c1gua Suja - Padre Eust\u00e1quio","robots":{"index":"index","follow":"follow","max-snippet":"max-snippet:-1","max-image-preview":"max-image-preview:large","max-video-preview":"max-video-preview:-1"},"canonical":"https:\/\/www.padreeustaquio.com.br\/es\/los-devotos-en-belo-horizonte-celebran-a-nuestra-senora-de-la-abadia-de-agua-suja\/","og_locale":"es_ES","og_type":"article","og_title":"Devotos de BH celebram Nossa Senhora da Abadia da \u00c1gua Suja - Padre Eust\u00e1quio","og_description":"No s\u00e1bado, 15 de agosto, o Santu\u00e1rio da Sa\u00fade e Paz, em Belo Horizonte, celebrou a Festa de Nossa Senhora da Abadia da \u00c1gua Suja. Na data a igreja no mundo todo celebra a Assun\u00e7\u00e3o de Nossa Senhora e, de modo particular, em alguns lugares com os mais diversos t\u00edtulos. A celebra\u00e7\u00e3o na capital mineira faz parte das comemora\u00e7\u00f5es do M\u00eas de Padre Eust\u00e1quio. O padre holand\u00eas, assim que chegou ao Brasil, foi designado para ser o p\u00e1roco de \u00c1gua Suja (atual Romaria, no Tri\u00e2ngulo Mineiro). Por l\u00e1, comandou a constru\u00e7\u00e3o do Santu\u00e1rio que todos os anos recebe mais de [&hellip;]","og_url":"https:\/\/www.padreeustaquio.com.br\/es\/los-devotos-en-belo-horizonte-celebran-a-nuestra-senora-de-la-abadia-de-agua-suja\/","og_site_name":"Padre Eust\u00e1quio","article_publisher":"https:\/\/www.facebook.com\/beatopadreeustaquio\/","article_published_time":"2020-08-17T12:19:12+00:00","og_image":[{"width":1280,"height":720,"url":"https:\/\/www.padreeustaquio.com.br\/wp-content\/uploads\/2020\/08\/WhatsApp-Image-2020-08-15-at-13.14.15.jpeg","type":"image\/jpeg"}],"author":"@sscc","twitter_card":"summary_large_image","twitter_creator":"@beatopeustaquio","twitter_site":"@beatopeustaquio","twitter_misc":{"Escrito por":"@sscc","Tiempo de lectura":"3 minutos"},"schema":{"@context":"https:\/\/schema.org","@graph":[{"@type":"Article","@id":"https:\/\/www.padreeustaquio.com.br\/devotos-de-bh-celebram-nossa-senhora-da-abadia-da-agua-suja\/#article","isPartOf":{"@id":"https:\/\/www.padreeustaquio.com.br\/devotos-de-bh-celebram-nossa-senhora-da-abadia-da-agua-suja\/"},"author":{"name":"@sscc","@id":"https:\/\/www.padreeustaquio.com.br\/#\/schema\/person\/a2a51db1d00f1a7af0204a0f1ddb1566"},"headline":"Devotos de BH celebram Nossa Senhora da Abadia da \u00c1gua Suja","datePublished":"2020-08-17T12:19:12+00:00","mainEntityOfPage":{"@id":"https:\/\/www.padreeustaquio.com.br\/devotos-de-bh-celebram-nossa-senhora-da-abadia-da-agua-suja\/"},"wordCount":653,"commentCount":0,"publisher":{"@id":"https:\/\/www.padreeustaquio.com.br\/#organization"},"image":{"@id":"https:\/\/www.padreeustaquio.com.br\/devotos-de-bh-celebram-nossa-senhora-da-abadia-da-agua-suja\/#primaryimage"},"thumbnailUrl":"https:\/\/www.padreeustaquio.com.br\/wp-content\/uploads\/2020\/08\/WhatsApp-Image-2020-08-15-at-13.14.15.jpeg","articleSection":["Not\u00edcias"],"inLanguage":"es","potentialAction":[{"@type":"CommentAction","name":"Comment","target":["https:\/\/www.padreeustaquio.com.br\/devotos-de-bh-celebram-nossa-senhora-da-abadia-da-agua-suja\/#respond"]}]},{"@type":"WebPage","@id":"https:\/\/www.padreeustaquio.com.br\/devotos-de-bh-celebram-nossa-senhora-da-abadia-da-agua-suja\/","url":"https:\/\/www.padreeustaquio.com.br\/devotos-de-bh-celebram-nossa-senhora-da-abadia-da-agua-suja\/","name":"Devotos en Belo Horizonte celebran a Nuestra Se\u00f1ora de la Abad\u00eda de \u00c1gua Suja - Padre Eust\u00e1quio","isPartOf":{"@id":"https:\/\/www.padreeustaquio.com.br\/#website"},"primaryImageOfPage":{"@id":"https:\/\/www.padreeustaquio.com.br\/devotos-de-bh-celebram-nossa-senhora-da-abadia-da-agua-suja\/#primaryimage"},"image":{"@id":"https:\/\/www.padreeustaquio.com.br\/devotos-de-bh-celebram-nossa-senhora-da-abadia-da-agua-suja\/#primaryimage"},"thumbnailUrl":"https:\/\/www.padreeustaquio.com.br\/wp-content\/uploads\/2020\/08\/WhatsApp-Image-2020-08-15-at-13.14.15.jpeg","datePublished":"2020-08-17T12:19:12+00:00","breadcrumb":{"@id":"https:\/\/www.padreeustaquio.com.br\/devotos-de-bh-celebram-nossa-senhora-da-abadia-da-agua-suja\/#breadcrumb"},"inLanguage":"es","potentialAction":[{"@type":"ReadAction","target":["https:\/\/www.padreeustaquio.com.br\/devotos-de-bh-celebram-nossa-senhora-da-abadia-da-agua-suja\/"]}]},{"@type":"ImageObject","inLanguage":"es","@id":"https:\/\/www.padreeustaquio.com.br\/devotos-de-bh-celebram-nossa-senhora-da-abadia-da-agua-suja\/#primaryimage","url":"https:\/\/www.padreeustaquio.com.br\/wp-content\/uploads\/2020\/08\/WhatsApp-Image-2020-08-15-at-13.14.15.jpeg","contentUrl":"https:\/\/www.padreeustaquio.com.br\/wp-content\/uploads\/2020\/08\/WhatsApp-Image-2020-08-15-at-13.14.15.jpeg","width":1280,"height":720,"caption":"Altar do Santu\u00e1rio Saude e Paz com a imagem de Nossa Senhora da Abadia"},{"@type":"BreadcrumbList","@id":"https:\/\/www.padreeustaquio.com.br\/devotos-de-bh-celebram-nossa-senhora-da-abadia-da-agua-suja\/#breadcrumb","itemListElement":[{"@type":"ListItem","position":1,"name":"In\u00edcio","item":"https:\/\/www.padreeustaquio.com.br\/"},{"@type":"ListItem","position":2,"name":"Devotos de BH celebram Nossa Senhora da Abadia da \u00c1gua Suja"}]},{"@type":"WebSite","@id":"https:\/\/www.padreeustaquio.com.br\/#website","url":"https:\/\/www.padreeustaquio.com.br\/","name":"Padre Eustace","description":"Salud y Paz","publisher":{"@id":"https:\/\/www.padreeustaquio.com.br\/#organization"},"potentialAction":[{"@type":"SearchAction","target":{"@type":"EntryPoint","urlTemplate":"https:\/\/www.padreeustaquio.com.br\/?s={search_term_string}"},"query-input":{"@type":"PropertyValueSpecification","valueRequired":true,"valueName":"search_term_string"}}],"inLanguage":"es"},{"@type":"Organization","@id":"https:\/\/www.padreeustaquio.com.br\/#organization","name":"Padre Eustace","url":"https:\/\/www.padreeustaquio.com.br\/","logo":{"@type":"ImageObject","inLanguage":"es","@id":"https:\/\/www.padreeustaquio.com.br\/#\/schema\/logo\/image\/","url":"https:\/\/www.padreeustaquio.com.br\/wp-content\/uploads\/2019\/08\/marca.png","contentUrl":"https:\/\/www.padreeustaquio.com.br\/wp-content\/uploads\/2019\/08\/marca.png","width":350,"height":400,"caption":"Padre Eust\u00e1quio"},"image":{"@id":"https:\/\/www.padreeustaquio.com.br\/#\/schema\/logo\/image\/"},"sameAs":["https:\/\/www.facebook.com\/beatopadreeustaquio\/","https:\/\/x.com\/beatopeustaquio","https:\/\/www.instagram.com\/beatopadreeustaquio\/","https:\/\/www.youtube.com\/channel\/UCRhw7vfabnajwLxb1ZXMeIw"]},{"@type":"Person","@id":"https:\/\/www.padreeustaquio.com.br\/#\/schema\/person\/a2a51db1d00f1a7af0204a0f1ddb1566","name":"@sscc","image":{"@type":"ImageObject","inLanguage":"es","@id":"https:\/\/secure.gravatar.com\/avatar\/68cfafa5f44617fea54071e215026e0ff06be366c3d54a8425f04fdcb86f8c5f?s=96&d=mm&r=g","url":"https:\/\/secure.gravatar.com\/avatar\/68cfafa5f44617fea54071e215026e0ff06be366c3d54a8425f04fdcb86f8c5f?s=96&d=mm&r=g","contentUrl":"https:\/\/secure.gravatar.com\/avatar\/68cfafa5f44617fea54071e215026e0ff06be366c3d54a8425f04fdcb86f8c5f?s=96&d=mm&r=g","caption":"@sscc"},"url":"https:\/\/www.padreeustaquio.com.br\/es\/author\/sscc\/"}]}},"_links":{"self":[{"href":"https:\/\/www.padreeustaquio.com.br\/es\/wp-json\/wp\/v2\/posts\/4519","targetHints":{"allow":["GET"]}}],"collection":[{"href":"https:\/\/www.padreeustaquio.com.br\/es\/wp-json\/wp\/v2\/posts"}],"about":[{"href":"https:\/\/www.padreeustaquio.com.br\/es\/wp-json\/wp\/v2\/types\/post"}],"author":[{"embeddable":true,"href":"https:\/\/www.padreeustaquio.com.br\/es\/wp-json\/wp\/v2\/users\/2"}],"replies":[{"embeddable":true,"href":"https:\/\/www.padreeustaquio.com.br\/es\/wp-json\/wp\/v2\/comments?post=4519"}],"version-history":[{"count":0,"href":"https:\/\/www.padreeustaquio.com.br\/es\/wp-json\/wp\/v2\/posts\/4519\/revisions"}],"wp:featuredmedia":[{"embeddable":true,"href":"https:\/\/www.padreeustaquio.com.br\/es\/wp-json\/wp\/v2\/media\/4520"}],"wp:attachment":[{"href":"https:\/\/www.padreeustaquio.com.br\/es\/wp-json\/wp\/v2\/media?parent=4519"}],"wp:term":[{"taxonomy":"category","embeddable":true,"href":"https:\/\/www.padreeustaquio.com.br\/es\/wp-json\/wp\/v2\/categories?post=4519"},{"taxonomy":"post_tag","embeddable":true,"href":"https:\/\/www.padreeustaquio.com.br\/es\/wp-json\/wp\/v2\/tags?post=4519"}],"curies":[{"name":"wp","href":"https:\/\/api.w.org\/{rel}","templated":true}]}}