{"id":4515,"date":"2020-08-11T11:01:27","date_gmt":"2020-08-11T14:01:27","guid":{"rendered":"https:\/\/www.padreeustaquio.com.br\/?p=4515"},"modified":"2021-01-16T12:03:33","modified_gmt":"2021-01-16T15:03:33","slug":"la-iglesia-concluye-el-ano-sacerdotal-del-padre-eustaquio-en-linea","status":"publish","type":"post","link":"https:\/\/www.padreeustaquio.com.br\/es\/la-iglesia-concluye-el-ano-sacerdotal-del-padre-eustaquio-en-linea\/","title":{"rendered":"La Iglesia concluye el A\u00f1o Sacerdotal del Padre Eust\u00e1quio en l\u00ednea."},"content":{"rendered":"<p>Hace un a\u00f1o, el Arzobispo Metropolitano de Belo Horizonte, Dom Walmor Oliveira de Azevedo, concedi\u00f3 a los devotos del Beato Padre Eust\u00e1quio un a\u00f1o de indulgencias por su A\u00f1o Sacerdotal. Al acercarse este per\u00edodo a su fin, \u00a1oremos por las vocaciones en todo el mundo! Las fotos muestran al Padre Eust\u00e1quio celebrando la misa a mediados de la d\u00e9cada de 1930 y el Decreto de Indulgencia firmado por el arzobispo.<\/p>\n<p>El documento prev\u00e9 la concesi\u00f3n de indulgencias a los fieles que participaron en las celebraciones jubilares del centenario de la ordenaci\u00f3n sacerdotal del Padre Eust\u00e1quio, hasta el 10 de agosto. En este \u00faltimo d\u00eda, recen por las vocaciones en todo el mundo; sugerimos un Padrenuestro y un Avemar\u00eda.<\/p>\n<p>\u00a1Beato Padre Eustaquio, ruega por nosotros!<\/p>","protected":false},"excerpt":{"rendered":"<p>H\u00e1 um ano o Arcebispo Metropolitano de Belo Horizonte, Dom Walmor Oliveira de Azevedo concedia, aos devotos do Beato Padre Eust\u00e1quio, 1 ano de indulg\u00eancias pelo Ano Sacerdotal do Bem-Aventurado. Chegando ao fim desse per\u00edodo, vamos rezar pelas voca\u00e7\u00f5es no mundo todo! Nas fotos, Padre Eust\u00e1quio celebrando em meados de 1930 e o Decreto de Indulg\u00eancia assinado pelo arcebispo. O documento prev\u00ea a concess\u00e3o da indulg\u00eancia aos fi\u00e9is que parciparam das comemora\u00e7\u00f5es jubilares dos 100 anos de Ordena\u00e7\u00e3o Sacerdotal de Padre Eust\u00e1quio, at\u00e9 o dia 10 de agosto. Neste \u00faltimo dia, reze pelas voca\u00e7\u00f5es pelo mundo, sugerimos um Pai-Nosso e [&hellip;]<\/p>\n","protected":false},"author":2,"featured_media":4516,"comment_status":"open","ping_status":"open","sticky":false,"template":"","format":"standard","meta":{"_acf_changed":false,"footnotes":""},"categories":[611],"tags":[],"class_list":["post-4515","post","type-post","status-publish","format-standard","has-post-thumbnail","hentry","category-noticias"],"acf":[],"yoast_head":"<!-- This site is optimized with the Yoast SEO plugin v27.2 - https:\/\/yoast.com\/product\/yoast-seo-wordpress\/ -->\n<title>Igreja encerra Ano Sacerdotal de Padre Eust\u00e1quio de forma online - Padre Eust\u00e1quio<\/title>\n<meta name=\"robots\" content=\"index, follow, max-snippet:-1, max-image-preview:large, max-video-preview:-1\" \/>\n<link rel=\"canonical\" href=\"https:\/\/www.padreeustaquio.com.br\/es\/la-iglesia-concluye-el-ano-sacerdotal-del-padre-eustaquio-en-linea\/\" \/>\n<meta property=\"og:locale\" content=\"es_ES\" \/>\n<meta property=\"og:type\" content=\"article\" \/>\n<meta property=\"og:title\" content=\"Igreja encerra Ano Sacerdotal de Padre Eust\u00e1quio de forma online - Padre Eust\u00e1quio\" \/>\n<meta property=\"og:description\" content=\"H\u00e1 um ano o Arcebispo Metropolitano de Belo Horizonte, Dom Walmor Oliveira de Azevedo concedia, aos devotos do Beato Padre Eust\u00e1quio, 1 ano de indulg\u00eancias pelo Ano Sacerdotal do Bem-Aventurado. Chegando ao fim desse per\u00edodo, vamos rezar pelas voca\u00e7\u00f5es no mundo todo! Nas fotos, Padre Eust\u00e1quio celebrando em meados de 1930 e o Decreto de Indulg\u00eancia assinado pelo arcebispo. O documento prev\u00ea a concess\u00e3o da indulg\u00eancia aos fi\u00e9is que parciparam das comemora\u00e7\u00f5es jubilares dos 100 anos de Ordena\u00e7\u00e3o Sacerdotal de Padre Eust\u00e1quio, at\u00e9 o dia 10 de agosto. Neste \u00faltimo dia, reze pelas voca\u00e7\u00f5es pelo mundo, sugerimos um Pai-Nosso e [&hellip;]\" \/>\n<meta property=\"og:url\" content=\"https:\/\/www.padreeustaquio.com.br\/es\/la-iglesia-concluye-el-ano-sacerdotal-del-padre-eustaquio-en-linea\/\" \/>\n<meta property=\"og:site_name\" content=\"Padre Eust\u00e1quio\" \/>\n<meta property=\"article:publisher\" content=\"https:\/\/www.facebook.com\/beatopadreeustaquio\/\" \/>\n<meta property=\"article:published_time\" content=\"2020-08-11T14:01:27+00:00\" \/>\n<meta property=\"article:modified_time\" content=\"2021-01-16T15:03:33+00:00\" \/>\n<meta property=\"og:image\" content=\"https:\/\/www.padreeustaquio.com.br\/wp-content\/uploads\/2020\/08\/FIM-DA-IDULGENCIA.jpg\" \/>\n\t<meta property=\"og:image:width\" content=\"748\" \/>\n\t<meta property=\"og:image:height\" content=\"394\" \/>\n\t<meta property=\"og:image:type\" content=\"image\/jpeg\" \/>\n<meta name=\"author\" content=\"@sscc\" \/>\n<meta name=\"twitter:card\" content=\"summary_large_image\" \/>\n<meta name=\"twitter:creator\" content=\"@beatopeustaquio\" \/>\n<meta name=\"twitter:site\" content=\"@beatopeustaquio\" \/>\n<meta name=\"twitter:label1\" content=\"Escrito por\" \/>\n\t<meta name=\"twitter:data1\" content=\"@sscc\" \/>\n\t<meta name=\"twitter:label2\" content=\"Tiempo de lectura\" \/>\n\t<meta name=\"twitter:data2\" content=\"1 minuto\" \/>\n<script type=\"application\/ld+json\" class=\"yoast-schema-graph\">{\"@context\":\"https:\/\/schema.org\",\"@graph\":[{\"@type\":\"Article\",\"@id\":\"https:\/\/www.padreeustaquio.com.br\/igreja_encerra_ano_sacerdotal_de_padre_eustaquio_de_forma_online\/#article\",\"isPartOf\":{\"@id\":\"https:\/\/www.padreeustaquio.com.br\/igreja_encerra_ano_sacerdotal_de_padre_eustaquio_de_forma_online\/\"},\"author\":{\"name\":\"@sscc\",\"@id\":\"https:\/\/www.padreeustaquio.com.br\/#\/schema\/person\/a2a51db1d00f1a7af0204a0f1ddb1566\"},\"headline\":\"Igreja encerra Ano Sacerdotal de Padre Eust\u00e1quio de forma online\",\"datePublished\":\"2020-08-11T14:01:27+00:00\",\"dateModified\":\"2021-01-16T15:03:33+00:00\",\"mainEntityOfPage\":{\"@id\":\"https:\/\/www.padreeustaquio.com.br\/igreja_encerra_ano_sacerdotal_de_padre_eustaquio_de_forma_online\/\"},\"wordCount\":130,\"commentCount\":0,\"publisher\":{\"@id\":\"https:\/\/www.padreeustaquio.com.br\/#organization\"},\"image\":{\"@id\":\"https:\/\/www.padreeustaquio.com.br\/igreja_encerra_ano_sacerdotal_de_padre_eustaquio_de_forma_online\/#primaryimage\"},\"thumbnailUrl\":\"https:\/\/www.padreeustaquio.com.br\/wp-content\/uploads\/2020\/08\/FIM-DA-IDULGENCIA.jpg\",\"articleSection\":[\"Not\u00edcias\"],\"inLanguage\":\"es\",\"potentialAction\":[{\"@type\":\"CommentAction\",\"name\":\"Comment\",\"target\":[\"https:\/\/www.padreeustaquio.com.br\/igreja_encerra_ano_sacerdotal_de_padre_eustaquio_de_forma_online\/#respond\"]}]},{\"@type\":\"WebPage\",\"@id\":\"https:\/\/www.padreeustaquio.com.br\/igreja_encerra_ano_sacerdotal_de_padre_eustaquio_de_forma_online\/\",\"url\":\"https:\/\/www.padreeustaquio.com.br\/igreja_encerra_ano_sacerdotal_de_padre_eustaquio_de_forma_online\/\",\"name\":\"Igreja encerra Ano Sacerdotal de Padre Eust\u00e1quio de forma online - Padre Eust\u00e1quio\",\"isPartOf\":{\"@id\":\"https:\/\/www.padreeustaquio.com.br\/#website\"},\"primaryImageOfPage\":{\"@id\":\"https:\/\/www.padreeustaquio.com.br\/igreja_encerra_ano_sacerdotal_de_padre_eustaquio_de_forma_online\/#primaryimage\"},\"image\":{\"@id\":\"https:\/\/www.padreeustaquio.com.br\/igreja_encerra_ano_sacerdotal_de_padre_eustaquio_de_forma_online\/#primaryimage\"},\"thumbnailUrl\":\"https:\/\/www.padreeustaquio.com.br\/wp-content\/uploads\/2020\/08\/FIM-DA-IDULGENCIA.jpg\",\"datePublished\":\"2020-08-11T14:01:27+00:00\",\"dateModified\":\"2021-01-16T15:03:33+00:00\",\"breadcrumb\":{\"@id\":\"https:\/\/www.padreeustaquio.com.br\/igreja_encerra_ano_sacerdotal_de_padre_eustaquio_de_forma_online\/#breadcrumb\"},\"inLanguage\":\"es\",\"potentialAction\":[{\"@type\":\"ReadAction\",\"target\":[\"https:\/\/www.padreeustaquio.com.br\/igreja_encerra_ano_sacerdotal_de_padre_eustaquio_de_forma_online\/\"]}]},{\"@type\":\"ImageObject\",\"inLanguage\":\"es\",\"@id\":\"https:\/\/www.padreeustaquio.com.br\/igreja_encerra_ano_sacerdotal_de_padre_eustaquio_de_forma_online\/#primaryimage\",\"url\":\"https:\/\/www.padreeustaquio.com.br\/wp-content\/uploads\/2020\/08\/FIM-DA-IDULGENCIA.jpg\",\"contentUrl\":\"https:\/\/www.padreeustaquio.com.br\/wp-content\/uploads\/2020\/08\/FIM-DA-IDULGENCIA.jpg\",\"width\":748,\"height\":394},{\"@type\":\"BreadcrumbList\",\"@id\":\"https:\/\/www.padreeustaquio.com.br\/igreja_encerra_ano_sacerdotal_de_padre_eustaquio_de_forma_online\/#breadcrumb\",\"itemListElement\":[{\"@type\":\"ListItem\",\"position\":1,\"name\":\"In\u00edcio\",\"item\":\"https:\/\/www.padreeustaquio.com.br\/\"},{\"@type\":\"ListItem\",\"position\":2,\"name\":\"Igreja encerra Ano Sacerdotal de Padre Eust\u00e1quio de forma online\"}]},{\"@type\":\"WebSite\",\"@id\":\"https:\/\/www.padreeustaquio.com.br\/#website\",\"url\":\"https:\/\/www.padreeustaquio.com.br\/\",\"name\":\"Padre Eust\u00e1quio\",\"description\":\"Sa\u00fade e Paz\",\"publisher\":{\"@id\":\"https:\/\/www.padreeustaquio.com.br\/#organization\"},\"potentialAction\":[{\"@type\":\"SearchAction\",\"target\":{\"@type\":\"EntryPoint\",\"urlTemplate\":\"https:\/\/www.padreeustaquio.com.br\/?s={search_term_string}\"},\"query-input\":{\"@type\":\"PropertyValueSpecification\",\"valueRequired\":true,\"valueName\":\"search_term_string\"}}],\"inLanguage\":\"es\"},{\"@type\":\"Organization\",\"@id\":\"https:\/\/www.padreeustaquio.com.br\/#organization\",\"name\":\"Padre Eust\u00e1quio\",\"url\":\"https:\/\/www.padreeustaquio.com.br\/\",\"logo\":{\"@type\":\"ImageObject\",\"inLanguage\":\"es\",\"@id\":\"https:\/\/www.padreeustaquio.com.br\/#\/schema\/logo\/image\/\",\"url\":\"https:\/\/www.padreeustaquio.com.br\/wp-content\/uploads\/2019\/08\/marca.png\",\"contentUrl\":\"https:\/\/www.padreeustaquio.com.br\/wp-content\/uploads\/2019\/08\/marca.png\",\"width\":350,\"height\":400,\"caption\":\"Padre Eust\u00e1quio\"},\"image\":{\"@id\":\"https:\/\/www.padreeustaquio.com.br\/#\/schema\/logo\/image\/\"},\"sameAs\":[\"https:\/\/www.facebook.com\/beatopadreeustaquio\/\",\"https:\/\/x.com\/beatopeustaquio\",\"https:\/\/www.instagram.com\/beatopadreeustaquio\/\",\"https:\/\/www.youtube.com\/channel\/UCRhw7vfabnajwLxb1ZXMeIw\"]},{\"@type\":\"Person\",\"@id\":\"https:\/\/www.padreeustaquio.com.br\/#\/schema\/person\/a2a51db1d00f1a7af0204a0f1ddb1566\",\"name\":\"@sscc\",\"image\":{\"@type\":\"ImageObject\",\"inLanguage\":\"es\",\"@id\":\"https:\/\/secure.gravatar.com\/avatar\/68cfafa5f44617fea54071e215026e0ff06be366c3d54a8425f04fdcb86f8c5f?s=96&d=mm&r=g\",\"url\":\"https:\/\/secure.gravatar.com\/avatar\/68cfafa5f44617fea54071e215026e0ff06be366c3d54a8425f04fdcb86f8c5f?s=96&d=mm&r=g\",\"contentUrl\":\"https:\/\/secure.gravatar.com\/avatar\/68cfafa5f44617fea54071e215026e0ff06be366c3d54a8425f04fdcb86f8c5f?s=96&d=mm&r=g\",\"caption\":\"@sscc\"},\"url\":\"https:\/\/www.padreeustaquio.com.br\/es\/author\/sscc\/\"}]}<\/script>\n<!-- \/ Yoast SEO plugin. -->","yoast_head_json":{"title":"La Iglesia concluye el A\u00f1o Sacerdotal del Padre Eust\u00e1quio en l\u00ednea - Padre Eust\u00e1quio","robots":{"index":"index","follow":"follow","max-snippet":"max-snippet:-1","max-image-preview":"max-image-preview:large","max-video-preview":"max-video-preview:-1"},"canonical":"https:\/\/www.padreeustaquio.com.br\/es\/la-iglesia-concluye-el-ano-sacerdotal-del-padre-eustaquio-en-linea\/","og_locale":"es_ES","og_type":"article","og_title":"Igreja encerra Ano Sacerdotal de Padre Eust\u00e1quio de forma online - Padre Eust\u00e1quio","og_description":"H\u00e1 um ano o Arcebispo Metropolitano de Belo Horizonte, Dom Walmor Oliveira de Azevedo concedia, aos devotos do Beato Padre Eust\u00e1quio, 1 ano de indulg\u00eancias pelo Ano Sacerdotal do Bem-Aventurado. Chegando ao fim desse per\u00edodo, vamos rezar pelas voca\u00e7\u00f5es no mundo todo! Nas fotos, Padre Eust\u00e1quio celebrando em meados de 1930 e o Decreto de Indulg\u00eancia assinado pelo arcebispo. O documento prev\u00ea a concess\u00e3o da indulg\u00eancia aos fi\u00e9is que parciparam das comemora\u00e7\u00f5es jubilares dos 100 anos de Ordena\u00e7\u00e3o Sacerdotal de Padre Eust\u00e1quio, at\u00e9 o dia 10 de agosto. Neste \u00faltimo dia, reze pelas voca\u00e7\u00f5es pelo mundo, sugerimos um Pai-Nosso e [&hellip;]","og_url":"https:\/\/www.padreeustaquio.com.br\/es\/la-iglesia-concluye-el-ano-sacerdotal-del-padre-eustaquio-en-linea\/","og_site_name":"Padre Eust\u00e1quio","article_publisher":"https:\/\/www.facebook.com\/beatopadreeustaquio\/","article_published_time":"2020-08-11T14:01:27+00:00","article_modified_time":"2021-01-16T15:03:33+00:00","og_image":[{"width":748,"height":394,"url":"https:\/\/www.padreeustaquio.com.br\/wp-content\/uploads\/2020\/08\/FIM-DA-IDULGENCIA.jpg","type":"image\/jpeg"}],"author":"@sscc","twitter_card":"summary_large_image","twitter_creator":"@beatopeustaquio","twitter_site":"@beatopeustaquio","twitter_misc":{"Escrito por":"@sscc","Tiempo de lectura":"1 minuto"},"schema":{"@context":"https:\/\/schema.org","@graph":[{"@type":"Article","@id":"https:\/\/www.padreeustaquio.com.br\/igreja_encerra_ano_sacerdotal_de_padre_eustaquio_de_forma_online\/#article","isPartOf":{"@id":"https:\/\/www.padreeustaquio.com.br\/igreja_encerra_ano_sacerdotal_de_padre_eustaquio_de_forma_online\/"},"author":{"name":"@sscc","@id":"https:\/\/www.padreeustaquio.com.br\/#\/schema\/person\/a2a51db1d00f1a7af0204a0f1ddb1566"},"headline":"Igreja encerra Ano Sacerdotal de Padre Eust\u00e1quio de forma online","datePublished":"2020-08-11T14:01:27+00:00","dateModified":"2021-01-16T15:03:33+00:00","mainEntityOfPage":{"@id":"https:\/\/www.padreeustaquio.com.br\/igreja_encerra_ano_sacerdotal_de_padre_eustaquio_de_forma_online\/"},"wordCount":130,"commentCount":0,"publisher":{"@id":"https:\/\/www.padreeustaquio.com.br\/#organization"},"image":{"@id":"https:\/\/www.padreeustaquio.com.br\/igreja_encerra_ano_sacerdotal_de_padre_eustaquio_de_forma_online\/#primaryimage"},"thumbnailUrl":"https:\/\/www.padreeustaquio.com.br\/wp-content\/uploads\/2020\/08\/FIM-DA-IDULGENCIA.jpg","articleSection":["Not\u00edcias"],"inLanguage":"es","potentialAction":[{"@type":"CommentAction","name":"Comment","target":["https:\/\/www.padreeustaquio.com.br\/igreja_encerra_ano_sacerdotal_de_padre_eustaquio_de_forma_online\/#respond"]}]},{"@type":"WebPage","@id":"https:\/\/www.padreeustaquio.com.br\/igreja_encerra_ano_sacerdotal_de_padre_eustaquio_de_forma_online\/","url":"https:\/\/www.padreeustaquio.com.br\/igreja_encerra_ano_sacerdotal_de_padre_eustaquio_de_forma_online\/","name":"La Iglesia concluye el A\u00f1o Sacerdotal del Padre Eust\u00e1quio en l\u00ednea - Padre Eust\u00e1quio","isPartOf":{"@id":"https:\/\/www.padreeustaquio.com.br\/#website"},"primaryImageOfPage":{"@id":"https:\/\/www.padreeustaquio.com.br\/igreja_encerra_ano_sacerdotal_de_padre_eustaquio_de_forma_online\/#primaryimage"},"image":{"@id":"https:\/\/www.padreeustaquio.com.br\/igreja_encerra_ano_sacerdotal_de_padre_eustaquio_de_forma_online\/#primaryimage"},"thumbnailUrl":"https:\/\/www.padreeustaquio.com.br\/wp-content\/uploads\/2020\/08\/FIM-DA-IDULGENCIA.jpg","datePublished":"2020-08-11T14:01:27+00:00","dateModified":"2021-01-16T15:03:33+00:00","breadcrumb":{"@id":"https:\/\/www.padreeustaquio.com.br\/igreja_encerra_ano_sacerdotal_de_padre_eustaquio_de_forma_online\/#breadcrumb"},"inLanguage":"es","potentialAction":[{"@type":"ReadAction","target":["https:\/\/www.padreeustaquio.com.br\/igreja_encerra_ano_sacerdotal_de_padre_eustaquio_de_forma_online\/"]}]},{"@type":"ImageObject","inLanguage":"es","@id":"https:\/\/www.padreeustaquio.com.br\/igreja_encerra_ano_sacerdotal_de_padre_eustaquio_de_forma_online\/#primaryimage","url":"https:\/\/www.padreeustaquio.com.br\/wp-content\/uploads\/2020\/08\/FIM-DA-IDULGENCIA.jpg","contentUrl":"https:\/\/www.padreeustaquio.com.br\/wp-content\/uploads\/2020\/08\/FIM-DA-IDULGENCIA.jpg","width":748,"height":394},{"@type":"BreadcrumbList","@id":"https:\/\/www.padreeustaquio.com.br\/igreja_encerra_ano_sacerdotal_de_padre_eustaquio_de_forma_online\/#breadcrumb","itemListElement":[{"@type":"ListItem","position":1,"name":"In\u00edcio","item":"https:\/\/www.padreeustaquio.com.br\/"},{"@type":"ListItem","position":2,"name":"Igreja encerra Ano Sacerdotal de Padre Eust\u00e1quio de forma online"}]},{"@type":"WebSite","@id":"https:\/\/www.padreeustaquio.com.br\/#website","url":"https:\/\/www.padreeustaquio.com.br\/","name":"Padre Eustace","description":"Salud y Paz","publisher":{"@id":"https:\/\/www.padreeustaquio.com.br\/#organization"},"potentialAction":[{"@type":"SearchAction","target":{"@type":"EntryPoint","urlTemplate":"https:\/\/www.padreeustaquio.com.br\/?s={search_term_string}"},"query-input":{"@type":"PropertyValueSpecification","valueRequired":true,"valueName":"search_term_string"}}],"inLanguage":"es"},{"@type":"Organization","@id":"https:\/\/www.padreeustaquio.com.br\/#organization","name":"Padre Eustace","url":"https:\/\/www.padreeustaquio.com.br\/","logo":{"@type":"ImageObject","inLanguage":"es","@id":"https:\/\/www.padreeustaquio.com.br\/#\/schema\/logo\/image\/","url":"https:\/\/www.padreeustaquio.com.br\/wp-content\/uploads\/2019\/08\/marca.png","contentUrl":"https:\/\/www.padreeustaquio.com.br\/wp-content\/uploads\/2019\/08\/marca.png","width":350,"height":400,"caption":"Padre Eust\u00e1quio"},"image":{"@id":"https:\/\/www.padreeustaquio.com.br\/#\/schema\/logo\/image\/"},"sameAs":["https:\/\/www.facebook.com\/beatopadreeustaquio\/","https:\/\/x.com\/beatopeustaquio","https:\/\/www.instagram.com\/beatopadreeustaquio\/","https:\/\/www.youtube.com\/channel\/UCRhw7vfabnajwLxb1ZXMeIw"]},{"@type":"Person","@id":"https:\/\/www.padreeustaquio.com.br\/#\/schema\/person\/a2a51db1d00f1a7af0204a0f1ddb1566","name":"@sscc","image":{"@type":"ImageObject","inLanguage":"es","@id":"https:\/\/secure.gravatar.com\/avatar\/68cfafa5f44617fea54071e215026e0ff06be366c3d54a8425f04fdcb86f8c5f?s=96&d=mm&r=g","url":"https:\/\/secure.gravatar.com\/avatar\/68cfafa5f44617fea54071e215026e0ff06be366c3d54a8425f04fdcb86f8c5f?s=96&d=mm&r=g","contentUrl":"https:\/\/secure.gravatar.com\/avatar\/68cfafa5f44617fea54071e215026e0ff06be366c3d54a8425f04fdcb86f8c5f?s=96&d=mm&r=g","caption":"@sscc"},"url":"https:\/\/www.padreeustaquio.com.br\/es\/author\/sscc\/"}]}},"_links":{"self":[{"href":"https:\/\/www.padreeustaquio.com.br\/es\/wp-json\/wp\/v2\/posts\/4515","targetHints":{"allow":["GET"]}}],"collection":[{"href":"https:\/\/www.padreeustaquio.com.br\/es\/wp-json\/wp\/v2\/posts"}],"about":[{"href":"https:\/\/www.padreeustaquio.com.br\/es\/wp-json\/wp\/v2\/types\/post"}],"author":[{"embeddable":true,"href":"https:\/\/www.padreeustaquio.com.br\/es\/wp-json\/wp\/v2\/users\/2"}],"replies":[{"embeddable":true,"href":"https:\/\/www.padreeustaquio.com.br\/es\/wp-json\/wp\/v2\/comments?post=4515"}],"version-history":[{"count":0,"href":"https:\/\/www.padreeustaquio.com.br\/es\/wp-json\/wp\/v2\/posts\/4515\/revisions"}],"wp:featuredmedia":[{"embeddable":true,"href":"https:\/\/www.padreeustaquio.com.br\/es\/wp-json\/wp\/v2\/media\/4516"}],"wp:attachment":[{"href":"https:\/\/www.padreeustaquio.com.br\/es\/wp-json\/wp\/v2\/media?parent=4515"}],"wp:term":[{"taxonomy":"category","embeddable":true,"href":"https:\/\/www.padreeustaquio.com.br\/es\/wp-json\/wp\/v2\/categories?post=4515"},{"taxonomy":"post_tag","embeddable":true,"href":"https:\/\/www.padreeustaquio.com.br\/es\/wp-json\/wp\/v2\/tags?post=4515"}],"curies":[{"name":"wp","href":"https:\/\/api.w.org\/{rel}","templated":true}]}}