{"id":4434,"date":"2020-07-21T09:06:12","date_gmt":"2020-07-21T12:06:12","guid":{"rendered":"https:\/\/www.padreeustaquio.com.br\/?p=4434"},"modified":"2020-07-21T09:07:22","modified_gmt":"2020-07-21T12:07:22","slug":"catequesis-para-el-bautismo-y-la-confirmacion-a-traves-de-los-medios-de-comunicacion","status":"publish","type":"post","link":"https:\/\/www.padreeustaquio.com.br\/es\/catequesis-para-el-bautismo-y-la-confirmacion-a-traves-de-los-medios-de-comunicacion\/","title":{"rendered":"Catequesis para el Bautismo y la Confirmaci\u00f3n a trav\u00e9s de los medios de comunicaci\u00f3n."},"content":{"rendered":"<p>La Secretar\u00eda B\u00edblico-Catequ\u00e9tica Arquidiocesana (Sabic) y la Red Catedralicia de Comunicaci\u00f3n Cat\u00f3lica est\u00e1n transmitiendo, hasta finales de julio, una serie de programas que ofrecen formaci\u00f3n catequ\u00e9tica a los fieles, especialmente a aquellos que se preparan para los sacramentos del Bautismo y la Confirmaci\u00f3n.<\/p>\n<p>Hasta la \u00faltima semana de julio, los s\u00e1bados, pod\u00e9is seguir la Catequesis de Confirmaci\u00f3n en\u00a0<strong>2:30 p. m.<\/strong>\u00a0Para el\u00a0<strong>Radio Am\u00e9rica<\/strong>\u00a0(AM-750) y en\u00a0<strong>5:30 p. m.<\/strong>\u00a0Para el\u00a0<strong>Televisi\u00f3n Horizon\u00a0<\/strong>(Canal 30 \u2013 se\u00f1al abierta y gratuita). Todos est\u00e1n invitados a ver los programas, cuidadosamente preparados por la Secretar\u00eda B\u00edblico-Catequ\u00e9tica de la Arquidi\u00f3cesis de Belo Horizonte.<\/p>\n<p>Las Reuniones de Bautismos ya han finalizado, pero pod\u00e9is acceder a ellas a trav\u00e9s del canal de\u00a0<strong>Canal de YouTube de TV Horizonte.\u00a0<\/strong>Todos los contenidos ofrecidos en formaci\u00f3n catequ\u00e9tica, incluida la serie completa, tambi\u00e9n estar\u00e1n disponibles para las comunidades de fe (<a href=\"https:\/\/www.youtube.com\/user\/tvhorizonte\">haga clic aqu\u00ed<\/a>).<\/p>\n<p>El per\u00edodo de formaci\u00f3n, m\u00e1s que simplemente preparar a los fieles para recibir los sacramentos, busca contribuir al crecimiento de todos en la misi\u00f3n de evangelizar y a capacitarlos para vivir las ense\u00f1anzas de Jes\u00fas en su vida diaria, ya sea en el hogar, en el trabajo o en otros \u00e1mbitos de la sociedad.<\/p>\n<p>Con el objetivo de orientar a las comunidades de fe sobre c\u00f3mo es y ser\u00e1 esta nueva forma de catequesis, preparada para el actual per\u00edodo de aislamiento social, Sabic y Rede Catedral presentan un breve documento que detalla el tema de cada encuentro y la metodolog\u00eda a adoptar. El texto completo se encuentra al final de este art\u00edculo.<\/p>\n<p>A trav\u00e9s de estos programas, TV Horizonte y el Secretariado B\u00edblico-Catequ\u00e9tico Arquidiocesano ofrecen una importante contribuci\u00f3n a la formaci\u00f3n de los fieles durante este tiempo de aislamiento social para combatir la pandemia de COVID-19. Durante el aislamiento, los fieles no pueden congregarse en las iglesias. Sin embargo, con la ayuda de los medios de comunicaci\u00f3n, maduran en su experiencia de fe desde sus hogares.<\/p>\n<p><strong>Orientaciones Sabic sobre la catequesis a trav\u00e9s de los medios de comunicaci\u00f3n.<\/strong><\/p>\n<p><strong>Catequesis de Confirmaci\u00f3n y Bautismo<br \/>\nen TV Horizonte y Radio Am\u00e9rica<\/strong><\/p>\n<p>El Secretariado B\u00edblico-Catequ\u00e9tico Arquidiocesano y la Red Catedralicia (Radio Am\u00e9rica y TV Horizonte) han desarrollado, en tiempos de aislamiento social, cuando no es posible tener reuniones de catequesis presenciales, encuentros en formato de audio y video para quienes se preparan para la Confirmaci\u00f3n, as\u00ed como padres y padrinos de catequesis bautismal.<\/p>\n<p>Los encuentros fueron preparados por catequistas muy experimentados y grabados en los estudios de TV Horizonte y R\u00e1dio Am\u00e9rica.<\/p>\n<p>Los v\u00eddeos de los encuentros tambi\u00e9n estar\u00e1n disponibles en el canal de YouTube de TV Horizonte.<\/p>\n<p><strong>Respecto a la catequesis de la Confirmaci\u00f3n:<\/strong><\/p>\n<ol>\n<li>Se emitir\u00e1n doce episodios, siempre los s\u00e1bados, a las 17:30 horas en TV Horizonte y a las 14:30 horas en R\u00e1dio Am\u00e9rica.<\/li>\n<li>Quienes se preparan para el Sacramento de la Confirmaci\u00f3n, que ya han iniciado sus estudios, podr\u00e1n continuar su formaci\u00f3n a trav\u00e9s de Radio Am\u00e9rica, TV Horizonte o YouTube.<\/li>\n<li>Luego de la transmisi\u00f3n del encuentro en Rede Catedral, el catequista de confirmaci\u00f3n puede organizar conversaciones v\u00eda WhatsApp u otra red social con su grupo de confirmandos sobre el tema presentado esa semana.<\/li>\n<li>Los candidatos a la confirmaci\u00f3n deben mirar los videos con atenci\u00f3n, anotar cualquier pregunta, completar las lecturas b\u00edblicas asignadas y compartir sus hallazgos con el catequista.<\/li>\n<li>Al reanudarse las reuniones en persona, cuando sea posible (probablemente a partir de agosto), el catequista mantendr\u00e1 reuniones con los candidatos a la confirmaci\u00f3n para compartir informaci\u00f3n sobre los videos que vieron y tambi\u00e9n para abordar cualquier pregunta que pueda haber surgido.<\/li>\n<li>Las Directrices de Catequesis de nuestra Arquidi\u00f3cesis estipulan que la catequesis de Confirmaci\u00f3n debe tener al menos\u00a0<strong>30 reuniones<\/strong>. Por eso, despu\u00e9s de la cuarentena, los catequistas deber\u00e1n continuar con los temas que no fueron abordados en detalle durante los 12 encuentros que ofreci\u00f3 la Red Catedralicia.<\/li>\n<li>Los temas de las 12 reuniones ser\u00e1n los siguientes:<\/li>\n<\/ol>\n<ul>\n<li>Muerte y resurrecci\u00f3n de Jes\u00fas<\/li>\n<li>Jes\u00fas y el Reino de Dios<\/li>\n<li>Seguir a Jes\u00fas hoy: ser libre<\/li>\n<li>Seguir a Jes\u00fas hoy: amar sin l\u00edmites.<\/li>\n<li>El Esp\u00edritu Santo: la acci\u00f3n de Jes\u00fas en la vida humana<\/li>\n<li>La Iglesia, comunidad que contin\u00faa la misi\u00f3n de Jes\u00fas.<\/li>\n<li>Los sacramentos, signos de la gracia de Dios en la vida humana.<\/li>\n<li>El sacramento del bautismo<\/li>\n<li>El sacramento de la Confirmaci\u00f3n<\/li>\n<li>Eucarist\u00eda: ra\u00edz y centro de la vida cristiana<\/li>\n<li>El perd\u00f3n es sagrado: el retorno a Dios y a la comunidad.<\/li>\n<li>Por confirmar: fe en la vida, fe en la humanidad, fe en lo que vendr\u00e1\u2026<\/li>\n<\/ul>\n<p><strong>Sobre la catequesis bautismal<\/strong><\/p>\n<ol>\n<li>Se transmitir\u00e1n por la Red Catedral nueve sesiones para catequesis con padres de familia que ya tuvieron o tendr\u00e1n hijos en los pr\u00f3ximos meses y bautizar\u00e1n al ni\u00f1o en su comunidad parroquial, cuando sea posible, despu\u00e9s de la cuarentena.<\/li>\n<li>Los encuentros ser\u00e1n transmitidos todos los s\u00e1bados a las 17 horas por TV Horizonte y a las 14 horas por R\u00e1dio Am\u00e9rica.<\/li>\n<li>Los padrinos (si ya fueron elegidos) tambi\u00e9n deber\u00e1n asistir.<\/li>\n<li>Si los padres ya se han inscrito para la catequesis del Bautismo en la parroquia, los catequistas deben comunicarse con ellos, pedirles asistir a las reuniones y anotar cualquier pregunta.<\/li>\n<li>Cuando sea posible, los catequistas de Bautismo pueden programar (una vez por semana, por ejemplo) reuniones virtuales (a trav\u00e9s de las redes sociales) para compartir el contenido de las lecciones de catequesis de la semana.<\/li>\n<li>Otra posibilidad es hacer una videollamada con los padres y conversar brevemente sobre el tema de la reuni\u00f3n semanal que se transmite en Rede Catedral. Adem\u00e1s, seguir el crecimiento del ni\u00f1o durante este per\u00edodo, enfatizando que su vida es un regalo para la familia, la comunidad y el mundo.<\/li>\n<li>Despu\u00e9s de la cuarentena, cuando sea posible realizar el bautismo, los catequistas deben programar una reuni\u00f3n con los padres y padrinos para compartir lo aprendido y aclarar cualquier duda. Deben enfatizar especialmente lo necesario para la celebraci\u00f3n del Bautismo.<\/li>\n<li>Los temas de las 9 reuniones ser\u00e1n los siguientes:<\/li>\n<\/ol>\n<ul>\n<li>El bautismo de Jes\u00fas<\/li>\n<li>Historia del Sacramento del Bautismo y su significado.<\/li>\n<li>Celebrando el don de la vida<\/li>\n<li>Dios nos llama por nuestro nombre.<\/li>\n<li>El agua, fuente de vida.<\/li>\n<li>Ungido en el Se\u00f1or<\/li>\n<li>La luz de Cristo nos ilumina.<\/li>\n<li>Bautizados en la fe de la Iglesia<\/li>\n<li>La celebraci\u00f3n del Bautismo<\/li>\n<\/ul>\n<p><strong>Arquidi\u00f3cesis de Belo Horizonte<br \/>\n<\/strong><strong>Secretar\u00eda B\u00edblica-Catequ\u00e9tica Arquidiocesana<\/p>\n<p>Fuente: arquidiocesebh.org.br<\/strong><\/p>","protected":false},"excerpt":{"rendered":"<p>O Secretariado Arquidiocesano B\u00edblico-Catequ\u00e9tico (Sabic) e a Rede Catedral de Comunica\u00e7\u00e3o Cat\u00f3lica transmitem, at\u00e9 o final de julho, uma s\u00e9rie de programas que oferece forma\u00e7\u00e3o catequ\u00e9tica para os fi\u00e9is, especialmente para os que se preparam para os sacramentos do Batismo e da Crisma. At\u00e9 a \u00faltima semana do m\u00eas de julho, aos s\u00e1bados, voc\u00ea pode acompanhar a Catequese da Crisma \u00e0s\u00a014h30\u00a0pela\u00a0R\u00e1dio Am\u00e9rica\u00a0(AM-750) e \u00e0s\u00a017h30\u00a0pela\u00a0TV Horizonte\u00a0(Canal 30 \u2013 sinal aberto e gratuito). Todos s\u00e3o convidados a acompanhar os programas, cuidadosamente preparados pelo Secretariado B\u00edblico-Catequ\u00e9tico da Arquidiocese de Belo Horizonte. Os Encontros do Batismo j\u00e1 foram encerrados, mas voc\u00ea pode acess\u00e1-los pelo [&hellip;]<\/p>\n","protected":false},"author":2,"featured_media":4436,"comment_status":"open","ping_status":"open","sticky":false,"template":"","format":"standard","meta":{"_acf_changed":false,"footnotes":""},"categories":[611],"tags":[],"class_list":["post-4434","post","type-post","status-publish","format-standard","has-post-thumbnail","hentry","category-noticias"],"acf":[],"yoast_head":"<!-- This site is optimized with the Yoast SEO plugin v27.2 - https:\/\/yoast.com\/product\/yoast-seo-wordpress\/ -->\n<title>Catequese do Batismo e da Crisma a partir dos meios de comunica\u00e7\u00e3o - Padre Eust\u00e1quio<\/title>\n<meta name=\"robots\" content=\"index, follow, max-snippet:-1, max-image-preview:large, max-video-preview:-1\" \/>\n<link rel=\"canonical\" href=\"https:\/\/www.padreeustaquio.com.br\/es\/catequesis-para-el-bautismo-y-la-confirmacion-a-traves-de-los-medios-de-comunicacion\/\" \/>\n<meta property=\"og:locale\" content=\"es_ES\" \/>\n<meta property=\"og:type\" content=\"article\" \/>\n<meta property=\"og:title\" content=\"Catequese do Batismo e da Crisma a partir dos meios de comunica\u00e7\u00e3o - Padre Eust\u00e1quio\" \/>\n<meta property=\"og:description\" content=\"O Secretariado Arquidiocesano B\u00edblico-Catequ\u00e9tico (Sabic) e a Rede Catedral de Comunica\u00e7\u00e3o Cat\u00f3lica transmitem, at\u00e9 o final de julho, uma s\u00e9rie de programas que oferece forma\u00e7\u00e3o catequ\u00e9tica para os fi\u00e9is, especialmente para os que se preparam para os sacramentos do Batismo e da Crisma. At\u00e9 a \u00faltima semana do m\u00eas de julho, aos s\u00e1bados, voc\u00ea pode acompanhar a Catequese da Crisma \u00e0s\u00a014h30\u00a0pela\u00a0R\u00e1dio Am\u00e9rica\u00a0(AM-750) e \u00e0s\u00a017h30\u00a0pela\u00a0TV Horizonte\u00a0(Canal 30 \u2013 sinal aberto e gratuito). Todos s\u00e3o convidados a acompanhar os programas, cuidadosamente preparados pelo Secretariado B\u00edblico-Catequ\u00e9tico da Arquidiocese de Belo Horizonte. Os Encontros do Batismo j\u00e1 foram encerrados, mas voc\u00ea pode acess\u00e1-los pelo [&hellip;]\" \/>\n<meta property=\"og:url\" content=\"https:\/\/www.padreeustaquio.com.br\/es\/catequesis-para-el-bautismo-y-la-confirmacion-a-traves-de-los-medios-de-comunicacion\/\" \/>\n<meta property=\"og:site_name\" content=\"Padre Eust\u00e1quio\" \/>\n<meta property=\"article:publisher\" content=\"https:\/\/www.facebook.com\/beatopadreeustaquio\/\" \/>\n<meta property=\"article:published_time\" content=\"2020-07-21T12:06:12+00:00\" \/>\n<meta property=\"article:modified_time\" content=\"2020-07-21T12:07:22+00:00\" \/>\n<meta property=\"og:image\" content=\"https:\/\/www.padreeustaquio.com.br\/wp-content\/uploads\/2020\/07\/Catequese-batismo-e-crisma.jpg\" \/>\n\t<meta property=\"og:image:width\" content=\"401\" \/>\n\t<meta property=\"og:image:height\" content=\"200\" \/>\n\t<meta property=\"og:image:type\" content=\"image\/jpeg\" \/>\n<meta name=\"author\" content=\"@sscc\" \/>\n<meta name=\"twitter:card\" content=\"summary_large_image\" \/>\n<meta name=\"twitter:creator\" content=\"@beatopeustaquio\" \/>\n<meta name=\"twitter:site\" content=\"@beatopeustaquio\" \/>\n<meta name=\"twitter:label1\" content=\"Escrito por\" \/>\n\t<meta name=\"twitter:data1\" content=\"@sscc\" \/>\n\t<meta name=\"twitter:label2\" content=\"Tiempo de lectura\" \/>\n\t<meta name=\"twitter:data2\" content=\"5 minutos\" \/>\n<script type=\"application\/ld+json\" class=\"yoast-schema-graph\">{\"@context\":\"https:\/\/schema.org\",\"@graph\":[{\"@type\":\"Article\",\"@id\":\"https:\/\/www.padreeustaquio.com.br\/catequese-do-batismo-e-da-crisma-a-partir-dos-meios-de-comunicacao\/#article\",\"isPartOf\":{\"@id\":\"https:\/\/www.padreeustaquio.com.br\/catequese-do-batismo-e-da-crisma-a-partir-dos-meios-de-comunicacao\/\"},\"author\":{\"name\":\"@sscc\",\"@id\":\"https:\/\/www.padreeustaquio.com.br\/#\/schema\/person\/a2a51db1d00f1a7af0204a0f1ddb1566\"},\"headline\":\"Catequese do Batismo e da Crisma a partir dos meios de comunica\u00e7\u00e3o\",\"datePublished\":\"2020-07-21T12:06:12+00:00\",\"dateModified\":\"2020-07-21T12:07:22+00:00\",\"mainEntityOfPage\":{\"@id\":\"https:\/\/www.padreeustaquio.com.br\/catequese-do-batismo-e-da-crisma-a-partir-dos-meios-de-comunicacao\/\"},\"wordCount\":1077,\"commentCount\":0,\"publisher\":{\"@id\":\"https:\/\/www.padreeustaquio.com.br\/#organization\"},\"image\":{\"@id\":\"https:\/\/www.padreeustaquio.com.br\/catequese-do-batismo-e-da-crisma-a-partir-dos-meios-de-comunicacao\/#primaryimage\"},\"thumbnailUrl\":\"https:\/\/www.padreeustaquio.com.br\/wp-content\/uploads\/2020\/07\/Catequese-batismo-e-crisma.jpg\",\"articleSection\":[\"Not\u00edcias\"],\"inLanguage\":\"es\",\"potentialAction\":[{\"@type\":\"CommentAction\",\"name\":\"Comment\",\"target\":[\"https:\/\/www.padreeustaquio.com.br\/catequese-do-batismo-e-da-crisma-a-partir-dos-meios-de-comunicacao\/#respond\"]}]},{\"@type\":\"WebPage\",\"@id\":\"https:\/\/www.padreeustaquio.com.br\/catequese-do-batismo-e-da-crisma-a-partir-dos-meios-de-comunicacao\/\",\"url\":\"https:\/\/www.padreeustaquio.com.br\/catequese-do-batismo-e-da-crisma-a-partir-dos-meios-de-comunicacao\/\",\"name\":\"Catequese do Batismo e da Crisma a partir dos meios de comunica\u00e7\u00e3o - Padre Eust\u00e1quio\",\"isPartOf\":{\"@id\":\"https:\/\/www.padreeustaquio.com.br\/#website\"},\"primaryImageOfPage\":{\"@id\":\"https:\/\/www.padreeustaquio.com.br\/catequese-do-batismo-e-da-crisma-a-partir-dos-meios-de-comunicacao\/#primaryimage\"},\"image\":{\"@id\":\"https:\/\/www.padreeustaquio.com.br\/catequese-do-batismo-e-da-crisma-a-partir-dos-meios-de-comunicacao\/#primaryimage\"},\"thumbnailUrl\":\"https:\/\/www.padreeustaquio.com.br\/wp-content\/uploads\/2020\/07\/Catequese-batismo-e-crisma.jpg\",\"datePublished\":\"2020-07-21T12:06:12+00:00\",\"dateModified\":\"2020-07-21T12:07:22+00:00\",\"breadcrumb\":{\"@id\":\"https:\/\/www.padreeustaquio.com.br\/catequese-do-batismo-e-da-crisma-a-partir-dos-meios-de-comunicacao\/#breadcrumb\"},\"inLanguage\":\"es\",\"potentialAction\":[{\"@type\":\"ReadAction\",\"target\":[\"https:\/\/www.padreeustaquio.com.br\/catequese-do-batismo-e-da-crisma-a-partir-dos-meios-de-comunicacao\/\"]}]},{\"@type\":\"ImageObject\",\"inLanguage\":\"es\",\"@id\":\"https:\/\/www.padreeustaquio.com.br\/catequese-do-batismo-e-da-crisma-a-partir-dos-meios-de-comunicacao\/#primaryimage\",\"url\":\"https:\/\/www.padreeustaquio.com.br\/wp-content\/uploads\/2020\/07\/Catequese-batismo-e-crisma.jpg\",\"contentUrl\":\"https:\/\/www.padreeustaquio.com.br\/wp-content\/uploads\/2020\/07\/Catequese-batismo-e-crisma.jpg\",\"width\":401,\"height\":200},{\"@type\":\"BreadcrumbList\",\"@id\":\"https:\/\/www.padreeustaquio.com.br\/catequese-do-batismo-e-da-crisma-a-partir-dos-meios-de-comunicacao\/#breadcrumb\",\"itemListElement\":[{\"@type\":\"ListItem\",\"position\":1,\"name\":\"In\u00edcio\",\"item\":\"https:\/\/www.padreeustaquio.com.br\/\"},{\"@type\":\"ListItem\",\"position\":2,\"name\":\"Catequese do Batismo e da Crisma a partir dos meios de comunica\u00e7\u00e3o\"}]},{\"@type\":\"WebSite\",\"@id\":\"https:\/\/www.padreeustaquio.com.br\/#website\",\"url\":\"https:\/\/www.padreeustaquio.com.br\/\",\"name\":\"Padre Eust\u00e1quio\",\"description\":\"Sa\u00fade e Paz\",\"publisher\":{\"@id\":\"https:\/\/www.padreeustaquio.com.br\/#organization\"},\"potentialAction\":[{\"@type\":\"SearchAction\",\"target\":{\"@type\":\"EntryPoint\",\"urlTemplate\":\"https:\/\/www.padreeustaquio.com.br\/?s={search_term_string}\"},\"query-input\":{\"@type\":\"PropertyValueSpecification\",\"valueRequired\":true,\"valueName\":\"search_term_string\"}}],\"inLanguage\":\"es\"},{\"@type\":\"Organization\",\"@id\":\"https:\/\/www.padreeustaquio.com.br\/#organization\",\"name\":\"Padre Eust\u00e1quio\",\"url\":\"https:\/\/www.padreeustaquio.com.br\/\",\"logo\":{\"@type\":\"ImageObject\",\"inLanguage\":\"es\",\"@id\":\"https:\/\/www.padreeustaquio.com.br\/#\/schema\/logo\/image\/\",\"url\":\"https:\/\/www.padreeustaquio.com.br\/wp-content\/uploads\/2019\/08\/marca.png\",\"contentUrl\":\"https:\/\/www.padreeustaquio.com.br\/wp-content\/uploads\/2019\/08\/marca.png\",\"width\":350,\"height\":400,\"caption\":\"Padre Eust\u00e1quio\"},\"image\":{\"@id\":\"https:\/\/www.padreeustaquio.com.br\/#\/schema\/logo\/image\/\"},\"sameAs\":[\"https:\/\/www.facebook.com\/beatopadreeustaquio\/\",\"https:\/\/x.com\/beatopeustaquio\",\"https:\/\/www.instagram.com\/beatopadreeustaquio\/\",\"https:\/\/www.youtube.com\/channel\/UCRhw7vfabnajwLxb1ZXMeIw\"]},{\"@type\":\"Person\",\"@id\":\"https:\/\/www.padreeustaquio.com.br\/#\/schema\/person\/a2a51db1d00f1a7af0204a0f1ddb1566\",\"name\":\"@sscc\",\"image\":{\"@type\":\"ImageObject\",\"inLanguage\":\"es\",\"@id\":\"https:\/\/secure.gravatar.com\/avatar\/68cfafa5f44617fea54071e215026e0ff06be366c3d54a8425f04fdcb86f8c5f?s=96&d=mm&r=g\",\"url\":\"https:\/\/secure.gravatar.com\/avatar\/68cfafa5f44617fea54071e215026e0ff06be366c3d54a8425f04fdcb86f8c5f?s=96&d=mm&r=g\",\"contentUrl\":\"https:\/\/secure.gravatar.com\/avatar\/68cfafa5f44617fea54071e215026e0ff06be366c3d54a8425f04fdcb86f8c5f?s=96&d=mm&r=g\",\"caption\":\"@sscc\"},\"url\":\"https:\/\/www.padreeustaquio.com.br\/es\/author\/sscc\/\"}]}<\/script>\n<!-- \/ Yoast SEO plugin. -->","yoast_head_json":{"title":"Catequesis del Bautismo y la Confirmaci\u00f3n a trav\u00e9s de los medios de comunicaci\u00f3n - Padre Eust\u00e1quio","robots":{"index":"index","follow":"follow","max-snippet":"max-snippet:-1","max-image-preview":"max-image-preview:large","max-video-preview":"max-video-preview:-1"},"canonical":"https:\/\/www.padreeustaquio.com.br\/es\/catequesis-para-el-bautismo-y-la-confirmacion-a-traves-de-los-medios-de-comunicacion\/","og_locale":"es_ES","og_type":"article","og_title":"Catequese do Batismo e da Crisma a partir dos meios de comunica\u00e7\u00e3o - Padre Eust\u00e1quio","og_description":"O Secretariado Arquidiocesano B\u00edblico-Catequ\u00e9tico (Sabic) e a Rede Catedral de Comunica\u00e7\u00e3o Cat\u00f3lica transmitem, at\u00e9 o final de julho, uma s\u00e9rie de programas que oferece forma\u00e7\u00e3o catequ\u00e9tica para os fi\u00e9is, especialmente para os que se preparam para os sacramentos do Batismo e da Crisma. At\u00e9 a \u00faltima semana do m\u00eas de julho, aos s\u00e1bados, voc\u00ea pode acompanhar a Catequese da Crisma \u00e0s\u00a014h30\u00a0pela\u00a0R\u00e1dio Am\u00e9rica\u00a0(AM-750) e \u00e0s\u00a017h30\u00a0pela\u00a0TV Horizonte\u00a0(Canal 30 \u2013 sinal aberto e gratuito). Todos s\u00e3o convidados a acompanhar os programas, cuidadosamente preparados pelo Secretariado B\u00edblico-Catequ\u00e9tico da Arquidiocese de Belo Horizonte. Os Encontros do Batismo j\u00e1 foram encerrados, mas voc\u00ea pode acess\u00e1-los pelo [&hellip;]","og_url":"https:\/\/www.padreeustaquio.com.br\/es\/catequesis-para-el-bautismo-y-la-confirmacion-a-traves-de-los-medios-de-comunicacion\/","og_site_name":"Padre Eust\u00e1quio","article_publisher":"https:\/\/www.facebook.com\/beatopadreeustaquio\/","article_published_time":"2020-07-21T12:06:12+00:00","article_modified_time":"2020-07-21T12:07:22+00:00","og_image":[{"width":401,"height":200,"url":"https:\/\/www.padreeustaquio.com.br\/wp-content\/uploads\/2020\/07\/Catequese-batismo-e-crisma.jpg","type":"image\/jpeg"}],"author":"@sscc","twitter_card":"summary_large_image","twitter_creator":"@beatopeustaquio","twitter_site":"@beatopeustaquio","twitter_misc":{"Escrito por":"@sscc","Tiempo de lectura":"5 minutos"},"schema":{"@context":"https:\/\/schema.org","@graph":[{"@type":"Article","@id":"https:\/\/www.padreeustaquio.com.br\/catequese-do-batismo-e-da-crisma-a-partir-dos-meios-de-comunicacao\/#article","isPartOf":{"@id":"https:\/\/www.padreeustaquio.com.br\/catequese-do-batismo-e-da-crisma-a-partir-dos-meios-de-comunicacao\/"},"author":{"name":"@sscc","@id":"https:\/\/www.padreeustaquio.com.br\/#\/schema\/person\/a2a51db1d00f1a7af0204a0f1ddb1566"},"headline":"Catequese do Batismo e da Crisma a partir dos meios de comunica\u00e7\u00e3o","datePublished":"2020-07-21T12:06:12+00:00","dateModified":"2020-07-21T12:07:22+00:00","mainEntityOfPage":{"@id":"https:\/\/www.padreeustaquio.com.br\/catequese-do-batismo-e-da-crisma-a-partir-dos-meios-de-comunicacao\/"},"wordCount":1077,"commentCount":0,"publisher":{"@id":"https:\/\/www.padreeustaquio.com.br\/#organization"},"image":{"@id":"https:\/\/www.padreeustaquio.com.br\/catequese-do-batismo-e-da-crisma-a-partir-dos-meios-de-comunicacao\/#primaryimage"},"thumbnailUrl":"https:\/\/www.padreeustaquio.com.br\/wp-content\/uploads\/2020\/07\/Catequese-batismo-e-crisma.jpg","articleSection":["Not\u00edcias"],"inLanguage":"es","potentialAction":[{"@type":"CommentAction","name":"Comment","target":["https:\/\/www.padreeustaquio.com.br\/catequese-do-batismo-e-da-crisma-a-partir-dos-meios-de-comunicacao\/#respond"]}]},{"@type":"WebPage","@id":"https:\/\/www.padreeustaquio.com.br\/catequese-do-batismo-e-da-crisma-a-partir-dos-meios-de-comunicacao\/","url":"https:\/\/www.padreeustaquio.com.br\/catequese-do-batismo-e-da-crisma-a-partir-dos-meios-de-comunicacao\/","name":"Catequesis del Bautismo y la Confirmaci\u00f3n a trav\u00e9s de los medios de comunicaci\u00f3n - Padre Eust\u00e1quio","isPartOf":{"@id":"https:\/\/www.padreeustaquio.com.br\/#website"},"primaryImageOfPage":{"@id":"https:\/\/www.padreeustaquio.com.br\/catequese-do-batismo-e-da-crisma-a-partir-dos-meios-de-comunicacao\/#primaryimage"},"image":{"@id":"https:\/\/www.padreeustaquio.com.br\/catequese-do-batismo-e-da-crisma-a-partir-dos-meios-de-comunicacao\/#primaryimage"},"thumbnailUrl":"https:\/\/www.padreeustaquio.com.br\/wp-content\/uploads\/2020\/07\/Catequese-batismo-e-crisma.jpg","datePublished":"2020-07-21T12:06:12+00:00","dateModified":"2020-07-21T12:07:22+00:00","breadcrumb":{"@id":"https:\/\/www.padreeustaquio.com.br\/catequese-do-batismo-e-da-crisma-a-partir-dos-meios-de-comunicacao\/#breadcrumb"},"inLanguage":"es","potentialAction":[{"@type":"ReadAction","target":["https:\/\/www.padreeustaquio.com.br\/catequese-do-batismo-e-da-crisma-a-partir-dos-meios-de-comunicacao\/"]}]},{"@type":"ImageObject","inLanguage":"es","@id":"https:\/\/www.padreeustaquio.com.br\/catequese-do-batismo-e-da-crisma-a-partir-dos-meios-de-comunicacao\/#primaryimage","url":"https:\/\/www.padreeustaquio.com.br\/wp-content\/uploads\/2020\/07\/Catequese-batismo-e-crisma.jpg","contentUrl":"https:\/\/www.padreeustaquio.com.br\/wp-content\/uploads\/2020\/07\/Catequese-batismo-e-crisma.jpg","width":401,"height":200},{"@type":"BreadcrumbList","@id":"https:\/\/www.padreeustaquio.com.br\/catequese-do-batismo-e-da-crisma-a-partir-dos-meios-de-comunicacao\/#breadcrumb","itemListElement":[{"@type":"ListItem","position":1,"name":"In\u00edcio","item":"https:\/\/www.padreeustaquio.com.br\/"},{"@type":"ListItem","position":2,"name":"Catequese do Batismo e da Crisma a partir dos meios de comunica\u00e7\u00e3o"}]},{"@type":"WebSite","@id":"https:\/\/www.padreeustaquio.com.br\/#website","url":"https:\/\/www.padreeustaquio.com.br\/","name":"Padre Eustace","description":"Salud y Paz","publisher":{"@id":"https:\/\/www.padreeustaquio.com.br\/#organization"},"potentialAction":[{"@type":"SearchAction","target":{"@type":"EntryPoint","urlTemplate":"https:\/\/www.padreeustaquio.com.br\/?s={search_term_string}"},"query-input":{"@type":"PropertyValueSpecification","valueRequired":true,"valueName":"search_term_string"}}],"inLanguage":"es"},{"@type":"Organization","@id":"https:\/\/www.padreeustaquio.com.br\/#organization","name":"Padre Eustace","url":"https:\/\/www.padreeustaquio.com.br\/","logo":{"@type":"ImageObject","inLanguage":"es","@id":"https:\/\/www.padreeustaquio.com.br\/#\/schema\/logo\/image\/","url":"https:\/\/www.padreeustaquio.com.br\/wp-content\/uploads\/2019\/08\/marca.png","contentUrl":"https:\/\/www.padreeustaquio.com.br\/wp-content\/uploads\/2019\/08\/marca.png","width":350,"height":400,"caption":"Padre Eust\u00e1quio"},"image":{"@id":"https:\/\/www.padreeustaquio.com.br\/#\/schema\/logo\/image\/"},"sameAs":["https:\/\/www.facebook.com\/beatopadreeustaquio\/","https:\/\/x.com\/beatopeustaquio","https:\/\/www.instagram.com\/beatopadreeustaquio\/","https:\/\/www.youtube.com\/channel\/UCRhw7vfabnajwLxb1ZXMeIw"]},{"@type":"Person","@id":"https:\/\/www.padreeustaquio.com.br\/#\/schema\/person\/a2a51db1d00f1a7af0204a0f1ddb1566","name":"@sscc","image":{"@type":"ImageObject","inLanguage":"es","@id":"https:\/\/secure.gravatar.com\/avatar\/68cfafa5f44617fea54071e215026e0ff06be366c3d54a8425f04fdcb86f8c5f?s=96&d=mm&r=g","url":"https:\/\/secure.gravatar.com\/avatar\/68cfafa5f44617fea54071e215026e0ff06be366c3d54a8425f04fdcb86f8c5f?s=96&d=mm&r=g","contentUrl":"https:\/\/secure.gravatar.com\/avatar\/68cfafa5f44617fea54071e215026e0ff06be366c3d54a8425f04fdcb86f8c5f?s=96&d=mm&r=g","caption":"@sscc"},"url":"https:\/\/www.padreeustaquio.com.br\/es\/author\/sscc\/"}]}},"_links":{"self":[{"href":"https:\/\/www.padreeustaquio.com.br\/es\/wp-json\/wp\/v2\/posts\/4434","targetHints":{"allow":["GET"]}}],"collection":[{"href":"https:\/\/www.padreeustaquio.com.br\/es\/wp-json\/wp\/v2\/posts"}],"about":[{"href":"https:\/\/www.padreeustaquio.com.br\/es\/wp-json\/wp\/v2\/types\/post"}],"author":[{"embeddable":true,"href":"https:\/\/www.padreeustaquio.com.br\/es\/wp-json\/wp\/v2\/users\/2"}],"replies":[{"embeddable":true,"href":"https:\/\/www.padreeustaquio.com.br\/es\/wp-json\/wp\/v2\/comments?post=4434"}],"version-history":[{"count":0,"href":"https:\/\/www.padreeustaquio.com.br\/es\/wp-json\/wp\/v2\/posts\/4434\/revisions"}],"wp:featuredmedia":[{"embeddable":true,"href":"https:\/\/www.padreeustaquio.com.br\/es\/wp-json\/wp\/v2\/media\/4436"}],"wp:attachment":[{"href":"https:\/\/www.padreeustaquio.com.br\/es\/wp-json\/wp\/v2\/media?parent=4434"}],"wp:term":[{"taxonomy":"category","embeddable":true,"href":"https:\/\/www.padreeustaquio.com.br\/es\/wp-json\/wp\/v2\/categories?post=4434"},{"taxonomy":"post_tag","embeddable":true,"href":"https:\/\/www.padreeustaquio.com.br\/es\/wp-json\/wp\/v2\/tags?post=4434"}],"curies":[{"name":"wp","href":"https:\/\/api.w.org\/{rel}","templated":true}]}}