{"id":4423,"date":"2020-07-08T19:03:25","date_gmt":"2020-07-08T22:03:25","guid":{"rendered":"https:\/\/www.padreeustaquio.com.br\/?p=4423"},"modified":"2020-07-08T19:29:10","modified_gmt":"2020-07-08T22:29:10","slug":"la-iglesia-del-padre-eustaquio-continua-celebrando-misas-via-youtube","status":"publish","type":"post","link":"https:\/\/www.padreeustaquio.com.br\/es\/la-iglesia-del-padre-eustaquio-continua-celebrando-misas-via-youtube\/","title":{"rendered":"Iglesia Padre Eust\u00e1quio contin\u00faa transmitiendo misas v\u00eda YouTube."},"content":{"rendered":"<p>Las celebraciones eucar\u00edsticas sin la presencia de los fieles comenzaron el 22 de marzo, cuando se inici\u00f3 el aislamiento social en Belo Horizonte. Inicialmente, las misas se celebraban los domingos, pero posteriormente se extendieron a todos los d\u00edas de la semana.<\/p>\n<p>A finales de junio, la Arquidi\u00f3cesis de Belo Horizonte emiti\u00f3 algunas recomendaciones sobre la reanudaci\u00f3n de las misas presenciales. Algunas iglesias comenzaron a recibir a sus feligreses, pero el n\u00famero de infectados comenz\u00f3 a aumentar de forma alarmante a principios de julio. Por ello, el obispo responsable de la Regi\u00f3n Episcopal de Nossa Senhora da Esperan\u00e7a, Dom Joaquim Mol, envi\u00f3 un documento recomendando que las misas se celebraran sin la presencia de la congregaci\u00f3n. Por esta raz\u00f3n, los sacerdotes de la iglesia Padre Eust\u00e1quio decidieron seguir celebrando misas \u00fanicamente por YouTube hasta que la situaci\u00f3n de la pandemia mejore en la capital de Minas Gerais.<\/p>\n<p>El calendario queda como sigue:<br \/>\n\u2013 Misas: Todos los d\u00edas a las 18 horas y los domingos tambi\u00e9n a las 10 horas;<br \/>\n\u2013 Ping-Pong Lit\u00fargico o Rosario Familiar: Lunes, mi\u00e9rcoles y viernes, a las 10 am;<\/p>\n<p>Para seguir la programaci\u00f3n completa, solo tienes que ir a YouTube y escribir \u201c<a href=\"https:\/\/www.youtube.com\/channel\/UCRhw7vfabnajwLxb1ZXMeIw\">Canal Padre Eust\u00e1quio<\/a>\u201dy suscr\u00edbete haciendo clic en el bot\u00f3n rojo debajo del v\u00eddeo.<\/p>","protected":false},"excerpt":{"rendered":"<p>As Celebra\u00e7\u00f5es Eucar\u00edsticas sem a presen\u00e7a de fi\u00e9is come\u00e7aram a ser realizadas no dia 22 de mar\u00e7o, quando foi iniciado o isolamento social em Belo Horizonte. Inicialmente, as missas aconteciam no domingo, mas depois se expandiram para todos os dias da semana. No final do m\u00eas de junho, algumas recomenda\u00e7\u00f5es foram dadas pela Arquidiocese de BH para quando as missas presenciais voltassem. Algumas igrejas come\u00e7aram a receber pessoas mas, o n\u00famero de infectados come\u00e7ou a crescer assustadoramente no in\u00edcio do m\u00eas de julho, ent\u00e3o, o bispo referencial para a Regi\u00e3o Episcopal Nossa Senhora da Esperan\u00e7a, Dom Joaquim Mol, enviou um [&hellip;]<\/p>\n","protected":false},"author":2,"featured_media":4424,"comment_status":"open","ping_status":"open","sticky":false,"template":"","format":"standard","meta":{"_acf_changed":false,"footnotes":""},"categories":[611],"tags":[],"class_list":["post-4423","post","type-post","status-publish","format-standard","has-post-thumbnail","hentry","category-noticias"],"acf":[],"yoast_head":"<!-- This site is optimized with the Yoast SEO plugin v27.2 - https:\/\/yoast.com\/product\/yoast-seo-wordpress\/ -->\n<title>Igreja Padre Eust\u00e1quio mant\u00e9m missas pelo YouTube - Padre Eust\u00e1quio<\/title>\n<meta name=\"robots\" content=\"index, follow, max-snippet:-1, max-image-preview:large, max-video-preview:-1\" \/>\n<link rel=\"canonical\" href=\"https:\/\/www.padreeustaquio.com.br\/es\/la-iglesia-del-padre-eustaquio-continua-celebrando-misas-via-youtube\/\" \/>\n<meta property=\"og:locale\" content=\"es_ES\" \/>\n<meta property=\"og:type\" content=\"article\" \/>\n<meta property=\"og:title\" content=\"Igreja Padre Eust\u00e1quio mant\u00e9m missas pelo YouTube - Padre Eust\u00e1quio\" \/>\n<meta property=\"og:description\" content=\"As Celebra\u00e7\u00f5es Eucar\u00edsticas sem a presen\u00e7a de fi\u00e9is come\u00e7aram a ser realizadas no dia 22 de mar\u00e7o, quando foi iniciado o isolamento social em Belo Horizonte. Inicialmente, as missas aconteciam no domingo, mas depois se expandiram para todos os dias da semana. No final do m\u00eas de junho, algumas recomenda\u00e7\u00f5es foram dadas pela Arquidiocese de BH para quando as missas presenciais voltassem. Algumas igrejas come\u00e7aram a receber pessoas mas, o n\u00famero de infectados come\u00e7ou a crescer assustadoramente no in\u00edcio do m\u00eas de julho, ent\u00e3o, o bispo referencial para a Regi\u00e3o Episcopal Nossa Senhora da Esperan\u00e7a, Dom Joaquim Mol, enviou um [&hellip;]\" \/>\n<meta property=\"og:url\" content=\"https:\/\/www.padreeustaquio.com.br\/es\/la-iglesia-del-padre-eustaquio-continua-celebrando-misas-via-youtube\/\" \/>\n<meta property=\"og:site_name\" content=\"Padre Eust\u00e1quio\" \/>\n<meta property=\"article:publisher\" content=\"https:\/\/www.facebook.com\/beatopadreeustaquio\/\" \/>\n<meta property=\"article:published_time\" content=\"2020-07-08T22:03:25+00:00\" \/>\n<meta property=\"article:modified_time\" content=\"2020-07-08T22:29:10+00:00\" \/>\n<meta property=\"og:image\" content=\"https:\/\/www.padreeustaquio.com.br\/wp-content\/uploads\/2020\/07\/WhatsApp-Image-2020-07-08-at-18.41.45.jpeg\" \/>\n\t<meta property=\"og:image:width\" content=\"1024\" \/>\n\t<meta property=\"og:image:height\" content=\"768\" \/>\n\t<meta property=\"og:image:type\" content=\"image\/jpeg\" \/>\n<meta name=\"author\" content=\"@sscc\" \/>\n<meta name=\"twitter:card\" content=\"summary_large_image\" \/>\n<meta name=\"twitter:creator\" content=\"@beatopeustaquio\" \/>\n<meta name=\"twitter:site\" content=\"@beatopeustaquio\" \/>\n<meta name=\"twitter:label1\" content=\"Escrito por\" \/>\n\t<meta name=\"twitter:data1\" content=\"@sscc\" \/>\n\t<meta name=\"twitter:label2\" content=\"Tiempo de lectura\" \/>\n\t<meta name=\"twitter:data2\" content=\"1 minuto\" \/>\n<script type=\"application\/ld+json\" class=\"yoast-schema-graph\">{\"@context\":\"https:\/\/schema.org\",\"@graph\":[{\"@type\":\"Article\",\"@id\":\"https:\/\/www.padreeustaquio.com.br\/igreja-padre-eustaquio-mantem-missas-pelo-youtube\/#article\",\"isPartOf\":{\"@id\":\"https:\/\/www.padreeustaquio.com.br\/igreja-padre-eustaquio-mantem-missas-pelo-youtube\/\"},\"author\":{\"name\":\"@sscc\",\"@id\":\"https:\/\/www.padreeustaquio.com.br\/#\/schema\/person\/a2a51db1d00f1a7af0204a0f1ddb1566\"},\"headline\":\"Igreja Padre Eust\u00e1quio mant\u00e9m missas pelo YouTube\",\"datePublished\":\"2020-07-08T22:03:25+00:00\",\"dateModified\":\"2020-07-08T22:29:10+00:00\",\"mainEntityOfPage\":{\"@id\":\"https:\/\/www.padreeustaquio.com.br\/igreja-padre-eustaquio-mantem-missas-pelo-youtube\/\"},\"wordCount\":232,\"commentCount\":0,\"publisher\":{\"@id\":\"https:\/\/www.padreeustaquio.com.br\/#organization\"},\"image\":{\"@id\":\"https:\/\/www.padreeustaquio.com.br\/igreja-padre-eustaquio-mantem-missas-pelo-youtube\/#primaryimage\"},\"thumbnailUrl\":\"https:\/\/www.padreeustaquio.com.br\/wp-content\/uploads\/2020\/07\/WhatsApp-Image-2020-07-08-at-18.41.45.jpeg\",\"articleSection\":[\"Not\u00edcias\"],\"inLanguage\":\"es\",\"potentialAction\":[{\"@type\":\"CommentAction\",\"name\":\"Comment\",\"target\":[\"https:\/\/www.padreeustaquio.com.br\/igreja-padre-eustaquio-mantem-missas-pelo-youtube\/#respond\"]}]},{\"@type\":\"WebPage\",\"@id\":\"https:\/\/www.padreeustaquio.com.br\/igreja-padre-eustaquio-mantem-missas-pelo-youtube\/\",\"url\":\"https:\/\/www.padreeustaquio.com.br\/igreja-padre-eustaquio-mantem-missas-pelo-youtube\/\",\"name\":\"Igreja Padre Eust\u00e1quio mant\u00e9m missas pelo YouTube - Padre Eust\u00e1quio\",\"isPartOf\":{\"@id\":\"https:\/\/www.padreeustaquio.com.br\/#website\"},\"primaryImageOfPage\":{\"@id\":\"https:\/\/www.padreeustaquio.com.br\/igreja-padre-eustaquio-mantem-missas-pelo-youtube\/#primaryimage\"},\"image\":{\"@id\":\"https:\/\/www.padreeustaquio.com.br\/igreja-padre-eustaquio-mantem-missas-pelo-youtube\/#primaryimage\"},\"thumbnailUrl\":\"https:\/\/www.padreeustaquio.com.br\/wp-content\/uploads\/2020\/07\/WhatsApp-Image-2020-07-08-at-18.41.45.jpeg\",\"datePublished\":\"2020-07-08T22:03:25+00:00\",\"dateModified\":\"2020-07-08T22:29:10+00:00\",\"breadcrumb\":{\"@id\":\"https:\/\/www.padreeustaquio.com.br\/igreja-padre-eustaquio-mantem-missas-pelo-youtube\/#breadcrumb\"},\"inLanguage\":\"es\",\"potentialAction\":[{\"@type\":\"ReadAction\",\"target\":[\"https:\/\/www.padreeustaquio.com.br\/igreja-padre-eustaquio-mantem-missas-pelo-youtube\/\"]}]},{\"@type\":\"ImageObject\",\"inLanguage\":\"es\",\"@id\":\"https:\/\/www.padreeustaquio.com.br\/igreja-padre-eustaquio-mantem-missas-pelo-youtube\/#primaryimage\",\"url\":\"https:\/\/www.padreeustaquio.com.br\/wp-content\/uploads\/2020\/07\/WhatsApp-Image-2020-07-08-at-18.41.45.jpeg\",\"contentUrl\":\"https:\/\/www.padreeustaquio.com.br\/wp-content\/uploads\/2020\/07\/WhatsApp-Image-2020-07-08-at-18.41.45.jpeg\",\"width\":1024,\"height\":768,\"caption\":\"Voc\u00ea pode acompanhar as missas pelo Canal Padre Eust\u00e1quio, no YouTube.\"},{\"@type\":\"BreadcrumbList\",\"@id\":\"https:\/\/www.padreeustaquio.com.br\/igreja-padre-eustaquio-mantem-missas-pelo-youtube\/#breadcrumb\",\"itemListElement\":[{\"@type\":\"ListItem\",\"position\":1,\"name\":\"In\u00edcio\",\"item\":\"https:\/\/www.padreeustaquio.com.br\/\"},{\"@type\":\"ListItem\",\"position\":2,\"name\":\"Igreja Padre Eust\u00e1quio mant\u00e9m missas pelo YouTube\"}]},{\"@type\":\"WebSite\",\"@id\":\"https:\/\/www.padreeustaquio.com.br\/#website\",\"url\":\"https:\/\/www.padreeustaquio.com.br\/\",\"name\":\"Padre Eust\u00e1quio\",\"description\":\"Sa\u00fade e Paz\",\"publisher\":{\"@id\":\"https:\/\/www.padreeustaquio.com.br\/#organization\"},\"potentialAction\":[{\"@type\":\"SearchAction\",\"target\":{\"@type\":\"EntryPoint\",\"urlTemplate\":\"https:\/\/www.padreeustaquio.com.br\/?s={search_term_string}\"},\"query-input\":{\"@type\":\"PropertyValueSpecification\",\"valueRequired\":true,\"valueName\":\"search_term_string\"}}],\"inLanguage\":\"es\"},{\"@type\":\"Organization\",\"@id\":\"https:\/\/www.padreeustaquio.com.br\/#organization\",\"name\":\"Padre Eust\u00e1quio\",\"url\":\"https:\/\/www.padreeustaquio.com.br\/\",\"logo\":{\"@type\":\"ImageObject\",\"inLanguage\":\"es\",\"@id\":\"https:\/\/www.padreeustaquio.com.br\/#\/schema\/logo\/image\/\",\"url\":\"https:\/\/www.padreeustaquio.com.br\/wp-content\/uploads\/2019\/08\/marca.png\",\"contentUrl\":\"https:\/\/www.padreeustaquio.com.br\/wp-content\/uploads\/2019\/08\/marca.png\",\"width\":350,\"height\":400,\"caption\":\"Padre Eust\u00e1quio\"},\"image\":{\"@id\":\"https:\/\/www.padreeustaquio.com.br\/#\/schema\/logo\/image\/\"},\"sameAs\":[\"https:\/\/www.facebook.com\/beatopadreeustaquio\/\",\"https:\/\/x.com\/beatopeustaquio\",\"https:\/\/www.instagram.com\/beatopadreeustaquio\/\",\"https:\/\/www.youtube.com\/channel\/UCRhw7vfabnajwLxb1ZXMeIw\"]},{\"@type\":\"Person\",\"@id\":\"https:\/\/www.padreeustaquio.com.br\/#\/schema\/person\/a2a51db1d00f1a7af0204a0f1ddb1566\",\"name\":\"@sscc\",\"image\":{\"@type\":\"ImageObject\",\"inLanguage\":\"es\",\"@id\":\"https:\/\/secure.gravatar.com\/avatar\/68cfafa5f44617fea54071e215026e0ff06be366c3d54a8425f04fdcb86f8c5f?s=96&d=mm&r=g\",\"url\":\"https:\/\/secure.gravatar.com\/avatar\/68cfafa5f44617fea54071e215026e0ff06be366c3d54a8425f04fdcb86f8c5f?s=96&d=mm&r=g\",\"contentUrl\":\"https:\/\/secure.gravatar.com\/avatar\/68cfafa5f44617fea54071e215026e0ff06be366c3d54a8425f04fdcb86f8c5f?s=96&d=mm&r=g\",\"caption\":\"@sscc\"},\"url\":\"https:\/\/www.padreeustaquio.com.br\/es\/author\/sscc\/\"}]}<\/script>\n<!-- \/ Yoast SEO plugin. -->","yoast_head_json":{"title":"Iglesia Padre Eust\u00e1quio contin\u00faa transmitiendo misas por YouTube - Padre Eust\u00e1quio","robots":{"index":"index","follow":"follow","max-snippet":"max-snippet:-1","max-image-preview":"max-image-preview:large","max-video-preview":"max-video-preview:-1"},"canonical":"https:\/\/www.padreeustaquio.com.br\/es\/la-iglesia-del-padre-eustaquio-continua-celebrando-misas-via-youtube\/","og_locale":"es_ES","og_type":"article","og_title":"Igreja Padre Eust\u00e1quio mant\u00e9m missas pelo YouTube - Padre Eust\u00e1quio","og_description":"As Celebra\u00e7\u00f5es Eucar\u00edsticas sem a presen\u00e7a de fi\u00e9is come\u00e7aram a ser realizadas no dia 22 de mar\u00e7o, quando foi iniciado o isolamento social em Belo Horizonte. Inicialmente, as missas aconteciam no domingo, mas depois se expandiram para todos os dias da semana. No final do m\u00eas de junho, algumas recomenda\u00e7\u00f5es foram dadas pela Arquidiocese de BH para quando as missas presenciais voltassem. Algumas igrejas come\u00e7aram a receber pessoas mas, o n\u00famero de infectados come\u00e7ou a crescer assustadoramente no in\u00edcio do m\u00eas de julho, ent\u00e3o, o bispo referencial para a Regi\u00e3o Episcopal Nossa Senhora da Esperan\u00e7a, Dom Joaquim Mol, enviou um [&hellip;]","og_url":"https:\/\/www.padreeustaquio.com.br\/es\/la-iglesia-del-padre-eustaquio-continua-celebrando-misas-via-youtube\/","og_site_name":"Padre Eust\u00e1quio","article_publisher":"https:\/\/www.facebook.com\/beatopadreeustaquio\/","article_published_time":"2020-07-08T22:03:25+00:00","article_modified_time":"2020-07-08T22:29:10+00:00","og_image":[{"width":1024,"height":768,"url":"https:\/\/www.padreeustaquio.com.br\/wp-content\/uploads\/2020\/07\/WhatsApp-Image-2020-07-08-at-18.41.45.jpeg","type":"image\/jpeg"}],"author":"@sscc","twitter_card":"summary_large_image","twitter_creator":"@beatopeustaquio","twitter_site":"@beatopeustaquio","twitter_misc":{"Escrito por":"@sscc","Tiempo de lectura":"1 minuto"},"schema":{"@context":"https:\/\/schema.org","@graph":[{"@type":"Article","@id":"https:\/\/www.padreeustaquio.com.br\/igreja-padre-eustaquio-mantem-missas-pelo-youtube\/#article","isPartOf":{"@id":"https:\/\/www.padreeustaquio.com.br\/igreja-padre-eustaquio-mantem-missas-pelo-youtube\/"},"author":{"name":"@sscc","@id":"https:\/\/www.padreeustaquio.com.br\/#\/schema\/person\/a2a51db1d00f1a7af0204a0f1ddb1566"},"headline":"Igreja Padre Eust\u00e1quio mant\u00e9m missas pelo YouTube","datePublished":"2020-07-08T22:03:25+00:00","dateModified":"2020-07-08T22:29:10+00:00","mainEntityOfPage":{"@id":"https:\/\/www.padreeustaquio.com.br\/igreja-padre-eustaquio-mantem-missas-pelo-youtube\/"},"wordCount":232,"commentCount":0,"publisher":{"@id":"https:\/\/www.padreeustaquio.com.br\/#organization"},"image":{"@id":"https:\/\/www.padreeustaquio.com.br\/igreja-padre-eustaquio-mantem-missas-pelo-youtube\/#primaryimage"},"thumbnailUrl":"https:\/\/www.padreeustaquio.com.br\/wp-content\/uploads\/2020\/07\/WhatsApp-Image-2020-07-08-at-18.41.45.jpeg","articleSection":["Not\u00edcias"],"inLanguage":"es","potentialAction":[{"@type":"CommentAction","name":"Comment","target":["https:\/\/www.padreeustaquio.com.br\/igreja-padre-eustaquio-mantem-missas-pelo-youtube\/#respond"]}]},{"@type":"WebPage","@id":"https:\/\/www.padreeustaquio.com.br\/igreja-padre-eustaquio-mantem-missas-pelo-youtube\/","url":"https:\/\/www.padreeustaquio.com.br\/igreja-padre-eustaquio-mantem-missas-pelo-youtube\/","name":"Iglesia Padre Eust\u00e1quio contin\u00faa transmitiendo misas por YouTube - Padre Eust\u00e1quio","isPartOf":{"@id":"https:\/\/www.padreeustaquio.com.br\/#website"},"primaryImageOfPage":{"@id":"https:\/\/www.padreeustaquio.com.br\/igreja-padre-eustaquio-mantem-missas-pelo-youtube\/#primaryimage"},"image":{"@id":"https:\/\/www.padreeustaquio.com.br\/igreja-padre-eustaquio-mantem-missas-pelo-youtube\/#primaryimage"},"thumbnailUrl":"https:\/\/www.padreeustaquio.com.br\/wp-content\/uploads\/2020\/07\/WhatsApp-Image-2020-07-08-at-18.41.45.jpeg","datePublished":"2020-07-08T22:03:25+00:00","dateModified":"2020-07-08T22:29:10+00:00","breadcrumb":{"@id":"https:\/\/www.padreeustaquio.com.br\/igreja-padre-eustaquio-mantem-missas-pelo-youtube\/#breadcrumb"},"inLanguage":"es","potentialAction":[{"@type":"ReadAction","target":["https:\/\/www.padreeustaquio.com.br\/igreja-padre-eustaquio-mantem-missas-pelo-youtube\/"]}]},{"@type":"ImageObject","inLanguage":"es","@id":"https:\/\/www.padreeustaquio.com.br\/igreja-padre-eustaquio-mantem-missas-pelo-youtube\/#primaryimage","url":"https:\/\/www.padreeustaquio.com.br\/wp-content\/uploads\/2020\/07\/WhatsApp-Image-2020-07-08-at-18.41.45.jpeg","contentUrl":"https:\/\/www.padreeustaquio.com.br\/wp-content\/uploads\/2020\/07\/WhatsApp-Image-2020-07-08-at-18.41.45.jpeg","width":1024,"height":768,"caption":"Voc\u00ea pode acompanhar as missas pelo Canal Padre Eust\u00e1quio, no YouTube."},{"@type":"BreadcrumbList","@id":"https:\/\/www.padreeustaquio.com.br\/igreja-padre-eustaquio-mantem-missas-pelo-youtube\/#breadcrumb","itemListElement":[{"@type":"ListItem","position":1,"name":"In\u00edcio","item":"https:\/\/www.padreeustaquio.com.br\/"},{"@type":"ListItem","position":2,"name":"Igreja Padre Eust\u00e1quio mant\u00e9m missas pelo YouTube"}]},{"@type":"WebSite","@id":"https:\/\/www.padreeustaquio.com.br\/#website","url":"https:\/\/www.padreeustaquio.com.br\/","name":"Padre Eustace","description":"Salud y Paz","publisher":{"@id":"https:\/\/www.padreeustaquio.com.br\/#organization"},"potentialAction":[{"@type":"SearchAction","target":{"@type":"EntryPoint","urlTemplate":"https:\/\/www.padreeustaquio.com.br\/?s={search_term_string}"},"query-input":{"@type":"PropertyValueSpecification","valueRequired":true,"valueName":"search_term_string"}}],"inLanguage":"es"},{"@type":"Organization","@id":"https:\/\/www.padreeustaquio.com.br\/#organization","name":"Padre Eustace","url":"https:\/\/www.padreeustaquio.com.br\/","logo":{"@type":"ImageObject","inLanguage":"es","@id":"https:\/\/www.padreeustaquio.com.br\/#\/schema\/logo\/image\/","url":"https:\/\/www.padreeustaquio.com.br\/wp-content\/uploads\/2019\/08\/marca.png","contentUrl":"https:\/\/www.padreeustaquio.com.br\/wp-content\/uploads\/2019\/08\/marca.png","width":350,"height":400,"caption":"Padre Eust\u00e1quio"},"image":{"@id":"https:\/\/www.padreeustaquio.com.br\/#\/schema\/logo\/image\/"},"sameAs":["https:\/\/www.facebook.com\/beatopadreeustaquio\/","https:\/\/x.com\/beatopeustaquio","https:\/\/www.instagram.com\/beatopadreeustaquio\/","https:\/\/www.youtube.com\/channel\/UCRhw7vfabnajwLxb1ZXMeIw"]},{"@type":"Person","@id":"https:\/\/www.padreeustaquio.com.br\/#\/schema\/person\/a2a51db1d00f1a7af0204a0f1ddb1566","name":"@sscc","image":{"@type":"ImageObject","inLanguage":"es","@id":"https:\/\/secure.gravatar.com\/avatar\/68cfafa5f44617fea54071e215026e0ff06be366c3d54a8425f04fdcb86f8c5f?s=96&d=mm&r=g","url":"https:\/\/secure.gravatar.com\/avatar\/68cfafa5f44617fea54071e215026e0ff06be366c3d54a8425f04fdcb86f8c5f?s=96&d=mm&r=g","contentUrl":"https:\/\/secure.gravatar.com\/avatar\/68cfafa5f44617fea54071e215026e0ff06be366c3d54a8425f04fdcb86f8c5f?s=96&d=mm&r=g","caption":"@sscc"},"url":"https:\/\/www.padreeustaquio.com.br\/es\/author\/sscc\/"}]}},"_links":{"self":[{"href":"https:\/\/www.padreeustaquio.com.br\/es\/wp-json\/wp\/v2\/posts\/4423","targetHints":{"allow":["GET"]}}],"collection":[{"href":"https:\/\/www.padreeustaquio.com.br\/es\/wp-json\/wp\/v2\/posts"}],"about":[{"href":"https:\/\/www.padreeustaquio.com.br\/es\/wp-json\/wp\/v2\/types\/post"}],"author":[{"embeddable":true,"href":"https:\/\/www.padreeustaquio.com.br\/es\/wp-json\/wp\/v2\/users\/2"}],"replies":[{"embeddable":true,"href":"https:\/\/www.padreeustaquio.com.br\/es\/wp-json\/wp\/v2\/comments?post=4423"}],"version-history":[{"count":0,"href":"https:\/\/www.padreeustaquio.com.br\/es\/wp-json\/wp\/v2\/posts\/4423\/revisions"}],"wp:featuredmedia":[{"embeddable":true,"href":"https:\/\/www.padreeustaquio.com.br\/es\/wp-json\/wp\/v2\/media\/4424"}],"wp:attachment":[{"href":"https:\/\/www.padreeustaquio.com.br\/es\/wp-json\/wp\/v2\/media?parent=4423"}],"wp:term":[{"taxonomy":"category","embeddable":true,"href":"https:\/\/www.padreeustaquio.com.br\/es\/wp-json\/wp\/v2\/categories?post=4423"},{"taxonomy":"post_tag","embeddable":true,"href":"https:\/\/www.padreeustaquio.com.br\/es\/wp-json\/wp\/v2\/tags?post=4423"}],"curies":[{"name":"wp","href":"https:\/\/api.w.org\/{rel}","templated":true}]}}