{"id":4238,"date":"2020-06-17T08:40:34","date_gmt":"2020-06-17T11:40:34","guid":{"rendered":"https:\/\/www.padreeustaquio.com.br\/?p=4238"},"modified":"2020-06-17T08:43:27","modified_gmt":"2020-06-17T11:43:27","slug":"corpus-christi-vea-como-fue-la-procesion-con-el-santisimo-sacramento","status":"publish","type":"post","link":"https:\/\/www.padreeustaquio.com.br\/es\/corpus-christi-vea-como-fue-la-procesion-con-el-santisimo-sacramento\/","title":{"rendered":"CORPUS CHRISTI \u2013 Vea c\u00f3mo fue la procesi\u00f3n con el Sant\u00edsimo Sacramento."},"content":{"rendered":"<p>Debido a la pandemia del coronavirus, las parroquias de todo el mundo han tenido que reinventarse para que todos tengan la oportunidad de demostrar su amor por la Sagrada Eucarist\u00eda. En Belo Horizonte, los sacerdotes de los Sagrados Corazones organizaron una misa matutina, transmitida en l\u00ednea. <a href=\"https:\/\/www.youtube.com\/channel\/UCRhw7vfabnajwLxb1ZXMeIw\">Canal Padre Eust\u00e1quio<\/a> de YouTube, seguido de Worship, que tambi\u00e9n se transmiti\u00f3 en l\u00ednea.<\/p>\n<p>A continuaci\u00f3n, una carroza procesional recorri\u00f3 las calles del barrio para que la gente pudiera adorar a Jes\u00fas Sacramentado, y el resultado conmovi\u00f3 a todos. Ni\u00f1os, ancianos, personas con movilidad reducida, feligreses en sus casas o personas que simplemente pasaban por la zona se detuvieron y rindieron homenaje a Jes\u00fas Sacramentado.<\/p>\n<p>Vean, en las fotos a continuaci\u00f3n, un vistazo de la maravilla del pasado jueves 11 de junio, y sientan ustedes mismos el amor de Dios hecho presente en cada calle, en cada esquina y en cada hermano y hermana:<\/p>\n\n\t\t<style type=\"text\/css\">\n\t\t\t#gallery-1 {\n\t\t\t\tmargin: auto;\n\t\t\t}\n\t\t\t#gallery-1 .gallery-item {\n\t\t\t\tfloat: left;\n\t\t\t\tmargin-top: 10px;\n\t\t\t\ttext-align: center;\n\t\t\t\twidth: 25%;\n\t\t\t}\n\t\t\t#gallery-1 img {\n\t\t\t\tborder: 2px solid #cfcfcf;\n\t\t\t}\n\t\t\t#gallery-1 .gallery-caption {\n\t\t\t\tmargin-left: 0;\n\t\t\t}\n\t\t\t\/* see gallery_shortcode() in wp-includes\/media.php *\/\n\t\t<\/style>\n\t\t<div id='gallery-1' class='gallery galleryid-4238 gallery-columns-4 gallery-size-thumbnail'><dl class='gallery-item'>\n\t\t\t<dt class='gallery-icon landscape'>\n\t\t\t\t<a href='https:\/\/www.padreeustaquio.com.br\/es\/corpus-christi-vea-como-fue-la-procesion-con-el-santisimo-sacramento\/whatsapp-image-2020-06-14-at-18-12-07\/'><img decoding=\"async\" width=\"150\" height=\"150\" src=\"https:\/\/www.padreeustaquio.com.br\/wp-content\/uploads\/2020\/06\/WhatsApp-Image-2020-06-14-at-18.12.07-150x150.jpeg\" class=\"attachment-thumbnail size-thumbnail\" alt=\"\" srcset=\"https:\/\/www.padreeustaquio.com.br\/wp-content\/uploads\/2020\/06\/WhatsApp-Image-2020-06-14-at-18.12.07-150x150.jpeg 150w, https:\/\/www.padreeustaquio.com.br\/wp-content\/uploads\/2020\/06\/WhatsApp-Image-2020-06-14-at-18.12.07-180x180.jpeg 180w, https:\/\/www.padreeustaquio.com.br\/wp-content\/uploads\/2020\/06\/WhatsApp-Image-2020-06-14-at-18.12.07-400x400.jpeg 400w, https:\/\/www.padreeustaquio.com.br\/wp-content\/uploads\/2020\/06\/WhatsApp-Image-2020-06-14-at-18.12.07-600x600.jpeg 600w\" sizes=\"(max-width: 150px) 100vw, 150px\" \/><\/a>\n\t\t\t<\/dt><\/dl><dl class='gallery-item'>\n\t\t\t<dt class='gallery-icon landscape'>\n\t\t\t\t<a href='https:\/\/www.padreeustaquio.com.br\/es\/corpus-christi-vea-como-fue-la-procesion-con-el-santisimo-sacramento\/whatsapp-image-2020-06-14-at-18-12-06\/'><img decoding=\"async\" width=\"150\" height=\"150\" src=\"https:\/\/www.padreeustaquio.com.br\/wp-content\/uploads\/2020\/06\/WhatsApp-Image-2020-06-14-at-18.12.06-150x150.jpeg\" class=\"attachment-thumbnail size-thumbnail\" alt=\"\" srcset=\"https:\/\/www.padreeustaquio.com.br\/wp-content\/uploads\/2020\/06\/WhatsApp-Image-2020-06-14-at-18.12.06-150x150.jpeg 150w, https:\/\/www.padreeustaquio.com.br\/wp-content\/uploads\/2020\/06\/WhatsApp-Image-2020-06-14-at-18.12.06-180x180.jpeg 180w, https:\/\/www.padreeustaquio.com.br\/wp-content\/uploads\/2020\/06\/WhatsApp-Image-2020-06-14-at-18.12.06-400x400.jpeg 400w, https:\/\/www.padreeustaquio.com.br\/wp-content\/uploads\/2020\/06\/WhatsApp-Image-2020-06-14-at-18.12.06-600x600.jpeg 600w\" sizes=\"(max-width: 150px) 100vw, 150px\" \/><\/a>\n\t\t\t<\/dt><\/dl><dl class='gallery-item'>\n\t\t\t<dt class='gallery-icon landscape'>\n\t\t\t\t<a href='https:\/\/www.padreeustaquio.com.br\/es\/corpus-christi-vea-como-fue-la-procesion-con-el-santisimo-sacramento\/whatsapp-image-2020-06-14-at-18-12-03\/'><img decoding=\"async\" width=\"150\" height=\"150\" src=\"https:\/\/www.padreeustaquio.com.br\/wp-content\/uploads\/2020\/06\/WhatsApp-Image-2020-06-14-at-18.12.03-150x150.jpeg\" class=\"attachment-thumbnail size-thumbnail\" alt=\"\" srcset=\"https:\/\/www.padreeustaquio.com.br\/wp-content\/uploads\/2020\/06\/WhatsApp-Image-2020-06-14-at-18.12.03-150x150.jpeg 150w, https:\/\/www.padreeustaquio.com.br\/wp-content\/uploads\/2020\/06\/WhatsApp-Image-2020-06-14-at-18.12.03-180x180.jpeg 180w, https:\/\/www.padreeustaquio.com.br\/wp-content\/uploads\/2020\/06\/WhatsApp-Image-2020-06-14-at-18.12.03-400x400.jpeg 400w, https:\/\/www.padreeustaquio.com.br\/wp-content\/uploads\/2020\/06\/WhatsApp-Image-2020-06-14-at-18.12.03-600x600.jpeg 600w\" sizes=\"(max-width: 150px) 100vw, 150px\" \/><\/a>\n\t\t\t<\/dt><\/dl><dl class='gallery-item'>\n\t\t\t<dt class='gallery-icon landscape'>\n\t\t\t\t<a href='https:\/\/www.padreeustaquio.com.br\/es\/corpus-christi-vea-como-fue-la-procesion-con-el-santisimo-sacramento\/whatsapp-image-2020-06-14-at-18-12-02\/'><img loading=\"lazy\" decoding=\"async\" width=\"150\" height=\"150\" src=\"https:\/\/www.padreeustaquio.com.br\/wp-content\/uploads\/2020\/06\/WhatsApp-Image-2020-06-14-at-18.12.02-150x150.jpeg\" class=\"attachment-thumbnail size-thumbnail\" alt=\"\" srcset=\"https:\/\/www.padreeustaquio.com.br\/wp-content\/uploads\/2020\/06\/WhatsApp-Image-2020-06-14-at-18.12.02-150x150.jpeg 150w, https:\/\/www.padreeustaquio.com.br\/wp-content\/uploads\/2020\/06\/WhatsApp-Image-2020-06-14-at-18.12.02-180x180.jpeg 180w, https:\/\/www.padreeustaquio.com.br\/wp-content\/uploads\/2020\/06\/WhatsApp-Image-2020-06-14-at-18.12.02-400x400.jpeg 400w, https:\/\/www.padreeustaquio.com.br\/wp-content\/uploads\/2020\/06\/WhatsApp-Image-2020-06-14-at-18.12.02-600x600.jpeg 600w\" sizes=\"(max-width: 150px) 100vw, 150px\" \/><\/a>\n\t\t\t<\/dt><\/dl><br style=\"clear: both\" \/><dl class='gallery-item'>\n\t\t\t<dt class='gallery-icon landscape'>\n\t\t\t\t<a href='https:\/\/www.padreeustaquio.com.br\/es\/corpus-christi-vea-como-fue-la-procesion-con-el-santisimo-sacramento\/whatsapp-image-2020-06-14-at-18-12-01\/'><img loading=\"lazy\" decoding=\"async\" width=\"150\" height=\"150\" src=\"https:\/\/www.padreeustaquio.com.br\/wp-content\/uploads\/2020\/06\/WhatsApp-Image-2020-06-14-at-18.12.01-150x150.jpeg\" class=\"attachment-thumbnail size-thumbnail\" alt=\"\" srcset=\"https:\/\/www.padreeustaquio.com.br\/wp-content\/uploads\/2020\/06\/WhatsApp-Image-2020-06-14-at-18.12.01-150x150.jpeg 150w, https:\/\/www.padreeustaquio.com.br\/wp-content\/uploads\/2020\/06\/WhatsApp-Image-2020-06-14-at-18.12.01-180x180.jpeg 180w, https:\/\/www.padreeustaquio.com.br\/wp-content\/uploads\/2020\/06\/WhatsApp-Image-2020-06-14-at-18.12.01-400x400.jpeg 400w, https:\/\/www.padreeustaquio.com.br\/wp-content\/uploads\/2020\/06\/WhatsApp-Image-2020-06-14-at-18.12.01-600x600.jpeg 600w\" sizes=\"(max-width: 150px) 100vw, 150px\" \/><\/a>\n\t\t\t<\/dt><\/dl><dl class='gallery-item'>\n\t\t\t<dt class='gallery-icon landscape'>\n\t\t\t\t<a href='https:\/\/www.padreeustaquio.com.br\/es\/corpus-christi-vea-como-fue-la-procesion-con-el-santisimo-sacramento\/whatsapp-image-2020-06-14-at-18-12-00\/'><img loading=\"lazy\" decoding=\"async\" width=\"150\" height=\"150\" src=\"https:\/\/www.padreeustaquio.com.br\/wp-content\/uploads\/2020\/06\/WhatsApp-Image-2020-06-14-at-18.12.00-150x150.jpeg\" class=\"attachment-thumbnail size-thumbnail\" alt=\"\" srcset=\"https:\/\/www.padreeustaquio.com.br\/wp-content\/uploads\/2020\/06\/WhatsApp-Image-2020-06-14-at-18.12.00-150x150.jpeg 150w, https:\/\/www.padreeustaquio.com.br\/wp-content\/uploads\/2020\/06\/WhatsApp-Image-2020-06-14-at-18.12.00-180x180.jpeg 180w, https:\/\/www.padreeustaquio.com.br\/wp-content\/uploads\/2020\/06\/WhatsApp-Image-2020-06-14-at-18.12.00-400x400.jpeg 400w, https:\/\/www.padreeustaquio.com.br\/wp-content\/uploads\/2020\/06\/WhatsApp-Image-2020-06-14-at-18.12.00-600x600.jpeg 600w\" sizes=\"(max-width: 150px) 100vw, 150px\" \/><\/a>\n\t\t\t<\/dt><\/dl><dl class='gallery-item'>\n\t\t\t<dt class='gallery-icon landscape'>\n\t\t\t\t<a href='https:\/\/www.padreeustaquio.com.br\/es\/corpus-christi-vea-como-fue-la-procesion-con-el-santisimo-sacramento\/whatsapp-image-2020-06-14-at-18-11-59\/'><img loading=\"lazy\" decoding=\"async\" width=\"150\" height=\"150\" src=\"https:\/\/www.padreeustaquio.com.br\/wp-content\/uploads\/2020\/06\/WhatsApp-Image-2020-06-14-at-18.11.59-150x150.jpeg\" class=\"attachment-thumbnail size-thumbnail\" alt=\"\" srcset=\"https:\/\/www.padreeustaquio.com.br\/wp-content\/uploads\/2020\/06\/WhatsApp-Image-2020-06-14-at-18.11.59-150x150.jpeg 150w, https:\/\/www.padreeustaquio.com.br\/wp-content\/uploads\/2020\/06\/WhatsApp-Image-2020-06-14-at-18.11.59-180x180.jpeg 180w, https:\/\/www.padreeustaquio.com.br\/wp-content\/uploads\/2020\/06\/WhatsApp-Image-2020-06-14-at-18.11.59-400x400.jpeg 400w, https:\/\/www.padreeustaquio.com.br\/wp-content\/uploads\/2020\/06\/WhatsApp-Image-2020-06-14-at-18.11.59-600x600.jpeg 600w\" sizes=\"(max-width: 150px) 100vw, 150px\" \/><\/a>\n\t\t\t<\/dt><\/dl><dl class='gallery-item'>\n\t\t\t<dt class='gallery-icon portrait'>\n\t\t\t\t<a href='https:\/\/www.padreeustaquio.com.br\/es\/corpus-christi-vea-como-fue-la-procesion-con-el-santisimo-sacramento\/whatsapp-image-2020-06-14-at-18-11-52-1\/'><img loading=\"lazy\" decoding=\"async\" width=\"150\" height=\"150\" src=\"https:\/\/www.padreeustaquio.com.br\/wp-content\/uploads\/2020\/06\/WhatsApp-Image-2020-06-14-at-18.11.52-1-150x150.jpeg\" class=\"attachment-thumbnail size-thumbnail\" alt=\"\" srcset=\"https:\/\/www.padreeustaquio.com.br\/wp-content\/uploads\/2020\/06\/WhatsApp-Image-2020-06-14-at-18.11.52-1-150x150.jpeg 150w, https:\/\/www.padreeustaquio.com.br\/wp-content\/uploads\/2020\/06\/WhatsApp-Image-2020-06-14-at-18.11.52-1-180x180.jpeg 180w, https:\/\/www.padreeustaquio.com.br\/wp-content\/uploads\/2020\/06\/WhatsApp-Image-2020-06-14-at-18.11.52-1-400x400.jpeg 400w, https:\/\/www.padreeustaquio.com.br\/wp-content\/uploads\/2020\/06\/WhatsApp-Image-2020-06-14-at-18.11.52-1-600x600.jpeg 600w\" sizes=\"(max-width: 150px) 100vw, 150px\" \/><\/a>\n\t\t\t<\/dt><\/dl><br style=\"clear: both\" \/><dl class='gallery-item'>\n\t\t\t<dt class='gallery-icon portrait'>\n\t\t\t\t<a href='https:\/\/www.padreeustaquio.com.br\/es\/corpus-christi-vea-como-fue-la-procesion-con-el-santisimo-sacramento\/whatsapp-image-2020-06-14-at-18-11-52\/'><img loading=\"lazy\" decoding=\"async\" width=\"150\" height=\"150\" src=\"https:\/\/www.padreeustaquio.com.br\/wp-content\/uploads\/2020\/06\/WhatsApp-Image-2020-06-14-at-18.11.52-150x150.jpeg\" class=\"attachment-thumbnail size-thumbnail\" alt=\"\" srcset=\"https:\/\/www.padreeustaquio.com.br\/wp-content\/uploads\/2020\/06\/WhatsApp-Image-2020-06-14-at-18.11.52-150x150.jpeg 150w, https:\/\/www.padreeustaquio.com.br\/wp-content\/uploads\/2020\/06\/WhatsApp-Image-2020-06-14-at-18.11.52-180x180.jpeg 180w, https:\/\/www.padreeustaquio.com.br\/wp-content\/uploads\/2020\/06\/WhatsApp-Image-2020-06-14-at-18.11.52-400x400.jpeg 400w, https:\/\/www.padreeustaquio.com.br\/wp-content\/uploads\/2020\/06\/WhatsApp-Image-2020-06-14-at-18.11.52-600x600.jpeg 600w\" sizes=\"(max-width: 150px) 100vw, 150px\" \/><\/a>\n\t\t\t<\/dt><\/dl><dl class='gallery-item'>\n\t\t\t<dt class='gallery-icon landscape'>\n\t\t\t\t<a href='https:\/\/www.padreeustaquio.com.br\/es\/corpus-christi-vea-como-fue-la-procesion-con-el-santisimo-sacramento\/whatsapp-image-2020-06-14-at-18-10-07\/'><img loading=\"lazy\" decoding=\"async\" width=\"150\" height=\"150\" src=\"https:\/\/www.padreeustaquio.com.br\/wp-content\/uploads\/2020\/06\/WhatsApp-Image-2020-06-14-at-18.10.07-150x150.jpeg\" class=\"attachment-thumbnail size-thumbnail\" alt=\"\" srcset=\"https:\/\/www.padreeustaquio.com.br\/wp-content\/uploads\/2020\/06\/WhatsApp-Image-2020-06-14-at-18.10.07-150x150.jpeg 150w, https:\/\/www.padreeustaquio.com.br\/wp-content\/uploads\/2020\/06\/WhatsApp-Image-2020-06-14-at-18.10.07-180x180.jpeg 180w, https:\/\/www.padreeustaquio.com.br\/wp-content\/uploads\/2020\/06\/WhatsApp-Image-2020-06-14-at-18.10.07-400x400.jpeg 400w, https:\/\/www.padreeustaquio.com.br\/wp-content\/uploads\/2020\/06\/WhatsApp-Image-2020-06-14-at-18.10.07-600x600.jpeg 600w\" sizes=\"(max-width: 150px) 100vw, 150px\" \/><\/a>\n\t\t\t<\/dt><\/dl><dl class='gallery-item'>\n\t\t\t<dt class='gallery-icon landscape'>\n\t\t\t\t<a href='https:\/\/www.padreeustaquio.com.br\/es\/corpus-christi-vea-como-fue-la-procesion-con-el-santisimo-sacramento\/whatsapp-image-2020-06-14-at-18-10-06\/'><img loading=\"lazy\" decoding=\"async\" width=\"150\" height=\"150\" src=\"https:\/\/www.padreeustaquio.com.br\/wp-content\/uploads\/2020\/06\/WhatsApp-Image-2020-06-14-at-18.10.06-150x150.jpeg\" class=\"attachment-thumbnail size-thumbnail\" alt=\"\" srcset=\"https:\/\/www.padreeustaquio.com.br\/wp-content\/uploads\/2020\/06\/WhatsApp-Image-2020-06-14-at-18.10.06-150x150.jpeg 150w, https:\/\/www.padreeustaquio.com.br\/wp-content\/uploads\/2020\/06\/WhatsApp-Image-2020-06-14-at-18.10.06-180x180.jpeg 180w, https:\/\/www.padreeustaquio.com.br\/wp-content\/uploads\/2020\/06\/WhatsApp-Image-2020-06-14-at-18.10.06-400x400.jpeg 400w, https:\/\/www.padreeustaquio.com.br\/wp-content\/uploads\/2020\/06\/WhatsApp-Image-2020-06-14-at-18.10.06-600x600.jpeg 600w\" sizes=\"(max-width: 150px) 100vw, 150px\" \/><\/a>\n\t\t\t<\/dt><\/dl><dl class='gallery-item'>\n\t\t\t<dt class='gallery-icon portrait'>\n\t\t\t\t<a href='https:\/\/www.padreeustaquio.com.br\/es\/corpus-christi-vea-como-fue-la-procesion-con-el-santisimo-sacramento\/whatsapp-image-2020-06-14-at-18-10-02\/'><img loading=\"lazy\" decoding=\"async\" width=\"150\" height=\"150\" src=\"https:\/\/www.padreeustaquio.com.br\/wp-content\/uploads\/2020\/06\/WhatsApp-Image-2020-06-14-at-18.10.02-150x150.jpeg\" class=\"attachment-thumbnail size-thumbnail\" alt=\"\" srcset=\"https:\/\/www.padreeustaquio.com.br\/wp-content\/uploads\/2020\/06\/WhatsApp-Image-2020-06-14-at-18.10.02-150x150.jpeg 150w, https:\/\/www.padreeustaquio.com.br\/wp-content\/uploads\/2020\/06\/WhatsApp-Image-2020-06-14-at-18.10.02-180x180.jpeg 180w, https:\/\/www.padreeustaquio.com.br\/wp-content\/uploads\/2020\/06\/WhatsApp-Image-2020-06-14-at-18.10.02-400x400.jpeg 400w, https:\/\/www.padreeustaquio.com.br\/wp-content\/uploads\/2020\/06\/WhatsApp-Image-2020-06-14-at-18.10.02-600x600.jpeg 600w\" sizes=\"(max-width: 150px) 100vw, 150px\" \/><\/a>\n\t\t\t<\/dt><\/dl><br style=\"clear: both\" \/><dl class='gallery-item'>\n\t\t\t<dt class='gallery-icon landscape'>\n\t\t\t\t<a href='https:\/\/www.padreeustaquio.com.br\/es\/corpus-christi-vea-como-fue-la-procesion-con-el-santisimo-sacramento\/whatsapp-image-2020-06-14-at-18-10-01\/'><img loading=\"lazy\" decoding=\"async\" width=\"150\" height=\"150\" src=\"https:\/\/www.padreeustaquio.com.br\/wp-content\/uploads\/2020\/06\/WhatsApp-Image-2020-06-14-at-18.10.01-150x150.jpeg\" class=\"attachment-thumbnail size-thumbnail\" alt=\"\" srcset=\"https:\/\/www.padreeustaquio.com.br\/wp-content\/uploads\/2020\/06\/WhatsApp-Image-2020-06-14-at-18.10.01-150x150.jpeg 150w, https:\/\/www.padreeustaquio.com.br\/wp-content\/uploads\/2020\/06\/WhatsApp-Image-2020-06-14-at-18.10.01-180x180.jpeg 180w, https:\/\/www.padreeustaquio.com.br\/wp-content\/uploads\/2020\/06\/WhatsApp-Image-2020-06-14-at-18.10.01-400x400.jpeg 400w, https:\/\/www.padreeustaquio.com.br\/wp-content\/uploads\/2020\/06\/WhatsApp-Image-2020-06-14-at-18.10.01-600x600.jpeg 600w\" sizes=\"(max-width: 150px) 100vw, 150px\" \/><\/a>\n\t\t\t<\/dt><\/dl><dl class='gallery-item'>\n\t\t\t<dt class='gallery-icon landscape'>\n\t\t\t\t<a href='https:\/\/www.padreeustaquio.com.br\/es\/corpus-christi-vea-como-fue-la-procesion-con-el-santisimo-sacramento\/whatsapp-image-2020-06-14-at-18-09-59\/'><img loading=\"lazy\" decoding=\"async\" width=\"150\" height=\"150\" src=\"https:\/\/www.padreeustaquio.com.br\/wp-content\/uploads\/2020\/06\/WhatsApp-Image-2020-06-14-at-18.09.59-150x150.jpeg\" class=\"attachment-thumbnail size-thumbnail\" alt=\"\" srcset=\"https:\/\/www.padreeustaquio.com.br\/wp-content\/uploads\/2020\/06\/WhatsApp-Image-2020-06-14-at-18.09.59-150x150.jpeg 150w, https:\/\/www.padreeustaquio.com.br\/wp-content\/uploads\/2020\/06\/WhatsApp-Image-2020-06-14-at-18.09.59-180x180.jpeg 180w, https:\/\/www.padreeustaquio.com.br\/wp-content\/uploads\/2020\/06\/WhatsApp-Image-2020-06-14-at-18.09.59-400x400.jpeg 400w, https:\/\/www.padreeustaquio.com.br\/wp-content\/uploads\/2020\/06\/WhatsApp-Image-2020-06-14-at-18.09.59-600x600.jpeg 600w\" sizes=\"(max-width: 150px) 100vw, 150px\" \/><\/a>\n\t\t\t<\/dt><\/dl><dl class='gallery-item'>\n\t\t\t<dt class='gallery-icon landscape'>\n\t\t\t\t<a href='https:\/\/www.padreeustaquio.com.br\/es\/corpus-christi-vea-como-fue-la-procesion-con-el-santisimo-sacramento\/whatsapp-image-2020-06-14-at-18-09-57-1\/'><img loading=\"lazy\" decoding=\"async\" width=\"150\" height=\"150\" src=\"https:\/\/www.padreeustaquio.com.br\/wp-content\/uploads\/2020\/06\/WhatsApp-Image-2020-06-14-at-18.09.57-1-150x150.jpeg\" class=\"attachment-thumbnail size-thumbnail\" alt=\"\" srcset=\"https:\/\/www.padreeustaquio.com.br\/wp-content\/uploads\/2020\/06\/WhatsApp-Image-2020-06-14-at-18.09.57-1-150x150.jpeg 150w, https:\/\/www.padreeustaquio.com.br\/wp-content\/uploads\/2020\/06\/WhatsApp-Image-2020-06-14-at-18.09.57-1-180x180.jpeg 180w, https:\/\/www.padreeustaquio.com.br\/wp-content\/uploads\/2020\/06\/WhatsApp-Image-2020-06-14-at-18.09.57-1-400x400.jpeg 400w, https:\/\/www.padreeustaquio.com.br\/wp-content\/uploads\/2020\/06\/WhatsApp-Image-2020-06-14-at-18.09.57-1-600x600.jpeg 600w\" sizes=\"(max-width: 150px) 100vw, 150px\" \/><\/a>\n\t\t\t<\/dt><\/dl><dl class='gallery-item'>\n\t\t\t<dt class='gallery-icon landscape'>\n\t\t\t\t<a href='https:\/\/www.padreeustaquio.com.br\/es\/corpus-christi-vea-como-fue-la-procesion-con-el-santisimo-sacramento\/whatsapp-image-2020-06-14-at-18-09-57\/'><img loading=\"lazy\" decoding=\"async\" width=\"150\" height=\"150\" src=\"https:\/\/www.padreeustaquio.com.br\/wp-content\/uploads\/2020\/06\/WhatsApp-Image-2020-06-14-at-18.09.57-150x150.jpeg\" class=\"attachment-thumbnail size-thumbnail\" alt=\"\" srcset=\"https:\/\/www.padreeustaquio.com.br\/wp-content\/uploads\/2020\/06\/WhatsApp-Image-2020-06-14-at-18.09.57-150x150.jpeg 150w, https:\/\/www.padreeustaquio.com.br\/wp-content\/uploads\/2020\/06\/WhatsApp-Image-2020-06-14-at-18.09.57-180x180.jpeg 180w, https:\/\/www.padreeustaquio.com.br\/wp-content\/uploads\/2020\/06\/WhatsApp-Image-2020-06-14-at-18.09.57-400x400.jpeg 400w, https:\/\/www.padreeustaquio.com.br\/wp-content\/uploads\/2020\/06\/WhatsApp-Image-2020-06-14-at-18.09.57-600x600.jpeg 600w\" sizes=\"(max-width: 150px) 100vw, 150px\" \/><\/a>\n\t\t\t<\/dt><\/dl><br style=\"clear: both\" \/><dl class='gallery-item'>\n\t\t\t<dt class='gallery-icon landscape'>\n\t\t\t\t<a href='https:\/\/www.padreeustaquio.com.br\/es\/corpus-christi-vea-como-fue-la-procesion-con-el-santisimo-sacramento\/whatsapp-image-2020-06-14-at-18-09-56\/'><img loading=\"lazy\" decoding=\"async\" width=\"150\" height=\"150\" src=\"https:\/\/www.padreeustaquio.com.br\/wp-content\/uploads\/2020\/06\/WhatsApp-Image-2020-06-14-at-18.09.56-150x150.jpeg\" class=\"attachment-thumbnail size-thumbnail\" alt=\"\" srcset=\"https:\/\/www.padreeustaquio.com.br\/wp-content\/uploads\/2020\/06\/WhatsApp-Image-2020-06-14-at-18.09.56-150x150.jpeg 150w, https:\/\/www.padreeustaquio.com.br\/wp-content\/uploads\/2020\/06\/WhatsApp-Image-2020-06-14-at-18.09.56-180x180.jpeg 180w, https:\/\/www.padreeustaquio.com.br\/wp-content\/uploads\/2020\/06\/WhatsApp-Image-2020-06-14-at-18.09.56-400x400.jpeg 400w, https:\/\/www.padreeustaquio.com.br\/wp-content\/uploads\/2020\/06\/WhatsApp-Image-2020-06-14-at-18.09.56-600x600.jpeg 600w\" sizes=\"(max-width: 150px) 100vw, 150px\" \/><\/a>\n\t\t\t<\/dt><\/dl><dl class='gallery-item'>\n\t\t\t<dt class='gallery-icon landscape'>\n\t\t\t\t<a href='https:\/\/www.padreeustaquio.com.br\/es\/corpus-christi-vea-como-fue-la-procesion-con-el-santisimo-sacramento\/whatsapp-image-2020-06-14-at-18-09-55\/'><img loading=\"lazy\" decoding=\"async\" width=\"150\" height=\"150\" src=\"https:\/\/www.padreeustaquio.com.br\/wp-content\/uploads\/2020\/06\/WhatsApp-Image-2020-06-14-at-18.09.55-150x150.jpeg\" class=\"attachment-thumbnail size-thumbnail\" alt=\"\" srcset=\"https:\/\/www.padreeustaquio.com.br\/wp-content\/uploads\/2020\/06\/WhatsApp-Image-2020-06-14-at-18.09.55-150x150.jpeg 150w, https:\/\/www.padreeustaquio.com.br\/wp-content\/uploads\/2020\/06\/WhatsApp-Image-2020-06-14-at-18.09.55-180x180.jpeg 180w, https:\/\/www.padreeustaquio.com.br\/wp-content\/uploads\/2020\/06\/WhatsApp-Image-2020-06-14-at-18.09.55-400x400.jpeg 400w, https:\/\/www.padreeustaquio.com.br\/wp-content\/uploads\/2020\/06\/WhatsApp-Image-2020-06-14-at-18.09.55-600x600.jpeg 600w\" sizes=\"(max-width: 150px) 100vw, 150px\" \/><\/a>\n\t\t\t<\/dt><\/dl><dl class='gallery-item'>\n\t\t\t<dt class='gallery-icon landscape'>\n\t\t\t\t<a href='https:\/\/www.padreeustaquio.com.br\/es\/corpus-christi-vea-como-fue-la-procesion-con-el-santisimo-sacramento\/whatsapp-image-2020-06-14-at-18-09-54-1\/'><img loading=\"lazy\" decoding=\"async\" width=\"150\" height=\"150\" src=\"https:\/\/www.padreeustaquio.com.br\/wp-content\/uploads\/2020\/06\/WhatsApp-Image-2020-06-14-at-18.09.54-1-150x150.jpeg\" class=\"attachment-thumbnail size-thumbnail\" alt=\"\" srcset=\"https:\/\/www.padreeustaquio.com.br\/wp-content\/uploads\/2020\/06\/WhatsApp-Image-2020-06-14-at-18.09.54-1-150x150.jpeg 150w, https:\/\/www.padreeustaquio.com.br\/wp-content\/uploads\/2020\/06\/WhatsApp-Image-2020-06-14-at-18.09.54-1-180x180.jpeg 180w, https:\/\/www.padreeustaquio.com.br\/wp-content\/uploads\/2020\/06\/WhatsApp-Image-2020-06-14-at-18.09.54-1-400x400.jpeg 400w, https:\/\/www.padreeustaquio.com.br\/wp-content\/uploads\/2020\/06\/WhatsApp-Image-2020-06-14-at-18.09.54-1-600x600.jpeg 600w\" sizes=\"(max-width: 150px) 100vw, 150px\" \/><\/a>\n\t\t\t<\/dt><\/dl><dl class='gallery-item'>\n\t\t\t<dt class='gallery-icon portrait'>\n\t\t\t\t<a href='https:\/\/www.padreeustaquio.com.br\/es\/corpus-christi-vea-como-fue-la-procesion-con-el-santisimo-sacramento\/whatsapp-image-2020-06-14-at-18-09-54\/'><img loading=\"lazy\" decoding=\"async\" width=\"150\" height=\"150\" src=\"https:\/\/www.padreeustaquio.com.br\/wp-content\/uploads\/2020\/06\/WhatsApp-Image-2020-06-14-at-18.09.54-150x150.jpeg\" class=\"attachment-thumbnail size-thumbnail\" alt=\"\" srcset=\"https:\/\/www.padreeustaquio.com.br\/wp-content\/uploads\/2020\/06\/WhatsApp-Image-2020-06-14-at-18.09.54-150x150.jpeg 150w, https:\/\/www.padreeustaquio.com.br\/wp-content\/uploads\/2020\/06\/WhatsApp-Image-2020-06-14-at-18.09.54-180x180.jpeg 180w, https:\/\/www.padreeustaquio.com.br\/wp-content\/uploads\/2020\/06\/WhatsApp-Image-2020-06-14-at-18.09.54-400x400.jpeg 400w, https:\/\/www.padreeustaquio.com.br\/wp-content\/uploads\/2020\/06\/WhatsApp-Image-2020-06-14-at-18.09.54-600x600.jpeg 600w\" sizes=\"(max-width: 150px) 100vw, 150px\" \/><\/a>\n\t\t\t<\/dt><\/dl><br style=\"clear: both\" \/><dl class='gallery-item'>\n\t\t\t<dt class='gallery-icon landscape'>\n\t\t\t\t<a href='https:\/\/www.padreeustaquio.com.br\/es\/corpus-christi-vea-como-fue-la-procesion-con-el-santisimo-sacramento\/whatsapp-image-2020-06-14-at-18-09-52-1\/'><img loading=\"lazy\" decoding=\"async\" width=\"150\" height=\"150\" src=\"https:\/\/www.padreeustaquio.com.br\/wp-content\/uploads\/2020\/06\/WhatsApp-Image-2020-06-14-at-18.09.52-1-150x150.jpeg\" class=\"attachment-thumbnail size-thumbnail\" alt=\"\" srcset=\"https:\/\/www.padreeustaquio.com.br\/wp-content\/uploads\/2020\/06\/WhatsApp-Image-2020-06-14-at-18.09.52-1-150x150.jpeg 150w, https:\/\/www.padreeustaquio.com.br\/wp-content\/uploads\/2020\/06\/WhatsApp-Image-2020-06-14-at-18.09.52-1-180x180.jpeg 180w, https:\/\/www.padreeustaquio.com.br\/wp-content\/uploads\/2020\/06\/WhatsApp-Image-2020-06-14-at-18.09.52-1-400x400.jpeg 400w, https:\/\/www.padreeustaquio.com.br\/wp-content\/uploads\/2020\/06\/WhatsApp-Image-2020-06-14-at-18.09.52-1-600x600.jpeg 600w\" sizes=\"(max-width: 150px) 100vw, 150px\" \/><\/a>\n\t\t\t<\/dt><\/dl><dl class='gallery-item'>\n\t\t\t<dt class='gallery-icon landscape'>\n\t\t\t\t<a href='https:\/\/www.padreeustaquio.com.br\/es\/corpus-christi-vea-como-fue-la-procesion-con-el-santisimo-sacramento\/whatsapp-image-2020-06-14-at-18-09-52\/'><img loading=\"lazy\" decoding=\"async\" width=\"150\" height=\"150\" src=\"https:\/\/www.padreeustaquio.com.br\/wp-content\/uploads\/2020\/06\/WhatsApp-Image-2020-06-14-at-18.09.52-150x150.jpeg\" class=\"attachment-thumbnail size-thumbnail\" alt=\"\" srcset=\"https:\/\/www.padreeustaquio.com.br\/wp-content\/uploads\/2020\/06\/WhatsApp-Image-2020-06-14-at-18.09.52-150x150.jpeg 150w, https:\/\/www.padreeustaquio.com.br\/wp-content\/uploads\/2020\/06\/WhatsApp-Image-2020-06-14-at-18.09.52-180x180.jpeg 180w, https:\/\/www.padreeustaquio.com.br\/wp-content\/uploads\/2020\/06\/WhatsApp-Image-2020-06-14-at-18.09.52-400x400.jpeg 400w, https:\/\/www.padreeustaquio.com.br\/wp-content\/uploads\/2020\/06\/WhatsApp-Image-2020-06-14-at-18.09.52-600x600.jpeg 600w\" sizes=\"(max-width: 150px) 100vw, 150px\" \/><\/a>\n\t\t\t<\/dt><\/dl><dl class='gallery-item'>\n\t\t\t<dt class='gallery-icon landscape'>\n\t\t\t\t<a href='https:\/\/www.padreeustaquio.com.br\/es\/corpus-christi-vea-como-fue-la-procesion-con-el-santisimo-sacramento\/whatsapp-image-2020-06-14-at-18-08-37\/'><img loading=\"lazy\" decoding=\"async\" width=\"150\" height=\"150\" src=\"https:\/\/www.padreeustaquio.com.br\/wp-content\/uploads\/2020\/06\/WhatsApp-Image-2020-06-14-at-18.08.37-150x150.jpeg\" class=\"attachment-thumbnail size-thumbnail\" alt=\"\" srcset=\"https:\/\/www.padreeustaquio.com.br\/wp-content\/uploads\/2020\/06\/WhatsApp-Image-2020-06-14-at-18.08.37-150x150.jpeg 150w, https:\/\/www.padreeustaquio.com.br\/wp-content\/uploads\/2020\/06\/WhatsApp-Image-2020-06-14-at-18.08.37-180x180.jpeg 180w, https:\/\/www.padreeustaquio.com.br\/wp-content\/uploads\/2020\/06\/WhatsApp-Image-2020-06-14-at-18.08.37-400x400.jpeg 400w, https:\/\/www.padreeustaquio.com.br\/wp-content\/uploads\/2020\/06\/WhatsApp-Image-2020-06-14-at-18.08.37-600x600.jpeg 600w\" sizes=\"(max-width: 150px) 100vw, 150px\" \/><\/a>\n\t\t\t<\/dt><\/dl><dl class='gallery-item'>\n\t\t\t<dt class='gallery-icon portrait'>\n\t\t\t\t<a href='https:\/\/www.padreeustaquio.com.br\/es\/corpus-christi-vea-como-fue-la-procesion-con-el-santisimo-sacramento\/whatsapp-image-2020-06-14-at-18-08-36\/'><img loading=\"lazy\" decoding=\"async\" width=\"150\" height=\"150\" src=\"https:\/\/www.padreeustaquio.com.br\/wp-content\/uploads\/2020\/06\/WhatsApp-Image-2020-06-14-at-18.08.36-150x150.jpeg\" class=\"attachment-thumbnail size-thumbnail\" alt=\"\" srcset=\"https:\/\/www.padreeustaquio.com.br\/wp-content\/uploads\/2020\/06\/WhatsApp-Image-2020-06-14-at-18.08.36-150x150.jpeg 150w, https:\/\/www.padreeustaquio.com.br\/wp-content\/uploads\/2020\/06\/WhatsApp-Image-2020-06-14-at-18.08.36-180x180.jpeg 180w, https:\/\/www.padreeustaquio.com.br\/wp-content\/uploads\/2020\/06\/WhatsApp-Image-2020-06-14-at-18.08.36-400x400.jpeg 400w, https:\/\/www.padreeustaquio.com.br\/wp-content\/uploads\/2020\/06\/WhatsApp-Image-2020-06-14-at-18.08.36-600x600.jpeg 600w\" sizes=\"(max-width: 150px) 100vw, 150px\" \/><\/a>\n\t\t\t<\/dt><\/dl><br style=\"clear: both\" \/><dl class='gallery-item'>\n\t\t\t<dt class='gallery-icon landscape'>\n\t\t\t\t<a href='https:\/\/www.padreeustaquio.com.br\/es\/corpus-christi-vea-como-fue-la-procesion-con-el-santisimo-sacramento\/whatsapp-image-2020-06-14-at-18-08-35\/'><img loading=\"lazy\" decoding=\"async\" width=\"150\" height=\"150\" src=\"https:\/\/www.padreeustaquio.com.br\/wp-content\/uploads\/2020\/06\/WhatsApp-Image-2020-06-14-at-18.08.35-150x150.jpeg\" class=\"attachment-thumbnail size-thumbnail\" alt=\"\" srcset=\"https:\/\/www.padreeustaquio.com.br\/wp-content\/uploads\/2020\/06\/WhatsApp-Image-2020-06-14-at-18.08.35-150x150.jpeg 150w, https:\/\/www.padreeustaquio.com.br\/wp-content\/uploads\/2020\/06\/WhatsApp-Image-2020-06-14-at-18.08.35-180x180.jpeg 180w, https:\/\/www.padreeustaquio.com.br\/wp-content\/uploads\/2020\/06\/WhatsApp-Image-2020-06-14-at-18.08.35-400x400.jpeg 400w, https:\/\/www.padreeustaquio.com.br\/wp-content\/uploads\/2020\/06\/WhatsApp-Image-2020-06-14-at-18.08.35-600x600.jpeg 600w\" sizes=\"(max-width: 150px) 100vw, 150px\" \/><\/a>\n\t\t\t<\/dt><\/dl><dl class='gallery-item'>\n\t\t\t<dt class='gallery-icon portrait'>\n\t\t\t\t<a href='https:\/\/www.padreeustaquio.com.br\/es\/corpus-christi-vea-como-fue-la-procesion-con-el-santisimo-sacramento\/whatsapp-image-2020-06-14-at-18-08-34-1\/'><img loading=\"lazy\" decoding=\"async\" width=\"150\" height=\"150\" src=\"https:\/\/www.padreeustaquio.com.br\/wp-content\/uploads\/2020\/06\/WhatsApp-Image-2020-06-14-at-18.08.34-1-150x150.jpeg\" class=\"attachment-thumbnail size-thumbnail\" alt=\"\" srcset=\"https:\/\/www.padreeustaquio.com.br\/wp-content\/uploads\/2020\/06\/WhatsApp-Image-2020-06-14-at-18.08.34-1-150x150.jpeg 150w, https:\/\/www.padreeustaquio.com.br\/wp-content\/uploads\/2020\/06\/WhatsApp-Image-2020-06-14-at-18.08.34-1-180x180.jpeg 180w, https:\/\/www.padreeustaquio.com.br\/wp-content\/uploads\/2020\/06\/WhatsApp-Image-2020-06-14-at-18.08.34-1-400x400.jpeg 400w, https:\/\/www.padreeustaquio.com.br\/wp-content\/uploads\/2020\/06\/WhatsApp-Image-2020-06-14-at-18.08.34-1-600x600.jpeg 600w\" sizes=\"(max-width: 150px) 100vw, 150px\" \/><\/a>\n\t\t\t<\/dt><\/dl><dl class='gallery-item'>\n\t\t\t<dt class='gallery-icon landscape'>\n\t\t\t\t<a href='https:\/\/www.padreeustaquio.com.br\/es\/corpus-christi-vea-como-fue-la-procesion-con-el-santisimo-sacramento\/whatsapp-image-2020-06-14-at-18-08-34\/'><img loading=\"lazy\" decoding=\"async\" width=\"150\" height=\"150\" src=\"https:\/\/www.padreeustaquio.com.br\/wp-content\/uploads\/2020\/06\/WhatsApp-Image-2020-06-14-at-18.08.34-150x150.jpeg\" class=\"attachment-thumbnail size-thumbnail\" alt=\"\" srcset=\"https:\/\/www.padreeustaquio.com.br\/wp-content\/uploads\/2020\/06\/WhatsApp-Image-2020-06-14-at-18.08.34-150x150.jpeg 150w, https:\/\/www.padreeustaquio.com.br\/wp-content\/uploads\/2020\/06\/WhatsApp-Image-2020-06-14-at-18.08.34-180x180.jpeg 180w, https:\/\/www.padreeustaquio.com.br\/wp-content\/uploads\/2020\/06\/WhatsApp-Image-2020-06-14-at-18.08.34-400x400.jpeg 400w, https:\/\/www.padreeustaquio.com.br\/wp-content\/uploads\/2020\/06\/WhatsApp-Image-2020-06-14-at-18.08.34-600x600.jpeg 600w\" sizes=\"(max-width: 150px) 100vw, 150px\" \/><\/a>\n\t\t\t<\/dt><\/dl><dl class='gallery-item'>\n\t\t\t<dt class='gallery-icon landscape'>\n\t\t\t\t<a href='https:\/\/www.padreeustaquio.com.br\/es\/corpus-christi-vea-como-fue-la-procesion-con-el-santisimo-sacramento\/whatsapp-image-2020-06-14-at-18-08-33\/'><img loading=\"lazy\" decoding=\"async\" width=\"150\" height=\"150\" src=\"https:\/\/www.padreeustaquio.com.br\/wp-content\/uploads\/2020\/06\/WhatsApp-Image-2020-06-14-at-18.08.33-150x150.jpeg\" class=\"attachment-thumbnail size-thumbnail\" alt=\"\" srcset=\"https:\/\/www.padreeustaquio.com.br\/wp-content\/uploads\/2020\/06\/WhatsApp-Image-2020-06-14-at-18.08.33-150x150.jpeg 150w, https:\/\/www.padreeustaquio.com.br\/wp-content\/uploads\/2020\/06\/WhatsApp-Image-2020-06-14-at-18.08.33-180x180.jpeg 180w, https:\/\/www.padreeustaquio.com.br\/wp-content\/uploads\/2020\/06\/WhatsApp-Image-2020-06-14-at-18.08.33-400x400.jpeg 400w, https:\/\/www.padreeustaquio.com.br\/wp-content\/uploads\/2020\/06\/WhatsApp-Image-2020-06-14-at-18.08.33-600x600.jpeg 600w\" sizes=\"(max-width: 150px) 100vw, 150px\" \/><\/a>\n\t\t\t<\/dt><\/dl><br style=\"clear: both\" \/><dl class='gallery-item'>\n\t\t\t<dt class='gallery-icon landscape'>\n\t\t\t\t<a href='https:\/\/www.padreeustaquio.com.br\/es\/corpus-christi-vea-como-fue-la-procesion-con-el-santisimo-sacramento\/whatsapp-image-2020-06-14-at-18-08-32-1\/'><img loading=\"lazy\" decoding=\"async\" width=\"150\" height=\"150\" src=\"https:\/\/www.padreeustaquio.com.br\/wp-content\/uploads\/2020\/06\/WhatsApp-Image-2020-06-14-at-18.08.32-1-150x150.jpeg\" class=\"attachment-thumbnail size-thumbnail\" alt=\"\" srcset=\"https:\/\/www.padreeustaquio.com.br\/wp-content\/uploads\/2020\/06\/WhatsApp-Image-2020-06-14-at-18.08.32-1-150x150.jpeg 150w, https:\/\/www.padreeustaquio.com.br\/wp-content\/uploads\/2020\/06\/WhatsApp-Image-2020-06-14-at-18.08.32-1-180x180.jpeg 180w, https:\/\/www.padreeustaquio.com.br\/wp-content\/uploads\/2020\/06\/WhatsApp-Image-2020-06-14-at-18.08.32-1-400x400.jpeg 400w, https:\/\/www.padreeustaquio.com.br\/wp-content\/uploads\/2020\/06\/WhatsApp-Image-2020-06-14-at-18.08.32-1-600x600.jpeg 600w\" sizes=\"(max-width: 150px) 100vw, 150px\" \/><\/a>\n\t\t\t<\/dt><\/dl><dl class='gallery-item'>\n\t\t\t<dt class='gallery-icon landscape'>\n\t\t\t\t<a href='https:\/\/www.padreeustaquio.com.br\/es\/corpus-christi-vea-como-fue-la-procesion-con-el-santisimo-sacramento\/whatsapp-image-2020-06-14-at-18-08-32\/'><img loading=\"lazy\" decoding=\"async\" width=\"150\" height=\"150\" src=\"https:\/\/www.padreeustaquio.com.br\/wp-content\/uploads\/2020\/06\/WhatsApp-Image-2020-06-14-at-18.08.32-150x150.jpeg\" class=\"attachment-thumbnail size-thumbnail\" alt=\"\" srcset=\"https:\/\/www.padreeustaquio.com.br\/wp-content\/uploads\/2020\/06\/WhatsApp-Image-2020-06-14-at-18.08.32-150x150.jpeg 150w, https:\/\/www.padreeustaquio.com.br\/wp-content\/uploads\/2020\/06\/WhatsApp-Image-2020-06-14-at-18.08.32-180x180.jpeg 180w, https:\/\/www.padreeustaquio.com.br\/wp-content\/uploads\/2020\/06\/WhatsApp-Image-2020-06-14-at-18.08.32-400x400.jpeg 400w, https:\/\/www.padreeustaquio.com.br\/wp-content\/uploads\/2020\/06\/WhatsApp-Image-2020-06-14-at-18.08.32-600x600.jpeg 600w\" sizes=\"(max-width: 150px) 100vw, 150px\" \/><\/a>\n\t\t\t<\/dt><\/dl><dl class='gallery-item'>\n\t\t\t<dt class='gallery-icon portrait'>\n\t\t\t\t<a href='https:\/\/www.padreeustaquio.com.br\/es\/corpus-christi-vea-como-fue-la-procesion-con-el-santisimo-sacramento\/whatsapp-image-2020-06-14-at-18-08-31-1\/'><img loading=\"lazy\" decoding=\"async\" width=\"150\" height=\"150\" src=\"https:\/\/www.padreeustaquio.com.br\/wp-content\/uploads\/2020\/06\/WhatsApp-Image-2020-06-14-at-18.08.31-1-150x150.jpeg\" class=\"attachment-thumbnail size-thumbnail\" alt=\"\" srcset=\"https:\/\/www.padreeustaquio.com.br\/wp-content\/uploads\/2020\/06\/WhatsApp-Image-2020-06-14-at-18.08.31-1-150x150.jpeg 150w, https:\/\/www.padreeustaquio.com.br\/wp-content\/uploads\/2020\/06\/WhatsApp-Image-2020-06-14-at-18.08.31-1-180x180.jpeg 180w, https:\/\/www.padreeustaquio.com.br\/wp-content\/uploads\/2020\/06\/WhatsApp-Image-2020-06-14-at-18.08.31-1-400x400.jpeg 400w, https:\/\/www.padreeustaquio.com.br\/wp-content\/uploads\/2020\/06\/WhatsApp-Image-2020-06-14-at-18.08.31-1-600x600.jpeg 600w\" sizes=\"(max-width: 150px) 100vw, 150px\" \/><\/a>\n\t\t\t<\/dt><\/dl><dl class='gallery-item'>\n\t\t\t<dt class='gallery-icon landscape'>\n\t\t\t\t<a href='https:\/\/www.padreeustaquio.com.br\/es\/corpus-christi-vea-como-fue-la-procesion-con-el-santisimo-sacramento\/whatsapp-image-2020-06-14-at-18-08-31\/'><img loading=\"lazy\" decoding=\"async\" width=\"150\" height=\"150\" src=\"https:\/\/www.padreeustaquio.com.br\/wp-content\/uploads\/2020\/06\/WhatsApp-Image-2020-06-14-at-18.08.31-150x150.jpeg\" class=\"attachment-thumbnail size-thumbnail\" alt=\"\" srcset=\"https:\/\/www.padreeustaquio.com.br\/wp-content\/uploads\/2020\/06\/WhatsApp-Image-2020-06-14-at-18.08.31-150x150.jpeg 150w, https:\/\/www.padreeustaquio.com.br\/wp-content\/uploads\/2020\/06\/WhatsApp-Image-2020-06-14-at-18.08.31-180x180.jpeg 180w, https:\/\/www.padreeustaquio.com.br\/wp-content\/uploads\/2020\/06\/WhatsApp-Image-2020-06-14-at-18.08.31-400x400.jpeg 400w, https:\/\/www.padreeustaquio.com.br\/wp-content\/uploads\/2020\/06\/WhatsApp-Image-2020-06-14-at-18.08.31-600x600.jpeg 600w\" sizes=\"(max-width: 150px) 100vw, 150px\" \/><\/a>\n\t\t\t<\/dt><\/dl><br style=\"clear: both\" \/><dl class='gallery-item'>\n\t\t\t<dt class='gallery-icon portrait'>\n\t\t\t\t<a href='https:\/\/www.padreeustaquio.com.br\/es\/corpus-christi-vea-como-fue-la-procesion-con-el-santisimo-sacramento\/whatsapp-image-2020-06-14-at-18-08-30\/'><img loading=\"lazy\" decoding=\"async\" width=\"150\" height=\"150\" src=\"https:\/\/www.padreeustaquio.com.br\/wp-content\/uploads\/2020\/06\/WhatsApp-Image-2020-06-14-at-18.08.30-150x150.jpeg\" class=\"attachment-thumbnail size-thumbnail\" alt=\"\" srcset=\"https:\/\/www.padreeustaquio.com.br\/wp-content\/uploads\/2020\/06\/WhatsApp-Image-2020-06-14-at-18.08.30-150x150.jpeg 150w, https:\/\/www.padreeustaquio.com.br\/wp-content\/uploads\/2020\/06\/WhatsApp-Image-2020-06-14-at-18.08.30-180x180.jpeg 180w, https:\/\/www.padreeustaquio.com.br\/wp-content\/uploads\/2020\/06\/WhatsApp-Image-2020-06-14-at-18.08.30-400x400.jpeg 400w, https:\/\/www.padreeustaquio.com.br\/wp-content\/uploads\/2020\/06\/WhatsApp-Image-2020-06-14-at-18.08.30-600x600.jpeg 600w\" sizes=\"(max-width: 150px) 100vw, 150px\" \/><\/a>\n\t\t\t<\/dt><\/dl><dl class='gallery-item'>\n\t\t\t<dt class='gallery-icon landscape'>\n\t\t\t\t<a href='https:\/\/www.padreeustaquio.com.br\/es\/corpus-christi-vea-como-fue-la-procesion-con-el-santisimo-sacramento\/whatsapp-image-2020-06-14-at-18-08-29-1\/'><img loading=\"lazy\" decoding=\"async\" width=\"150\" height=\"150\" src=\"https:\/\/www.padreeustaquio.com.br\/wp-content\/uploads\/2020\/06\/WhatsApp-Image-2020-06-14-at-18.08.29-1-150x150.jpeg\" class=\"attachment-thumbnail size-thumbnail\" alt=\"\" srcset=\"https:\/\/www.padreeustaquio.com.br\/wp-content\/uploads\/2020\/06\/WhatsApp-Image-2020-06-14-at-18.08.29-1-150x150.jpeg 150w, https:\/\/www.padreeustaquio.com.br\/wp-content\/uploads\/2020\/06\/WhatsApp-Image-2020-06-14-at-18.08.29-1-180x180.jpeg 180w, https:\/\/www.padreeustaquio.com.br\/wp-content\/uploads\/2020\/06\/WhatsApp-Image-2020-06-14-at-18.08.29-1-400x400.jpeg 400w, https:\/\/www.padreeustaquio.com.br\/wp-content\/uploads\/2020\/06\/WhatsApp-Image-2020-06-14-at-18.08.29-1-600x600.jpeg 600w\" sizes=\"(max-width: 150px) 100vw, 150px\" \/><\/a>\n\t\t\t<\/dt><\/dl><dl class='gallery-item'>\n\t\t\t<dt class='gallery-icon portrait'>\n\t\t\t\t<a href='https:\/\/www.padreeustaquio.com.br\/es\/corpus-christi-vea-como-fue-la-procesion-con-el-santisimo-sacramento\/whatsapp-image-2020-06-14-at-18-08-29\/'><img loading=\"lazy\" decoding=\"async\" width=\"150\" height=\"150\" src=\"https:\/\/www.padreeustaquio.com.br\/wp-content\/uploads\/2020\/06\/WhatsApp-Image-2020-06-14-at-18.08.29-150x150.jpeg\" class=\"attachment-thumbnail size-thumbnail\" alt=\"\" srcset=\"https:\/\/www.padreeustaquio.com.br\/wp-content\/uploads\/2020\/06\/WhatsApp-Image-2020-06-14-at-18.08.29-150x150.jpeg 150w, https:\/\/www.padreeustaquio.com.br\/wp-content\/uploads\/2020\/06\/WhatsApp-Image-2020-06-14-at-18.08.29-180x180.jpeg 180w, https:\/\/www.padreeustaquio.com.br\/wp-content\/uploads\/2020\/06\/WhatsApp-Image-2020-06-14-at-18.08.29-400x400.jpeg 400w, https:\/\/www.padreeustaquio.com.br\/wp-content\/uploads\/2020\/06\/WhatsApp-Image-2020-06-14-at-18.08.29-600x600.jpeg 600w\" sizes=\"(max-width: 150px) 100vw, 150px\" \/><\/a>\n\t\t\t<\/dt><\/dl><dl class='gallery-item'>\n\t\t\t<dt class='gallery-icon landscape'>\n\t\t\t\t<a href='https:\/\/www.padreeustaquio.com.br\/es\/corpus-christi-vea-como-fue-la-procesion-con-el-santisimo-sacramento\/whatsapp-image-2020-06-14-at-18-08-24-1\/'><img loading=\"lazy\" decoding=\"async\" width=\"150\" height=\"150\" src=\"https:\/\/www.padreeustaquio.com.br\/wp-content\/uploads\/2020\/06\/WhatsApp-Image-2020-06-14-at-18.08.24-1-150x150.jpeg\" class=\"attachment-thumbnail size-thumbnail\" alt=\"\" srcset=\"https:\/\/www.padreeustaquio.com.br\/wp-content\/uploads\/2020\/06\/WhatsApp-Image-2020-06-14-at-18.08.24-1-150x150.jpeg 150w, https:\/\/www.padreeustaquio.com.br\/wp-content\/uploads\/2020\/06\/WhatsApp-Image-2020-06-14-at-18.08.24-1-180x180.jpeg 180w, https:\/\/www.padreeustaquio.com.br\/wp-content\/uploads\/2020\/06\/WhatsApp-Image-2020-06-14-at-18.08.24-1-400x400.jpeg 400w, https:\/\/www.padreeustaquio.com.br\/wp-content\/uploads\/2020\/06\/WhatsApp-Image-2020-06-14-at-18.08.24-1-600x600.jpeg 600w\" sizes=\"(max-width: 150px) 100vw, 150px\" \/><\/a>\n\t\t\t<\/dt><\/dl><br style=\"clear: both\" \/><dl class='gallery-item'>\n\t\t\t<dt class='gallery-icon landscape'>\n\t\t\t\t<a href='https:\/\/www.padreeustaquio.com.br\/es\/corpus-christi-vea-como-fue-la-procesion-con-el-santisimo-sacramento\/whatsapp-image-2020-06-14-at-18-08-24\/'><img loading=\"lazy\" decoding=\"async\" width=\"150\" height=\"150\" src=\"https:\/\/www.padreeustaquio.com.br\/wp-content\/uploads\/2020\/06\/WhatsApp-Image-2020-06-14-at-18.08.24-150x150.jpeg\" class=\"attachment-thumbnail size-thumbnail\" alt=\"\" srcset=\"https:\/\/www.padreeustaquio.com.br\/wp-content\/uploads\/2020\/06\/WhatsApp-Image-2020-06-14-at-18.08.24-150x150.jpeg 150w, https:\/\/www.padreeustaquio.com.br\/wp-content\/uploads\/2020\/06\/WhatsApp-Image-2020-06-14-at-18.08.24-180x180.jpeg 180w, https:\/\/www.padreeustaquio.com.br\/wp-content\/uploads\/2020\/06\/WhatsApp-Image-2020-06-14-at-18.08.24-400x400.jpeg 400w, https:\/\/www.padreeustaquio.com.br\/wp-content\/uploads\/2020\/06\/WhatsApp-Image-2020-06-14-at-18.08.24-600x600.jpeg 600w\" sizes=\"(max-width: 150px) 100vw, 150px\" \/><\/a>\n\t\t\t<\/dt><\/dl><dl class='gallery-item'>\n\t\t\t<dt class='gallery-icon landscape'>\n\t\t\t\t<a href='https:\/\/www.padreeustaquio.com.br\/es\/corpus-christi-vea-como-fue-la-procesion-con-el-santisimo-sacramento\/whatsapp-image-2020-06-14-at-18-08-23-1\/'><img loading=\"lazy\" decoding=\"async\" width=\"150\" height=\"150\" src=\"https:\/\/www.padreeustaquio.com.br\/wp-content\/uploads\/2020\/06\/WhatsApp-Image-2020-06-14-at-18.08.23-1-150x150.jpeg\" class=\"attachment-thumbnail size-thumbnail\" alt=\"\" srcset=\"https:\/\/www.padreeustaquio.com.br\/wp-content\/uploads\/2020\/06\/WhatsApp-Image-2020-06-14-at-18.08.23-1-150x150.jpeg 150w, https:\/\/www.padreeustaquio.com.br\/wp-content\/uploads\/2020\/06\/WhatsApp-Image-2020-06-14-at-18.08.23-1-180x180.jpeg 180w, https:\/\/www.padreeustaquio.com.br\/wp-content\/uploads\/2020\/06\/WhatsApp-Image-2020-06-14-at-18.08.23-1-400x400.jpeg 400w, https:\/\/www.padreeustaquio.com.br\/wp-content\/uploads\/2020\/06\/WhatsApp-Image-2020-06-14-at-18.08.23-1-600x600.jpeg 600w\" sizes=\"(max-width: 150px) 100vw, 150px\" \/><\/a>\n\t\t\t<\/dt><\/dl><dl class='gallery-item'>\n\t\t\t<dt class='gallery-icon portrait'>\n\t\t\t\t<a href='https:\/\/www.padreeustaquio.com.br\/es\/corpus-christi-vea-como-fue-la-procesion-con-el-santisimo-sacramento\/whatsapp-image-2020-06-14-at-18-08-23\/'><img loading=\"lazy\" decoding=\"async\" width=\"150\" height=\"150\" src=\"https:\/\/www.padreeustaquio.com.br\/wp-content\/uploads\/2020\/06\/WhatsApp-Image-2020-06-14-at-18.08.23-150x150.jpeg\" class=\"attachment-thumbnail size-thumbnail\" alt=\"\" srcset=\"https:\/\/www.padreeustaquio.com.br\/wp-content\/uploads\/2020\/06\/WhatsApp-Image-2020-06-14-at-18.08.23-150x150.jpeg 150w, https:\/\/www.padreeustaquio.com.br\/wp-content\/uploads\/2020\/06\/WhatsApp-Image-2020-06-14-at-18.08.23-180x180.jpeg 180w, https:\/\/www.padreeustaquio.com.br\/wp-content\/uploads\/2020\/06\/WhatsApp-Image-2020-06-14-at-18.08.23-400x400.jpeg 400w, https:\/\/www.padreeustaquio.com.br\/wp-content\/uploads\/2020\/06\/WhatsApp-Image-2020-06-14-at-18.08.23-600x600.jpeg 600w\" sizes=\"(max-width: 150px) 100vw, 150px\" \/><\/a>\n\t\t\t<\/dt><\/dl><dl class='gallery-item'>\n\t\t\t<dt class='gallery-icon portrait'>\n\t\t\t\t<a href='https:\/\/www.padreeustaquio.com.br\/es\/corpus-christi-vea-como-fue-la-procesion-con-el-santisimo-sacramento\/whatsapp-image-2020-06-14-at-18-08-22\/'><img loading=\"lazy\" decoding=\"async\" width=\"150\" height=\"150\" src=\"https:\/\/www.padreeustaquio.com.br\/wp-content\/uploads\/2020\/06\/WhatsApp-Image-2020-06-14-at-18.08.22-150x150.jpeg\" class=\"attachment-thumbnail size-thumbnail\" alt=\"\" srcset=\"https:\/\/www.padreeustaquio.com.br\/wp-content\/uploads\/2020\/06\/WhatsApp-Image-2020-06-14-at-18.08.22-150x150.jpeg 150w, https:\/\/www.padreeustaquio.com.br\/wp-content\/uploads\/2020\/06\/WhatsApp-Image-2020-06-14-at-18.08.22-180x180.jpeg 180w, https:\/\/www.padreeustaquio.com.br\/wp-content\/uploads\/2020\/06\/WhatsApp-Image-2020-06-14-at-18.08.22-400x400.jpeg 400w, https:\/\/www.padreeustaquio.com.br\/wp-content\/uploads\/2020\/06\/WhatsApp-Image-2020-06-14-at-18.08.22-600x600.jpeg 600w\" sizes=\"(max-width: 150px) 100vw, 150px\" \/><\/a>\n\t\t\t<\/dt><\/dl><br style=\"clear: both\" \/><dl class='gallery-item'>\n\t\t\t<dt class='gallery-icon landscape'>\n\t\t\t\t<a href='https:\/\/www.padreeustaquio.com.br\/es\/corpus-christi-vea-como-fue-la-procesion-con-el-santisimo-sacramento\/whatsapp-image-2020-06-14-at-18-08-21\/'><img loading=\"lazy\" decoding=\"async\" width=\"150\" height=\"150\" src=\"https:\/\/www.padreeustaquio.com.br\/wp-content\/uploads\/2020\/06\/WhatsApp-Image-2020-06-14-at-18.08.21-150x150.jpeg\" class=\"attachment-thumbnail size-thumbnail\" alt=\"\" srcset=\"https:\/\/www.padreeustaquio.com.br\/wp-content\/uploads\/2020\/06\/WhatsApp-Image-2020-06-14-at-18.08.21-150x150.jpeg 150w, https:\/\/www.padreeustaquio.com.br\/wp-content\/uploads\/2020\/06\/WhatsApp-Image-2020-06-14-at-18.08.21-180x180.jpeg 180w, https:\/\/www.padreeustaquio.com.br\/wp-content\/uploads\/2020\/06\/WhatsApp-Image-2020-06-14-at-18.08.21-400x400.jpeg 400w, https:\/\/www.padreeustaquio.com.br\/wp-content\/uploads\/2020\/06\/WhatsApp-Image-2020-06-14-at-18.08.21-600x600.jpeg 600w\" sizes=\"(max-width: 150px) 100vw, 150px\" \/><\/a>\n\t\t\t<\/dt><\/dl><dl class='gallery-item'>\n\t\t\t<dt class='gallery-icon landscape'>\n\t\t\t\t<a href='https:\/\/www.padreeustaquio.com.br\/es\/corpus-christi-vea-como-fue-la-procesion-con-el-santisimo-sacramento\/whatsapp-image-2020-06-14-at-18-08-20-1\/'><img loading=\"lazy\" decoding=\"async\" width=\"150\" height=\"150\" src=\"https:\/\/www.padreeustaquio.com.br\/wp-content\/uploads\/2020\/06\/WhatsApp-Image-2020-06-14-at-18.08.20-1-150x150.jpeg\" class=\"attachment-thumbnail size-thumbnail\" alt=\"\" srcset=\"https:\/\/www.padreeustaquio.com.br\/wp-content\/uploads\/2020\/06\/WhatsApp-Image-2020-06-14-at-18.08.20-1-150x150.jpeg 150w, https:\/\/www.padreeustaquio.com.br\/wp-content\/uploads\/2020\/06\/WhatsApp-Image-2020-06-14-at-18.08.20-1-180x180.jpeg 180w, https:\/\/www.padreeustaquio.com.br\/wp-content\/uploads\/2020\/06\/WhatsApp-Image-2020-06-14-at-18.08.20-1-400x400.jpeg 400w, https:\/\/www.padreeustaquio.com.br\/wp-content\/uploads\/2020\/06\/WhatsApp-Image-2020-06-14-at-18.08.20-1-600x600.jpeg 600w\" sizes=\"(max-width: 150px) 100vw, 150px\" \/><\/a>\n\t\t\t<\/dt><\/dl><dl class='gallery-item'>\n\t\t\t<dt class='gallery-icon landscape'>\n\t\t\t\t<a href='https:\/\/www.padreeustaquio.com.br\/es\/corpus-christi-vea-como-fue-la-procesion-con-el-santisimo-sacramento\/whatsapp-image-2020-06-14-at-18-08-20\/'><img loading=\"lazy\" decoding=\"async\" width=\"150\" height=\"150\" src=\"https:\/\/www.padreeustaquio.com.br\/wp-content\/uploads\/2020\/06\/WhatsApp-Image-2020-06-14-at-18.08.20-150x150.jpeg\" class=\"attachment-thumbnail size-thumbnail\" alt=\"\" srcset=\"https:\/\/www.padreeustaquio.com.br\/wp-content\/uploads\/2020\/06\/WhatsApp-Image-2020-06-14-at-18.08.20-150x150.jpeg 150w, https:\/\/www.padreeustaquio.com.br\/wp-content\/uploads\/2020\/06\/WhatsApp-Image-2020-06-14-at-18.08.20-180x180.jpeg 180w, https:\/\/www.padreeustaquio.com.br\/wp-content\/uploads\/2020\/06\/WhatsApp-Image-2020-06-14-at-18.08.20-400x400.jpeg 400w, https:\/\/www.padreeustaquio.com.br\/wp-content\/uploads\/2020\/06\/WhatsApp-Image-2020-06-14-at-18.08.20-600x600.jpeg 600w\" sizes=\"(max-width: 150px) 100vw, 150px\" \/><\/a>\n\t\t\t<\/dt><\/dl>\n\t\t\t<br style='clear: both' \/>\n\t\t<\/div>","protected":false},"excerpt":{"rendered":"<p>Por causa da pandemia do Coronav\u00edrus, par\u00f3quias do mundo todo precisaram se reinventar para que todos pudessem ter a oportunidade de demonstrar o seu amor \u00e0 Sagrada Eucaristia. Em Belo Horizonte, os padres dos Sagrados Cora\u00e7\u00f5es organizaram uma missa pela manh\u00e3, transmitida pelo Canal Padre Eust\u00e1quio do YouTube, seguida de Adora\u00e7\u00e3o que tamb\u00e9m foi transmitida pela internet. Em seguida, um carro-andor saiu pelas ruas do bairro para que as pessoas pudessem adorar a Jesus no Sant\u00edssimo Sacramento e o resultado emocionou a todos. Crian\u00e7as, idosos, pessoas com dificuldades de locomo\u00e7\u00e3o, paroquianos em suas casas ou pessoas que simplesmente passavam pela [&hellip;]<\/p>\n","protected":false},"author":2,"featured_media":4267,"comment_status":"open","ping_status":"open","sticky":false,"template":"","format":"standard","meta":{"_acf_changed":false,"footnotes":""},"categories":[611],"tags":[],"class_list":["post-4238","post","type-post","status-publish","format-standard","has-post-thumbnail","hentry","category-noticias"],"acf":[],"yoast_head":"<!-- This site is optimized with the Yoast SEO plugin v27.2 - https:\/\/yoast.com\/product\/yoast-seo-wordpress\/ -->\n<title>CORPUS CHRISTI - Veja como foi a prociss\u00e3o com o Sant\u00edssimo Sacramento - Padre Eust\u00e1quio<\/title>\n<meta name=\"robots\" content=\"index, follow, max-snippet:-1, max-image-preview:large, max-video-preview:-1\" \/>\n<link rel=\"canonical\" href=\"https:\/\/www.padreeustaquio.com.br\/es\/corpus-christi-vea-como-fue-la-procesion-con-el-santisimo-sacramento\/\" \/>\n<meta property=\"og:locale\" content=\"es_ES\" \/>\n<meta property=\"og:type\" content=\"article\" \/>\n<meta property=\"og:title\" content=\"CORPUS CHRISTI - Veja como foi a prociss\u00e3o com o Sant\u00edssimo Sacramento - Padre Eust\u00e1quio\" \/>\n<meta property=\"og:description\" content=\"Por causa da pandemia do Coronav\u00edrus, par\u00f3quias do mundo todo precisaram se reinventar para que todos pudessem ter a oportunidade de demonstrar o seu amor \u00e0 Sagrada Eucaristia. Em Belo Horizonte, os padres dos Sagrados Cora\u00e7\u00f5es organizaram uma missa pela manh\u00e3, transmitida pelo Canal Padre Eust\u00e1quio do YouTube, seguida de Adora\u00e7\u00e3o que tamb\u00e9m foi transmitida pela internet. Em seguida, um carro-andor saiu pelas ruas do bairro para que as pessoas pudessem adorar a Jesus no Sant\u00edssimo Sacramento e o resultado emocionou a todos. Crian\u00e7as, idosos, pessoas com dificuldades de locomo\u00e7\u00e3o, paroquianos em suas casas ou pessoas que simplesmente passavam pela [&hellip;]\" \/>\n<meta property=\"og:url\" content=\"https:\/\/www.padreeustaquio.com.br\/es\/corpus-christi-vea-como-fue-la-procesion-con-el-santisimo-sacramento\/\" \/>\n<meta property=\"og:site_name\" content=\"Padre Eust\u00e1quio\" \/>\n<meta property=\"article:publisher\" content=\"https:\/\/www.facebook.com\/beatopadreeustaquio\/\" \/>\n<meta property=\"article:published_time\" content=\"2020-06-17T11:40:34+00:00\" \/>\n<meta property=\"article:modified_time\" content=\"2020-06-17T11:43:27+00:00\" \/>\n<meta property=\"og:image\" content=\"https:\/\/www.padreeustaquio.com.br\/wp-content\/uploads\/2020\/06\/WhatsApp-Image-2020-06-14-at-18.08.32-1.jpeg\" \/>\n\t<meta property=\"og:image:width\" content=\"1280\" \/>\n\t<meta property=\"og:image:height\" content=\"960\" \/>\n\t<meta property=\"og:image:type\" content=\"image\/jpeg\" \/>\n<meta name=\"author\" content=\"@sscc\" \/>\n<meta name=\"twitter:card\" content=\"summary_large_image\" \/>\n<meta name=\"twitter:creator\" content=\"@beatopeustaquio\" \/>\n<meta name=\"twitter:site\" content=\"@beatopeustaquio\" \/>\n<meta name=\"twitter:label1\" content=\"Escrito por\" \/>\n\t<meta name=\"twitter:data1\" content=\"@sscc\" \/>\n\t<meta name=\"twitter:label2\" content=\"Tiempo de lectura\" \/>\n\t<meta name=\"twitter:data2\" content=\"1 minuto\" \/>\n<script type=\"application\/ld+json\" class=\"yoast-schema-graph\">{\"@context\":\"https:\/\/schema.org\",\"@graph\":[{\"@type\":\"Article\",\"@id\":\"https:\/\/www.padreeustaquio.com.br\/corpus-christi-veja-como-foi-a-procissao-com-o-santissimo-sacramento\/#article\",\"isPartOf\":{\"@id\":\"https:\/\/www.padreeustaquio.com.br\/corpus-christi-veja-como-foi-a-procissao-com-o-santissimo-sacramento\/\"},\"author\":{\"name\":\"@sscc\",\"@id\":\"https:\/\/www.padreeustaquio.com.br\/#\/schema\/person\/a2a51db1d00f1a7af0204a0f1ddb1566\"},\"headline\":\"CORPUS CHRISTI &#8211; Veja como foi a prociss\u00e3o com o Sant\u00edssimo Sacramento\",\"datePublished\":\"2020-06-17T11:40:34+00:00\",\"dateModified\":\"2020-06-17T11:43:27+00:00\",\"mainEntityOfPage\":{\"@id\":\"https:\/\/www.padreeustaquio.com.br\/corpus-christi-veja-como-foi-a-procissao-com-o-santissimo-sacramento\/\"},\"wordCount\":171,\"commentCount\":0,\"publisher\":{\"@id\":\"https:\/\/www.padreeustaquio.com.br\/#organization\"},\"image\":{\"@id\":\"https:\/\/www.padreeustaquio.com.br\/corpus-christi-veja-como-foi-a-procissao-com-o-santissimo-sacramento\/#primaryimage\"},\"thumbnailUrl\":\"https:\/\/www.padreeustaquio.com.br\/wp-content\/uploads\/2020\/06\/WhatsApp-Image-2020-06-14-at-18.08.32-1.jpeg\",\"articleSection\":[\"Not\u00edcias\"],\"inLanguage\":\"es\",\"potentialAction\":[{\"@type\":\"CommentAction\",\"name\":\"Comment\",\"target\":[\"https:\/\/www.padreeustaquio.com.br\/corpus-christi-veja-como-foi-a-procissao-com-o-santissimo-sacramento\/#respond\"]}]},{\"@type\":\"WebPage\",\"@id\":\"https:\/\/www.padreeustaquio.com.br\/corpus-christi-veja-como-foi-a-procissao-com-o-santissimo-sacramento\/\",\"url\":\"https:\/\/www.padreeustaquio.com.br\/corpus-christi-veja-como-foi-a-procissao-com-o-santissimo-sacramento\/\",\"name\":\"CORPUS CHRISTI - Veja como foi a prociss\u00e3o com o Sant\u00edssimo Sacramento - Padre Eust\u00e1quio\",\"isPartOf\":{\"@id\":\"https:\/\/www.padreeustaquio.com.br\/#website\"},\"primaryImageOfPage\":{\"@id\":\"https:\/\/www.padreeustaquio.com.br\/corpus-christi-veja-como-foi-a-procissao-com-o-santissimo-sacramento\/#primaryimage\"},\"image\":{\"@id\":\"https:\/\/www.padreeustaquio.com.br\/corpus-christi-veja-como-foi-a-procissao-com-o-santissimo-sacramento\/#primaryimage\"},\"thumbnailUrl\":\"https:\/\/www.padreeustaquio.com.br\/wp-content\/uploads\/2020\/06\/WhatsApp-Image-2020-06-14-at-18.08.32-1.jpeg\",\"datePublished\":\"2020-06-17T11:40:34+00:00\",\"dateModified\":\"2020-06-17T11:43:27+00:00\",\"breadcrumb\":{\"@id\":\"https:\/\/www.padreeustaquio.com.br\/corpus-christi-veja-como-foi-a-procissao-com-o-santissimo-sacramento\/#breadcrumb\"},\"inLanguage\":\"es\",\"potentialAction\":[{\"@type\":\"ReadAction\",\"target\":[\"https:\/\/www.padreeustaquio.com.br\/corpus-christi-veja-como-foi-a-procissao-com-o-santissimo-sacramento\/\"]}]},{\"@type\":\"ImageObject\",\"inLanguage\":\"es\",\"@id\":\"https:\/\/www.padreeustaquio.com.br\/corpus-christi-veja-como-foi-a-procissao-com-o-santissimo-sacramento\/#primaryimage\",\"url\":\"https:\/\/www.padreeustaquio.com.br\/wp-content\/uploads\/2020\/06\/WhatsApp-Image-2020-06-14-at-18.08.32-1.jpeg\",\"contentUrl\":\"https:\/\/www.padreeustaquio.com.br\/wp-content\/uploads\/2020\/06\/WhatsApp-Image-2020-06-14-at-18.08.32-1.jpeg\",\"width\":1280,\"height\":960},{\"@type\":\"BreadcrumbList\",\"@id\":\"https:\/\/www.padreeustaquio.com.br\/corpus-christi-veja-como-foi-a-procissao-com-o-santissimo-sacramento\/#breadcrumb\",\"itemListElement\":[{\"@type\":\"ListItem\",\"position\":1,\"name\":\"In\u00edcio\",\"item\":\"https:\/\/www.padreeustaquio.com.br\/\"},{\"@type\":\"ListItem\",\"position\":2,\"name\":\"CORPUS CHRISTI &#8211; Veja como foi a prociss\u00e3o com o Sant\u00edssimo Sacramento\"}]},{\"@type\":\"WebSite\",\"@id\":\"https:\/\/www.padreeustaquio.com.br\/#website\",\"url\":\"https:\/\/www.padreeustaquio.com.br\/\",\"name\":\"Padre Eust\u00e1quio\",\"description\":\"Sa\u00fade e Paz\",\"publisher\":{\"@id\":\"https:\/\/www.padreeustaquio.com.br\/#organization\"},\"potentialAction\":[{\"@type\":\"SearchAction\",\"target\":{\"@type\":\"EntryPoint\",\"urlTemplate\":\"https:\/\/www.padreeustaquio.com.br\/?s={search_term_string}\"},\"query-input\":{\"@type\":\"PropertyValueSpecification\",\"valueRequired\":true,\"valueName\":\"search_term_string\"}}],\"inLanguage\":\"es\"},{\"@type\":\"Organization\",\"@id\":\"https:\/\/www.padreeustaquio.com.br\/#organization\",\"name\":\"Padre Eust\u00e1quio\",\"url\":\"https:\/\/www.padreeustaquio.com.br\/\",\"logo\":{\"@type\":\"ImageObject\",\"inLanguage\":\"es\",\"@id\":\"https:\/\/www.padreeustaquio.com.br\/#\/schema\/logo\/image\/\",\"url\":\"https:\/\/www.padreeustaquio.com.br\/wp-content\/uploads\/2019\/08\/marca.png\",\"contentUrl\":\"https:\/\/www.padreeustaquio.com.br\/wp-content\/uploads\/2019\/08\/marca.png\",\"width\":350,\"height\":400,\"caption\":\"Padre Eust\u00e1quio\"},\"image\":{\"@id\":\"https:\/\/www.padreeustaquio.com.br\/#\/schema\/logo\/image\/\"},\"sameAs\":[\"https:\/\/www.facebook.com\/beatopadreeustaquio\/\",\"https:\/\/x.com\/beatopeustaquio\",\"https:\/\/www.instagram.com\/beatopadreeustaquio\/\",\"https:\/\/www.youtube.com\/channel\/UCRhw7vfabnajwLxb1ZXMeIw\"]},{\"@type\":\"Person\",\"@id\":\"https:\/\/www.padreeustaquio.com.br\/#\/schema\/person\/a2a51db1d00f1a7af0204a0f1ddb1566\",\"name\":\"@sscc\",\"image\":{\"@type\":\"ImageObject\",\"inLanguage\":\"es\",\"@id\":\"https:\/\/secure.gravatar.com\/avatar\/68cfafa5f44617fea54071e215026e0ff06be366c3d54a8425f04fdcb86f8c5f?s=96&d=mm&r=g\",\"url\":\"https:\/\/secure.gravatar.com\/avatar\/68cfafa5f44617fea54071e215026e0ff06be366c3d54a8425f04fdcb86f8c5f?s=96&d=mm&r=g\",\"contentUrl\":\"https:\/\/secure.gravatar.com\/avatar\/68cfafa5f44617fea54071e215026e0ff06be366c3d54a8425f04fdcb86f8c5f?s=96&d=mm&r=g\",\"caption\":\"@sscc\"},\"url\":\"https:\/\/www.padreeustaquio.com.br\/es\/author\/sscc\/\"}]}<\/script>\n<!-- \/ Yoast SEO plugin. -->","yoast_head_json":{"title":"CORPUS CHRISTI - Vea c\u00f3mo fue la procesi\u00f3n con el Sant\u00edsimo Sacramento - Padre Eust\u00e1quio","robots":{"index":"index","follow":"follow","max-snippet":"max-snippet:-1","max-image-preview":"max-image-preview:large","max-video-preview":"max-video-preview:-1"},"canonical":"https:\/\/www.padreeustaquio.com.br\/es\/corpus-christi-vea-como-fue-la-procesion-con-el-santisimo-sacramento\/","og_locale":"es_ES","og_type":"article","og_title":"CORPUS CHRISTI - Veja como foi a prociss\u00e3o com o Sant\u00edssimo Sacramento - Padre Eust\u00e1quio","og_description":"Por causa da pandemia do Coronav\u00edrus, par\u00f3quias do mundo todo precisaram se reinventar para que todos pudessem ter a oportunidade de demonstrar o seu amor \u00e0 Sagrada Eucaristia. Em Belo Horizonte, os padres dos Sagrados Cora\u00e7\u00f5es organizaram uma missa pela manh\u00e3, transmitida pelo Canal Padre Eust\u00e1quio do YouTube, seguida de Adora\u00e7\u00e3o que tamb\u00e9m foi transmitida pela internet. Em seguida, um carro-andor saiu pelas ruas do bairro para que as pessoas pudessem adorar a Jesus no Sant\u00edssimo Sacramento e o resultado emocionou a todos. Crian\u00e7as, idosos, pessoas com dificuldades de locomo\u00e7\u00e3o, paroquianos em suas casas ou pessoas que simplesmente passavam pela [&hellip;]","og_url":"https:\/\/www.padreeustaquio.com.br\/es\/corpus-christi-vea-como-fue-la-procesion-con-el-santisimo-sacramento\/","og_site_name":"Padre Eust\u00e1quio","article_publisher":"https:\/\/www.facebook.com\/beatopadreeustaquio\/","article_published_time":"2020-06-17T11:40:34+00:00","article_modified_time":"2020-06-17T11:43:27+00:00","og_image":[{"width":1280,"height":960,"url":"https:\/\/www.padreeustaquio.com.br\/wp-content\/uploads\/2020\/06\/WhatsApp-Image-2020-06-14-at-18.08.32-1.jpeg","type":"image\/jpeg"}],"author":"@sscc","twitter_card":"summary_large_image","twitter_creator":"@beatopeustaquio","twitter_site":"@beatopeustaquio","twitter_misc":{"Escrito por":"@sscc","Tiempo de lectura":"1 minuto"},"schema":{"@context":"https:\/\/schema.org","@graph":[{"@type":"Article","@id":"https:\/\/www.padreeustaquio.com.br\/corpus-christi-veja-como-foi-a-procissao-com-o-santissimo-sacramento\/#article","isPartOf":{"@id":"https:\/\/www.padreeustaquio.com.br\/corpus-christi-veja-como-foi-a-procissao-com-o-santissimo-sacramento\/"},"author":{"name":"@sscc","@id":"https:\/\/www.padreeustaquio.com.br\/#\/schema\/person\/a2a51db1d00f1a7af0204a0f1ddb1566"},"headline":"CORPUS CHRISTI &#8211; Veja como foi a prociss\u00e3o com o Sant\u00edssimo Sacramento","datePublished":"2020-06-17T11:40:34+00:00","dateModified":"2020-06-17T11:43:27+00:00","mainEntityOfPage":{"@id":"https:\/\/www.padreeustaquio.com.br\/corpus-christi-veja-como-foi-a-procissao-com-o-santissimo-sacramento\/"},"wordCount":171,"commentCount":0,"publisher":{"@id":"https:\/\/www.padreeustaquio.com.br\/#organization"},"image":{"@id":"https:\/\/www.padreeustaquio.com.br\/corpus-christi-veja-como-foi-a-procissao-com-o-santissimo-sacramento\/#primaryimage"},"thumbnailUrl":"https:\/\/www.padreeustaquio.com.br\/wp-content\/uploads\/2020\/06\/WhatsApp-Image-2020-06-14-at-18.08.32-1.jpeg","articleSection":["Not\u00edcias"],"inLanguage":"es","potentialAction":[{"@type":"CommentAction","name":"Comment","target":["https:\/\/www.padreeustaquio.com.br\/corpus-christi-veja-como-foi-a-procissao-com-o-santissimo-sacramento\/#respond"]}]},{"@type":"WebPage","@id":"https:\/\/www.padreeustaquio.com.br\/corpus-christi-veja-como-foi-a-procissao-com-o-santissimo-sacramento\/","url":"https:\/\/www.padreeustaquio.com.br\/corpus-christi-veja-como-foi-a-procissao-com-o-santissimo-sacramento\/","name":"CORPUS CHRISTI - Vea c\u00f3mo fue la procesi\u00f3n con el Sant\u00edsimo Sacramento - Padre Eust\u00e1quio","isPartOf":{"@id":"https:\/\/www.padreeustaquio.com.br\/#website"},"primaryImageOfPage":{"@id":"https:\/\/www.padreeustaquio.com.br\/corpus-christi-veja-como-foi-a-procissao-com-o-santissimo-sacramento\/#primaryimage"},"image":{"@id":"https:\/\/www.padreeustaquio.com.br\/corpus-christi-veja-como-foi-a-procissao-com-o-santissimo-sacramento\/#primaryimage"},"thumbnailUrl":"https:\/\/www.padreeustaquio.com.br\/wp-content\/uploads\/2020\/06\/WhatsApp-Image-2020-06-14-at-18.08.32-1.jpeg","datePublished":"2020-06-17T11:40:34+00:00","dateModified":"2020-06-17T11:43:27+00:00","breadcrumb":{"@id":"https:\/\/www.padreeustaquio.com.br\/corpus-christi-veja-como-foi-a-procissao-com-o-santissimo-sacramento\/#breadcrumb"},"inLanguage":"es","potentialAction":[{"@type":"ReadAction","target":["https:\/\/www.padreeustaquio.com.br\/corpus-christi-veja-como-foi-a-procissao-com-o-santissimo-sacramento\/"]}]},{"@type":"ImageObject","inLanguage":"es","@id":"https:\/\/www.padreeustaquio.com.br\/corpus-christi-veja-como-foi-a-procissao-com-o-santissimo-sacramento\/#primaryimage","url":"https:\/\/www.padreeustaquio.com.br\/wp-content\/uploads\/2020\/06\/WhatsApp-Image-2020-06-14-at-18.08.32-1.jpeg","contentUrl":"https:\/\/www.padreeustaquio.com.br\/wp-content\/uploads\/2020\/06\/WhatsApp-Image-2020-06-14-at-18.08.32-1.jpeg","width":1280,"height":960},{"@type":"BreadcrumbList","@id":"https:\/\/www.padreeustaquio.com.br\/corpus-christi-veja-como-foi-a-procissao-com-o-santissimo-sacramento\/#breadcrumb","itemListElement":[{"@type":"ListItem","position":1,"name":"In\u00edcio","item":"https:\/\/www.padreeustaquio.com.br\/"},{"@type":"ListItem","position":2,"name":"CORPUS CHRISTI &#8211; Veja como foi a prociss\u00e3o com o Sant\u00edssimo Sacramento"}]},{"@type":"WebSite","@id":"https:\/\/www.padreeustaquio.com.br\/#website","url":"https:\/\/www.padreeustaquio.com.br\/","name":"Padre Eustace","description":"Salud y Paz","publisher":{"@id":"https:\/\/www.padreeustaquio.com.br\/#organization"},"potentialAction":[{"@type":"SearchAction","target":{"@type":"EntryPoint","urlTemplate":"https:\/\/www.padreeustaquio.com.br\/?s={search_term_string}"},"query-input":{"@type":"PropertyValueSpecification","valueRequired":true,"valueName":"search_term_string"}}],"inLanguage":"es"},{"@type":"Organization","@id":"https:\/\/www.padreeustaquio.com.br\/#organization","name":"Padre Eustace","url":"https:\/\/www.padreeustaquio.com.br\/","logo":{"@type":"ImageObject","inLanguage":"es","@id":"https:\/\/www.padreeustaquio.com.br\/#\/schema\/logo\/image\/","url":"https:\/\/www.padreeustaquio.com.br\/wp-content\/uploads\/2019\/08\/marca.png","contentUrl":"https:\/\/www.padreeustaquio.com.br\/wp-content\/uploads\/2019\/08\/marca.png","width":350,"height":400,"caption":"Padre Eust\u00e1quio"},"image":{"@id":"https:\/\/www.padreeustaquio.com.br\/#\/schema\/logo\/image\/"},"sameAs":["https:\/\/www.facebook.com\/beatopadreeustaquio\/","https:\/\/x.com\/beatopeustaquio","https:\/\/www.instagram.com\/beatopadreeustaquio\/","https:\/\/www.youtube.com\/channel\/UCRhw7vfabnajwLxb1ZXMeIw"]},{"@type":"Person","@id":"https:\/\/www.padreeustaquio.com.br\/#\/schema\/person\/a2a51db1d00f1a7af0204a0f1ddb1566","name":"@sscc","image":{"@type":"ImageObject","inLanguage":"es","@id":"https:\/\/secure.gravatar.com\/avatar\/68cfafa5f44617fea54071e215026e0ff06be366c3d54a8425f04fdcb86f8c5f?s=96&d=mm&r=g","url":"https:\/\/secure.gravatar.com\/avatar\/68cfafa5f44617fea54071e215026e0ff06be366c3d54a8425f04fdcb86f8c5f?s=96&d=mm&r=g","contentUrl":"https:\/\/secure.gravatar.com\/avatar\/68cfafa5f44617fea54071e215026e0ff06be366c3d54a8425f04fdcb86f8c5f?s=96&d=mm&r=g","caption":"@sscc"},"url":"https:\/\/www.padreeustaquio.com.br\/es\/author\/sscc\/"}]}},"_links":{"self":[{"href":"https:\/\/www.padreeustaquio.com.br\/es\/wp-json\/wp\/v2\/posts\/4238","targetHints":{"allow":["GET"]}}],"collection":[{"href":"https:\/\/www.padreeustaquio.com.br\/es\/wp-json\/wp\/v2\/posts"}],"about":[{"href":"https:\/\/www.padreeustaquio.com.br\/es\/wp-json\/wp\/v2\/types\/post"}],"author":[{"embeddable":true,"href":"https:\/\/www.padreeustaquio.com.br\/es\/wp-json\/wp\/v2\/users\/2"}],"replies":[{"embeddable":true,"href":"https:\/\/www.padreeustaquio.com.br\/es\/wp-json\/wp\/v2\/comments?post=4238"}],"version-history":[{"count":0,"href":"https:\/\/www.padreeustaquio.com.br\/es\/wp-json\/wp\/v2\/posts\/4238\/revisions"}],"wp:featuredmedia":[{"embeddable":true,"href":"https:\/\/www.padreeustaquio.com.br\/es\/wp-json\/wp\/v2\/media\/4267"}],"wp:attachment":[{"href":"https:\/\/www.padreeustaquio.com.br\/es\/wp-json\/wp\/v2\/media?parent=4238"}],"wp:term":[{"taxonomy":"category","embeddable":true,"href":"https:\/\/www.padreeustaquio.com.br\/es\/wp-json\/wp\/v2\/categories?post=4238"},{"taxonomy":"post_tag","embeddable":true,"href":"https:\/\/www.padreeustaquio.com.br\/es\/wp-json\/wp\/v2\/tags?post=4238"}],"curies":[{"name":"wp","href":"https:\/\/api.w.org\/{rel}","templated":true}]}}