{"id":4230,"date":"2020-06-09T11:29:25","date_gmt":"2020-06-09T14:29:25","guid":{"rendered":"https:\/\/www.padreeustaquio.com.br\/?p=4230"},"modified":"2020-06-09T11:42:45","modified_gmt":"2020-06-09T14:42:45","slug":"devotos-del-padre-eustaquio-celebran-corpus-christi-en-medio-de-la-pandemia","status":"publish","type":"post","link":"https:\/\/www.padreeustaquio.com.br\/es\/devotos-del-padre-eustaquio-celebran-corpus-christi-en-medio-de-la-pandemia\/","title":{"rendered":"Devotos del Padre Eust\u00e1quio celebran Corpus Christi en medio de la pandemia."},"content":{"rendered":"<p>El pr\u00f3ximo jueves 11 de junio de 2020, la Iglesia celebra el Cuerpo y la Sangre de Jes\u00fas en todo el mundo. La celebraci\u00f3n del Corpus Christi de este a\u00f1o ser\u00e1 diferente debido al aislamiento social; aun as\u00ed, cristianos y devotos no dejar\u00e1n de participar en la solemnidad centrada en la Eucarist\u00eda.<\/p>\n<p>A trav\u00e9s de <a href=\"https:\/\/www.youtube.com\/channel\/UCRhw7vfabnajwLxb1ZXMeIw\">Canal Padre Eust\u00e1quio<\/a>, En YouTube, la Congregaci\u00f3n de los Sagrados Corazones de Belo Horizonte realizar\u00e1 una programaci\u00f3n especial para que todos podamos expresar nuestro amor y devoci\u00f3n a Jes\u00fas en la Eucarist\u00eda.<\/p>\n<p>El jueves, la transmisi\u00f3n comienza a las 10:00 h con la celebraci\u00f3n de la Santa Misa, en directo desde el Santuario de la Salud y la Paz. Inmediatamente despu\u00e9s, el Sant\u00edsimo Sacramento ser\u00e1 expuesto para la Adoraci\u00f3n, que tambi\u00e9n se transmitir\u00e1 en directo por redes sociales hasta las 15:00 h, cuando saldr\u00e1 en un coche descubierto por las calles del barrio para la bendici\u00f3n.<\/p>\n<p>Durante la procesi\u00f3n, pedimos a los feligreses que permanezcan en sus hogares, decoren sus puertas y ventanas y expresen, de alguna manera, su amor por la Sagrada Eucarist\u00eda. Instamos encarecidamente a todos a no seguir el coche con el altavoz, a evitar cualquier tipo de reuni\u00f3n y a seguir fielmente las directrices de las autoridades sanitarias.<\/p>\n<p>Queremos promover un momento de oraci\u00f3n, de cercan\u00eda a Dios a trav\u00e9s de este Sacramento y de s\u00faplica por todos aquellos que sufren y est\u00e1n en dolor.<\/p>\n<p>SERVICIO:<br \/>\nCelebraci\u00f3n del Corpus Christi en el Santuario &quot;Salud y Paz&quot;\u201c<br \/>\nFecha: 11 de junio de 2020<br \/>\nProgramaci\u00f3n transmitida por <a href=\"https:\/\/www.youtube.com\/channel\/UCRhw7vfabnajwLxb1ZXMeIw\">Canal Padre Eust\u00e1quio<\/a> de YouTube<br \/>\n10:00 AM \u2013 Misa solemne<br \/>\n11:00 AM a 3:00 PM \u2013 Adoraci\u00f3n al Sant\u00edsimo Sacramento<br \/>\nA partir de las 15 horas, bendici\u00f3n del Sant\u00edsimo Sacramento en coche descubierto por las calles del barrio Padre Eust\u00e1quio.<\/p>","protected":false},"excerpt":{"rendered":"<p>Na pr\u00f3xima quinta-feira, dia 11 de junho de 2020, a igreja celebra em todo o mundo o Corpo e o Sangue de Jesus. A festa de Corpus Christi deste ano ser\u00e1 diferente por causa do isolamento social, mesmo assim, os crist\u00e3os e devotos n\u00e3o deixar\u00e3o de participar da Solenidade centrada na Eucaristia. Por meio do Canal Padre Eust\u00e1quio, do YouTube, a Congrega\u00e7\u00e3o dos Sagrados Cora\u00e7\u00f5es, em Belo Horizonte far\u00e1 uma programa\u00e7\u00e3o especial para que todos n\u00f3s possamos expressar nosso amor e devo\u00e7\u00e3o a Jesus Eucar\u00edstico. Na quinta-feira, a transmiss\u00e3o come\u00e7a \u00e0s 10h, com a celebra\u00e7\u00e3o da Santa Missa, direto do [&hellip;]<\/p>\n","protected":false},"author":2,"featured_media":4235,"comment_status":"open","ping_status":"open","sticky":false,"template":"","format":"standard","meta":{"_acf_changed":false,"footnotes":""},"categories":[611],"tags":[],"class_list":["post-4230","post","type-post","status-publish","format-standard","has-post-thumbnail","hentry","category-noticias"],"acf":[],"yoast_head":"<!-- This site is optimized with the Yoast SEO plugin v27.2 - https:\/\/yoast.com\/product\/yoast-seo-wordpress\/ -->\n<title>Devotos de Padre Eust\u00e1quio celebram Corpus Christi em meio a pandemia - Padre Eust\u00e1quio<\/title>\n<meta name=\"robots\" content=\"index, follow, max-snippet:-1, max-image-preview:large, max-video-preview:-1\" \/>\n<link rel=\"canonical\" href=\"https:\/\/www.padreeustaquio.com.br\/es\/devotos-del-padre-eustaquio-celebran-corpus-christi-en-medio-de-la-pandemia\/\" \/>\n<meta property=\"og:locale\" content=\"es_ES\" \/>\n<meta property=\"og:type\" content=\"article\" \/>\n<meta property=\"og:title\" content=\"Devotos de Padre Eust\u00e1quio celebram Corpus Christi em meio a pandemia - Padre Eust\u00e1quio\" \/>\n<meta property=\"og:description\" content=\"Na pr\u00f3xima quinta-feira, dia 11 de junho de 2020, a igreja celebra em todo o mundo o Corpo e o Sangue de Jesus. A festa de Corpus Christi deste ano ser\u00e1 diferente por causa do isolamento social, mesmo assim, os crist\u00e3os e devotos n\u00e3o deixar\u00e3o de participar da Solenidade centrada na Eucaristia. Por meio do Canal Padre Eust\u00e1quio, do YouTube, a Congrega\u00e7\u00e3o dos Sagrados Cora\u00e7\u00f5es, em Belo Horizonte far\u00e1 uma programa\u00e7\u00e3o especial para que todos n\u00f3s possamos expressar nosso amor e devo\u00e7\u00e3o a Jesus Eucar\u00edstico. Na quinta-feira, a transmiss\u00e3o come\u00e7a \u00e0s 10h, com a celebra\u00e7\u00e3o da Santa Missa, direto do [&hellip;]\" \/>\n<meta property=\"og:url\" content=\"https:\/\/www.padreeustaquio.com.br\/es\/devotos-del-padre-eustaquio-celebran-corpus-christi-en-medio-de-la-pandemia\/\" \/>\n<meta property=\"og:site_name\" content=\"Padre Eust\u00e1quio\" \/>\n<meta property=\"article:publisher\" content=\"https:\/\/www.facebook.com\/beatopadreeustaquio\/\" \/>\n<meta property=\"article:published_time\" content=\"2020-06-09T14:29:25+00:00\" \/>\n<meta property=\"article:modified_time\" content=\"2020-06-09T14:42:45+00:00\" \/>\n<meta property=\"og:image\" content=\"https:\/\/www.padreeustaquio.com.br\/wp-content\/uploads\/2020\/06\/WhatsApp-Image-2020-06-09-at-11.40.54.jpeg\" \/>\n\t<meta property=\"og:image:width\" content=\"375\" \/>\n\t<meta property=\"og:image:height\" content=\"372\" \/>\n\t<meta property=\"og:image:type\" content=\"image\/jpeg\" \/>\n<meta name=\"author\" content=\"@sscc\" \/>\n<meta name=\"twitter:card\" content=\"summary_large_image\" \/>\n<meta name=\"twitter:creator\" content=\"@beatopeustaquio\" \/>\n<meta name=\"twitter:site\" content=\"@beatopeustaquio\" \/>\n<meta name=\"twitter:label1\" content=\"Escrito por\" \/>\n\t<meta name=\"twitter:data1\" content=\"@sscc\" \/>\n\t<meta name=\"twitter:label2\" content=\"Tiempo de lectura\" \/>\n\t<meta name=\"twitter:data2\" content=\"2 minutos\" \/>\n<script type=\"application\/ld+json\" class=\"yoast-schema-graph\">{\"@context\":\"https:\/\/schema.org\",\"@graph\":[{\"@type\":\"Article\",\"@id\":\"https:\/\/www.padreeustaquio.com.br\/devotos-de-padre-eustaquio-celebram-corpus-christi-em-meio-a-pandemia\/#article\",\"isPartOf\":{\"@id\":\"https:\/\/www.padreeustaquio.com.br\/devotos-de-padre-eustaquio-celebram-corpus-christi-em-meio-a-pandemia\/\"},\"author\":{\"name\":\"@sscc\",\"@id\":\"https:\/\/www.padreeustaquio.com.br\/#\/schema\/person\/a2a51db1d00f1a7af0204a0f1ddb1566\"},\"headline\":\"Devotos de Padre Eust\u00e1quio celebram Corpus Christi em meio a pandemia\",\"datePublished\":\"2020-06-09T14:29:25+00:00\",\"dateModified\":\"2020-06-09T14:42:45+00:00\",\"mainEntityOfPage\":{\"@id\":\"https:\/\/www.padreeustaquio.com.br\/devotos-de-padre-eustaquio-celebram-corpus-christi-em-meio-a-pandemia\/\"},\"wordCount\":320,\"commentCount\":0,\"publisher\":{\"@id\":\"https:\/\/www.padreeustaquio.com.br\/#organization\"},\"image\":{\"@id\":\"https:\/\/www.padreeustaquio.com.br\/devotos-de-padre-eustaquio-celebram-corpus-christi-em-meio-a-pandemia\/#primaryimage\"},\"thumbnailUrl\":\"https:\/\/www.padreeustaquio.com.br\/wp-content\/uploads\/2020\/06\/WhatsApp-Image-2020-06-09-at-11.40.54.jpeg\",\"articleSection\":[\"Not\u00edcias\"],\"inLanguage\":\"es\",\"potentialAction\":[{\"@type\":\"CommentAction\",\"name\":\"Comment\",\"target\":[\"https:\/\/www.padreeustaquio.com.br\/devotos-de-padre-eustaquio-celebram-corpus-christi-em-meio-a-pandemia\/#respond\"]}]},{\"@type\":\"WebPage\",\"@id\":\"https:\/\/www.padreeustaquio.com.br\/devotos-de-padre-eustaquio-celebram-corpus-christi-em-meio-a-pandemia\/\",\"url\":\"https:\/\/www.padreeustaquio.com.br\/devotos-de-padre-eustaquio-celebram-corpus-christi-em-meio-a-pandemia\/\",\"name\":\"Devotos de Padre Eust\u00e1quio celebram Corpus Christi em meio a pandemia - Padre Eust\u00e1quio\",\"isPartOf\":{\"@id\":\"https:\/\/www.padreeustaquio.com.br\/#website\"},\"primaryImageOfPage\":{\"@id\":\"https:\/\/www.padreeustaquio.com.br\/devotos-de-padre-eustaquio-celebram-corpus-christi-em-meio-a-pandemia\/#primaryimage\"},\"image\":{\"@id\":\"https:\/\/www.padreeustaquio.com.br\/devotos-de-padre-eustaquio-celebram-corpus-christi-em-meio-a-pandemia\/#primaryimage\"},\"thumbnailUrl\":\"https:\/\/www.padreeustaquio.com.br\/wp-content\/uploads\/2020\/06\/WhatsApp-Image-2020-06-09-at-11.40.54.jpeg\",\"datePublished\":\"2020-06-09T14:29:25+00:00\",\"dateModified\":\"2020-06-09T14:42:45+00:00\",\"breadcrumb\":{\"@id\":\"https:\/\/www.padreeustaquio.com.br\/devotos-de-padre-eustaquio-celebram-corpus-christi-em-meio-a-pandemia\/#breadcrumb\"},\"inLanguage\":\"es\",\"potentialAction\":[{\"@type\":\"ReadAction\",\"target\":[\"https:\/\/www.padreeustaquio.com.br\/devotos-de-padre-eustaquio-celebram-corpus-christi-em-meio-a-pandemia\/\"]}]},{\"@type\":\"ImageObject\",\"inLanguage\":\"es\",\"@id\":\"https:\/\/www.padreeustaquio.com.br\/devotos-de-padre-eustaquio-celebram-corpus-christi-em-meio-a-pandemia\/#primaryimage\",\"url\":\"https:\/\/www.padreeustaquio.com.br\/wp-content\/uploads\/2020\/06\/WhatsApp-Image-2020-06-09-at-11.40.54.jpeg\",\"contentUrl\":\"https:\/\/www.padreeustaquio.com.br\/wp-content\/uploads\/2020\/06\/WhatsApp-Image-2020-06-09-at-11.40.54.jpeg\",\"width\":375,\"height\":372,\"caption\":\"Foto: Welton Rodrigues\"},{\"@type\":\"BreadcrumbList\",\"@id\":\"https:\/\/www.padreeustaquio.com.br\/devotos-de-padre-eustaquio-celebram-corpus-christi-em-meio-a-pandemia\/#breadcrumb\",\"itemListElement\":[{\"@type\":\"ListItem\",\"position\":1,\"name\":\"In\u00edcio\",\"item\":\"https:\/\/www.padreeustaquio.com.br\/\"},{\"@type\":\"ListItem\",\"position\":2,\"name\":\"Devotos de Padre Eust\u00e1quio celebram Corpus Christi em meio a pandemia\"}]},{\"@type\":\"WebSite\",\"@id\":\"https:\/\/www.padreeustaquio.com.br\/#website\",\"url\":\"https:\/\/www.padreeustaquio.com.br\/\",\"name\":\"Padre Eust\u00e1quio\",\"description\":\"Sa\u00fade e Paz\",\"publisher\":{\"@id\":\"https:\/\/www.padreeustaquio.com.br\/#organization\"},\"potentialAction\":[{\"@type\":\"SearchAction\",\"target\":{\"@type\":\"EntryPoint\",\"urlTemplate\":\"https:\/\/www.padreeustaquio.com.br\/?s={search_term_string}\"},\"query-input\":{\"@type\":\"PropertyValueSpecification\",\"valueRequired\":true,\"valueName\":\"search_term_string\"}}],\"inLanguage\":\"es\"},{\"@type\":\"Organization\",\"@id\":\"https:\/\/www.padreeustaquio.com.br\/#organization\",\"name\":\"Padre Eust\u00e1quio\",\"url\":\"https:\/\/www.padreeustaquio.com.br\/\",\"logo\":{\"@type\":\"ImageObject\",\"inLanguage\":\"es\",\"@id\":\"https:\/\/www.padreeustaquio.com.br\/#\/schema\/logo\/image\/\",\"url\":\"https:\/\/www.padreeustaquio.com.br\/wp-content\/uploads\/2019\/08\/marca.png\",\"contentUrl\":\"https:\/\/www.padreeustaquio.com.br\/wp-content\/uploads\/2019\/08\/marca.png\",\"width\":350,\"height\":400,\"caption\":\"Padre Eust\u00e1quio\"},\"image\":{\"@id\":\"https:\/\/www.padreeustaquio.com.br\/#\/schema\/logo\/image\/\"},\"sameAs\":[\"https:\/\/www.facebook.com\/beatopadreeustaquio\/\",\"https:\/\/x.com\/beatopeustaquio\",\"https:\/\/www.instagram.com\/beatopadreeustaquio\/\",\"https:\/\/www.youtube.com\/channel\/UCRhw7vfabnajwLxb1ZXMeIw\"]},{\"@type\":\"Person\",\"@id\":\"https:\/\/www.padreeustaquio.com.br\/#\/schema\/person\/a2a51db1d00f1a7af0204a0f1ddb1566\",\"name\":\"@sscc\",\"image\":{\"@type\":\"ImageObject\",\"inLanguage\":\"es\",\"@id\":\"https:\/\/secure.gravatar.com\/avatar\/68cfafa5f44617fea54071e215026e0ff06be366c3d54a8425f04fdcb86f8c5f?s=96&d=mm&r=g\",\"url\":\"https:\/\/secure.gravatar.com\/avatar\/68cfafa5f44617fea54071e215026e0ff06be366c3d54a8425f04fdcb86f8c5f?s=96&d=mm&r=g\",\"contentUrl\":\"https:\/\/secure.gravatar.com\/avatar\/68cfafa5f44617fea54071e215026e0ff06be366c3d54a8425f04fdcb86f8c5f?s=96&d=mm&r=g\",\"caption\":\"@sscc\"},\"url\":\"https:\/\/www.padreeustaquio.com.br\/es\/author\/sscc\/\"}]}<\/script>\n<!-- \/ Yoast SEO plugin. -->","yoast_head_json":{"title":"Devotos del Padre Eust\u00e1quio celebran el Corpus Christi en medio de la pandemia - Padre Eust\u00e1quio","robots":{"index":"index","follow":"follow","max-snippet":"max-snippet:-1","max-image-preview":"max-image-preview:large","max-video-preview":"max-video-preview:-1"},"canonical":"https:\/\/www.padreeustaquio.com.br\/es\/devotos-del-padre-eustaquio-celebran-corpus-christi-en-medio-de-la-pandemia\/","og_locale":"es_ES","og_type":"article","og_title":"Devotos de Padre Eust\u00e1quio celebram Corpus Christi em meio a pandemia - Padre Eust\u00e1quio","og_description":"Na pr\u00f3xima quinta-feira, dia 11 de junho de 2020, a igreja celebra em todo o mundo o Corpo e o Sangue de Jesus. A festa de Corpus Christi deste ano ser\u00e1 diferente por causa do isolamento social, mesmo assim, os crist\u00e3os e devotos n\u00e3o deixar\u00e3o de participar da Solenidade centrada na Eucaristia. Por meio do Canal Padre Eust\u00e1quio, do YouTube, a Congrega\u00e7\u00e3o dos Sagrados Cora\u00e7\u00f5es, em Belo Horizonte far\u00e1 uma programa\u00e7\u00e3o especial para que todos n\u00f3s possamos expressar nosso amor e devo\u00e7\u00e3o a Jesus Eucar\u00edstico. Na quinta-feira, a transmiss\u00e3o come\u00e7a \u00e0s 10h, com a celebra\u00e7\u00e3o da Santa Missa, direto do [&hellip;]","og_url":"https:\/\/www.padreeustaquio.com.br\/es\/devotos-del-padre-eustaquio-celebran-corpus-christi-en-medio-de-la-pandemia\/","og_site_name":"Padre Eust\u00e1quio","article_publisher":"https:\/\/www.facebook.com\/beatopadreeustaquio\/","article_published_time":"2020-06-09T14:29:25+00:00","article_modified_time":"2020-06-09T14:42:45+00:00","og_image":[{"width":375,"height":372,"url":"https:\/\/www.padreeustaquio.com.br\/wp-content\/uploads\/2020\/06\/WhatsApp-Image-2020-06-09-at-11.40.54.jpeg","type":"image\/jpeg"}],"author":"@sscc","twitter_card":"summary_large_image","twitter_creator":"@beatopeustaquio","twitter_site":"@beatopeustaquio","twitter_misc":{"Escrito por":"@sscc","Tiempo de lectura":"2 minutos"},"schema":{"@context":"https:\/\/schema.org","@graph":[{"@type":"Article","@id":"https:\/\/www.padreeustaquio.com.br\/devotos-de-padre-eustaquio-celebram-corpus-christi-em-meio-a-pandemia\/#article","isPartOf":{"@id":"https:\/\/www.padreeustaquio.com.br\/devotos-de-padre-eustaquio-celebram-corpus-christi-em-meio-a-pandemia\/"},"author":{"name":"@sscc","@id":"https:\/\/www.padreeustaquio.com.br\/#\/schema\/person\/a2a51db1d00f1a7af0204a0f1ddb1566"},"headline":"Devotos de Padre Eust\u00e1quio celebram Corpus Christi em meio a pandemia","datePublished":"2020-06-09T14:29:25+00:00","dateModified":"2020-06-09T14:42:45+00:00","mainEntityOfPage":{"@id":"https:\/\/www.padreeustaquio.com.br\/devotos-de-padre-eustaquio-celebram-corpus-christi-em-meio-a-pandemia\/"},"wordCount":320,"commentCount":0,"publisher":{"@id":"https:\/\/www.padreeustaquio.com.br\/#organization"},"image":{"@id":"https:\/\/www.padreeustaquio.com.br\/devotos-de-padre-eustaquio-celebram-corpus-christi-em-meio-a-pandemia\/#primaryimage"},"thumbnailUrl":"https:\/\/www.padreeustaquio.com.br\/wp-content\/uploads\/2020\/06\/WhatsApp-Image-2020-06-09-at-11.40.54.jpeg","articleSection":["Not\u00edcias"],"inLanguage":"es","potentialAction":[{"@type":"CommentAction","name":"Comment","target":["https:\/\/www.padreeustaquio.com.br\/devotos-de-padre-eustaquio-celebram-corpus-christi-em-meio-a-pandemia\/#respond"]}]},{"@type":"WebPage","@id":"https:\/\/www.padreeustaquio.com.br\/devotos-de-padre-eustaquio-celebram-corpus-christi-em-meio-a-pandemia\/","url":"https:\/\/www.padreeustaquio.com.br\/devotos-de-padre-eustaquio-celebram-corpus-christi-em-meio-a-pandemia\/","name":"Devotos del Padre Eust\u00e1quio celebran el Corpus Christi en medio de la pandemia - Padre Eust\u00e1quio","isPartOf":{"@id":"https:\/\/www.padreeustaquio.com.br\/#website"},"primaryImageOfPage":{"@id":"https:\/\/www.padreeustaquio.com.br\/devotos-de-padre-eustaquio-celebram-corpus-christi-em-meio-a-pandemia\/#primaryimage"},"image":{"@id":"https:\/\/www.padreeustaquio.com.br\/devotos-de-padre-eustaquio-celebram-corpus-christi-em-meio-a-pandemia\/#primaryimage"},"thumbnailUrl":"https:\/\/www.padreeustaquio.com.br\/wp-content\/uploads\/2020\/06\/WhatsApp-Image-2020-06-09-at-11.40.54.jpeg","datePublished":"2020-06-09T14:29:25+00:00","dateModified":"2020-06-09T14:42:45+00:00","breadcrumb":{"@id":"https:\/\/www.padreeustaquio.com.br\/devotos-de-padre-eustaquio-celebram-corpus-christi-em-meio-a-pandemia\/#breadcrumb"},"inLanguage":"es","potentialAction":[{"@type":"ReadAction","target":["https:\/\/www.padreeustaquio.com.br\/devotos-de-padre-eustaquio-celebram-corpus-christi-em-meio-a-pandemia\/"]}]},{"@type":"ImageObject","inLanguage":"es","@id":"https:\/\/www.padreeustaquio.com.br\/devotos-de-padre-eustaquio-celebram-corpus-christi-em-meio-a-pandemia\/#primaryimage","url":"https:\/\/www.padreeustaquio.com.br\/wp-content\/uploads\/2020\/06\/WhatsApp-Image-2020-06-09-at-11.40.54.jpeg","contentUrl":"https:\/\/www.padreeustaquio.com.br\/wp-content\/uploads\/2020\/06\/WhatsApp-Image-2020-06-09-at-11.40.54.jpeg","width":375,"height":372,"caption":"Foto: Welton Rodrigues"},{"@type":"BreadcrumbList","@id":"https:\/\/www.padreeustaquio.com.br\/devotos-de-padre-eustaquio-celebram-corpus-christi-em-meio-a-pandemia\/#breadcrumb","itemListElement":[{"@type":"ListItem","position":1,"name":"In\u00edcio","item":"https:\/\/www.padreeustaquio.com.br\/"},{"@type":"ListItem","position":2,"name":"Devotos de Padre Eust\u00e1quio celebram Corpus Christi em meio a pandemia"}]},{"@type":"WebSite","@id":"https:\/\/www.padreeustaquio.com.br\/#website","url":"https:\/\/www.padreeustaquio.com.br\/","name":"Padre Eustace","description":"Salud y Paz","publisher":{"@id":"https:\/\/www.padreeustaquio.com.br\/#organization"},"potentialAction":[{"@type":"SearchAction","target":{"@type":"EntryPoint","urlTemplate":"https:\/\/www.padreeustaquio.com.br\/?s={search_term_string}"},"query-input":{"@type":"PropertyValueSpecification","valueRequired":true,"valueName":"search_term_string"}}],"inLanguage":"es"},{"@type":"Organization","@id":"https:\/\/www.padreeustaquio.com.br\/#organization","name":"Padre Eustace","url":"https:\/\/www.padreeustaquio.com.br\/","logo":{"@type":"ImageObject","inLanguage":"es","@id":"https:\/\/www.padreeustaquio.com.br\/#\/schema\/logo\/image\/","url":"https:\/\/www.padreeustaquio.com.br\/wp-content\/uploads\/2019\/08\/marca.png","contentUrl":"https:\/\/www.padreeustaquio.com.br\/wp-content\/uploads\/2019\/08\/marca.png","width":350,"height":400,"caption":"Padre Eust\u00e1quio"},"image":{"@id":"https:\/\/www.padreeustaquio.com.br\/#\/schema\/logo\/image\/"},"sameAs":["https:\/\/www.facebook.com\/beatopadreeustaquio\/","https:\/\/x.com\/beatopeustaquio","https:\/\/www.instagram.com\/beatopadreeustaquio\/","https:\/\/www.youtube.com\/channel\/UCRhw7vfabnajwLxb1ZXMeIw"]},{"@type":"Person","@id":"https:\/\/www.padreeustaquio.com.br\/#\/schema\/person\/a2a51db1d00f1a7af0204a0f1ddb1566","name":"@sscc","image":{"@type":"ImageObject","inLanguage":"es","@id":"https:\/\/secure.gravatar.com\/avatar\/68cfafa5f44617fea54071e215026e0ff06be366c3d54a8425f04fdcb86f8c5f?s=96&d=mm&r=g","url":"https:\/\/secure.gravatar.com\/avatar\/68cfafa5f44617fea54071e215026e0ff06be366c3d54a8425f04fdcb86f8c5f?s=96&d=mm&r=g","contentUrl":"https:\/\/secure.gravatar.com\/avatar\/68cfafa5f44617fea54071e215026e0ff06be366c3d54a8425f04fdcb86f8c5f?s=96&d=mm&r=g","caption":"@sscc"},"url":"https:\/\/www.padreeustaquio.com.br\/es\/author\/sscc\/"}]}},"_links":{"self":[{"href":"https:\/\/www.padreeustaquio.com.br\/es\/wp-json\/wp\/v2\/posts\/4230","targetHints":{"allow":["GET"]}}],"collection":[{"href":"https:\/\/www.padreeustaquio.com.br\/es\/wp-json\/wp\/v2\/posts"}],"about":[{"href":"https:\/\/www.padreeustaquio.com.br\/es\/wp-json\/wp\/v2\/types\/post"}],"author":[{"embeddable":true,"href":"https:\/\/www.padreeustaquio.com.br\/es\/wp-json\/wp\/v2\/users\/2"}],"replies":[{"embeddable":true,"href":"https:\/\/www.padreeustaquio.com.br\/es\/wp-json\/wp\/v2\/comments?post=4230"}],"version-history":[{"count":0,"href":"https:\/\/www.padreeustaquio.com.br\/es\/wp-json\/wp\/v2\/posts\/4230\/revisions"}],"wp:featuredmedia":[{"embeddable":true,"href":"https:\/\/www.padreeustaquio.com.br\/es\/wp-json\/wp\/v2\/media\/4235"}],"wp:attachment":[{"href":"https:\/\/www.padreeustaquio.com.br\/es\/wp-json\/wp\/v2\/media?parent=4230"}],"wp:term":[{"taxonomy":"category","embeddable":true,"href":"https:\/\/www.padreeustaquio.com.br\/es\/wp-json\/wp\/v2\/categories?post=4230"},{"taxonomy":"post_tag","embeddable":true,"href":"https:\/\/www.padreeustaquio.com.br\/es\/wp-json\/wp\/v2\/tags?post=4230"}],"curies":[{"name":"wp","href":"https:\/\/api.w.org\/{rel}","templated":true}]}}