{"id":4203,"date":"2020-05-25T11:11:59","date_gmt":"2020-05-25T14:11:59","guid":{"rendered":"https:\/\/www.padreeustaquio.com.br\/?p=4203"},"modified":"2020-05-19T11:34:03","modified_gmt":"2020-05-19T14:34:03","slug":"accion-social-conoces-la-labor-de-las-damas-de-la-caridad","status":"publish","type":"post","link":"https:\/\/www.padreeustaquio.com.br\/es\/accion-social-conoces-la-labor-de-las-damas-de-la-caridad\/","title":{"rendered":"ACCI\u00d3N SOCIAL \u2013 \u00bfConoces la labor de las \u201cDamas de la Caridad\u201d?"},"content":{"rendered":"<p>Concebida por el Beato Padre Eustaquio a principios de la d\u00e9cada de 1940 en Belo Horizonte, la labor de ayudar a los pobres siempre ha sido una gran preocupaci\u00f3n para la Congregaci\u00f3n de los Sagrados Corazones y toda la comunidad parroquial. El Padre Eustaquio siempre ayud\u00f3 a los m\u00e1s necesitados con comida, trabajo, pago de facturas atrasadas o con sus oraciones y gu\u00eda espiritual.<\/p>\n<div id=\"attachment_4207\" style=\"width: 326px\" class=\"wp-caption alignright\"><img fetchpriority=\"high\" decoding=\"async\" aria-describedby=\"caption-attachment-4207\" class=\"wp-image-4207\" src=\"https:\/\/www.padreeustaquio.com.br\/wp-content\/uploads\/2020\/05\/DAMAS-2-300x201.jpg\" alt=\"\" width=\"316\" height=\"212\" srcset=\"https:\/\/www.padreeustaquio.com.br\/wp-content\/uploads\/2020\/05\/DAMAS-2-300x201.jpg 300w, https:\/\/www.padreeustaquio.com.br\/wp-content\/uploads\/2020\/05\/DAMAS-2.jpg 613w\" sizes=\"(max-width: 316px) 100vw, 316px\" \/><p id=\"caption-attachment-4207\" class=\"wp-caption-text\">La Sra. Izabel Leite (segunda de izquierda a derecha), una gran impulsora de las &quot;Damas de la Caridad&quot;.\u201c<\/p><\/div>\n<p>Tras su fallecimiento en 1942, la labor continu\u00f3 con voluntarios de la comunidad, quienes posteriormente se convertir\u00edan en las &quot;Damas de la Caridad&quot;. Durante m\u00e1s de 60 a\u00f1os, do\u00f1a Isabel Leite, quien conoci\u00f3 al Padre Eust\u00e1quio de ni\u00f1a, dirigi\u00f3 el servicio de forma voluntaria. Hoy, contin\u00faa colaborando con la obra con compromiso y dedicaci\u00f3n.<\/p>\n<p>Para registrar a las familias, las Damas las visitan para determinar si realmente necesitan ayuda y qu\u00e9 necesitan. Actualmente, hay 112 familias registradas que reciben alimentos, medicamentos, ropa y otros art\u00edculos de primera necesidad mensualmente.<\/p>\n<p>Con la pandemia, surgieron otras familias necesitadas y, gracias a Dios y a la generosidad de la gente, se recibieron donaciones de alimentos en grandes cantidades. Pero, antes de todo esto, las Damas no recib\u00edan suficientes alimentos para distribuirlos a todas las familias registradas. Por lo tanto, con cada canasta b\u00e1sica que llegaba, o cada paquete de arroz, az\u00facar, aceite o cualquier otro alimento, las voluntarias ten\u00edan que abrirlo y dividirlo en canastas m\u00e1s peque\u00f1as. En otras palabras, con cada canasta que llegaba, ten\u00edan que hacer dos o incluso tres canastas para poder ayudar a todos los necesitados, aunque fuera con poco alimento.<\/p>\n<div id=\"attachment_4205\" style=\"width: 311px\" class=\"wp-caption alignleft\"><img decoding=\"async\" aria-describedby=\"caption-attachment-4205\" class=\"wp-image-4205\" src=\"https:\/\/www.padreeustaquio.com.br\/wp-content\/uploads\/2020\/05\/WhatsApp-Image-2020-05-15-at-15.35.57-300x225.jpeg\" alt=\"\" width=\"301\" height=\"226\" srcset=\"https:\/\/www.padreeustaquio.com.br\/wp-content\/uploads\/2020\/05\/WhatsApp-Image-2020-05-15-at-15.35.57-300x225.jpeg 300w, https:\/\/www.padreeustaquio.com.br\/wp-content\/uploads\/2020\/05\/WhatsApp-Image-2020-05-15-at-15.35.57-768x576.jpeg 768w, https:\/\/www.padreeustaquio.com.br\/wp-content\/uploads\/2020\/05\/WhatsApp-Image-2020-05-15-at-15.35.57-1024x768.jpeg 1024w, https:\/\/www.padreeustaquio.com.br\/wp-content\/uploads\/2020\/05\/WhatsApp-Image-2020-05-15-at-15.35.57-180x135.jpeg 180w, https:\/\/www.padreeustaquio.com.br\/wp-content\/uploads\/2020\/05\/WhatsApp-Image-2020-05-15-at-15.35.57-400x300.jpeg 400w, https:\/\/www.padreeustaquio.com.br\/wp-content\/uploads\/2020\/05\/WhatsApp-Image-2020-05-15-at-15.35.57-600x450.jpeg 600w, https:\/\/www.padreeustaquio.com.br\/wp-content\/uploads\/2020\/05\/WhatsApp-Image-2020-05-15-at-15.35.57-800x600.jpeg 800w, https:\/\/www.padreeustaquio.com.br\/wp-content\/uploads\/2020\/05\/WhatsApp-Image-2020-05-15-at-15.35.57-1200x900.jpeg 1200w, https:\/\/www.padreeustaquio.com.br\/wp-content\/uploads\/2020\/05\/WhatsApp-Image-2020-05-15-at-15.35.57.jpeg 1280w\" sizes=\"(max-width: 301px) 100vw, 301px\" \/><p id=\"caption-attachment-4205\" class=\"wp-caption-text\">Se entregan m\u00e1s de 100 canastas b\u00e1sicas de alimentos cada mes.<\/p><\/div>\n<p>Pero ahora es el momento de dar gracias\u2026 a la comunidad parroquial que tanto ha aportado, a los hermanos de la Congregaci\u00f3n que se han comprometido a entregar las canastas con todo el cuidado necesario.<\/p>\n<p>En cuanto termine este periodo de aislamiento social por el coronavirus, programe una visita a la sede de las Damas de la Caridad, con entrada por la calle Castigliano. Ser\u00e1n muy bienvenidos y podr\u00e1n presenciar esta labor de primera mano, no solo con alimentos, sino tambi\u00e9n con ropa y medicamentos.<\/p>\n<div id=\"attachment_4206\" style=\"width: 295px\" class=\"wp-caption alignright\"><img decoding=\"async\" aria-describedby=\"caption-attachment-4206\" class=\"wp-image-4206\" src=\"https:\/\/www.padreeustaquio.com.br\/wp-content\/uploads\/2020\/05\/WhatsApp-Image-2020-05-15-at-15.35.56-300x225.jpeg\" alt=\"\" width=\"285\" height=\"213\" srcset=\"https:\/\/www.padreeustaquio.com.br\/wp-content\/uploads\/2020\/05\/WhatsApp-Image-2020-05-15-at-15.35.56-300x225.jpeg 300w, https:\/\/www.padreeustaquio.com.br\/wp-content\/uploads\/2020\/05\/WhatsApp-Image-2020-05-15-at-15.35.56-768x576.jpeg 768w, https:\/\/www.padreeustaquio.com.br\/wp-content\/uploads\/2020\/05\/WhatsApp-Image-2020-05-15-at-15.35.56-1024x768.jpeg 1024w, https:\/\/www.padreeustaquio.com.br\/wp-content\/uploads\/2020\/05\/WhatsApp-Image-2020-05-15-at-15.35.56-180x135.jpeg 180w, https:\/\/www.padreeustaquio.com.br\/wp-content\/uploads\/2020\/05\/WhatsApp-Image-2020-05-15-at-15.35.56-400x300.jpeg 400w, https:\/\/www.padreeustaquio.com.br\/wp-content\/uploads\/2020\/05\/WhatsApp-Image-2020-05-15-at-15.35.56-600x450.jpeg 600w, https:\/\/www.padreeustaquio.com.br\/wp-content\/uploads\/2020\/05\/WhatsApp-Image-2020-05-15-at-15.35.56-800x600.jpeg 800w, https:\/\/www.padreeustaquio.com.br\/wp-content\/uploads\/2020\/05\/WhatsApp-Image-2020-05-15-at-15.35.56-1200x900.jpeg 1200w, https:\/\/www.padreeustaquio.com.br\/wp-content\/uploads\/2020\/05\/WhatsApp-Image-2020-05-15-at-15.35.56.jpeg 1280w\" sizes=\"(max-width: 285px) 100vw, 285px\" \/><p id=\"caption-attachment-4206\" class=\"wp-caption-text\">Toda persona que desee y pueda donar, puede entregar alimentos en la Secretar\u00eda del Santuario de Salud y Paz.<\/p><\/div>\n<p>Se recolectan donaciones de alimentos de la comunidad, y muchas personas traen donativos durante las celebraciones o los dejan en la oficina parroquial del Santuario. Con fe, transparencia y gran preocupaci\u00f3n por los m\u00e1s necesitados, queremos ayudar cada vez m\u00e1s a la comunidad para vivir intensamente el ideal del Padre Eust\u00e1quio, que es el prop\u00f3sito de Dios para nuestras vidas.<\/p>\n<p>\u00a1Salud y Paz!<\/p>\n<p>&nbsp;<\/p>","protected":false},"excerpt":{"rendered":"<p>Idealizado pelo Bem-Aventurado Padre Eust\u00e1quio, no in\u00edcio da d\u00e9cada de 1940, em Belo Horizonte, o trabalho no auxilio aos pobres sempre foi uma grande preocupa\u00e7\u00e3o da Congrega\u00e7\u00e3o dos Sagrados Cora\u00e7\u00f5es e de toda a comunidade paroquial. Padre Eust\u00e1quio sempre ajudava aos mais necessitados com comida, trabalho, com o pagamento de uma conta atrasada ou com suas ora\u00e7\u00f5es e dire\u00e7\u00f5es espirituais. Depois de sua morte, em 1942, o trabalho continuou com as volunt\u00e1rias da comunidade, que mais tarde se tornariam as \u201cDamas da Caridade\u201d. Por mais de 60 anos, Dona Isabel Leite que conheceu Padre Eust\u00e1quio quando crian\u00e7a esteve \u00e0 frente [&hellip;]<\/p>\n","protected":false},"author":2,"featured_media":4204,"comment_status":"open","ping_status":"open","sticky":false,"template":"","format":"standard","meta":{"_acf_changed":false,"footnotes":""},"categories":[611],"tags":[],"class_list":["post-4203","post","type-post","status-publish","format-standard","has-post-thumbnail","hentry","category-noticias"],"acf":[],"yoast_head":"<!-- This site is optimized with the Yoast SEO plugin v27.2 - https:\/\/yoast.com\/product\/yoast-seo-wordpress\/ -->\n<title>A\u00c7\u00c3O SOCIAL - Voc\u00ea conhece o trabalho das \u201cDamas da Caridade\u201d? - Padre Eust\u00e1quio<\/title>\n<meta name=\"robots\" content=\"index, follow, max-snippet:-1, max-image-preview:large, max-video-preview:-1\" \/>\n<link rel=\"canonical\" href=\"https:\/\/www.padreeustaquio.com.br\/es\/accion-social-conoces-la-labor-de-las-damas-de-la-caridad\/\" \/>\n<meta property=\"og:locale\" content=\"es_ES\" \/>\n<meta property=\"og:type\" content=\"article\" \/>\n<meta property=\"og:title\" content=\"A\u00c7\u00c3O SOCIAL - Voc\u00ea conhece o trabalho das \u201cDamas da Caridade\u201d? - Padre Eust\u00e1quio\" \/>\n<meta property=\"og:description\" content=\"Idealizado pelo Bem-Aventurado Padre Eust\u00e1quio, no in\u00edcio da d\u00e9cada de 1940, em Belo Horizonte, o trabalho no auxilio aos pobres sempre foi uma grande preocupa\u00e7\u00e3o da Congrega\u00e7\u00e3o dos Sagrados Cora\u00e7\u00f5es e de toda a comunidade paroquial. Padre Eust\u00e1quio sempre ajudava aos mais necessitados com comida, trabalho, com o pagamento de uma conta atrasada ou com suas ora\u00e7\u00f5es e dire\u00e7\u00f5es espirituais. Depois de sua morte, em 1942, o trabalho continuou com as volunt\u00e1rias da comunidade, que mais tarde se tornariam as \u201cDamas da Caridade\u201d. Por mais de 60 anos, Dona Isabel Leite que conheceu Padre Eust\u00e1quio quando crian\u00e7a esteve \u00e0 frente [&hellip;]\" \/>\n<meta property=\"og:url\" content=\"https:\/\/www.padreeustaquio.com.br\/es\/accion-social-conoces-la-labor-de-las-damas-de-la-caridad\/\" \/>\n<meta property=\"og:site_name\" content=\"Padre Eust\u00e1quio\" \/>\n<meta property=\"article:publisher\" content=\"https:\/\/www.facebook.com\/beatopadreeustaquio\/\" \/>\n<meta property=\"article:published_time\" content=\"2020-05-25T14:11:59+00:00\" \/>\n<meta property=\"og:image\" content=\"https:\/\/www.padreeustaquio.com.br\/wp-content\/uploads\/2020\/05\/DAMAS-DA-CARIDADE.jpg\" \/>\n\t<meta property=\"og:image:width\" content=\"619\" \/>\n\t<meta property=\"og:image:height\" content=\"467\" \/>\n\t<meta property=\"og:image:type\" content=\"image\/jpeg\" \/>\n<meta name=\"author\" content=\"@sscc\" \/>\n<meta name=\"twitter:card\" content=\"summary_large_image\" \/>\n<meta name=\"twitter:creator\" content=\"@beatopeustaquio\" \/>\n<meta name=\"twitter:site\" content=\"@beatopeustaquio\" \/>\n<meta name=\"twitter:label1\" content=\"Escrito por\" \/>\n\t<meta name=\"twitter:data1\" content=\"@sscc\" \/>\n\t<meta name=\"twitter:label2\" content=\"Tiempo de lectura\" \/>\n\t<meta name=\"twitter:data2\" content=\"2 minutos\" \/>\n<script type=\"application\/ld+json\" class=\"yoast-schema-graph\">{\"@context\":\"https:\/\/schema.org\",\"@graph\":[{\"@type\":\"Article\",\"@id\":\"https:\/\/www.padreeustaquio.com.br\/acao-social-voce-conhece-o-trabalho-das-damas-da-caridade\/#article\",\"isPartOf\":{\"@id\":\"https:\/\/www.padreeustaquio.com.br\/acao-social-voce-conhece-o-trabalho-das-damas-da-caridade\/\"},\"author\":{\"name\":\"@sscc\",\"@id\":\"https:\/\/www.padreeustaquio.com.br\/#\/schema\/person\/a2a51db1d00f1a7af0204a0f1ddb1566\"},\"headline\":\"A\u00c7\u00c3O SOCIAL &#8211; Voc\u00ea conhece o trabalho das \u201cDamas da Caridade\u201d?\",\"datePublished\":\"2020-05-25T14:11:59+00:00\",\"mainEntityOfPage\":{\"@id\":\"https:\/\/www.padreeustaquio.com.br\/acao-social-voce-conhece-o-trabalho-das-damas-da-caridade\/\"},\"wordCount\":508,\"commentCount\":0,\"publisher\":{\"@id\":\"https:\/\/www.padreeustaquio.com.br\/#organization\"},\"image\":{\"@id\":\"https:\/\/www.padreeustaquio.com.br\/acao-social-voce-conhece-o-trabalho-das-damas-da-caridade\/#primaryimage\"},\"thumbnailUrl\":\"https:\/\/www.padreeustaquio.com.br\/wp-content\/uploads\/2020\/05\/DAMAS-DA-CARIDADE.jpg\",\"articleSection\":[\"Not\u00edcias\"],\"inLanguage\":\"es\",\"potentialAction\":[{\"@type\":\"CommentAction\",\"name\":\"Comment\",\"target\":[\"https:\/\/www.padreeustaquio.com.br\/acao-social-voce-conhece-o-trabalho-das-damas-da-caridade\/#respond\"]}]},{\"@type\":\"WebPage\",\"@id\":\"https:\/\/www.padreeustaquio.com.br\/acao-social-voce-conhece-o-trabalho-das-damas-da-caridade\/\",\"url\":\"https:\/\/www.padreeustaquio.com.br\/acao-social-voce-conhece-o-trabalho-das-damas-da-caridade\/\",\"name\":\"A\u00c7\u00c3O SOCIAL - Voc\u00ea conhece o trabalho das \u201cDamas da Caridade\u201d? - Padre Eust\u00e1quio\",\"isPartOf\":{\"@id\":\"https:\/\/www.padreeustaquio.com.br\/#website\"},\"primaryImageOfPage\":{\"@id\":\"https:\/\/www.padreeustaquio.com.br\/acao-social-voce-conhece-o-trabalho-das-damas-da-caridade\/#primaryimage\"},\"image\":{\"@id\":\"https:\/\/www.padreeustaquio.com.br\/acao-social-voce-conhece-o-trabalho-das-damas-da-caridade\/#primaryimage\"},\"thumbnailUrl\":\"https:\/\/www.padreeustaquio.com.br\/wp-content\/uploads\/2020\/05\/DAMAS-DA-CARIDADE.jpg\",\"datePublished\":\"2020-05-25T14:11:59+00:00\",\"breadcrumb\":{\"@id\":\"https:\/\/www.padreeustaquio.com.br\/acao-social-voce-conhece-o-trabalho-das-damas-da-caridade\/#breadcrumb\"},\"inLanguage\":\"es\",\"potentialAction\":[{\"@type\":\"ReadAction\",\"target\":[\"https:\/\/www.padreeustaquio.com.br\/acao-social-voce-conhece-o-trabalho-das-damas-da-caridade\/\"]}]},{\"@type\":\"ImageObject\",\"inLanguage\":\"es\",\"@id\":\"https:\/\/www.padreeustaquio.com.br\/acao-social-voce-conhece-o-trabalho-das-damas-da-caridade\/#primaryimage\",\"url\":\"https:\/\/www.padreeustaquio.com.br\/wp-content\/uploads\/2020\/05\/DAMAS-DA-CARIDADE.jpg\",\"contentUrl\":\"https:\/\/www.padreeustaquio.com.br\/wp-content\/uploads\/2020\/05\/DAMAS-DA-CARIDADE.jpg\",\"width\":619,\"height\":467,\"caption\":\"?\"},{\"@type\":\"BreadcrumbList\",\"@id\":\"https:\/\/www.padreeustaquio.com.br\/acao-social-voce-conhece-o-trabalho-das-damas-da-caridade\/#breadcrumb\",\"itemListElement\":[{\"@type\":\"ListItem\",\"position\":1,\"name\":\"In\u00edcio\",\"item\":\"https:\/\/www.padreeustaquio.com.br\/\"},{\"@type\":\"ListItem\",\"position\":2,\"name\":\"A\u00c7\u00c3O SOCIAL &#8211; Voc\u00ea conhece o trabalho das \u201cDamas da Caridade\u201d?\"}]},{\"@type\":\"WebSite\",\"@id\":\"https:\/\/www.padreeustaquio.com.br\/#website\",\"url\":\"https:\/\/www.padreeustaquio.com.br\/\",\"name\":\"Padre Eust\u00e1quio\",\"description\":\"Sa\u00fade e Paz\",\"publisher\":{\"@id\":\"https:\/\/www.padreeustaquio.com.br\/#organization\"},\"potentialAction\":[{\"@type\":\"SearchAction\",\"target\":{\"@type\":\"EntryPoint\",\"urlTemplate\":\"https:\/\/www.padreeustaquio.com.br\/?s={search_term_string}\"},\"query-input\":{\"@type\":\"PropertyValueSpecification\",\"valueRequired\":true,\"valueName\":\"search_term_string\"}}],\"inLanguage\":\"es\"},{\"@type\":\"Organization\",\"@id\":\"https:\/\/www.padreeustaquio.com.br\/#organization\",\"name\":\"Padre Eust\u00e1quio\",\"url\":\"https:\/\/www.padreeustaquio.com.br\/\",\"logo\":{\"@type\":\"ImageObject\",\"inLanguage\":\"es\",\"@id\":\"https:\/\/www.padreeustaquio.com.br\/#\/schema\/logo\/image\/\",\"url\":\"https:\/\/www.padreeustaquio.com.br\/wp-content\/uploads\/2019\/08\/marca.png\",\"contentUrl\":\"https:\/\/www.padreeustaquio.com.br\/wp-content\/uploads\/2019\/08\/marca.png\",\"width\":350,\"height\":400,\"caption\":\"Padre Eust\u00e1quio\"},\"image\":{\"@id\":\"https:\/\/www.padreeustaquio.com.br\/#\/schema\/logo\/image\/\"},\"sameAs\":[\"https:\/\/www.facebook.com\/beatopadreeustaquio\/\",\"https:\/\/x.com\/beatopeustaquio\",\"https:\/\/www.instagram.com\/beatopadreeustaquio\/\",\"https:\/\/www.youtube.com\/channel\/UCRhw7vfabnajwLxb1ZXMeIw\"]},{\"@type\":\"Person\",\"@id\":\"https:\/\/www.padreeustaquio.com.br\/#\/schema\/person\/a2a51db1d00f1a7af0204a0f1ddb1566\",\"name\":\"@sscc\",\"image\":{\"@type\":\"ImageObject\",\"inLanguage\":\"es\",\"@id\":\"https:\/\/secure.gravatar.com\/avatar\/68cfafa5f44617fea54071e215026e0ff06be366c3d54a8425f04fdcb86f8c5f?s=96&d=mm&r=g\",\"url\":\"https:\/\/secure.gravatar.com\/avatar\/68cfafa5f44617fea54071e215026e0ff06be366c3d54a8425f04fdcb86f8c5f?s=96&d=mm&r=g\",\"contentUrl\":\"https:\/\/secure.gravatar.com\/avatar\/68cfafa5f44617fea54071e215026e0ff06be366c3d54a8425f04fdcb86f8c5f?s=96&d=mm&r=g\",\"caption\":\"@sscc\"},\"url\":\"https:\/\/www.padreeustaquio.com.br\/es\/author\/sscc\/\"}]}<\/script>\n<!-- \/ Yoast SEO plugin. -->","yoast_head_json":{"title":"ACCI\u00d3N SOCIAL - \u00bfConoces la labor de las Damas de la Caridad? - Padre Eust\u00e1quio","robots":{"index":"index","follow":"follow","max-snippet":"max-snippet:-1","max-image-preview":"max-image-preview:large","max-video-preview":"max-video-preview:-1"},"canonical":"https:\/\/www.padreeustaquio.com.br\/es\/accion-social-conoces-la-labor-de-las-damas-de-la-caridad\/","og_locale":"es_ES","og_type":"article","og_title":"A\u00c7\u00c3O SOCIAL - Voc\u00ea conhece o trabalho das \u201cDamas da Caridade\u201d? - Padre Eust\u00e1quio","og_description":"Idealizado pelo Bem-Aventurado Padre Eust\u00e1quio, no in\u00edcio da d\u00e9cada de 1940, em Belo Horizonte, o trabalho no auxilio aos pobres sempre foi uma grande preocupa\u00e7\u00e3o da Congrega\u00e7\u00e3o dos Sagrados Cora\u00e7\u00f5es e de toda a comunidade paroquial. Padre Eust\u00e1quio sempre ajudava aos mais necessitados com comida, trabalho, com o pagamento de uma conta atrasada ou com suas ora\u00e7\u00f5es e dire\u00e7\u00f5es espirituais. Depois de sua morte, em 1942, o trabalho continuou com as volunt\u00e1rias da comunidade, que mais tarde se tornariam as \u201cDamas da Caridade\u201d. Por mais de 60 anos, Dona Isabel Leite que conheceu Padre Eust\u00e1quio quando crian\u00e7a esteve \u00e0 frente [&hellip;]","og_url":"https:\/\/www.padreeustaquio.com.br\/es\/accion-social-conoces-la-labor-de-las-damas-de-la-caridad\/","og_site_name":"Padre Eust\u00e1quio","article_publisher":"https:\/\/www.facebook.com\/beatopadreeustaquio\/","article_published_time":"2020-05-25T14:11:59+00:00","og_image":[{"width":619,"height":467,"url":"https:\/\/www.padreeustaquio.com.br\/wp-content\/uploads\/2020\/05\/DAMAS-DA-CARIDADE.jpg","type":"image\/jpeg"}],"author":"@sscc","twitter_card":"summary_large_image","twitter_creator":"@beatopeustaquio","twitter_site":"@beatopeustaquio","twitter_misc":{"Escrito por":"@sscc","Tiempo de lectura":"2 minutos"},"schema":{"@context":"https:\/\/schema.org","@graph":[{"@type":"Article","@id":"https:\/\/www.padreeustaquio.com.br\/acao-social-voce-conhece-o-trabalho-das-damas-da-caridade\/#article","isPartOf":{"@id":"https:\/\/www.padreeustaquio.com.br\/acao-social-voce-conhece-o-trabalho-das-damas-da-caridade\/"},"author":{"name":"@sscc","@id":"https:\/\/www.padreeustaquio.com.br\/#\/schema\/person\/a2a51db1d00f1a7af0204a0f1ddb1566"},"headline":"A\u00c7\u00c3O SOCIAL &#8211; Voc\u00ea conhece o trabalho das \u201cDamas da Caridade\u201d?","datePublished":"2020-05-25T14:11:59+00:00","mainEntityOfPage":{"@id":"https:\/\/www.padreeustaquio.com.br\/acao-social-voce-conhece-o-trabalho-das-damas-da-caridade\/"},"wordCount":508,"commentCount":0,"publisher":{"@id":"https:\/\/www.padreeustaquio.com.br\/#organization"},"image":{"@id":"https:\/\/www.padreeustaquio.com.br\/acao-social-voce-conhece-o-trabalho-das-damas-da-caridade\/#primaryimage"},"thumbnailUrl":"https:\/\/www.padreeustaquio.com.br\/wp-content\/uploads\/2020\/05\/DAMAS-DA-CARIDADE.jpg","articleSection":["Not\u00edcias"],"inLanguage":"es","potentialAction":[{"@type":"CommentAction","name":"Comment","target":["https:\/\/www.padreeustaquio.com.br\/acao-social-voce-conhece-o-trabalho-das-damas-da-caridade\/#respond"]}]},{"@type":"WebPage","@id":"https:\/\/www.padreeustaquio.com.br\/acao-social-voce-conhece-o-trabalho-das-damas-da-caridade\/","url":"https:\/\/www.padreeustaquio.com.br\/acao-social-voce-conhece-o-trabalho-das-damas-da-caridade\/","name":"ACCI\u00d3N SOCIAL - \u00bfConoces la labor de las Damas de la Caridad? - Padre Eust\u00e1quio","isPartOf":{"@id":"https:\/\/www.padreeustaquio.com.br\/#website"},"primaryImageOfPage":{"@id":"https:\/\/www.padreeustaquio.com.br\/acao-social-voce-conhece-o-trabalho-das-damas-da-caridade\/#primaryimage"},"image":{"@id":"https:\/\/www.padreeustaquio.com.br\/acao-social-voce-conhece-o-trabalho-das-damas-da-caridade\/#primaryimage"},"thumbnailUrl":"https:\/\/www.padreeustaquio.com.br\/wp-content\/uploads\/2020\/05\/DAMAS-DA-CARIDADE.jpg","datePublished":"2020-05-25T14:11:59+00:00","breadcrumb":{"@id":"https:\/\/www.padreeustaquio.com.br\/acao-social-voce-conhece-o-trabalho-das-damas-da-caridade\/#breadcrumb"},"inLanguage":"es","potentialAction":[{"@type":"ReadAction","target":["https:\/\/www.padreeustaquio.com.br\/acao-social-voce-conhece-o-trabalho-das-damas-da-caridade\/"]}]},{"@type":"ImageObject","inLanguage":"es","@id":"https:\/\/www.padreeustaquio.com.br\/acao-social-voce-conhece-o-trabalho-das-damas-da-caridade\/#primaryimage","url":"https:\/\/www.padreeustaquio.com.br\/wp-content\/uploads\/2020\/05\/DAMAS-DA-CARIDADE.jpg","contentUrl":"https:\/\/www.padreeustaquio.com.br\/wp-content\/uploads\/2020\/05\/DAMAS-DA-CARIDADE.jpg","width":619,"height":467,"caption":"?"},{"@type":"BreadcrumbList","@id":"https:\/\/www.padreeustaquio.com.br\/acao-social-voce-conhece-o-trabalho-das-damas-da-caridade\/#breadcrumb","itemListElement":[{"@type":"ListItem","position":1,"name":"In\u00edcio","item":"https:\/\/www.padreeustaquio.com.br\/"},{"@type":"ListItem","position":2,"name":"A\u00c7\u00c3O SOCIAL &#8211; Voc\u00ea conhece o trabalho das \u201cDamas da Caridade\u201d?"}]},{"@type":"WebSite","@id":"https:\/\/www.padreeustaquio.com.br\/#website","url":"https:\/\/www.padreeustaquio.com.br\/","name":"Padre Eustace","description":"Salud y Paz","publisher":{"@id":"https:\/\/www.padreeustaquio.com.br\/#organization"},"potentialAction":[{"@type":"SearchAction","target":{"@type":"EntryPoint","urlTemplate":"https:\/\/www.padreeustaquio.com.br\/?s={search_term_string}"},"query-input":{"@type":"PropertyValueSpecification","valueRequired":true,"valueName":"search_term_string"}}],"inLanguage":"es"},{"@type":"Organization","@id":"https:\/\/www.padreeustaquio.com.br\/#organization","name":"Padre Eustace","url":"https:\/\/www.padreeustaquio.com.br\/","logo":{"@type":"ImageObject","inLanguage":"es","@id":"https:\/\/www.padreeustaquio.com.br\/#\/schema\/logo\/image\/","url":"https:\/\/www.padreeustaquio.com.br\/wp-content\/uploads\/2019\/08\/marca.png","contentUrl":"https:\/\/www.padreeustaquio.com.br\/wp-content\/uploads\/2019\/08\/marca.png","width":350,"height":400,"caption":"Padre Eust\u00e1quio"},"image":{"@id":"https:\/\/www.padreeustaquio.com.br\/#\/schema\/logo\/image\/"},"sameAs":["https:\/\/www.facebook.com\/beatopadreeustaquio\/","https:\/\/x.com\/beatopeustaquio","https:\/\/www.instagram.com\/beatopadreeustaquio\/","https:\/\/www.youtube.com\/channel\/UCRhw7vfabnajwLxb1ZXMeIw"]},{"@type":"Person","@id":"https:\/\/www.padreeustaquio.com.br\/#\/schema\/person\/a2a51db1d00f1a7af0204a0f1ddb1566","name":"@sscc","image":{"@type":"ImageObject","inLanguage":"es","@id":"https:\/\/secure.gravatar.com\/avatar\/68cfafa5f44617fea54071e215026e0ff06be366c3d54a8425f04fdcb86f8c5f?s=96&d=mm&r=g","url":"https:\/\/secure.gravatar.com\/avatar\/68cfafa5f44617fea54071e215026e0ff06be366c3d54a8425f04fdcb86f8c5f?s=96&d=mm&r=g","contentUrl":"https:\/\/secure.gravatar.com\/avatar\/68cfafa5f44617fea54071e215026e0ff06be366c3d54a8425f04fdcb86f8c5f?s=96&d=mm&r=g","caption":"@sscc"},"url":"https:\/\/www.padreeustaquio.com.br\/es\/author\/sscc\/"}]}},"_links":{"self":[{"href":"https:\/\/www.padreeustaquio.com.br\/es\/wp-json\/wp\/v2\/posts\/4203","targetHints":{"allow":["GET"]}}],"collection":[{"href":"https:\/\/www.padreeustaquio.com.br\/es\/wp-json\/wp\/v2\/posts"}],"about":[{"href":"https:\/\/www.padreeustaquio.com.br\/es\/wp-json\/wp\/v2\/types\/post"}],"author":[{"embeddable":true,"href":"https:\/\/www.padreeustaquio.com.br\/es\/wp-json\/wp\/v2\/users\/2"}],"replies":[{"embeddable":true,"href":"https:\/\/www.padreeustaquio.com.br\/es\/wp-json\/wp\/v2\/comments?post=4203"}],"version-history":[{"count":0,"href":"https:\/\/www.padreeustaquio.com.br\/es\/wp-json\/wp\/v2\/posts\/4203\/revisions"}],"wp:featuredmedia":[{"embeddable":true,"href":"https:\/\/www.padreeustaquio.com.br\/es\/wp-json\/wp\/v2\/media\/4204"}],"wp:attachment":[{"href":"https:\/\/www.padreeustaquio.com.br\/es\/wp-json\/wp\/v2\/media?parent=4203"}],"wp:term":[{"taxonomy":"category","embeddable":true,"href":"https:\/\/www.padreeustaquio.com.br\/es\/wp-json\/wp\/v2\/categories?post=4203"},{"taxonomy":"post_tag","embeddable":true,"href":"https:\/\/www.padreeustaquio.com.br\/es\/wp-json\/wp\/v2\/tags?post=4203"}],"curies":[{"name":"wp","href":"https:\/\/api.w.org\/{rel}","templated":true}]}}