{"id":4167,"date":"2020-05-08T09:03:10","date_gmt":"2020-05-08T12:03:10","guid":{"rendered":"https:\/\/www.padreeustaquio.com.br\/?p=4167"},"modified":"2020-05-08T09:14:30","modified_gmt":"2020-05-08T12:14:30","slug":"salud-y-paz-para-enfrentar-la-pandemia-del-nuevo-coronavirus","status":"publish","type":"post","link":"https:\/\/www.padreeustaquio.com.br\/es\/salud-y-paz-para-enfrentar-la-pandemia-del-nuevo-coronavirus\/","title":{"rendered":"Salud y paz para enfrentar la pandemia del nuevo Coronavirus."},"content":{"rendered":"<p>Con el t\u00edtulo de \u201cSantuario de Salud y Paz\u201d, recibido desde 2014, la Iglesia Matriz de la Parroquia Sagrados Corazones, en Belo Horizonte, ha sido un punto de referencia durante la pandemia, pues \u201cSalud y Paz\u201d fue habitualmente el saludo de su primer p\u00e1rroco, el Beato Padre Eust\u00e1quio, y este ha sido el clamor del mundo.<\/p>\n<p>La amenaza global que representa el nuevo coronavirus ha impulsado, desde el principio, a nuestra comunidad a responder a los desaf\u00edos m\u00e1s cercanos. La necesidad de atender a los grupos de riesgo nos llev\u00f3 a suspender la &quot;Semana de la Familia&quot; en torno a la festividad de San Jos\u00e9 (19 de marzo) y las visitas a los ancianos y enfermos de la parroquia.<\/p>\n<p>Cuando se prohibieron las celebraciones presenciales, pensamos en dirigir a los feligreses a las cadenas de televisi\u00f3n cat\u00f3licas, pero pronto nos dimos cuenta de que la gente quer\u00eda contacto con &quot;su&quot; comunidad, &quot;su&quot; iglesia, &quot;sus&quot; sacerdotes. Iniciamos un servicio de transmisiones en redes sociales con la Eucarist\u00eda diaria a las 6 p. m. y por la ma\u00f1ana un momento de oraci\u00f3n, adoraci\u00f3n o formaci\u00f3n en forma de di\u00e1logo virtual. Desde entonces, sentimos una conexi\u00f3n personal con los feligreses y devotos del Padre Eustaquio en todas partes.\u00a0<em>(ver fotos abajo).<\/em><\/p>\n<p>As\u00ed, continuamos la misi\u00f3n. De lunes a viernes a las 18:00 h y los domingos a las 10:00 h con la celebraci\u00f3n de la Santa Misa, y los lunes, mi\u00e9rcoles y viernes a las 10:00 h con momentos de conversaci\u00f3n, oraci\u00f3n, rosario y adoraci\u00f3n, siempre a trav\u00e9s de las redes sociales @beatopadreeustaquio y por <strong>Canal Padre Eust\u00e1quio<\/strong> de YouTube. <a href=\"https:\/\/www.youtube.com\/channel\/UCRhw7vfabnajwLxb1ZXMeIw\">haga clic aqu\u00ed<\/a>, Reg\u00edstrate y s\u00edguenos. \u00a1Juntos, unidos con Dios, pronto superaremos esta pandemia!<\/p>\n<p>Salud y Paz<\/p>\n\n\t\t<style type=\"text\/css\">\n\t\t\t#gallery-1 {\n\t\t\t\tmargin: auto;\n\t\t\t}\n\t\t\t#gallery-1 .gallery-item {\n\t\t\t\tfloat: left;\n\t\t\t\tmargin-top: 10px;\n\t\t\t\ttext-align: center;\n\t\t\t\twidth: 33%;\n\t\t\t}\n\t\t\t#gallery-1 img {\n\t\t\t\tborder: 2px solid #cfcfcf;\n\t\t\t}\n\t\t\t#gallery-1 .gallery-caption {\n\t\t\t\tmargin-left: 0;\n\t\t\t}\n\t\t\t\/* see gallery_shortcode() in wp-includes\/media.php *\/\n\t\t<\/style>\n\t\t<div id='gallery-1' class='gallery galleryid-4167 gallery-columns-3 gallery-size-thumbnail'><dl class='gallery-item'>\n\t\t\t<dt class='gallery-icon portrait'>\n\t\t\t\t<a href='https:\/\/www.padreeustaquio.com.br\/es\/salud-y-paz-para-enfrentar-la-pandemia-del-nuevo-coronavirus\/6934aa1c-9829-4aad-aa97-1738b09b2581\/'><img decoding=\"async\" width=\"150\" height=\"150\" src=\"https:\/\/www.padreeustaquio.com.br\/wp-content\/uploads\/2020\/05\/6934aa1c-9829-4aad-aa97-1738b09b2581-150x150.jpg\" class=\"attachment-thumbnail size-thumbnail\" alt=\"\" srcset=\"https:\/\/www.padreeustaquio.com.br\/wp-content\/uploads\/2020\/05\/6934aa1c-9829-4aad-aa97-1738b09b2581-150x150.jpg 150w, https:\/\/www.padreeustaquio.com.br\/wp-content\/uploads\/2020\/05\/6934aa1c-9829-4aad-aa97-1738b09b2581-180x180.jpg 180w, https:\/\/www.padreeustaquio.com.br\/wp-content\/uploads\/2020\/05\/6934aa1c-9829-4aad-aa97-1738b09b2581-400x400.jpg 400w, https:\/\/www.padreeustaquio.com.br\/wp-content\/uploads\/2020\/05\/6934aa1c-9829-4aad-aa97-1738b09b2581-600x600.jpg 600w\" sizes=\"(max-width: 150px) 100vw, 150px\" \/><\/a>\n\t\t\t<\/dt><\/dl><dl class='gallery-item'>\n\t\t\t<dt class='gallery-icon landscape'>\n\t\t\t\t<a href='https:\/\/www.padreeustaquio.com.br\/es\/salud-y-paz-para-enfrentar-la-pandemia-del-nuevo-coronavirus\/b2cc76dd-ea50-499c-bec9-c10ecc16ab59\/'><img decoding=\"async\" width=\"150\" height=\"150\" src=\"https:\/\/www.padreeustaquio.com.br\/wp-content\/uploads\/2020\/05\/b2cc76dd-ea50-499c-bec9-c10ecc16ab59-150x150.jpg\" class=\"attachment-thumbnail size-thumbnail\" alt=\"\" srcset=\"https:\/\/www.padreeustaquio.com.br\/wp-content\/uploads\/2020\/05\/b2cc76dd-ea50-499c-bec9-c10ecc16ab59-150x150.jpg 150w, https:\/\/www.padreeustaquio.com.br\/wp-content\/uploads\/2020\/05\/b2cc76dd-ea50-499c-bec9-c10ecc16ab59-180x180.jpg 180w, https:\/\/www.padreeustaquio.com.br\/wp-content\/uploads\/2020\/05\/b2cc76dd-ea50-499c-bec9-c10ecc16ab59-400x400.jpg 400w, https:\/\/www.padreeustaquio.com.br\/wp-content\/uploads\/2020\/05\/b2cc76dd-ea50-499c-bec9-c10ecc16ab59-600x600.jpg 600w\" sizes=\"(max-width: 150px) 100vw, 150px\" \/><\/a>\n\t\t\t<\/dt><\/dl><dl class='gallery-item'>\n\t\t\t<dt class='gallery-icon portrait'>\n\t\t\t\t<a href='https:\/\/www.padreeustaquio.com.br\/es\/salud-y-paz-para-enfrentar-la-pandemia-del-nuevo-coronavirus\/bd70456d-4c8d-4054-956a-7d8540bc4d35\/'><img decoding=\"async\" width=\"150\" height=\"150\" src=\"https:\/\/www.padreeustaquio.com.br\/wp-content\/uploads\/2020\/05\/bd70456d-4c8d-4054-956a-7d8540bc4d35-150x150.jpg\" class=\"attachment-thumbnail size-thumbnail\" alt=\"\" srcset=\"https:\/\/www.padreeustaquio.com.br\/wp-content\/uploads\/2020\/05\/bd70456d-4c8d-4054-956a-7d8540bc4d35-150x150.jpg 150w, https:\/\/www.padreeustaquio.com.br\/wp-content\/uploads\/2020\/05\/bd70456d-4c8d-4054-956a-7d8540bc4d35-180x180.jpg 180w, https:\/\/www.padreeustaquio.com.br\/wp-content\/uploads\/2020\/05\/bd70456d-4c8d-4054-956a-7d8540bc4d35-400x400.jpg 400w, https:\/\/www.padreeustaquio.com.br\/wp-content\/uploads\/2020\/05\/bd70456d-4c8d-4054-956a-7d8540bc4d35-600x600.jpg 600w, https:\/\/www.padreeustaquio.com.br\/wp-content\/uploads\/2020\/05\/bd70456d-4c8d-4054-956a-7d8540bc4d35-901x900.jpg 901w\" sizes=\"(max-width: 150px) 100vw, 150px\" \/><\/a>\n\t\t\t<\/dt><\/dl><br style=\"clear: both\" \/><dl class='gallery-item'>\n\t\t\t<dt class='gallery-icon portrait'>\n\t\t\t\t<a href='https:\/\/www.padreeustaquio.com.br\/es\/salud-y-paz-para-enfrentar-la-pandemia-del-nuevo-coronavirus\/377f1138-155e-47ba-a10e-8a6b8c66a2c6\/'><img loading=\"lazy\" decoding=\"async\" width=\"150\" height=\"150\" src=\"https:\/\/www.padreeustaquio.com.br\/wp-content\/uploads\/2020\/05\/377f1138-155e-47ba-a10e-8a6b8c66a2c6-150x150.jpg\" class=\"attachment-thumbnail size-thumbnail\" alt=\"\" srcset=\"https:\/\/www.padreeustaquio.com.br\/wp-content\/uploads\/2020\/05\/377f1138-155e-47ba-a10e-8a6b8c66a2c6-150x150.jpg 150w, https:\/\/www.padreeustaquio.com.br\/wp-content\/uploads\/2020\/05\/377f1138-155e-47ba-a10e-8a6b8c66a2c6-180x180.jpg 180w, https:\/\/www.padreeustaquio.com.br\/wp-content\/uploads\/2020\/05\/377f1138-155e-47ba-a10e-8a6b8c66a2c6-400x400.jpg 400w, https:\/\/www.padreeustaquio.com.br\/wp-content\/uploads\/2020\/05\/377f1138-155e-47ba-a10e-8a6b8c66a2c6-600x600.jpg 600w\" sizes=\"(max-width: 150px) 100vw, 150px\" \/><\/a>\n\t\t\t<\/dt><\/dl><dl class='gallery-item'>\n\t\t\t<dt class='gallery-icon portrait'>\n\t\t\t\t<a href='https:\/\/www.padreeustaquio.com.br\/es\/salud-y-paz-para-enfrentar-la-pandemia-del-nuevo-coronavirus\/0f5b99ff-59bd-49c5-9954-cf662f9ae6a7\/'><img loading=\"lazy\" decoding=\"async\" width=\"150\" height=\"150\" src=\"https:\/\/www.padreeustaquio.com.br\/wp-content\/uploads\/2020\/05\/0f5b99ff-59bd-49c5-9954-cf662f9ae6a7-150x150.jpg\" class=\"attachment-thumbnail size-thumbnail\" alt=\"\" srcset=\"https:\/\/www.padreeustaquio.com.br\/wp-content\/uploads\/2020\/05\/0f5b99ff-59bd-49c5-9954-cf662f9ae6a7-150x150.jpg 150w, https:\/\/www.padreeustaquio.com.br\/wp-content\/uploads\/2020\/05\/0f5b99ff-59bd-49c5-9954-cf662f9ae6a7-180x180.jpg 180w, https:\/\/www.padreeustaquio.com.br\/wp-content\/uploads\/2020\/05\/0f5b99ff-59bd-49c5-9954-cf662f9ae6a7-400x400.jpg 400w, https:\/\/www.padreeustaquio.com.br\/wp-content\/uploads\/2020\/05\/0f5b99ff-59bd-49c5-9954-cf662f9ae6a7-600x600.jpg 600w\" sizes=\"(max-width: 150px) 100vw, 150px\" \/><\/a>\n\t\t\t<\/dt><\/dl><dl class='gallery-item'>\n\t\t\t<dt class='gallery-icon portrait'>\n\t\t\t\t<a href='https:\/\/www.padreeustaquio.com.br\/es\/salud-y-paz-para-enfrentar-la-pandemia-del-nuevo-coronavirus\/6bad30e8-3aa0-4302-8b5c-4cbefddaa8df\/'><img loading=\"lazy\" decoding=\"async\" width=\"150\" height=\"150\" src=\"https:\/\/www.padreeustaquio.com.br\/wp-content\/uploads\/2020\/05\/6bad30e8-3aa0-4302-8b5c-4cbefddaa8df-150x150.jpg\" class=\"attachment-thumbnail size-thumbnail\" alt=\"\" srcset=\"https:\/\/www.padreeustaquio.com.br\/wp-content\/uploads\/2020\/05\/6bad30e8-3aa0-4302-8b5c-4cbefddaa8df-150x150.jpg 150w, https:\/\/www.padreeustaquio.com.br\/wp-content\/uploads\/2020\/05\/6bad30e8-3aa0-4302-8b5c-4cbefddaa8df-180x180.jpg 180w, https:\/\/www.padreeustaquio.com.br\/wp-content\/uploads\/2020\/05\/6bad30e8-3aa0-4302-8b5c-4cbefddaa8df-400x400.jpg 400w, https:\/\/www.padreeustaquio.com.br\/wp-content\/uploads\/2020\/05\/6bad30e8-3aa0-4302-8b5c-4cbefddaa8df-600x600.jpg 600w\" sizes=\"(max-width: 150px) 100vw, 150px\" \/><\/a>\n\t\t\t<\/dt><\/dl><br style=\"clear: both\" \/><dl class='gallery-item'>\n\t\t\t<dt class='gallery-icon landscape'>\n\t\t\t\t<a href='https:\/\/www.padreeustaquio.com.br\/es\/salud-y-paz-para-enfrentar-la-pandemia-del-nuevo-coronavirus\/3448a934-1c69-43a0-a34d-53ca95e0645b\/'><img loading=\"lazy\" decoding=\"async\" width=\"150\" height=\"150\" src=\"https:\/\/www.padreeustaquio.com.br\/wp-content\/uploads\/2020\/05\/3448a934-1c69-43a0-a34d-53ca95e0645b-150x150.jpg\" class=\"attachment-thumbnail size-thumbnail\" alt=\"\" srcset=\"https:\/\/www.padreeustaquio.com.br\/wp-content\/uploads\/2020\/05\/3448a934-1c69-43a0-a34d-53ca95e0645b-150x150.jpg 150w, https:\/\/www.padreeustaquio.com.br\/wp-content\/uploads\/2020\/05\/3448a934-1c69-43a0-a34d-53ca95e0645b-180x180.jpg 180w, https:\/\/www.padreeustaquio.com.br\/wp-content\/uploads\/2020\/05\/3448a934-1c69-43a0-a34d-53ca95e0645b-400x400.jpg 400w, https:\/\/www.padreeustaquio.com.br\/wp-content\/uploads\/2020\/05\/3448a934-1c69-43a0-a34d-53ca95e0645b-600x600.jpg 600w\" sizes=\"(max-width: 150px) 100vw, 150px\" \/><\/a>\n\t\t\t<\/dt><\/dl><dl class='gallery-item'>\n\t\t\t<dt class='gallery-icon landscape'>\n\t\t\t\t<a href='https:\/\/www.padreeustaquio.com.br\/es\/salud-y-paz-para-enfrentar-la-pandemia-del-nuevo-coronavirus\/b93393d4-628b-43f2-90f7-82049f84ca8c\/'><img loading=\"lazy\" decoding=\"async\" width=\"150\" height=\"150\" src=\"https:\/\/www.padreeustaquio.com.br\/wp-content\/uploads\/2020\/05\/b93393d4-628b-43f2-90f7-82049f84ca8c-150x150.jpg\" class=\"attachment-thumbnail size-thumbnail\" alt=\"\" srcset=\"https:\/\/www.padreeustaquio.com.br\/wp-content\/uploads\/2020\/05\/b93393d4-628b-43f2-90f7-82049f84ca8c-150x150.jpg 150w, https:\/\/www.padreeustaquio.com.br\/wp-content\/uploads\/2020\/05\/b93393d4-628b-43f2-90f7-82049f84ca8c-300x300.jpg 300w, https:\/\/www.padreeustaquio.com.br\/wp-content\/uploads\/2020\/05\/b93393d4-628b-43f2-90f7-82049f84ca8c-768x768.jpg 768w, https:\/\/www.padreeustaquio.com.br\/wp-content\/uploads\/2020\/05\/b93393d4-628b-43f2-90f7-82049f84ca8c-180x180.jpg 180w, https:\/\/www.padreeustaquio.com.br\/wp-content\/uploads\/2020\/05\/b93393d4-628b-43f2-90f7-82049f84ca8c-400x400.jpg 400w, https:\/\/www.padreeustaquio.com.br\/wp-content\/uploads\/2020\/05\/b93393d4-628b-43f2-90f7-82049f84ca8c-600x600.jpg 600w, https:\/\/www.padreeustaquio.com.br\/wp-content\/uploads\/2020\/05\/b93393d4-628b-43f2-90f7-82049f84ca8c.jpg 1024w\" sizes=\"(max-width: 150px) 100vw, 150px\" \/><\/a>\n\t\t\t<\/dt><\/dl><dl class='gallery-item'>\n\t\t\t<dt class='gallery-icon portrait'>\n\t\t\t\t<a href='https:\/\/www.padreeustaquio.com.br\/es\/salud-y-paz-para-enfrentar-la-pandemia-del-nuevo-coronavirus\/7c09ca30-7c40-4042-b97f-673c62c716c7\/'><img loading=\"lazy\" decoding=\"async\" width=\"150\" height=\"150\" src=\"https:\/\/www.padreeustaquio.com.br\/wp-content\/uploads\/2020\/05\/7c09ca30-7c40-4042-b97f-673c62c716c7-150x150.jpg\" class=\"attachment-thumbnail size-thumbnail\" alt=\"\" srcset=\"https:\/\/www.padreeustaquio.com.br\/wp-content\/uploads\/2020\/05\/7c09ca30-7c40-4042-b97f-673c62c716c7-150x150.jpg 150w, https:\/\/www.padreeustaquio.com.br\/wp-content\/uploads\/2020\/05\/7c09ca30-7c40-4042-b97f-673c62c716c7-180x180.jpg 180w, https:\/\/www.padreeustaquio.com.br\/wp-content\/uploads\/2020\/05\/7c09ca30-7c40-4042-b97f-673c62c716c7-400x400.jpg 400w, https:\/\/www.padreeustaquio.com.br\/wp-content\/uploads\/2020\/05\/7c09ca30-7c40-4042-b97f-673c62c716c7-600x600.jpg 600w\" sizes=\"(max-width: 150px) 100vw, 150px\" \/><\/a>\n\t\t\t<\/dt><\/dl><br style=\"clear: both\" \/><dl class='gallery-item'>\n\t\t\t<dt class='gallery-icon portrait'>\n\t\t\t\t<a href='https:\/\/www.padreeustaquio.com.br\/es\/salud-y-paz-para-enfrentar-la-pandemia-del-nuevo-coronavirus\/f6d66039-26b6-4b2e-a7a9-380d52cdd82d\/'><img loading=\"lazy\" decoding=\"async\" width=\"150\" height=\"150\" src=\"https:\/\/www.padreeustaquio.com.br\/wp-content\/uploads\/2020\/05\/f6d66039-26b6-4b2e-a7a9-380d52cdd82d-150x150.jpg\" class=\"attachment-thumbnail size-thumbnail\" alt=\"\" srcset=\"https:\/\/www.padreeustaquio.com.br\/wp-content\/uploads\/2020\/05\/f6d66039-26b6-4b2e-a7a9-380d52cdd82d-150x150.jpg 150w, https:\/\/www.padreeustaquio.com.br\/wp-content\/uploads\/2020\/05\/f6d66039-26b6-4b2e-a7a9-380d52cdd82d-180x180.jpg 180w, https:\/\/www.padreeustaquio.com.br\/wp-content\/uploads\/2020\/05\/f6d66039-26b6-4b2e-a7a9-380d52cdd82d-400x400.jpg 400w, https:\/\/www.padreeustaquio.com.br\/wp-content\/uploads\/2020\/05\/f6d66039-26b6-4b2e-a7a9-380d52cdd82d-600x600.jpg 600w\" sizes=\"(max-width: 150px) 100vw, 150px\" \/><\/a>\n\t\t\t<\/dt><\/dl><dl class='gallery-item'>\n\t\t\t<dt class='gallery-icon landscape'>\n\t\t\t\t<a href='https:\/\/www.padreeustaquio.com.br\/es\/salud-y-paz-para-enfrentar-la-pandemia-del-nuevo-coronavirus\/28dd9b5f-ef1d-43ac-a50a-6d8bdce39a91\/'><img loading=\"lazy\" decoding=\"async\" width=\"150\" height=\"150\" src=\"https:\/\/www.padreeustaquio.com.br\/wp-content\/uploads\/2020\/05\/28dd9b5f-ef1d-43ac-a50a-6d8bdce39a91-150x150.jpg\" class=\"attachment-thumbnail size-thumbnail\" alt=\"\" srcset=\"https:\/\/www.padreeustaquio.com.br\/wp-content\/uploads\/2020\/05\/28dd9b5f-ef1d-43ac-a50a-6d8bdce39a91-150x150.jpg 150w, https:\/\/www.padreeustaquio.com.br\/wp-content\/uploads\/2020\/05\/28dd9b5f-ef1d-43ac-a50a-6d8bdce39a91-180x180.jpg 180w, https:\/\/www.padreeustaquio.com.br\/wp-content\/uploads\/2020\/05\/28dd9b5f-ef1d-43ac-a50a-6d8bdce39a91-400x400.jpg 400w, https:\/\/www.padreeustaquio.com.br\/wp-content\/uploads\/2020\/05\/28dd9b5f-ef1d-43ac-a50a-6d8bdce39a91-600x600.jpg 600w\" sizes=\"(max-width: 150px) 100vw, 150px\" \/><\/a>\n\t\t\t<\/dt><\/dl><dl class='gallery-item'>\n\t\t\t<dt class='gallery-icon landscape'>\n\t\t\t\t<a href='https:\/\/www.padreeustaquio.com.br\/es\/salud-y-paz-para-enfrentar-la-pandemia-del-nuevo-coronavirus\/74db6c5f-0fbc-4659-9fc1-c6a942d82506\/'><img loading=\"lazy\" decoding=\"async\" width=\"150\" height=\"150\" src=\"https:\/\/www.padreeustaquio.com.br\/wp-content\/uploads\/2020\/05\/74db6c5f-0fbc-4659-9fc1-c6a942d82506-150x150.jpg\" class=\"attachment-thumbnail size-thumbnail\" alt=\"\" srcset=\"https:\/\/www.padreeustaquio.com.br\/wp-content\/uploads\/2020\/05\/74db6c5f-0fbc-4659-9fc1-c6a942d82506-150x150.jpg 150w, https:\/\/www.padreeustaquio.com.br\/wp-content\/uploads\/2020\/05\/74db6c5f-0fbc-4659-9fc1-c6a942d82506-180x180.jpg 180w, https:\/\/www.padreeustaquio.com.br\/wp-content\/uploads\/2020\/05\/74db6c5f-0fbc-4659-9fc1-c6a942d82506-400x400.jpg 400w, https:\/\/www.padreeustaquio.com.br\/wp-content\/uploads\/2020\/05\/74db6c5f-0fbc-4659-9fc1-c6a942d82506-600x600.jpg 600w\" sizes=\"(max-width: 150px) 100vw, 150px\" \/><\/a>\n\t\t\t<\/dt><\/dl><br style=\"clear: both\" \/><dl class='gallery-item'>\n\t\t\t<dt class='gallery-icon portrait'>\n\t\t\t\t<a href='https:\/\/www.padreeustaquio.com.br\/es\/salud-y-paz-para-enfrentar-la-pandemia-del-nuevo-coronavirus\/7cef3a40-1067-491b-93ba-517483688a3c\/'><img loading=\"lazy\" decoding=\"async\" width=\"150\" height=\"150\" src=\"https:\/\/www.padreeustaquio.com.br\/wp-content\/uploads\/2020\/05\/7cef3a40-1067-491b-93ba-517483688a3c-150x150.jpg\" class=\"attachment-thumbnail size-thumbnail\" alt=\"\" srcset=\"https:\/\/www.padreeustaquio.com.br\/wp-content\/uploads\/2020\/05\/7cef3a40-1067-491b-93ba-517483688a3c-150x150.jpg 150w, https:\/\/www.padreeustaquio.com.br\/wp-content\/uploads\/2020\/05\/7cef3a40-1067-491b-93ba-517483688a3c-180x180.jpg 180w, https:\/\/www.padreeustaquio.com.br\/wp-content\/uploads\/2020\/05\/7cef3a40-1067-491b-93ba-517483688a3c-400x400.jpg 400w, https:\/\/www.padreeustaquio.com.br\/wp-content\/uploads\/2020\/05\/7cef3a40-1067-491b-93ba-517483688a3c-600x600.jpg 600w\" sizes=\"(max-width: 150px) 100vw, 150px\" \/><\/a>\n\t\t\t<\/dt><\/dl>\n\t\t\t<br style='clear: both' \/>\n\t\t<\/div>","protected":false},"excerpt":{"rendered":"<p>Com o t\u00edtulo de &#8220;Santu\u00e1rio da Sa\u00fade e Paz&#8221;, recebido desde 2014, a Igreja Matriz da Par\u00f3quia dos Sagrados Cora\u00e7\u00f5es, em Belo Horizonte, tem sido uma refer\u00eancia em tempos de pandemia, pois &#8220;Sa\u00fade e Paz&#8221; foi, habitualmente, a forma de sauda\u00e7\u00e3o do seu primeiro p\u00e1roco, o Bem Aventurado Padre Eust\u00e1quio e este tem sido o clamor do mundo. A situa\u00e7\u00e3o da amea\u00e7a mundial do novo Coronav\u00edrus, desde o primeiro momento, instigou nossa comunidade a responder aos desafios mais pr\u00f3ximos. A exig\u00eancia de cuidado com os grupos de risco fez com que interromp\u00eassemos a &#8220;Semana da Fam\u00edlia&#8221; em torno ao dia [&hellip;]<\/p>\n","protected":false},"author":2,"featured_media":4168,"comment_status":"open","ping_status":"open","sticky":false,"template":"","format":"standard","meta":{"_acf_changed":false,"footnotes":""},"categories":[611],"tags":[],"class_list":["post-4167","post","type-post","status-publish","format-standard","has-post-thumbnail","hentry","category-noticias"],"acf":[],"yoast_head":"<!-- This site is optimized with the Yoast SEO plugin v27.2 - https:\/\/yoast.com\/product\/yoast-seo-wordpress\/ -->\n<title>Sa\u00fade e Paz para enfrentar a pandemia do novo Coronav\u00edrus - Padre Eust\u00e1quio<\/title>\n<meta name=\"robots\" content=\"index, follow, max-snippet:-1, max-image-preview:large, max-video-preview:-1\" \/>\n<link rel=\"canonical\" href=\"https:\/\/www.padreeustaquio.com.br\/es\/salud-y-paz-para-enfrentar-la-pandemia-del-nuevo-coronavirus\/\" \/>\n<meta property=\"og:locale\" content=\"es_ES\" \/>\n<meta property=\"og:type\" content=\"article\" \/>\n<meta property=\"og:title\" content=\"Sa\u00fade e Paz para enfrentar a pandemia do novo Coronav\u00edrus - Padre Eust\u00e1quio\" \/>\n<meta property=\"og:description\" content=\"Com o t\u00edtulo de &#8220;Santu\u00e1rio da Sa\u00fade e Paz&#8221;, recebido desde 2014, a Igreja Matriz da Par\u00f3quia dos Sagrados Cora\u00e7\u00f5es, em Belo Horizonte, tem sido uma refer\u00eancia em tempos de pandemia, pois &#8220;Sa\u00fade e Paz&#8221; foi, habitualmente, a forma de sauda\u00e7\u00e3o do seu primeiro p\u00e1roco, o Bem Aventurado Padre Eust\u00e1quio e este tem sido o clamor do mundo. A situa\u00e7\u00e3o da amea\u00e7a mundial do novo Coronav\u00edrus, desde o primeiro momento, instigou nossa comunidade a responder aos desafios mais pr\u00f3ximos. A exig\u00eancia de cuidado com os grupos de risco fez com que interromp\u00eassemos a &#8220;Semana da Fam\u00edlia&#8221; em torno ao dia [&hellip;]\" \/>\n<meta property=\"og:url\" content=\"https:\/\/www.padreeustaquio.com.br\/es\/salud-y-paz-para-enfrentar-la-pandemia-del-nuevo-coronavirus\/\" \/>\n<meta property=\"og:site_name\" content=\"Padre Eust\u00e1quio\" \/>\n<meta property=\"article:publisher\" content=\"https:\/\/www.facebook.com\/beatopadreeustaquio\/\" \/>\n<meta property=\"article:published_time\" content=\"2020-05-08T12:03:10+00:00\" \/>\n<meta property=\"article:modified_time\" content=\"2020-05-08T12:14:30+00:00\" \/>\n<meta property=\"og:image\" content=\"https:\/\/www.padreeustaquio.com.br\/wp-content\/uploads\/2020\/05\/VIGILIA-PASCAL-VIRTUAL.jpg\" \/>\n\t<meta property=\"og:image:width\" content=\"1280\" \/>\n\t<meta property=\"og:image:height\" content=\"960\" \/>\n\t<meta property=\"og:image:type\" content=\"image\/jpeg\" \/>\n<meta name=\"author\" content=\"@sscc\" \/>\n<meta name=\"twitter:card\" content=\"summary_large_image\" \/>\n<meta name=\"twitter:creator\" content=\"@beatopeustaquio\" \/>\n<meta name=\"twitter:site\" content=\"@beatopeustaquio\" \/>\n<meta name=\"twitter:label1\" content=\"Escrito por\" \/>\n\t<meta name=\"twitter:data1\" content=\"@sscc\" \/>\n\t<meta name=\"twitter:label2\" content=\"Tiempo de lectura\" \/>\n\t<meta name=\"twitter:data2\" content=\"2 minutos\" \/>\n<script type=\"application\/ld+json\" class=\"yoast-schema-graph\">{\"@context\":\"https:\/\/schema.org\",\"@graph\":[{\"@type\":\"Article\",\"@id\":\"https:\/\/www.padreeustaquio.com.br\/saude-e-paz-para-enfrentar-a-pandemia-do-novo-coronavirus\/#article\",\"isPartOf\":{\"@id\":\"https:\/\/www.padreeustaquio.com.br\/saude-e-paz-para-enfrentar-a-pandemia-do-novo-coronavirus\/\"},\"author\":{\"name\":\"@sscc\",\"@id\":\"https:\/\/www.padreeustaquio.com.br\/#\/schema\/person\/a2a51db1d00f1a7af0204a0f1ddb1566\"},\"headline\":\"Sa\u00fade e Paz para enfrentar a pandemia do novo Coronav\u00edrus\",\"datePublished\":\"2020-05-08T12:03:10+00:00\",\"dateModified\":\"2020-05-08T12:14:30+00:00\",\"mainEntityOfPage\":{\"@id\":\"https:\/\/www.padreeustaquio.com.br\/saude-e-paz-para-enfrentar-a-pandemia-do-novo-coronavirus\/\"},\"wordCount\":321,\"commentCount\":0,\"publisher\":{\"@id\":\"https:\/\/www.padreeustaquio.com.br\/#organization\"},\"image\":{\"@id\":\"https:\/\/www.padreeustaquio.com.br\/saude-e-paz-para-enfrentar-a-pandemia-do-novo-coronavirus\/#primaryimage\"},\"thumbnailUrl\":\"https:\/\/www.padreeustaquio.com.br\/wp-content\/uploads\/2020\/05\/VIGILIA-PASCAL-VIRTUAL.jpg\",\"articleSection\":[\"Not\u00edcias\"],\"inLanguage\":\"es\",\"potentialAction\":[{\"@type\":\"CommentAction\",\"name\":\"Comment\",\"target\":[\"https:\/\/www.padreeustaquio.com.br\/saude-e-paz-para-enfrentar-a-pandemia-do-novo-coronavirus\/#respond\"]}]},{\"@type\":\"WebPage\",\"@id\":\"https:\/\/www.padreeustaquio.com.br\/saude-e-paz-para-enfrentar-a-pandemia-do-novo-coronavirus\/\",\"url\":\"https:\/\/www.padreeustaquio.com.br\/saude-e-paz-para-enfrentar-a-pandemia-do-novo-coronavirus\/\",\"name\":\"Sa\u00fade e Paz para enfrentar a pandemia do novo Coronav\u00edrus - Padre Eust\u00e1quio\",\"isPartOf\":{\"@id\":\"https:\/\/www.padreeustaquio.com.br\/#website\"},\"primaryImageOfPage\":{\"@id\":\"https:\/\/www.padreeustaquio.com.br\/saude-e-paz-para-enfrentar-a-pandemia-do-novo-coronavirus\/#primaryimage\"},\"image\":{\"@id\":\"https:\/\/www.padreeustaquio.com.br\/saude-e-paz-para-enfrentar-a-pandemia-do-novo-coronavirus\/#primaryimage\"},\"thumbnailUrl\":\"https:\/\/www.padreeustaquio.com.br\/wp-content\/uploads\/2020\/05\/VIGILIA-PASCAL-VIRTUAL.jpg\",\"datePublished\":\"2020-05-08T12:03:10+00:00\",\"dateModified\":\"2020-05-08T12:14:30+00:00\",\"breadcrumb\":{\"@id\":\"https:\/\/www.padreeustaquio.com.br\/saude-e-paz-para-enfrentar-a-pandemia-do-novo-coronavirus\/#breadcrumb\"},\"inLanguage\":\"es\",\"potentialAction\":[{\"@type\":\"ReadAction\",\"target\":[\"https:\/\/www.padreeustaquio.com.br\/saude-e-paz-para-enfrentar-a-pandemia-do-novo-coronavirus\/\"]}]},{\"@type\":\"ImageObject\",\"inLanguage\":\"es\",\"@id\":\"https:\/\/www.padreeustaquio.com.br\/saude-e-paz-para-enfrentar-a-pandemia-do-novo-coronavirus\/#primaryimage\",\"url\":\"https:\/\/www.padreeustaquio.com.br\/wp-content\/uploads\/2020\/05\/VIGILIA-PASCAL-VIRTUAL.jpg\",\"contentUrl\":\"https:\/\/www.padreeustaquio.com.br\/wp-content\/uploads\/2020\/05\/VIGILIA-PASCAL-VIRTUAL.jpg\",\"width\":1280,\"height\":960},{\"@type\":\"BreadcrumbList\",\"@id\":\"https:\/\/www.padreeustaquio.com.br\/saude-e-paz-para-enfrentar-a-pandemia-do-novo-coronavirus\/#breadcrumb\",\"itemListElement\":[{\"@type\":\"ListItem\",\"position\":1,\"name\":\"In\u00edcio\",\"item\":\"https:\/\/www.padreeustaquio.com.br\/\"},{\"@type\":\"ListItem\",\"position\":2,\"name\":\"Sa\u00fade e Paz para enfrentar a pandemia do novo Coronav\u00edrus\"}]},{\"@type\":\"WebSite\",\"@id\":\"https:\/\/www.padreeustaquio.com.br\/#website\",\"url\":\"https:\/\/www.padreeustaquio.com.br\/\",\"name\":\"Padre Eust\u00e1quio\",\"description\":\"Sa\u00fade e Paz\",\"publisher\":{\"@id\":\"https:\/\/www.padreeustaquio.com.br\/#organization\"},\"potentialAction\":[{\"@type\":\"SearchAction\",\"target\":{\"@type\":\"EntryPoint\",\"urlTemplate\":\"https:\/\/www.padreeustaquio.com.br\/?s={search_term_string}\"},\"query-input\":{\"@type\":\"PropertyValueSpecification\",\"valueRequired\":true,\"valueName\":\"search_term_string\"}}],\"inLanguage\":\"es\"},{\"@type\":\"Organization\",\"@id\":\"https:\/\/www.padreeustaquio.com.br\/#organization\",\"name\":\"Padre Eust\u00e1quio\",\"url\":\"https:\/\/www.padreeustaquio.com.br\/\",\"logo\":{\"@type\":\"ImageObject\",\"inLanguage\":\"es\",\"@id\":\"https:\/\/www.padreeustaquio.com.br\/#\/schema\/logo\/image\/\",\"url\":\"https:\/\/www.padreeustaquio.com.br\/wp-content\/uploads\/2019\/08\/marca.png\",\"contentUrl\":\"https:\/\/www.padreeustaquio.com.br\/wp-content\/uploads\/2019\/08\/marca.png\",\"width\":350,\"height\":400,\"caption\":\"Padre Eust\u00e1quio\"},\"image\":{\"@id\":\"https:\/\/www.padreeustaquio.com.br\/#\/schema\/logo\/image\/\"},\"sameAs\":[\"https:\/\/www.facebook.com\/beatopadreeustaquio\/\",\"https:\/\/x.com\/beatopeustaquio\",\"https:\/\/www.instagram.com\/beatopadreeustaquio\/\",\"https:\/\/www.youtube.com\/channel\/UCRhw7vfabnajwLxb1ZXMeIw\"]},{\"@type\":\"Person\",\"@id\":\"https:\/\/www.padreeustaquio.com.br\/#\/schema\/person\/a2a51db1d00f1a7af0204a0f1ddb1566\",\"name\":\"@sscc\",\"image\":{\"@type\":\"ImageObject\",\"inLanguage\":\"es\",\"@id\":\"https:\/\/secure.gravatar.com\/avatar\/68cfafa5f44617fea54071e215026e0ff06be366c3d54a8425f04fdcb86f8c5f?s=96&d=mm&r=g\",\"url\":\"https:\/\/secure.gravatar.com\/avatar\/68cfafa5f44617fea54071e215026e0ff06be366c3d54a8425f04fdcb86f8c5f?s=96&d=mm&r=g\",\"contentUrl\":\"https:\/\/secure.gravatar.com\/avatar\/68cfafa5f44617fea54071e215026e0ff06be366c3d54a8425f04fdcb86f8c5f?s=96&d=mm&r=g\",\"caption\":\"@sscc\"},\"url\":\"https:\/\/www.padreeustaquio.com.br\/es\/author\/sscc\/\"}]}<\/script>\n<!-- \/ Yoast SEO plugin. -->","yoast_head_json":{"title":"Salud y Paz para enfrentar la pandemia del nuevo Coronavirus - Padre Eust\u00e1quio","robots":{"index":"index","follow":"follow","max-snippet":"max-snippet:-1","max-image-preview":"max-image-preview:large","max-video-preview":"max-video-preview:-1"},"canonical":"https:\/\/www.padreeustaquio.com.br\/es\/salud-y-paz-para-enfrentar-la-pandemia-del-nuevo-coronavirus\/","og_locale":"es_ES","og_type":"article","og_title":"Sa\u00fade e Paz para enfrentar a pandemia do novo Coronav\u00edrus - Padre Eust\u00e1quio","og_description":"Com o t\u00edtulo de &#8220;Santu\u00e1rio da Sa\u00fade e Paz&#8221;, recebido desde 2014, a Igreja Matriz da Par\u00f3quia dos Sagrados Cora\u00e7\u00f5es, em Belo Horizonte, tem sido uma refer\u00eancia em tempos de pandemia, pois &#8220;Sa\u00fade e Paz&#8221; foi, habitualmente, a forma de sauda\u00e7\u00e3o do seu primeiro p\u00e1roco, o Bem Aventurado Padre Eust\u00e1quio e este tem sido o clamor do mundo. A situa\u00e7\u00e3o da amea\u00e7a mundial do novo Coronav\u00edrus, desde o primeiro momento, instigou nossa comunidade a responder aos desafios mais pr\u00f3ximos. A exig\u00eancia de cuidado com os grupos de risco fez com que interromp\u00eassemos a &#8220;Semana da Fam\u00edlia&#8221; em torno ao dia [&hellip;]","og_url":"https:\/\/www.padreeustaquio.com.br\/es\/salud-y-paz-para-enfrentar-la-pandemia-del-nuevo-coronavirus\/","og_site_name":"Padre Eust\u00e1quio","article_publisher":"https:\/\/www.facebook.com\/beatopadreeustaquio\/","article_published_time":"2020-05-08T12:03:10+00:00","article_modified_time":"2020-05-08T12:14:30+00:00","og_image":[{"width":1280,"height":960,"url":"https:\/\/www.padreeustaquio.com.br\/wp-content\/uploads\/2020\/05\/VIGILIA-PASCAL-VIRTUAL.jpg","type":"image\/jpeg"}],"author":"@sscc","twitter_card":"summary_large_image","twitter_creator":"@beatopeustaquio","twitter_site":"@beatopeustaquio","twitter_misc":{"Escrito por":"@sscc","Tiempo de lectura":"2 minutos"},"schema":{"@context":"https:\/\/schema.org","@graph":[{"@type":"Article","@id":"https:\/\/www.padreeustaquio.com.br\/saude-e-paz-para-enfrentar-a-pandemia-do-novo-coronavirus\/#article","isPartOf":{"@id":"https:\/\/www.padreeustaquio.com.br\/saude-e-paz-para-enfrentar-a-pandemia-do-novo-coronavirus\/"},"author":{"name":"@sscc","@id":"https:\/\/www.padreeustaquio.com.br\/#\/schema\/person\/a2a51db1d00f1a7af0204a0f1ddb1566"},"headline":"Sa\u00fade e Paz para enfrentar a pandemia do novo Coronav\u00edrus","datePublished":"2020-05-08T12:03:10+00:00","dateModified":"2020-05-08T12:14:30+00:00","mainEntityOfPage":{"@id":"https:\/\/www.padreeustaquio.com.br\/saude-e-paz-para-enfrentar-a-pandemia-do-novo-coronavirus\/"},"wordCount":321,"commentCount":0,"publisher":{"@id":"https:\/\/www.padreeustaquio.com.br\/#organization"},"image":{"@id":"https:\/\/www.padreeustaquio.com.br\/saude-e-paz-para-enfrentar-a-pandemia-do-novo-coronavirus\/#primaryimage"},"thumbnailUrl":"https:\/\/www.padreeustaquio.com.br\/wp-content\/uploads\/2020\/05\/VIGILIA-PASCAL-VIRTUAL.jpg","articleSection":["Not\u00edcias"],"inLanguage":"es","potentialAction":[{"@type":"CommentAction","name":"Comment","target":["https:\/\/www.padreeustaquio.com.br\/saude-e-paz-para-enfrentar-a-pandemia-do-novo-coronavirus\/#respond"]}]},{"@type":"WebPage","@id":"https:\/\/www.padreeustaquio.com.br\/saude-e-paz-para-enfrentar-a-pandemia-do-novo-coronavirus\/","url":"https:\/\/www.padreeustaquio.com.br\/saude-e-paz-para-enfrentar-a-pandemia-do-novo-coronavirus\/","name":"Salud y Paz para enfrentar la pandemia del nuevo Coronavirus - Padre Eust\u00e1quio","isPartOf":{"@id":"https:\/\/www.padreeustaquio.com.br\/#website"},"primaryImageOfPage":{"@id":"https:\/\/www.padreeustaquio.com.br\/saude-e-paz-para-enfrentar-a-pandemia-do-novo-coronavirus\/#primaryimage"},"image":{"@id":"https:\/\/www.padreeustaquio.com.br\/saude-e-paz-para-enfrentar-a-pandemia-do-novo-coronavirus\/#primaryimage"},"thumbnailUrl":"https:\/\/www.padreeustaquio.com.br\/wp-content\/uploads\/2020\/05\/VIGILIA-PASCAL-VIRTUAL.jpg","datePublished":"2020-05-08T12:03:10+00:00","dateModified":"2020-05-08T12:14:30+00:00","breadcrumb":{"@id":"https:\/\/www.padreeustaquio.com.br\/saude-e-paz-para-enfrentar-a-pandemia-do-novo-coronavirus\/#breadcrumb"},"inLanguage":"es","potentialAction":[{"@type":"ReadAction","target":["https:\/\/www.padreeustaquio.com.br\/saude-e-paz-para-enfrentar-a-pandemia-do-novo-coronavirus\/"]}]},{"@type":"ImageObject","inLanguage":"es","@id":"https:\/\/www.padreeustaquio.com.br\/saude-e-paz-para-enfrentar-a-pandemia-do-novo-coronavirus\/#primaryimage","url":"https:\/\/www.padreeustaquio.com.br\/wp-content\/uploads\/2020\/05\/VIGILIA-PASCAL-VIRTUAL.jpg","contentUrl":"https:\/\/www.padreeustaquio.com.br\/wp-content\/uploads\/2020\/05\/VIGILIA-PASCAL-VIRTUAL.jpg","width":1280,"height":960},{"@type":"BreadcrumbList","@id":"https:\/\/www.padreeustaquio.com.br\/saude-e-paz-para-enfrentar-a-pandemia-do-novo-coronavirus\/#breadcrumb","itemListElement":[{"@type":"ListItem","position":1,"name":"In\u00edcio","item":"https:\/\/www.padreeustaquio.com.br\/"},{"@type":"ListItem","position":2,"name":"Sa\u00fade e Paz para enfrentar a pandemia do novo Coronav\u00edrus"}]},{"@type":"WebSite","@id":"https:\/\/www.padreeustaquio.com.br\/#website","url":"https:\/\/www.padreeustaquio.com.br\/","name":"Padre Eustace","description":"Salud y Paz","publisher":{"@id":"https:\/\/www.padreeustaquio.com.br\/#organization"},"potentialAction":[{"@type":"SearchAction","target":{"@type":"EntryPoint","urlTemplate":"https:\/\/www.padreeustaquio.com.br\/?s={search_term_string}"},"query-input":{"@type":"PropertyValueSpecification","valueRequired":true,"valueName":"search_term_string"}}],"inLanguage":"es"},{"@type":"Organization","@id":"https:\/\/www.padreeustaquio.com.br\/#organization","name":"Padre Eustace","url":"https:\/\/www.padreeustaquio.com.br\/","logo":{"@type":"ImageObject","inLanguage":"es","@id":"https:\/\/www.padreeustaquio.com.br\/#\/schema\/logo\/image\/","url":"https:\/\/www.padreeustaquio.com.br\/wp-content\/uploads\/2019\/08\/marca.png","contentUrl":"https:\/\/www.padreeustaquio.com.br\/wp-content\/uploads\/2019\/08\/marca.png","width":350,"height":400,"caption":"Padre Eust\u00e1quio"},"image":{"@id":"https:\/\/www.padreeustaquio.com.br\/#\/schema\/logo\/image\/"},"sameAs":["https:\/\/www.facebook.com\/beatopadreeustaquio\/","https:\/\/x.com\/beatopeustaquio","https:\/\/www.instagram.com\/beatopadreeustaquio\/","https:\/\/www.youtube.com\/channel\/UCRhw7vfabnajwLxb1ZXMeIw"]},{"@type":"Person","@id":"https:\/\/www.padreeustaquio.com.br\/#\/schema\/person\/a2a51db1d00f1a7af0204a0f1ddb1566","name":"@sscc","image":{"@type":"ImageObject","inLanguage":"es","@id":"https:\/\/secure.gravatar.com\/avatar\/68cfafa5f44617fea54071e215026e0ff06be366c3d54a8425f04fdcb86f8c5f?s=96&d=mm&r=g","url":"https:\/\/secure.gravatar.com\/avatar\/68cfafa5f44617fea54071e215026e0ff06be366c3d54a8425f04fdcb86f8c5f?s=96&d=mm&r=g","contentUrl":"https:\/\/secure.gravatar.com\/avatar\/68cfafa5f44617fea54071e215026e0ff06be366c3d54a8425f04fdcb86f8c5f?s=96&d=mm&r=g","caption":"@sscc"},"url":"https:\/\/www.padreeustaquio.com.br\/es\/author\/sscc\/"}]}},"_links":{"self":[{"href":"https:\/\/www.padreeustaquio.com.br\/es\/wp-json\/wp\/v2\/posts\/4167","targetHints":{"allow":["GET"]}}],"collection":[{"href":"https:\/\/www.padreeustaquio.com.br\/es\/wp-json\/wp\/v2\/posts"}],"about":[{"href":"https:\/\/www.padreeustaquio.com.br\/es\/wp-json\/wp\/v2\/types\/post"}],"author":[{"embeddable":true,"href":"https:\/\/www.padreeustaquio.com.br\/es\/wp-json\/wp\/v2\/users\/2"}],"replies":[{"embeddable":true,"href":"https:\/\/www.padreeustaquio.com.br\/es\/wp-json\/wp\/v2\/comments?post=4167"}],"version-history":[{"count":0,"href":"https:\/\/www.padreeustaquio.com.br\/es\/wp-json\/wp\/v2\/posts\/4167\/revisions"}],"wp:featuredmedia":[{"embeddable":true,"href":"https:\/\/www.padreeustaquio.com.br\/es\/wp-json\/wp\/v2\/media\/4168"}],"wp:attachment":[{"href":"https:\/\/www.padreeustaquio.com.br\/es\/wp-json\/wp\/v2\/media?parent=4167"}],"wp:term":[{"taxonomy":"category","embeddable":true,"href":"https:\/\/www.padreeustaquio.com.br\/es\/wp-json\/wp\/v2\/categories?post=4167"},{"taxonomy":"post_tag","embeddable":true,"href":"https:\/\/www.padreeustaquio.com.br\/es\/wp-json\/wp\/v2\/tags?post=4167"}],"curies":[{"name":"wp","href":"https:\/\/api.w.org\/{rel}","templated":true}]}}