{"id":4121,"date":"2020-04-11T16:54:37","date_gmt":"2020-04-11T19:54:37","guid":{"rendered":"https:\/\/www.padreeustaquio.com.br\/?p=4121"},"modified":"2020-04-11T17:03:53","modified_gmt":"2020-04-11T20:03:53","slug":"el-padre-francisco-voskuil-muere-a-los-92-anos-en-paises-bajos-a-causa-del-coronavirus","status":"publish","type":"post","link":"https:\/\/www.padreeustaquio.com.br\/es\/el-padre-francisco-voskuil-muere-a-los-92-anos-en-paises-bajos-a-causa-del-coronavirus\/","title":{"rendered":"Coronavirus: El padre Francisco Voskuil muere a los 92 a\u00f1os en Pa\u00edses Bajos"},"content":{"rendered":"<p>El fallecimiento del Padre Francisco Voskuil, sscc, fue anunciado la ma\u00f1ana del s\u00e1bado 11 de abril por los sacerdotes holandeses de la Congregaci\u00f3n de los Sagrados Corazones. El sacerdote se encontraba hospitalizado en el Hospital de Breda, Pa\u00edses Bajos, donde resid\u00eda con otros hermanos de la Congregaci\u00f3n.<\/p>\n<p>El Padre Francisco ten\u00eda 92 a\u00f1os y sirvi\u00f3 como misionero de los Sagrados Corazones en Brasil durante aproximadamente 60 a\u00f1os. Tambi\u00e9n conocido como Padre Vitorino, sirvi\u00f3 en las ciudades de Po\u00e1 y Pindamonhangaba, en el estado de S\u00e3o Paulo, y en los municipios de Belo Horizonte, Araguari, Patroc\u00ednio y Governador Valadares, en el estado de Minas Gerais, donde trabaj\u00f3 durante casi 30 a\u00f1os en la Catedral de San Antonio.<\/p>\n<p>El sacerdote, que habr\u00eda celebrado 70 a\u00f1os de servicio religioso en septiembre de este a\u00f1o, resid\u00eda en una comunidad de nueve sacerdotes mayores en una regi\u00f3n de los Pa\u00edses Bajos gravemente afectada por el coronavirus. Esta es la quinta muerte de sacerdotes en poco m\u00e1s de 30 d\u00edas.<\/p>","protected":false},"excerpt":{"rendered":"<p>A morte do padre Francisco Voskuil, sscc, foi comunicada na manh\u00e3 deste s\u00e1bado, 11 de abril, pelos padres holandeses da Congrega\u00e7\u00e3o dos Sagrados Cora\u00e7\u00f5es. O sacerdote estava internado no Hospital de Breda, na Holanda, onde morava com outros irm\u00e3os de Congrega\u00e7\u00e3o. Padre Francisco tinha 92 anos e chegou a exercer seu minist\u00e9rio sacerdotal como mission\u00e1rio dos Sagrados Cora\u00e7\u00f5es no Brasil por aproximadamente 60 anos. Conhecido tamb\u00e9m como Padre Vitorino, passou pelas cidades paulistas de Po\u00e1 e Pindamonhangaba e pelos munic\u00edpios mineiros de Belo Horizonte, Araguari, Patroc\u00ednio e Governador Valadares, cidade onde atuou por quase 30 anos na Catedral de Santo [&hellip;]<\/p>\n","protected":false},"author":2,"featured_media":4122,"comment_status":"open","ping_status":"open","sticky":false,"template":"","format":"standard","meta":{"_acf_changed":false,"footnotes":""},"categories":[611],"tags":[],"class_list":["post-4121","post","type-post","status-publish","format-standard","has-post-thumbnail","hentry","category-noticias"],"acf":[],"yoast_head":"<!-- This site is optimized with the Yoast SEO plugin v27.2 - https:\/\/yoast.com\/product\/yoast-seo-wordpress\/ -->\n<title>Coronav\u00edrus: Pe. Francisco Voskuil morre aos 92 anos, na Holanda - Padre Eust\u00e1quio<\/title>\n<meta name=\"robots\" content=\"index, follow, max-snippet:-1, max-image-preview:large, max-video-preview:-1\" \/>\n<link rel=\"canonical\" href=\"https:\/\/www.padreeustaquio.com.br\/es\/el-padre-francisco-voskuil-muere-a-los-92-anos-en-paises-bajos-a-causa-del-coronavirus\/\" \/>\n<meta property=\"og:locale\" content=\"es_ES\" \/>\n<meta property=\"og:type\" content=\"article\" \/>\n<meta property=\"og:title\" content=\"Coronav\u00edrus: Pe. Francisco Voskuil morre aos 92 anos, na Holanda - Padre Eust\u00e1quio\" \/>\n<meta property=\"og:description\" content=\"A morte do padre Francisco Voskuil, sscc, foi comunicada na manh\u00e3 deste s\u00e1bado, 11 de abril, pelos padres holandeses da Congrega\u00e7\u00e3o dos Sagrados Cora\u00e7\u00f5es. O sacerdote estava internado no Hospital de Breda, na Holanda, onde morava com outros irm\u00e3os de Congrega\u00e7\u00e3o. Padre Francisco tinha 92 anos e chegou a exercer seu minist\u00e9rio sacerdotal como mission\u00e1rio dos Sagrados Cora\u00e7\u00f5es no Brasil por aproximadamente 60 anos. Conhecido tamb\u00e9m como Padre Vitorino, passou pelas cidades paulistas de Po\u00e1 e Pindamonhangaba e pelos munic\u00edpios mineiros de Belo Horizonte, Araguari, Patroc\u00ednio e Governador Valadares, cidade onde atuou por quase 30 anos na Catedral de Santo [&hellip;]\" \/>\n<meta property=\"og:url\" content=\"https:\/\/www.padreeustaquio.com.br\/es\/el-padre-francisco-voskuil-muere-a-los-92-anos-en-paises-bajos-a-causa-del-coronavirus\/\" \/>\n<meta property=\"og:site_name\" content=\"Padre Eust\u00e1quio\" \/>\n<meta property=\"article:publisher\" content=\"https:\/\/www.facebook.com\/beatopadreeustaquio\/\" \/>\n<meta property=\"article:published_time\" content=\"2020-04-11T19:54:37+00:00\" \/>\n<meta property=\"article:modified_time\" content=\"2020-04-11T20:03:53+00:00\" \/>\n<meta property=\"og:image\" content=\"https:\/\/www.padreeustaquio.com.br\/wp-content\/uploads\/2020\/04\/PADRE-FRANCISCO.jpg\" \/>\n\t<meta property=\"og:image:width\" content=\"591\" \/>\n\t<meta property=\"og:image:height\" content=\"394\" \/>\n\t<meta property=\"og:image:type\" content=\"image\/jpeg\" \/>\n<meta name=\"author\" content=\"@sscc\" \/>\n<meta name=\"twitter:card\" content=\"summary_large_image\" \/>\n<meta name=\"twitter:creator\" content=\"@beatopeustaquio\" \/>\n<meta name=\"twitter:site\" content=\"@beatopeustaquio\" \/>\n<meta name=\"twitter:label1\" content=\"Escrito por\" \/>\n\t<meta name=\"twitter:data1\" content=\"@sscc\" \/>\n\t<meta name=\"twitter:label2\" content=\"Tiempo de lectura\" \/>\n\t<meta name=\"twitter:data2\" content=\"1 minuto\" \/>\n<script type=\"application\/ld+json\" class=\"yoast-schema-graph\">{\"@context\":\"https:\/\/schema.org\",\"@graph\":[{\"@type\":\"Article\",\"@id\":\"https:\/\/www.padreeustaquio.com.br\/coronavirus-pe-francisco-voskuil-morre-aos-92-anos-na-holanda\/#article\",\"isPartOf\":{\"@id\":\"https:\/\/www.padreeustaquio.com.br\/coronavirus-pe-francisco-voskuil-morre-aos-92-anos-na-holanda\/\"},\"author\":{\"name\":\"@sscc\",\"@id\":\"https:\/\/www.padreeustaquio.com.br\/#\/schema\/person\/a2a51db1d00f1a7af0204a0f1ddb1566\"},\"headline\":\"Coronav\u00edrus: Pe. Francisco Voskuil morre aos 92 anos, na Holanda\",\"datePublished\":\"2020-04-11T19:54:37+00:00\",\"dateModified\":\"2020-04-11T20:03:53+00:00\",\"mainEntityOfPage\":{\"@id\":\"https:\/\/www.padreeustaquio.com.br\/coronavirus-pe-francisco-voskuil-morre-aos-92-anos-na-holanda\/\"},\"wordCount\":167,\"commentCount\":0,\"publisher\":{\"@id\":\"https:\/\/www.padreeustaquio.com.br\/#organization\"},\"image\":{\"@id\":\"https:\/\/www.padreeustaquio.com.br\/coronavirus-pe-francisco-voskuil-morre-aos-92-anos-na-holanda\/#primaryimage\"},\"thumbnailUrl\":\"https:\/\/www.padreeustaquio.com.br\/wp-content\/uploads\/2020\/04\/PADRE-FRANCISCO.jpg\",\"articleSection\":[\"Not\u00edcias\"],\"inLanguage\":\"es\",\"potentialAction\":[{\"@type\":\"CommentAction\",\"name\":\"Comment\",\"target\":[\"https:\/\/www.padreeustaquio.com.br\/coronavirus-pe-francisco-voskuil-morre-aos-92-anos-na-holanda\/#respond\"]}]},{\"@type\":\"WebPage\",\"@id\":\"https:\/\/www.padreeustaquio.com.br\/coronavirus-pe-francisco-voskuil-morre-aos-92-anos-na-holanda\/\",\"url\":\"https:\/\/www.padreeustaquio.com.br\/coronavirus-pe-francisco-voskuil-morre-aos-92-anos-na-holanda\/\",\"name\":\"Coronav\u00edrus: Pe. Francisco Voskuil morre aos 92 anos, na Holanda - Padre Eust\u00e1quio\",\"isPartOf\":{\"@id\":\"https:\/\/www.padreeustaquio.com.br\/#website\"},\"primaryImageOfPage\":{\"@id\":\"https:\/\/www.padreeustaquio.com.br\/coronavirus-pe-francisco-voskuil-morre-aos-92-anos-na-holanda\/#primaryimage\"},\"image\":{\"@id\":\"https:\/\/www.padreeustaquio.com.br\/coronavirus-pe-francisco-voskuil-morre-aos-92-anos-na-holanda\/#primaryimage\"},\"thumbnailUrl\":\"https:\/\/www.padreeustaquio.com.br\/wp-content\/uploads\/2020\/04\/PADRE-FRANCISCO.jpg\",\"datePublished\":\"2020-04-11T19:54:37+00:00\",\"dateModified\":\"2020-04-11T20:03:53+00:00\",\"breadcrumb\":{\"@id\":\"https:\/\/www.padreeustaquio.com.br\/coronavirus-pe-francisco-voskuil-morre-aos-92-anos-na-holanda\/#breadcrumb\"},\"inLanguage\":\"es\",\"potentialAction\":[{\"@type\":\"ReadAction\",\"target\":[\"https:\/\/www.padreeustaquio.com.br\/coronavirus-pe-francisco-voskuil-morre-aos-92-anos-na-holanda\/\"]}]},{\"@type\":\"ImageObject\",\"inLanguage\":\"es\",\"@id\":\"https:\/\/www.padreeustaquio.com.br\/coronavirus-pe-francisco-voskuil-morre-aos-92-anos-na-holanda\/#primaryimage\",\"url\":\"https:\/\/www.padreeustaquio.com.br\/wp-content\/uploads\/2020\/04\/PADRE-FRANCISCO.jpg\",\"contentUrl\":\"https:\/\/www.padreeustaquio.com.br\/wp-content\/uploads\/2020\/04\/PADRE-FRANCISCO.jpg\",\"width\":591,\"height\":394},{\"@type\":\"BreadcrumbList\",\"@id\":\"https:\/\/www.padreeustaquio.com.br\/coronavirus-pe-francisco-voskuil-morre-aos-92-anos-na-holanda\/#breadcrumb\",\"itemListElement\":[{\"@type\":\"ListItem\",\"position\":1,\"name\":\"In\u00edcio\",\"item\":\"https:\/\/www.padreeustaquio.com.br\/\"},{\"@type\":\"ListItem\",\"position\":2,\"name\":\"Coronav\u00edrus: Pe. Francisco Voskuil morre aos 92 anos, na Holanda\"}]},{\"@type\":\"WebSite\",\"@id\":\"https:\/\/www.padreeustaquio.com.br\/#website\",\"url\":\"https:\/\/www.padreeustaquio.com.br\/\",\"name\":\"Padre Eust\u00e1quio\",\"description\":\"Sa\u00fade e Paz\",\"publisher\":{\"@id\":\"https:\/\/www.padreeustaquio.com.br\/#organization\"},\"potentialAction\":[{\"@type\":\"SearchAction\",\"target\":{\"@type\":\"EntryPoint\",\"urlTemplate\":\"https:\/\/www.padreeustaquio.com.br\/?s={search_term_string}\"},\"query-input\":{\"@type\":\"PropertyValueSpecification\",\"valueRequired\":true,\"valueName\":\"search_term_string\"}}],\"inLanguage\":\"es\"},{\"@type\":\"Organization\",\"@id\":\"https:\/\/www.padreeustaquio.com.br\/#organization\",\"name\":\"Padre Eust\u00e1quio\",\"url\":\"https:\/\/www.padreeustaquio.com.br\/\",\"logo\":{\"@type\":\"ImageObject\",\"inLanguage\":\"es\",\"@id\":\"https:\/\/www.padreeustaquio.com.br\/#\/schema\/logo\/image\/\",\"url\":\"https:\/\/www.padreeustaquio.com.br\/wp-content\/uploads\/2019\/08\/marca.png\",\"contentUrl\":\"https:\/\/www.padreeustaquio.com.br\/wp-content\/uploads\/2019\/08\/marca.png\",\"width\":350,\"height\":400,\"caption\":\"Padre Eust\u00e1quio\"},\"image\":{\"@id\":\"https:\/\/www.padreeustaquio.com.br\/#\/schema\/logo\/image\/\"},\"sameAs\":[\"https:\/\/www.facebook.com\/beatopadreeustaquio\/\",\"https:\/\/x.com\/beatopeustaquio\",\"https:\/\/www.instagram.com\/beatopadreeustaquio\/\",\"https:\/\/www.youtube.com\/channel\/UCRhw7vfabnajwLxb1ZXMeIw\"]},{\"@type\":\"Person\",\"@id\":\"https:\/\/www.padreeustaquio.com.br\/#\/schema\/person\/a2a51db1d00f1a7af0204a0f1ddb1566\",\"name\":\"@sscc\",\"image\":{\"@type\":\"ImageObject\",\"inLanguage\":\"es\",\"@id\":\"https:\/\/secure.gravatar.com\/avatar\/68cfafa5f44617fea54071e215026e0ff06be366c3d54a8425f04fdcb86f8c5f?s=96&d=mm&r=g\",\"url\":\"https:\/\/secure.gravatar.com\/avatar\/68cfafa5f44617fea54071e215026e0ff06be366c3d54a8425f04fdcb86f8c5f?s=96&d=mm&r=g\",\"contentUrl\":\"https:\/\/secure.gravatar.com\/avatar\/68cfafa5f44617fea54071e215026e0ff06be366c3d54a8425f04fdcb86f8c5f?s=96&d=mm&r=g\",\"caption\":\"@sscc\"},\"url\":\"https:\/\/www.padreeustaquio.com.br\/es\/author\/sscc\/\"}]}<\/script>\n<!-- \/ Yoast SEO plugin. -->","yoast_head_json":{"title":"Coronavirus: El padre Francisco Voskuil muere a los 92 a\u00f1os en Pa\u00edses Bajos - Padre Eust\u00e1quio","robots":{"index":"index","follow":"follow","max-snippet":"max-snippet:-1","max-image-preview":"max-image-preview:large","max-video-preview":"max-video-preview:-1"},"canonical":"https:\/\/www.padreeustaquio.com.br\/es\/el-padre-francisco-voskuil-muere-a-los-92-anos-en-paises-bajos-a-causa-del-coronavirus\/","og_locale":"es_ES","og_type":"article","og_title":"Coronav\u00edrus: Pe. Francisco Voskuil morre aos 92 anos, na Holanda - Padre Eust\u00e1quio","og_description":"A morte do padre Francisco Voskuil, sscc, foi comunicada na manh\u00e3 deste s\u00e1bado, 11 de abril, pelos padres holandeses da Congrega\u00e7\u00e3o dos Sagrados Cora\u00e7\u00f5es. O sacerdote estava internado no Hospital de Breda, na Holanda, onde morava com outros irm\u00e3os de Congrega\u00e7\u00e3o. Padre Francisco tinha 92 anos e chegou a exercer seu minist\u00e9rio sacerdotal como mission\u00e1rio dos Sagrados Cora\u00e7\u00f5es no Brasil por aproximadamente 60 anos. Conhecido tamb\u00e9m como Padre Vitorino, passou pelas cidades paulistas de Po\u00e1 e Pindamonhangaba e pelos munic\u00edpios mineiros de Belo Horizonte, Araguari, Patroc\u00ednio e Governador Valadares, cidade onde atuou por quase 30 anos na Catedral de Santo [&hellip;]","og_url":"https:\/\/www.padreeustaquio.com.br\/es\/el-padre-francisco-voskuil-muere-a-los-92-anos-en-paises-bajos-a-causa-del-coronavirus\/","og_site_name":"Padre Eust\u00e1quio","article_publisher":"https:\/\/www.facebook.com\/beatopadreeustaquio\/","article_published_time":"2020-04-11T19:54:37+00:00","article_modified_time":"2020-04-11T20:03:53+00:00","og_image":[{"width":591,"height":394,"url":"https:\/\/www.padreeustaquio.com.br\/wp-content\/uploads\/2020\/04\/PADRE-FRANCISCO.jpg","type":"image\/jpeg"}],"author":"@sscc","twitter_card":"summary_large_image","twitter_creator":"@beatopeustaquio","twitter_site":"@beatopeustaquio","twitter_misc":{"Escrito por":"@sscc","Tiempo de lectura":"1 minuto"},"schema":{"@context":"https:\/\/schema.org","@graph":[{"@type":"Article","@id":"https:\/\/www.padreeustaquio.com.br\/coronavirus-pe-francisco-voskuil-morre-aos-92-anos-na-holanda\/#article","isPartOf":{"@id":"https:\/\/www.padreeustaquio.com.br\/coronavirus-pe-francisco-voskuil-morre-aos-92-anos-na-holanda\/"},"author":{"name":"@sscc","@id":"https:\/\/www.padreeustaquio.com.br\/#\/schema\/person\/a2a51db1d00f1a7af0204a0f1ddb1566"},"headline":"Coronav\u00edrus: Pe. Francisco Voskuil morre aos 92 anos, na Holanda","datePublished":"2020-04-11T19:54:37+00:00","dateModified":"2020-04-11T20:03:53+00:00","mainEntityOfPage":{"@id":"https:\/\/www.padreeustaquio.com.br\/coronavirus-pe-francisco-voskuil-morre-aos-92-anos-na-holanda\/"},"wordCount":167,"commentCount":0,"publisher":{"@id":"https:\/\/www.padreeustaquio.com.br\/#organization"},"image":{"@id":"https:\/\/www.padreeustaquio.com.br\/coronavirus-pe-francisco-voskuil-morre-aos-92-anos-na-holanda\/#primaryimage"},"thumbnailUrl":"https:\/\/www.padreeustaquio.com.br\/wp-content\/uploads\/2020\/04\/PADRE-FRANCISCO.jpg","articleSection":["Not\u00edcias"],"inLanguage":"es","potentialAction":[{"@type":"CommentAction","name":"Comment","target":["https:\/\/www.padreeustaquio.com.br\/coronavirus-pe-francisco-voskuil-morre-aos-92-anos-na-holanda\/#respond"]}]},{"@type":"WebPage","@id":"https:\/\/www.padreeustaquio.com.br\/coronavirus-pe-francisco-voskuil-morre-aos-92-anos-na-holanda\/","url":"https:\/\/www.padreeustaquio.com.br\/coronavirus-pe-francisco-voskuil-morre-aos-92-anos-na-holanda\/","name":"Coronavirus: El padre Francisco Voskuil muere a los 92 a\u00f1os en Pa\u00edses Bajos - Padre Eust\u00e1quio","isPartOf":{"@id":"https:\/\/www.padreeustaquio.com.br\/#website"},"primaryImageOfPage":{"@id":"https:\/\/www.padreeustaquio.com.br\/coronavirus-pe-francisco-voskuil-morre-aos-92-anos-na-holanda\/#primaryimage"},"image":{"@id":"https:\/\/www.padreeustaquio.com.br\/coronavirus-pe-francisco-voskuil-morre-aos-92-anos-na-holanda\/#primaryimage"},"thumbnailUrl":"https:\/\/www.padreeustaquio.com.br\/wp-content\/uploads\/2020\/04\/PADRE-FRANCISCO.jpg","datePublished":"2020-04-11T19:54:37+00:00","dateModified":"2020-04-11T20:03:53+00:00","breadcrumb":{"@id":"https:\/\/www.padreeustaquio.com.br\/coronavirus-pe-francisco-voskuil-morre-aos-92-anos-na-holanda\/#breadcrumb"},"inLanguage":"es","potentialAction":[{"@type":"ReadAction","target":["https:\/\/www.padreeustaquio.com.br\/coronavirus-pe-francisco-voskuil-morre-aos-92-anos-na-holanda\/"]}]},{"@type":"ImageObject","inLanguage":"es","@id":"https:\/\/www.padreeustaquio.com.br\/coronavirus-pe-francisco-voskuil-morre-aos-92-anos-na-holanda\/#primaryimage","url":"https:\/\/www.padreeustaquio.com.br\/wp-content\/uploads\/2020\/04\/PADRE-FRANCISCO.jpg","contentUrl":"https:\/\/www.padreeustaquio.com.br\/wp-content\/uploads\/2020\/04\/PADRE-FRANCISCO.jpg","width":591,"height":394},{"@type":"BreadcrumbList","@id":"https:\/\/www.padreeustaquio.com.br\/coronavirus-pe-francisco-voskuil-morre-aos-92-anos-na-holanda\/#breadcrumb","itemListElement":[{"@type":"ListItem","position":1,"name":"In\u00edcio","item":"https:\/\/www.padreeustaquio.com.br\/"},{"@type":"ListItem","position":2,"name":"Coronav\u00edrus: Pe. Francisco Voskuil morre aos 92 anos, na Holanda"}]},{"@type":"WebSite","@id":"https:\/\/www.padreeustaquio.com.br\/#website","url":"https:\/\/www.padreeustaquio.com.br\/","name":"Padre Eustace","description":"Salud y Paz","publisher":{"@id":"https:\/\/www.padreeustaquio.com.br\/#organization"},"potentialAction":[{"@type":"SearchAction","target":{"@type":"EntryPoint","urlTemplate":"https:\/\/www.padreeustaquio.com.br\/?s={search_term_string}"},"query-input":{"@type":"PropertyValueSpecification","valueRequired":true,"valueName":"search_term_string"}}],"inLanguage":"es"},{"@type":"Organization","@id":"https:\/\/www.padreeustaquio.com.br\/#organization","name":"Padre Eustace","url":"https:\/\/www.padreeustaquio.com.br\/","logo":{"@type":"ImageObject","inLanguage":"es","@id":"https:\/\/www.padreeustaquio.com.br\/#\/schema\/logo\/image\/","url":"https:\/\/www.padreeustaquio.com.br\/wp-content\/uploads\/2019\/08\/marca.png","contentUrl":"https:\/\/www.padreeustaquio.com.br\/wp-content\/uploads\/2019\/08\/marca.png","width":350,"height":400,"caption":"Padre Eust\u00e1quio"},"image":{"@id":"https:\/\/www.padreeustaquio.com.br\/#\/schema\/logo\/image\/"},"sameAs":["https:\/\/www.facebook.com\/beatopadreeustaquio\/","https:\/\/x.com\/beatopeustaquio","https:\/\/www.instagram.com\/beatopadreeustaquio\/","https:\/\/www.youtube.com\/channel\/UCRhw7vfabnajwLxb1ZXMeIw"]},{"@type":"Person","@id":"https:\/\/www.padreeustaquio.com.br\/#\/schema\/person\/a2a51db1d00f1a7af0204a0f1ddb1566","name":"@sscc","image":{"@type":"ImageObject","inLanguage":"es","@id":"https:\/\/secure.gravatar.com\/avatar\/68cfafa5f44617fea54071e215026e0ff06be366c3d54a8425f04fdcb86f8c5f?s=96&d=mm&r=g","url":"https:\/\/secure.gravatar.com\/avatar\/68cfafa5f44617fea54071e215026e0ff06be366c3d54a8425f04fdcb86f8c5f?s=96&d=mm&r=g","contentUrl":"https:\/\/secure.gravatar.com\/avatar\/68cfafa5f44617fea54071e215026e0ff06be366c3d54a8425f04fdcb86f8c5f?s=96&d=mm&r=g","caption":"@sscc"},"url":"https:\/\/www.padreeustaquio.com.br\/es\/author\/sscc\/"}]}},"_links":{"self":[{"href":"https:\/\/www.padreeustaquio.com.br\/es\/wp-json\/wp\/v2\/posts\/4121","targetHints":{"allow":["GET"]}}],"collection":[{"href":"https:\/\/www.padreeustaquio.com.br\/es\/wp-json\/wp\/v2\/posts"}],"about":[{"href":"https:\/\/www.padreeustaquio.com.br\/es\/wp-json\/wp\/v2\/types\/post"}],"author":[{"embeddable":true,"href":"https:\/\/www.padreeustaquio.com.br\/es\/wp-json\/wp\/v2\/users\/2"}],"replies":[{"embeddable":true,"href":"https:\/\/www.padreeustaquio.com.br\/es\/wp-json\/wp\/v2\/comments?post=4121"}],"version-history":[{"count":0,"href":"https:\/\/www.padreeustaquio.com.br\/es\/wp-json\/wp\/v2\/posts\/4121\/revisions"}],"wp:featuredmedia":[{"embeddable":true,"href":"https:\/\/www.padreeustaquio.com.br\/es\/wp-json\/wp\/v2\/media\/4122"}],"wp:attachment":[{"href":"https:\/\/www.padreeustaquio.com.br\/es\/wp-json\/wp\/v2\/media?parent=4121"}],"wp:term":[{"taxonomy":"category","embeddable":true,"href":"https:\/\/www.padreeustaquio.com.br\/es\/wp-json\/wp\/v2\/categories?post=4121"},{"taxonomy":"post_tag","embeddable":true,"href":"https:\/\/www.padreeustaquio.com.br\/es\/wp-json\/wp\/v2\/tags?post=4121"}],"curies":[{"name":"wp","href":"https:\/\/api.w.org\/{rel}","templated":true}]}}