{"id":4081,"date":"2020-04-01T15:03:11","date_gmt":"2020-04-01T18:03:11","guid":{"rendered":"https:\/\/www.padreeustaquio.com.br\/?p=4081"},"modified":"2020-04-02T06:38:04","modified_gmt":"2020-04-02T09:38:04","slug":"la-iglesia-del-padre-eustaquio-comienza-a-transmitir-misas-online","status":"publish","type":"post","link":"https:\/\/www.padreeustaquio.com.br\/es\/la-iglesia-del-padre-eustaquio-comienza-a-transmitir-misas-online\/","title":{"rendered":"Iglesia del Padre Eustaquio comienza a transmitir misas y otros eventos online."},"content":{"rendered":"<p>Durante el per\u00edodo de cuarentena, mientras las celebraciones con presencia de la congregaci\u00f3n est\u00e1n suspendidas en nuestra arquidi\u00f3cesis debido a la pandemia del Coronavirus, el Santuario de Salud y Paz, conocido como iglesia Padre Eust\u00e1quio, est\u00e1 transmitiendo misas y otras actividades a trav\u00e9s de las redes sociales y, pr\u00f3ximamente, aqu\u00ed en el sitio web.<\/p>\n<p>Para seguir las celebraciones, simplemente visita nuestras p\u00e1ginas cuando se transmitan. Para verlas en Facebook, ve a [enlace a la p\u00e1gina de Facebook]. <a href=\"https:\/\/www.facebook.com\/beatopadreeustaquio\">@beatopadreeustaquio<\/a> Y dale me gusta a la p\u00e1gina, as\u00ed cada vez que comience una transmisi\u00f3n en vivo ser\u00e1s notificado.<\/p>\n<p>Los que tengan una cuenta de Instagram s\u00f3lo necesitan seguir el perfil. <a href=\"https:\/\/www.instagram.com\/beatopadreeustaquio\/\">@beatopadreeustaquio<\/a> y seguir las transmisiones a trav\u00e9s de las historias.<\/p>\n<p>Para el Domingo de Ramos, tambi\u00e9n estamos preparando transmisiones en YouTube. Accede al programa y busca... <a href=\"https:\/\/www.youtube.com\/channel\/UCRhw7vfabnajwLxb1ZXMeIw\">CANAL PADRE EUST\u00c1QUIO<\/a>. Haga clic en SUSCRIBIRSE y active las notificaciones si desea recibir una notificaci\u00f3n cuando comience una transmisi\u00f3n (o se realice una nueva publicaci\u00f3n).<\/p>\n<p>En cuanto alcancemos los 1000 suscriptores en YouTube, tambi\u00e9n podremos transmitir desde aqu\u00ed, en nuestro sitio web. Suscr\u00edbete y comparte para que podamos llegar a m\u00e1s personas. Adem\u00e1s, mantente al tanto de los horarios de misas y eventos en nuestras redes sociales:<\/p>\n<p><strong>Santa Misa<\/strong><br \/>\n\u2013 De lunes a s\u00e1bado, a las 18 horas<br \/>\n\u2013 Domingo, a las 10 am<\/p>\n<p><strong>Otras actividades en el Santuario<\/strong><br \/>\n\u2013 De lunes a viernes, a las 10 horas, siendo:<br \/>\nLunes: Tiempo de catequesis<br \/>\nMartes: Santo Rosario<br \/>\nMi\u00e9rcoles: V\u00eda Crucis<br \/>\nJueves: Charla con el Padre Vin\u00edcius y Adoraci\u00f3n (a las 17:30 horas)<br \/>\nViernes: Coronaci\u00f3n de Nuestra Se\u00f1ora de los Dolores<\/p>\n<p>\u2013 Primer viernes de mes, a las 21 horas, Adoraci\u00f3n al Sant\u00edsimo Sacramento a cargo de los J\u00f3venes SSCC.<\/p>","protected":false},"excerpt":{"rendered":"<p>Durante o tempo de quarentena, enquanto as celebra\u00e7\u00f5es com a presen\u00e7a da assembleia est\u00e3o suspensas em nossa arquidiocese, por conta da pandemia do Coronav\u00edrus, o Santu\u00e1rio Sa\u00fade e Paz, conhecido como igreja do Padre Eust\u00e1quio est\u00e1 transmitindo as missas e outras atividades pelas redes sociais e, em breve, aqui pelo site. Para acompanhar as celebra\u00e7\u00f5es, basta entrar nas nossas p\u00e1ginas no momento em que as transmiss\u00f5es estiverem acontecendo. Para assistir pelo Facebook, acesse @beatopadreeustaquio e curta a p\u00e1gina, assim todas as vezes que uma transmiss\u00e3o ao vivo come\u00e7ar, voc\u00ea ser\u00e1 avisado com uma notifica\u00e7\u00e3o. Aqueles que t\u00eam conta no Instagram [&hellip;]<\/p>\n","protected":false},"author":2,"featured_media":4082,"comment_status":"open","ping_status":"open","sticky":false,"template":"","format":"standard","meta":{"_acf_changed":false,"footnotes":""},"categories":[611],"tags":[],"class_list":["post-4081","post","type-post","status-publish","format-standard","has-post-thumbnail","hentry","category-noticias"],"acf":[],"yoast_head":"<!-- This site is optimized with the Yoast SEO plugin v27.2 - https:\/\/yoast.com\/product\/yoast-seo-wordpress\/ -->\n<title>Igreja do Padre Eust\u00e1quio passa a transmitir missas e outros eventos pela internet - Padre Eust\u00e1quio<\/title>\n<meta name=\"robots\" content=\"index, follow, max-snippet:-1, max-image-preview:large, max-video-preview:-1\" \/>\n<link rel=\"canonical\" href=\"https:\/\/www.padreeustaquio.com.br\/es\/la-iglesia-del-padre-eustaquio-comienza-a-transmitir-misas-online\/\" \/>\n<meta property=\"og:locale\" content=\"es_ES\" \/>\n<meta property=\"og:type\" content=\"article\" \/>\n<meta property=\"og:title\" content=\"Igreja do Padre Eust\u00e1quio passa a transmitir missas e outros eventos pela internet - Padre Eust\u00e1quio\" \/>\n<meta property=\"og:description\" content=\"Durante o tempo de quarentena, enquanto as celebra\u00e7\u00f5es com a presen\u00e7a da assembleia est\u00e3o suspensas em nossa arquidiocese, por conta da pandemia do Coronav\u00edrus, o Santu\u00e1rio Sa\u00fade e Paz, conhecido como igreja do Padre Eust\u00e1quio est\u00e1 transmitindo as missas e outras atividades pelas redes sociais e, em breve, aqui pelo site. Para acompanhar as celebra\u00e7\u00f5es, basta entrar nas nossas p\u00e1ginas no momento em que as transmiss\u00f5es estiverem acontecendo. Para assistir pelo Facebook, acesse @beatopadreeustaquio e curta a p\u00e1gina, assim todas as vezes que uma transmiss\u00e3o ao vivo come\u00e7ar, voc\u00ea ser\u00e1 avisado com uma notifica\u00e7\u00e3o. Aqueles que t\u00eam conta no Instagram [&hellip;]\" \/>\n<meta property=\"og:url\" content=\"https:\/\/www.padreeustaquio.com.br\/es\/la-iglesia-del-padre-eustaquio-comienza-a-transmitir-misas-online\/\" \/>\n<meta property=\"og:site_name\" content=\"Padre Eust\u00e1quio\" \/>\n<meta property=\"article:publisher\" content=\"https:\/\/www.facebook.com\/beatopadreeustaquio\/\" \/>\n<meta property=\"article:published_time\" content=\"2020-04-01T18:03:11+00:00\" \/>\n<meta property=\"article:modified_time\" content=\"2020-04-02T09:38:04+00:00\" \/>\n<meta property=\"og:image\" content=\"https:\/\/www.padreeustaquio.com.br\/wp-content\/uploads\/2020\/04\/MISSAS-NA-NET.jpg\" \/>\n\t<meta property=\"og:image:width\" content=\"591\" \/>\n\t<meta property=\"og:image:height\" content=\"394\" \/>\n\t<meta property=\"og:image:type\" content=\"image\/jpeg\" \/>\n<meta name=\"author\" content=\"@sscc\" \/>\n<meta name=\"twitter:card\" content=\"summary_large_image\" \/>\n<meta name=\"twitter:creator\" content=\"@beatopeustaquio\" \/>\n<meta name=\"twitter:site\" content=\"@beatopeustaquio\" \/>\n<meta name=\"twitter:label1\" content=\"Escrito por\" \/>\n\t<meta name=\"twitter:data1\" content=\"@sscc\" \/>\n\t<meta name=\"twitter:label2\" content=\"Tiempo de lectura\" \/>\n\t<meta name=\"twitter:data2\" content=\"1 minuto\" \/>\n<script type=\"application\/ld+json\" class=\"yoast-schema-graph\">{\"@context\":\"https:\/\/schema.org\",\"@graph\":[{\"@type\":\"Article\",\"@id\":\"https:\/\/www.padreeustaquio.com.br\/igreja-do-padre-eustaquio-passa-a-transmitir-missas-pela-internet\/#article\",\"isPartOf\":{\"@id\":\"https:\/\/www.padreeustaquio.com.br\/igreja-do-padre-eustaquio-passa-a-transmitir-missas-pela-internet\/\"},\"author\":{\"name\":\"@sscc\",\"@id\":\"https:\/\/www.padreeustaquio.com.br\/#\/schema\/person\/a2a51db1d00f1a7af0204a0f1ddb1566\"},\"headline\":\"Igreja do Padre Eust\u00e1quio passa a transmitir missas e outros eventos pela internet\",\"datePublished\":\"2020-04-01T18:03:11+00:00\",\"dateModified\":\"2020-04-02T09:38:04+00:00\",\"mainEntityOfPage\":{\"@id\":\"https:\/\/www.padreeustaquio.com.br\/igreja-do-padre-eustaquio-passa-a-transmitir-missas-pela-internet\/\"},\"wordCount\":304,\"commentCount\":0,\"publisher\":{\"@id\":\"https:\/\/www.padreeustaquio.com.br\/#organization\"},\"image\":{\"@id\":\"https:\/\/www.padreeustaquio.com.br\/igreja-do-padre-eustaquio-passa-a-transmitir-missas-pela-internet\/#primaryimage\"},\"thumbnailUrl\":\"https:\/\/www.padreeustaquio.com.br\/wp-content\/uploads\/2020\/04\/MISSAS-NA-NET.jpg\",\"articleSection\":[\"Not\u00edcias\"],\"inLanguage\":\"es\",\"potentialAction\":[{\"@type\":\"CommentAction\",\"name\":\"Comment\",\"target\":[\"https:\/\/www.padreeustaquio.com.br\/igreja-do-padre-eustaquio-passa-a-transmitir-missas-pela-internet\/#respond\"]}]},{\"@type\":\"WebPage\",\"@id\":\"https:\/\/www.padreeustaquio.com.br\/igreja-do-padre-eustaquio-passa-a-transmitir-missas-pela-internet\/\",\"url\":\"https:\/\/www.padreeustaquio.com.br\/igreja-do-padre-eustaquio-passa-a-transmitir-missas-pela-internet\/\",\"name\":\"Igreja do Padre Eust\u00e1quio passa a transmitir missas e outros eventos pela internet - Padre Eust\u00e1quio\",\"isPartOf\":{\"@id\":\"https:\/\/www.padreeustaquio.com.br\/#website\"},\"primaryImageOfPage\":{\"@id\":\"https:\/\/www.padreeustaquio.com.br\/igreja-do-padre-eustaquio-passa-a-transmitir-missas-pela-internet\/#primaryimage\"},\"image\":{\"@id\":\"https:\/\/www.padreeustaquio.com.br\/igreja-do-padre-eustaquio-passa-a-transmitir-missas-pela-internet\/#primaryimage\"},\"thumbnailUrl\":\"https:\/\/www.padreeustaquio.com.br\/wp-content\/uploads\/2020\/04\/MISSAS-NA-NET.jpg\",\"datePublished\":\"2020-04-01T18:03:11+00:00\",\"dateModified\":\"2020-04-02T09:38:04+00:00\",\"breadcrumb\":{\"@id\":\"https:\/\/www.padreeustaquio.com.br\/igreja-do-padre-eustaquio-passa-a-transmitir-missas-pela-internet\/#breadcrumb\"},\"inLanguage\":\"es\",\"potentialAction\":[{\"@type\":\"ReadAction\",\"target\":[\"https:\/\/www.padreeustaquio.com.br\/igreja-do-padre-eustaquio-passa-a-transmitir-missas-pela-internet\/\"]}]},{\"@type\":\"ImageObject\",\"inLanguage\":\"es\",\"@id\":\"https:\/\/www.padreeustaquio.com.br\/igreja-do-padre-eustaquio-passa-a-transmitir-missas-pela-internet\/#primaryimage\",\"url\":\"https:\/\/www.padreeustaquio.com.br\/wp-content\/uploads\/2020\/04\/MISSAS-NA-NET.jpg\",\"contentUrl\":\"https:\/\/www.padreeustaquio.com.br\/wp-content\/uploads\/2020\/04\/MISSAS-NA-NET.jpg\",\"width\":591,\"height\":394},{\"@type\":\"BreadcrumbList\",\"@id\":\"https:\/\/www.padreeustaquio.com.br\/igreja-do-padre-eustaquio-passa-a-transmitir-missas-pela-internet\/#breadcrumb\",\"itemListElement\":[{\"@type\":\"ListItem\",\"position\":1,\"name\":\"In\u00edcio\",\"item\":\"https:\/\/www.padreeustaquio.com.br\/\"},{\"@type\":\"ListItem\",\"position\":2,\"name\":\"Igreja do Padre Eust\u00e1quio passa a transmitir missas e outros eventos pela internet\"}]},{\"@type\":\"WebSite\",\"@id\":\"https:\/\/www.padreeustaquio.com.br\/#website\",\"url\":\"https:\/\/www.padreeustaquio.com.br\/\",\"name\":\"Padre Eust\u00e1quio\",\"description\":\"Sa\u00fade e Paz\",\"publisher\":{\"@id\":\"https:\/\/www.padreeustaquio.com.br\/#organization\"},\"potentialAction\":[{\"@type\":\"SearchAction\",\"target\":{\"@type\":\"EntryPoint\",\"urlTemplate\":\"https:\/\/www.padreeustaquio.com.br\/?s={search_term_string}\"},\"query-input\":{\"@type\":\"PropertyValueSpecification\",\"valueRequired\":true,\"valueName\":\"search_term_string\"}}],\"inLanguage\":\"es\"},{\"@type\":\"Organization\",\"@id\":\"https:\/\/www.padreeustaquio.com.br\/#organization\",\"name\":\"Padre Eust\u00e1quio\",\"url\":\"https:\/\/www.padreeustaquio.com.br\/\",\"logo\":{\"@type\":\"ImageObject\",\"inLanguage\":\"es\",\"@id\":\"https:\/\/www.padreeustaquio.com.br\/#\/schema\/logo\/image\/\",\"url\":\"https:\/\/www.padreeustaquio.com.br\/wp-content\/uploads\/2019\/08\/marca.png\",\"contentUrl\":\"https:\/\/www.padreeustaquio.com.br\/wp-content\/uploads\/2019\/08\/marca.png\",\"width\":350,\"height\":400,\"caption\":\"Padre Eust\u00e1quio\"},\"image\":{\"@id\":\"https:\/\/www.padreeustaquio.com.br\/#\/schema\/logo\/image\/\"},\"sameAs\":[\"https:\/\/www.facebook.com\/beatopadreeustaquio\/\",\"https:\/\/x.com\/beatopeustaquio\",\"https:\/\/www.instagram.com\/beatopadreeustaquio\/\",\"https:\/\/www.youtube.com\/channel\/UCRhw7vfabnajwLxb1ZXMeIw\"]},{\"@type\":\"Person\",\"@id\":\"https:\/\/www.padreeustaquio.com.br\/#\/schema\/person\/a2a51db1d00f1a7af0204a0f1ddb1566\",\"name\":\"@sscc\",\"image\":{\"@type\":\"ImageObject\",\"inLanguage\":\"es\",\"@id\":\"https:\/\/secure.gravatar.com\/avatar\/68cfafa5f44617fea54071e215026e0ff06be366c3d54a8425f04fdcb86f8c5f?s=96&d=mm&r=g\",\"url\":\"https:\/\/secure.gravatar.com\/avatar\/68cfafa5f44617fea54071e215026e0ff06be366c3d54a8425f04fdcb86f8c5f?s=96&d=mm&r=g\",\"contentUrl\":\"https:\/\/secure.gravatar.com\/avatar\/68cfafa5f44617fea54071e215026e0ff06be366c3d54a8425f04fdcb86f8c5f?s=96&d=mm&r=g\",\"caption\":\"@sscc\"},\"url\":\"https:\/\/www.padreeustaquio.com.br\/es\/author\/sscc\/\"}]}<\/script>\n<!-- \/ Yoast SEO plugin. -->","yoast_head_json":{"title":"La Iglesia del Padre Eust\u00e1quio inicia la transmisi\u00f3n de misas y otros eventos en l\u00ednea - Padre Eust\u00e1quio","robots":{"index":"index","follow":"follow","max-snippet":"max-snippet:-1","max-image-preview":"max-image-preview:large","max-video-preview":"max-video-preview:-1"},"canonical":"https:\/\/www.padreeustaquio.com.br\/es\/la-iglesia-del-padre-eustaquio-comienza-a-transmitir-misas-online\/","og_locale":"es_ES","og_type":"article","og_title":"Igreja do Padre Eust\u00e1quio passa a transmitir missas e outros eventos pela internet - Padre Eust\u00e1quio","og_description":"Durante o tempo de quarentena, enquanto as celebra\u00e7\u00f5es com a presen\u00e7a da assembleia est\u00e3o suspensas em nossa arquidiocese, por conta da pandemia do Coronav\u00edrus, o Santu\u00e1rio Sa\u00fade e Paz, conhecido como igreja do Padre Eust\u00e1quio est\u00e1 transmitindo as missas e outras atividades pelas redes sociais e, em breve, aqui pelo site. Para acompanhar as celebra\u00e7\u00f5es, basta entrar nas nossas p\u00e1ginas no momento em que as transmiss\u00f5es estiverem acontecendo. Para assistir pelo Facebook, acesse @beatopadreeustaquio e curta a p\u00e1gina, assim todas as vezes que uma transmiss\u00e3o ao vivo come\u00e7ar, voc\u00ea ser\u00e1 avisado com uma notifica\u00e7\u00e3o. Aqueles que t\u00eam conta no Instagram [&hellip;]","og_url":"https:\/\/www.padreeustaquio.com.br\/es\/la-iglesia-del-padre-eustaquio-comienza-a-transmitir-misas-online\/","og_site_name":"Padre Eust\u00e1quio","article_publisher":"https:\/\/www.facebook.com\/beatopadreeustaquio\/","article_published_time":"2020-04-01T18:03:11+00:00","article_modified_time":"2020-04-02T09:38:04+00:00","og_image":[{"width":591,"height":394,"url":"https:\/\/www.padreeustaquio.com.br\/wp-content\/uploads\/2020\/04\/MISSAS-NA-NET.jpg","type":"image\/jpeg"}],"author":"@sscc","twitter_card":"summary_large_image","twitter_creator":"@beatopeustaquio","twitter_site":"@beatopeustaquio","twitter_misc":{"Escrito por":"@sscc","Tiempo de lectura":"1 minuto"},"schema":{"@context":"https:\/\/schema.org","@graph":[{"@type":"Article","@id":"https:\/\/www.padreeustaquio.com.br\/igreja-do-padre-eustaquio-passa-a-transmitir-missas-pela-internet\/#article","isPartOf":{"@id":"https:\/\/www.padreeustaquio.com.br\/igreja-do-padre-eustaquio-passa-a-transmitir-missas-pela-internet\/"},"author":{"name":"@sscc","@id":"https:\/\/www.padreeustaquio.com.br\/#\/schema\/person\/a2a51db1d00f1a7af0204a0f1ddb1566"},"headline":"Igreja do Padre Eust\u00e1quio passa a transmitir missas e outros eventos pela internet","datePublished":"2020-04-01T18:03:11+00:00","dateModified":"2020-04-02T09:38:04+00:00","mainEntityOfPage":{"@id":"https:\/\/www.padreeustaquio.com.br\/igreja-do-padre-eustaquio-passa-a-transmitir-missas-pela-internet\/"},"wordCount":304,"commentCount":0,"publisher":{"@id":"https:\/\/www.padreeustaquio.com.br\/#organization"},"image":{"@id":"https:\/\/www.padreeustaquio.com.br\/igreja-do-padre-eustaquio-passa-a-transmitir-missas-pela-internet\/#primaryimage"},"thumbnailUrl":"https:\/\/www.padreeustaquio.com.br\/wp-content\/uploads\/2020\/04\/MISSAS-NA-NET.jpg","articleSection":["Not\u00edcias"],"inLanguage":"es","potentialAction":[{"@type":"CommentAction","name":"Comment","target":["https:\/\/www.padreeustaquio.com.br\/igreja-do-padre-eustaquio-passa-a-transmitir-missas-pela-internet\/#respond"]}]},{"@type":"WebPage","@id":"https:\/\/www.padreeustaquio.com.br\/igreja-do-padre-eustaquio-passa-a-transmitir-missas-pela-internet\/","url":"https:\/\/www.padreeustaquio.com.br\/igreja-do-padre-eustaquio-passa-a-transmitir-missas-pela-internet\/","name":"La Iglesia del Padre Eust\u00e1quio inicia la transmisi\u00f3n de misas y otros eventos en l\u00ednea - Padre Eust\u00e1quio","isPartOf":{"@id":"https:\/\/www.padreeustaquio.com.br\/#website"},"primaryImageOfPage":{"@id":"https:\/\/www.padreeustaquio.com.br\/igreja-do-padre-eustaquio-passa-a-transmitir-missas-pela-internet\/#primaryimage"},"image":{"@id":"https:\/\/www.padreeustaquio.com.br\/igreja-do-padre-eustaquio-passa-a-transmitir-missas-pela-internet\/#primaryimage"},"thumbnailUrl":"https:\/\/www.padreeustaquio.com.br\/wp-content\/uploads\/2020\/04\/MISSAS-NA-NET.jpg","datePublished":"2020-04-01T18:03:11+00:00","dateModified":"2020-04-02T09:38:04+00:00","breadcrumb":{"@id":"https:\/\/www.padreeustaquio.com.br\/igreja-do-padre-eustaquio-passa-a-transmitir-missas-pela-internet\/#breadcrumb"},"inLanguage":"es","potentialAction":[{"@type":"ReadAction","target":["https:\/\/www.padreeustaquio.com.br\/igreja-do-padre-eustaquio-passa-a-transmitir-missas-pela-internet\/"]}]},{"@type":"ImageObject","inLanguage":"es","@id":"https:\/\/www.padreeustaquio.com.br\/igreja-do-padre-eustaquio-passa-a-transmitir-missas-pela-internet\/#primaryimage","url":"https:\/\/www.padreeustaquio.com.br\/wp-content\/uploads\/2020\/04\/MISSAS-NA-NET.jpg","contentUrl":"https:\/\/www.padreeustaquio.com.br\/wp-content\/uploads\/2020\/04\/MISSAS-NA-NET.jpg","width":591,"height":394},{"@type":"BreadcrumbList","@id":"https:\/\/www.padreeustaquio.com.br\/igreja-do-padre-eustaquio-passa-a-transmitir-missas-pela-internet\/#breadcrumb","itemListElement":[{"@type":"ListItem","position":1,"name":"In\u00edcio","item":"https:\/\/www.padreeustaquio.com.br\/"},{"@type":"ListItem","position":2,"name":"Igreja do Padre Eust\u00e1quio passa a transmitir missas e outros eventos pela internet"}]},{"@type":"WebSite","@id":"https:\/\/www.padreeustaquio.com.br\/#website","url":"https:\/\/www.padreeustaquio.com.br\/","name":"Padre Eustace","description":"Salud y Paz","publisher":{"@id":"https:\/\/www.padreeustaquio.com.br\/#organization"},"potentialAction":[{"@type":"SearchAction","target":{"@type":"EntryPoint","urlTemplate":"https:\/\/www.padreeustaquio.com.br\/?s={search_term_string}"},"query-input":{"@type":"PropertyValueSpecification","valueRequired":true,"valueName":"search_term_string"}}],"inLanguage":"es"},{"@type":"Organization","@id":"https:\/\/www.padreeustaquio.com.br\/#organization","name":"Padre Eustace","url":"https:\/\/www.padreeustaquio.com.br\/","logo":{"@type":"ImageObject","inLanguage":"es","@id":"https:\/\/www.padreeustaquio.com.br\/#\/schema\/logo\/image\/","url":"https:\/\/www.padreeustaquio.com.br\/wp-content\/uploads\/2019\/08\/marca.png","contentUrl":"https:\/\/www.padreeustaquio.com.br\/wp-content\/uploads\/2019\/08\/marca.png","width":350,"height":400,"caption":"Padre Eust\u00e1quio"},"image":{"@id":"https:\/\/www.padreeustaquio.com.br\/#\/schema\/logo\/image\/"},"sameAs":["https:\/\/www.facebook.com\/beatopadreeustaquio\/","https:\/\/x.com\/beatopeustaquio","https:\/\/www.instagram.com\/beatopadreeustaquio\/","https:\/\/www.youtube.com\/channel\/UCRhw7vfabnajwLxb1ZXMeIw"]},{"@type":"Person","@id":"https:\/\/www.padreeustaquio.com.br\/#\/schema\/person\/a2a51db1d00f1a7af0204a0f1ddb1566","name":"@sscc","image":{"@type":"ImageObject","inLanguage":"es","@id":"https:\/\/secure.gravatar.com\/avatar\/68cfafa5f44617fea54071e215026e0ff06be366c3d54a8425f04fdcb86f8c5f?s=96&d=mm&r=g","url":"https:\/\/secure.gravatar.com\/avatar\/68cfafa5f44617fea54071e215026e0ff06be366c3d54a8425f04fdcb86f8c5f?s=96&d=mm&r=g","contentUrl":"https:\/\/secure.gravatar.com\/avatar\/68cfafa5f44617fea54071e215026e0ff06be366c3d54a8425f04fdcb86f8c5f?s=96&d=mm&r=g","caption":"@sscc"},"url":"https:\/\/www.padreeustaquio.com.br\/es\/author\/sscc\/"}]}},"_links":{"self":[{"href":"https:\/\/www.padreeustaquio.com.br\/es\/wp-json\/wp\/v2\/posts\/4081","targetHints":{"allow":["GET"]}}],"collection":[{"href":"https:\/\/www.padreeustaquio.com.br\/es\/wp-json\/wp\/v2\/posts"}],"about":[{"href":"https:\/\/www.padreeustaquio.com.br\/es\/wp-json\/wp\/v2\/types\/post"}],"author":[{"embeddable":true,"href":"https:\/\/www.padreeustaquio.com.br\/es\/wp-json\/wp\/v2\/users\/2"}],"replies":[{"embeddable":true,"href":"https:\/\/www.padreeustaquio.com.br\/es\/wp-json\/wp\/v2\/comments?post=4081"}],"version-history":[{"count":0,"href":"https:\/\/www.padreeustaquio.com.br\/es\/wp-json\/wp\/v2\/posts\/4081\/revisions"}],"wp:featuredmedia":[{"embeddable":true,"href":"https:\/\/www.padreeustaquio.com.br\/es\/wp-json\/wp\/v2\/media\/4082"}],"wp:attachment":[{"href":"https:\/\/www.padreeustaquio.com.br\/es\/wp-json\/wp\/v2\/media?parent=4081"}],"wp:term":[{"taxonomy":"category","embeddable":true,"href":"https:\/\/www.padreeustaquio.com.br\/es\/wp-json\/wp\/v2\/categories?post=4081"},{"taxonomy":"post_tag","embeddable":true,"href":"https:\/\/www.padreeustaquio.com.br\/es\/wp-json\/wp\/v2\/tags?post=4081"}],"curies":[{"name":"wp","href":"https:\/\/api.w.org\/{rel}","templated":true}]}}