{"id":4074,"date":"2020-03-29T21:06:00","date_gmt":"2020-03-30T00:06:00","guid":{"rendered":"https:\/\/www.padreeustaquio.com.br\/?p=4074"},"modified":"2020-03-29T21:15:47","modified_gmt":"2020-03-30T00:15:47","slug":"la-congregacion-de-los-sagrados-corazones-celebra-a-su-sacerdote-fundador","status":"publish","type":"post","link":"https:\/\/www.padreeustaquio.com.br\/es\/la-congregacion-de-los-sagrados-corazones-celebra-a-su-sacerdote-fundador\/","title":{"rendered":"La Congregaci\u00f3n de los Sagrados Corazones celebra a su sacerdote fundador"},"content":{"rendered":"<p>El 27 de marzo, los religiosos de la Congregaci\u00f3n de los Sagrados Corazones celebran el d\u00eda de su Fundador, el Padre Jos\u00e9 Maria Pierre Coudrin, conocido cari\u00f1osamente como el &quot;Buen Padre&quot;. Es un momento para recordar su capacidad para afrontar las &quot;cuarentenas&quot; que enfrent\u00f3 a lo largo de su vida.<\/p>\n<p>Primero, poco despu\u00e9s de su ordenaci\u00f3n, tuvo que permanecer escondido en un desv\u00e1n de \u201cLa Motte d&#039;Usseau\u201d a causa de la persecuci\u00f3n durante la Revoluci\u00f3n Francesa, un confinamiento prolongado que le permiti\u00f3 so\u00f1ar con una Congregaci\u00f3n que llevara el Evangelio a todo el mundo.<\/p>\n<p>Del mismo modo, la Fundadora, Madre Henrietta Aymer de la Chevalerie, la \u201cBuena Madre\u201d, vivi\u00f3 su propia cuarentena junto a su madre, encarcelada y perseguida por la Revoluci\u00f3n por su fidelidad a la Iglesia, donde experiment\u00f3 la pobreza y c\u00f3mo Dios habla a quienes se hacen pobres.<\/p>\n<p>Esperamos que este tiempo de aislamiento, combinado con la Cuaresma, nos lleve a ser verdaderamente solidarios con quienes viven sumidos en la soledad, la incertidumbre y la necesidad. Al regresar a nuestra Galilea personal, renovemos nuestro compromiso de entrega y generosidad, siguiendo el ejemplo de nuestros Fundadores, quienes arriesgaron sus vidas por su fidelidad al Amor de Dios.<\/p>\n<p>Sint\u00e1monos unidos como familia en estos momentos. En nuestro culto diario nos reuniremos, presentando al Se\u00f1or las l\u00e1grimas de nuestro mundo y el sufrimiento de tantas personas crucificadas hoy.<\/p>\n<p>Que \u00c9l sea nuestra gu\u00eda y nuestra esperanza. \u00a1Am\u00e9n!<\/p>","protected":false},"excerpt":{"rendered":"<p>O dia 27 de mar\u00e7o \u00e9 celebrado pelos religiosos da Congrega\u00e7\u00e3o dos Sagrados Cora\u00e7\u00f5es como o dia do Fundador Pe. Jos\u00e9 Maria Pierre Coudrin, carinhosamente chamado de \u201cBom Pai\u201d. \u00c9 um momento em que se recorda sua capacidade para acolher as \u201cquarentenas\u201d que ele deparou pela vida afora. Primeiro, logo ap\u00f3s sua ordena\u00e7\u00e3o teve que permanecer escondido num s\u00f3t\u00e3o em \u201cLa Motte d\u2019Usseau\u201d por causa da persegui\u00e7\u00e3o na Revolu\u00e7\u00e3o Francesa, um prolongado confinamento, que permitiu a ele sonhar com uma Congrega\u00e7\u00e3o que levaria o Evangelho para todo o mundo. Da mesma forma, a Fundadora, Madre Henriqueta Aymer de la Chevalerie, [&hellip;]<\/p>\n","protected":false},"author":2,"featured_media":4075,"comment_status":"open","ping_status":"open","sticky":false,"template":"","format":"standard","meta":{"_acf_changed":false,"footnotes":""},"categories":[611],"tags":[],"class_list":["post-4074","post","type-post","status-publish","format-standard","has-post-thumbnail","hentry","category-noticias"],"acf":[],"yoast_head":"<!-- This site is optimized with the Yoast SEO plugin v27.2 - https:\/\/yoast.com\/product\/yoast-seo-wordpress\/ -->\n<title>Congrega\u00e7\u00e3o dos Sagrados Cora\u00e7\u00f5es celebra padre fundador<\/title>\n<meta name=\"robots\" content=\"index, follow, max-snippet:-1, max-image-preview:large, max-video-preview:-1\" \/>\n<link rel=\"canonical\" href=\"https:\/\/www.padreeustaquio.com.br\/es\/la-congregacion-de-los-sagrados-corazones-celebra-a-su-sacerdote-fundador\/\" \/>\n<meta property=\"og:locale\" content=\"es_ES\" \/>\n<meta property=\"og:type\" content=\"article\" \/>\n<meta property=\"og:title\" content=\"Congrega\u00e7\u00e3o dos Sagrados Cora\u00e7\u00f5es celebra padre fundador\" \/>\n<meta property=\"og:description\" content=\"O dia 27 de mar\u00e7o \u00e9 celebrado pelos religiosos da Congrega\u00e7\u00e3o dos Sagrados Cora\u00e7\u00f5es como o dia do Fundador Pe. Jos\u00e9 Maria Pierre Coudrin, carinhosamente chamado de \u201cBom Pai\u201d. \u00c9 um momento em que se recorda sua capacidade para acolher as \u201cquarentenas\u201d que ele deparou pela vida afora. Primeiro, logo ap\u00f3s sua ordena\u00e7\u00e3o teve que permanecer escondido num s\u00f3t\u00e3o em \u201cLa Motte d\u2019Usseau\u201d por causa da persegui\u00e7\u00e3o na Revolu\u00e7\u00e3o Francesa, um prolongado confinamento, que permitiu a ele sonhar com uma Congrega\u00e7\u00e3o que levaria o Evangelho para todo o mundo. Da mesma forma, a Fundadora, Madre Henriqueta Aymer de la Chevalerie, [&hellip;]\" \/>\n<meta property=\"og:url\" content=\"https:\/\/www.padreeustaquio.com.br\/es\/la-congregacion-de-los-sagrados-corazones-celebra-a-su-sacerdote-fundador\/\" \/>\n<meta property=\"og:site_name\" content=\"Padre Eust\u00e1quio\" \/>\n<meta property=\"article:publisher\" content=\"https:\/\/www.facebook.com\/beatopadreeustaquio\/\" \/>\n<meta property=\"article:published_time\" content=\"2020-03-30T00:06:00+00:00\" \/>\n<meta property=\"article:modified_time\" content=\"2020-03-30T00:15:47+00:00\" \/>\n<meta property=\"og:image\" content=\"https:\/\/www.padreeustaquio.com.br\/wp-content\/uploads\/2020\/03\/PADRE-COUDRIN-SITE.jpg\" \/>\n\t<meta property=\"og:image:width\" content=\"425\" \/>\n\t<meta property=\"og:image:height\" content=\"283\" \/>\n\t<meta property=\"og:image:type\" content=\"image\/jpeg\" \/>\n<meta name=\"author\" content=\"@sscc\" \/>\n<meta name=\"twitter:card\" content=\"summary_large_image\" \/>\n<meta name=\"twitter:creator\" content=\"@beatopeustaquio\" \/>\n<meta name=\"twitter:site\" content=\"@beatopeustaquio\" \/>\n<meta name=\"twitter:label1\" content=\"Escrito por\" \/>\n\t<meta name=\"twitter:data1\" content=\"@sscc\" \/>\n\t<meta name=\"twitter:label2\" content=\"Tiempo de lectura\" \/>\n\t<meta name=\"twitter:data2\" content=\"1 minuto\" \/>\n<script type=\"application\/ld+json\" class=\"yoast-schema-graph\">{\"@context\":\"https:\/\/schema.org\",\"@graph\":[{\"@type\":\"Article\",\"@id\":\"https:\/\/www.padreeustaquio.com.br\/congregacao-dos-sagrados-coracoes-celebra-padre-fundador\/#article\",\"isPartOf\":{\"@id\":\"https:\/\/www.padreeustaquio.com.br\/congregacao-dos-sagrados-coracoes-celebra-padre-fundador\/\"},\"author\":{\"name\":\"@sscc\",\"@id\":\"https:\/\/www.padreeustaquio.com.br\/#\/schema\/person\/a2a51db1d00f1a7af0204a0f1ddb1566\"},\"headline\":\"Congrega\u00e7\u00e3o dos Sagrados Cora\u00e7\u00f5es celebra padre fundador\",\"datePublished\":\"2020-03-30T00:06:00+00:00\",\"dateModified\":\"2020-03-30T00:15:47+00:00\",\"mainEntityOfPage\":{\"@id\":\"https:\/\/www.padreeustaquio.com.br\/congregacao-dos-sagrados-coracoes-celebra-padre-fundador\/\"},\"wordCount\":263,\"commentCount\":0,\"publisher\":{\"@id\":\"https:\/\/www.padreeustaquio.com.br\/#organization\"},\"image\":{\"@id\":\"https:\/\/www.padreeustaquio.com.br\/congregacao-dos-sagrados-coracoes-celebra-padre-fundador\/#primaryimage\"},\"thumbnailUrl\":\"https:\/\/www.padreeustaquio.com.br\/wp-content\/uploads\/2020\/03\/PADRE-COUDRIN-SITE.jpg\",\"articleSection\":[\"Not\u00edcias\"],\"inLanguage\":\"es\",\"potentialAction\":[{\"@type\":\"CommentAction\",\"name\":\"Comment\",\"target\":[\"https:\/\/www.padreeustaquio.com.br\/congregacao-dos-sagrados-coracoes-celebra-padre-fundador\/#respond\"]}]},{\"@type\":\"WebPage\",\"@id\":\"https:\/\/www.padreeustaquio.com.br\/congregacao-dos-sagrados-coracoes-celebra-padre-fundador\/\",\"url\":\"https:\/\/www.padreeustaquio.com.br\/congregacao-dos-sagrados-coracoes-celebra-padre-fundador\/\",\"name\":\"Congrega\u00e7\u00e3o dos Sagrados Cora\u00e7\u00f5es celebra padre fundador\",\"isPartOf\":{\"@id\":\"https:\/\/www.padreeustaquio.com.br\/#website\"},\"primaryImageOfPage\":{\"@id\":\"https:\/\/www.padreeustaquio.com.br\/congregacao-dos-sagrados-coracoes-celebra-padre-fundador\/#primaryimage\"},\"image\":{\"@id\":\"https:\/\/www.padreeustaquio.com.br\/congregacao-dos-sagrados-coracoes-celebra-padre-fundador\/#primaryimage\"},\"thumbnailUrl\":\"https:\/\/www.padreeustaquio.com.br\/wp-content\/uploads\/2020\/03\/PADRE-COUDRIN-SITE.jpg\",\"datePublished\":\"2020-03-30T00:06:00+00:00\",\"dateModified\":\"2020-03-30T00:15:47+00:00\",\"breadcrumb\":{\"@id\":\"https:\/\/www.padreeustaquio.com.br\/congregacao-dos-sagrados-coracoes-celebra-padre-fundador\/#breadcrumb\"},\"inLanguage\":\"es\",\"potentialAction\":[{\"@type\":\"ReadAction\",\"target\":[\"https:\/\/www.padreeustaquio.com.br\/congregacao-dos-sagrados-coracoes-celebra-padre-fundador\/\"]}]},{\"@type\":\"ImageObject\",\"inLanguage\":\"es\",\"@id\":\"https:\/\/www.padreeustaquio.com.br\/congregacao-dos-sagrados-coracoes-celebra-padre-fundador\/#primaryimage\",\"url\":\"https:\/\/www.padreeustaquio.com.br\/wp-content\/uploads\/2020\/03\/PADRE-COUDRIN-SITE.jpg\",\"contentUrl\":\"https:\/\/www.padreeustaquio.com.br\/wp-content\/uploads\/2020\/03\/PADRE-COUDRIN-SITE.jpg\",\"width\":425,\"height\":283},{\"@type\":\"BreadcrumbList\",\"@id\":\"https:\/\/www.padreeustaquio.com.br\/congregacao-dos-sagrados-coracoes-celebra-padre-fundador\/#breadcrumb\",\"itemListElement\":[{\"@type\":\"ListItem\",\"position\":1,\"name\":\"In\u00edcio\",\"item\":\"https:\/\/www.padreeustaquio.com.br\/\"},{\"@type\":\"ListItem\",\"position\":2,\"name\":\"Congrega\u00e7\u00e3o dos Sagrados Cora\u00e7\u00f5es celebra padre fundador\"}]},{\"@type\":\"WebSite\",\"@id\":\"https:\/\/www.padreeustaquio.com.br\/#website\",\"url\":\"https:\/\/www.padreeustaquio.com.br\/\",\"name\":\"Padre Eust\u00e1quio\",\"description\":\"Sa\u00fade e Paz\",\"publisher\":{\"@id\":\"https:\/\/www.padreeustaquio.com.br\/#organization\"},\"potentialAction\":[{\"@type\":\"SearchAction\",\"target\":{\"@type\":\"EntryPoint\",\"urlTemplate\":\"https:\/\/www.padreeustaquio.com.br\/?s={search_term_string}\"},\"query-input\":{\"@type\":\"PropertyValueSpecification\",\"valueRequired\":true,\"valueName\":\"search_term_string\"}}],\"inLanguage\":\"es\"},{\"@type\":\"Organization\",\"@id\":\"https:\/\/www.padreeustaquio.com.br\/#organization\",\"name\":\"Padre Eust\u00e1quio\",\"url\":\"https:\/\/www.padreeustaquio.com.br\/\",\"logo\":{\"@type\":\"ImageObject\",\"inLanguage\":\"es\",\"@id\":\"https:\/\/www.padreeustaquio.com.br\/#\/schema\/logo\/image\/\",\"url\":\"https:\/\/www.padreeustaquio.com.br\/wp-content\/uploads\/2019\/08\/marca.png\",\"contentUrl\":\"https:\/\/www.padreeustaquio.com.br\/wp-content\/uploads\/2019\/08\/marca.png\",\"width\":350,\"height\":400,\"caption\":\"Padre Eust\u00e1quio\"},\"image\":{\"@id\":\"https:\/\/www.padreeustaquio.com.br\/#\/schema\/logo\/image\/\"},\"sameAs\":[\"https:\/\/www.facebook.com\/beatopadreeustaquio\/\",\"https:\/\/x.com\/beatopeustaquio\",\"https:\/\/www.instagram.com\/beatopadreeustaquio\/\",\"https:\/\/www.youtube.com\/channel\/UCRhw7vfabnajwLxb1ZXMeIw\"]},{\"@type\":\"Person\",\"@id\":\"https:\/\/www.padreeustaquio.com.br\/#\/schema\/person\/a2a51db1d00f1a7af0204a0f1ddb1566\",\"name\":\"@sscc\",\"image\":{\"@type\":\"ImageObject\",\"inLanguage\":\"es\",\"@id\":\"https:\/\/secure.gravatar.com\/avatar\/68cfafa5f44617fea54071e215026e0ff06be366c3d54a8425f04fdcb86f8c5f?s=96&d=mm&r=g\",\"url\":\"https:\/\/secure.gravatar.com\/avatar\/68cfafa5f44617fea54071e215026e0ff06be366c3d54a8425f04fdcb86f8c5f?s=96&d=mm&r=g\",\"contentUrl\":\"https:\/\/secure.gravatar.com\/avatar\/68cfafa5f44617fea54071e215026e0ff06be366c3d54a8425f04fdcb86f8c5f?s=96&d=mm&r=g\",\"caption\":\"@sscc\"},\"url\":\"https:\/\/www.padreeustaquio.com.br\/es\/author\/sscc\/\"}]}<\/script>\n<!-- \/ Yoast SEO plugin. -->","yoast_head_json":{"title":"La Congregaci\u00f3n de los Sagrados Corazones celebra a su sacerdote fundador","robots":{"index":"index","follow":"follow","max-snippet":"max-snippet:-1","max-image-preview":"max-image-preview:large","max-video-preview":"max-video-preview:-1"},"canonical":"https:\/\/www.padreeustaquio.com.br\/es\/la-congregacion-de-los-sagrados-corazones-celebra-a-su-sacerdote-fundador\/","og_locale":"es_ES","og_type":"article","og_title":"Congrega\u00e7\u00e3o dos Sagrados Cora\u00e7\u00f5es celebra padre fundador","og_description":"O dia 27 de mar\u00e7o \u00e9 celebrado pelos religiosos da Congrega\u00e7\u00e3o dos Sagrados Cora\u00e7\u00f5es como o dia do Fundador Pe. Jos\u00e9 Maria Pierre Coudrin, carinhosamente chamado de \u201cBom Pai\u201d. \u00c9 um momento em que se recorda sua capacidade para acolher as \u201cquarentenas\u201d que ele deparou pela vida afora. Primeiro, logo ap\u00f3s sua ordena\u00e7\u00e3o teve que permanecer escondido num s\u00f3t\u00e3o em \u201cLa Motte d\u2019Usseau\u201d por causa da persegui\u00e7\u00e3o na Revolu\u00e7\u00e3o Francesa, um prolongado confinamento, que permitiu a ele sonhar com uma Congrega\u00e7\u00e3o que levaria o Evangelho para todo o mundo. Da mesma forma, a Fundadora, Madre Henriqueta Aymer de la Chevalerie, [&hellip;]","og_url":"https:\/\/www.padreeustaquio.com.br\/es\/la-congregacion-de-los-sagrados-corazones-celebra-a-su-sacerdote-fundador\/","og_site_name":"Padre Eust\u00e1quio","article_publisher":"https:\/\/www.facebook.com\/beatopadreeustaquio\/","article_published_time":"2020-03-30T00:06:00+00:00","article_modified_time":"2020-03-30T00:15:47+00:00","og_image":[{"width":425,"height":283,"url":"https:\/\/www.padreeustaquio.com.br\/wp-content\/uploads\/2020\/03\/PADRE-COUDRIN-SITE.jpg","type":"image\/jpeg"}],"author":"@sscc","twitter_card":"summary_large_image","twitter_creator":"@beatopeustaquio","twitter_site":"@beatopeustaquio","twitter_misc":{"Escrito por":"@sscc","Tiempo de lectura":"1 minuto"},"schema":{"@context":"https:\/\/schema.org","@graph":[{"@type":"Article","@id":"https:\/\/www.padreeustaquio.com.br\/congregacao-dos-sagrados-coracoes-celebra-padre-fundador\/#article","isPartOf":{"@id":"https:\/\/www.padreeustaquio.com.br\/congregacao-dos-sagrados-coracoes-celebra-padre-fundador\/"},"author":{"name":"@sscc","@id":"https:\/\/www.padreeustaquio.com.br\/#\/schema\/person\/a2a51db1d00f1a7af0204a0f1ddb1566"},"headline":"Congrega\u00e7\u00e3o dos Sagrados Cora\u00e7\u00f5es celebra padre fundador","datePublished":"2020-03-30T00:06:00+00:00","dateModified":"2020-03-30T00:15:47+00:00","mainEntityOfPage":{"@id":"https:\/\/www.padreeustaquio.com.br\/congregacao-dos-sagrados-coracoes-celebra-padre-fundador\/"},"wordCount":263,"commentCount":0,"publisher":{"@id":"https:\/\/www.padreeustaquio.com.br\/#organization"},"image":{"@id":"https:\/\/www.padreeustaquio.com.br\/congregacao-dos-sagrados-coracoes-celebra-padre-fundador\/#primaryimage"},"thumbnailUrl":"https:\/\/www.padreeustaquio.com.br\/wp-content\/uploads\/2020\/03\/PADRE-COUDRIN-SITE.jpg","articleSection":["Not\u00edcias"],"inLanguage":"es","potentialAction":[{"@type":"CommentAction","name":"Comment","target":["https:\/\/www.padreeustaquio.com.br\/congregacao-dos-sagrados-coracoes-celebra-padre-fundador\/#respond"]}]},{"@type":"WebPage","@id":"https:\/\/www.padreeustaquio.com.br\/congregacao-dos-sagrados-coracoes-celebra-padre-fundador\/","url":"https:\/\/www.padreeustaquio.com.br\/congregacao-dos-sagrados-coracoes-celebra-padre-fundador\/","name":"La Congregaci\u00f3n de los Sagrados Corazones celebra a su sacerdote fundador","isPartOf":{"@id":"https:\/\/www.padreeustaquio.com.br\/#website"},"primaryImageOfPage":{"@id":"https:\/\/www.padreeustaquio.com.br\/congregacao-dos-sagrados-coracoes-celebra-padre-fundador\/#primaryimage"},"image":{"@id":"https:\/\/www.padreeustaquio.com.br\/congregacao-dos-sagrados-coracoes-celebra-padre-fundador\/#primaryimage"},"thumbnailUrl":"https:\/\/www.padreeustaquio.com.br\/wp-content\/uploads\/2020\/03\/PADRE-COUDRIN-SITE.jpg","datePublished":"2020-03-30T00:06:00+00:00","dateModified":"2020-03-30T00:15:47+00:00","breadcrumb":{"@id":"https:\/\/www.padreeustaquio.com.br\/congregacao-dos-sagrados-coracoes-celebra-padre-fundador\/#breadcrumb"},"inLanguage":"es","potentialAction":[{"@type":"ReadAction","target":["https:\/\/www.padreeustaquio.com.br\/congregacao-dos-sagrados-coracoes-celebra-padre-fundador\/"]}]},{"@type":"ImageObject","inLanguage":"es","@id":"https:\/\/www.padreeustaquio.com.br\/congregacao-dos-sagrados-coracoes-celebra-padre-fundador\/#primaryimage","url":"https:\/\/www.padreeustaquio.com.br\/wp-content\/uploads\/2020\/03\/PADRE-COUDRIN-SITE.jpg","contentUrl":"https:\/\/www.padreeustaquio.com.br\/wp-content\/uploads\/2020\/03\/PADRE-COUDRIN-SITE.jpg","width":425,"height":283},{"@type":"BreadcrumbList","@id":"https:\/\/www.padreeustaquio.com.br\/congregacao-dos-sagrados-coracoes-celebra-padre-fundador\/#breadcrumb","itemListElement":[{"@type":"ListItem","position":1,"name":"In\u00edcio","item":"https:\/\/www.padreeustaquio.com.br\/"},{"@type":"ListItem","position":2,"name":"Congrega\u00e7\u00e3o dos Sagrados Cora\u00e7\u00f5es celebra padre fundador"}]},{"@type":"WebSite","@id":"https:\/\/www.padreeustaquio.com.br\/#website","url":"https:\/\/www.padreeustaquio.com.br\/","name":"Padre Eustace","description":"Salud y Paz","publisher":{"@id":"https:\/\/www.padreeustaquio.com.br\/#organization"},"potentialAction":[{"@type":"SearchAction","target":{"@type":"EntryPoint","urlTemplate":"https:\/\/www.padreeustaquio.com.br\/?s={search_term_string}"},"query-input":{"@type":"PropertyValueSpecification","valueRequired":true,"valueName":"search_term_string"}}],"inLanguage":"es"},{"@type":"Organization","@id":"https:\/\/www.padreeustaquio.com.br\/#organization","name":"Padre Eustace","url":"https:\/\/www.padreeustaquio.com.br\/","logo":{"@type":"ImageObject","inLanguage":"es","@id":"https:\/\/www.padreeustaquio.com.br\/#\/schema\/logo\/image\/","url":"https:\/\/www.padreeustaquio.com.br\/wp-content\/uploads\/2019\/08\/marca.png","contentUrl":"https:\/\/www.padreeustaquio.com.br\/wp-content\/uploads\/2019\/08\/marca.png","width":350,"height":400,"caption":"Padre Eust\u00e1quio"},"image":{"@id":"https:\/\/www.padreeustaquio.com.br\/#\/schema\/logo\/image\/"},"sameAs":["https:\/\/www.facebook.com\/beatopadreeustaquio\/","https:\/\/x.com\/beatopeustaquio","https:\/\/www.instagram.com\/beatopadreeustaquio\/","https:\/\/www.youtube.com\/channel\/UCRhw7vfabnajwLxb1ZXMeIw"]},{"@type":"Person","@id":"https:\/\/www.padreeustaquio.com.br\/#\/schema\/person\/a2a51db1d00f1a7af0204a0f1ddb1566","name":"@sscc","image":{"@type":"ImageObject","inLanguage":"es","@id":"https:\/\/secure.gravatar.com\/avatar\/68cfafa5f44617fea54071e215026e0ff06be366c3d54a8425f04fdcb86f8c5f?s=96&d=mm&r=g","url":"https:\/\/secure.gravatar.com\/avatar\/68cfafa5f44617fea54071e215026e0ff06be366c3d54a8425f04fdcb86f8c5f?s=96&d=mm&r=g","contentUrl":"https:\/\/secure.gravatar.com\/avatar\/68cfafa5f44617fea54071e215026e0ff06be366c3d54a8425f04fdcb86f8c5f?s=96&d=mm&r=g","caption":"@sscc"},"url":"https:\/\/www.padreeustaquio.com.br\/es\/author\/sscc\/"}]}},"_links":{"self":[{"href":"https:\/\/www.padreeustaquio.com.br\/es\/wp-json\/wp\/v2\/posts\/4074","targetHints":{"allow":["GET"]}}],"collection":[{"href":"https:\/\/www.padreeustaquio.com.br\/es\/wp-json\/wp\/v2\/posts"}],"about":[{"href":"https:\/\/www.padreeustaquio.com.br\/es\/wp-json\/wp\/v2\/types\/post"}],"author":[{"embeddable":true,"href":"https:\/\/www.padreeustaquio.com.br\/es\/wp-json\/wp\/v2\/users\/2"}],"replies":[{"embeddable":true,"href":"https:\/\/www.padreeustaquio.com.br\/es\/wp-json\/wp\/v2\/comments?post=4074"}],"version-history":[{"count":0,"href":"https:\/\/www.padreeustaquio.com.br\/es\/wp-json\/wp\/v2\/posts\/4074\/revisions"}],"wp:featuredmedia":[{"embeddable":true,"href":"https:\/\/www.padreeustaquio.com.br\/es\/wp-json\/wp\/v2\/media\/4075"}],"wp:attachment":[{"href":"https:\/\/www.padreeustaquio.com.br\/es\/wp-json\/wp\/v2\/media?parent=4074"}],"wp:term":[{"taxonomy":"category","embeddable":true,"href":"https:\/\/www.padreeustaquio.com.br\/es\/wp-json\/wp\/v2\/categories?post=4074"},{"taxonomy":"post_tag","embeddable":true,"href":"https:\/\/www.padreeustaquio.com.br\/es\/wp-json\/wp\/v2\/tags?post=4074"}],"curies":[{"name":"wp","href":"https:\/\/api.w.org\/{rel}","templated":true}]}}