{"id":3961,"date":"2020-02-24T07:35:05","date_gmt":"2020-02-24T10:35:05","guid":{"rendered":"https:\/\/www.padreeustaquio.com.br\/?p=3961"},"modified":"2020-02-24T07:35:05","modified_gmt":"2020-02-24T10:35:05","slug":"programa-de-la-semana-familiar-en-el-santuario-de-salud-y-paz-del-14-al-21-de-marzo","status":"publish","type":"post","link":"https:\/\/www.padreeustaquio.com.br\/es\/programa-de-la-semana-familiar-en-el-santuario-de-salud-y-paz-del-14-al-21-de-marzo\/","title":{"rendered":"Programa de la Semana de la Familia en el Santuario de Salud y Paz, del 14 al 21 de marzo."},"content":{"rendered":"<p>En marzo, el Santuario de Salud y Paz celebrar\u00e1 una semana dedicada a las familias. Del 14 al 21, misas, rosarios, momentos de reflexi\u00f3n y reconciliaci\u00f3n formar\u00e1n parte del programa de actividades.<\/p>\n<p>Este a\u00f1o, el programa tendr\u00e1 como tema: \u201cFamilia, Casa de la Palabra\u201d, y para vivir m\u00e1s intensamente este tema, los equipos visitar\u00e1n casas de enfermos y ancianos durante los meses de marzo y abril.<\/p>\n<p>Bajo el lema: \u201cMi casa y yo serviremos al Se\u00f1or\u201d (Josu\u00e9 24:15), las actividades comienzan el s\u00e1bado a las 14:00 h con la apertura del a\u00f1o de catequesis. El 19 de marzo, d\u00eda de San Jos\u00e9, habr\u00e1 rezo del rosario, misa y procesi\u00f3n con velas. El programa concluye el 21 con una Noche Cultural. De lunes a s\u00e1bado, se sortear\u00e1 una hermosa capilla de la Sagrada Familia.<\/p>\n<p>Consulta la programaci\u00f3n completa y ven a celebrar con nosotros junto a tu familia:<\/p>\n<p>&nbsp;<\/p>\n<p><strong>PROGRAMA DE LA SEMANA FAMILIAR DE SSCC \u2013 2020<\/strong><\/p>\n<p><strong>\u00a0<\/strong><strong><em>\u2013 14\/03 \u2013 S\u00e1bado:<\/em><\/strong><\/p>\n<p>\u2013 14.00 horas Misa con los ni\u00f1os y apertura del a\u00f1o catequ\u00e9tico<\/p>\n<p>\u2013 15:30 h Tiempo de recreaci\u00f3n con familias (juegos y b\u00fasqueda del tesoro)<\/p>\n<p>Misa a las 6 p.m.<\/p>\n<p>&nbsp;<\/p>\n<p><strong><em>\u2013 15\/03 \u2013 Domingo:<\/em><\/strong><\/p>\n<p>Misas en los horarios habituales: 7:00 AM, 8:30 AM, 10:00 AM, 6:00 PM y 7:30 PM<\/p>\n<p>&nbsp;<\/p>\n<p><strong><em>\u2013 16\/03 \u2013 Lunes:<\/em><\/strong><\/p>\n<p>\u2013 6:30 PM Rosario Mariano<\/p>\n<p>\u2013 19:00 Misa penitencial y preparaci\u00f3n para el Sacramento de la Confesi\u00f3n<\/p>\n<p>&nbsp;<\/p>\n<p><strong><em>\u2013 17\/03 \u2013 Martes:<\/em><\/strong><\/p>\n<p>\u2013 6:30 PM Rosario Mariano<\/p>\n<p>Misa de las 7pm<\/p>\n<p>\u2013 7:30 PM D\u00eda de la Reconciliaci\u00f3n<\/p>\n<p>&nbsp;<\/p>\n<p><strong><em>\u2013 18\/03 \u2013 Mi\u00e9rcoles:<\/em><\/strong><\/p>\n<p>\u2013 6:30 PM Rosario Mariano<\/p>\n<p>\u2013 Misa de 7 pm \u2013 Seguida de una sesi\u00f3n motivacional sobre la oraci\u00f3n familiar y la espiritualidad del rosario con el Padre Silvano.<\/p>\n<p>&nbsp;<\/p>\n<p><strong><em>\u2013 19\/03 \u2013 Jueves \u2013 D\u00eda de San Jos\u00e9:<\/em><\/strong><\/p>\n<p>\u2013 18:30 Rosario de San Jos\u00e9<\/p>\n<p>\u2013 Misa de las 19:00 h y procesi\u00f3n con velas<\/p>\n<p>&nbsp;<\/p>\n<p><strong><em>\u2013 20\/03 \u2013 Viernes:<\/em><\/strong><\/p>\n<p>\u2013 6:30 PM Rosario Mariano<\/p>\n<p>\u2013 Misa de las 19 h \u2013 Seguida del testimonio del matrimonio Francisco y V\u00e2nia \u2013 Familia Casa da Palavra<\/p>\n<p>&nbsp;<\/p>\n<p><strong><em>\u2013 21\/03 \u2013 S\u00e1bado:<\/em><\/strong><\/p>\n<p>\u2013 17:00 Rosario humano en la plaza<\/p>\n<p>\u2013 18:00 horas Misa de clausura \u2013 seguida de una velada cultural.<\/p>\n<p>&nbsp;<\/p>\n<p><strong>Fuente: Ministerio de Familia SSCC<\/strong><\/p>","protected":false},"excerpt":{"rendered":"<p>Em mar\u00e7o o Santu\u00e1rio da Sa\u00fade e da Paz vai promover uma semana inteira dedicada \u00e0 fam\u00edlia. Do dia 14 ao dia 21, missas, ter\u00e7os, momentos de reflex\u00e3o e reconcilia\u00e7\u00e3o far\u00e3o parte do cronograma de atividades. Este ano, a programa\u00e7\u00e3o ter\u00e1 com o tema: \u201cFam\u00edlia, casa da Palavra\u201d e, para viver de forma mais intensa este tema proposto, \u00a0equipes ir\u00e3o fazer visitas \u00e0s resid\u00eancias com pessoas enfermas e idosas durante os meses de mar\u00e7o e abril. Sob o lema: \u201cEu e minha casa serviremos ao Senhor\u201d (Josu\u00e9 24, 15) as atividades come\u00e7am no s\u00e1bado, \u00e0s 14h com a abertura do [&hellip;]<\/p>\n","protected":false},"author":2,"featured_media":3962,"comment_status":"open","ping_status":"open","sticky":false,"template":"","format":"standard","meta":{"_acf_changed":false,"footnotes":""},"categories":[611],"tags":[],"class_list":["post-3961","post","type-post","status-publish","format-standard","has-post-thumbnail","hentry","category-noticias"],"acf":[],"yoast_head":"<!-- This site is optimized with the Yoast SEO plugin v27.2 - https:\/\/yoast.com\/product\/yoast-seo-wordpress\/ -->\n<title>Programa\u00e7\u00e3o da Semana da Fam\u00edlia no Santu\u00e1rio da Sa\u00fade e da Paz, de 14 a 21 de mar\u00e7o - Padre Eust\u00e1quio<\/title>\n<meta name=\"robots\" content=\"index, follow, max-snippet:-1, max-image-preview:large, max-video-preview:-1\" \/>\n<link rel=\"canonical\" href=\"https:\/\/www.padreeustaquio.com.br\/es\/programa-de-la-semana-familiar-en-el-santuario-de-salud-y-paz-del-14-al-21-de-marzo\/\" \/>\n<meta property=\"og:locale\" content=\"es_ES\" \/>\n<meta property=\"og:type\" content=\"article\" \/>\n<meta property=\"og:title\" content=\"Programa\u00e7\u00e3o da Semana da Fam\u00edlia no Santu\u00e1rio da Sa\u00fade e da Paz, de 14 a 21 de mar\u00e7o - Padre Eust\u00e1quio\" \/>\n<meta property=\"og:description\" content=\"Em mar\u00e7o o Santu\u00e1rio da Sa\u00fade e da Paz vai promover uma semana inteira dedicada \u00e0 fam\u00edlia. Do dia 14 ao dia 21, missas, ter\u00e7os, momentos de reflex\u00e3o e reconcilia\u00e7\u00e3o far\u00e3o parte do cronograma de atividades. Este ano, a programa\u00e7\u00e3o ter\u00e1 com o tema: \u201cFam\u00edlia, casa da Palavra\u201d e, para viver de forma mais intensa este tema proposto, \u00a0equipes ir\u00e3o fazer visitas \u00e0s resid\u00eancias com pessoas enfermas e idosas durante os meses de mar\u00e7o e abril. Sob o lema: \u201cEu e minha casa serviremos ao Senhor\u201d (Josu\u00e9 24, 15) as atividades come\u00e7am no s\u00e1bado, \u00e0s 14h com a abertura do [&hellip;]\" \/>\n<meta property=\"og:url\" content=\"https:\/\/www.padreeustaquio.com.br\/es\/programa-de-la-semana-familiar-en-el-santuario-de-salud-y-paz-del-14-al-21-de-marzo\/\" \/>\n<meta property=\"og:site_name\" content=\"Padre Eust\u00e1quio\" \/>\n<meta property=\"article:publisher\" content=\"https:\/\/www.facebook.com\/beatopadreeustaquio\/\" \/>\n<meta property=\"article:published_time\" content=\"2020-02-24T10:35:05+00:00\" \/>\n<meta property=\"og:image\" content=\"https:\/\/www.padreeustaquio.com.br\/wp-content\/uploads\/2020\/02\/Sagrada-Familia.png\" \/>\n\t<meta property=\"og:image:width\" content=\"800\" \/>\n\t<meta property=\"og:image:height\" content=\"450\" \/>\n\t<meta property=\"og:image:type\" content=\"image\/png\" \/>\n<meta name=\"author\" content=\"@sscc\" \/>\n<meta name=\"twitter:card\" content=\"summary_large_image\" \/>\n<meta name=\"twitter:creator\" content=\"@beatopeustaquio\" \/>\n<meta name=\"twitter:site\" content=\"@beatopeustaquio\" \/>\n<meta name=\"twitter:label1\" content=\"Escrito por\" \/>\n\t<meta name=\"twitter:data1\" content=\"@sscc\" \/>\n\t<meta name=\"twitter:label2\" content=\"Tiempo de lectura\" \/>\n\t<meta name=\"twitter:data2\" content=\"2 minutos\" \/>\n<script type=\"application\/ld+json\" class=\"yoast-schema-graph\">{\"@context\":\"https:\/\/schema.org\",\"@graph\":[{\"@type\":\"Article\",\"@id\":\"https:\/\/www.padreeustaquio.com.br\/programacao-da-semana-da-familia-no-santuario-da-saude-e-da-paz-de-14-a-21-de-marco\/#article\",\"isPartOf\":{\"@id\":\"https:\/\/www.padreeustaquio.com.br\/programacao-da-semana-da-familia-no-santuario-da-saude-e-da-paz-de-14-a-21-de-marco\/\"},\"author\":{\"name\":\"@sscc\",\"@id\":\"https:\/\/www.padreeustaquio.com.br\/#\/schema\/person\/a2a51db1d00f1a7af0204a0f1ddb1566\"},\"headline\":\"Programa\u00e7\u00e3o da Semana da Fam\u00edlia no Santu\u00e1rio da Sa\u00fade e da Paz, de 14 a 21 de mar\u00e7o\",\"datePublished\":\"2020-02-24T10:35:05+00:00\",\"mainEntityOfPage\":{\"@id\":\"https:\/\/www.padreeustaquio.com.br\/programacao-da-semana-da-familia-no-santuario-da-saude-e-da-paz-de-14-a-21-de-marco\/\"},\"wordCount\":396,\"commentCount\":0,\"publisher\":{\"@id\":\"https:\/\/www.padreeustaquio.com.br\/#organization\"},\"image\":{\"@id\":\"https:\/\/www.padreeustaquio.com.br\/programacao-da-semana-da-familia-no-santuario-da-saude-e-da-paz-de-14-a-21-de-marco\/#primaryimage\"},\"thumbnailUrl\":\"https:\/\/www.padreeustaquio.com.br\/wp-content\/uploads\/2020\/02\/Sagrada-Familia.png\",\"articleSection\":[\"Not\u00edcias\"],\"inLanguage\":\"es\",\"potentialAction\":[{\"@type\":\"CommentAction\",\"name\":\"Comment\",\"target\":[\"https:\/\/www.padreeustaquio.com.br\/programacao-da-semana-da-familia-no-santuario-da-saude-e-da-paz-de-14-a-21-de-marco\/#respond\"]}]},{\"@type\":\"WebPage\",\"@id\":\"https:\/\/www.padreeustaquio.com.br\/programacao-da-semana-da-familia-no-santuario-da-saude-e-da-paz-de-14-a-21-de-marco\/\",\"url\":\"https:\/\/www.padreeustaquio.com.br\/programacao-da-semana-da-familia-no-santuario-da-saude-e-da-paz-de-14-a-21-de-marco\/\",\"name\":\"Programa\u00e7\u00e3o da Semana da Fam\u00edlia no Santu\u00e1rio da Sa\u00fade e da Paz, de 14 a 21 de mar\u00e7o - Padre Eust\u00e1quio\",\"isPartOf\":{\"@id\":\"https:\/\/www.padreeustaquio.com.br\/#website\"},\"primaryImageOfPage\":{\"@id\":\"https:\/\/www.padreeustaquio.com.br\/programacao-da-semana-da-familia-no-santuario-da-saude-e-da-paz-de-14-a-21-de-marco\/#primaryimage\"},\"image\":{\"@id\":\"https:\/\/www.padreeustaquio.com.br\/programacao-da-semana-da-familia-no-santuario-da-saude-e-da-paz-de-14-a-21-de-marco\/#primaryimage\"},\"thumbnailUrl\":\"https:\/\/www.padreeustaquio.com.br\/wp-content\/uploads\/2020\/02\/Sagrada-Familia.png\",\"datePublished\":\"2020-02-24T10:35:05+00:00\",\"breadcrumb\":{\"@id\":\"https:\/\/www.padreeustaquio.com.br\/programacao-da-semana-da-familia-no-santuario-da-saude-e-da-paz-de-14-a-21-de-marco\/#breadcrumb\"},\"inLanguage\":\"es\",\"potentialAction\":[{\"@type\":\"ReadAction\",\"target\":[\"https:\/\/www.padreeustaquio.com.br\/programacao-da-semana-da-familia-no-santuario-da-saude-e-da-paz-de-14-a-21-de-marco\/\"]}]},{\"@type\":\"ImageObject\",\"inLanguage\":\"es\",\"@id\":\"https:\/\/www.padreeustaquio.com.br\/programacao-da-semana-da-familia-no-santuario-da-saude-e-da-paz-de-14-a-21-de-marco\/#primaryimage\",\"url\":\"https:\/\/www.padreeustaquio.com.br\/wp-content\/uploads\/2020\/02\/Sagrada-Familia.png\",\"contentUrl\":\"https:\/\/www.padreeustaquio.com.br\/wp-content\/uploads\/2020\/02\/Sagrada-Familia.png\",\"width\":800,\"height\":450},{\"@type\":\"BreadcrumbList\",\"@id\":\"https:\/\/www.padreeustaquio.com.br\/programacao-da-semana-da-familia-no-santuario-da-saude-e-da-paz-de-14-a-21-de-marco\/#breadcrumb\",\"itemListElement\":[{\"@type\":\"ListItem\",\"position\":1,\"name\":\"In\u00edcio\",\"item\":\"https:\/\/www.padreeustaquio.com.br\/\"},{\"@type\":\"ListItem\",\"position\":2,\"name\":\"Programa\u00e7\u00e3o da Semana da Fam\u00edlia no Santu\u00e1rio da Sa\u00fade e da Paz, de 14 a 21 de mar\u00e7o\"}]},{\"@type\":\"WebSite\",\"@id\":\"https:\/\/www.padreeustaquio.com.br\/#website\",\"url\":\"https:\/\/www.padreeustaquio.com.br\/\",\"name\":\"Padre Eust\u00e1quio\",\"description\":\"Sa\u00fade e Paz\",\"publisher\":{\"@id\":\"https:\/\/www.padreeustaquio.com.br\/#organization\"},\"potentialAction\":[{\"@type\":\"SearchAction\",\"target\":{\"@type\":\"EntryPoint\",\"urlTemplate\":\"https:\/\/www.padreeustaquio.com.br\/?s={search_term_string}\"},\"query-input\":{\"@type\":\"PropertyValueSpecification\",\"valueRequired\":true,\"valueName\":\"search_term_string\"}}],\"inLanguage\":\"es\"},{\"@type\":\"Organization\",\"@id\":\"https:\/\/www.padreeustaquio.com.br\/#organization\",\"name\":\"Padre Eust\u00e1quio\",\"url\":\"https:\/\/www.padreeustaquio.com.br\/\",\"logo\":{\"@type\":\"ImageObject\",\"inLanguage\":\"es\",\"@id\":\"https:\/\/www.padreeustaquio.com.br\/#\/schema\/logo\/image\/\",\"url\":\"https:\/\/www.padreeustaquio.com.br\/wp-content\/uploads\/2019\/08\/marca.png\",\"contentUrl\":\"https:\/\/www.padreeustaquio.com.br\/wp-content\/uploads\/2019\/08\/marca.png\",\"width\":350,\"height\":400,\"caption\":\"Padre Eust\u00e1quio\"},\"image\":{\"@id\":\"https:\/\/www.padreeustaquio.com.br\/#\/schema\/logo\/image\/\"},\"sameAs\":[\"https:\/\/www.facebook.com\/beatopadreeustaquio\/\",\"https:\/\/x.com\/beatopeustaquio\",\"https:\/\/www.instagram.com\/beatopadreeustaquio\/\",\"https:\/\/www.youtube.com\/channel\/UCRhw7vfabnajwLxb1ZXMeIw\"]},{\"@type\":\"Person\",\"@id\":\"https:\/\/www.padreeustaquio.com.br\/#\/schema\/person\/a2a51db1d00f1a7af0204a0f1ddb1566\",\"name\":\"@sscc\",\"image\":{\"@type\":\"ImageObject\",\"inLanguage\":\"es\",\"@id\":\"https:\/\/secure.gravatar.com\/avatar\/68cfafa5f44617fea54071e215026e0ff06be366c3d54a8425f04fdcb86f8c5f?s=96&d=mm&r=g\",\"url\":\"https:\/\/secure.gravatar.com\/avatar\/68cfafa5f44617fea54071e215026e0ff06be366c3d54a8425f04fdcb86f8c5f?s=96&d=mm&r=g\",\"contentUrl\":\"https:\/\/secure.gravatar.com\/avatar\/68cfafa5f44617fea54071e215026e0ff06be366c3d54a8425f04fdcb86f8c5f?s=96&d=mm&r=g\",\"caption\":\"@sscc\"},\"url\":\"https:\/\/www.padreeustaquio.com.br\/es\/author\/sscc\/\"}]}<\/script>\n<!-- \/ Yoast SEO plugin. -->","yoast_head_json":{"title":"Programa de la Semana de la Familia en el Santuario de Salud y Paz, del 14 al 21 de marzo - Padre Eust\u00e1quio","robots":{"index":"index","follow":"follow","max-snippet":"max-snippet:-1","max-image-preview":"max-image-preview:large","max-video-preview":"max-video-preview:-1"},"canonical":"https:\/\/www.padreeustaquio.com.br\/es\/programa-de-la-semana-familiar-en-el-santuario-de-salud-y-paz-del-14-al-21-de-marzo\/","og_locale":"es_ES","og_type":"article","og_title":"Programa\u00e7\u00e3o da Semana da Fam\u00edlia no Santu\u00e1rio da Sa\u00fade e da Paz, de 14 a 21 de mar\u00e7o - Padre Eust\u00e1quio","og_description":"Em mar\u00e7o o Santu\u00e1rio da Sa\u00fade e da Paz vai promover uma semana inteira dedicada \u00e0 fam\u00edlia. Do dia 14 ao dia 21, missas, ter\u00e7os, momentos de reflex\u00e3o e reconcilia\u00e7\u00e3o far\u00e3o parte do cronograma de atividades. Este ano, a programa\u00e7\u00e3o ter\u00e1 com o tema: \u201cFam\u00edlia, casa da Palavra\u201d e, para viver de forma mais intensa este tema proposto, \u00a0equipes ir\u00e3o fazer visitas \u00e0s resid\u00eancias com pessoas enfermas e idosas durante os meses de mar\u00e7o e abril. Sob o lema: \u201cEu e minha casa serviremos ao Senhor\u201d (Josu\u00e9 24, 15) as atividades come\u00e7am no s\u00e1bado, \u00e0s 14h com a abertura do [&hellip;]","og_url":"https:\/\/www.padreeustaquio.com.br\/es\/programa-de-la-semana-familiar-en-el-santuario-de-salud-y-paz-del-14-al-21-de-marzo\/","og_site_name":"Padre Eust\u00e1quio","article_publisher":"https:\/\/www.facebook.com\/beatopadreeustaquio\/","article_published_time":"2020-02-24T10:35:05+00:00","og_image":[{"width":800,"height":450,"url":"https:\/\/www.padreeustaquio.com.br\/wp-content\/uploads\/2020\/02\/Sagrada-Familia.png","type":"image\/png"}],"author":"@sscc","twitter_card":"summary_large_image","twitter_creator":"@beatopeustaquio","twitter_site":"@beatopeustaquio","twitter_misc":{"Escrito por":"@sscc","Tiempo de lectura":"2 minutos"},"schema":{"@context":"https:\/\/schema.org","@graph":[{"@type":"Article","@id":"https:\/\/www.padreeustaquio.com.br\/programacao-da-semana-da-familia-no-santuario-da-saude-e-da-paz-de-14-a-21-de-marco\/#article","isPartOf":{"@id":"https:\/\/www.padreeustaquio.com.br\/programacao-da-semana-da-familia-no-santuario-da-saude-e-da-paz-de-14-a-21-de-marco\/"},"author":{"name":"@sscc","@id":"https:\/\/www.padreeustaquio.com.br\/#\/schema\/person\/a2a51db1d00f1a7af0204a0f1ddb1566"},"headline":"Programa\u00e7\u00e3o da Semana da Fam\u00edlia no Santu\u00e1rio da Sa\u00fade e da Paz, de 14 a 21 de mar\u00e7o","datePublished":"2020-02-24T10:35:05+00:00","mainEntityOfPage":{"@id":"https:\/\/www.padreeustaquio.com.br\/programacao-da-semana-da-familia-no-santuario-da-saude-e-da-paz-de-14-a-21-de-marco\/"},"wordCount":396,"commentCount":0,"publisher":{"@id":"https:\/\/www.padreeustaquio.com.br\/#organization"},"image":{"@id":"https:\/\/www.padreeustaquio.com.br\/programacao-da-semana-da-familia-no-santuario-da-saude-e-da-paz-de-14-a-21-de-marco\/#primaryimage"},"thumbnailUrl":"https:\/\/www.padreeustaquio.com.br\/wp-content\/uploads\/2020\/02\/Sagrada-Familia.png","articleSection":["Not\u00edcias"],"inLanguage":"es","potentialAction":[{"@type":"CommentAction","name":"Comment","target":["https:\/\/www.padreeustaquio.com.br\/programacao-da-semana-da-familia-no-santuario-da-saude-e-da-paz-de-14-a-21-de-marco\/#respond"]}]},{"@type":"WebPage","@id":"https:\/\/www.padreeustaquio.com.br\/programacao-da-semana-da-familia-no-santuario-da-saude-e-da-paz-de-14-a-21-de-marco\/","url":"https:\/\/www.padreeustaquio.com.br\/programacao-da-semana-da-familia-no-santuario-da-saude-e-da-paz-de-14-a-21-de-marco\/","name":"Programa de la Semana de la Familia en el Santuario de Salud y Paz, del 14 al 21 de marzo - Padre Eust\u00e1quio","isPartOf":{"@id":"https:\/\/www.padreeustaquio.com.br\/#website"},"primaryImageOfPage":{"@id":"https:\/\/www.padreeustaquio.com.br\/programacao-da-semana-da-familia-no-santuario-da-saude-e-da-paz-de-14-a-21-de-marco\/#primaryimage"},"image":{"@id":"https:\/\/www.padreeustaquio.com.br\/programacao-da-semana-da-familia-no-santuario-da-saude-e-da-paz-de-14-a-21-de-marco\/#primaryimage"},"thumbnailUrl":"https:\/\/www.padreeustaquio.com.br\/wp-content\/uploads\/2020\/02\/Sagrada-Familia.png","datePublished":"2020-02-24T10:35:05+00:00","breadcrumb":{"@id":"https:\/\/www.padreeustaquio.com.br\/programacao-da-semana-da-familia-no-santuario-da-saude-e-da-paz-de-14-a-21-de-marco\/#breadcrumb"},"inLanguage":"es","potentialAction":[{"@type":"ReadAction","target":["https:\/\/www.padreeustaquio.com.br\/programacao-da-semana-da-familia-no-santuario-da-saude-e-da-paz-de-14-a-21-de-marco\/"]}]},{"@type":"ImageObject","inLanguage":"es","@id":"https:\/\/www.padreeustaquio.com.br\/programacao-da-semana-da-familia-no-santuario-da-saude-e-da-paz-de-14-a-21-de-marco\/#primaryimage","url":"https:\/\/www.padreeustaquio.com.br\/wp-content\/uploads\/2020\/02\/Sagrada-Familia.png","contentUrl":"https:\/\/www.padreeustaquio.com.br\/wp-content\/uploads\/2020\/02\/Sagrada-Familia.png","width":800,"height":450},{"@type":"BreadcrumbList","@id":"https:\/\/www.padreeustaquio.com.br\/programacao-da-semana-da-familia-no-santuario-da-saude-e-da-paz-de-14-a-21-de-marco\/#breadcrumb","itemListElement":[{"@type":"ListItem","position":1,"name":"In\u00edcio","item":"https:\/\/www.padreeustaquio.com.br\/"},{"@type":"ListItem","position":2,"name":"Programa\u00e7\u00e3o da Semana da Fam\u00edlia no Santu\u00e1rio da Sa\u00fade e da Paz, de 14 a 21 de mar\u00e7o"}]},{"@type":"WebSite","@id":"https:\/\/www.padreeustaquio.com.br\/#website","url":"https:\/\/www.padreeustaquio.com.br\/","name":"Padre Eustace","description":"Salud y Paz","publisher":{"@id":"https:\/\/www.padreeustaquio.com.br\/#organization"},"potentialAction":[{"@type":"SearchAction","target":{"@type":"EntryPoint","urlTemplate":"https:\/\/www.padreeustaquio.com.br\/?s={search_term_string}"},"query-input":{"@type":"PropertyValueSpecification","valueRequired":true,"valueName":"search_term_string"}}],"inLanguage":"es"},{"@type":"Organization","@id":"https:\/\/www.padreeustaquio.com.br\/#organization","name":"Padre Eustace","url":"https:\/\/www.padreeustaquio.com.br\/","logo":{"@type":"ImageObject","inLanguage":"es","@id":"https:\/\/www.padreeustaquio.com.br\/#\/schema\/logo\/image\/","url":"https:\/\/www.padreeustaquio.com.br\/wp-content\/uploads\/2019\/08\/marca.png","contentUrl":"https:\/\/www.padreeustaquio.com.br\/wp-content\/uploads\/2019\/08\/marca.png","width":350,"height":400,"caption":"Padre Eust\u00e1quio"},"image":{"@id":"https:\/\/www.padreeustaquio.com.br\/#\/schema\/logo\/image\/"},"sameAs":["https:\/\/www.facebook.com\/beatopadreeustaquio\/","https:\/\/x.com\/beatopeustaquio","https:\/\/www.instagram.com\/beatopadreeustaquio\/","https:\/\/www.youtube.com\/channel\/UCRhw7vfabnajwLxb1ZXMeIw"]},{"@type":"Person","@id":"https:\/\/www.padreeustaquio.com.br\/#\/schema\/person\/a2a51db1d00f1a7af0204a0f1ddb1566","name":"@sscc","image":{"@type":"ImageObject","inLanguage":"es","@id":"https:\/\/secure.gravatar.com\/avatar\/68cfafa5f44617fea54071e215026e0ff06be366c3d54a8425f04fdcb86f8c5f?s=96&d=mm&r=g","url":"https:\/\/secure.gravatar.com\/avatar\/68cfafa5f44617fea54071e215026e0ff06be366c3d54a8425f04fdcb86f8c5f?s=96&d=mm&r=g","contentUrl":"https:\/\/secure.gravatar.com\/avatar\/68cfafa5f44617fea54071e215026e0ff06be366c3d54a8425f04fdcb86f8c5f?s=96&d=mm&r=g","caption":"@sscc"},"url":"https:\/\/www.padreeustaquio.com.br\/es\/author\/sscc\/"}]}},"_links":{"self":[{"href":"https:\/\/www.padreeustaquio.com.br\/es\/wp-json\/wp\/v2\/posts\/3961","targetHints":{"allow":["GET"]}}],"collection":[{"href":"https:\/\/www.padreeustaquio.com.br\/es\/wp-json\/wp\/v2\/posts"}],"about":[{"href":"https:\/\/www.padreeustaquio.com.br\/es\/wp-json\/wp\/v2\/types\/post"}],"author":[{"embeddable":true,"href":"https:\/\/www.padreeustaquio.com.br\/es\/wp-json\/wp\/v2\/users\/2"}],"replies":[{"embeddable":true,"href":"https:\/\/www.padreeustaquio.com.br\/es\/wp-json\/wp\/v2\/comments?post=3961"}],"version-history":[{"count":0,"href":"https:\/\/www.padreeustaquio.com.br\/es\/wp-json\/wp\/v2\/posts\/3961\/revisions"}],"wp:featuredmedia":[{"embeddable":true,"href":"https:\/\/www.padreeustaquio.com.br\/es\/wp-json\/wp\/v2\/media\/3962"}],"wp:attachment":[{"href":"https:\/\/www.padreeustaquio.com.br\/es\/wp-json\/wp\/v2\/media?parent=3961"}],"wp:term":[{"taxonomy":"category","embeddable":true,"href":"https:\/\/www.padreeustaquio.com.br\/es\/wp-json\/wp\/v2\/categories?post=3961"},{"taxonomy":"post_tag","embeddable":true,"href":"https:\/\/www.padreeustaquio.com.br\/es\/wp-json\/wp\/v2\/tags?post=3961"}],"curies":[{"name":"wp","href":"https:\/\/api.w.org\/{rel}","templated":true}]}}