{"id":3949,"date":"2020-02-19T07:35:35","date_gmt":"2020-02-19T10:35:35","guid":{"rendered":"https:\/\/www.padreeustaquio.com.br\/?p=3949"},"modified":"2020-02-19T07:35:35","modified_gmt":"2020-02-19T10:35:35","slug":"el-equipo-de-liturgia-se-esta-preparando-para-la-campana-de-fraternidad-de-este-ano","status":"publish","type":"post","link":"https:\/\/www.padreeustaquio.com.br\/es\/el-equipo-de-liturgia-se-esta-preparando-para-la-campana-de-fraternidad-de-este-ano\/","title":{"rendered":"El Equipo de Liturgia se est\u00e1 preparando para la Campa\u00f1a de Fraternidad de este a\u00f1o."},"content":{"rendered":"<p>Los miembros del equipo de Liturgia del Santuario de Salud y Paz se reunieron este lunes 17 para reflexionar sobre la Campa\u00f1a de Fraternidad 2020. Adem\u00e1s de la capacitaci\u00f3n, el equipo organiz\u00f3 el programa de Cuaresma, el Mi\u00e9rcoles de Ceniza y la Semana de la Familia, que pronto se anunciar\u00e1n en nuestro sitio web.<\/p>\n<p>El equipo de Liturgia, encargado de orar, reflexionar y organizar la vida lit\u00fargica-sacramental del Santuario, conoci\u00f3 el tema de la Campa\u00f1a \u2013 \u201cFraternidad y vida: don y compromiso\u201d \u2013 y el lema de este a\u00f1o: \u201cLo vio, lo compadeci\u00f3 y lo cuid\u00f3\u201d.<\/p>\n<div id=\"attachment_3951\" style=\"width: 391px\" class=\"wp-caption alignright\"><img fetchpriority=\"high\" decoding=\"async\" aria-describedby=\"caption-attachment-3951\" class=\"wp-image-3951\" src=\"https:\/\/www.padreeustaquio.com.br\/wp-content\/uploads\/2020\/02\/EQUIPE-LITURGIA-2-300x225.jpg\" alt=\"La reuni\u00f3n del equipo se llev\u00f3 a cabo en uno de los salones del Centro Comunitario SSCC.\" width=\"381\" height=\"286\" srcset=\"https:\/\/www.padreeustaquio.com.br\/wp-content\/uploads\/2020\/02\/EQUIPE-LITURGIA-2-300x225.jpg 300w, https:\/\/www.padreeustaquio.com.br\/wp-content\/uploads\/2020\/02\/EQUIPE-LITURGIA-2-768x576.jpg 768w, https:\/\/www.padreeustaquio.com.br\/wp-content\/uploads\/2020\/02\/EQUIPE-LITURGIA-2-180x135.jpg 180w, https:\/\/www.padreeustaquio.com.br\/wp-content\/uploads\/2020\/02\/EQUIPE-LITURGIA-2-400x300.jpg 400w, https:\/\/www.padreeustaquio.com.br\/wp-content\/uploads\/2020\/02\/EQUIPE-LITURGIA-2-600x450.jpg 600w, https:\/\/www.padreeustaquio.com.br\/wp-content\/uploads\/2020\/02\/EQUIPE-LITURGIA-2-800x600.jpg 800w, https:\/\/www.padreeustaquio.com.br\/wp-content\/uploads\/2020\/02\/EQUIPE-LITURGIA-2.jpg 960w\" sizes=\"(max-width: 381px) 100vw, 381px\" \/><p id=\"caption-attachment-3951\" class=\"wp-caption-text\">La reuni\u00f3n del equipo se llev\u00f3 a cabo en uno de los salones del Centro Comunitario SSCC.<\/p><\/div>\n<p><strong>Campa\u00f1a de la Fraternidad 2020<\/strong><\/p>\n<p>Adem\u00e1s de ser un compromiso personal, el cuidado de la vida es una tarea que se realiza en comunidad. La propuesta de conversi\u00f3n cuaresmal de la Campa\u00f1a de Fraternidad 2020 (CF 2020), cuyo tema es \u201cFraternidad y Vida: don y compromiso\u201d, puede ponerse en pr\u00e1ctica mediante la organizaci\u00f3n de un equipo de animaci\u00f3n en la comunidad, parroquia, di\u00f3cesis o regi\u00f3n.<\/p>\n<p>El objetivo general del CF 2020 es crear conciencia, a la luz de la Palabra de Dios, sobre el sentido de la vida como Don y Compromiso, que se traduce en relaciones de cuidado mutuo entre las personas, las familias, las comunidades, la sociedad y el planeta, nuestra Casa Com\u00fan.<\/p>\n<p>Para promover estas relaciones de cuidado mutuo, el texto central de la Campa\u00f1a de Fraternidad 2020 se inspira en el t\u00e9rmino \u201ccomunidad-hogar\u201d de las Directrices Generales para la Acci\u00f3n Evangelizadora de la Iglesia en Brasil (DGAE 2019-2023), indicando que esta debe ser \u201cel lugar de afecto, ternura y abrazo, de encuentro fraterno en torno a la Palabra y la Eucarist\u00eda que generan vida\u201d. Tambi\u00e9n indica que \u201cla comunidad genera vida mediante la proclamaci\u00f3n de la Palabra y la experiencia de la fraternidad\u201d.<\/p>\n<p>El texto habla de la invitaci\u00f3n a construir hogares comunitarios \u2014comunidades eclesiales misioneras\u2014 enviadas a enfrentar \u201ctoda forma de exclusi\u00f3n\u201d y a promover acciones concretas de solidaridad e inclusi\u00f3n. \u201cEsta comunidad est\u00e1 llamada a actuar en el mundo como una comunidad en salida hacia las periferias humanas y existenciales\u201d.<\/p>\n<p>&nbsp;<\/p>\n<p><strong>Fuente: Parroquia de los Sagrados Corazones, BH y CNBB<\/strong><\/p>","protected":false},"excerpt":{"rendered":"<p>Os membros da equipe de Liturgia do Santu\u00e1rio da Sa\u00fade e da Paz se reuniram nessa segunda-feira, 17, para refletir sobre a Campanha da Fraternidade 2020.\u00a0Al\u00e9m do momento de forma\u00e7\u00e3o, a equipe organizou a programa\u00e7\u00e3o da Quaresma, a Quarta-Feira de Cinzas e a Semana da Fam\u00edlia, que, em breve ser\u00e3o divulgados aqui no site. A equipe de Liturgia, respons\u00e1vel por rezar, refletir e organizar a vida Lit\u00fargico-Sacramental do Santu\u00e1rio, conheceu o tema da Campanha &#8211; &#8220;Fraternidade e vida: dom e compromisso&#8221; &#8211; e o lema deste ano: &#8220;Viu, sentiu compaix\u00e3o e cuidou dele&#8221;. A Campanha da Fraternidade 2020 Al\u00e9m de [&hellip;]<\/p>\n","protected":false},"author":2,"featured_media":3950,"comment_status":"open","ping_status":"open","sticky":false,"template":"","format":"standard","meta":{"_acf_changed":false,"footnotes":""},"categories":[611],"tags":[],"class_list":["post-3949","post","type-post","status-publish","format-standard","has-post-thumbnail","hentry","category-noticias"],"acf":[],"yoast_head":"<!-- This site is optimized with the Yoast SEO plugin v27.2 - https:\/\/yoast.com\/product\/yoast-seo-wordpress\/ -->\n<title>Equipe de Liturgia se prepara para a Campanha da Fraternidade deste ano - Padre Eust\u00e1quio<\/title>\n<meta name=\"robots\" content=\"index, follow, max-snippet:-1, max-image-preview:large, max-video-preview:-1\" \/>\n<link rel=\"canonical\" href=\"https:\/\/www.padreeustaquio.com.br\/es\/el-equipo-de-liturgia-se-esta-preparando-para-la-campana-de-fraternidad-de-este-ano\/\" \/>\n<meta property=\"og:locale\" content=\"es_ES\" \/>\n<meta property=\"og:type\" content=\"article\" \/>\n<meta property=\"og:title\" content=\"Equipe de Liturgia se prepara para a Campanha da Fraternidade deste ano - Padre Eust\u00e1quio\" \/>\n<meta property=\"og:description\" content=\"Os membros da equipe de Liturgia do Santu\u00e1rio da Sa\u00fade e da Paz se reuniram nessa segunda-feira, 17, para refletir sobre a Campanha da Fraternidade 2020.\u00a0Al\u00e9m do momento de forma\u00e7\u00e3o, a equipe organizou a programa\u00e7\u00e3o da Quaresma, a Quarta-Feira de Cinzas e a Semana da Fam\u00edlia, que, em breve ser\u00e3o divulgados aqui no site. A equipe de Liturgia, respons\u00e1vel por rezar, refletir e organizar a vida Lit\u00fargico-Sacramental do Santu\u00e1rio, conheceu o tema da Campanha &#8211; &#8220;Fraternidade e vida: dom e compromisso&#8221; &#8211; e o lema deste ano: &#8220;Viu, sentiu compaix\u00e3o e cuidou dele&#8221;. A Campanha da Fraternidade 2020 Al\u00e9m de [&hellip;]\" \/>\n<meta property=\"og:url\" content=\"https:\/\/www.padreeustaquio.com.br\/es\/el-equipo-de-liturgia-se-esta-preparando-para-la-campana-de-fraternidad-de-este-ano\/\" \/>\n<meta property=\"og:site_name\" content=\"Padre Eust\u00e1quio\" \/>\n<meta property=\"article:publisher\" content=\"https:\/\/www.facebook.com\/beatopadreeustaquio\/\" \/>\n<meta property=\"article:published_time\" content=\"2020-02-19T10:35:35+00:00\" \/>\n<meta property=\"og:image\" content=\"https:\/\/www.padreeustaquio.com.br\/wp-content\/uploads\/2020\/02\/EQUIPE-LITURGIA-1.jpg\" \/>\n\t<meta property=\"og:image:width\" content=\"960\" \/>\n\t<meta property=\"og:image:height\" content=\"720\" \/>\n\t<meta property=\"og:image:type\" content=\"image\/jpeg\" \/>\n<meta name=\"author\" content=\"@sscc\" \/>\n<meta name=\"twitter:card\" content=\"summary_large_image\" \/>\n<meta name=\"twitter:creator\" content=\"@beatopeustaquio\" \/>\n<meta name=\"twitter:site\" content=\"@beatopeustaquio\" \/>\n<meta name=\"twitter:label1\" content=\"Escrito por\" \/>\n\t<meta name=\"twitter:data1\" content=\"@sscc\" \/>\n\t<meta name=\"twitter:label2\" content=\"Tiempo de lectura\" \/>\n\t<meta name=\"twitter:data2\" content=\"2 minutos\" \/>\n<script type=\"application\/ld+json\" class=\"yoast-schema-graph\">{\"@context\":\"https:\/\/schema.org\",\"@graph\":[{\"@type\":\"Article\",\"@id\":\"https:\/\/www.padreeustaquio.com.br\/equipe-de-liturgia-se-prepara-para-a-campanha-da-fraternidade-deste-ano\/#article\",\"isPartOf\":{\"@id\":\"https:\/\/www.padreeustaquio.com.br\/equipe-de-liturgia-se-prepara-para-a-campanha-da-fraternidade-deste-ano\/\"},\"author\":{\"name\":\"@sscc\",\"@id\":\"https:\/\/www.padreeustaquio.com.br\/#\/schema\/person\/a2a51db1d00f1a7af0204a0f1ddb1566\"},\"headline\":\"Equipe de Liturgia se prepara para a Campanha da Fraternidade deste ano\",\"datePublished\":\"2020-02-19T10:35:35+00:00\",\"mainEntityOfPage\":{\"@id\":\"https:\/\/www.padreeustaquio.com.br\/equipe-de-liturgia-se-prepara-para-a-campanha-da-fraternidade-deste-ano\/\"},\"wordCount\":395,\"commentCount\":0,\"publisher\":{\"@id\":\"https:\/\/www.padreeustaquio.com.br\/#organization\"},\"image\":{\"@id\":\"https:\/\/www.padreeustaquio.com.br\/equipe-de-liturgia-se-prepara-para-a-campanha-da-fraternidade-deste-ano\/#primaryimage\"},\"thumbnailUrl\":\"https:\/\/www.padreeustaquio.com.br\/wp-content\/uploads\/2020\/02\/EQUIPE-LITURGIA-1.jpg\",\"articleSection\":[\"Not\u00edcias\"],\"inLanguage\":\"es\",\"potentialAction\":[{\"@type\":\"CommentAction\",\"name\":\"Comment\",\"target\":[\"https:\/\/www.padreeustaquio.com.br\/equipe-de-liturgia-se-prepara-para-a-campanha-da-fraternidade-deste-ano\/#respond\"]}]},{\"@type\":\"WebPage\",\"@id\":\"https:\/\/www.padreeustaquio.com.br\/equipe-de-liturgia-se-prepara-para-a-campanha-da-fraternidade-deste-ano\/\",\"url\":\"https:\/\/www.padreeustaquio.com.br\/equipe-de-liturgia-se-prepara-para-a-campanha-da-fraternidade-deste-ano\/\",\"name\":\"Equipe de Liturgia se prepara para a Campanha da Fraternidade deste ano - Padre Eust\u00e1quio\",\"isPartOf\":{\"@id\":\"https:\/\/www.padreeustaquio.com.br\/#website\"},\"primaryImageOfPage\":{\"@id\":\"https:\/\/www.padreeustaquio.com.br\/equipe-de-liturgia-se-prepara-para-a-campanha-da-fraternidade-deste-ano\/#primaryimage\"},\"image\":{\"@id\":\"https:\/\/www.padreeustaquio.com.br\/equipe-de-liturgia-se-prepara-para-a-campanha-da-fraternidade-deste-ano\/#primaryimage\"},\"thumbnailUrl\":\"https:\/\/www.padreeustaquio.com.br\/wp-content\/uploads\/2020\/02\/EQUIPE-LITURGIA-1.jpg\",\"datePublished\":\"2020-02-19T10:35:35+00:00\",\"breadcrumb\":{\"@id\":\"https:\/\/www.padreeustaquio.com.br\/equipe-de-liturgia-se-prepara-para-a-campanha-da-fraternidade-deste-ano\/#breadcrumb\"},\"inLanguage\":\"es\",\"potentialAction\":[{\"@type\":\"ReadAction\",\"target\":[\"https:\/\/www.padreeustaquio.com.br\/equipe-de-liturgia-se-prepara-para-a-campanha-da-fraternidade-deste-ano\/\"]}]},{\"@type\":\"ImageObject\",\"inLanguage\":\"es\",\"@id\":\"https:\/\/www.padreeustaquio.com.br\/equipe-de-liturgia-se-prepara-para-a-campanha-da-fraternidade-deste-ano\/#primaryimage\",\"url\":\"https:\/\/www.padreeustaquio.com.br\/wp-content\/uploads\/2020\/02\/EQUIPE-LITURGIA-1.jpg\",\"contentUrl\":\"https:\/\/www.padreeustaquio.com.br\/wp-content\/uploads\/2020\/02\/EQUIPE-LITURGIA-1.jpg\",\"width\":960,\"height\":720},{\"@type\":\"BreadcrumbList\",\"@id\":\"https:\/\/www.padreeustaquio.com.br\/equipe-de-liturgia-se-prepara-para-a-campanha-da-fraternidade-deste-ano\/#breadcrumb\",\"itemListElement\":[{\"@type\":\"ListItem\",\"position\":1,\"name\":\"In\u00edcio\",\"item\":\"https:\/\/www.padreeustaquio.com.br\/\"},{\"@type\":\"ListItem\",\"position\":2,\"name\":\"Equipe de Liturgia se prepara para a Campanha da Fraternidade deste ano\"}]},{\"@type\":\"WebSite\",\"@id\":\"https:\/\/www.padreeustaquio.com.br\/#website\",\"url\":\"https:\/\/www.padreeustaquio.com.br\/\",\"name\":\"Padre Eust\u00e1quio\",\"description\":\"Sa\u00fade e Paz\",\"publisher\":{\"@id\":\"https:\/\/www.padreeustaquio.com.br\/#organization\"},\"potentialAction\":[{\"@type\":\"SearchAction\",\"target\":{\"@type\":\"EntryPoint\",\"urlTemplate\":\"https:\/\/www.padreeustaquio.com.br\/?s={search_term_string}\"},\"query-input\":{\"@type\":\"PropertyValueSpecification\",\"valueRequired\":true,\"valueName\":\"search_term_string\"}}],\"inLanguage\":\"es\"},{\"@type\":\"Organization\",\"@id\":\"https:\/\/www.padreeustaquio.com.br\/#organization\",\"name\":\"Padre Eust\u00e1quio\",\"url\":\"https:\/\/www.padreeustaquio.com.br\/\",\"logo\":{\"@type\":\"ImageObject\",\"inLanguage\":\"es\",\"@id\":\"https:\/\/www.padreeustaquio.com.br\/#\/schema\/logo\/image\/\",\"url\":\"https:\/\/www.padreeustaquio.com.br\/wp-content\/uploads\/2019\/08\/marca.png\",\"contentUrl\":\"https:\/\/www.padreeustaquio.com.br\/wp-content\/uploads\/2019\/08\/marca.png\",\"width\":350,\"height\":400,\"caption\":\"Padre Eust\u00e1quio\"},\"image\":{\"@id\":\"https:\/\/www.padreeustaquio.com.br\/#\/schema\/logo\/image\/\"},\"sameAs\":[\"https:\/\/www.facebook.com\/beatopadreeustaquio\/\",\"https:\/\/x.com\/beatopeustaquio\",\"https:\/\/www.instagram.com\/beatopadreeustaquio\/\",\"https:\/\/www.youtube.com\/channel\/UCRhw7vfabnajwLxb1ZXMeIw\"]},{\"@type\":\"Person\",\"@id\":\"https:\/\/www.padreeustaquio.com.br\/#\/schema\/person\/a2a51db1d00f1a7af0204a0f1ddb1566\",\"name\":\"@sscc\",\"image\":{\"@type\":\"ImageObject\",\"inLanguage\":\"es\",\"@id\":\"https:\/\/secure.gravatar.com\/avatar\/68cfafa5f44617fea54071e215026e0ff06be366c3d54a8425f04fdcb86f8c5f?s=96&d=mm&r=g\",\"url\":\"https:\/\/secure.gravatar.com\/avatar\/68cfafa5f44617fea54071e215026e0ff06be366c3d54a8425f04fdcb86f8c5f?s=96&d=mm&r=g\",\"contentUrl\":\"https:\/\/secure.gravatar.com\/avatar\/68cfafa5f44617fea54071e215026e0ff06be366c3d54a8425f04fdcb86f8c5f?s=96&d=mm&r=g\",\"caption\":\"@sscc\"},\"url\":\"https:\/\/www.padreeustaquio.com.br\/es\/author\/sscc\/\"}]}<\/script>\n<!-- \/ Yoast SEO plugin. -->","yoast_head_json":{"title":"Equipo de Liturgia se prepara para la Campa\u00f1a de Fraternidad de este a\u00f1o - Padre Eust\u00e1quio","robots":{"index":"index","follow":"follow","max-snippet":"max-snippet:-1","max-image-preview":"max-image-preview:large","max-video-preview":"max-video-preview:-1"},"canonical":"https:\/\/www.padreeustaquio.com.br\/es\/el-equipo-de-liturgia-se-esta-preparando-para-la-campana-de-fraternidad-de-este-ano\/","og_locale":"es_ES","og_type":"article","og_title":"Equipe de Liturgia se prepara para a Campanha da Fraternidade deste ano - Padre Eust\u00e1quio","og_description":"Os membros da equipe de Liturgia do Santu\u00e1rio da Sa\u00fade e da Paz se reuniram nessa segunda-feira, 17, para refletir sobre a Campanha da Fraternidade 2020.\u00a0Al\u00e9m do momento de forma\u00e7\u00e3o, a equipe organizou a programa\u00e7\u00e3o da Quaresma, a Quarta-Feira de Cinzas e a Semana da Fam\u00edlia, que, em breve ser\u00e3o divulgados aqui no site. A equipe de Liturgia, respons\u00e1vel por rezar, refletir e organizar a vida Lit\u00fargico-Sacramental do Santu\u00e1rio, conheceu o tema da Campanha &#8211; &#8220;Fraternidade e vida: dom e compromisso&#8221; &#8211; e o lema deste ano: &#8220;Viu, sentiu compaix\u00e3o e cuidou dele&#8221;. A Campanha da Fraternidade 2020 Al\u00e9m de [&hellip;]","og_url":"https:\/\/www.padreeustaquio.com.br\/es\/el-equipo-de-liturgia-se-esta-preparando-para-la-campana-de-fraternidad-de-este-ano\/","og_site_name":"Padre Eust\u00e1quio","article_publisher":"https:\/\/www.facebook.com\/beatopadreeustaquio\/","article_published_time":"2020-02-19T10:35:35+00:00","og_image":[{"width":960,"height":720,"url":"https:\/\/www.padreeustaquio.com.br\/wp-content\/uploads\/2020\/02\/EQUIPE-LITURGIA-1.jpg","type":"image\/jpeg"}],"author":"@sscc","twitter_card":"summary_large_image","twitter_creator":"@beatopeustaquio","twitter_site":"@beatopeustaquio","twitter_misc":{"Escrito por":"@sscc","Tiempo de lectura":"2 minutos"},"schema":{"@context":"https:\/\/schema.org","@graph":[{"@type":"Article","@id":"https:\/\/www.padreeustaquio.com.br\/equipe-de-liturgia-se-prepara-para-a-campanha-da-fraternidade-deste-ano\/#article","isPartOf":{"@id":"https:\/\/www.padreeustaquio.com.br\/equipe-de-liturgia-se-prepara-para-a-campanha-da-fraternidade-deste-ano\/"},"author":{"name":"@sscc","@id":"https:\/\/www.padreeustaquio.com.br\/#\/schema\/person\/a2a51db1d00f1a7af0204a0f1ddb1566"},"headline":"Equipe de Liturgia se prepara para a Campanha da Fraternidade deste ano","datePublished":"2020-02-19T10:35:35+00:00","mainEntityOfPage":{"@id":"https:\/\/www.padreeustaquio.com.br\/equipe-de-liturgia-se-prepara-para-a-campanha-da-fraternidade-deste-ano\/"},"wordCount":395,"commentCount":0,"publisher":{"@id":"https:\/\/www.padreeustaquio.com.br\/#organization"},"image":{"@id":"https:\/\/www.padreeustaquio.com.br\/equipe-de-liturgia-se-prepara-para-a-campanha-da-fraternidade-deste-ano\/#primaryimage"},"thumbnailUrl":"https:\/\/www.padreeustaquio.com.br\/wp-content\/uploads\/2020\/02\/EQUIPE-LITURGIA-1.jpg","articleSection":["Not\u00edcias"],"inLanguage":"es","potentialAction":[{"@type":"CommentAction","name":"Comment","target":["https:\/\/www.padreeustaquio.com.br\/equipe-de-liturgia-se-prepara-para-a-campanha-da-fraternidade-deste-ano\/#respond"]}]},{"@type":"WebPage","@id":"https:\/\/www.padreeustaquio.com.br\/equipe-de-liturgia-se-prepara-para-a-campanha-da-fraternidade-deste-ano\/","url":"https:\/\/www.padreeustaquio.com.br\/equipe-de-liturgia-se-prepara-para-a-campanha-da-fraternidade-deste-ano\/","name":"Equipo de Liturgia se prepara para la Campa\u00f1a de Fraternidad de este a\u00f1o - Padre Eust\u00e1quio","isPartOf":{"@id":"https:\/\/www.padreeustaquio.com.br\/#website"},"primaryImageOfPage":{"@id":"https:\/\/www.padreeustaquio.com.br\/equipe-de-liturgia-se-prepara-para-a-campanha-da-fraternidade-deste-ano\/#primaryimage"},"image":{"@id":"https:\/\/www.padreeustaquio.com.br\/equipe-de-liturgia-se-prepara-para-a-campanha-da-fraternidade-deste-ano\/#primaryimage"},"thumbnailUrl":"https:\/\/www.padreeustaquio.com.br\/wp-content\/uploads\/2020\/02\/EQUIPE-LITURGIA-1.jpg","datePublished":"2020-02-19T10:35:35+00:00","breadcrumb":{"@id":"https:\/\/www.padreeustaquio.com.br\/equipe-de-liturgia-se-prepara-para-a-campanha-da-fraternidade-deste-ano\/#breadcrumb"},"inLanguage":"es","potentialAction":[{"@type":"ReadAction","target":["https:\/\/www.padreeustaquio.com.br\/equipe-de-liturgia-se-prepara-para-a-campanha-da-fraternidade-deste-ano\/"]}]},{"@type":"ImageObject","inLanguage":"es","@id":"https:\/\/www.padreeustaquio.com.br\/equipe-de-liturgia-se-prepara-para-a-campanha-da-fraternidade-deste-ano\/#primaryimage","url":"https:\/\/www.padreeustaquio.com.br\/wp-content\/uploads\/2020\/02\/EQUIPE-LITURGIA-1.jpg","contentUrl":"https:\/\/www.padreeustaquio.com.br\/wp-content\/uploads\/2020\/02\/EQUIPE-LITURGIA-1.jpg","width":960,"height":720},{"@type":"BreadcrumbList","@id":"https:\/\/www.padreeustaquio.com.br\/equipe-de-liturgia-se-prepara-para-a-campanha-da-fraternidade-deste-ano\/#breadcrumb","itemListElement":[{"@type":"ListItem","position":1,"name":"In\u00edcio","item":"https:\/\/www.padreeustaquio.com.br\/"},{"@type":"ListItem","position":2,"name":"Equipe de Liturgia se prepara para a Campanha da Fraternidade deste ano"}]},{"@type":"WebSite","@id":"https:\/\/www.padreeustaquio.com.br\/#website","url":"https:\/\/www.padreeustaquio.com.br\/","name":"Padre Eustace","description":"Salud y Paz","publisher":{"@id":"https:\/\/www.padreeustaquio.com.br\/#organization"},"potentialAction":[{"@type":"SearchAction","target":{"@type":"EntryPoint","urlTemplate":"https:\/\/www.padreeustaquio.com.br\/?s={search_term_string}"},"query-input":{"@type":"PropertyValueSpecification","valueRequired":true,"valueName":"search_term_string"}}],"inLanguage":"es"},{"@type":"Organization","@id":"https:\/\/www.padreeustaquio.com.br\/#organization","name":"Padre Eustace","url":"https:\/\/www.padreeustaquio.com.br\/","logo":{"@type":"ImageObject","inLanguage":"es","@id":"https:\/\/www.padreeustaquio.com.br\/#\/schema\/logo\/image\/","url":"https:\/\/www.padreeustaquio.com.br\/wp-content\/uploads\/2019\/08\/marca.png","contentUrl":"https:\/\/www.padreeustaquio.com.br\/wp-content\/uploads\/2019\/08\/marca.png","width":350,"height":400,"caption":"Padre Eust\u00e1quio"},"image":{"@id":"https:\/\/www.padreeustaquio.com.br\/#\/schema\/logo\/image\/"},"sameAs":["https:\/\/www.facebook.com\/beatopadreeustaquio\/","https:\/\/x.com\/beatopeustaquio","https:\/\/www.instagram.com\/beatopadreeustaquio\/","https:\/\/www.youtube.com\/channel\/UCRhw7vfabnajwLxb1ZXMeIw"]},{"@type":"Person","@id":"https:\/\/www.padreeustaquio.com.br\/#\/schema\/person\/a2a51db1d00f1a7af0204a0f1ddb1566","name":"@sscc","image":{"@type":"ImageObject","inLanguage":"es","@id":"https:\/\/secure.gravatar.com\/avatar\/68cfafa5f44617fea54071e215026e0ff06be366c3d54a8425f04fdcb86f8c5f?s=96&d=mm&r=g","url":"https:\/\/secure.gravatar.com\/avatar\/68cfafa5f44617fea54071e215026e0ff06be366c3d54a8425f04fdcb86f8c5f?s=96&d=mm&r=g","contentUrl":"https:\/\/secure.gravatar.com\/avatar\/68cfafa5f44617fea54071e215026e0ff06be366c3d54a8425f04fdcb86f8c5f?s=96&d=mm&r=g","caption":"@sscc"},"url":"https:\/\/www.padreeustaquio.com.br\/es\/author\/sscc\/"}]}},"_links":{"self":[{"href":"https:\/\/www.padreeustaquio.com.br\/es\/wp-json\/wp\/v2\/posts\/3949","targetHints":{"allow":["GET"]}}],"collection":[{"href":"https:\/\/www.padreeustaquio.com.br\/es\/wp-json\/wp\/v2\/posts"}],"about":[{"href":"https:\/\/www.padreeustaquio.com.br\/es\/wp-json\/wp\/v2\/types\/post"}],"author":[{"embeddable":true,"href":"https:\/\/www.padreeustaquio.com.br\/es\/wp-json\/wp\/v2\/users\/2"}],"replies":[{"embeddable":true,"href":"https:\/\/www.padreeustaquio.com.br\/es\/wp-json\/wp\/v2\/comments?post=3949"}],"version-history":[{"count":0,"href":"https:\/\/www.padreeustaquio.com.br\/es\/wp-json\/wp\/v2\/posts\/3949\/revisions"}],"wp:featuredmedia":[{"embeddable":true,"href":"https:\/\/www.padreeustaquio.com.br\/es\/wp-json\/wp\/v2\/media\/3950"}],"wp:attachment":[{"href":"https:\/\/www.padreeustaquio.com.br\/es\/wp-json\/wp\/v2\/media?parent=3949"}],"wp:term":[{"taxonomy":"category","embeddable":true,"href":"https:\/\/www.padreeustaquio.com.br\/es\/wp-json\/wp\/v2\/categories?post=3949"},{"taxonomy":"post_tag","embeddable":true,"href":"https:\/\/www.padreeustaquio.com.br\/es\/wp-json\/wp\/v2\/tags?post=3949"}],"curies":[{"name":"wp","href":"https:\/\/api.w.org\/{rel}","templated":true}]}}