{"id":3066,"date":"2019-06-04T22:33:18","date_gmt":"2019-06-05T01:33:18","guid":{"rendered":"http:\/\/br606.teste.website\/~padre078\/padreeustaquio.com.br\/?p=3066"},"modified":"2019-08-21T22:36:15","modified_gmt":"2019-08-22T01:36:15","slug":"junio-mes-de-los-sagrados-corazones","status":"publish","type":"post","link":"https:\/\/www.padreeustaquio.com.br\/es\/junio-mes-de-los-sagrados-corazones\/","title":{"rendered":"Junio: El mes de los Sagrados Corazones"},"content":{"rendered":"<p><img fetchpriority=\"high\" decoding=\"async\" class=\"alignleft wp-image-3067\" src=\"http:\/\/br606.teste.website\/~padre078\/padreeustaquio.com.br\/wp-content\/uploads\/2019\/08\/041.jpg\" alt=\"\" width=\"300\" height=\"231\" srcset=\"https:\/\/www.padreeustaquio.com.br\/wp-content\/uploads\/2019\/08\/041.jpg 512w, https:\/\/www.padreeustaquio.com.br\/wp-content\/uploads\/2019\/08\/041-300x231.jpg 300w\" sizes=\"(max-width: 300px) 100vw, 300px\" \/>Dom Ant\u00f4nio dos Santos Cabral, primer obispo y arzobispo de Belo Horizonte, dio la bienvenida a la Congregaci\u00f3n de los Sagrados Corazones a la nueva capital de Minas Gerais con la llegada del Padre Eust\u00e1quio van Lieshout para pastorear la futura Parroquia de los Sagrados Corazones, entonces S\u00e3o Domingos. Para los religiosos de la reci\u00e9n llegada Congregaci\u00f3n, la consagraci\u00f3n a los Sagrados Corazones de Jes\u00fas y Mar\u00eda es el fundamento de su instituto.<\/p>\n<p>Hasta principios de la d\u00e9cada de 1940, la parroquia funcion\u00f3 en la peque\u00f1a capilla de Cristo Rey. Sin embargo, el obispo Cabral hab\u00eda prometido a la Congregaci\u00f3n que la parroquia recibir\u00eda el nuevo nombre, con los inseparables Corazones de Jes\u00fas y su devota Madre como sus santos patronos. As\u00ed, cuando el padre Eustaquio coloc\u00f3 la primera piedra de la nueva iglesia, anunci\u00f3 que estar\u00eda dedicada a los Sagrados Corazones. La intensa y breve vida del gran ap\u00f3stol de la Salud y la Paz no le permiti\u00f3 ver el cumplimiento de la promesa, que se cumpli\u00f3 antes de que transcurriera un a\u00f1o desde su fallecimiento, el 30 de agosto de 1943. La breve historia que sigue revelar\u00e1 las fechas clave que culminaron en el decreto del obispo Cabral para los nuevos santos patronos de la parroquia.<\/p>\n<p><strong>09\/09\/1942<\/strong> \u2013 Juscelino Kubitschek, alcalde de Belo Horizonte, en agradecimiento al Padre Eust\u00e1quio, dona el terreno para la construcci\u00f3n de la Iglesia de los Sagrados Corazones.<br \/>\n<strong>11\/10\/1942<\/strong> El Padre Eust\u00e1quio celebra la Eucarist\u00eda en el recinto de la iglesia.<br \/>\n<strong>10\/12\/1942<\/strong> \u2013 Inicio de la construcci\u00f3n de la Iglesia Parroquial Sagrados Corazones.<br \/>\n<strong>16\/05\/1943<\/strong> \u2013 Bendici\u00f3n de la Piedra Angular.<br \/>\n<strong>21\/07\/1944<\/strong> \u2013 Decreto por el que se establece el T\u00edtulo Parroquial de los Sagrados Corazones de Jes\u00fas y Mar\u00eda, conservando los Padres Dominicos el t\u00edtulo de Santo Domingo.<\/p>\n<p>En la Biblia, el coraz\u00f3n es una de las maneras de expresar el amor infinito de Dios por ti. Este amor alcanza su punto m\u00e1ximo con la venida de Jes\u00fas. El Coraz\u00f3n de la Virgen Mar\u00eda est\u00e1 completamente orientado hacia el Coraz\u00f3n de su Divino Hijo. Las Sagradas Escrituras nos ense\u00f1an que ella misma se proclam\u00f3 \u201csierva\u201d del Se\u00f1or.<\/p>\n<p>La devoci\u00f3n al Sagrado Coraz\u00f3n de Jes\u00fas nos remonta a San Juan Evangelista al pie de la cruz, cuando un soldado romano le atraves\u00f3 el costado con una lanza. \u201cY de su coraz\u00f3n abierto brot\u00f3 sangre y agua\u201d. De esta manera, Jes\u00fas revel\u00f3 su amor y su entrega por nosotros. El Coraz\u00f3n de Jes\u00fas nos conoce \u00edntimamente y se revela como un coraz\u00f3n bondadoso y misericordioso. Jes\u00fas nos dice: \u201cVengan a m\u00ed todos los que est\u00e1n cansados y agobiados, y yo les dar\u00e9 descanso\u201d.<\/p>\n<p>Respecto al Coraz\u00f3n de Mar\u00eda, las Escrituras hablan de la espada del dolor, pero sobre todo, de que all\u00ed guardaba el centro de su experiencia como primera disc\u00edpula del Salvador, su hijo amado.<br \/>\nLa espiritualidad de los Sagrados Corazones tiene una profunda y larga historia dentro de la comunidad cristiana, con or\u00edgenes en el Nuevo Testamento, los Padres de la Iglesia y grandes santos como San Juan Evangelista, San Pablo Ap\u00f3stol, San Agust\u00edn, San Benito, San Francisco de As\u00eds, San Buenaventura, y las santas m\u00edsticas de la Edad Media, Santa Matilde de Madburgo, Santa Juliana de Noruega y Santa Catalina de Siena. Sin embargo, fue en Francia donde esta espiritualidad alcanz\u00f3 sus expresiones y caracter\u00edsticas m\u00e1s visibles, llegando hasta nuestros d\u00edas a trav\u00e9s de San Francisco de Sales, San Juan Eudes y el jesuita San Claudio de la Colombi\u00e8re. Finalmente, con Santa Margarita Mar\u00eda Alacoque, en el siglo XVII, la devoci\u00f3n al Sagrado Coraz\u00f3n de Jes\u00fas se formul\u00f3 y propag\u00f3 definitivamente. Su misi\u00f3n fue impulsarla y difundirla universalmente, adaptarla a las necesidades de la Iglesia cat\u00f3lica en los tiempos modernos y establecer las pr\u00e1cticas de piedad m\u00e1s apropiadas para las nuevas circunstancias.<\/p>\n<p>La m\u00e1s famosa de las apariciones fue en 1675, cuando Jes\u00fas pidi\u00f3 a Santa Margarita Mar\u00eda que estableciera una fiesta en honor a su Coraz\u00f3n: el viernes despu\u00e9s de la octava de la festividad del Corpus Christi, y as\u00ed expres\u00f3 la petici\u00f3n de reparaci\u00f3n: \u2018Contemplad este Coraz\u00f3n que tanto ha amado a los hombres. De la mayor\u00eda solo recibo ingratitudes, desprecios, insultos, sacrilegios, indiferencia\u2026 Y os prometo que Mi<\/p>\n<p>Su coraz\u00f3n se expandir\u00e1 para derramar abundantemente las influencias de Su divino Amor sobre aquellos que rinden este honor divino y buscan que se le rinda.\u2019<\/p>\n<p>Desde entonces se difundi\u00f3 ampliamente en toda la Iglesia, especialmente a trav\u00e9s de las famosas &quot;promesas&quot; del Sagrado Coraz\u00f3n de Jes\u00fas a Santa Mar\u00eda Alacoque:<\/p>\n<p>1. Dar\u00e9 a los devotos de Mi Coraz\u00f3n todas las gracias necesarias para su estado de vida.<br \/>\n2. Establecer\u00e9 y mantendr\u00e9 la paz en sus familias.<br \/>\n3. Yo los consolar\u00e9 en todas sus angustias.<br \/>\n4. Ser\u00e9 un refugio seguro en la vida y especialmente en la hora de la muerte.<br \/>\n5. Derramar\u00e9 abundantes bendiciones sobre tu trabajo y tus esfuerzos.<br \/>\n6. Los pecadores encontrar\u00e1n en mi Coraz\u00f3n una fuente inagotable de misericordia.<br \/>\n7. Las almas tibias se volver\u00e1n fervientes mediante la pr\u00e1ctica de esta devoci\u00f3n.<br \/>\n8. Las almas fervientes se elevar\u00e1n en poco tiempo a un alto grado de perfecci\u00f3n.<br \/>\n9. Mi bendici\u00f3n permanecer\u00e1 sobre los hogares donde se exhiba y venere la imagen de mi Sagrado Coraz\u00f3n.<br \/>\n10. Dar\u00e9 a los sacerdotes que practiquen especialmente esta devoci\u00f3n el poder de tocar los corazones m\u00e1s duros.<br \/>\n11. Aquellos que difundan esta devoci\u00f3n tendr\u00e1n sus nombres inscritos para siempre en Mi Coraz\u00f3n.<br \/>\n12. A todos los que reciban la Sagrada Comuni\u00f3n los primeros viernes de nueve meses consecutivos, les conceder\u00e9 la gracia de la perseverancia final y la salvaci\u00f3n eterna.<\/p>\n<p>En 1800, tambi\u00e9n en Francia, fue fundada la Congregaci\u00f3n de los Sagrados Corazones de Jes\u00fas y Mar\u00eda, por la Madre Henrietta Aymer y el Padre Joseph Marie Coudrin, que fue tra\u00edda a Brasil por el Beato Padre Eustaquio y sus compa\u00f1eros en 1925 y lleg\u00f3 a Belo Horizonte en 1942.<\/p>\n<p>Los Fundadores recibieron de Dios el carisma de contemplar, vivir y proclamar el amor a los Sagrados Corazones mediante la adoraci\u00f3n reparadora y el apostolado misionero. Siendo el Coraz\u00f3n de Mar\u00eda la personificaci\u00f3n de la vida y un modelo para seguir a Jes\u00fas, esto resume la misi\u00f3n de los hijos e hijas de los Sagrados Corazones: en Jes\u00fas lo encontramos todo: su nacimiento, su vida y su muerte; esta es nuestra Regla.<\/p>\n<p>\u201c&quot;A los Sagrados Corazones de Jes\u00fas y Mar\u00eda, todo honor y gloria.&quot;\u201d<\/p>\n<p><em>Art\u00edculo escrito por el P. Marco Vin\u00edcius Maciel, SSCC<\/em><\/p>","protected":false},"excerpt":{"rendered":"<p>Dom Ant\u00f4nio dos Santos Cabral, o primeiro bispo e arcebispo de Belo Horizonte acolheu a Congrega\u00e7\u00e3o dos Sagrados Cora\u00e7\u00f5es na nova capital mineira com a chegada do Padre Eust\u00e1quio van Lieshout para pastorear a futura Par\u00f3quia dos Sagrados Cora\u00e7\u00f5es, naquela \u00e9poca, S\u00e3o Domingos. Para os religiosos da rec\u00e9m-chegada Congrega\u00e7\u00e3o, a consagra\u00e7\u00e3o aos Sagrados Cora\u00e7\u00f5es de Jesus e Maria \u00e9 o fundamento de seu instituto. At\u00e9 os primeiros anos de 1940 a Par\u00f3quia funcionava na pequena Capela de Cristo Rei. No entanto, D. Cabral, prometera \u00e0 Congrega\u00e7\u00e3o que a par\u00f3quia receberia o novo t\u00edtulo tendo como Padroeiros os insepar\u00e1veis Cora\u00e7\u00f5es de [&hellip;]<\/p>\n","protected":false},"author":6,"featured_media":3067,"comment_status":"closed","ping_status":"open","sticky":false,"template":"","format":"standard","meta":{"_acf_changed":false,"footnotes":""},"categories":[611],"tags":[],"class_list":["post-3066","post","type-post","status-publish","format-standard","has-post-thumbnail","hentry","category-noticias"],"acf":[],"yoast_head":"<!-- This site is optimized with the Yoast SEO plugin v27.2 - https:\/\/yoast.com\/product\/yoast-seo-wordpress\/ -->\n<title>Junho: O m\u00eas dos Sagrados Cora\u00e7\u00f5es - Padre Eust\u00e1quio<\/title>\n<meta name=\"robots\" content=\"index, follow, max-snippet:-1, max-image-preview:large, max-video-preview:-1\" \/>\n<link rel=\"canonical\" href=\"https:\/\/www.padreeustaquio.com.br\/es\/junio-mes-de-los-sagrados-corazones\/\" \/>\n<meta property=\"og:locale\" content=\"es_ES\" \/>\n<meta property=\"og:type\" content=\"article\" \/>\n<meta property=\"og:title\" content=\"Junho: O m\u00eas dos Sagrados Cora\u00e7\u00f5es - Padre Eust\u00e1quio\" \/>\n<meta property=\"og:description\" content=\"Dom Ant\u00f4nio dos Santos Cabral, o primeiro bispo e arcebispo de Belo Horizonte acolheu a Congrega\u00e7\u00e3o dos Sagrados Cora\u00e7\u00f5es na nova capital mineira com a chegada do Padre Eust\u00e1quio van Lieshout para pastorear a futura Par\u00f3quia dos Sagrados Cora\u00e7\u00f5es, naquela \u00e9poca, S\u00e3o Domingos. Para os religiosos da rec\u00e9m-chegada Congrega\u00e7\u00e3o, a consagra\u00e7\u00e3o aos Sagrados Cora\u00e7\u00f5es de Jesus e Maria \u00e9 o fundamento de seu instituto. At\u00e9 os primeiros anos de 1940 a Par\u00f3quia funcionava na pequena Capela de Cristo Rei. No entanto, D. Cabral, prometera \u00e0 Congrega\u00e7\u00e3o que a par\u00f3quia receberia o novo t\u00edtulo tendo como Padroeiros os insepar\u00e1veis Cora\u00e7\u00f5es de [&hellip;]\" \/>\n<meta property=\"og:url\" content=\"https:\/\/www.padreeustaquio.com.br\/es\/junio-mes-de-los-sagrados-corazones\/\" \/>\n<meta property=\"og:site_name\" content=\"Padre Eust\u00e1quio\" \/>\n<meta property=\"article:publisher\" content=\"https:\/\/www.facebook.com\/beatopadreeustaquio\/\" \/>\n<meta property=\"article:published_time\" content=\"2019-06-05T01:33:18+00:00\" \/>\n<meta property=\"article:modified_time\" content=\"2019-08-22T01:36:15+00:00\" \/>\n<meta property=\"og:image\" content=\"https:\/\/www.padreeustaquio.com.br\/wp-content\/uploads\/2019\/08\/041.jpg\" \/>\n\t<meta property=\"og:image:width\" content=\"512\" \/>\n\t<meta property=\"og:image:height\" content=\"394\" \/>\n\t<meta property=\"og:image:type\" content=\"image\/jpeg\" \/>\n<meta name=\"author\" content=\"sscc\" \/>\n<meta name=\"twitter:card\" content=\"summary_large_image\" \/>\n<meta name=\"twitter:creator\" content=\"@beatopeustaquio\" \/>\n<meta name=\"twitter:site\" content=\"@beatopeustaquio\" \/>\n<meta name=\"twitter:label1\" content=\"Escrito por\" \/>\n\t<meta name=\"twitter:data1\" content=\"sscc\" \/>\n\t<meta name=\"twitter:label2\" content=\"Tiempo de lectura\" \/>\n\t<meta name=\"twitter:data2\" content=\"6 minutos\" \/>\n<script type=\"application\/ld+json\" class=\"yoast-schema-graph\">{\"@context\":\"https:\/\/schema.org\",\"@graph\":[{\"@type\":\"Article\",\"@id\":\"https:\/\/www.padreeustaquio.com.br\/junho-o-mes-dos-sagrados-coracoes\/#article\",\"isPartOf\":{\"@id\":\"https:\/\/www.padreeustaquio.com.br\/junho-o-mes-dos-sagrados-coracoes\/\"},\"author\":{\"name\":\"sscc\",\"@id\":\"https:\/\/www.padreeustaquio.com.br\/#\/schema\/person\/1bbfe7b959f00a655f8ecb6cb8f3ce87\"},\"headline\":\"Junho: O m\u00eas dos Sagrados Cora\u00e7\u00f5es\",\"datePublished\":\"2019-06-05T01:33:18+00:00\",\"dateModified\":\"2019-08-22T01:36:15+00:00\",\"mainEntityOfPage\":{\"@id\":\"https:\/\/www.padreeustaquio.com.br\/junho-o-mes-dos-sagrados-coracoes\/\"},\"wordCount\":1138,\"publisher\":{\"@id\":\"https:\/\/www.padreeustaquio.com.br\/#organization\"},\"image\":{\"@id\":\"https:\/\/www.padreeustaquio.com.br\/junho-o-mes-dos-sagrados-coracoes\/#primaryimage\"},\"thumbnailUrl\":\"https:\/\/www.padreeustaquio.com.br\/wp-content\/uploads\/2019\/08\/041.jpg\",\"articleSection\":[\"Not\u00edcias\"],\"inLanguage\":\"es\"},{\"@type\":\"WebPage\",\"@id\":\"https:\/\/www.padreeustaquio.com.br\/junho-o-mes-dos-sagrados-coracoes\/\",\"url\":\"https:\/\/www.padreeustaquio.com.br\/junho-o-mes-dos-sagrados-coracoes\/\",\"name\":\"Junho: O m\u00eas dos Sagrados Cora\u00e7\u00f5es - Padre Eust\u00e1quio\",\"isPartOf\":{\"@id\":\"https:\/\/www.padreeustaquio.com.br\/#website\"},\"primaryImageOfPage\":{\"@id\":\"https:\/\/www.padreeustaquio.com.br\/junho-o-mes-dos-sagrados-coracoes\/#primaryimage\"},\"image\":{\"@id\":\"https:\/\/www.padreeustaquio.com.br\/junho-o-mes-dos-sagrados-coracoes\/#primaryimage\"},\"thumbnailUrl\":\"https:\/\/www.padreeustaquio.com.br\/wp-content\/uploads\/2019\/08\/041.jpg\",\"datePublished\":\"2019-06-05T01:33:18+00:00\",\"dateModified\":\"2019-08-22T01:36:15+00:00\",\"breadcrumb\":{\"@id\":\"https:\/\/www.padreeustaquio.com.br\/junho-o-mes-dos-sagrados-coracoes\/#breadcrumb\"},\"inLanguage\":\"es\",\"potentialAction\":[{\"@type\":\"ReadAction\",\"target\":[\"https:\/\/www.padreeustaquio.com.br\/junho-o-mes-dos-sagrados-coracoes\/\"]}]},{\"@type\":\"ImageObject\",\"inLanguage\":\"es\",\"@id\":\"https:\/\/www.padreeustaquio.com.br\/junho-o-mes-dos-sagrados-coracoes\/#primaryimage\",\"url\":\"https:\/\/www.padreeustaquio.com.br\/wp-content\/uploads\/2019\/08\/041.jpg\",\"contentUrl\":\"https:\/\/www.padreeustaquio.com.br\/wp-content\/uploads\/2019\/08\/041.jpg\",\"width\":512,\"height\":394},{\"@type\":\"BreadcrumbList\",\"@id\":\"https:\/\/www.padreeustaquio.com.br\/junho-o-mes-dos-sagrados-coracoes\/#breadcrumb\",\"itemListElement\":[{\"@type\":\"ListItem\",\"position\":1,\"name\":\"In\u00edcio\",\"item\":\"https:\/\/www.padreeustaquio.com.br\/\"},{\"@type\":\"ListItem\",\"position\":2,\"name\":\"Junho: O m\u00eas dos Sagrados Cora\u00e7\u00f5es\"}]},{\"@type\":\"WebSite\",\"@id\":\"https:\/\/www.padreeustaquio.com.br\/#website\",\"url\":\"https:\/\/www.padreeustaquio.com.br\/\",\"name\":\"Padre Eust\u00e1quio\",\"description\":\"Sa\u00fade e Paz\",\"publisher\":{\"@id\":\"https:\/\/www.padreeustaquio.com.br\/#organization\"},\"potentialAction\":[{\"@type\":\"SearchAction\",\"target\":{\"@type\":\"EntryPoint\",\"urlTemplate\":\"https:\/\/www.padreeustaquio.com.br\/?s={search_term_string}\"},\"query-input\":{\"@type\":\"PropertyValueSpecification\",\"valueRequired\":true,\"valueName\":\"search_term_string\"}}],\"inLanguage\":\"es\"},{\"@type\":\"Organization\",\"@id\":\"https:\/\/www.padreeustaquio.com.br\/#organization\",\"name\":\"Padre Eust\u00e1quio\",\"url\":\"https:\/\/www.padreeustaquio.com.br\/\",\"logo\":{\"@type\":\"ImageObject\",\"inLanguage\":\"es\",\"@id\":\"https:\/\/www.padreeustaquio.com.br\/#\/schema\/logo\/image\/\",\"url\":\"https:\/\/www.padreeustaquio.com.br\/wp-content\/uploads\/2019\/08\/marca.png\",\"contentUrl\":\"https:\/\/www.padreeustaquio.com.br\/wp-content\/uploads\/2019\/08\/marca.png\",\"width\":350,\"height\":400,\"caption\":\"Padre Eust\u00e1quio\"},\"image\":{\"@id\":\"https:\/\/www.padreeustaquio.com.br\/#\/schema\/logo\/image\/\"},\"sameAs\":[\"https:\/\/www.facebook.com\/beatopadreeustaquio\/\",\"https:\/\/x.com\/beatopeustaquio\",\"https:\/\/www.instagram.com\/beatopadreeustaquio\/\",\"https:\/\/www.youtube.com\/channel\/UCRhw7vfabnajwLxb1ZXMeIw\"]},{\"@type\":\"Person\",\"@id\":\"https:\/\/www.padreeustaquio.com.br\/#\/schema\/person\/1bbfe7b959f00a655f8ecb6cb8f3ce87\",\"name\":\"sscc\",\"image\":{\"@type\":\"ImageObject\",\"inLanguage\":\"es\",\"@id\":\"https:\/\/secure.gravatar.com\/avatar\/edddec27f012d36cfa3fce966238219942e4659e87f27ef7b5704f0db7007bec?s=96&d=mm&r=g\",\"url\":\"https:\/\/secure.gravatar.com\/avatar\/edddec27f012d36cfa3fce966238219942e4659e87f27ef7b5704f0db7007bec?s=96&d=mm&r=g\",\"contentUrl\":\"https:\/\/secure.gravatar.com\/avatar\/edddec27f012d36cfa3fce966238219942e4659e87f27ef7b5704f0db7007bec?s=96&d=mm&r=g\",\"caption\":\"sscc\"},\"url\":\"https:\/\/www.padreeustaquio.com.br\/es\/author\/userpde\/\"}]}<\/script>\n<!-- \/ Yoast SEO plugin. -->","yoast_head_json":{"title":"Junio: El mes de los Sagrados Corazones - Padre Eustace","robots":{"index":"index","follow":"follow","max-snippet":"max-snippet:-1","max-image-preview":"max-image-preview:large","max-video-preview":"max-video-preview:-1"},"canonical":"https:\/\/www.padreeustaquio.com.br\/es\/junio-mes-de-los-sagrados-corazones\/","og_locale":"es_ES","og_type":"article","og_title":"Junho: O m\u00eas dos Sagrados Cora\u00e7\u00f5es - Padre Eust\u00e1quio","og_description":"Dom Ant\u00f4nio dos Santos Cabral, o primeiro bispo e arcebispo de Belo Horizonte acolheu a Congrega\u00e7\u00e3o dos Sagrados Cora\u00e7\u00f5es na nova capital mineira com a chegada do Padre Eust\u00e1quio van Lieshout para pastorear a futura Par\u00f3quia dos Sagrados Cora\u00e7\u00f5es, naquela \u00e9poca, S\u00e3o Domingos. Para os religiosos da rec\u00e9m-chegada Congrega\u00e7\u00e3o, a consagra\u00e7\u00e3o aos Sagrados Cora\u00e7\u00f5es de Jesus e Maria \u00e9 o fundamento de seu instituto. At\u00e9 os primeiros anos de 1940 a Par\u00f3quia funcionava na pequena Capela de Cristo Rei. No entanto, D. Cabral, prometera \u00e0 Congrega\u00e7\u00e3o que a par\u00f3quia receberia o novo t\u00edtulo tendo como Padroeiros os insepar\u00e1veis Cora\u00e7\u00f5es de [&hellip;]","og_url":"https:\/\/www.padreeustaquio.com.br\/es\/junio-mes-de-los-sagrados-corazones\/","og_site_name":"Padre Eust\u00e1quio","article_publisher":"https:\/\/www.facebook.com\/beatopadreeustaquio\/","article_published_time":"2019-06-05T01:33:18+00:00","article_modified_time":"2019-08-22T01:36:15+00:00","og_image":[{"width":512,"height":394,"url":"https:\/\/www.padreeustaquio.com.br\/wp-content\/uploads\/2019\/08\/041.jpg","type":"image\/jpeg"}],"author":"sscc","twitter_card":"summary_large_image","twitter_creator":"@beatopeustaquio","twitter_site":"@beatopeustaquio","twitter_misc":{"Escrito por":"sscc","Tiempo de lectura":"6 minutos"},"schema":{"@context":"https:\/\/schema.org","@graph":[{"@type":"Article","@id":"https:\/\/www.padreeustaquio.com.br\/junho-o-mes-dos-sagrados-coracoes\/#article","isPartOf":{"@id":"https:\/\/www.padreeustaquio.com.br\/junho-o-mes-dos-sagrados-coracoes\/"},"author":{"name":"sscc","@id":"https:\/\/www.padreeustaquio.com.br\/#\/schema\/person\/1bbfe7b959f00a655f8ecb6cb8f3ce87"},"headline":"Junho: O m\u00eas dos Sagrados Cora\u00e7\u00f5es","datePublished":"2019-06-05T01:33:18+00:00","dateModified":"2019-08-22T01:36:15+00:00","mainEntityOfPage":{"@id":"https:\/\/www.padreeustaquio.com.br\/junho-o-mes-dos-sagrados-coracoes\/"},"wordCount":1138,"publisher":{"@id":"https:\/\/www.padreeustaquio.com.br\/#organization"},"image":{"@id":"https:\/\/www.padreeustaquio.com.br\/junho-o-mes-dos-sagrados-coracoes\/#primaryimage"},"thumbnailUrl":"https:\/\/www.padreeustaquio.com.br\/wp-content\/uploads\/2019\/08\/041.jpg","articleSection":["Not\u00edcias"],"inLanguage":"es"},{"@type":"WebPage","@id":"https:\/\/www.padreeustaquio.com.br\/junho-o-mes-dos-sagrados-coracoes\/","url":"https:\/\/www.padreeustaquio.com.br\/junho-o-mes-dos-sagrados-coracoes\/","name":"Junio: El mes de los Sagrados Corazones - Padre Eustace","isPartOf":{"@id":"https:\/\/www.padreeustaquio.com.br\/#website"},"primaryImageOfPage":{"@id":"https:\/\/www.padreeustaquio.com.br\/junho-o-mes-dos-sagrados-coracoes\/#primaryimage"},"image":{"@id":"https:\/\/www.padreeustaquio.com.br\/junho-o-mes-dos-sagrados-coracoes\/#primaryimage"},"thumbnailUrl":"https:\/\/www.padreeustaquio.com.br\/wp-content\/uploads\/2019\/08\/041.jpg","datePublished":"2019-06-05T01:33:18+00:00","dateModified":"2019-08-22T01:36:15+00:00","breadcrumb":{"@id":"https:\/\/www.padreeustaquio.com.br\/junho-o-mes-dos-sagrados-coracoes\/#breadcrumb"},"inLanguage":"es","potentialAction":[{"@type":"ReadAction","target":["https:\/\/www.padreeustaquio.com.br\/junho-o-mes-dos-sagrados-coracoes\/"]}]},{"@type":"ImageObject","inLanguage":"es","@id":"https:\/\/www.padreeustaquio.com.br\/junho-o-mes-dos-sagrados-coracoes\/#primaryimage","url":"https:\/\/www.padreeustaquio.com.br\/wp-content\/uploads\/2019\/08\/041.jpg","contentUrl":"https:\/\/www.padreeustaquio.com.br\/wp-content\/uploads\/2019\/08\/041.jpg","width":512,"height":394},{"@type":"BreadcrumbList","@id":"https:\/\/www.padreeustaquio.com.br\/junho-o-mes-dos-sagrados-coracoes\/#breadcrumb","itemListElement":[{"@type":"ListItem","position":1,"name":"In\u00edcio","item":"https:\/\/www.padreeustaquio.com.br\/"},{"@type":"ListItem","position":2,"name":"Junho: O m\u00eas dos Sagrados Cora\u00e7\u00f5es"}]},{"@type":"WebSite","@id":"https:\/\/www.padreeustaquio.com.br\/#website","url":"https:\/\/www.padreeustaquio.com.br\/","name":"Padre Eustace","description":"Salud y Paz","publisher":{"@id":"https:\/\/www.padreeustaquio.com.br\/#organization"},"potentialAction":[{"@type":"SearchAction","target":{"@type":"EntryPoint","urlTemplate":"https:\/\/www.padreeustaquio.com.br\/?s={search_term_string}"},"query-input":{"@type":"PropertyValueSpecification","valueRequired":true,"valueName":"search_term_string"}}],"inLanguage":"es"},{"@type":"Organization","@id":"https:\/\/www.padreeustaquio.com.br\/#organization","name":"Padre Eustace","url":"https:\/\/www.padreeustaquio.com.br\/","logo":{"@type":"ImageObject","inLanguage":"es","@id":"https:\/\/www.padreeustaquio.com.br\/#\/schema\/logo\/image\/","url":"https:\/\/www.padreeustaquio.com.br\/wp-content\/uploads\/2019\/08\/marca.png","contentUrl":"https:\/\/www.padreeustaquio.com.br\/wp-content\/uploads\/2019\/08\/marca.png","width":350,"height":400,"caption":"Padre Eust\u00e1quio"},"image":{"@id":"https:\/\/www.padreeustaquio.com.br\/#\/schema\/logo\/image\/"},"sameAs":["https:\/\/www.facebook.com\/beatopadreeustaquio\/","https:\/\/x.com\/beatopeustaquio","https:\/\/www.instagram.com\/beatopadreeustaquio\/","https:\/\/www.youtube.com\/channel\/UCRhw7vfabnajwLxb1ZXMeIw"]},{"@type":"Person","@id":"https:\/\/www.padreeustaquio.com.br\/#\/schema\/person\/1bbfe7b959f00a655f8ecb6cb8f3ce87","name":"escuela secundaria","image":{"@type":"ImageObject","inLanguage":"es","@id":"https:\/\/secure.gravatar.com\/avatar\/edddec27f012d36cfa3fce966238219942e4659e87f27ef7b5704f0db7007bec?s=96&d=mm&r=g","url":"https:\/\/secure.gravatar.com\/avatar\/edddec27f012d36cfa3fce966238219942e4659e87f27ef7b5704f0db7007bec?s=96&d=mm&r=g","contentUrl":"https:\/\/secure.gravatar.com\/avatar\/edddec27f012d36cfa3fce966238219942e4659e87f27ef7b5704f0db7007bec?s=96&d=mm&r=g","caption":"sscc"},"url":"https:\/\/www.padreeustaquio.com.br\/es\/author\/userpde\/"}]}},"_links":{"self":[{"href":"https:\/\/www.padreeustaquio.com.br\/es\/wp-json\/wp\/v2\/posts\/3066","targetHints":{"allow":["GET"]}}],"collection":[{"href":"https:\/\/www.padreeustaquio.com.br\/es\/wp-json\/wp\/v2\/posts"}],"about":[{"href":"https:\/\/www.padreeustaquio.com.br\/es\/wp-json\/wp\/v2\/types\/post"}],"author":[{"embeddable":true,"href":"https:\/\/www.padreeustaquio.com.br\/es\/wp-json\/wp\/v2\/users\/6"}],"replies":[{"embeddable":true,"href":"https:\/\/www.padreeustaquio.com.br\/es\/wp-json\/wp\/v2\/comments?post=3066"}],"version-history":[{"count":0,"href":"https:\/\/www.padreeustaquio.com.br\/es\/wp-json\/wp\/v2\/posts\/3066\/revisions"}],"wp:featuredmedia":[{"embeddable":true,"href":"https:\/\/www.padreeustaquio.com.br\/es\/wp-json\/wp\/v2\/media\/3067"}],"wp:attachment":[{"href":"https:\/\/www.padreeustaquio.com.br\/es\/wp-json\/wp\/v2\/media?parent=3066"}],"wp:term":[{"taxonomy":"category","embeddable":true,"href":"https:\/\/www.padreeustaquio.com.br\/es\/wp-json\/wp\/v2\/categories?post=3066"},{"taxonomy":"post_tag","embeddable":true,"href":"https:\/\/www.padreeustaquio.com.br\/es\/wp-json\/wp\/v2\/tags?post=3066"}],"curies":[{"name":"wp","href":"https:\/\/api.w.org\/{rel}","templated":true}]}}