{"id":3063,"date":"2019-06-03T22:30:49","date_gmt":"2019-06-04T01:30:49","guid":{"rendered":"http:\/\/br606.teste.website\/~padre078\/padreeustaquio.com.br\/?p=3063"},"modified":"2019-08-21T22:32:29","modified_gmt":"2019-08-22T01:32:29","slug":"comite-ejecutivo-latinoamericano-se-reune-en-peru","status":"publish","type":"post","link":"https:\/\/www.padreeustaquio.com.br\/es\/comite-ejecutivo-latinoamericano-se-reune-en-peru\/","title":{"rendered":"Comit\u00e9 ejecutivo latinoamericano se re\u00fane en Per\u00fa."},"content":{"rendered":"<p>El comit\u00e9 ejecutivo de la Conferencia Interprovincial de Am\u00e9rica Latina (CIAL) se reuni\u00f3 en Lima, Per\u00fa, del 29 al 31 de mayo. El comit\u00e9 de la Congregaci\u00f3n de los Sagrados Corazones est\u00e1 integrado por representantes de las provincias andinas (Colombia, Ecuador, Bolivia y Puerto Rico), Brasil, Chile y M\u00e9xico, los representantes regionales de Paraguay y los coordinadores de formaci\u00f3n inicial y permanente.<\/p>\n<p>Durante la reuni\u00f3n, se recibieron informes sobre la formaci\u00f3n inicial en Latinoam\u00e9rica y se debatieron posibles cambios en la estructura del CIAL y de las casas de formaci\u00f3n inicial interprovinciales. Tambi\u00e9n se discuti\u00f3 la organizaci\u00f3n de las pr\u00f3ximas actividades de la Conferencia.<\/p>\n<p>El Padre S\u00e9rgio Stein, sscc, Provincial de Brasil, particip\u00f3 en la reuni\u00f3n. El Superior General y el Vicario General de la Congregaci\u00f3n tambi\u00e9n estuvieron presentes, quienes aprovecharon la oportunidad para hablar un poco m\u00e1s sobre la vida de la Congregaci\u00f3n de los Sagrados Corazones en el mundo.<\/p>","protected":false},"excerpt":{"rendered":"<p>O comit\u00ea executivo da Confer\u00eancia Interprovincial da Am\u00e9rica Latina (CIAL) reuniu-se em Lima, no Peru, de 29 a 31 de maio. O comit\u00ea da Congrega\u00e7\u00e3o dos Sagrados Cora\u00e7\u00f5es \u00e9 composto por representantes das prov\u00edncias andinas (Col\u00f4mbia, Equador, Bol\u00edvia e Porto Rico), do Brasil, Chile e M\u00e9xico, os regionais do Paraguai e os coordenadores de forma\u00e7\u00e3o inicial e forma\u00e7\u00e3o permanente. No encontro, foram recebidos relat\u00f3rios sobre a forma\u00e7\u00e3o inicial na Am\u00e9rica Latina e foram realizadas discuss\u00f5es sobre poss\u00edveis mudan\u00e7as na estrutura da CIAL e das casas interprovinciais de forma\u00e7\u00e3o inicial. A organiza\u00e7\u00e3o das pr\u00f3ximas atividades da Confer\u00eancia tamb\u00e9m foi discutida. Padre [&hellip;]<\/p>\n","protected":false},"author":6,"featured_media":3064,"comment_status":"closed","ping_status":"open","sticky":false,"template":"","format":"standard","meta":{"_acf_changed":false,"footnotes":""},"categories":[611],"tags":[],"class_list":["post-3063","post","type-post","status-publish","format-standard","has-post-thumbnail","hentry","category-noticias"],"acf":[],"yoast_head":"<!-- This site is optimized with the Yoast SEO plugin v27.2 - https:\/\/yoast.com\/product\/yoast-seo-wordpress\/ -->\n<title>Comit\u00ea executivo da Am\u00e9rica Latina se re\u00fane no Peru - Padre Eust\u00e1quio<\/title>\n<meta name=\"robots\" content=\"index, follow, max-snippet:-1, max-image-preview:large, max-video-preview:-1\" \/>\n<link rel=\"canonical\" href=\"https:\/\/www.padreeustaquio.com.br\/es\/comite-ejecutivo-latinoamericano-se-reune-en-peru\/\" \/>\n<meta property=\"og:locale\" content=\"es_ES\" \/>\n<meta property=\"og:type\" content=\"article\" \/>\n<meta property=\"og:title\" content=\"Comit\u00ea executivo da Am\u00e9rica Latina se re\u00fane no Peru - Padre Eust\u00e1quio\" \/>\n<meta property=\"og:description\" content=\"O comit\u00ea executivo da Confer\u00eancia Interprovincial da Am\u00e9rica Latina (CIAL) reuniu-se em Lima, no Peru, de 29 a 31 de maio. O comit\u00ea da Congrega\u00e7\u00e3o dos Sagrados Cora\u00e7\u00f5es \u00e9 composto por representantes das prov\u00edncias andinas (Col\u00f4mbia, Equador, Bol\u00edvia e Porto Rico), do Brasil, Chile e M\u00e9xico, os regionais do Paraguai e os coordenadores de forma\u00e7\u00e3o inicial e forma\u00e7\u00e3o permanente. No encontro, foram recebidos relat\u00f3rios sobre a forma\u00e7\u00e3o inicial na Am\u00e9rica Latina e foram realizadas discuss\u00f5es sobre poss\u00edveis mudan\u00e7as na estrutura da CIAL e das casas interprovinciais de forma\u00e7\u00e3o inicial. A organiza\u00e7\u00e3o das pr\u00f3ximas atividades da Confer\u00eancia tamb\u00e9m foi discutida. Padre [&hellip;]\" \/>\n<meta property=\"og:url\" content=\"https:\/\/www.padreeustaquio.com.br\/es\/comite-ejecutivo-latinoamericano-se-reune-en-peru\/\" \/>\n<meta property=\"og:site_name\" content=\"Padre Eust\u00e1quio\" \/>\n<meta property=\"article:publisher\" content=\"https:\/\/www.facebook.com\/beatopadreeustaquio\/\" \/>\n<meta property=\"article:published_time\" content=\"2019-06-04T01:30:49+00:00\" \/>\n<meta property=\"article:modified_time\" content=\"2019-08-22T01:32:29+00:00\" \/>\n<meta property=\"og:image\" content=\"https:\/\/www.padreeustaquio.com.br\/wp-content\/uploads\/2019\/08\/040.jpg\" \/>\n\t<meta property=\"og:image:width\" content=\"512\" \/>\n\t<meta property=\"og:image:height\" content=\"394\" \/>\n\t<meta property=\"og:image:type\" content=\"image\/jpeg\" \/>\n<meta name=\"author\" content=\"sscc\" \/>\n<meta name=\"twitter:card\" content=\"summary_large_image\" \/>\n<meta name=\"twitter:creator\" content=\"@beatopeustaquio\" \/>\n<meta name=\"twitter:site\" content=\"@beatopeustaquio\" \/>\n<meta name=\"twitter:label1\" content=\"Escrito por\" \/>\n\t<meta name=\"twitter:data1\" content=\"sscc\" \/>\n\t<meta name=\"twitter:label2\" content=\"Tiempo de lectura\" \/>\n\t<meta name=\"twitter:data2\" content=\"1 minuto\" \/>\n<script type=\"application\/ld+json\" class=\"yoast-schema-graph\">{\"@context\":\"https:\/\/schema.org\",\"@graph\":[{\"@type\":\"Article\",\"@id\":\"https:\/\/www.padreeustaquio.com.br\/comite-executivo-da-america-latina-se-reune-no-peru\/#article\",\"isPartOf\":{\"@id\":\"https:\/\/www.padreeustaquio.com.br\/comite-executivo-da-america-latina-se-reune-no-peru\/\"},\"author\":{\"name\":\"sscc\",\"@id\":\"https:\/\/www.padreeustaquio.com.br\/#\/schema\/person\/1bbfe7b959f00a655f8ecb6cb8f3ce87\"},\"headline\":\"Comit\u00ea executivo da Am\u00e9rica Latina se re\u00fane no Peru\",\"datePublished\":\"2019-06-04T01:30:49+00:00\",\"dateModified\":\"2019-08-22T01:32:29+00:00\",\"mainEntityOfPage\":{\"@id\":\"https:\/\/www.padreeustaquio.com.br\/comite-executivo-da-america-latina-se-reune-no-peru\/\"},\"wordCount\":175,\"publisher\":{\"@id\":\"https:\/\/www.padreeustaquio.com.br\/#organization\"},\"image\":{\"@id\":\"https:\/\/www.padreeustaquio.com.br\/comite-executivo-da-america-latina-se-reune-no-peru\/#primaryimage\"},\"thumbnailUrl\":\"https:\/\/www.padreeustaquio.com.br\/wp-content\/uploads\/2019\/08\/040.jpg\",\"articleSection\":[\"Not\u00edcias\"],\"inLanguage\":\"es\"},{\"@type\":\"WebPage\",\"@id\":\"https:\/\/www.padreeustaquio.com.br\/comite-executivo-da-america-latina-se-reune-no-peru\/\",\"url\":\"https:\/\/www.padreeustaquio.com.br\/comite-executivo-da-america-latina-se-reune-no-peru\/\",\"name\":\"Comit\u00ea executivo da Am\u00e9rica Latina se re\u00fane no Peru - Padre Eust\u00e1quio\",\"isPartOf\":{\"@id\":\"https:\/\/www.padreeustaquio.com.br\/#website\"},\"primaryImageOfPage\":{\"@id\":\"https:\/\/www.padreeustaquio.com.br\/comite-executivo-da-america-latina-se-reune-no-peru\/#primaryimage\"},\"image\":{\"@id\":\"https:\/\/www.padreeustaquio.com.br\/comite-executivo-da-america-latina-se-reune-no-peru\/#primaryimage\"},\"thumbnailUrl\":\"https:\/\/www.padreeustaquio.com.br\/wp-content\/uploads\/2019\/08\/040.jpg\",\"datePublished\":\"2019-06-04T01:30:49+00:00\",\"dateModified\":\"2019-08-22T01:32:29+00:00\",\"breadcrumb\":{\"@id\":\"https:\/\/www.padreeustaquio.com.br\/comite-executivo-da-america-latina-se-reune-no-peru\/#breadcrumb\"},\"inLanguage\":\"es\",\"potentialAction\":[{\"@type\":\"ReadAction\",\"target\":[\"https:\/\/www.padreeustaquio.com.br\/comite-executivo-da-america-latina-se-reune-no-peru\/\"]}]},{\"@type\":\"ImageObject\",\"inLanguage\":\"es\",\"@id\":\"https:\/\/www.padreeustaquio.com.br\/comite-executivo-da-america-latina-se-reune-no-peru\/#primaryimage\",\"url\":\"https:\/\/www.padreeustaquio.com.br\/wp-content\/uploads\/2019\/08\/040.jpg\",\"contentUrl\":\"https:\/\/www.padreeustaquio.com.br\/wp-content\/uploads\/2019\/08\/040.jpg\",\"width\":512,\"height\":394},{\"@type\":\"BreadcrumbList\",\"@id\":\"https:\/\/www.padreeustaquio.com.br\/comite-executivo-da-america-latina-se-reune-no-peru\/#breadcrumb\",\"itemListElement\":[{\"@type\":\"ListItem\",\"position\":1,\"name\":\"In\u00edcio\",\"item\":\"https:\/\/www.padreeustaquio.com.br\/\"},{\"@type\":\"ListItem\",\"position\":2,\"name\":\"Comit\u00ea executivo da Am\u00e9rica Latina se re\u00fane no Peru\"}]},{\"@type\":\"WebSite\",\"@id\":\"https:\/\/www.padreeustaquio.com.br\/#website\",\"url\":\"https:\/\/www.padreeustaquio.com.br\/\",\"name\":\"Padre Eust\u00e1quio\",\"description\":\"Sa\u00fade e Paz\",\"publisher\":{\"@id\":\"https:\/\/www.padreeustaquio.com.br\/#organization\"},\"potentialAction\":[{\"@type\":\"SearchAction\",\"target\":{\"@type\":\"EntryPoint\",\"urlTemplate\":\"https:\/\/www.padreeustaquio.com.br\/?s={search_term_string}\"},\"query-input\":{\"@type\":\"PropertyValueSpecification\",\"valueRequired\":true,\"valueName\":\"search_term_string\"}}],\"inLanguage\":\"es\"},{\"@type\":\"Organization\",\"@id\":\"https:\/\/www.padreeustaquio.com.br\/#organization\",\"name\":\"Padre Eust\u00e1quio\",\"url\":\"https:\/\/www.padreeustaquio.com.br\/\",\"logo\":{\"@type\":\"ImageObject\",\"inLanguage\":\"es\",\"@id\":\"https:\/\/www.padreeustaquio.com.br\/#\/schema\/logo\/image\/\",\"url\":\"https:\/\/www.padreeustaquio.com.br\/wp-content\/uploads\/2019\/08\/marca.png\",\"contentUrl\":\"https:\/\/www.padreeustaquio.com.br\/wp-content\/uploads\/2019\/08\/marca.png\",\"width\":350,\"height\":400,\"caption\":\"Padre Eust\u00e1quio\"},\"image\":{\"@id\":\"https:\/\/www.padreeustaquio.com.br\/#\/schema\/logo\/image\/\"},\"sameAs\":[\"https:\/\/www.facebook.com\/beatopadreeustaquio\/\",\"https:\/\/x.com\/beatopeustaquio\",\"https:\/\/www.instagram.com\/beatopadreeustaquio\/\",\"https:\/\/www.youtube.com\/channel\/UCRhw7vfabnajwLxb1ZXMeIw\"]},{\"@type\":\"Person\",\"@id\":\"https:\/\/www.padreeustaquio.com.br\/#\/schema\/person\/1bbfe7b959f00a655f8ecb6cb8f3ce87\",\"name\":\"sscc\",\"image\":{\"@type\":\"ImageObject\",\"inLanguage\":\"es\",\"@id\":\"https:\/\/secure.gravatar.com\/avatar\/edddec27f012d36cfa3fce966238219942e4659e87f27ef7b5704f0db7007bec?s=96&d=mm&r=g\",\"url\":\"https:\/\/secure.gravatar.com\/avatar\/edddec27f012d36cfa3fce966238219942e4659e87f27ef7b5704f0db7007bec?s=96&d=mm&r=g\",\"contentUrl\":\"https:\/\/secure.gravatar.com\/avatar\/edddec27f012d36cfa3fce966238219942e4659e87f27ef7b5704f0db7007bec?s=96&d=mm&r=g\",\"caption\":\"sscc\"},\"url\":\"https:\/\/www.padreeustaquio.com.br\/es\/author\/userpde\/\"}]}<\/script>\n<!-- \/ Yoast SEO plugin. -->","yoast_head_json":{"title":"Comit\u00e9 Ejecutivo Latinoamericano se re\u00fane en Per\u00fa - Padre Eust\u00e1quio","robots":{"index":"index","follow":"follow","max-snippet":"max-snippet:-1","max-image-preview":"max-image-preview:large","max-video-preview":"max-video-preview:-1"},"canonical":"https:\/\/www.padreeustaquio.com.br\/es\/comite-ejecutivo-latinoamericano-se-reune-en-peru\/","og_locale":"es_ES","og_type":"article","og_title":"Comit\u00ea executivo da Am\u00e9rica Latina se re\u00fane no Peru - Padre Eust\u00e1quio","og_description":"O comit\u00ea executivo da Confer\u00eancia Interprovincial da Am\u00e9rica Latina (CIAL) reuniu-se em Lima, no Peru, de 29 a 31 de maio. O comit\u00ea da Congrega\u00e7\u00e3o dos Sagrados Cora\u00e7\u00f5es \u00e9 composto por representantes das prov\u00edncias andinas (Col\u00f4mbia, Equador, Bol\u00edvia e Porto Rico), do Brasil, Chile e M\u00e9xico, os regionais do Paraguai e os coordenadores de forma\u00e7\u00e3o inicial e forma\u00e7\u00e3o permanente. No encontro, foram recebidos relat\u00f3rios sobre a forma\u00e7\u00e3o inicial na Am\u00e9rica Latina e foram realizadas discuss\u00f5es sobre poss\u00edveis mudan\u00e7as na estrutura da CIAL e das casas interprovinciais de forma\u00e7\u00e3o inicial. A organiza\u00e7\u00e3o das pr\u00f3ximas atividades da Confer\u00eancia tamb\u00e9m foi discutida. Padre [&hellip;]","og_url":"https:\/\/www.padreeustaquio.com.br\/es\/comite-ejecutivo-latinoamericano-se-reune-en-peru\/","og_site_name":"Padre Eust\u00e1quio","article_publisher":"https:\/\/www.facebook.com\/beatopadreeustaquio\/","article_published_time":"2019-06-04T01:30:49+00:00","article_modified_time":"2019-08-22T01:32:29+00:00","og_image":[{"width":512,"height":394,"url":"https:\/\/www.padreeustaquio.com.br\/wp-content\/uploads\/2019\/08\/040.jpg","type":"image\/jpeg"}],"author":"sscc","twitter_card":"summary_large_image","twitter_creator":"@beatopeustaquio","twitter_site":"@beatopeustaquio","twitter_misc":{"Escrito por":"sscc","Tiempo de lectura":"1 minuto"},"schema":{"@context":"https:\/\/schema.org","@graph":[{"@type":"Article","@id":"https:\/\/www.padreeustaquio.com.br\/comite-executivo-da-america-latina-se-reune-no-peru\/#article","isPartOf":{"@id":"https:\/\/www.padreeustaquio.com.br\/comite-executivo-da-america-latina-se-reune-no-peru\/"},"author":{"name":"sscc","@id":"https:\/\/www.padreeustaquio.com.br\/#\/schema\/person\/1bbfe7b959f00a655f8ecb6cb8f3ce87"},"headline":"Comit\u00ea executivo da Am\u00e9rica Latina se re\u00fane no Peru","datePublished":"2019-06-04T01:30:49+00:00","dateModified":"2019-08-22T01:32:29+00:00","mainEntityOfPage":{"@id":"https:\/\/www.padreeustaquio.com.br\/comite-executivo-da-america-latina-se-reune-no-peru\/"},"wordCount":175,"publisher":{"@id":"https:\/\/www.padreeustaquio.com.br\/#organization"},"image":{"@id":"https:\/\/www.padreeustaquio.com.br\/comite-executivo-da-america-latina-se-reune-no-peru\/#primaryimage"},"thumbnailUrl":"https:\/\/www.padreeustaquio.com.br\/wp-content\/uploads\/2019\/08\/040.jpg","articleSection":["Not\u00edcias"],"inLanguage":"es"},{"@type":"WebPage","@id":"https:\/\/www.padreeustaquio.com.br\/comite-executivo-da-america-latina-se-reune-no-peru\/","url":"https:\/\/www.padreeustaquio.com.br\/comite-executivo-da-america-latina-se-reune-no-peru\/","name":"Comit\u00e9 Ejecutivo Latinoamericano se re\u00fane en Per\u00fa - Padre Eust\u00e1quio","isPartOf":{"@id":"https:\/\/www.padreeustaquio.com.br\/#website"},"primaryImageOfPage":{"@id":"https:\/\/www.padreeustaquio.com.br\/comite-executivo-da-america-latina-se-reune-no-peru\/#primaryimage"},"image":{"@id":"https:\/\/www.padreeustaquio.com.br\/comite-executivo-da-america-latina-se-reune-no-peru\/#primaryimage"},"thumbnailUrl":"https:\/\/www.padreeustaquio.com.br\/wp-content\/uploads\/2019\/08\/040.jpg","datePublished":"2019-06-04T01:30:49+00:00","dateModified":"2019-08-22T01:32:29+00:00","breadcrumb":{"@id":"https:\/\/www.padreeustaquio.com.br\/comite-executivo-da-america-latina-se-reune-no-peru\/#breadcrumb"},"inLanguage":"es","potentialAction":[{"@type":"ReadAction","target":["https:\/\/www.padreeustaquio.com.br\/comite-executivo-da-america-latina-se-reune-no-peru\/"]}]},{"@type":"ImageObject","inLanguage":"es","@id":"https:\/\/www.padreeustaquio.com.br\/comite-executivo-da-america-latina-se-reune-no-peru\/#primaryimage","url":"https:\/\/www.padreeustaquio.com.br\/wp-content\/uploads\/2019\/08\/040.jpg","contentUrl":"https:\/\/www.padreeustaquio.com.br\/wp-content\/uploads\/2019\/08\/040.jpg","width":512,"height":394},{"@type":"BreadcrumbList","@id":"https:\/\/www.padreeustaquio.com.br\/comite-executivo-da-america-latina-se-reune-no-peru\/#breadcrumb","itemListElement":[{"@type":"ListItem","position":1,"name":"In\u00edcio","item":"https:\/\/www.padreeustaquio.com.br\/"},{"@type":"ListItem","position":2,"name":"Comit\u00ea executivo da Am\u00e9rica Latina se re\u00fane no Peru"}]},{"@type":"WebSite","@id":"https:\/\/www.padreeustaquio.com.br\/#website","url":"https:\/\/www.padreeustaquio.com.br\/","name":"Padre Eustace","description":"Salud y Paz","publisher":{"@id":"https:\/\/www.padreeustaquio.com.br\/#organization"},"potentialAction":[{"@type":"SearchAction","target":{"@type":"EntryPoint","urlTemplate":"https:\/\/www.padreeustaquio.com.br\/?s={search_term_string}"},"query-input":{"@type":"PropertyValueSpecification","valueRequired":true,"valueName":"search_term_string"}}],"inLanguage":"es"},{"@type":"Organization","@id":"https:\/\/www.padreeustaquio.com.br\/#organization","name":"Padre Eustace","url":"https:\/\/www.padreeustaquio.com.br\/","logo":{"@type":"ImageObject","inLanguage":"es","@id":"https:\/\/www.padreeustaquio.com.br\/#\/schema\/logo\/image\/","url":"https:\/\/www.padreeustaquio.com.br\/wp-content\/uploads\/2019\/08\/marca.png","contentUrl":"https:\/\/www.padreeustaquio.com.br\/wp-content\/uploads\/2019\/08\/marca.png","width":350,"height":400,"caption":"Padre Eust\u00e1quio"},"image":{"@id":"https:\/\/www.padreeustaquio.com.br\/#\/schema\/logo\/image\/"},"sameAs":["https:\/\/www.facebook.com\/beatopadreeustaquio\/","https:\/\/x.com\/beatopeustaquio","https:\/\/www.instagram.com\/beatopadreeustaquio\/","https:\/\/www.youtube.com\/channel\/UCRhw7vfabnajwLxb1ZXMeIw"]},{"@type":"Person","@id":"https:\/\/www.padreeustaquio.com.br\/#\/schema\/person\/1bbfe7b959f00a655f8ecb6cb8f3ce87","name":"escuela secundaria","image":{"@type":"ImageObject","inLanguage":"es","@id":"https:\/\/secure.gravatar.com\/avatar\/edddec27f012d36cfa3fce966238219942e4659e87f27ef7b5704f0db7007bec?s=96&d=mm&r=g","url":"https:\/\/secure.gravatar.com\/avatar\/edddec27f012d36cfa3fce966238219942e4659e87f27ef7b5704f0db7007bec?s=96&d=mm&r=g","contentUrl":"https:\/\/secure.gravatar.com\/avatar\/edddec27f012d36cfa3fce966238219942e4659e87f27ef7b5704f0db7007bec?s=96&d=mm&r=g","caption":"sscc"},"url":"https:\/\/www.padreeustaquio.com.br\/es\/author\/userpde\/"}]}},"_links":{"self":[{"href":"https:\/\/www.padreeustaquio.com.br\/es\/wp-json\/wp\/v2\/posts\/3063","targetHints":{"allow":["GET"]}}],"collection":[{"href":"https:\/\/www.padreeustaquio.com.br\/es\/wp-json\/wp\/v2\/posts"}],"about":[{"href":"https:\/\/www.padreeustaquio.com.br\/es\/wp-json\/wp\/v2\/types\/post"}],"author":[{"embeddable":true,"href":"https:\/\/www.padreeustaquio.com.br\/es\/wp-json\/wp\/v2\/users\/6"}],"replies":[{"embeddable":true,"href":"https:\/\/www.padreeustaquio.com.br\/es\/wp-json\/wp\/v2\/comments?post=3063"}],"version-history":[{"count":0,"href":"https:\/\/www.padreeustaquio.com.br\/es\/wp-json\/wp\/v2\/posts\/3063\/revisions"}],"wp:featuredmedia":[{"embeddable":true,"href":"https:\/\/www.padreeustaquio.com.br\/es\/wp-json\/wp\/v2\/media\/3064"}],"wp:attachment":[{"href":"https:\/\/www.padreeustaquio.com.br\/es\/wp-json\/wp\/v2\/media?parent=3063"}],"wp:term":[{"taxonomy":"category","embeddable":true,"href":"https:\/\/www.padreeustaquio.com.br\/es\/wp-json\/wp\/v2\/categories?post=3063"},{"taxonomy":"post_tag","embeddable":true,"href":"https:\/\/www.padreeustaquio.com.br\/es\/wp-json\/wp\/v2\/tags?post=3063"}],"curies":[{"name":"wp","href":"https:\/\/api.w.org\/{rel}","templated":true}]}}