{"id":3060,"date":"2019-05-30T22:28:40","date_gmt":"2019-05-31T01:28:40","guid":{"rendered":"http:\/\/br606.teste.website\/~padre078\/padreeustaquio.com.br\/?p=3060"},"modified":"2019-08-21T22:30:06","modified_gmt":"2019-08-22T01:30:06","slug":"la-iglesia-del-padre-eustaquio-recibe-las-peticiones-dejadas-en-el-hospital-alberto-cavalcanti","status":"publish","type":"post","link":"https:\/\/www.padreeustaquio.com.br\/es\/la-iglesia-del-padre-eustaquio-recibe-las-peticiones-dejadas-en-el-hospital-alberto-cavalcanti\/","title":{"rendered":"Iglesia Padre Eust\u00e1quio recibe pedidos dejados en el Hospital Alberto Cavalcanti."},"content":{"rendered":"<p>El equipo que trabaja en la causa de Canonizaci\u00f3n recibi\u00f3 esta semana una caja con peticiones, agradecimientos y oraciones dejadas por los devotos en la habitaci\u00f3n donde el Padre Eust\u00e1quio pas\u00f3 los \u00faltimos momentos de su vida.<\/p>\n<p>Los documentos son recogidos por empleados del Hospital Abierto Cavalcanti, en la regi\u00f3n noroeste de Belo Horizonte, y frecuentemente se depositan en el Santuario de la Salud y la Paz (Iglesia Padre Eust\u00e1quio). Hay cientos de peticiones de oraciones, curaciones y otras gracias, depositadas en una caja por quienes visitan la habitaci\u00f3n del hospital, que a\u00fan conserva el mobiliario y las im\u00e1genes de aquel d\u00eda, 30 de agosto de 1943.<\/p>\n<p>El Hospital Alberto Cavalcanti \u2013 HAC se encuentra en el barrio Padre Eust\u00e1quio de Belo Horizonte y fue inaugurado en 1936 con el nombre de Sanat\u00f3rio Minas Gerais. Su misi\u00f3n en aquel entonces era tratar a pacientes con tuberculosis.<\/p>\n<p>El Instituto de Jubilaciones y Pensiones de Empleados Bancarios (IRPB) adquiri\u00f3 el sanatorio en 1947, que pas\u00f3 a llamarse Sanaminas. Este nombre se mantuvo en todo el pa\u00eds hasta 1956. Durante los cuatro a\u00f1os siguientes, el sanatorio permaneci\u00f3 cerrado por reformas, reabri\u00e9ndose en 1960 como el Sanatorio Alberto Cavalcanti, el centro m\u00e1s moderno para el tratamiento de la tuberculosis del pa\u00eds.<\/p>\n<p>Antes de formar parte de la Fundaci\u00f3n Hospitalaria del Estado de Minas Gerais \u2013 Fhemig, el hospital perteneci\u00f3 al Instituto Nacional de Seguridad Social \u2013 INPS y luego al Instituto Nacional de Asistencia M\u00e9dica de la Seguridad Social \u2013 Inamps.<\/p>\n<p>Hoy en d\u00eda, Alberto Cavalcanti es un hospital general de tama\u00f1o mediano, con servicios de mastolog\u00eda, cirug\u00eda general y especialidades como medicina interna, oncolog\u00eda, urgencias y servicios ambulatorios.<\/p>","protected":false},"excerpt":{"rendered":"<p>A equipe da causa de Canoniza\u00e7\u00e3o recebeu, esta semana, uma caixa com pedidos, agradecimentos e ora\u00e7\u00f5es deixados pelos devotos no quarto onde Padre Eust\u00e1quio passou os \u00faltimos minutos de sua vida. Os pap\u00e9is s\u00e3o recolhidos pelos funcion\u00e1rios do Hospital Aberto Cavalcanti, regi\u00e3o Noroeste de Belo Horizonte, e deixados no Santu\u00e1rio da Sa\u00fade e da Paz (Igreja Padre Eust\u00e1quio) com frequ\u00eancia. S\u00e3o centenas de pedidos de ora\u00e7\u00e3o, curas e outras gra\u00e7as, colocados numa caixa pelas pessoas que visitam o quarto do hospital, que guarda, at\u00e9 hoje, os m\u00f3veis e quadros daquele dia 30 de agosto de 1943. O Hospital Alberto Cavalcanti [&hellip;]<\/p>\n","protected":false},"author":6,"featured_media":3061,"comment_status":"closed","ping_status":"open","sticky":false,"template":"","format":"standard","meta":{"_acf_changed":false,"footnotes":""},"categories":[611],"tags":[],"class_list":["post-3060","post","type-post","status-publish","format-standard","has-post-thumbnail","hentry","category-noticias"],"acf":[],"yoast_head":"<!-- This site is optimized with the Yoast SEO plugin v27.2 - https:\/\/yoast.com\/product\/yoast-seo-wordpress\/ -->\n<title>Igreja Padre Eust\u00e1quio recebe pedidos deixados no Hospital Alberto Cavalcanti - Padre Eust\u00e1quio<\/title>\n<meta name=\"robots\" content=\"index, follow, max-snippet:-1, max-image-preview:large, max-video-preview:-1\" \/>\n<link rel=\"canonical\" href=\"https:\/\/www.padreeustaquio.com.br\/es\/la-iglesia-del-padre-eustaquio-recibe-las-peticiones-dejadas-en-el-hospital-alberto-cavalcanti\/\" \/>\n<meta property=\"og:locale\" content=\"es_ES\" \/>\n<meta property=\"og:type\" content=\"article\" \/>\n<meta property=\"og:title\" content=\"Igreja Padre Eust\u00e1quio recebe pedidos deixados no Hospital Alberto Cavalcanti - Padre Eust\u00e1quio\" \/>\n<meta property=\"og:description\" content=\"A equipe da causa de Canoniza\u00e7\u00e3o recebeu, esta semana, uma caixa com pedidos, agradecimentos e ora\u00e7\u00f5es deixados pelos devotos no quarto onde Padre Eust\u00e1quio passou os \u00faltimos minutos de sua vida. Os pap\u00e9is s\u00e3o recolhidos pelos funcion\u00e1rios do Hospital Aberto Cavalcanti, regi\u00e3o Noroeste de Belo Horizonte, e deixados no Santu\u00e1rio da Sa\u00fade e da Paz (Igreja Padre Eust\u00e1quio) com frequ\u00eancia. S\u00e3o centenas de pedidos de ora\u00e7\u00e3o, curas e outras gra\u00e7as, colocados numa caixa pelas pessoas que visitam o quarto do hospital, que guarda, at\u00e9 hoje, os m\u00f3veis e quadros daquele dia 30 de agosto de 1943. O Hospital Alberto Cavalcanti [&hellip;]\" \/>\n<meta property=\"og:url\" content=\"https:\/\/www.padreeustaquio.com.br\/es\/la-iglesia-del-padre-eustaquio-recibe-las-peticiones-dejadas-en-el-hospital-alberto-cavalcanti\/\" \/>\n<meta property=\"og:site_name\" content=\"Padre Eust\u00e1quio\" \/>\n<meta property=\"article:publisher\" content=\"https:\/\/www.facebook.com\/beatopadreeustaquio\/\" \/>\n<meta property=\"article:published_time\" content=\"2019-05-31T01:28:40+00:00\" \/>\n<meta property=\"article:modified_time\" content=\"2019-08-22T01:30:06+00:00\" \/>\n<meta property=\"og:image\" content=\"https:\/\/www.padreeustaquio.com.br\/wp-content\/uploads\/2019\/08\/038.png\" \/>\n\t<meta property=\"og:image:width\" content=\"512\" \/>\n\t<meta property=\"og:image:height\" content=\"394\" \/>\n\t<meta property=\"og:image:type\" content=\"image\/png\" \/>\n<meta name=\"author\" content=\"sscc\" \/>\n<meta name=\"twitter:card\" content=\"summary_large_image\" \/>\n<meta name=\"twitter:creator\" content=\"@beatopeustaquio\" \/>\n<meta name=\"twitter:site\" content=\"@beatopeustaquio\" \/>\n<meta name=\"twitter:label1\" content=\"Escrito por\" \/>\n\t<meta name=\"twitter:data1\" content=\"sscc\" \/>\n\t<meta name=\"twitter:label2\" content=\"Tiempo de lectura\" \/>\n\t<meta name=\"twitter:data2\" content=\"1 minuto\" \/>\n<script type=\"application\/ld+json\" class=\"yoast-schema-graph\">{\"@context\":\"https:\/\/schema.org\",\"@graph\":[{\"@type\":\"Article\",\"@id\":\"https:\/\/www.padreeustaquio.com.br\/igreja-padre-eustaquio-recebe-pedidos-deixados-no-hospital-alberto-cavalcanti\/#article\",\"isPartOf\":{\"@id\":\"https:\/\/www.padreeustaquio.com.br\/igreja-padre-eustaquio-recebe-pedidos-deixados-no-hospital-alberto-cavalcanti\/\"},\"author\":{\"name\":\"sscc\",\"@id\":\"https:\/\/www.padreeustaquio.com.br\/#\/schema\/person\/1bbfe7b959f00a655f8ecb6cb8f3ce87\"},\"headline\":\"Igreja Padre Eust\u00e1quio recebe pedidos deixados no Hospital Alberto Cavalcanti\",\"datePublished\":\"2019-05-31T01:28:40+00:00\",\"dateModified\":\"2019-08-22T01:30:06+00:00\",\"mainEntityOfPage\":{\"@id\":\"https:\/\/www.padreeustaquio.com.br\/igreja-padre-eustaquio-recebe-pedidos-deixados-no-hospital-alberto-cavalcanti\/\"},\"wordCount\":297,\"publisher\":{\"@id\":\"https:\/\/www.padreeustaquio.com.br\/#organization\"},\"image\":{\"@id\":\"https:\/\/www.padreeustaquio.com.br\/igreja-padre-eustaquio-recebe-pedidos-deixados-no-hospital-alberto-cavalcanti\/#primaryimage\"},\"thumbnailUrl\":\"https:\/\/www.padreeustaquio.com.br\/wp-content\/uploads\/2019\/08\/038.png\",\"articleSection\":[\"Not\u00edcias\"],\"inLanguage\":\"es\"},{\"@type\":\"WebPage\",\"@id\":\"https:\/\/www.padreeustaquio.com.br\/igreja-padre-eustaquio-recebe-pedidos-deixados-no-hospital-alberto-cavalcanti\/\",\"url\":\"https:\/\/www.padreeustaquio.com.br\/igreja-padre-eustaquio-recebe-pedidos-deixados-no-hospital-alberto-cavalcanti\/\",\"name\":\"Igreja Padre Eust\u00e1quio recebe pedidos deixados no Hospital Alberto Cavalcanti - Padre Eust\u00e1quio\",\"isPartOf\":{\"@id\":\"https:\/\/www.padreeustaquio.com.br\/#website\"},\"primaryImageOfPage\":{\"@id\":\"https:\/\/www.padreeustaquio.com.br\/igreja-padre-eustaquio-recebe-pedidos-deixados-no-hospital-alberto-cavalcanti\/#primaryimage\"},\"image\":{\"@id\":\"https:\/\/www.padreeustaquio.com.br\/igreja-padre-eustaquio-recebe-pedidos-deixados-no-hospital-alberto-cavalcanti\/#primaryimage\"},\"thumbnailUrl\":\"https:\/\/www.padreeustaquio.com.br\/wp-content\/uploads\/2019\/08\/038.png\",\"datePublished\":\"2019-05-31T01:28:40+00:00\",\"dateModified\":\"2019-08-22T01:30:06+00:00\",\"breadcrumb\":{\"@id\":\"https:\/\/www.padreeustaquio.com.br\/igreja-padre-eustaquio-recebe-pedidos-deixados-no-hospital-alberto-cavalcanti\/#breadcrumb\"},\"inLanguage\":\"es\",\"potentialAction\":[{\"@type\":\"ReadAction\",\"target\":[\"https:\/\/www.padreeustaquio.com.br\/igreja-padre-eustaquio-recebe-pedidos-deixados-no-hospital-alberto-cavalcanti\/\"]}]},{\"@type\":\"ImageObject\",\"inLanguage\":\"es\",\"@id\":\"https:\/\/www.padreeustaquio.com.br\/igreja-padre-eustaquio-recebe-pedidos-deixados-no-hospital-alberto-cavalcanti\/#primaryimage\",\"url\":\"https:\/\/www.padreeustaquio.com.br\/wp-content\/uploads\/2019\/08\/038.png\",\"contentUrl\":\"https:\/\/www.padreeustaquio.com.br\/wp-content\/uploads\/2019\/08\/038.png\",\"width\":512,\"height\":394},{\"@type\":\"BreadcrumbList\",\"@id\":\"https:\/\/www.padreeustaquio.com.br\/igreja-padre-eustaquio-recebe-pedidos-deixados-no-hospital-alberto-cavalcanti\/#breadcrumb\",\"itemListElement\":[{\"@type\":\"ListItem\",\"position\":1,\"name\":\"In\u00edcio\",\"item\":\"https:\/\/www.padreeustaquio.com.br\/\"},{\"@type\":\"ListItem\",\"position\":2,\"name\":\"Igreja Padre Eust\u00e1quio recebe pedidos deixados no Hospital Alberto Cavalcanti\"}]},{\"@type\":\"WebSite\",\"@id\":\"https:\/\/www.padreeustaquio.com.br\/#website\",\"url\":\"https:\/\/www.padreeustaquio.com.br\/\",\"name\":\"Padre Eust\u00e1quio\",\"description\":\"Sa\u00fade e Paz\",\"publisher\":{\"@id\":\"https:\/\/www.padreeustaquio.com.br\/#organization\"},\"potentialAction\":[{\"@type\":\"SearchAction\",\"target\":{\"@type\":\"EntryPoint\",\"urlTemplate\":\"https:\/\/www.padreeustaquio.com.br\/?s={search_term_string}\"},\"query-input\":{\"@type\":\"PropertyValueSpecification\",\"valueRequired\":true,\"valueName\":\"search_term_string\"}}],\"inLanguage\":\"es\"},{\"@type\":\"Organization\",\"@id\":\"https:\/\/www.padreeustaquio.com.br\/#organization\",\"name\":\"Padre Eust\u00e1quio\",\"url\":\"https:\/\/www.padreeustaquio.com.br\/\",\"logo\":{\"@type\":\"ImageObject\",\"inLanguage\":\"es\",\"@id\":\"https:\/\/www.padreeustaquio.com.br\/#\/schema\/logo\/image\/\",\"url\":\"https:\/\/www.padreeustaquio.com.br\/wp-content\/uploads\/2019\/08\/marca.png\",\"contentUrl\":\"https:\/\/www.padreeustaquio.com.br\/wp-content\/uploads\/2019\/08\/marca.png\",\"width\":350,\"height\":400,\"caption\":\"Padre Eust\u00e1quio\"},\"image\":{\"@id\":\"https:\/\/www.padreeustaquio.com.br\/#\/schema\/logo\/image\/\"},\"sameAs\":[\"https:\/\/www.facebook.com\/beatopadreeustaquio\/\",\"https:\/\/x.com\/beatopeustaquio\",\"https:\/\/www.instagram.com\/beatopadreeustaquio\/\",\"https:\/\/www.youtube.com\/channel\/UCRhw7vfabnajwLxb1ZXMeIw\"]},{\"@type\":\"Person\",\"@id\":\"https:\/\/www.padreeustaquio.com.br\/#\/schema\/person\/1bbfe7b959f00a655f8ecb6cb8f3ce87\",\"name\":\"sscc\",\"image\":{\"@type\":\"ImageObject\",\"inLanguage\":\"es\",\"@id\":\"https:\/\/secure.gravatar.com\/avatar\/edddec27f012d36cfa3fce966238219942e4659e87f27ef7b5704f0db7007bec?s=96&d=mm&r=g\",\"url\":\"https:\/\/secure.gravatar.com\/avatar\/edddec27f012d36cfa3fce966238219942e4659e87f27ef7b5704f0db7007bec?s=96&d=mm&r=g\",\"contentUrl\":\"https:\/\/secure.gravatar.com\/avatar\/edddec27f012d36cfa3fce966238219942e4659e87f27ef7b5704f0db7007bec?s=96&d=mm&r=g\",\"caption\":\"sscc\"},\"url\":\"https:\/\/www.padreeustaquio.com.br\/es\/author\/userpde\/\"}]}<\/script>\n<!-- \/ Yoast SEO plugin. -->","yoast_head_json":{"title":"Iglesia Padre Eust\u00e1quio recibe solicitudes dejadas en el Hospital Alberto Cavalcanti - Padre Eust\u00e1quio","robots":{"index":"index","follow":"follow","max-snippet":"max-snippet:-1","max-image-preview":"max-image-preview:large","max-video-preview":"max-video-preview:-1"},"canonical":"https:\/\/www.padreeustaquio.com.br\/es\/la-iglesia-del-padre-eustaquio-recibe-las-peticiones-dejadas-en-el-hospital-alberto-cavalcanti\/","og_locale":"es_ES","og_type":"article","og_title":"Igreja Padre Eust\u00e1quio recebe pedidos deixados no Hospital Alberto Cavalcanti - Padre Eust\u00e1quio","og_description":"A equipe da causa de Canoniza\u00e7\u00e3o recebeu, esta semana, uma caixa com pedidos, agradecimentos e ora\u00e7\u00f5es deixados pelos devotos no quarto onde Padre Eust\u00e1quio passou os \u00faltimos minutos de sua vida. Os pap\u00e9is s\u00e3o recolhidos pelos funcion\u00e1rios do Hospital Aberto Cavalcanti, regi\u00e3o Noroeste de Belo Horizonte, e deixados no Santu\u00e1rio da Sa\u00fade e da Paz (Igreja Padre Eust\u00e1quio) com frequ\u00eancia. S\u00e3o centenas de pedidos de ora\u00e7\u00e3o, curas e outras gra\u00e7as, colocados numa caixa pelas pessoas que visitam o quarto do hospital, que guarda, at\u00e9 hoje, os m\u00f3veis e quadros daquele dia 30 de agosto de 1943. O Hospital Alberto Cavalcanti [&hellip;]","og_url":"https:\/\/www.padreeustaquio.com.br\/es\/la-iglesia-del-padre-eustaquio-recibe-las-peticiones-dejadas-en-el-hospital-alberto-cavalcanti\/","og_site_name":"Padre Eust\u00e1quio","article_publisher":"https:\/\/www.facebook.com\/beatopadreeustaquio\/","article_published_time":"2019-05-31T01:28:40+00:00","article_modified_time":"2019-08-22T01:30:06+00:00","og_image":[{"width":512,"height":394,"url":"https:\/\/www.padreeustaquio.com.br\/wp-content\/uploads\/2019\/08\/038.png","type":"image\/png"}],"author":"sscc","twitter_card":"summary_large_image","twitter_creator":"@beatopeustaquio","twitter_site":"@beatopeustaquio","twitter_misc":{"Escrito por":"sscc","Tiempo de lectura":"1 minuto"},"schema":{"@context":"https:\/\/schema.org","@graph":[{"@type":"Article","@id":"https:\/\/www.padreeustaquio.com.br\/igreja-padre-eustaquio-recebe-pedidos-deixados-no-hospital-alberto-cavalcanti\/#article","isPartOf":{"@id":"https:\/\/www.padreeustaquio.com.br\/igreja-padre-eustaquio-recebe-pedidos-deixados-no-hospital-alberto-cavalcanti\/"},"author":{"name":"sscc","@id":"https:\/\/www.padreeustaquio.com.br\/#\/schema\/person\/1bbfe7b959f00a655f8ecb6cb8f3ce87"},"headline":"Igreja Padre Eust\u00e1quio recebe pedidos deixados no Hospital Alberto Cavalcanti","datePublished":"2019-05-31T01:28:40+00:00","dateModified":"2019-08-22T01:30:06+00:00","mainEntityOfPage":{"@id":"https:\/\/www.padreeustaquio.com.br\/igreja-padre-eustaquio-recebe-pedidos-deixados-no-hospital-alberto-cavalcanti\/"},"wordCount":297,"publisher":{"@id":"https:\/\/www.padreeustaquio.com.br\/#organization"},"image":{"@id":"https:\/\/www.padreeustaquio.com.br\/igreja-padre-eustaquio-recebe-pedidos-deixados-no-hospital-alberto-cavalcanti\/#primaryimage"},"thumbnailUrl":"https:\/\/www.padreeustaquio.com.br\/wp-content\/uploads\/2019\/08\/038.png","articleSection":["Not\u00edcias"],"inLanguage":"es"},{"@type":"WebPage","@id":"https:\/\/www.padreeustaquio.com.br\/igreja-padre-eustaquio-recebe-pedidos-deixados-no-hospital-alberto-cavalcanti\/","url":"https:\/\/www.padreeustaquio.com.br\/igreja-padre-eustaquio-recebe-pedidos-deixados-no-hospital-alberto-cavalcanti\/","name":"Iglesia Padre Eust\u00e1quio recibe solicitudes dejadas en el Hospital Alberto Cavalcanti - Padre Eust\u00e1quio","isPartOf":{"@id":"https:\/\/www.padreeustaquio.com.br\/#website"},"primaryImageOfPage":{"@id":"https:\/\/www.padreeustaquio.com.br\/igreja-padre-eustaquio-recebe-pedidos-deixados-no-hospital-alberto-cavalcanti\/#primaryimage"},"image":{"@id":"https:\/\/www.padreeustaquio.com.br\/igreja-padre-eustaquio-recebe-pedidos-deixados-no-hospital-alberto-cavalcanti\/#primaryimage"},"thumbnailUrl":"https:\/\/www.padreeustaquio.com.br\/wp-content\/uploads\/2019\/08\/038.png","datePublished":"2019-05-31T01:28:40+00:00","dateModified":"2019-08-22T01:30:06+00:00","breadcrumb":{"@id":"https:\/\/www.padreeustaquio.com.br\/igreja-padre-eustaquio-recebe-pedidos-deixados-no-hospital-alberto-cavalcanti\/#breadcrumb"},"inLanguage":"es","potentialAction":[{"@type":"ReadAction","target":["https:\/\/www.padreeustaquio.com.br\/igreja-padre-eustaquio-recebe-pedidos-deixados-no-hospital-alberto-cavalcanti\/"]}]},{"@type":"ImageObject","inLanguage":"es","@id":"https:\/\/www.padreeustaquio.com.br\/igreja-padre-eustaquio-recebe-pedidos-deixados-no-hospital-alberto-cavalcanti\/#primaryimage","url":"https:\/\/www.padreeustaquio.com.br\/wp-content\/uploads\/2019\/08\/038.png","contentUrl":"https:\/\/www.padreeustaquio.com.br\/wp-content\/uploads\/2019\/08\/038.png","width":512,"height":394},{"@type":"BreadcrumbList","@id":"https:\/\/www.padreeustaquio.com.br\/igreja-padre-eustaquio-recebe-pedidos-deixados-no-hospital-alberto-cavalcanti\/#breadcrumb","itemListElement":[{"@type":"ListItem","position":1,"name":"In\u00edcio","item":"https:\/\/www.padreeustaquio.com.br\/"},{"@type":"ListItem","position":2,"name":"Igreja Padre Eust\u00e1quio recebe pedidos deixados no Hospital Alberto Cavalcanti"}]},{"@type":"WebSite","@id":"https:\/\/www.padreeustaquio.com.br\/#website","url":"https:\/\/www.padreeustaquio.com.br\/","name":"Padre Eustace","description":"Salud y Paz","publisher":{"@id":"https:\/\/www.padreeustaquio.com.br\/#organization"},"potentialAction":[{"@type":"SearchAction","target":{"@type":"EntryPoint","urlTemplate":"https:\/\/www.padreeustaquio.com.br\/?s={search_term_string}"},"query-input":{"@type":"PropertyValueSpecification","valueRequired":true,"valueName":"search_term_string"}}],"inLanguage":"es"},{"@type":"Organization","@id":"https:\/\/www.padreeustaquio.com.br\/#organization","name":"Padre Eustace","url":"https:\/\/www.padreeustaquio.com.br\/","logo":{"@type":"ImageObject","inLanguage":"es","@id":"https:\/\/www.padreeustaquio.com.br\/#\/schema\/logo\/image\/","url":"https:\/\/www.padreeustaquio.com.br\/wp-content\/uploads\/2019\/08\/marca.png","contentUrl":"https:\/\/www.padreeustaquio.com.br\/wp-content\/uploads\/2019\/08\/marca.png","width":350,"height":400,"caption":"Padre Eust\u00e1quio"},"image":{"@id":"https:\/\/www.padreeustaquio.com.br\/#\/schema\/logo\/image\/"},"sameAs":["https:\/\/www.facebook.com\/beatopadreeustaquio\/","https:\/\/x.com\/beatopeustaquio","https:\/\/www.instagram.com\/beatopadreeustaquio\/","https:\/\/www.youtube.com\/channel\/UCRhw7vfabnajwLxb1ZXMeIw"]},{"@type":"Person","@id":"https:\/\/www.padreeustaquio.com.br\/#\/schema\/person\/1bbfe7b959f00a655f8ecb6cb8f3ce87","name":"escuela secundaria","image":{"@type":"ImageObject","inLanguage":"es","@id":"https:\/\/secure.gravatar.com\/avatar\/edddec27f012d36cfa3fce966238219942e4659e87f27ef7b5704f0db7007bec?s=96&d=mm&r=g","url":"https:\/\/secure.gravatar.com\/avatar\/edddec27f012d36cfa3fce966238219942e4659e87f27ef7b5704f0db7007bec?s=96&d=mm&r=g","contentUrl":"https:\/\/secure.gravatar.com\/avatar\/edddec27f012d36cfa3fce966238219942e4659e87f27ef7b5704f0db7007bec?s=96&d=mm&r=g","caption":"sscc"},"url":"https:\/\/www.padreeustaquio.com.br\/es\/author\/userpde\/"}]}},"_links":{"self":[{"href":"https:\/\/www.padreeustaquio.com.br\/es\/wp-json\/wp\/v2\/posts\/3060","targetHints":{"allow":["GET"]}}],"collection":[{"href":"https:\/\/www.padreeustaquio.com.br\/es\/wp-json\/wp\/v2\/posts"}],"about":[{"href":"https:\/\/www.padreeustaquio.com.br\/es\/wp-json\/wp\/v2\/types\/post"}],"author":[{"embeddable":true,"href":"https:\/\/www.padreeustaquio.com.br\/es\/wp-json\/wp\/v2\/users\/6"}],"replies":[{"embeddable":true,"href":"https:\/\/www.padreeustaquio.com.br\/es\/wp-json\/wp\/v2\/comments?post=3060"}],"version-history":[{"count":0,"href":"https:\/\/www.padreeustaquio.com.br\/es\/wp-json\/wp\/v2\/posts\/3060\/revisions"}],"wp:featuredmedia":[{"embeddable":true,"href":"https:\/\/www.padreeustaquio.com.br\/es\/wp-json\/wp\/v2\/media\/3061"}],"wp:attachment":[{"href":"https:\/\/www.padreeustaquio.com.br\/es\/wp-json\/wp\/v2\/media?parent=3060"}],"wp:term":[{"taxonomy":"category","embeddable":true,"href":"https:\/\/www.padreeustaquio.com.br\/es\/wp-json\/wp\/v2\/categories?post=3060"},{"taxonomy":"post_tag","embeddable":true,"href":"https:\/\/www.padreeustaquio.com.br\/es\/wp-json\/wp\/v2\/tags?post=3060"}],"curies":[{"name":"wp","href":"https:\/\/api.w.org\/{rel}","templated":true}]}}