{"id":3056,"date":"2019-05-29T22:20:11","date_gmt":"2019-05-30T01:20:11","guid":{"rendered":"http:\/\/br606.teste.website\/~padre078\/padreeustaquio.com.br\/?p=3056"},"modified":"2019-08-21T22:28:14","modified_gmt":"2019-08-22T01:28:14","slug":"papa-el-pecado-nos-envejece-el-espiritu-santo-nos-mantiene-siempre-jovenes","status":"publish","type":"post","link":"https:\/\/www.padreeustaquio.com.br\/es\/papa-el-pecado-nos-envejece-el-espiritu-santo-nos-mantiene-siempre-jovenes\/","title":{"rendered":"Papa: El pecado nos envejece, el Esp\u00edritu Santo nos mantiene j\u00f3venes para siempre."},"content":{"rendered":"<p>En una de sus homil\u00edas, el Papa Francisco enfatiz\u00f3 el papel protag\u00f3nico del Esp\u00edritu Santo. La Eucarist\u00eda se celebr\u00f3 el 28 de mayo en la Capilla de la Casa Santa Marta.<\/p>\n<p>\u201cEn su discurso de despedida a sus disc\u00edpulos antes de ascender al Cielo, Jes\u00fas nos da una verdadera catequesis sobre el Esp\u00edritu Santo. Jes\u00fas explica qui\u00e9n es. Los disc\u00edpulos se entristecieron al saber que Jes\u00fas los dejar\u00eda, y \u00e9l los reprende por ello \u2014dice Francisco\u2014. No, la tristeza no es un comportamiento cristiano. Pero \u00bfc\u00f3mo podemos evitar la tristeza? Contra la tristeza, en la oraci\u00f3n, pedimos al Se\u00f1or que conserve en nosotros la renovada juventud del esp\u00edritu. Aqu\u00ed entra en juego el Esp\u00edritu Santo porque es \u00e9l quien suscita en nosotros esta juventud que siempre nos renueva.<\/p>\n<p>El Papa cit\u00f3 a un santo que dijo: \u201cUn santo triste es un santo triste\u201d. \u201cPor lo tanto, un cristiano triste es un cristiano triste, y eso no es bueno. La tristeza no entra en el coraz\u00f3n de un cristiano, porque es joven\u201d, continu\u00f3 Francisco. El Esp\u00edritu Santo es quien nos capacita para llevar nuestras cruces. El Pont\u00edfice cit\u00f3 el ejemplo de Pablo y Silas, quienes, en prisi\u00f3n, cantaron himnos a Dios, como en la primera lectura, tomada del Libro de los Hechos de los Ap\u00f3stoles.<\/p>\n<p>El Esp\u00edritu Santo renueva todas las cosas. \u201cEl Esp\u00edritu Santo es quien nos acompa\u00f1a en la vida, quien nos sostiene. Es el Par\u00e1clito\u201d, enfatiz\u00f3 el Papa. \u201cPero qu\u00e9 nombre tan extra\u00f1o\u201d, dijo Francisco, recordando que en una misa para ni\u00f1os el domingo de Pentecost\u00e9s, pregunt\u00f3 si sab\u00edan qui\u00e9n era el Esp\u00edritu Santo. Y un ni\u00f1o le respondi\u00f3: el paral\u00edtico. Muchas veces pensamos que el Esp\u00edritu Santo es un paral\u00edtico, que no hace nada\u2026 Al contrario, es \u00c9l quien nos sostiene. La palabra Par\u00e1clito significa \u201cel que est\u00e1 a mi lado para sostenerme\u201d, para que no caiga, para que siga adelante, para que conserve esta juventud del Esp\u00edritu. El cristiano siempre es joven. Cuando el coraz\u00f3n del cristiano comienza a envejecer, su vocaci\u00f3n cristiana comienza a disminuir. O eres joven de coraz\u00f3n y de alma, o no eres cristiano.<\/p>\n<p>Aunque seamos pecadores, el Esp\u00edritu nos ayuda a arrepentirnos y nos hace mirar hacia adelante. \u201cHablad al Esp\u00edritu\u201d, dijo el Papa. \u201c\u00c9l os sostendr\u00e1 y os devolver\u00e1 la juventud\u201d. El pecado, en cambio, envejece: \u201cEnvejece el alma, envejece todo\u201d. Francisco enfatiz\u00f3 adem\u00e1s: \u201cNunca esta tristeza pagana\u201d. En la vida hay momentos dif\u00edciles, pero en esos momentos \u201csentimos que el Esp\u00edritu nos ayuda a seguir adelante (\u2026) y a superar las dificultades. Incluso el martirio\u201d. Y el Papa concluy\u00f3: Pidamos al Se\u00f1or que no perdamos esta juventud renovada, que no seamos cristianos jubilados que han perdido la alegr\u00eda y se han dejado llevar\u2026 Un cristiano nunca se jubila, un cristiano vive, vive porque es joven, cuando es un verdadero cristiano.<\/p>\n<p>Fuente: Vatican News<\/p>","protected":false},"excerpt":{"rendered":"<p>Em uma de suas homilias, o Papa Francisco ressaltou o protagonismo do Esp\u00edrito Santo. A Eucaristia foi celebrada no dia 28 de maio, na Capela da Casa Santa Marta. \u201cNo discurso de despedida aos disc\u00edpulos antes de subir aos C\u00e9us, Jesus nos faz uma verdadeira catequese sobre o Esp\u00edrito Santo\u201d. Jesus nos explica quem ele \u00e9. Os disc\u00edpulos ficaram tristes ao ouvir que Jesus os deixar\u00e1 e ele os repreende por isso,\u201d afirma Francisco. \u201cN\u00e3o, a tristeza n\u00e3o \u00e9 um comportamento crist\u00e3o\u201d. Mas como n\u00e3o ficar triste? \u201cContra a tristeza, na ora\u00e7\u00e3o, pedimos ao Senhor para que guarde em n\u00f3s [&hellip;]<\/p>\n","protected":false},"author":6,"featured_media":3057,"comment_status":"closed","ping_status":"open","sticky":false,"template":"","format":"standard","meta":{"_acf_changed":false,"footnotes":""},"categories":[611],"tags":[],"class_list":["post-3056","post","type-post","status-publish","format-standard","has-post-thumbnail","hentry","category-noticias"],"acf":[],"yoast_head":"<!-- This site is optimized with the Yoast SEO plugin v27.2 - https:\/\/yoast.com\/product\/yoast-seo-wordpress\/ -->\n<title>Papa: o pecado envelhece, o Esp\u00edrito Santo nos torna sempre jovens - Padre Eust\u00e1quio<\/title>\n<meta name=\"robots\" content=\"index, follow, max-snippet:-1, max-image-preview:large, max-video-preview:-1\" \/>\n<link rel=\"canonical\" href=\"https:\/\/www.padreeustaquio.com.br\/es\/papa-el-pecado-nos-envejece-el-espiritu-santo-nos-mantiene-siempre-jovenes\/\" \/>\n<meta property=\"og:locale\" content=\"es_ES\" \/>\n<meta property=\"og:type\" content=\"article\" \/>\n<meta property=\"og:title\" content=\"Papa: o pecado envelhece, o Esp\u00edrito Santo nos torna sempre jovens - Padre Eust\u00e1quio\" \/>\n<meta property=\"og:description\" content=\"Em uma de suas homilias, o Papa Francisco ressaltou o protagonismo do Esp\u00edrito Santo. A Eucaristia foi celebrada no dia 28 de maio, na Capela da Casa Santa Marta. \u201cNo discurso de despedida aos disc\u00edpulos antes de subir aos C\u00e9us, Jesus nos faz uma verdadeira catequese sobre o Esp\u00edrito Santo\u201d. Jesus nos explica quem ele \u00e9. Os disc\u00edpulos ficaram tristes ao ouvir que Jesus os deixar\u00e1 e ele os repreende por isso,\u201d afirma Francisco. \u201cN\u00e3o, a tristeza n\u00e3o \u00e9 um comportamento crist\u00e3o\u201d. Mas como n\u00e3o ficar triste? \u201cContra a tristeza, na ora\u00e7\u00e3o, pedimos ao Senhor para que guarde em n\u00f3s [&hellip;]\" \/>\n<meta property=\"og:url\" content=\"https:\/\/www.padreeustaquio.com.br\/es\/papa-el-pecado-nos-envejece-el-espiritu-santo-nos-mantiene-siempre-jovenes\/\" \/>\n<meta property=\"og:site_name\" content=\"Padre Eust\u00e1quio\" \/>\n<meta property=\"article:publisher\" content=\"https:\/\/www.facebook.com\/beatopadreeustaquio\/\" \/>\n<meta property=\"article:published_time\" content=\"2019-05-30T01:20:11+00:00\" \/>\n<meta property=\"article:modified_time\" content=\"2019-08-22T01:28:14+00:00\" \/>\n<meta property=\"og:image\" content=\"https:\/\/www.padreeustaquio.com.br\/wp-content\/uploads\/2019\/08\/037.jpg\" \/>\n\t<meta property=\"og:image:width\" content=\"512\" \/>\n\t<meta property=\"og:image:height\" content=\"394\" \/>\n\t<meta property=\"og:image:type\" content=\"image\/jpeg\" \/>\n<meta name=\"author\" content=\"sscc\" \/>\n<meta name=\"twitter:card\" content=\"summary_large_image\" \/>\n<meta name=\"twitter:creator\" content=\"@beatopeustaquio\" \/>\n<meta name=\"twitter:site\" content=\"@beatopeustaquio\" \/>\n<meta name=\"twitter:label1\" content=\"Escrito por\" \/>\n\t<meta name=\"twitter:data1\" content=\"sscc\" \/>\n\t<meta name=\"twitter:label2\" content=\"Tiempo de lectura\" \/>\n\t<meta name=\"twitter:data2\" content=\"3 minutos\" \/>\n<script type=\"application\/ld+json\" class=\"yoast-schema-graph\">{\"@context\":\"https:\/\/schema.org\",\"@graph\":[{\"@type\":\"Article\",\"@id\":\"https:\/\/www.padreeustaquio.com.br\/papa-o-pecado-envelhece-o-espirito-santo-nos-torna-sempre-jovens\/#article\",\"isPartOf\":{\"@id\":\"https:\/\/www.padreeustaquio.com.br\/papa-o-pecado-envelhece-o-espirito-santo-nos-torna-sempre-jovens\/\"},\"author\":{\"name\":\"sscc\",\"@id\":\"https:\/\/www.padreeustaquio.com.br\/#\/schema\/person\/1bbfe7b959f00a655f8ecb6cb8f3ce87\"},\"headline\":\"Papa: o pecado envelhece, o Esp\u00edrito Santo nos torna sempre jovens\",\"datePublished\":\"2019-05-30T01:20:11+00:00\",\"dateModified\":\"2019-08-22T01:28:14+00:00\",\"mainEntityOfPage\":{\"@id\":\"https:\/\/www.padreeustaquio.com.br\/papa-o-pecado-envelhece-o-espirito-santo-nos-torna-sempre-jovens\/\"},\"wordCount\":534,\"publisher\":{\"@id\":\"https:\/\/www.padreeustaquio.com.br\/#organization\"},\"image\":{\"@id\":\"https:\/\/www.padreeustaquio.com.br\/papa-o-pecado-envelhece-o-espirito-santo-nos-torna-sempre-jovens\/#primaryimage\"},\"thumbnailUrl\":\"https:\/\/www.padreeustaquio.com.br\/wp-content\/uploads\/2019\/08\/037.jpg\",\"articleSection\":[\"Not\u00edcias\"],\"inLanguage\":\"es\"},{\"@type\":\"WebPage\",\"@id\":\"https:\/\/www.padreeustaquio.com.br\/papa-o-pecado-envelhece-o-espirito-santo-nos-torna-sempre-jovens\/\",\"url\":\"https:\/\/www.padreeustaquio.com.br\/papa-o-pecado-envelhece-o-espirito-santo-nos-torna-sempre-jovens\/\",\"name\":\"Papa: o pecado envelhece, o Esp\u00edrito Santo nos torna sempre jovens - Padre Eust\u00e1quio\",\"isPartOf\":{\"@id\":\"https:\/\/www.padreeustaquio.com.br\/#website\"},\"primaryImageOfPage\":{\"@id\":\"https:\/\/www.padreeustaquio.com.br\/papa-o-pecado-envelhece-o-espirito-santo-nos-torna-sempre-jovens\/#primaryimage\"},\"image\":{\"@id\":\"https:\/\/www.padreeustaquio.com.br\/papa-o-pecado-envelhece-o-espirito-santo-nos-torna-sempre-jovens\/#primaryimage\"},\"thumbnailUrl\":\"https:\/\/www.padreeustaquio.com.br\/wp-content\/uploads\/2019\/08\/037.jpg\",\"datePublished\":\"2019-05-30T01:20:11+00:00\",\"dateModified\":\"2019-08-22T01:28:14+00:00\",\"breadcrumb\":{\"@id\":\"https:\/\/www.padreeustaquio.com.br\/papa-o-pecado-envelhece-o-espirito-santo-nos-torna-sempre-jovens\/#breadcrumb\"},\"inLanguage\":\"es\",\"potentialAction\":[{\"@type\":\"ReadAction\",\"target\":[\"https:\/\/www.padreeustaquio.com.br\/papa-o-pecado-envelhece-o-espirito-santo-nos-torna-sempre-jovens\/\"]}]},{\"@type\":\"ImageObject\",\"inLanguage\":\"es\",\"@id\":\"https:\/\/www.padreeustaquio.com.br\/papa-o-pecado-envelhece-o-espirito-santo-nos-torna-sempre-jovens\/#primaryimage\",\"url\":\"https:\/\/www.padreeustaquio.com.br\/wp-content\/uploads\/2019\/08\/037.jpg\",\"contentUrl\":\"https:\/\/www.padreeustaquio.com.br\/wp-content\/uploads\/2019\/08\/037.jpg\",\"width\":512,\"height\":394},{\"@type\":\"BreadcrumbList\",\"@id\":\"https:\/\/www.padreeustaquio.com.br\/papa-o-pecado-envelhece-o-espirito-santo-nos-torna-sempre-jovens\/#breadcrumb\",\"itemListElement\":[{\"@type\":\"ListItem\",\"position\":1,\"name\":\"In\u00edcio\",\"item\":\"https:\/\/www.padreeustaquio.com.br\/\"},{\"@type\":\"ListItem\",\"position\":2,\"name\":\"Papa: o pecado envelhece, o Esp\u00edrito Santo nos torna sempre jovens\"}]},{\"@type\":\"WebSite\",\"@id\":\"https:\/\/www.padreeustaquio.com.br\/#website\",\"url\":\"https:\/\/www.padreeustaquio.com.br\/\",\"name\":\"Padre Eust\u00e1quio\",\"description\":\"Sa\u00fade e Paz\",\"publisher\":{\"@id\":\"https:\/\/www.padreeustaquio.com.br\/#organization\"},\"potentialAction\":[{\"@type\":\"SearchAction\",\"target\":{\"@type\":\"EntryPoint\",\"urlTemplate\":\"https:\/\/www.padreeustaquio.com.br\/?s={search_term_string}\"},\"query-input\":{\"@type\":\"PropertyValueSpecification\",\"valueRequired\":true,\"valueName\":\"search_term_string\"}}],\"inLanguage\":\"es\"},{\"@type\":\"Organization\",\"@id\":\"https:\/\/www.padreeustaquio.com.br\/#organization\",\"name\":\"Padre Eust\u00e1quio\",\"url\":\"https:\/\/www.padreeustaquio.com.br\/\",\"logo\":{\"@type\":\"ImageObject\",\"inLanguage\":\"es\",\"@id\":\"https:\/\/www.padreeustaquio.com.br\/#\/schema\/logo\/image\/\",\"url\":\"https:\/\/www.padreeustaquio.com.br\/wp-content\/uploads\/2019\/08\/marca.png\",\"contentUrl\":\"https:\/\/www.padreeustaquio.com.br\/wp-content\/uploads\/2019\/08\/marca.png\",\"width\":350,\"height\":400,\"caption\":\"Padre Eust\u00e1quio\"},\"image\":{\"@id\":\"https:\/\/www.padreeustaquio.com.br\/#\/schema\/logo\/image\/\"},\"sameAs\":[\"https:\/\/www.facebook.com\/beatopadreeustaquio\/\",\"https:\/\/x.com\/beatopeustaquio\",\"https:\/\/www.instagram.com\/beatopadreeustaquio\/\",\"https:\/\/www.youtube.com\/channel\/UCRhw7vfabnajwLxb1ZXMeIw\"]},{\"@type\":\"Person\",\"@id\":\"https:\/\/www.padreeustaquio.com.br\/#\/schema\/person\/1bbfe7b959f00a655f8ecb6cb8f3ce87\",\"name\":\"sscc\",\"image\":{\"@type\":\"ImageObject\",\"inLanguage\":\"es\",\"@id\":\"https:\/\/secure.gravatar.com\/avatar\/edddec27f012d36cfa3fce966238219942e4659e87f27ef7b5704f0db7007bec?s=96&d=mm&r=g\",\"url\":\"https:\/\/secure.gravatar.com\/avatar\/edddec27f012d36cfa3fce966238219942e4659e87f27ef7b5704f0db7007bec?s=96&d=mm&r=g\",\"contentUrl\":\"https:\/\/secure.gravatar.com\/avatar\/edddec27f012d36cfa3fce966238219942e4659e87f27ef7b5704f0db7007bec?s=96&d=mm&r=g\",\"caption\":\"sscc\"},\"url\":\"https:\/\/www.padreeustaquio.com.br\/es\/author\/userpde\/\"}]}<\/script>\n<!-- \/ Yoast SEO plugin. -->","yoast_head_json":{"title":"Papa: El pecado nos envejece, el Esp\u00edritu Santo nos hace eternamente j\u00f3venes - Padre Eust\u00e1quio","robots":{"index":"index","follow":"follow","max-snippet":"max-snippet:-1","max-image-preview":"max-image-preview:large","max-video-preview":"max-video-preview:-1"},"canonical":"https:\/\/www.padreeustaquio.com.br\/es\/papa-el-pecado-nos-envejece-el-espiritu-santo-nos-mantiene-siempre-jovenes\/","og_locale":"es_ES","og_type":"article","og_title":"Papa: o pecado envelhece, o Esp\u00edrito Santo nos torna sempre jovens - Padre Eust\u00e1quio","og_description":"Em uma de suas homilias, o Papa Francisco ressaltou o protagonismo do Esp\u00edrito Santo. A Eucaristia foi celebrada no dia 28 de maio, na Capela da Casa Santa Marta. \u201cNo discurso de despedida aos disc\u00edpulos antes de subir aos C\u00e9us, Jesus nos faz uma verdadeira catequese sobre o Esp\u00edrito Santo\u201d. Jesus nos explica quem ele \u00e9. Os disc\u00edpulos ficaram tristes ao ouvir que Jesus os deixar\u00e1 e ele os repreende por isso,\u201d afirma Francisco. \u201cN\u00e3o, a tristeza n\u00e3o \u00e9 um comportamento crist\u00e3o\u201d. Mas como n\u00e3o ficar triste? \u201cContra a tristeza, na ora\u00e7\u00e3o, pedimos ao Senhor para que guarde em n\u00f3s [&hellip;]","og_url":"https:\/\/www.padreeustaquio.com.br\/es\/papa-el-pecado-nos-envejece-el-espiritu-santo-nos-mantiene-siempre-jovenes\/","og_site_name":"Padre Eust\u00e1quio","article_publisher":"https:\/\/www.facebook.com\/beatopadreeustaquio\/","article_published_time":"2019-05-30T01:20:11+00:00","article_modified_time":"2019-08-22T01:28:14+00:00","og_image":[{"width":512,"height":394,"url":"https:\/\/www.padreeustaquio.com.br\/wp-content\/uploads\/2019\/08\/037.jpg","type":"image\/jpeg"}],"author":"sscc","twitter_card":"summary_large_image","twitter_creator":"@beatopeustaquio","twitter_site":"@beatopeustaquio","twitter_misc":{"Escrito por":"sscc","Tiempo de lectura":"3 minutos"},"schema":{"@context":"https:\/\/schema.org","@graph":[{"@type":"Article","@id":"https:\/\/www.padreeustaquio.com.br\/papa-o-pecado-envelhece-o-espirito-santo-nos-torna-sempre-jovens\/#article","isPartOf":{"@id":"https:\/\/www.padreeustaquio.com.br\/papa-o-pecado-envelhece-o-espirito-santo-nos-torna-sempre-jovens\/"},"author":{"name":"sscc","@id":"https:\/\/www.padreeustaquio.com.br\/#\/schema\/person\/1bbfe7b959f00a655f8ecb6cb8f3ce87"},"headline":"Papa: o pecado envelhece, o Esp\u00edrito Santo nos torna sempre jovens","datePublished":"2019-05-30T01:20:11+00:00","dateModified":"2019-08-22T01:28:14+00:00","mainEntityOfPage":{"@id":"https:\/\/www.padreeustaquio.com.br\/papa-o-pecado-envelhece-o-espirito-santo-nos-torna-sempre-jovens\/"},"wordCount":534,"publisher":{"@id":"https:\/\/www.padreeustaquio.com.br\/#organization"},"image":{"@id":"https:\/\/www.padreeustaquio.com.br\/papa-o-pecado-envelhece-o-espirito-santo-nos-torna-sempre-jovens\/#primaryimage"},"thumbnailUrl":"https:\/\/www.padreeustaquio.com.br\/wp-content\/uploads\/2019\/08\/037.jpg","articleSection":["Not\u00edcias"],"inLanguage":"es"},{"@type":"WebPage","@id":"https:\/\/www.padreeustaquio.com.br\/papa-o-pecado-envelhece-o-espirito-santo-nos-torna-sempre-jovens\/","url":"https:\/\/www.padreeustaquio.com.br\/papa-o-pecado-envelhece-o-espirito-santo-nos-torna-sempre-jovens\/","name":"Papa: El pecado nos envejece, el Esp\u00edritu Santo nos hace eternamente j\u00f3venes - Padre Eust\u00e1quio","isPartOf":{"@id":"https:\/\/www.padreeustaquio.com.br\/#website"},"primaryImageOfPage":{"@id":"https:\/\/www.padreeustaquio.com.br\/papa-o-pecado-envelhece-o-espirito-santo-nos-torna-sempre-jovens\/#primaryimage"},"image":{"@id":"https:\/\/www.padreeustaquio.com.br\/papa-o-pecado-envelhece-o-espirito-santo-nos-torna-sempre-jovens\/#primaryimage"},"thumbnailUrl":"https:\/\/www.padreeustaquio.com.br\/wp-content\/uploads\/2019\/08\/037.jpg","datePublished":"2019-05-30T01:20:11+00:00","dateModified":"2019-08-22T01:28:14+00:00","breadcrumb":{"@id":"https:\/\/www.padreeustaquio.com.br\/papa-o-pecado-envelhece-o-espirito-santo-nos-torna-sempre-jovens\/#breadcrumb"},"inLanguage":"es","potentialAction":[{"@type":"ReadAction","target":["https:\/\/www.padreeustaquio.com.br\/papa-o-pecado-envelhece-o-espirito-santo-nos-torna-sempre-jovens\/"]}]},{"@type":"ImageObject","inLanguage":"es","@id":"https:\/\/www.padreeustaquio.com.br\/papa-o-pecado-envelhece-o-espirito-santo-nos-torna-sempre-jovens\/#primaryimage","url":"https:\/\/www.padreeustaquio.com.br\/wp-content\/uploads\/2019\/08\/037.jpg","contentUrl":"https:\/\/www.padreeustaquio.com.br\/wp-content\/uploads\/2019\/08\/037.jpg","width":512,"height":394},{"@type":"BreadcrumbList","@id":"https:\/\/www.padreeustaquio.com.br\/papa-o-pecado-envelhece-o-espirito-santo-nos-torna-sempre-jovens\/#breadcrumb","itemListElement":[{"@type":"ListItem","position":1,"name":"In\u00edcio","item":"https:\/\/www.padreeustaquio.com.br\/"},{"@type":"ListItem","position":2,"name":"Papa: o pecado envelhece, o Esp\u00edrito Santo nos torna sempre jovens"}]},{"@type":"WebSite","@id":"https:\/\/www.padreeustaquio.com.br\/#website","url":"https:\/\/www.padreeustaquio.com.br\/","name":"Padre Eustace","description":"Salud y Paz","publisher":{"@id":"https:\/\/www.padreeustaquio.com.br\/#organization"},"potentialAction":[{"@type":"SearchAction","target":{"@type":"EntryPoint","urlTemplate":"https:\/\/www.padreeustaquio.com.br\/?s={search_term_string}"},"query-input":{"@type":"PropertyValueSpecification","valueRequired":true,"valueName":"search_term_string"}}],"inLanguage":"es"},{"@type":"Organization","@id":"https:\/\/www.padreeustaquio.com.br\/#organization","name":"Padre Eustace","url":"https:\/\/www.padreeustaquio.com.br\/","logo":{"@type":"ImageObject","inLanguage":"es","@id":"https:\/\/www.padreeustaquio.com.br\/#\/schema\/logo\/image\/","url":"https:\/\/www.padreeustaquio.com.br\/wp-content\/uploads\/2019\/08\/marca.png","contentUrl":"https:\/\/www.padreeustaquio.com.br\/wp-content\/uploads\/2019\/08\/marca.png","width":350,"height":400,"caption":"Padre Eust\u00e1quio"},"image":{"@id":"https:\/\/www.padreeustaquio.com.br\/#\/schema\/logo\/image\/"},"sameAs":["https:\/\/www.facebook.com\/beatopadreeustaquio\/","https:\/\/x.com\/beatopeustaquio","https:\/\/www.instagram.com\/beatopadreeustaquio\/","https:\/\/www.youtube.com\/channel\/UCRhw7vfabnajwLxb1ZXMeIw"]},{"@type":"Person","@id":"https:\/\/www.padreeustaquio.com.br\/#\/schema\/person\/1bbfe7b959f00a655f8ecb6cb8f3ce87","name":"escuela secundaria","image":{"@type":"ImageObject","inLanguage":"es","@id":"https:\/\/secure.gravatar.com\/avatar\/edddec27f012d36cfa3fce966238219942e4659e87f27ef7b5704f0db7007bec?s=96&d=mm&r=g","url":"https:\/\/secure.gravatar.com\/avatar\/edddec27f012d36cfa3fce966238219942e4659e87f27ef7b5704f0db7007bec?s=96&d=mm&r=g","contentUrl":"https:\/\/secure.gravatar.com\/avatar\/edddec27f012d36cfa3fce966238219942e4659e87f27ef7b5704f0db7007bec?s=96&d=mm&r=g","caption":"sscc"},"url":"https:\/\/www.padreeustaquio.com.br\/es\/author\/userpde\/"}]}},"_links":{"self":[{"href":"https:\/\/www.padreeustaquio.com.br\/es\/wp-json\/wp\/v2\/posts\/3056","targetHints":{"allow":["GET"]}}],"collection":[{"href":"https:\/\/www.padreeustaquio.com.br\/es\/wp-json\/wp\/v2\/posts"}],"about":[{"href":"https:\/\/www.padreeustaquio.com.br\/es\/wp-json\/wp\/v2\/types\/post"}],"author":[{"embeddable":true,"href":"https:\/\/www.padreeustaquio.com.br\/es\/wp-json\/wp\/v2\/users\/6"}],"replies":[{"embeddable":true,"href":"https:\/\/www.padreeustaquio.com.br\/es\/wp-json\/wp\/v2\/comments?post=3056"}],"version-history":[{"count":0,"href":"https:\/\/www.padreeustaquio.com.br\/es\/wp-json\/wp\/v2\/posts\/3056\/revisions"}],"wp:featuredmedia":[{"embeddable":true,"href":"https:\/\/www.padreeustaquio.com.br\/es\/wp-json\/wp\/v2\/media\/3057"}],"wp:attachment":[{"href":"https:\/\/www.padreeustaquio.com.br\/es\/wp-json\/wp\/v2\/media?parent=3056"}],"wp:term":[{"taxonomy":"category","embeddable":true,"href":"https:\/\/www.padreeustaquio.com.br\/es\/wp-json\/wp\/v2\/categories?post=3056"},{"taxonomy":"post_tag","embeddable":true,"href":"https:\/\/www.padreeustaquio.com.br\/es\/wp-json\/wp\/v2\/tags?post=3056"}],"curies":[{"name":"wp","href":"https:\/\/api.w.org\/{rel}","templated":true}]}}