{"id":3053,"date":"2019-05-28T22:15:56","date_gmt":"2019-05-29T01:15:56","guid":{"rendered":"http:\/\/br606.teste.website\/~padre078\/padreeustaquio.com.br\/?p=3053"},"modified":"2019-08-21T22:17:58","modified_gmt":"2019-08-22T01:17:58","slug":"lideres-del-movimiento-sagrados-corazones-de-america-latina-se-reunen-en-peru","status":"publish","type":"post","link":"https:\/\/www.padreeustaquio.com.br\/es\/lideres-del-movimiento-sagrados-corazones-de-america-latina-se-reunen-en-peru\/","title":{"rendered":"L\u00edderes de la Formaci\u00f3n de los Sagrados Corazones en Am\u00e9rica Latina se re\u00fanen en Per\u00fa."},"content":{"rendered":"<p>Del 20 al 24 de mayo se llev\u00f3 a cabo el Encuentro de Formadores de la Congregaci\u00f3n de los Sagrados Corazones de Latinoam\u00e9rica. El encuentro se realiz\u00f3 en Lima, Per\u00fa, y cont\u00f3 con la asistencia de 17 formadores de diversos pa\u00edses, entre ellos Brasil, Chile, Colombia, Ecuador, M\u00e9xico, Paraguay y Per\u00fa.<\/p>\n<p>Los capacitadores brasile\u00f1os, los Padres Edmar Oliveira, Silvano \u00c1vila, Ant\u00f4nio Lemos y Ricardo Silva (residente en Lima, Per\u00fa), formaron la delegaci\u00f3n brasile\u00f1a en la reuni\u00f3n. La organizaci\u00f3n estuvo a cargo de los Hermanos Enrique Ram\u00edrez, Sandro Mancilla y Paulino Colque. La reuni\u00f3n tambi\u00e9n cont\u00f3 con la presencia del Vicario General Derek Laverty, SS.CC.<\/p>\n<p>All\u00ed se trataron temas como el uso de habilidades psicol\u00f3gicas, el camino pastoral durante la formaci\u00f3n, la admisi\u00f3n al noviciado interprovincial y la preparaci\u00f3n para los votos perpetuos. Esta reuni\u00f3n se celebra cada tres a\u00f1os con el objetivo de desarrollar criterios comunes para los procesos de formaci\u00f3n inicial de la Congregaci\u00f3n en Latinoam\u00e9rica.<\/p>\n<p>Alberto Toutin, Superior General, dedic\u00f3 el \u00faltimo d\u00eda a compartir la visi\u00f3n del Gobierno General sobre la formaci\u00f3n. En sus palabras, anim\u00f3 a los religiosos a seguir hablando en el marco de los valores internacionales y la b\u00fasqueda de una formaci\u00f3n de calidad. Tambi\u00e9n les record\u00f3 el valor de la formaci\u00f3n como espacio para crear una vida religiosa renovada en di\u00e1logo con nuestro mundo. &quot;Los animo a amar, a poner amor en nuestra tarea de construir comunidades fraternas que acompa\u00f1en a nuestros j\u00f3venes hermanos como Jes\u00fas nos am\u00f3&quot;, concluy\u00f3 Toutin durante la Misa de clausura.<\/p>\n<p><em>Fuente: ssccpicpus.com<\/em><\/p>","protected":false},"excerpt":{"rendered":"<p>Do dia 20 ao dia 24 de maio, foi realizada a Reuni\u00e3o dos Formadores da Congrega\u00e7\u00e3o dos Sagrados Cora\u00e7\u00f5es da Am\u00e9rica Latina. O encontro foi em Lima, no Peru e contou com a participa\u00e7\u00e3o de 17 formadores de diversos pa\u00edses como: Brasil, Chile, Col\u00f4mbia, Equador, M\u00e9xico, Paraguai e Peru. Os formadores brasileiros padre Edmar Oliveira, padre Silvano \u00c1vila, padre Ant\u00f4nio Lemos e padre Ricardo Silva (que mora em Lima, no Peru) formaram a comitiva brasileira no encontro. A organiza\u00e7\u00e3o ficou a cargo dos irm\u00e3os Enrique Ram\u00edrez, Sandro Mancilla e Paulino Colque. O encontro tamb\u00e9m contou com a presen\u00e7a do vig\u00e1rio [&hellip;]<\/p>\n","protected":false},"author":6,"featured_media":3054,"comment_status":"closed","ping_status":"open","sticky":false,"template":"","format":"standard","meta":{"_acf_changed":false,"footnotes":""},"categories":[611],"tags":[],"class_list":["post-3053","post","type-post","status-publish","format-standard","has-post-thumbnail","hentry","category-noticias"],"acf":[],"yoast_head":"<!-- This site is optimized with the Yoast SEO plugin v27.2 - https:\/\/yoast.com\/product\/yoast-seo-wordpress\/ -->\n<title>Formadores dos Sagrados Cora\u00e7\u00f5es na Am\u00e9rica Latina se re\u00fanem no Peru - Padre Eust\u00e1quio<\/title>\n<meta name=\"robots\" content=\"index, follow, max-snippet:-1, max-image-preview:large, max-video-preview:-1\" \/>\n<link rel=\"canonical\" href=\"https:\/\/www.padreeustaquio.com.br\/es\/lideres-del-movimiento-sagrados-corazones-de-america-latina-se-reunen-en-peru\/\" \/>\n<meta property=\"og:locale\" content=\"es_ES\" \/>\n<meta property=\"og:type\" content=\"article\" \/>\n<meta property=\"og:title\" content=\"Formadores dos Sagrados Cora\u00e7\u00f5es na Am\u00e9rica Latina se re\u00fanem no Peru - Padre Eust\u00e1quio\" \/>\n<meta property=\"og:description\" content=\"Do dia 20 ao dia 24 de maio, foi realizada a Reuni\u00e3o dos Formadores da Congrega\u00e7\u00e3o dos Sagrados Cora\u00e7\u00f5es da Am\u00e9rica Latina. O encontro foi em Lima, no Peru e contou com a participa\u00e7\u00e3o de 17 formadores de diversos pa\u00edses como: Brasil, Chile, Col\u00f4mbia, Equador, M\u00e9xico, Paraguai e Peru. Os formadores brasileiros padre Edmar Oliveira, padre Silvano \u00c1vila, padre Ant\u00f4nio Lemos e padre Ricardo Silva (que mora em Lima, no Peru) formaram a comitiva brasileira no encontro. A organiza\u00e7\u00e3o ficou a cargo dos irm\u00e3os Enrique Ram\u00edrez, Sandro Mancilla e Paulino Colque. O encontro tamb\u00e9m contou com a presen\u00e7a do vig\u00e1rio [&hellip;]\" \/>\n<meta property=\"og:url\" content=\"https:\/\/www.padreeustaquio.com.br\/es\/lideres-del-movimiento-sagrados-corazones-de-america-latina-se-reunen-en-peru\/\" \/>\n<meta property=\"og:site_name\" content=\"Padre Eust\u00e1quio\" \/>\n<meta property=\"article:publisher\" content=\"https:\/\/www.facebook.com\/beatopadreeustaquio\/\" \/>\n<meta property=\"article:published_time\" content=\"2019-05-29T01:15:56+00:00\" \/>\n<meta property=\"article:modified_time\" content=\"2019-08-22T01:17:58+00:00\" \/>\n<meta property=\"og:image\" content=\"https:\/\/www.padreeustaquio.com.br\/wp-content\/uploads\/2019\/08\/036.jpg\" \/>\n\t<meta property=\"og:image:width\" content=\"512\" \/>\n\t<meta property=\"og:image:height\" content=\"394\" \/>\n\t<meta property=\"og:image:type\" content=\"image\/jpeg\" \/>\n<meta name=\"author\" content=\"sscc\" \/>\n<meta name=\"twitter:card\" content=\"summary_large_image\" \/>\n<meta name=\"twitter:creator\" content=\"@beatopeustaquio\" \/>\n<meta name=\"twitter:site\" content=\"@beatopeustaquio\" \/>\n<meta name=\"twitter:label1\" content=\"Escrito por\" \/>\n\t<meta name=\"twitter:data1\" content=\"sscc\" \/>\n\t<meta name=\"twitter:label2\" content=\"Tiempo de lectura\" \/>\n\t<meta name=\"twitter:data2\" content=\"1 minuto\" \/>\n<script type=\"application\/ld+json\" class=\"yoast-schema-graph\">{\"@context\":\"https:\/\/schema.org\",\"@graph\":[{\"@type\":\"Article\",\"@id\":\"https:\/\/www.padreeustaquio.com.br\/formadores-dos-sagrados-coracoes-na-america-latina-se-reunem-no-peru\/#article\",\"isPartOf\":{\"@id\":\"https:\/\/www.padreeustaquio.com.br\/formadores-dos-sagrados-coracoes-na-america-latina-se-reunem-no-peru\/\"},\"author\":{\"name\":\"sscc\",\"@id\":\"https:\/\/www.padreeustaquio.com.br\/#\/schema\/person\/1bbfe7b959f00a655f8ecb6cb8f3ce87\"},\"headline\":\"Formadores dos Sagrados Cora\u00e7\u00f5es na Am\u00e9rica Latina se re\u00fanem no Peru\",\"datePublished\":\"2019-05-29T01:15:56+00:00\",\"dateModified\":\"2019-08-22T01:17:58+00:00\",\"mainEntityOfPage\":{\"@id\":\"https:\/\/www.padreeustaquio.com.br\/formadores-dos-sagrados-coracoes-na-america-latina-se-reunem-no-peru\/\"},\"wordCount\":298,\"publisher\":{\"@id\":\"https:\/\/www.padreeustaquio.com.br\/#organization\"},\"image\":{\"@id\":\"https:\/\/www.padreeustaquio.com.br\/formadores-dos-sagrados-coracoes-na-america-latina-se-reunem-no-peru\/#primaryimage\"},\"thumbnailUrl\":\"https:\/\/www.padreeustaquio.com.br\/wp-content\/uploads\/2019\/08\/036.jpg\",\"articleSection\":[\"Not\u00edcias\"],\"inLanguage\":\"es\"},{\"@type\":\"WebPage\",\"@id\":\"https:\/\/www.padreeustaquio.com.br\/formadores-dos-sagrados-coracoes-na-america-latina-se-reunem-no-peru\/\",\"url\":\"https:\/\/www.padreeustaquio.com.br\/formadores-dos-sagrados-coracoes-na-america-latina-se-reunem-no-peru\/\",\"name\":\"Formadores dos Sagrados Cora\u00e7\u00f5es na Am\u00e9rica Latina se re\u00fanem no Peru - Padre Eust\u00e1quio\",\"isPartOf\":{\"@id\":\"https:\/\/www.padreeustaquio.com.br\/#website\"},\"primaryImageOfPage\":{\"@id\":\"https:\/\/www.padreeustaquio.com.br\/formadores-dos-sagrados-coracoes-na-america-latina-se-reunem-no-peru\/#primaryimage\"},\"image\":{\"@id\":\"https:\/\/www.padreeustaquio.com.br\/formadores-dos-sagrados-coracoes-na-america-latina-se-reunem-no-peru\/#primaryimage\"},\"thumbnailUrl\":\"https:\/\/www.padreeustaquio.com.br\/wp-content\/uploads\/2019\/08\/036.jpg\",\"datePublished\":\"2019-05-29T01:15:56+00:00\",\"dateModified\":\"2019-08-22T01:17:58+00:00\",\"breadcrumb\":{\"@id\":\"https:\/\/www.padreeustaquio.com.br\/formadores-dos-sagrados-coracoes-na-america-latina-se-reunem-no-peru\/#breadcrumb\"},\"inLanguage\":\"es\",\"potentialAction\":[{\"@type\":\"ReadAction\",\"target\":[\"https:\/\/www.padreeustaquio.com.br\/formadores-dos-sagrados-coracoes-na-america-latina-se-reunem-no-peru\/\"]}]},{\"@type\":\"ImageObject\",\"inLanguage\":\"es\",\"@id\":\"https:\/\/www.padreeustaquio.com.br\/formadores-dos-sagrados-coracoes-na-america-latina-se-reunem-no-peru\/#primaryimage\",\"url\":\"https:\/\/www.padreeustaquio.com.br\/wp-content\/uploads\/2019\/08\/036.jpg\",\"contentUrl\":\"https:\/\/www.padreeustaquio.com.br\/wp-content\/uploads\/2019\/08\/036.jpg\",\"width\":512,\"height\":394},{\"@type\":\"BreadcrumbList\",\"@id\":\"https:\/\/www.padreeustaquio.com.br\/formadores-dos-sagrados-coracoes-na-america-latina-se-reunem-no-peru\/#breadcrumb\",\"itemListElement\":[{\"@type\":\"ListItem\",\"position\":1,\"name\":\"In\u00edcio\",\"item\":\"https:\/\/www.padreeustaquio.com.br\/\"},{\"@type\":\"ListItem\",\"position\":2,\"name\":\"Formadores dos Sagrados Cora\u00e7\u00f5es na Am\u00e9rica Latina se re\u00fanem no Peru\"}]},{\"@type\":\"WebSite\",\"@id\":\"https:\/\/www.padreeustaquio.com.br\/#website\",\"url\":\"https:\/\/www.padreeustaquio.com.br\/\",\"name\":\"Padre Eust\u00e1quio\",\"description\":\"Sa\u00fade e Paz\",\"publisher\":{\"@id\":\"https:\/\/www.padreeustaquio.com.br\/#organization\"},\"potentialAction\":[{\"@type\":\"SearchAction\",\"target\":{\"@type\":\"EntryPoint\",\"urlTemplate\":\"https:\/\/www.padreeustaquio.com.br\/?s={search_term_string}\"},\"query-input\":{\"@type\":\"PropertyValueSpecification\",\"valueRequired\":true,\"valueName\":\"search_term_string\"}}],\"inLanguage\":\"es\"},{\"@type\":\"Organization\",\"@id\":\"https:\/\/www.padreeustaquio.com.br\/#organization\",\"name\":\"Padre Eust\u00e1quio\",\"url\":\"https:\/\/www.padreeustaquio.com.br\/\",\"logo\":{\"@type\":\"ImageObject\",\"inLanguage\":\"es\",\"@id\":\"https:\/\/www.padreeustaquio.com.br\/#\/schema\/logo\/image\/\",\"url\":\"https:\/\/www.padreeustaquio.com.br\/wp-content\/uploads\/2019\/08\/marca.png\",\"contentUrl\":\"https:\/\/www.padreeustaquio.com.br\/wp-content\/uploads\/2019\/08\/marca.png\",\"width\":350,\"height\":400,\"caption\":\"Padre Eust\u00e1quio\"},\"image\":{\"@id\":\"https:\/\/www.padreeustaquio.com.br\/#\/schema\/logo\/image\/\"},\"sameAs\":[\"https:\/\/www.facebook.com\/beatopadreeustaquio\/\",\"https:\/\/x.com\/beatopeustaquio\",\"https:\/\/www.instagram.com\/beatopadreeustaquio\/\",\"https:\/\/www.youtube.com\/channel\/UCRhw7vfabnajwLxb1ZXMeIw\"]},{\"@type\":\"Person\",\"@id\":\"https:\/\/www.padreeustaquio.com.br\/#\/schema\/person\/1bbfe7b959f00a655f8ecb6cb8f3ce87\",\"name\":\"sscc\",\"image\":{\"@type\":\"ImageObject\",\"inLanguage\":\"es\",\"@id\":\"https:\/\/secure.gravatar.com\/avatar\/edddec27f012d36cfa3fce966238219942e4659e87f27ef7b5704f0db7007bec?s=96&d=mm&r=g\",\"url\":\"https:\/\/secure.gravatar.com\/avatar\/edddec27f012d36cfa3fce966238219942e4659e87f27ef7b5704f0db7007bec?s=96&d=mm&r=g\",\"contentUrl\":\"https:\/\/secure.gravatar.com\/avatar\/edddec27f012d36cfa3fce966238219942e4659e87f27ef7b5704f0db7007bec?s=96&d=mm&r=g\",\"caption\":\"sscc\"},\"url\":\"https:\/\/www.padreeustaquio.com.br\/es\/author\/userpde\/\"}]}<\/script>\n<!-- \/ Yoast SEO plugin. -->","yoast_head_json":{"title":"Formadores de los Sagrados Corazones de Am\u00e9rica Latina se re\u00fanen en Per\u00fa - Padre Eust\u00e1quio","robots":{"index":"index","follow":"follow","max-snippet":"max-snippet:-1","max-image-preview":"max-image-preview:large","max-video-preview":"max-video-preview:-1"},"canonical":"https:\/\/www.padreeustaquio.com.br\/es\/lideres-del-movimiento-sagrados-corazones-de-america-latina-se-reunen-en-peru\/","og_locale":"es_ES","og_type":"article","og_title":"Formadores dos Sagrados Cora\u00e7\u00f5es na Am\u00e9rica Latina se re\u00fanem no Peru - Padre Eust\u00e1quio","og_description":"Do dia 20 ao dia 24 de maio, foi realizada a Reuni\u00e3o dos Formadores da Congrega\u00e7\u00e3o dos Sagrados Cora\u00e7\u00f5es da Am\u00e9rica Latina. O encontro foi em Lima, no Peru e contou com a participa\u00e7\u00e3o de 17 formadores de diversos pa\u00edses como: Brasil, Chile, Col\u00f4mbia, Equador, M\u00e9xico, Paraguai e Peru. Os formadores brasileiros padre Edmar Oliveira, padre Silvano \u00c1vila, padre Ant\u00f4nio Lemos e padre Ricardo Silva (que mora em Lima, no Peru) formaram a comitiva brasileira no encontro. A organiza\u00e7\u00e3o ficou a cargo dos irm\u00e3os Enrique Ram\u00edrez, Sandro Mancilla e Paulino Colque. O encontro tamb\u00e9m contou com a presen\u00e7a do vig\u00e1rio [&hellip;]","og_url":"https:\/\/www.padreeustaquio.com.br\/es\/lideres-del-movimiento-sagrados-corazones-de-america-latina-se-reunen-en-peru\/","og_site_name":"Padre Eust\u00e1quio","article_publisher":"https:\/\/www.facebook.com\/beatopadreeustaquio\/","article_published_time":"2019-05-29T01:15:56+00:00","article_modified_time":"2019-08-22T01:17:58+00:00","og_image":[{"width":512,"height":394,"url":"https:\/\/www.padreeustaquio.com.br\/wp-content\/uploads\/2019\/08\/036.jpg","type":"image\/jpeg"}],"author":"sscc","twitter_card":"summary_large_image","twitter_creator":"@beatopeustaquio","twitter_site":"@beatopeustaquio","twitter_misc":{"Escrito por":"sscc","Tiempo de lectura":"1 minuto"},"schema":{"@context":"https:\/\/schema.org","@graph":[{"@type":"Article","@id":"https:\/\/www.padreeustaquio.com.br\/formadores-dos-sagrados-coracoes-na-america-latina-se-reunem-no-peru\/#article","isPartOf":{"@id":"https:\/\/www.padreeustaquio.com.br\/formadores-dos-sagrados-coracoes-na-america-latina-se-reunem-no-peru\/"},"author":{"name":"sscc","@id":"https:\/\/www.padreeustaquio.com.br\/#\/schema\/person\/1bbfe7b959f00a655f8ecb6cb8f3ce87"},"headline":"Formadores dos Sagrados Cora\u00e7\u00f5es na Am\u00e9rica Latina se re\u00fanem no Peru","datePublished":"2019-05-29T01:15:56+00:00","dateModified":"2019-08-22T01:17:58+00:00","mainEntityOfPage":{"@id":"https:\/\/www.padreeustaquio.com.br\/formadores-dos-sagrados-coracoes-na-america-latina-se-reunem-no-peru\/"},"wordCount":298,"publisher":{"@id":"https:\/\/www.padreeustaquio.com.br\/#organization"},"image":{"@id":"https:\/\/www.padreeustaquio.com.br\/formadores-dos-sagrados-coracoes-na-america-latina-se-reunem-no-peru\/#primaryimage"},"thumbnailUrl":"https:\/\/www.padreeustaquio.com.br\/wp-content\/uploads\/2019\/08\/036.jpg","articleSection":["Not\u00edcias"],"inLanguage":"es"},{"@type":"WebPage","@id":"https:\/\/www.padreeustaquio.com.br\/formadores-dos-sagrados-coracoes-na-america-latina-se-reunem-no-peru\/","url":"https:\/\/www.padreeustaquio.com.br\/formadores-dos-sagrados-coracoes-na-america-latina-se-reunem-no-peru\/","name":"Formadores de los Sagrados Corazones de Am\u00e9rica Latina se re\u00fanen en Per\u00fa - Padre Eust\u00e1quio","isPartOf":{"@id":"https:\/\/www.padreeustaquio.com.br\/#website"},"primaryImageOfPage":{"@id":"https:\/\/www.padreeustaquio.com.br\/formadores-dos-sagrados-coracoes-na-america-latina-se-reunem-no-peru\/#primaryimage"},"image":{"@id":"https:\/\/www.padreeustaquio.com.br\/formadores-dos-sagrados-coracoes-na-america-latina-se-reunem-no-peru\/#primaryimage"},"thumbnailUrl":"https:\/\/www.padreeustaquio.com.br\/wp-content\/uploads\/2019\/08\/036.jpg","datePublished":"2019-05-29T01:15:56+00:00","dateModified":"2019-08-22T01:17:58+00:00","breadcrumb":{"@id":"https:\/\/www.padreeustaquio.com.br\/formadores-dos-sagrados-coracoes-na-america-latina-se-reunem-no-peru\/#breadcrumb"},"inLanguage":"es","potentialAction":[{"@type":"ReadAction","target":["https:\/\/www.padreeustaquio.com.br\/formadores-dos-sagrados-coracoes-na-america-latina-se-reunem-no-peru\/"]}]},{"@type":"ImageObject","inLanguage":"es","@id":"https:\/\/www.padreeustaquio.com.br\/formadores-dos-sagrados-coracoes-na-america-latina-se-reunem-no-peru\/#primaryimage","url":"https:\/\/www.padreeustaquio.com.br\/wp-content\/uploads\/2019\/08\/036.jpg","contentUrl":"https:\/\/www.padreeustaquio.com.br\/wp-content\/uploads\/2019\/08\/036.jpg","width":512,"height":394},{"@type":"BreadcrumbList","@id":"https:\/\/www.padreeustaquio.com.br\/formadores-dos-sagrados-coracoes-na-america-latina-se-reunem-no-peru\/#breadcrumb","itemListElement":[{"@type":"ListItem","position":1,"name":"In\u00edcio","item":"https:\/\/www.padreeustaquio.com.br\/"},{"@type":"ListItem","position":2,"name":"Formadores dos Sagrados Cora\u00e7\u00f5es na Am\u00e9rica Latina se re\u00fanem no Peru"}]},{"@type":"WebSite","@id":"https:\/\/www.padreeustaquio.com.br\/#website","url":"https:\/\/www.padreeustaquio.com.br\/","name":"Padre Eustace","description":"Salud y Paz","publisher":{"@id":"https:\/\/www.padreeustaquio.com.br\/#organization"},"potentialAction":[{"@type":"SearchAction","target":{"@type":"EntryPoint","urlTemplate":"https:\/\/www.padreeustaquio.com.br\/?s={search_term_string}"},"query-input":{"@type":"PropertyValueSpecification","valueRequired":true,"valueName":"search_term_string"}}],"inLanguage":"es"},{"@type":"Organization","@id":"https:\/\/www.padreeustaquio.com.br\/#organization","name":"Padre Eustace","url":"https:\/\/www.padreeustaquio.com.br\/","logo":{"@type":"ImageObject","inLanguage":"es","@id":"https:\/\/www.padreeustaquio.com.br\/#\/schema\/logo\/image\/","url":"https:\/\/www.padreeustaquio.com.br\/wp-content\/uploads\/2019\/08\/marca.png","contentUrl":"https:\/\/www.padreeustaquio.com.br\/wp-content\/uploads\/2019\/08\/marca.png","width":350,"height":400,"caption":"Padre Eust\u00e1quio"},"image":{"@id":"https:\/\/www.padreeustaquio.com.br\/#\/schema\/logo\/image\/"},"sameAs":["https:\/\/www.facebook.com\/beatopadreeustaquio\/","https:\/\/x.com\/beatopeustaquio","https:\/\/www.instagram.com\/beatopadreeustaquio\/","https:\/\/www.youtube.com\/channel\/UCRhw7vfabnajwLxb1ZXMeIw"]},{"@type":"Person","@id":"https:\/\/www.padreeustaquio.com.br\/#\/schema\/person\/1bbfe7b959f00a655f8ecb6cb8f3ce87","name":"escuela secundaria","image":{"@type":"ImageObject","inLanguage":"es","@id":"https:\/\/secure.gravatar.com\/avatar\/edddec27f012d36cfa3fce966238219942e4659e87f27ef7b5704f0db7007bec?s=96&d=mm&r=g","url":"https:\/\/secure.gravatar.com\/avatar\/edddec27f012d36cfa3fce966238219942e4659e87f27ef7b5704f0db7007bec?s=96&d=mm&r=g","contentUrl":"https:\/\/secure.gravatar.com\/avatar\/edddec27f012d36cfa3fce966238219942e4659e87f27ef7b5704f0db7007bec?s=96&d=mm&r=g","caption":"sscc"},"url":"https:\/\/www.padreeustaquio.com.br\/es\/author\/userpde\/"}]}},"_links":{"self":[{"href":"https:\/\/www.padreeustaquio.com.br\/es\/wp-json\/wp\/v2\/posts\/3053","targetHints":{"allow":["GET"]}}],"collection":[{"href":"https:\/\/www.padreeustaquio.com.br\/es\/wp-json\/wp\/v2\/posts"}],"about":[{"href":"https:\/\/www.padreeustaquio.com.br\/es\/wp-json\/wp\/v2\/types\/post"}],"author":[{"embeddable":true,"href":"https:\/\/www.padreeustaquio.com.br\/es\/wp-json\/wp\/v2\/users\/6"}],"replies":[{"embeddable":true,"href":"https:\/\/www.padreeustaquio.com.br\/es\/wp-json\/wp\/v2\/comments?post=3053"}],"version-history":[{"count":0,"href":"https:\/\/www.padreeustaquio.com.br\/es\/wp-json\/wp\/v2\/posts\/3053\/revisions"}],"wp:featuredmedia":[{"embeddable":true,"href":"https:\/\/www.padreeustaquio.com.br\/es\/wp-json\/wp\/v2\/media\/3054"}],"wp:attachment":[{"href":"https:\/\/www.padreeustaquio.com.br\/es\/wp-json\/wp\/v2\/media?parent=3053"}],"wp:term":[{"taxonomy":"category","embeddable":true,"href":"https:\/\/www.padreeustaquio.com.br\/es\/wp-json\/wp\/v2\/categories?post=3053"},{"taxonomy":"post_tag","embeddable":true,"href":"https:\/\/www.padreeustaquio.com.br\/es\/wp-json\/wp\/v2\/tags?post=3053"}],"curies":[{"name":"wp","href":"https:\/\/api.w.org\/{rel}","templated":true}]}}