{"id":3043,"date":"2019-05-21T22:05:57","date_gmt":"2019-05-22T01:05:57","guid":{"rendered":"http:\/\/br606.teste.website\/~padre078\/padreeustaquio.com.br\/?p=3043"},"modified":"2019-08-21T22:07:46","modified_gmt":"2019-08-22T01:07:46","slug":"candidato-a-vicepresidente-participa-en-el-xx-encuentro-nacional-dedo-de-prosa","status":"publish","type":"post","link":"https:\/\/www.padreeustaquio.com.br\/es\/candidato-a-vicepresidente-participa-en-el-xx-encuentro-nacional-dedo-de-prosa\/","title":{"rendered":"Candidato a vicepresidente participa en el XX Encuentro Nacional Dedo de Prosa"},"content":{"rendered":"<p><img fetchpriority=\"high\" decoding=\"async\" class=\"alignleft wp-image-3045\" src=\"http:\/\/br606.teste.website\/~padre078\/padreeustaquio.com.br\/wp-content\/uploads\/2019\/08\/032.jpg\" alt=\"\" width=\"300\" height=\"231\" srcset=\"https:\/\/www.padreeustaquio.com.br\/wp-content\/uploads\/2019\/08\/032.jpg 512w, https:\/\/www.padreeustaquio.com.br\/wp-content\/uploads\/2019\/08\/032-300x231.jpg 300w\" sizes=\"(max-width: 300px) 100vw, 300px\" \/>El Padre Vinicius Maciel SSCC y parte del equipo de la vicepostulaci\u00f3n de la Causa de Canonizaci\u00f3n del Padre Eust\u00e1quio se encuentran en S\u00e3o Louren\u00e7o (S\u00e3o Louren\u00e7o, Minas Gerais) para participar en la vig\u00e9sima edici\u00f3n del Encuentro Nacional Dedo de Prosa. El evento, promovido por el programa de televisi\u00f3n, conducido por Juarez Elisi\u00e1rio, congrega a miles de personas.<\/p>\n<p>Durante el programa, los participantes podr\u00e1n encontrar productos de la Tienda Padre Eust\u00e1quio y ayudarnos a difundir esta devoci\u00f3n. La misa de clausura del Encuentro ser\u00e1 oficiada por el Padre Vin\u00edcius, vicepostulador de la causa del Padre Eust\u00e1quio.<\/p>\n<p>El Encuentro Nacional es promovido por Dedo de Prosa Produ\u00e7\u00f5es, con una variada programaci\u00f3n que incluye actuaciones musicales de artistas de renombre nacional como Banda Chama Chuva, Os Incr\u00edveis, Luiz Air\u00e3o, Martinha y Altemar Dutra, entre otros.<\/p>\n<p>Cada evento incluye una combinaci\u00f3n de bailes, talleres, diversas actividades recreativas, un paseo en tren infantil, un espect\u00e1culo de fuegos artificiales, una feria artesanal, stands y conferencias. El evento se celebra dos veces al a\u00f1o y re\u00fane a miles de personas de todo el pa\u00eds.<\/p>","protected":false},"excerpt":{"rendered":"<p>O Padre Vinicius Maciel SSCC, e parte da equipe da vice-postula\u00e7\u00e3o da Causa de Canoniza\u00e7\u00e3o de Padre Eust\u00e1quio, est\u00e3o em S\u00e3o Louren\u00e7o (S\u00e3o Louren\u00e7o, Minas Gerais) para participar da vig\u00e9sima edi\u00e7\u00e3o do Encontro Nacional Dedo de Prosa. O evento \u00e9 promovido pelo Programa Televisivo, comandado por Juarez Elisi\u00e1rio e re\u00fane milhares de pessoas. Ao longo da programa\u00e7\u00e3o, os participantes poder\u00e3o encontrar produtos da Loja Padre Eust\u00e1quio e nos ajudar a divulgar esta devo\u00e7\u00e3o.\u00a0A Missa de encerramento do Encontro ser\u00e1 celebrada pelo Padre Vin\u00edcius, vice-postulador da causa de Padre Eust\u00e1quio. O Encontro Nacional \u00e9 promovido pela Dedo de Prosa Produ\u00e7\u00f5es, com [&hellip;]<\/p>\n","protected":false},"author":6,"featured_media":3044,"comment_status":"closed","ping_status":"open","sticky":false,"template":"","format":"standard","meta":{"_acf_changed":false,"footnotes":""},"categories":[611],"tags":[],"class_list":["post-3043","post","type-post","status-publish","format-standard","has-post-thumbnail","hentry","category-noticias"],"acf":[],"yoast_head":"<!-- This site is optimized with the Yoast SEO plugin v27.2 - https:\/\/yoast.com\/product\/yoast-seo-wordpress\/ -->\n<title>Vice-postula\u00e7\u00e3o participa do 20\u00ba Encontro Nacional Dedo de Prosa - Padre Eust\u00e1quio<\/title>\n<meta name=\"robots\" content=\"index, follow, max-snippet:-1, max-image-preview:large, max-video-preview:-1\" \/>\n<link rel=\"canonical\" href=\"https:\/\/www.padreeustaquio.com.br\/es\/candidato-a-vicepresidente-participa-en-el-xx-encuentro-nacional-dedo-de-prosa\/\" \/>\n<meta property=\"og:locale\" content=\"es_ES\" \/>\n<meta property=\"og:type\" content=\"article\" \/>\n<meta property=\"og:title\" content=\"Vice-postula\u00e7\u00e3o participa do 20\u00ba Encontro Nacional Dedo de Prosa - Padre Eust\u00e1quio\" \/>\n<meta property=\"og:description\" content=\"O Padre Vinicius Maciel SSCC, e parte da equipe da vice-postula\u00e7\u00e3o da Causa de Canoniza\u00e7\u00e3o de Padre Eust\u00e1quio, est\u00e3o em S\u00e3o Louren\u00e7o (S\u00e3o Louren\u00e7o, Minas Gerais) para participar da vig\u00e9sima edi\u00e7\u00e3o do Encontro Nacional Dedo de Prosa. O evento \u00e9 promovido pelo Programa Televisivo, comandado por Juarez Elisi\u00e1rio e re\u00fane milhares de pessoas. Ao longo da programa\u00e7\u00e3o, os participantes poder\u00e3o encontrar produtos da Loja Padre Eust\u00e1quio e nos ajudar a divulgar esta devo\u00e7\u00e3o.\u00a0A Missa de encerramento do Encontro ser\u00e1 celebrada pelo Padre Vin\u00edcius, vice-postulador da causa de Padre Eust\u00e1quio. O Encontro Nacional \u00e9 promovido pela Dedo de Prosa Produ\u00e7\u00f5es, com [&hellip;]\" \/>\n<meta property=\"og:url\" content=\"https:\/\/www.padreeustaquio.com.br\/es\/candidato-a-vicepresidente-participa-en-el-xx-encuentro-nacional-dedo-de-prosa\/\" \/>\n<meta property=\"og:site_name\" content=\"Padre Eust\u00e1quio\" \/>\n<meta property=\"article:publisher\" content=\"https:\/\/www.facebook.com\/beatopadreeustaquio\/\" \/>\n<meta property=\"article:published_time\" content=\"2019-05-22T01:05:57+00:00\" \/>\n<meta property=\"article:modified_time\" content=\"2019-08-22T01:07:46+00:00\" \/>\n<meta property=\"og:image\" content=\"https:\/\/www.padreeustaquio.com.br\/wp-content\/uploads\/2019\/08\/031.jpg\" \/>\n\t<meta property=\"og:image:width\" content=\"512\" \/>\n\t<meta property=\"og:image:height\" content=\"276\" \/>\n\t<meta property=\"og:image:type\" content=\"image\/jpeg\" \/>\n<meta name=\"author\" content=\"sscc\" \/>\n<meta name=\"twitter:card\" content=\"summary_large_image\" \/>\n<meta name=\"twitter:creator\" content=\"@beatopeustaquio\" \/>\n<meta name=\"twitter:site\" content=\"@beatopeustaquio\" \/>\n<meta name=\"twitter:label1\" content=\"Escrito por\" \/>\n\t<meta name=\"twitter:data1\" content=\"sscc\" \/>\n\t<meta name=\"twitter:label2\" content=\"Tiempo de lectura\" \/>\n\t<meta name=\"twitter:data2\" content=\"1 minuto\" \/>\n<script type=\"application\/ld+json\" class=\"yoast-schema-graph\">{\"@context\":\"https:\/\/schema.org\",\"@graph\":[{\"@type\":\"Article\",\"@id\":\"https:\/\/www.padreeustaquio.com.br\/vice-postulacao-participa-do-20o-encontro-nacional-dedo-de-prosa\/#article\",\"isPartOf\":{\"@id\":\"https:\/\/www.padreeustaquio.com.br\/vice-postulacao-participa-do-20o-encontro-nacional-dedo-de-prosa\/\"},\"author\":{\"name\":\"sscc\",\"@id\":\"https:\/\/www.padreeustaquio.com.br\/#\/schema\/person\/1bbfe7b959f00a655f8ecb6cb8f3ce87\"},\"headline\":\"Vice-postula\u00e7\u00e3o participa do 20\u00ba Encontro Nacional Dedo de Prosa\",\"datePublished\":\"2019-05-22T01:05:57+00:00\",\"dateModified\":\"2019-08-22T01:07:46+00:00\",\"mainEntityOfPage\":{\"@id\":\"https:\/\/www.padreeustaquio.com.br\/vice-postulacao-participa-do-20o-encontro-nacional-dedo-de-prosa\/\"},\"wordCount\":200,\"publisher\":{\"@id\":\"https:\/\/www.padreeustaquio.com.br\/#organization\"},\"image\":{\"@id\":\"https:\/\/www.padreeustaquio.com.br\/vice-postulacao-participa-do-20o-encontro-nacional-dedo-de-prosa\/#primaryimage\"},\"thumbnailUrl\":\"https:\/\/www.padreeustaquio.com.br\/wp-content\/uploads\/2019\/08\/031.jpg\",\"articleSection\":[\"Not\u00edcias\"],\"inLanguage\":\"es\"},{\"@type\":\"WebPage\",\"@id\":\"https:\/\/www.padreeustaquio.com.br\/vice-postulacao-participa-do-20o-encontro-nacional-dedo-de-prosa\/\",\"url\":\"https:\/\/www.padreeustaquio.com.br\/vice-postulacao-participa-do-20o-encontro-nacional-dedo-de-prosa\/\",\"name\":\"Vice-postula\u00e7\u00e3o participa do 20\u00ba Encontro Nacional Dedo de Prosa - Padre Eust\u00e1quio\",\"isPartOf\":{\"@id\":\"https:\/\/www.padreeustaquio.com.br\/#website\"},\"primaryImageOfPage\":{\"@id\":\"https:\/\/www.padreeustaquio.com.br\/vice-postulacao-participa-do-20o-encontro-nacional-dedo-de-prosa\/#primaryimage\"},\"image\":{\"@id\":\"https:\/\/www.padreeustaquio.com.br\/vice-postulacao-participa-do-20o-encontro-nacional-dedo-de-prosa\/#primaryimage\"},\"thumbnailUrl\":\"https:\/\/www.padreeustaquio.com.br\/wp-content\/uploads\/2019\/08\/031.jpg\",\"datePublished\":\"2019-05-22T01:05:57+00:00\",\"dateModified\":\"2019-08-22T01:07:46+00:00\",\"breadcrumb\":{\"@id\":\"https:\/\/www.padreeustaquio.com.br\/vice-postulacao-participa-do-20o-encontro-nacional-dedo-de-prosa\/#breadcrumb\"},\"inLanguage\":\"es\",\"potentialAction\":[{\"@type\":\"ReadAction\",\"target\":[\"https:\/\/www.padreeustaquio.com.br\/vice-postulacao-participa-do-20o-encontro-nacional-dedo-de-prosa\/\"]}]},{\"@type\":\"ImageObject\",\"inLanguage\":\"es\",\"@id\":\"https:\/\/www.padreeustaquio.com.br\/vice-postulacao-participa-do-20o-encontro-nacional-dedo-de-prosa\/#primaryimage\",\"url\":\"https:\/\/www.padreeustaquio.com.br\/wp-content\/uploads\/2019\/08\/031.jpg\",\"contentUrl\":\"https:\/\/www.padreeustaquio.com.br\/wp-content\/uploads\/2019\/08\/031.jpg\",\"width\":512,\"height\":276},{\"@type\":\"BreadcrumbList\",\"@id\":\"https:\/\/www.padreeustaquio.com.br\/vice-postulacao-participa-do-20o-encontro-nacional-dedo-de-prosa\/#breadcrumb\",\"itemListElement\":[{\"@type\":\"ListItem\",\"position\":1,\"name\":\"In\u00edcio\",\"item\":\"https:\/\/www.padreeustaquio.com.br\/\"},{\"@type\":\"ListItem\",\"position\":2,\"name\":\"Vice-postula\u00e7\u00e3o participa do 20\u00ba Encontro Nacional Dedo de Prosa\"}]},{\"@type\":\"WebSite\",\"@id\":\"https:\/\/www.padreeustaquio.com.br\/#website\",\"url\":\"https:\/\/www.padreeustaquio.com.br\/\",\"name\":\"Padre Eust\u00e1quio\",\"description\":\"Sa\u00fade e Paz\",\"publisher\":{\"@id\":\"https:\/\/www.padreeustaquio.com.br\/#organization\"},\"potentialAction\":[{\"@type\":\"SearchAction\",\"target\":{\"@type\":\"EntryPoint\",\"urlTemplate\":\"https:\/\/www.padreeustaquio.com.br\/?s={search_term_string}\"},\"query-input\":{\"@type\":\"PropertyValueSpecification\",\"valueRequired\":true,\"valueName\":\"search_term_string\"}}],\"inLanguage\":\"es\"},{\"@type\":\"Organization\",\"@id\":\"https:\/\/www.padreeustaquio.com.br\/#organization\",\"name\":\"Padre Eust\u00e1quio\",\"url\":\"https:\/\/www.padreeustaquio.com.br\/\",\"logo\":{\"@type\":\"ImageObject\",\"inLanguage\":\"es\",\"@id\":\"https:\/\/www.padreeustaquio.com.br\/#\/schema\/logo\/image\/\",\"url\":\"https:\/\/www.padreeustaquio.com.br\/wp-content\/uploads\/2019\/08\/marca.png\",\"contentUrl\":\"https:\/\/www.padreeustaquio.com.br\/wp-content\/uploads\/2019\/08\/marca.png\",\"width\":350,\"height\":400,\"caption\":\"Padre Eust\u00e1quio\"},\"image\":{\"@id\":\"https:\/\/www.padreeustaquio.com.br\/#\/schema\/logo\/image\/\"},\"sameAs\":[\"https:\/\/www.facebook.com\/beatopadreeustaquio\/\",\"https:\/\/x.com\/beatopeustaquio\",\"https:\/\/www.instagram.com\/beatopadreeustaquio\/\",\"https:\/\/www.youtube.com\/channel\/UCRhw7vfabnajwLxb1ZXMeIw\"]},{\"@type\":\"Person\",\"@id\":\"https:\/\/www.padreeustaquio.com.br\/#\/schema\/person\/1bbfe7b959f00a655f8ecb6cb8f3ce87\",\"name\":\"sscc\",\"image\":{\"@type\":\"ImageObject\",\"inLanguage\":\"es\",\"@id\":\"https:\/\/secure.gravatar.com\/avatar\/edddec27f012d36cfa3fce966238219942e4659e87f27ef7b5704f0db7007bec?s=96&d=mm&r=g\",\"url\":\"https:\/\/secure.gravatar.com\/avatar\/edddec27f012d36cfa3fce966238219942e4659e87f27ef7b5704f0db7007bec?s=96&d=mm&r=g\",\"contentUrl\":\"https:\/\/secure.gravatar.com\/avatar\/edddec27f012d36cfa3fce966238219942e4659e87f27ef7b5704f0db7007bec?s=96&d=mm&r=g\",\"caption\":\"sscc\"},\"url\":\"https:\/\/www.padreeustaquio.com.br\/es\/author\/userpde\/\"}]}<\/script>\n<!-- \/ Yoast SEO plugin. -->","yoast_head_json":{"title":"Vicecandidato participa en el XX Encuentro Nacional &quot;Dedo de Prosa&quot; - Padre Eust\u00e1quio","robots":{"index":"index","follow":"follow","max-snippet":"max-snippet:-1","max-image-preview":"max-image-preview:large","max-video-preview":"max-video-preview:-1"},"canonical":"https:\/\/www.padreeustaquio.com.br\/es\/candidato-a-vicepresidente-participa-en-el-xx-encuentro-nacional-dedo-de-prosa\/","og_locale":"es_ES","og_type":"article","og_title":"Vice-postula\u00e7\u00e3o participa do 20\u00ba Encontro Nacional Dedo de Prosa - Padre Eust\u00e1quio","og_description":"O Padre Vinicius Maciel SSCC, e parte da equipe da vice-postula\u00e7\u00e3o da Causa de Canoniza\u00e7\u00e3o de Padre Eust\u00e1quio, est\u00e3o em S\u00e3o Louren\u00e7o (S\u00e3o Louren\u00e7o, Minas Gerais) para participar da vig\u00e9sima edi\u00e7\u00e3o do Encontro Nacional Dedo de Prosa. O evento \u00e9 promovido pelo Programa Televisivo, comandado por Juarez Elisi\u00e1rio e re\u00fane milhares de pessoas. Ao longo da programa\u00e7\u00e3o, os participantes poder\u00e3o encontrar produtos da Loja Padre Eust\u00e1quio e nos ajudar a divulgar esta devo\u00e7\u00e3o.\u00a0A Missa de encerramento do Encontro ser\u00e1 celebrada pelo Padre Vin\u00edcius, vice-postulador da causa de Padre Eust\u00e1quio. O Encontro Nacional \u00e9 promovido pela Dedo de Prosa Produ\u00e7\u00f5es, com [&hellip;]","og_url":"https:\/\/www.padreeustaquio.com.br\/es\/candidato-a-vicepresidente-participa-en-el-xx-encuentro-nacional-dedo-de-prosa\/","og_site_name":"Padre Eust\u00e1quio","article_publisher":"https:\/\/www.facebook.com\/beatopadreeustaquio\/","article_published_time":"2019-05-22T01:05:57+00:00","article_modified_time":"2019-08-22T01:07:46+00:00","og_image":[{"width":512,"height":276,"url":"https:\/\/www.padreeustaquio.com.br\/wp-content\/uploads\/2019\/08\/031.jpg","type":"image\/jpeg"}],"author":"sscc","twitter_card":"summary_large_image","twitter_creator":"@beatopeustaquio","twitter_site":"@beatopeustaquio","twitter_misc":{"Escrito por":"sscc","Tiempo de lectura":"1 minuto"},"schema":{"@context":"https:\/\/schema.org","@graph":[{"@type":"Article","@id":"https:\/\/www.padreeustaquio.com.br\/vice-postulacao-participa-do-20o-encontro-nacional-dedo-de-prosa\/#article","isPartOf":{"@id":"https:\/\/www.padreeustaquio.com.br\/vice-postulacao-participa-do-20o-encontro-nacional-dedo-de-prosa\/"},"author":{"name":"sscc","@id":"https:\/\/www.padreeustaquio.com.br\/#\/schema\/person\/1bbfe7b959f00a655f8ecb6cb8f3ce87"},"headline":"Vice-postula\u00e7\u00e3o participa do 20\u00ba Encontro Nacional Dedo de Prosa","datePublished":"2019-05-22T01:05:57+00:00","dateModified":"2019-08-22T01:07:46+00:00","mainEntityOfPage":{"@id":"https:\/\/www.padreeustaquio.com.br\/vice-postulacao-participa-do-20o-encontro-nacional-dedo-de-prosa\/"},"wordCount":200,"publisher":{"@id":"https:\/\/www.padreeustaquio.com.br\/#organization"},"image":{"@id":"https:\/\/www.padreeustaquio.com.br\/vice-postulacao-participa-do-20o-encontro-nacional-dedo-de-prosa\/#primaryimage"},"thumbnailUrl":"https:\/\/www.padreeustaquio.com.br\/wp-content\/uploads\/2019\/08\/031.jpg","articleSection":["Not\u00edcias"],"inLanguage":"es"},{"@type":"WebPage","@id":"https:\/\/www.padreeustaquio.com.br\/vice-postulacao-participa-do-20o-encontro-nacional-dedo-de-prosa\/","url":"https:\/\/www.padreeustaquio.com.br\/vice-postulacao-participa-do-20o-encontro-nacional-dedo-de-prosa\/","name":"Vicecandidato participa en el XX Encuentro Nacional &quot;Dedo de Prosa&quot; - Padre Eust\u00e1quio","isPartOf":{"@id":"https:\/\/www.padreeustaquio.com.br\/#website"},"primaryImageOfPage":{"@id":"https:\/\/www.padreeustaquio.com.br\/vice-postulacao-participa-do-20o-encontro-nacional-dedo-de-prosa\/#primaryimage"},"image":{"@id":"https:\/\/www.padreeustaquio.com.br\/vice-postulacao-participa-do-20o-encontro-nacional-dedo-de-prosa\/#primaryimage"},"thumbnailUrl":"https:\/\/www.padreeustaquio.com.br\/wp-content\/uploads\/2019\/08\/031.jpg","datePublished":"2019-05-22T01:05:57+00:00","dateModified":"2019-08-22T01:07:46+00:00","breadcrumb":{"@id":"https:\/\/www.padreeustaquio.com.br\/vice-postulacao-participa-do-20o-encontro-nacional-dedo-de-prosa\/#breadcrumb"},"inLanguage":"es","potentialAction":[{"@type":"ReadAction","target":["https:\/\/www.padreeustaquio.com.br\/vice-postulacao-participa-do-20o-encontro-nacional-dedo-de-prosa\/"]}]},{"@type":"ImageObject","inLanguage":"es","@id":"https:\/\/www.padreeustaquio.com.br\/vice-postulacao-participa-do-20o-encontro-nacional-dedo-de-prosa\/#primaryimage","url":"https:\/\/www.padreeustaquio.com.br\/wp-content\/uploads\/2019\/08\/031.jpg","contentUrl":"https:\/\/www.padreeustaquio.com.br\/wp-content\/uploads\/2019\/08\/031.jpg","width":512,"height":276},{"@type":"BreadcrumbList","@id":"https:\/\/www.padreeustaquio.com.br\/vice-postulacao-participa-do-20o-encontro-nacional-dedo-de-prosa\/#breadcrumb","itemListElement":[{"@type":"ListItem","position":1,"name":"In\u00edcio","item":"https:\/\/www.padreeustaquio.com.br\/"},{"@type":"ListItem","position":2,"name":"Vice-postula\u00e7\u00e3o participa do 20\u00ba Encontro Nacional Dedo de Prosa"}]},{"@type":"WebSite","@id":"https:\/\/www.padreeustaquio.com.br\/#website","url":"https:\/\/www.padreeustaquio.com.br\/","name":"Padre Eustace","description":"Salud y Paz","publisher":{"@id":"https:\/\/www.padreeustaquio.com.br\/#organization"},"potentialAction":[{"@type":"SearchAction","target":{"@type":"EntryPoint","urlTemplate":"https:\/\/www.padreeustaquio.com.br\/?s={search_term_string}"},"query-input":{"@type":"PropertyValueSpecification","valueRequired":true,"valueName":"search_term_string"}}],"inLanguage":"es"},{"@type":"Organization","@id":"https:\/\/www.padreeustaquio.com.br\/#organization","name":"Padre Eustace","url":"https:\/\/www.padreeustaquio.com.br\/","logo":{"@type":"ImageObject","inLanguage":"es","@id":"https:\/\/www.padreeustaquio.com.br\/#\/schema\/logo\/image\/","url":"https:\/\/www.padreeustaquio.com.br\/wp-content\/uploads\/2019\/08\/marca.png","contentUrl":"https:\/\/www.padreeustaquio.com.br\/wp-content\/uploads\/2019\/08\/marca.png","width":350,"height":400,"caption":"Padre Eust\u00e1quio"},"image":{"@id":"https:\/\/www.padreeustaquio.com.br\/#\/schema\/logo\/image\/"},"sameAs":["https:\/\/www.facebook.com\/beatopadreeustaquio\/","https:\/\/x.com\/beatopeustaquio","https:\/\/www.instagram.com\/beatopadreeustaquio\/","https:\/\/www.youtube.com\/channel\/UCRhw7vfabnajwLxb1ZXMeIw"]},{"@type":"Person","@id":"https:\/\/www.padreeustaquio.com.br\/#\/schema\/person\/1bbfe7b959f00a655f8ecb6cb8f3ce87","name":"escuela secundaria","image":{"@type":"ImageObject","inLanguage":"es","@id":"https:\/\/secure.gravatar.com\/avatar\/edddec27f012d36cfa3fce966238219942e4659e87f27ef7b5704f0db7007bec?s=96&d=mm&r=g","url":"https:\/\/secure.gravatar.com\/avatar\/edddec27f012d36cfa3fce966238219942e4659e87f27ef7b5704f0db7007bec?s=96&d=mm&r=g","contentUrl":"https:\/\/secure.gravatar.com\/avatar\/edddec27f012d36cfa3fce966238219942e4659e87f27ef7b5704f0db7007bec?s=96&d=mm&r=g","caption":"sscc"},"url":"https:\/\/www.padreeustaquio.com.br\/es\/author\/userpde\/"}]}},"_links":{"self":[{"href":"https:\/\/www.padreeustaquio.com.br\/es\/wp-json\/wp\/v2\/posts\/3043","targetHints":{"allow":["GET"]}}],"collection":[{"href":"https:\/\/www.padreeustaquio.com.br\/es\/wp-json\/wp\/v2\/posts"}],"about":[{"href":"https:\/\/www.padreeustaquio.com.br\/es\/wp-json\/wp\/v2\/types\/post"}],"author":[{"embeddable":true,"href":"https:\/\/www.padreeustaquio.com.br\/es\/wp-json\/wp\/v2\/users\/6"}],"replies":[{"embeddable":true,"href":"https:\/\/www.padreeustaquio.com.br\/es\/wp-json\/wp\/v2\/comments?post=3043"}],"version-history":[{"count":0,"href":"https:\/\/www.padreeustaquio.com.br\/es\/wp-json\/wp\/v2\/posts\/3043\/revisions"}],"wp:featuredmedia":[{"embeddable":true,"href":"https:\/\/www.padreeustaquio.com.br\/es\/wp-json\/wp\/v2\/media\/3044"}],"wp:attachment":[{"href":"https:\/\/www.padreeustaquio.com.br\/es\/wp-json\/wp\/v2\/media?parent=3043"}],"wp:term":[{"taxonomy":"category","embeddable":true,"href":"https:\/\/www.padreeustaquio.com.br\/es\/wp-json\/wp\/v2\/categories?post=3043"},{"taxonomy":"post_tag","embeddable":true,"href":"https:\/\/www.padreeustaquio.com.br\/es\/wp-json\/wp\/v2\/tags?post=3043"}],"curies":[{"name":"wp","href":"https:\/\/api.w.org\/{rel}","templated":true}]}}