{"id":3040,"date":"2019-05-20T22:01:25","date_gmt":"2019-05-21T01:01:25","guid":{"rendered":"http:\/\/br606.teste.website\/~padre078\/padreeustaquio.com.br\/?p=3040"},"modified":"2019-08-21T22:02:45","modified_gmt":"2019-08-22T01:02:45","slug":"familia-de-los-sagrados-corazones-de-alemania-visita-la-casa-y-tumba-de-san-damian","status":"publish","type":"post","link":"https:\/\/www.padreeustaquio.com.br\/es\/familia-de-los-sagrados-corazones-de-alemania-visita-la-casa-y-tumba-de-san-damian\/","title":{"rendered":"La Familia de los Sagrados Corazones de Alemania visita la casa y tumba de San Dami\u00e1n."},"content":{"rendered":"<p>Un grupo de 30 personas, entre ellas 22 laicos y 8 hermanos de la Congregaci\u00f3n de los Sagrados Corazones de Alemania, visit\u00f3 Tremelo, B\u00e9lgica, entre el 11 y el 12 de mayo.<\/p>\n<p>Los hermanos de la congregaci\u00f3n relataron que, en el d\u00e9cimo aniversario de la canonizaci\u00f3n de Dami\u00e1n, quisieron revitalizar sus vidas en el seguimiento de Jes\u00fas visitando su lugar de nacimiento y su tumba. Durante el viaje en autob\u00fas entre Colonia y Tremelo, el hermano Heinz Josef Catrein habl\u00f3 sobre la vida de Dami\u00e1n, citando numerosas cartas escritas por el santo y testimonios contempor\u00e1neos sobre \u00e9l.<\/p>\n<p>La visita del Museo a la casa natal de Dami\u00e1n fue otra valiosa experiencia. Este primer d\u00eda concluy\u00f3 con la Santa Eucarist\u00eda, que el grupo celebr\u00f3 en la cripta, ante la tumba de Dami\u00e1n. En ese momento, la reflexi\u00f3n, dirigida por el Provincial, se centr\u00f3 en: Silencio, Recogimiento y Oraci\u00f3n, palabras que San Dami\u00e1n hab\u00eda escrito en su cuaderno escolar. La actitud contemplativa permiti\u00f3 a los hermanos experimentar la presencia del Resucitado que transforma y da vida.<\/p>\n<p>Al final del d\u00eda, el grupo sali\u00f3 a cenar a diferentes restaurantes de la ciudad de Lovaina.<\/p>\n<p>El domingo 12, el grupo celebr\u00f3 la Eucarist\u00eda con los hermanos flamencos de la comunidad de Sint Antoniusberg, quienes les invitaron a un c\u00f3ctel despu\u00e9s de la misa. De regreso a casa, hicieron una \u00faltima parada en el Santuario de Scherpenheuvel.<\/p>\n<p>Fuente: ssccpicpus.com<\/p>","protected":false},"excerpt":{"rendered":"<p>Um grupo de 30 pessoas, sendo 22 leigos e 8 irm\u00e3os da Congrega\u00e7\u00e3o dos Sagrados Cora\u00e7\u00f5es, na Alemanha, visitaram para Tremelo, na B\u00e9lgica, entre os dias 11 e 12 de maio. Os irm\u00e3os da congrega\u00e7\u00e3o contaram que, no 10\u00ba anivers\u00e1rio da canoniza\u00e7\u00e3o de Dami\u00e3o, queriam encontrar novos impulsos para suas vidas, no seguimento de Jesus, visitando o lugar de origem e o t\u00famulo de Dami\u00e3o. Na viagem de \u00f4nibus entre Colonia e Tremelo o irm\u00e3o, Heinz Josef Catrein, falou sobre a vida de Dami\u00e3o, com muitas cita\u00e7\u00f5es de cartas escritas pelo Santo e de testemunhos contempor\u00e2neos sobre ele. A visita [&hellip;]<\/p>\n","protected":false},"author":6,"featured_media":3041,"comment_status":"closed","ping_status":"open","sticky":false,"template":"","format":"standard","meta":{"_acf_changed":false,"footnotes":""},"categories":[611],"tags":[],"class_list":["post-3040","post","type-post","status-publish","format-standard","has-post-thumbnail","hentry","category-noticias"],"acf":[],"yoast_head":"<!-- This site is optimized with the Yoast SEO plugin v27.2 - https:\/\/yoast.com\/product\/yoast-seo-wordpress\/ -->\n<title>Fam\u00edlia dos Sagrados Cora\u00e7\u00f5es, da Alemanha, visita casa e t\u00famulo de S\u00e3o Dami\u00e3o - Padre Eust\u00e1quio<\/title>\n<meta name=\"robots\" content=\"index, follow, max-snippet:-1, max-image-preview:large, max-video-preview:-1\" \/>\n<link rel=\"canonical\" href=\"https:\/\/www.padreeustaquio.com.br\/es\/familia-de-los-sagrados-corazones-de-alemania-visita-la-casa-y-tumba-de-san-damian\/\" \/>\n<meta property=\"og:locale\" content=\"es_ES\" \/>\n<meta property=\"og:type\" content=\"article\" \/>\n<meta property=\"og:title\" content=\"Fam\u00edlia dos Sagrados Cora\u00e7\u00f5es, da Alemanha, visita casa e t\u00famulo de S\u00e3o Dami\u00e3o - Padre Eust\u00e1quio\" \/>\n<meta property=\"og:description\" content=\"Um grupo de 30 pessoas, sendo 22 leigos e 8 irm\u00e3os da Congrega\u00e7\u00e3o dos Sagrados Cora\u00e7\u00f5es, na Alemanha, visitaram para Tremelo, na B\u00e9lgica, entre os dias 11 e 12 de maio. Os irm\u00e3os da congrega\u00e7\u00e3o contaram que, no 10\u00ba anivers\u00e1rio da canoniza\u00e7\u00e3o de Dami\u00e3o, queriam encontrar novos impulsos para suas vidas, no seguimento de Jesus, visitando o lugar de origem e o t\u00famulo de Dami\u00e3o. Na viagem de \u00f4nibus entre Colonia e Tremelo o irm\u00e3o, Heinz Josef Catrein, falou sobre a vida de Dami\u00e3o, com muitas cita\u00e7\u00f5es de cartas escritas pelo Santo e de testemunhos contempor\u00e2neos sobre ele. A visita [&hellip;]\" \/>\n<meta property=\"og:url\" content=\"https:\/\/www.padreeustaquio.com.br\/es\/familia-de-los-sagrados-corazones-de-alemania-visita-la-casa-y-tumba-de-san-damian\/\" \/>\n<meta property=\"og:site_name\" content=\"Padre Eust\u00e1quio\" \/>\n<meta property=\"article:publisher\" content=\"https:\/\/www.facebook.com\/beatopadreeustaquio\/\" \/>\n<meta property=\"article:published_time\" content=\"2019-05-21T01:01:25+00:00\" \/>\n<meta property=\"article:modified_time\" content=\"2019-08-22T01:02:45+00:00\" \/>\n<meta property=\"og:image\" content=\"https:\/\/www.padreeustaquio.com.br\/wp-content\/uploads\/2019\/08\/030.jpg\" \/>\n\t<meta property=\"og:image:width\" content=\"512\" \/>\n\t<meta property=\"og:image:height\" content=\"394\" \/>\n\t<meta property=\"og:image:type\" content=\"image\/jpeg\" \/>\n<meta name=\"author\" content=\"sscc\" \/>\n<meta name=\"twitter:card\" content=\"summary_large_image\" \/>\n<meta name=\"twitter:creator\" content=\"@beatopeustaquio\" \/>\n<meta name=\"twitter:site\" content=\"@beatopeustaquio\" \/>\n<meta name=\"twitter:label1\" content=\"Escrito por\" \/>\n\t<meta name=\"twitter:data1\" content=\"sscc\" \/>\n\t<meta name=\"twitter:label2\" content=\"Tiempo de lectura\" \/>\n\t<meta name=\"twitter:data2\" content=\"1 minuto\" \/>\n<script type=\"application\/ld+json\" class=\"yoast-schema-graph\">{\"@context\":\"https:\/\/schema.org\",\"@graph\":[{\"@type\":\"Article\",\"@id\":\"https:\/\/www.padreeustaquio.com.br\/familia-dos-sagrados-coracoes-da-alemanha-visita-casa-e-tumulo-de-sao-damiao\/#article\",\"isPartOf\":{\"@id\":\"https:\/\/www.padreeustaquio.com.br\/familia-dos-sagrados-coracoes-da-alemanha-visita-casa-e-tumulo-de-sao-damiao\/\"},\"author\":{\"name\":\"sscc\",\"@id\":\"https:\/\/www.padreeustaquio.com.br\/#\/schema\/person\/1bbfe7b959f00a655f8ecb6cb8f3ce87\"},\"headline\":\"Fam\u00edlia dos Sagrados Cora\u00e7\u00f5es, da Alemanha, visita casa e t\u00famulo de S\u00e3o Dami\u00e3o\",\"datePublished\":\"2019-05-21T01:01:25+00:00\",\"dateModified\":\"2019-08-22T01:02:45+00:00\",\"mainEntityOfPage\":{\"@id\":\"https:\/\/www.padreeustaquio.com.br\/familia-dos-sagrados-coracoes-da-alemanha-visita-casa-e-tumulo-de-sao-damiao\/\"},\"wordCount\":272,\"publisher\":{\"@id\":\"https:\/\/www.padreeustaquio.com.br\/#organization\"},\"image\":{\"@id\":\"https:\/\/www.padreeustaquio.com.br\/familia-dos-sagrados-coracoes-da-alemanha-visita-casa-e-tumulo-de-sao-damiao\/#primaryimage\"},\"thumbnailUrl\":\"https:\/\/www.padreeustaquio.com.br\/wp-content\/uploads\/2019\/08\/030.jpg\",\"articleSection\":[\"Not\u00edcias\"],\"inLanguage\":\"es\"},{\"@type\":\"WebPage\",\"@id\":\"https:\/\/www.padreeustaquio.com.br\/familia-dos-sagrados-coracoes-da-alemanha-visita-casa-e-tumulo-de-sao-damiao\/\",\"url\":\"https:\/\/www.padreeustaquio.com.br\/familia-dos-sagrados-coracoes-da-alemanha-visita-casa-e-tumulo-de-sao-damiao\/\",\"name\":\"Fam\u00edlia dos Sagrados Cora\u00e7\u00f5es, da Alemanha, visita casa e t\u00famulo de S\u00e3o Dami\u00e3o - Padre Eust\u00e1quio\",\"isPartOf\":{\"@id\":\"https:\/\/www.padreeustaquio.com.br\/#website\"},\"primaryImageOfPage\":{\"@id\":\"https:\/\/www.padreeustaquio.com.br\/familia-dos-sagrados-coracoes-da-alemanha-visita-casa-e-tumulo-de-sao-damiao\/#primaryimage\"},\"image\":{\"@id\":\"https:\/\/www.padreeustaquio.com.br\/familia-dos-sagrados-coracoes-da-alemanha-visita-casa-e-tumulo-de-sao-damiao\/#primaryimage\"},\"thumbnailUrl\":\"https:\/\/www.padreeustaquio.com.br\/wp-content\/uploads\/2019\/08\/030.jpg\",\"datePublished\":\"2019-05-21T01:01:25+00:00\",\"dateModified\":\"2019-08-22T01:02:45+00:00\",\"breadcrumb\":{\"@id\":\"https:\/\/www.padreeustaquio.com.br\/familia-dos-sagrados-coracoes-da-alemanha-visita-casa-e-tumulo-de-sao-damiao\/#breadcrumb\"},\"inLanguage\":\"es\",\"potentialAction\":[{\"@type\":\"ReadAction\",\"target\":[\"https:\/\/www.padreeustaquio.com.br\/familia-dos-sagrados-coracoes-da-alemanha-visita-casa-e-tumulo-de-sao-damiao\/\"]}]},{\"@type\":\"ImageObject\",\"inLanguage\":\"es\",\"@id\":\"https:\/\/www.padreeustaquio.com.br\/familia-dos-sagrados-coracoes-da-alemanha-visita-casa-e-tumulo-de-sao-damiao\/#primaryimage\",\"url\":\"https:\/\/www.padreeustaquio.com.br\/wp-content\/uploads\/2019\/08\/030.jpg\",\"contentUrl\":\"https:\/\/www.padreeustaquio.com.br\/wp-content\/uploads\/2019\/08\/030.jpg\",\"width\":512,\"height\":394},{\"@type\":\"BreadcrumbList\",\"@id\":\"https:\/\/www.padreeustaquio.com.br\/familia-dos-sagrados-coracoes-da-alemanha-visita-casa-e-tumulo-de-sao-damiao\/#breadcrumb\",\"itemListElement\":[{\"@type\":\"ListItem\",\"position\":1,\"name\":\"In\u00edcio\",\"item\":\"https:\/\/www.padreeustaquio.com.br\/\"},{\"@type\":\"ListItem\",\"position\":2,\"name\":\"Fam\u00edlia dos Sagrados Cora\u00e7\u00f5es, da Alemanha, visita casa e t\u00famulo de S\u00e3o Dami\u00e3o\"}]},{\"@type\":\"WebSite\",\"@id\":\"https:\/\/www.padreeustaquio.com.br\/#website\",\"url\":\"https:\/\/www.padreeustaquio.com.br\/\",\"name\":\"Padre Eust\u00e1quio\",\"description\":\"Sa\u00fade e Paz\",\"publisher\":{\"@id\":\"https:\/\/www.padreeustaquio.com.br\/#organization\"},\"potentialAction\":[{\"@type\":\"SearchAction\",\"target\":{\"@type\":\"EntryPoint\",\"urlTemplate\":\"https:\/\/www.padreeustaquio.com.br\/?s={search_term_string}\"},\"query-input\":{\"@type\":\"PropertyValueSpecification\",\"valueRequired\":true,\"valueName\":\"search_term_string\"}}],\"inLanguage\":\"es\"},{\"@type\":\"Organization\",\"@id\":\"https:\/\/www.padreeustaquio.com.br\/#organization\",\"name\":\"Padre Eust\u00e1quio\",\"url\":\"https:\/\/www.padreeustaquio.com.br\/\",\"logo\":{\"@type\":\"ImageObject\",\"inLanguage\":\"es\",\"@id\":\"https:\/\/www.padreeustaquio.com.br\/#\/schema\/logo\/image\/\",\"url\":\"https:\/\/www.padreeustaquio.com.br\/wp-content\/uploads\/2019\/08\/marca.png\",\"contentUrl\":\"https:\/\/www.padreeustaquio.com.br\/wp-content\/uploads\/2019\/08\/marca.png\",\"width\":350,\"height\":400,\"caption\":\"Padre Eust\u00e1quio\"},\"image\":{\"@id\":\"https:\/\/www.padreeustaquio.com.br\/#\/schema\/logo\/image\/\"},\"sameAs\":[\"https:\/\/www.facebook.com\/beatopadreeustaquio\/\",\"https:\/\/x.com\/beatopeustaquio\",\"https:\/\/www.instagram.com\/beatopadreeustaquio\/\",\"https:\/\/www.youtube.com\/channel\/UCRhw7vfabnajwLxb1ZXMeIw\"]},{\"@type\":\"Person\",\"@id\":\"https:\/\/www.padreeustaquio.com.br\/#\/schema\/person\/1bbfe7b959f00a655f8ecb6cb8f3ce87\",\"name\":\"sscc\",\"image\":{\"@type\":\"ImageObject\",\"inLanguage\":\"es\",\"@id\":\"https:\/\/secure.gravatar.com\/avatar\/edddec27f012d36cfa3fce966238219942e4659e87f27ef7b5704f0db7007bec?s=96&d=mm&r=g\",\"url\":\"https:\/\/secure.gravatar.com\/avatar\/edddec27f012d36cfa3fce966238219942e4659e87f27ef7b5704f0db7007bec?s=96&d=mm&r=g\",\"contentUrl\":\"https:\/\/secure.gravatar.com\/avatar\/edddec27f012d36cfa3fce966238219942e4659e87f27ef7b5704f0db7007bec?s=96&d=mm&r=g\",\"caption\":\"sscc\"},\"url\":\"https:\/\/www.padreeustaquio.com.br\/es\/author\/userpde\/\"}]}<\/script>\n<!-- \/ Yoast SEO plugin. -->","yoast_head_json":{"title":"Familia de los Sagrados Corazones, de Alemania, visita la casa y tumba de San Dami\u00e1n - Padre Eustace","robots":{"index":"index","follow":"follow","max-snippet":"max-snippet:-1","max-image-preview":"max-image-preview:large","max-video-preview":"max-video-preview:-1"},"canonical":"https:\/\/www.padreeustaquio.com.br\/es\/familia-de-los-sagrados-corazones-de-alemania-visita-la-casa-y-tumba-de-san-damian\/","og_locale":"es_ES","og_type":"article","og_title":"Fam\u00edlia dos Sagrados Cora\u00e7\u00f5es, da Alemanha, visita casa e t\u00famulo de S\u00e3o Dami\u00e3o - Padre Eust\u00e1quio","og_description":"Um grupo de 30 pessoas, sendo 22 leigos e 8 irm\u00e3os da Congrega\u00e7\u00e3o dos Sagrados Cora\u00e7\u00f5es, na Alemanha, visitaram para Tremelo, na B\u00e9lgica, entre os dias 11 e 12 de maio. Os irm\u00e3os da congrega\u00e7\u00e3o contaram que, no 10\u00ba anivers\u00e1rio da canoniza\u00e7\u00e3o de Dami\u00e3o, queriam encontrar novos impulsos para suas vidas, no seguimento de Jesus, visitando o lugar de origem e o t\u00famulo de Dami\u00e3o. Na viagem de \u00f4nibus entre Colonia e Tremelo o irm\u00e3o, Heinz Josef Catrein, falou sobre a vida de Dami\u00e3o, com muitas cita\u00e7\u00f5es de cartas escritas pelo Santo e de testemunhos contempor\u00e2neos sobre ele. A visita [&hellip;]","og_url":"https:\/\/www.padreeustaquio.com.br\/es\/familia-de-los-sagrados-corazones-de-alemania-visita-la-casa-y-tumba-de-san-damian\/","og_site_name":"Padre Eust\u00e1quio","article_publisher":"https:\/\/www.facebook.com\/beatopadreeustaquio\/","article_published_time":"2019-05-21T01:01:25+00:00","article_modified_time":"2019-08-22T01:02:45+00:00","og_image":[{"width":512,"height":394,"url":"https:\/\/www.padreeustaquio.com.br\/wp-content\/uploads\/2019\/08\/030.jpg","type":"image\/jpeg"}],"author":"sscc","twitter_card":"summary_large_image","twitter_creator":"@beatopeustaquio","twitter_site":"@beatopeustaquio","twitter_misc":{"Escrito por":"sscc","Tiempo de lectura":"1 minuto"},"schema":{"@context":"https:\/\/schema.org","@graph":[{"@type":"Article","@id":"https:\/\/www.padreeustaquio.com.br\/familia-dos-sagrados-coracoes-da-alemanha-visita-casa-e-tumulo-de-sao-damiao\/#article","isPartOf":{"@id":"https:\/\/www.padreeustaquio.com.br\/familia-dos-sagrados-coracoes-da-alemanha-visita-casa-e-tumulo-de-sao-damiao\/"},"author":{"name":"sscc","@id":"https:\/\/www.padreeustaquio.com.br\/#\/schema\/person\/1bbfe7b959f00a655f8ecb6cb8f3ce87"},"headline":"Fam\u00edlia dos Sagrados Cora\u00e7\u00f5es, da Alemanha, visita casa e t\u00famulo de S\u00e3o Dami\u00e3o","datePublished":"2019-05-21T01:01:25+00:00","dateModified":"2019-08-22T01:02:45+00:00","mainEntityOfPage":{"@id":"https:\/\/www.padreeustaquio.com.br\/familia-dos-sagrados-coracoes-da-alemanha-visita-casa-e-tumulo-de-sao-damiao\/"},"wordCount":272,"publisher":{"@id":"https:\/\/www.padreeustaquio.com.br\/#organization"},"image":{"@id":"https:\/\/www.padreeustaquio.com.br\/familia-dos-sagrados-coracoes-da-alemanha-visita-casa-e-tumulo-de-sao-damiao\/#primaryimage"},"thumbnailUrl":"https:\/\/www.padreeustaquio.com.br\/wp-content\/uploads\/2019\/08\/030.jpg","articleSection":["Not\u00edcias"],"inLanguage":"es"},{"@type":"WebPage","@id":"https:\/\/www.padreeustaquio.com.br\/familia-dos-sagrados-coracoes-da-alemanha-visita-casa-e-tumulo-de-sao-damiao\/","url":"https:\/\/www.padreeustaquio.com.br\/familia-dos-sagrados-coracoes-da-alemanha-visita-casa-e-tumulo-de-sao-damiao\/","name":"Familia de los Sagrados Corazones, de Alemania, visita la casa y tumba de San Dami\u00e1n - Padre Eustace","isPartOf":{"@id":"https:\/\/www.padreeustaquio.com.br\/#website"},"primaryImageOfPage":{"@id":"https:\/\/www.padreeustaquio.com.br\/familia-dos-sagrados-coracoes-da-alemanha-visita-casa-e-tumulo-de-sao-damiao\/#primaryimage"},"image":{"@id":"https:\/\/www.padreeustaquio.com.br\/familia-dos-sagrados-coracoes-da-alemanha-visita-casa-e-tumulo-de-sao-damiao\/#primaryimage"},"thumbnailUrl":"https:\/\/www.padreeustaquio.com.br\/wp-content\/uploads\/2019\/08\/030.jpg","datePublished":"2019-05-21T01:01:25+00:00","dateModified":"2019-08-22T01:02:45+00:00","breadcrumb":{"@id":"https:\/\/www.padreeustaquio.com.br\/familia-dos-sagrados-coracoes-da-alemanha-visita-casa-e-tumulo-de-sao-damiao\/#breadcrumb"},"inLanguage":"es","potentialAction":[{"@type":"ReadAction","target":["https:\/\/www.padreeustaquio.com.br\/familia-dos-sagrados-coracoes-da-alemanha-visita-casa-e-tumulo-de-sao-damiao\/"]}]},{"@type":"ImageObject","inLanguage":"es","@id":"https:\/\/www.padreeustaquio.com.br\/familia-dos-sagrados-coracoes-da-alemanha-visita-casa-e-tumulo-de-sao-damiao\/#primaryimage","url":"https:\/\/www.padreeustaquio.com.br\/wp-content\/uploads\/2019\/08\/030.jpg","contentUrl":"https:\/\/www.padreeustaquio.com.br\/wp-content\/uploads\/2019\/08\/030.jpg","width":512,"height":394},{"@type":"BreadcrumbList","@id":"https:\/\/www.padreeustaquio.com.br\/familia-dos-sagrados-coracoes-da-alemanha-visita-casa-e-tumulo-de-sao-damiao\/#breadcrumb","itemListElement":[{"@type":"ListItem","position":1,"name":"In\u00edcio","item":"https:\/\/www.padreeustaquio.com.br\/"},{"@type":"ListItem","position":2,"name":"Fam\u00edlia dos Sagrados Cora\u00e7\u00f5es, da Alemanha, visita casa e t\u00famulo de S\u00e3o Dami\u00e3o"}]},{"@type":"WebSite","@id":"https:\/\/www.padreeustaquio.com.br\/#website","url":"https:\/\/www.padreeustaquio.com.br\/","name":"Padre Eustace","description":"Salud y Paz","publisher":{"@id":"https:\/\/www.padreeustaquio.com.br\/#organization"},"potentialAction":[{"@type":"SearchAction","target":{"@type":"EntryPoint","urlTemplate":"https:\/\/www.padreeustaquio.com.br\/?s={search_term_string}"},"query-input":{"@type":"PropertyValueSpecification","valueRequired":true,"valueName":"search_term_string"}}],"inLanguage":"es"},{"@type":"Organization","@id":"https:\/\/www.padreeustaquio.com.br\/#organization","name":"Padre Eustace","url":"https:\/\/www.padreeustaquio.com.br\/","logo":{"@type":"ImageObject","inLanguage":"es","@id":"https:\/\/www.padreeustaquio.com.br\/#\/schema\/logo\/image\/","url":"https:\/\/www.padreeustaquio.com.br\/wp-content\/uploads\/2019\/08\/marca.png","contentUrl":"https:\/\/www.padreeustaquio.com.br\/wp-content\/uploads\/2019\/08\/marca.png","width":350,"height":400,"caption":"Padre Eust\u00e1quio"},"image":{"@id":"https:\/\/www.padreeustaquio.com.br\/#\/schema\/logo\/image\/"},"sameAs":["https:\/\/www.facebook.com\/beatopadreeustaquio\/","https:\/\/x.com\/beatopeustaquio","https:\/\/www.instagram.com\/beatopadreeustaquio\/","https:\/\/www.youtube.com\/channel\/UCRhw7vfabnajwLxb1ZXMeIw"]},{"@type":"Person","@id":"https:\/\/www.padreeustaquio.com.br\/#\/schema\/person\/1bbfe7b959f00a655f8ecb6cb8f3ce87","name":"escuela secundaria","image":{"@type":"ImageObject","inLanguage":"es","@id":"https:\/\/secure.gravatar.com\/avatar\/edddec27f012d36cfa3fce966238219942e4659e87f27ef7b5704f0db7007bec?s=96&d=mm&r=g","url":"https:\/\/secure.gravatar.com\/avatar\/edddec27f012d36cfa3fce966238219942e4659e87f27ef7b5704f0db7007bec?s=96&d=mm&r=g","contentUrl":"https:\/\/secure.gravatar.com\/avatar\/edddec27f012d36cfa3fce966238219942e4659e87f27ef7b5704f0db7007bec?s=96&d=mm&r=g","caption":"sscc"},"url":"https:\/\/www.padreeustaquio.com.br\/es\/author\/userpde\/"}]}},"_links":{"self":[{"href":"https:\/\/www.padreeustaquio.com.br\/es\/wp-json\/wp\/v2\/posts\/3040","targetHints":{"allow":["GET"]}}],"collection":[{"href":"https:\/\/www.padreeustaquio.com.br\/es\/wp-json\/wp\/v2\/posts"}],"about":[{"href":"https:\/\/www.padreeustaquio.com.br\/es\/wp-json\/wp\/v2\/types\/post"}],"author":[{"embeddable":true,"href":"https:\/\/www.padreeustaquio.com.br\/es\/wp-json\/wp\/v2\/users\/6"}],"replies":[{"embeddable":true,"href":"https:\/\/www.padreeustaquio.com.br\/es\/wp-json\/wp\/v2\/comments?post=3040"}],"version-history":[{"count":0,"href":"https:\/\/www.padreeustaquio.com.br\/es\/wp-json\/wp\/v2\/posts\/3040\/revisions"}],"wp:featuredmedia":[{"embeddable":true,"href":"https:\/\/www.padreeustaquio.com.br\/es\/wp-json\/wp\/v2\/media\/3041"}],"wp:attachment":[{"href":"https:\/\/www.padreeustaquio.com.br\/es\/wp-json\/wp\/v2\/media?parent=3040"}],"wp:term":[{"taxonomy":"category","embeddable":true,"href":"https:\/\/www.padreeustaquio.com.br\/es\/wp-json\/wp\/v2\/categories?post=3040"},{"taxonomy":"post_tag","embeddable":true,"href":"https:\/\/www.padreeustaquio.com.br\/es\/wp-json\/wp\/v2\/tags?post=3040"}],"curies":[{"name":"wp","href":"https:\/\/api.w.org\/{rel}","templated":true}]}}