{"id":3037,"date":"2019-05-15T21:59:48","date_gmt":"2019-05-16T00:59:48","guid":{"rendered":"http:\/\/br606.teste.website\/~padre078\/padreeustaquio.com.br\/?p=3037"},"modified":"2019-08-21T22:03:31","modified_gmt":"2019-08-22T01:03:31","slug":"reliquias-del-beato-padre-eustaquio-son-recibidas-por-devotos-en-paraguay","status":"publish","type":"post","link":"https:\/\/www.padreeustaquio.com.br\/es\/reliquias-del-beato-padre-eustaquio-son-recibidas-por-devotos-en-paraguay\/","title":{"rendered":"Reliquias del Beato Padre Eustaquio son recibidas por devotos en Paraguay."},"content":{"rendered":"<p>La semana pasada, sacerdotes brasile\u00f1os de la Congregaci\u00f3n de los Sagrados Corazones visitaron a sus hermanos paraguayos en una misi\u00f3n muy especial. El 5 de mayo, el vicepostulador de la Causa de Canonizaci\u00f3n del Padre Eust\u00e1quio, Padre Marcus Vin\u00edcius Maciel, y el Padre Edmar Aparecido de Oliveira, ambos de la Iglesia Padre Eust\u00e1quio, llegaron a la capital, Asunci\u00f3n. Participaron en diversos momentos de formaci\u00f3n y espiritualidad, adem\u00e1s de presentar las Reliquias del Beato a la comunidad paraguaya.<\/p>\n<p>El d\u00eda 7, el relicario fue trasladado a la Parroquia de S\u00e3o Salvador do Mundo y las reliquias fueron presentadas a los devotos durante la Celebraci\u00f3n Eucar\u00edstica. Inmediatamente despu\u00e9s de la Santa Misa, los fieles pudieron recibir la bendici\u00f3n con la imposici\u00f3n de manos y venerar los objetos sagrados. Al d\u00eda siguiente, la comunidad parroquial de Santa Catarina de Sena, ubicada en Fernando de la Mora, en la Gran Asunci\u00f3n, recibi\u00f3 la visita de los misioneros. All\u00ed tambi\u00e9n se celebr\u00f3 la celebraci\u00f3n y los sacerdotes impartieron la bendici\u00f3n bajo la intercesi\u00f3n del Padre Eust\u00e1quio.<\/p>\n<p>La misa en memoria del Beato ya se celebra cada 30 de mes en ambos lugares. El padre Vinicius Maciel explica que la devoci\u00f3n en Paraguay es diferente a la que se practica en Brasil: \u201cEn nuestro pa\u00eds (Brasil), las personas mayores tuvieron contacto con el Padre Eust\u00e1quio y lo transmiten de generaci\u00f3n en generaci\u00f3n. En cambio, en el pa\u00eds vecino, son los relatos de su vida, combinados con los testimonios de quienes recibieron gracias y las misiones de los religiosos de los Sagrados Corazones, los que han impulsado el crecimiento de la devoci\u00f3n al Beato\u201d.\u201d<\/p>\n<p>Se distribuyeron oraciones al Padre Eustaquio, en espa\u00f1ol, al pueblo paraguayo. Adem\u00e1s, se llevaron al pa\u00eds materiales devocionales, que se venden en Brasil, y se agotaron r\u00e1pidamente.<\/p>\n<p>La ciudad de Presidente Franco, fronteriza con Brasil, Paraguay y Argentina, tambi\u00e9n recibi\u00f3 la visita de las Reliquias del Padre Eustaquio. El d\u00eda 10, festividad de San Dami\u00e1n de Molokai, el hermano Hugo Arm\u00edn P\u00e9rez profes\u00f3 sus votos perpetuos en la Congregaci\u00f3n. Estuvieron presentes otros sacerdotes brasile\u00f1os, entre ellos el actual Provincial de la Regi\u00f3n de Brasil y Paraguay, el padre S\u00e9rgio Stein. La misa destac\u00f3 a los santos y beatos de los Sagrados Corazones, con \u00e9nfasis en las Reliquias del Padre Eustaquio. Despu\u00e9s de la misa, los alumnos del colegio de las Hermanas de la Congregaci\u00f3n de los Sagrados Corazones interpretaron la Cantata de San Dami\u00e1n de Molokai.<\/p>\n<p>El relicario entregado a los paraguayos contiene un hueso, un mech\u00f3n de cabello, un bol\u00edgrafo y trozos de tela que pertenecieron al Beato Padre Eust\u00e1quio, as\u00ed como la medalla que recibi\u00f3 en B\u00e9lgica. El contacto con estos objetos reaviv\u00f3 la devoci\u00f3n de muchos y despert\u00f3 la curiosidad de quienes a\u00fan no conoc\u00edan la vida e historia de la figura religiosa. Para el Padre Marcus Vin\u00edcius, la visita es importante porque ayuda a desregionalizar la devoci\u00f3n al Padre Eust\u00e1quio: \u201cEsto nos hace comprender cu\u00e1nto conmueve a las personas el mensaje de Salud y Paz, incluso en su primer contacto con la espiritualidad del Beato. Estamos muy contentos con esta misi\u00f3n\u201d, concluy\u00f3 el sacerdote.<\/p>","protected":false},"excerpt":{"rendered":"<p>Na \u00faltima semana, os padres brasileiros da Congrega\u00e7\u00e3o dos Sagrados Cora\u00e7\u00f5es visitaram os irm\u00e3os paraguaios numa miss\u00e3o bastante especial. No dia 5 de maio, o vice-postulador da Causa de Canoniza\u00e7\u00e3o de Padre Eust\u00e1quio, Padre Marcus Vin\u00edcius Maciel, e o Padre Edmar Aparecido de Oliveira, ambos da Igreja Padre Eust\u00e1quio, chegaram \u00e0 capital Assun\u00e7\u00e3o. Os dois participaram de v\u00e1rios momentos de forma\u00e7\u00e3o e espiritualidade, al\u00e9m de apresentar as Rel\u00edquias do Beato para a comunidade paraguaia. No dia 7, o relic\u00e1rio foi levado at\u00e9 a Par\u00f3quia S\u00e3o Salvador do Mundo e as Rel\u00edquias apresentadas aos devotos durante a Celebra\u00e7\u00e3o Eucar\u00edstica. Logo ap\u00f3s [&hellip;]<\/p>\n","protected":false},"author":6,"featured_media":3038,"comment_status":"closed","ping_status":"open","sticky":false,"template":"","format":"standard","meta":{"_acf_changed":false,"footnotes":""},"categories":[611],"tags":[],"class_list":["post-3037","post","type-post","status-publish","format-standard","has-post-thumbnail","hentry","category-noticias"],"acf":[],"yoast_head":"<!-- This site is optimized with the Yoast SEO plugin v27.2 - https:\/\/yoast.com\/product\/yoast-seo-wordpress\/ -->\n<title>Rel\u00edquias do Beato Padre Eust\u00e1quio s\u00e3o recebidas por devotos do Paraguai - Padre Eust\u00e1quio<\/title>\n<meta name=\"robots\" content=\"index, follow, max-snippet:-1, max-image-preview:large, max-video-preview:-1\" \/>\n<link rel=\"canonical\" href=\"https:\/\/www.padreeustaquio.com.br\/es\/reliquias-del-beato-padre-eustaquio-son-recibidas-por-devotos-en-paraguay\/\" \/>\n<meta property=\"og:locale\" content=\"es_ES\" \/>\n<meta property=\"og:type\" content=\"article\" \/>\n<meta property=\"og:title\" content=\"Rel\u00edquias do Beato Padre Eust\u00e1quio s\u00e3o recebidas por devotos do Paraguai - Padre Eust\u00e1quio\" \/>\n<meta property=\"og:description\" content=\"Na \u00faltima semana, os padres brasileiros da Congrega\u00e7\u00e3o dos Sagrados Cora\u00e7\u00f5es visitaram os irm\u00e3os paraguaios numa miss\u00e3o bastante especial. No dia 5 de maio, o vice-postulador da Causa de Canoniza\u00e7\u00e3o de Padre Eust\u00e1quio, Padre Marcus Vin\u00edcius Maciel, e o Padre Edmar Aparecido de Oliveira, ambos da Igreja Padre Eust\u00e1quio, chegaram \u00e0 capital Assun\u00e7\u00e3o. Os dois participaram de v\u00e1rios momentos de forma\u00e7\u00e3o e espiritualidade, al\u00e9m de apresentar as Rel\u00edquias do Beato para a comunidade paraguaia. No dia 7, o relic\u00e1rio foi levado at\u00e9 a Par\u00f3quia S\u00e3o Salvador do Mundo e as Rel\u00edquias apresentadas aos devotos durante a Celebra\u00e7\u00e3o Eucar\u00edstica. Logo ap\u00f3s [&hellip;]\" \/>\n<meta property=\"og:url\" content=\"https:\/\/www.padreeustaquio.com.br\/es\/reliquias-del-beato-padre-eustaquio-son-recibidas-por-devotos-en-paraguay\/\" \/>\n<meta property=\"og:site_name\" content=\"Padre Eust\u00e1quio\" \/>\n<meta property=\"article:publisher\" content=\"https:\/\/www.facebook.com\/beatopadreeustaquio\/\" \/>\n<meta property=\"article:published_time\" content=\"2019-05-16T00:59:48+00:00\" \/>\n<meta property=\"article:modified_time\" content=\"2019-08-22T01:03:31+00:00\" \/>\n<meta property=\"og:image\" content=\"https:\/\/www.padreeustaquio.com.br\/wp-content\/uploads\/2019\/08\/029.jpg\" \/>\n\t<meta property=\"og:image:width\" content=\"960\" \/>\n\t<meta property=\"og:image:height\" content=\"720\" \/>\n\t<meta property=\"og:image:type\" content=\"image\/jpeg\" \/>\n<meta name=\"author\" content=\"sscc\" \/>\n<meta name=\"twitter:card\" content=\"summary_large_image\" \/>\n<meta name=\"twitter:creator\" content=\"@beatopeustaquio\" \/>\n<meta name=\"twitter:site\" content=\"@beatopeustaquio\" \/>\n<meta name=\"twitter:label1\" content=\"Escrito por\" \/>\n\t<meta name=\"twitter:data1\" content=\"sscc\" \/>\n\t<meta name=\"twitter:label2\" content=\"Tiempo de lectura\" \/>\n\t<meta name=\"twitter:data2\" content=\"3 minutos\" \/>\n<script type=\"application\/ld+json\" class=\"yoast-schema-graph\">{\"@context\":\"https:\/\/schema.org\",\"@graph\":[{\"@type\":\"Article\",\"@id\":\"https:\/\/www.padreeustaquio.com.br\/reliquias-do-beato-padre-eustaquio-sao-recebidas-por-devotos-do-paraguai\/#article\",\"isPartOf\":{\"@id\":\"https:\/\/www.padreeustaquio.com.br\/reliquias-do-beato-padre-eustaquio-sao-recebidas-por-devotos-do-paraguai\/\"},\"author\":{\"name\":\"sscc\",\"@id\":\"https:\/\/www.padreeustaquio.com.br\/#\/schema\/person\/1bbfe7b959f00a655f8ecb6cb8f3ce87\"},\"headline\":\"Rel\u00edquias do Beato Padre Eust\u00e1quio s\u00e3o recebidas por devotos do Paraguai\",\"datePublished\":\"2019-05-16T00:59:48+00:00\",\"dateModified\":\"2019-08-22T01:03:31+00:00\",\"mainEntityOfPage\":{\"@id\":\"https:\/\/www.padreeustaquio.com.br\/reliquias-do-beato-padre-eustaquio-sao-recebidas-por-devotos-do-paraguai\/\"},\"wordCount\":589,\"publisher\":{\"@id\":\"https:\/\/www.padreeustaquio.com.br\/#organization\"},\"image\":{\"@id\":\"https:\/\/www.padreeustaquio.com.br\/reliquias-do-beato-padre-eustaquio-sao-recebidas-por-devotos-do-paraguai\/#primaryimage\"},\"thumbnailUrl\":\"https:\/\/www.padreeustaquio.com.br\/wp-content\/uploads\/2019\/08\/029.jpg\",\"articleSection\":[\"Not\u00edcias\"],\"inLanguage\":\"es\"},{\"@type\":\"WebPage\",\"@id\":\"https:\/\/www.padreeustaquio.com.br\/reliquias-do-beato-padre-eustaquio-sao-recebidas-por-devotos-do-paraguai\/\",\"url\":\"https:\/\/www.padreeustaquio.com.br\/reliquias-do-beato-padre-eustaquio-sao-recebidas-por-devotos-do-paraguai\/\",\"name\":\"Rel\u00edquias do Beato Padre Eust\u00e1quio s\u00e3o recebidas por devotos do Paraguai - Padre Eust\u00e1quio\",\"isPartOf\":{\"@id\":\"https:\/\/www.padreeustaquio.com.br\/#website\"},\"primaryImageOfPage\":{\"@id\":\"https:\/\/www.padreeustaquio.com.br\/reliquias-do-beato-padre-eustaquio-sao-recebidas-por-devotos-do-paraguai\/#primaryimage\"},\"image\":{\"@id\":\"https:\/\/www.padreeustaquio.com.br\/reliquias-do-beato-padre-eustaquio-sao-recebidas-por-devotos-do-paraguai\/#primaryimage\"},\"thumbnailUrl\":\"https:\/\/www.padreeustaquio.com.br\/wp-content\/uploads\/2019\/08\/029.jpg\",\"datePublished\":\"2019-05-16T00:59:48+00:00\",\"dateModified\":\"2019-08-22T01:03:31+00:00\",\"breadcrumb\":{\"@id\":\"https:\/\/www.padreeustaquio.com.br\/reliquias-do-beato-padre-eustaquio-sao-recebidas-por-devotos-do-paraguai\/#breadcrumb\"},\"inLanguage\":\"es\",\"potentialAction\":[{\"@type\":\"ReadAction\",\"target\":[\"https:\/\/www.padreeustaquio.com.br\/reliquias-do-beato-padre-eustaquio-sao-recebidas-por-devotos-do-paraguai\/\"]}]},{\"@type\":\"ImageObject\",\"inLanguage\":\"es\",\"@id\":\"https:\/\/www.padreeustaquio.com.br\/reliquias-do-beato-padre-eustaquio-sao-recebidas-por-devotos-do-paraguai\/#primaryimage\",\"url\":\"https:\/\/www.padreeustaquio.com.br\/wp-content\/uploads\/2019\/08\/029.jpg\",\"contentUrl\":\"https:\/\/www.padreeustaquio.com.br\/wp-content\/uploads\/2019\/08\/029.jpg\",\"width\":960,\"height\":720},{\"@type\":\"BreadcrumbList\",\"@id\":\"https:\/\/www.padreeustaquio.com.br\/reliquias-do-beato-padre-eustaquio-sao-recebidas-por-devotos-do-paraguai\/#breadcrumb\",\"itemListElement\":[{\"@type\":\"ListItem\",\"position\":1,\"name\":\"In\u00edcio\",\"item\":\"https:\/\/www.padreeustaquio.com.br\/\"},{\"@type\":\"ListItem\",\"position\":2,\"name\":\"Rel\u00edquias do Beato Padre Eust\u00e1quio s\u00e3o recebidas por devotos do Paraguai\"}]},{\"@type\":\"WebSite\",\"@id\":\"https:\/\/www.padreeustaquio.com.br\/#website\",\"url\":\"https:\/\/www.padreeustaquio.com.br\/\",\"name\":\"Padre Eust\u00e1quio\",\"description\":\"Sa\u00fade e Paz\",\"publisher\":{\"@id\":\"https:\/\/www.padreeustaquio.com.br\/#organization\"},\"potentialAction\":[{\"@type\":\"SearchAction\",\"target\":{\"@type\":\"EntryPoint\",\"urlTemplate\":\"https:\/\/www.padreeustaquio.com.br\/?s={search_term_string}\"},\"query-input\":{\"@type\":\"PropertyValueSpecification\",\"valueRequired\":true,\"valueName\":\"search_term_string\"}}],\"inLanguage\":\"es\"},{\"@type\":\"Organization\",\"@id\":\"https:\/\/www.padreeustaquio.com.br\/#organization\",\"name\":\"Padre Eust\u00e1quio\",\"url\":\"https:\/\/www.padreeustaquio.com.br\/\",\"logo\":{\"@type\":\"ImageObject\",\"inLanguage\":\"es\",\"@id\":\"https:\/\/www.padreeustaquio.com.br\/#\/schema\/logo\/image\/\",\"url\":\"https:\/\/www.padreeustaquio.com.br\/wp-content\/uploads\/2019\/08\/marca.png\",\"contentUrl\":\"https:\/\/www.padreeustaquio.com.br\/wp-content\/uploads\/2019\/08\/marca.png\",\"width\":350,\"height\":400,\"caption\":\"Padre Eust\u00e1quio\"},\"image\":{\"@id\":\"https:\/\/www.padreeustaquio.com.br\/#\/schema\/logo\/image\/\"},\"sameAs\":[\"https:\/\/www.facebook.com\/beatopadreeustaquio\/\",\"https:\/\/x.com\/beatopeustaquio\",\"https:\/\/www.instagram.com\/beatopadreeustaquio\/\",\"https:\/\/www.youtube.com\/channel\/UCRhw7vfabnajwLxb1ZXMeIw\"]},{\"@type\":\"Person\",\"@id\":\"https:\/\/www.padreeustaquio.com.br\/#\/schema\/person\/1bbfe7b959f00a655f8ecb6cb8f3ce87\",\"name\":\"sscc\",\"image\":{\"@type\":\"ImageObject\",\"inLanguage\":\"es\",\"@id\":\"https:\/\/secure.gravatar.com\/avatar\/edddec27f012d36cfa3fce966238219942e4659e87f27ef7b5704f0db7007bec?s=96&d=mm&r=g\",\"url\":\"https:\/\/secure.gravatar.com\/avatar\/edddec27f012d36cfa3fce966238219942e4659e87f27ef7b5704f0db7007bec?s=96&d=mm&r=g\",\"contentUrl\":\"https:\/\/secure.gravatar.com\/avatar\/edddec27f012d36cfa3fce966238219942e4659e87f27ef7b5704f0db7007bec?s=96&d=mm&r=g\",\"caption\":\"sscc\"},\"url\":\"https:\/\/www.padreeustaquio.com.br\/es\/author\/userpde\/\"}]}<\/script>\n<!-- \/ Yoast SEO plugin. -->","yoast_head_json":{"title":"Reliquias del Beato Padre Eustaquio son recibidas por devotos en Paraguay - Padre Eustaquio","robots":{"index":"index","follow":"follow","max-snippet":"max-snippet:-1","max-image-preview":"max-image-preview:large","max-video-preview":"max-video-preview:-1"},"canonical":"https:\/\/www.padreeustaquio.com.br\/es\/reliquias-del-beato-padre-eustaquio-son-recibidas-por-devotos-en-paraguay\/","og_locale":"es_ES","og_type":"article","og_title":"Rel\u00edquias do Beato Padre Eust\u00e1quio s\u00e3o recebidas por devotos do Paraguai - Padre Eust\u00e1quio","og_description":"Na \u00faltima semana, os padres brasileiros da Congrega\u00e7\u00e3o dos Sagrados Cora\u00e7\u00f5es visitaram os irm\u00e3os paraguaios numa miss\u00e3o bastante especial. No dia 5 de maio, o vice-postulador da Causa de Canoniza\u00e7\u00e3o de Padre Eust\u00e1quio, Padre Marcus Vin\u00edcius Maciel, e o Padre Edmar Aparecido de Oliveira, ambos da Igreja Padre Eust\u00e1quio, chegaram \u00e0 capital Assun\u00e7\u00e3o. Os dois participaram de v\u00e1rios momentos de forma\u00e7\u00e3o e espiritualidade, al\u00e9m de apresentar as Rel\u00edquias do Beato para a comunidade paraguaia. No dia 7, o relic\u00e1rio foi levado at\u00e9 a Par\u00f3quia S\u00e3o Salvador do Mundo e as Rel\u00edquias apresentadas aos devotos durante a Celebra\u00e7\u00e3o Eucar\u00edstica. Logo ap\u00f3s [&hellip;]","og_url":"https:\/\/www.padreeustaquio.com.br\/es\/reliquias-del-beato-padre-eustaquio-son-recibidas-por-devotos-en-paraguay\/","og_site_name":"Padre Eust\u00e1quio","article_publisher":"https:\/\/www.facebook.com\/beatopadreeustaquio\/","article_published_time":"2019-05-16T00:59:48+00:00","article_modified_time":"2019-08-22T01:03:31+00:00","og_image":[{"width":960,"height":720,"url":"https:\/\/www.padreeustaquio.com.br\/wp-content\/uploads\/2019\/08\/029.jpg","type":"image\/jpeg"}],"author":"sscc","twitter_card":"summary_large_image","twitter_creator":"@beatopeustaquio","twitter_site":"@beatopeustaquio","twitter_misc":{"Escrito por":"sscc","Tiempo de lectura":"3 minutos"},"schema":{"@context":"https:\/\/schema.org","@graph":[{"@type":"Article","@id":"https:\/\/www.padreeustaquio.com.br\/reliquias-do-beato-padre-eustaquio-sao-recebidas-por-devotos-do-paraguai\/#article","isPartOf":{"@id":"https:\/\/www.padreeustaquio.com.br\/reliquias-do-beato-padre-eustaquio-sao-recebidas-por-devotos-do-paraguai\/"},"author":{"name":"sscc","@id":"https:\/\/www.padreeustaquio.com.br\/#\/schema\/person\/1bbfe7b959f00a655f8ecb6cb8f3ce87"},"headline":"Rel\u00edquias do Beato Padre Eust\u00e1quio s\u00e3o recebidas por devotos do Paraguai","datePublished":"2019-05-16T00:59:48+00:00","dateModified":"2019-08-22T01:03:31+00:00","mainEntityOfPage":{"@id":"https:\/\/www.padreeustaquio.com.br\/reliquias-do-beato-padre-eustaquio-sao-recebidas-por-devotos-do-paraguai\/"},"wordCount":589,"publisher":{"@id":"https:\/\/www.padreeustaquio.com.br\/#organization"},"image":{"@id":"https:\/\/www.padreeustaquio.com.br\/reliquias-do-beato-padre-eustaquio-sao-recebidas-por-devotos-do-paraguai\/#primaryimage"},"thumbnailUrl":"https:\/\/www.padreeustaquio.com.br\/wp-content\/uploads\/2019\/08\/029.jpg","articleSection":["Not\u00edcias"],"inLanguage":"es"},{"@type":"WebPage","@id":"https:\/\/www.padreeustaquio.com.br\/reliquias-do-beato-padre-eustaquio-sao-recebidas-por-devotos-do-paraguai\/","url":"https:\/\/www.padreeustaquio.com.br\/reliquias-do-beato-padre-eustaquio-sao-recebidas-por-devotos-do-paraguai\/","name":"Reliquias del Beato Padre Eustaquio son recibidas por devotos en Paraguay - Padre Eustaquio","isPartOf":{"@id":"https:\/\/www.padreeustaquio.com.br\/#website"},"primaryImageOfPage":{"@id":"https:\/\/www.padreeustaquio.com.br\/reliquias-do-beato-padre-eustaquio-sao-recebidas-por-devotos-do-paraguai\/#primaryimage"},"image":{"@id":"https:\/\/www.padreeustaquio.com.br\/reliquias-do-beato-padre-eustaquio-sao-recebidas-por-devotos-do-paraguai\/#primaryimage"},"thumbnailUrl":"https:\/\/www.padreeustaquio.com.br\/wp-content\/uploads\/2019\/08\/029.jpg","datePublished":"2019-05-16T00:59:48+00:00","dateModified":"2019-08-22T01:03:31+00:00","breadcrumb":{"@id":"https:\/\/www.padreeustaquio.com.br\/reliquias-do-beato-padre-eustaquio-sao-recebidas-por-devotos-do-paraguai\/#breadcrumb"},"inLanguage":"es","potentialAction":[{"@type":"ReadAction","target":["https:\/\/www.padreeustaquio.com.br\/reliquias-do-beato-padre-eustaquio-sao-recebidas-por-devotos-do-paraguai\/"]}]},{"@type":"ImageObject","inLanguage":"es","@id":"https:\/\/www.padreeustaquio.com.br\/reliquias-do-beato-padre-eustaquio-sao-recebidas-por-devotos-do-paraguai\/#primaryimage","url":"https:\/\/www.padreeustaquio.com.br\/wp-content\/uploads\/2019\/08\/029.jpg","contentUrl":"https:\/\/www.padreeustaquio.com.br\/wp-content\/uploads\/2019\/08\/029.jpg","width":960,"height":720},{"@type":"BreadcrumbList","@id":"https:\/\/www.padreeustaquio.com.br\/reliquias-do-beato-padre-eustaquio-sao-recebidas-por-devotos-do-paraguai\/#breadcrumb","itemListElement":[{"@type":"ListItem","position":1,"name":"In\u00edcio","item":"https:\/\/www.padreeustaquio.com.br\/"},{"@type":"ListItem","position":2,"name":"Rel\u00edquias do Beato Padre Eust\u00e1quio s\u00e3o recebidas por devotos do Paraguai"}]},{"@type":"WebSite","@id":"https:\/\/www.padreeustaquio.com.br\/#website","url":"https:\/\/www.padreeustaquio.com.br\/","name":"Padre Eustace","description":"Salud y Paz","publisher":{"@id":"https:\/\/www.padreeustaquio.com.br\/#organization"},"potentialAction":[{"@type":"SearchAction","target":{"@type":"EntryPoint","urlTemplate":"https:\/\/www.padreeustaquio.com.br\/?s={search_term_string}"},"query-input":{"@type":"PropertyValueSpecification","valueRequired":true,"valueName":"search_term_string"}}],"inLanguage":"es"},{"@type":"Organization","@id":"https:\/\/www.padreeustaquio.com.br\/#organization","name":"Padre Eustace","url":"https:\/\/www.padreeustaquio.com.br\/","logo":{"@type":"ImageObject","inLanguage":"es","@id":"https:\/\/www.padreeustaquio.com.br\/#\/schema\/logo\/image\/","url":"https:\/\/www.padreeustaquio.com.br\/wp-content\/uploads\/2019\/08\/marca.png","contentUrl":"https:\/\/www.padreeustaquio.com.br\/wp-content\/uploads\/2019\/08\/marca.png","width":350,"height":400,"caption":"Padre Eust\u00e1quio"},"image":{"@id":"https:\/\/www.padreeustaquio.com.br\/#\/schema\/logo\/image\/"},"sameAs":["https:\/\/www.facebook.com\/beatopadreeustaquio\/","https:\/\/x.com\/beatopeustaquio","https:\/\/www.instagram.com\/beatopadreeustaquio\/","https:\/\/www.youtube.com\/channel\/UCRhw7vfabnajwLxb1ZXMeIw"]},{"@type":"Person","@id":"https:\/\/www.padreeustaquio.com.br\/#\/schema\/person\/1bbfe7b959f00a655f8ecb6cb8f3ce87","name":"escuela secundaria","image":{"@type":"ImageObject","inLanguage":"es","@id":"https:\/\/secure.gravatar.com\/avatar\/edddec27f012d36cfa3fce966238219942e4659e87f27ef7b5704f0db7007bec?s=96&d=mm&r=g","url":"https:\/\/secure.gravatar.com\/avatar\/edddec27f012d36cfa3fce966238219942e4659e87f27ef7b5704f0db7007bec?s=96&d=mm&r=g","contentUrl":"https:\/\/secure.gravatar.com\/avatar\/edddec27f012d36cfa3fce966238219942e4659e87f27ef7b5704f0db7007bec?s=96&d=mm&r=g","caption":"sscc"},"url":"https:\/\/www.padreeustaquio.com.br\/es\/author\/userpde\/"}]}},"_links":{"self":[{"href":"https:\/\/www.padreeustaquio.com.br\/es\/wp-json\/wp\/v2\/posts\/3037","targetHints":{"allow":["GET"]}}],"collection":[{"href":"https:\/\/www.padreeustaquio.com.br\/es\/wp-json\/wp\/v2\/posts"}],"about":[{"href":"https:\/\/www.padreeustaquio.com.br\/es\/wp-json\/wp\/v2\/types\/post"}],"author":[{"embeddable":true,"href":"https:\/\/www.padreeustaquio.com.br\/es\/wp-json\/wp\/v2\/users\/6"}],"replies":[{"embeddable":true,"href":"https:\/\/www.padreeustaquio.com.br\/es\/wp-json\/wp\/v2\/comments?post=3037"}],"version-history":[{"count":0,"href":"https:\/\/www.padreeustaquio.com.br\/es\/wp-json\/wp\/v2\/posts\/3037\/revisions"}],"wp:featuredmedia":[{"embeddable":true,"href":"https:\/\/www.padreeustaquio.com.br\/es\/wp-json\/wp\/v2\/media\/3038"}],"wp:attachment":[{"href":"https:\/\/www.padreeustaquio.com.br\/es\/wp-json\/wp\/v2\/media?parent=3037"}],"wp:term":[{"taxonomy":"category","embeddable":true,"href":"https:\/\/www.padreeustaquio.com.br\/es\/wp-json\/wp\/v2\/categories?post=3037"},{"taxonomy":"post_tag","embeddable":true,"href":"https:\/\/www.padreeustaquio.com.br\/es\/wp-json\/wp\/v2\/tags?post=3037"}],"curies":[{"name":"wp","href":"https:\/\/api.w.org\/{rel}","templated":true}]}}