{"id":3033,"date":"2019-05-15T21:51:46","date_gmt":"2019-05-16T00:51:46","guid":{"rendered":"http:\/\/br606.teste.website\/~padre078\/padreeustaquio.com.br\/?p=3033"},"modified":"2019-08-21T21:57:29","modified_gmt":"2019-08-22T00:57:29","slug":"devotos-de-diversas-partes-de-brasil-registran-testimonios-de-gracias-recibidas","status":"publish","type":"post","link":"https:\/\/www.padreeustaquio.com.br\/es\/devotos-de-diversas-partes-de-brasil-registran-testimonios-de-gracias-recibidas\/","title":{"rendered":"Devotos de diversas partes de Brasil registran testimonios de gracias recibidas."},"content":{"rendered":"<p>El 15 de junio de 2006, en el estadio Mineir\u00e3o de Belo Horizonte, el Padre Eust\u00e1quio fue reconocido oficialmente como Beato de la Iglesia y un ejemplo para los cristianos. Este hito se logr\u00f3 mediante la certificaci\u00f3n de la curaci\u00f3n del c\u00e1ncer, un milagro atribuido al Beato, a favor del Padre Gon\u00e7alo Bel\u00e9m. A\u00fan hoy, existen numerosos relatos de gracias recibidas, que reafirman una vez m\u00e1s la intercesi\u00f3n del Padre Eust\u00e1quio ante Dios. Son 75 a\u00f1os de una historia de fe y testimonio.<\/p>\n<p>Para ayudarnos a contar esta historia, el equipo de la Vicepostulaci\u00f3n de la Causa de Canonizaci\u00f3n grab\u00f3 algunos de los miles de testimonios de Gracias Recibidas que llegan al Santuario de la Salud y la Paz en la capital de Minas Gerais. El documental forma parte de las conmemoraciones del 75.\u00ba aniversario de la muerte de la figura religiosa y ahora se divide en testimonios grabados individualmente y publicados en las redes sociales de la Vicepostulaci\u00f3n.<\/p>\n<p><strong><a href=\"https:\/\/www.youtube.com\/channel\/UCRhw7vfabnajwLxb1ZXMeIw\" target=\"_blank\" rel=\"noopener\">Acceda aqu\u00ed\u00a0<\/a><\/strong>Y vean los testimonios de aquellos que tienen fe en la intercesi\u00f3n del Beato Padre Eustaquio y que han visto acontecimientos imposibles convertirse en realidad por las manos de Dios y el ejemplo del Bendito.<\/p>\n<p><em>Y si han recibido alguna gracia por intercesi\u00f3n del Padre Eust\u00e1quio, d\u00edganselo al equipo que lidera la causa de canonizaci\u00f3n. Ayudemos a la Iglesia a reconocer a quienes interceden por nosotros y siempre ser\u00e1n nuestros ejemplos de santidad.<\/em><\/p>\n<p><strong>Llama al (31) 3567-0314 o env\u00eda un correo electr\u00f3nico a: contato@padreeustaquio.com.br<\/strong><\/p>","protected":false},"excerpt":{"rendered":"<p>No dia 15 de junho de 2006, no est\u00e1dio do Mineir\u00e3o, em Belo Horizonte, Padre Eust\u00e1quio foi reconhecido oficialmente como Beato da Igreja e exemplo para os crist\u00e3os. Essa etapa foi proporcionada pela certifica\u00e7\u00e3o da cura de um c\u00e2ncer, milagre atribu\u00eddo ao Beato, em favor do Padre Gon\u00e7alo Bel\u00e9m. Ainda hoje, muitos s\u00e3o os relatos de gra\u00e7as, que mais uma vez reafirmam a intercess\u00e3o de Padre Eust\u00e1quio junto de Deus. S\u00e3o 75 anos de uma hist\u00f3ria de f\u00e9 e testemunho. Para ajudar-nos a contar esta hist\u00f3ria, a equipe da vice-postula\u00e7\u00e3o da Causa de Canoniza\u00e7\u00e3o gravou alguns dos milhares depoimentos de [&hellip;]<\/p>\n","protected":false},"author":6,"featured_media":3034,"comment_status":"closed","ping_status":"open","sticky":false,"template":"","format":"standard","meta":{"_acf_changed":false,"footnotes":""},"categories":[611],"tags":[],"class_list":["post-3033","post","type-post","status-publish","format-standard","has-post-thumbnail","hentry","category-noticias"],"acf":[],"yoast_head":"<!-- This site is optimized with the Yoast SEO plugin v27.2 - https:\/\/yoast.com\/product\/yoast-seo-wordpress\/ -->\n<title>Devotos de v\u00e1rias partes do Brasil gravam testemunho de Gra\u00e7as Alcan\u00e7adas - Padre Eust\u00e1quio<\/title>\n<meta name=\"robots\" content=\"index, follow, max-snippet:-1, max-image-preview:large, max-video-preview:-1\" \/>\n<link rel=\"canonical\" href=\"https:\/\/www.padreeustaquio.com.br\/es\/devotos-de-diversas-partes-de-brasil-registran-testimonios-de-gracias-recibidas\/\" \/>\n<meta property=\"og:locale\" content=\"es_ES\" \/>\n<meta property=\"og:type\" content=\"article\" \/>\n<meta property=\"og:title\" content=\"Devotos de v\u00e1rias partes do Brasil gravam testemunho de Gra\u00e7as Alcan\u00e7adas - Padre Eust\u00e1quio\" \/>\n<meta property=\"og:description\" content=\"No dia 15 de junho de 2006, no est\u00e1dio do Mineir\u00e3o, em Belo Horizonte, Padre Eust\u00e1quio foi reconhecido oficialmente como Beato da Igreja e exemplo para os crist\u00e3os. Essa etapa foi proporcionada pela certifica\u00e7\u00e3o da cura de um c\u00e2ncer, milagre atribu\u00eddo ao Beato, em favor do Padre Gon\u00e7alo Bel\u00e9m. Ainda hoje, muitos s\u00e3o os relatos de gra\u00e7as, que mais uma vez reafirmam a intercess\u00e3o de Padre Eust\u00e1quio junto de Deus. S\u00e3o 75 anos de uma hist\u00f3ria de f\u00e9 e testemunho. Para ajudar-nos a contar esta hist\u00f3ria, a equipe da vice-postula\u00e7\u00e3o da Causa de Canoniza\u00e7\u00e3o gravou alguns dos milhares depoimentos de [&hellip;]\" \/>\n<meta property=\"og:url\" content=\"https:\/\/www.padreeustaquio.com.br\/es\/devotos-de-diversas-partes-de-brasil-registran-testimonios-de-gracias-recibidas\/\" \/>\n<meta property=\"og:site_name\" content=\"Padre Eust\u00e1quio\" \/>\n<meta property=\"article:publisher\" content=\"https:\/\/www.facebook.com\/beatopadreeustaquio\/\" \/>\n<meta property=\"article:published_time\" content=\"2019-05-16T00:51:46+00:00\" \/>\n<meta property=\"article:modified_time\" content=\"2019-08-22T00:57:29+00:00\" \/>\n<meta property=\"og:image\" content=\"https:\/\/www.padreeustaquio.com.br\/wp-content\/uploads\/2019\/08\/028.jpg\" \/>\n\t<meta property=\"og:image:width\" content=\"512\" \/>\n\t<meta property=\"og:image:height\" content=\"394\" \/>\n\t<meta property=\"og:image:type\" content=\"image\/jpeg\" \/>\n<meta name=\"author\" content=\"sscc\" \/>\n<meta name=\"twitter:card\" content=\"summary_large_image\" \/>\n<meta name=\"twitter:creator\" content=\"@beatopeustaquio\" \/>\n<meta name=\"twitter:site\" content=\"@beatopeustaquio\" \/>\n<meta name=\"twitter:label1\" content=\"Escrito por\" \/>\n\t<meta name=\"twitter:data1\" content=\"sscc\" \/>\n\t<meta name=\"twitter:label2\" content=\"Tiempo de lectura\" \/>\n\t<meta name=\"twitter:data2\" content=\"1 minuto\" \/>\n<script type=\"application\/ld+json\" class=\"yoast-schema-graph\">{\"@context\":\"https:\/\/schema.org\",\"@graph\":[{\"@type\":\"Article\",\"@id\":\"https:\/\/www.padreeustaquio.com.br\/devotos-de-varias-partes-do-brasil-gravam-testemunho-de-gracas-alcancadas\/#article\",\"isPartOf\":{\"@id\":\"https:\/\/www.padreeustaquio.com.br\/devotos-de-varias-partes-do-brasil-gravam-testemunho-de-gracas-alcancadas\/\"},\"author\":{\"name\":\"sscc\",\"@id\":\"https:\/\/www.padreeustaquio.com.br\/#\/schema\/person\/1bbfe7b959f00a655f8ecb6cb8f3ce87\"},\"headline\":\"Devotos de v\u00e1rias partes do Brasil gravam testemunho de Gra\u00e7as Alcan\u00e7adas\",\"datePublished\":\"2019-05-16T00:51:46+00:00\",\"dateModified\":\"2019-08-22T00:57:29+00:00\",\"mainEntityOfPage\":{\"@id\":\"https:\/\/www.padreeustaquio.com.br\/devotos-de-varias-partes-do-brasil-gravam-testemunho-de-gracas-alcancadas\/\"},\"wordCount\":275,\"publisher\":{\"@id\":\"https:\/\/www.padreeustaquio.com.br\/#organization\"},\"image\":{\"@id\":\"https:\/\/www.padreeustaquio.com.br\/devotos-de-varias-partes-do-brasil-gravam-testemunho-de-gracas-alcancadas\/#primaryimage\"},\"thumbnailUrl\":\"https:\/\/www.padreeustaquio.com.br\/wp-content\/uploads\/2019\/08\/028.jpg\",\"articleSection\":[\"Not\u00edcias\"],\"inLanguage\":\"es\"},{\"@type\":\"WebPage\",\"@id\":\"https:\/\/www.padreeustaquio.com.br\/devotos-de-varias-partes-do-brasil-gravam-testemunho-de-gracas-alcancadas\/\",\"url\":\"https:\/\/www.padreeustaquio.com.br\/devotos-de-varias-partes-do-brasil-gravam-testemunho-de-gracas-alcancadas\/\",\"name\":\"Devotos de v\u00e1rias partes do Brasil gravam testemunho de Gra\u00e7as Alcan\u00e7adas - Padre Eust\u00e1quio\",\"isPartOf\":{\"@id\":\"https:\/\/www.padreeustaquio.com.br\/#website\"},\"primaryImageOfPage\":{\"@id\":\"https:\/\/www.padreeustaquio.com.br\/devotos-de-varias-partes-do-brasil-gravam-testemunho-de-gracas-alcancadas\/#primaryimage\"},\"image\":{\"@id\":\"https:\/\/www.padreeustaquio.com.br\/devotos-de-varias-partes-do-brasil-gravam-testemunho-de-gracas-alcancadas\/#primaryimage\"},\"thumbnailUrl\":\"https:\/\/www.padreeustaquio.com.br\/wp-content\/uploads\/2019\/08\/028.jpg\",\"datePublished\":\"2019-05-16T00:51:46+00:00\",\"dateModified\":\"2019-08-22T00:57:29+00:00\",\"breadcrumb\":{\"@id\":\"https:\/\/www.padreeustaquio.com.br\/devotos-de-varias-partes-do-brasil-gravam-testemunho-de-gracas-alcancadas\/#breadcrumb\"},\"inLanguage\":\"es\",\"potentialAction\":[{\"@type\":\"ReadAction\",\"target\":[\"https:\/\/www.padreeustaquio.com.br\/devotos-de-varias-partes-do-brasil-gravam-testemunho-de-gracas-alcancadas\/\"]}]},{\"@type\":\"ImageObject\",\"inLanguage\":\"es\",\"@id\":\"https:\/\/www.padreeustaquio.com.br\/devotos-de-varias-partes-do-brasil-gravam-testemunho-de-gracas-alcancadas\/#primaryimage\",\"url\":\"https:\/\/www.padreeustaquio.com.br\/wp-content\/uploads\/2019\/08\/028.jpg\",\"contentUrl\":\"https:\/\/www.padreeustaquio.com.br\/wp-content\/uploads\/2019\/08\/028.jpg\",\"width\":512,\"height\":394},{\"@type\":\"BreadcrumbList\",\"@id\":\"https:\/\/www.padreeustaquio.com.br\/devotos-de-varias-partes-do-brasil-gravam-testemunho-de-gracas-alcancadas\/#breadcrumb\",\"itemListElement\":[{\"@type\":\"ListItem\",\"position\":1,\"name\":\"In\u00edcio\",\"item\":\"https:\/\/www.padreeustaquio.com.br\/\"},{\"@type\":\"ListItem\",\"position\":2,\"name\":\"Devotos de v\u00e1rias partes do Brasil gravam testemunho de Gra\u00e7as Alcan\u00e7adas\"}]},{\"@type\":\"WebSite\",\"@id\":\"https:\/\/www.padreeustaquio.com.br\/#website\",\"url\":\"https:\/\/www.padreeustaquio.com.br\/\",\"name\":\"Padre Eust\u00e1quio\",\"description\":\"Sa\u00fade e Paz\",\"publisher\":{\"@id\":\"https:\/\/www.padreeustaquio.com.br\/#organization\"},\"potentialAction\":[{\"@type\":\"SearchAction\",\"target\":{\"@type\":\"EntryPoint\",\"urlTemplate\":\"https:\/\/www.padreeustaquio.com.br\/?s={search_term_string}\"},\"query-input\":{\"@type\":\"PropertyValueSpecification\",\"valueRequired\":true,\"valueName\":\"search_term_string\"}}],\"inLanguage\":\"es\"},{\"@type\":\"Organization\",\"@id\":\"https:\/\/www.padreeustaquio.com.br\/#organization\",\"name\":\"Padre Eust\u00e1quio\",\"url\":\"https:\/\/www.padreeustaquio.com.br\/\",\"logo\":{\"@type\":\"ImageObject\",\"inLanguage\":\"es\",\"@id\":\"https:\/\/www.padreeustaquio.com.br\/#\/schema\/logo\/image\/\",\"url\":\"https:\/\/www.padreeustaquio.com.br\/wp-content\/uploads\/2019\/08\/marca.png\",\"contentUrl\":\"https:\/\/www.padreeustaquio.com.br\/wp-content\/uploads\/2019\/08\/marca.png\",\"width\":350,\"height\":400,\"caption\":\"Padre Eust\u00e1quio\"},\"image\":{\"@id\":\"https:\/\/www.padreeustaquio.com.br\/#\/schema\/logo\/image\/\"},\"sameAs\":[\"https:\/\/www.facebook.com\/beatopadreeustaquio\/\",\"https:\/\/x.com\/beatopeustaquio\",\"https:\/\/www.instagram.com\/beatopadreeustaquio\/\",\"https:\/\/www.youtube.com\/channel\/UCRhw7vfabnajwLxb1ZXMeIw\"]},{\"@type\":\"Person\",\"@id\":\"https:\/\/www.padreeustaquio.com.br\/#\/schema\/person\/1bbfe7b959f00a655f8ecb6cb8f3ce87\",\"name\":\"sscc\",\"image\":{\"@type\":\"ImageObject\",\"inLanguage\":\"es\",\"@id\":\"https:\/\/secure.gravatar.com\/avatar\/edddec27f012d36cfa3fce966238219942e4659e87f27ef7b5704f0db7007bec?s=96&d=mm&r=g\",\"url\":\"https:\/\/secure.gravatar.com\/avatar\/edddec27f012d36cfa3fce966238219942e4659e87f27ef7b5704f0db7007bec?s=96&d=mm&r=g\",\"contentUrl\":\"https:\/\/secure.gravatar.com\/avatar\/edddec27f012d36cfa3fce966238219942e4659e87f27ef7b5704f0db7007bec?s=96&d=mm&r=g\",\"caption\":\"sscc\"},\"url\":\"https:\/\/www.padreeustaquio.com.br\/es\/author\/userpde\/\"}]}<\/script>\n<!-- \/ Yoast SEO plugin. -->","yoast_head_json":{"title":"Devotos de diversas partes de Brasil registran testimonios de gracias recibidas - Padre Eust\u00e1quio","robots":{"index":"index","follow":"follow","max-snippet":"max-snippet:-1","max-image-preview":"max-image-preview:large","max-video-preview":"max-video-preview:-1"},"canonical":"https:\/\/www.padreeustaquio.com.br\/es\/devotos-de-diversas-partes-de-brasil-registran-testimonios-de-gracias-recibidas\/","og_locale":"es_ES","og_type":"article","og_title":"Devotos de v\u00e1rias partes do Brasil gravam testemunho de Gra\u00e7as Alcan\u00e7adas - Padre Eust\u00e1quio","og_description":"No dia 15 de junho de 2006, no est\u00e1dio do Mineir\u00e3o, em Belo Horizonte, Padre Eust\u00e1quio foi reconhecido oficialmente como Beato da Igreja e exemplo para os crist\u00e3os. Essa etapa foi proporcionada pela certifica\u00e7\u00e3o da cura de um c\u00e2ncer, milagre atribu\u00eddo ao Beato, em favor do Padre Gon\u00e7alo Bel\u00e9m. Ainda hoje, muitos s\u00e3o os relatos de gra\u00e7as, que mais uma vez reafirmam a intercess\u00e3o de Padre Eust\u00e1quio junto de Deus. S\u00e3o 75 anos de uma hist\u00f3ria de f\u00e9 e testemunho. Para ajudar-nos a contar esta hist\u00f3ria, a equipe da vice-postula\u00e7\u00e3o da Causa de Canoniza\u00e7\u00e3o gravou alguns dos milhares depoimentos de [&hellip;]","og_url":"https:\/\/www.padreeustaquio.com.br\/es\/devotos-de-diversas-partes-de-brasil-registran-testimonios-de-gracias-recibidas\/","og_site_name":"Padre Eust\u00e1quio","article_publisher":"https:\/\/www.facebook.com\/beatopadreeustaquio\/","article_published_time":"2019-05-16T00:51:46+00:00","article_modified_time":"2019-08-22T00:57:29+00:00","og_image":[{"width":512,"height":394,"url":"https:\/\/www.padreeustaquio.com.br\/wp-content\/uploads\/2019\/08\/028.jpg","type":"image\/jpeg"}],"author":"sscc","twitter_card":"summary_large_image","twitter_creator":"@beatopeustaquio","twitter_site":"@beatopeustaquio","twitter_misc":{"Escrito por":"sscc","Tiempo de lectura":"1 minuto"},"schema":{"@context":"https:\/\/schema.org","@graph":[{"@type":"Article","@id":"https:\/\/www.padreeustaquio.com.br\/devotos-de-varias-partes-do-brasil-gravam-testemunho-de-gracas-alcancadas\/#article","isPartOf":{"@id":"https:\/\/www.padreeustaquio.com.br\/devotos-de-varias-partes-do-brasil-gravam-testemunho-de-gracas-alcancadas\/"},"author":{"name":"sscc","@id":"https:\/\/www.padreeustaquio.com.br\/#\/schema\/person\/1bbfe7b959f00a655f8ecb6cb8f3ce87"},"headline":"Devotos de v\u00e1rias partes do Brasil gravam testemunho de Gra\u00e7as Alcan\u00e7adas","datePublished":"2019-05-16T00:51:46+00:00","dateModified":"2019-08-22T00:57:29+00:00","mainEntityOfPage":{"@id":"https:\/\/www.padreeustaquio.com.br\/devotos-de-varias-partes-do-brasil-gravam-testemunho-de-gracas-alcancadas\/"},"wordCount":275,"publisher":{"@id":"https:\/\/www.padreeustaquio.com.br\/#organization"},"image":{"@id":"https:\/\/www.padreeustaquio.com.br\/devotos-de-varias-partes-do-brasil-gravam-testemunho-de-gracas-alcancadas\/#primaryimage"},"thumbnailUrl":"https:\/\/www.padreeustaquio.com.br\/wp-content\/uploads\/2019\/08\/028.jpg","articleSection":["Not\u00edcias"],"inLanguage":"es"},{"@type":"WebPage","@id":"https:\/\/www.padreeustaquio.com.br\/devotos-de-varias-partes-do-brasil-gravam-testemunho-de-gracas-alcancadas\/","url":"https:\/\/www.padreeustaquio.com.br\/devotos-de-varias-partes-do-brasil-gravam-testemunho-de-gracas-alcancadas\/","name":"Devotos de diversas partes de Brasil registran testimonios de gracias recibidas - Padre Eust\u00e1quio","isPartOf":{"@id":"https:\/\/www.padreeustaquio.com.br\/#website"},"primaryImageOfPage":{"@id":"https:\/\/www.padreeustaquio.com.br\/devotos-de-varias-partes-do-brasil-gravam-testemunho-de-gracas-alcancadas\/#primaryimage"},"image":{"@id":"https:\/\/www.padreeustaquio.com.br\/devotos-de-varias-partes-do-brasil-gravam-testemunho-de-gracas-alcancadas\/#primaryimage"},"thumbnailUrl":"https:\/\/www.padreeustaquio.com.br\/wp-content\/uploads\/2019\/08\/028.jpg","datePublished":"2019-05-16T00:51:46+00:00","dateModified":"2019-08-22T00:57:29+00:00","breadcrumb":{"@id":"https:\/\/www.padreeustaquio.com.br\/devotos-de-varias-partes-do-brasil-gravam-testemunho-de-gracas-alcancadas\/#breadcrumb"},"inLanguage":"es","potentialAction":[{"@type":"ReadAction","target":["https:\/\/www.padreeustaquio.com.br\/devotos-de-varias-partes-do-brasil-gravam-testemunho-de-gracas-alcancadas\/"]}]},{"@type":"ImageObject","inLanguage":"es","@id":"https:\/\/www.padreeustaquio.com.br\/devotos-de-varias-partes-do-brasil-gravam-testemunho-de-gracas-alcancadas\/#primaryimage","url":"https:\/\/www.padreeustaquio.com.br\/wp-content\/uploads\/2019\/08\/028.jpg","contentUrl":"https:\/\/www.padreeustaquio.com.br\/wp-content\/uploads\/2019\/08\/028.jpg","width":512,"height":394},{"@type":"BreadcrumbList","@id":"https:\/\/www.padreeustaquio.com.br\/devotos-de-varias-partes-do-brasil-gravam-testemunho-de-gracas-alcancadas\/#breadcrumb","itemListElement":[{"@type":"ListItem","position":1,"name":"In\u00edcio","item":"https:\/\/www.padreeustaquio.com.br\/"},{"@type":"ListItem","position":2,"name":"Devotos de v\u00e1rias partes do Brasil gravam testemunho de Gra\u00e7as Alcan\u00e7adas"}]},{"@type":"WebSite","@id":"https:\/\/www.padreeustaquio.com.br\/#website","url":"https:\/\/www.padreeustaquio.com.br\/","name":"Padre Eustace","description":"Salud y Paz","publisher":{"@id":"https:\/\/www.padreeustaquio.com.br\/#organization"},"potentialAction":[{"@type":"SearchAction","target":{"@type":"EntryPoint","urlTemplate":"https:\/\/www.padreeustaquio.com.br\/?s={search_term_string}"},"query-input":{"@type":"PropertyValueSpecification","valueRequired":true,"valueName":"search_term_string"}}],"inLanguage":"es"},{"@type":"Organization","@id":"https:\/\/www.padreeustaquio.com.br\/#organization","name":"Padre Eustace","url":"https:\/\/www.padreeustaquio.com.br\/","logo":{"@type":"ImageObject","inLanguage":"es","@id":"https:\/\/www.padreeustaquio.com.br\/#\/schema\/logo\/image\/","url":"https:\/\/www.padreeustaquio.com.br\/wp-content\/uploads\/2019\/08\/marca.png","contentUrl":"https:\/\/www.padreeustaquio.com.br\/wp-content\/uploads\/2019\/08\/marca.png","width":350,"height":400,"caption":"Padre Eust\u00e1quio"},"image":{"@id":"https:\/\/www.padreeustaquio.com.br\/#\/schema\/logo\/image\/"},"sameAs":["https:\/\/www.facebook.com\/beatopadreeustaquio\/","https:\/\/x.com\/beatopeustaquio","https:\/\/www.instagram.com\/beatopadreeustaquio\/","https:\/\/www.youtube.com\/channel\/UCRhw7vfabnajwLxb1ZXMeIw"]},{"@type":"Person","@id":"https:\/\/www.padreeustaquio.com.br\/#\/schema\/person\/1bbfe7b959f00a655f8ecb6cb8f3ce87","name":"escuela secundaria","image":{"@type":"ImageObject","inLanguage":"es","@id":"https:\/\/secure.gravatar.com\/avatar\/edddec27f012d36cfa3fce966238219942e4659e87f27ef7b5704f0db7007bec?s=96&d=mm&r=g","url":"https:\/\/secure.gravatar.com\/avatar\/edddec27f012d36cfa3fce966238219942e4659e87f27ef7b5704f0db7007bec?s=96&d=mm&r=g","contentUrl":"https:\/\/secure.gravatar.com\/avatar\/edddec27f012d36cfa3fce966238219942e4659e87f27ef7b5704f0db7007bec?s=96&d=mm&r=g","caption":"sscc"},"url":"https:\/\/www.padreeustaquio.com.br\/es\/author\/userpde\/"}]}},"_links":{"self":[{"href":"https:\/\/www.padreeustaquio.com.br\/es\/wp-json\/wp\/v2\/posts\/3033","targetHints":{"allow":["GET"]}}],"collection":[{"href":"https:\/\/www.padreeustaquio.com.br\/es\/wp-json\/wp\/v2\/posts"}],"about":[{"href":"https:\/\/www.padreeustaquio.com.br\/es\/wp-json\/wp\/v2\/types\/post"}],"author":[{"embeddable":true,"href":"https:\/\/www.padreeustaquio.com.br\/es\/wp-json\/wp\/v2\/users\/6"}],"replies":[{"embeddable":true,"href":"https:\/\/www.padreeustaquio.com.br\/es\/wp-json\/wp\/v2\/comments?post=3033"}],"version-history":[{"count":0,"href":"https:\/\/www.padreeustaquio.com.br\/es\/wp-json\/wp\/v2\/posts\/3033\/revisions"}],"wp:featuredmedia":[{"embeddable":true,"href":"https:\/\/www.padreeustaquio.com.br\/es\/wp-json\/wp\/v2\/media\/3034"}],"wp:attachment":[{"href":"https:\/\/www.padreeustaquio.com.br\/es\/wp-json\/wp\/v2\/media?parent=3033"}],"wp:term":[{"taxonomy":"category","embeddable":true,"href":"https:\/\/www.padreeustaquio.com.br\/es\/wp-json\/wp\/v2\/categories?post=3033"},{"taxonomy":"post_tag","embeddable":true,"href":"https:\/\/www.padreeustaquio.com.br\/es\/wp-json\/wp\/v2\/tags?post=3033"}],"curies":[{"name":"wp","href":"https:\/\/api.w.org\/{rel}","templated":true}]}}