{"id":3030,"date":"2019-02-26T21:48:22","date_gmt":"2019-02-27T00:48:22","guid":{"rendered":"http:\/\/br606.teste.website\/~padre078\/padreeustaquio.com.br\/?p=3030"},"modified":"2019-08-21T21:50:40","modified_gmt":"2019-08-22T00:50:40","slug":"la-campana-de-fraternidad-2019-tendra-como-tema-las-politicas-publicas","status":"publish","type":"post","link":"https:\/\/www.padreeustaquio.com.br\/es\/la-campana-de-fraternidad-2019-tendra-como-tema-las-politicas-publicas\/","title":{"rendered":"La Campa\u00f1a de Fraternidad 2019 tendr\u00e1 como tema \u2018Pol\u00edticas P\u00fablicas\u2019."},"content":{"rendered":"<p>Los obispos del Consejo Pastoral Episcopal (Consep) de la Conferencia Nacional de Obispos de Brasil (CNBB) eligieron el tema de la Campa\u00f1a de Cuaresma de 2019. Tras un empate con otra propuesta, se eligi\u00f3 el tema &quot;Fraternidad y Pol\u00edticas P\u00fablicas&quot; por seis votos contra cuatro.<br \/>\nLa informaci\u00f3n es publicada por la Conferencia Nacional de Obispos de Brasil \u2013 CNBB.<\/p>\n<p>El debate sobre este tema comenz\u00f3 ayer por la ma\u00f1ana, justo al inicio de la reuni\u00f3n del Consejo. Con base en 98 sugerencias presentadas por di\u00f3cesis, organismos regionales y agencias gubernamentales, incluyendo la Polic\u00eda Federal de Carreteras, los obispos llegaron a siete \u00e1reas tem\u00e1ticas que se sometieron a votaci\u00f3n hoy: pol\u00edticas p\u00fablicas, tr\u00e1nsito, comunicaci\u00f3n, familia, educaci\u00f3n, derechos humanos y fraternidad.<\/p>\n<p>Tras reanudar el debate y destacar los elementos importantes de cada tema, as\u00ed como la relevancia de la reflexi\u00f3n en el contexto social brasile\u00f1o, los obispos propusieron el t\u00edtulo completo del tema para votaci\u00f3n. Se votaron las siguientes nominaciones: \u201cFraternidad y pol\u00edticas p\u00fablicas\u201d, \u201cFraternidad: pol\u00edticas p\u00fablicas y derechos humanos\u201d y \u201cTr\u00e1fico: respeto a la vida\u201d.<br \/>\nLa propuesta ganadora gan\u00f3 peso con argumentos que resaltaron que las \u201cpol\u00edticas p\u00fablicas\u201d son un tema m\u00e1s amplio que abarca todas las dem\u00e1s propuestas consideradas por los concejales, como derechos humanos y sociales, familia, educaci\u00f3n, tr\u00e1nsito y comunicaci\u00f3n.<\/p>\n<p><strong>Oraci\u00f3n por la Campa\u00f1a de Fraternidad 2019<\/strong><\/p>\n<p><em>Padre misericordioso y compasivo,<\/em><br \/>\n<em>que gobiernan el mundo con justicia y amor,<\/em><br \/>\n<em>Danos un coraz\u00f3n sabio para reconocer la presencia de tu Reino.<\/em><br \/>\n<em>Entre nosotros.<\/em><br \/>\n<em>En su gran misericordia, Jes\u00fas,<\/em><br \/>\n<em>el Hijo amado, que habita entre nosotros<\/em><br \/>\n<em>fui testigo de tu amor infinito<\/em><br \/>\n<em>y proclam\u00f3 el Evangelio de la fraternidad y de la paz.<\/em><br \/>\n<em>Que tu ejemplo nos ense\u00f1e a acoger.<\/em><br \/>\n<em>los pobres y marginados, nuestros hermanos y hermanas<\/em><br \/>\n<em>con pol\u00edticas p\u00fablicas justas,<\/em><br \/>\n<em>Y seamos constructores de una sociedad humana y solidaria.<\/em><br \/>\n<em>Que el Esp\u00edritu divino se encienda en nuestra Iglesia.<\/em><br \/>\n<em>caridad sincera y amor fraternal;<\/em><br \/>\n<em>Que la honestidad y la justicia brillen en nuestra sociedad.<\/em><br \/>\n<em>y seamos verdaderos ciudadanos del \u201ccielo nuevo y la tierra nueva\u201d<\/em><br \/>\n<em>Am\u00e9n.<\/em><\/p>\n<p>Fuente: CNBB \/\u00a0<a href=\"https:\/\/portalkairos.org\/tema-da-campanha-da-fraternidade-2019-cf-2019\/#ixzz5gg6N5MNx\">Portal de Kair\u00f3s<\/a><\/p>","protected":false},"excerpt":{"rendered":"<p>Os bispos do Conselho Episcopal Pastoral (Consep) da Confer\u00eancia Nacional dos Bispos do Brasil (CNBB) escolheram o tema da CF 2019. Ap\u00f3s empate com outra proposta, foi escolhido \u2013 por seis votos a quatro \u2013 o tema \u201cFraternidade e pol\u00edticas p\u00fablicas\u201d. A informa\u00e7\u00e3o \u00e9 publicada por Confer\u00eancia Nacional dos Bispos do Brasil \u2013 CNBB A discuss\u00e3o a respeito da quest\u00e3o foi iniciada na manh\u00e3 de ontem, logo no in\u00edcio da reuni\u00e3o do Conselho. A partir de 98 sugest\u00f5es, enviadas por dioceses, regionais e \u00f3rg\u00e3os governamentais, entre eles a Pol\u00edcia Rodovi\u00e1ria Federal, os bispos chegaram a sete eixos tem\u00e1ticos postos em [&hellip;]<\/p>\n","protected":false},"author":6,"featured_media":3031,"comment_status":"closed","ping_status":"open","sticky":false,"template":"","format":"standard","meta":{"_acf_changed":false,"footnotes":""},"categories":[611],"tags":[],"class_list":["post-3030","post","type-post","status-publish","format-standard","has-post-thumbnail","hentry","category-noticias"],"acf":[],"yoast_head":"<!-- This site is optimized with the Yoast SEO plugin v27.2 - https:\/\/yoast.com\/product\/yoast-seo-wordpress\/ -->\n<title>Campanha da Fraternidade 2019 ter\u00e1 &#039;Pol\u00edticas P\u00fablicas&#039; como tema - Padre Eust\u00e1quio<\/title>\n<meta name=\"robots\" content=\"index, follow, max-snippet:-1, max-image-preview:large, max-video-preview:-1\" \/>\n<link rel=\"canonical\" href=\"https:\/\/www.padreeustaquio.com.br\/es\/la-campana-de-fraternidad-2019-tendra-como-tema-las-politicas-publicas\/\" \/>\n<meta property=\"og:locale\" content=\"es_ES\" \/>\n<meta property=\"og:type\" content=\"article\" \/>\n<meta property=\"og:title\" content=\"Campanha da Fraternidade 2019 ter\u00e1 &#039;Pol\u00edticas P\u00fablicas&#039; como tema - Padre Eust\u00e1quio\" \/>\n<meta property=\"og:description\" content=\"Os bispos do Conselho Episcopal Pastoral (Consep) da Confer\u00eancia Nacional dos Bispos do Brasil (CNBB) escolheram o tema da CF 2019. Ap\u00f3s empate com outra proposta, foi escolhido \u2013 por seis votos a quatro \u2013 o tema \u201cFraternidade e pol\u00edticas p\u00fablicas\u201d. A informa\u00e7\u00e3o \u00e9 publicada por Confer\u00eancia Nacional dos Bispos do Brasil \u2013 CNBB A discuss\u00e3o a respeito da quest\u00e3o foi iniciada na manh\u00e3 de ontem, logo no in\u00edcio da reuni\u00e3o do Conselho. A partir de 98 sugest\u00f5es, enviadas por dioceses, regionais e \u00f3rg\u00e3os governamentais, entre eles a Pol\u00edcia Rodovi\u00e1ria Federal, os bispos chegaram a sete eixos tem\u00e1ticos postos em [&hellip;]\" \/>\n<meta property=\"og:url\" content=\"https:\/\/www.padreeustaquio.com.br\/es\/la-campana-de-fraternidad-2019-tendra-como-tema-las-politicas-publicas\/\" \/>\n<meta property=\"og:site_name\" content=\"Padre Eust\u00e1quio\" \/>\n<meta property=\"article:publisher\" content=\"https:\/\/www.facebook.com\/beatopadreeustaquio\/\" \/>\n<meta property=\"article:published_time\" content=\"2019-02-27T00:48:22+00:00\" \/>\n<meta property=\"article:modified_time\" content=\"2019-08-22T00:50:40+00:00\" \/>\n<meta property=\"og:image\" content=\"https:\/\/www.padreeustaquio.com.br\/wp-content\/uploads\/2019\/08\/027.jpg\" \/>\n\t<meta property=\"og:image:width\" content=\"1000\" \/>\n\t<meta property=\"og:image:height\" content=\"768\" \/>\n\t<meta property=\"og:image:type\" content=\"image\/jpeg\" \/>\n<meta name=\"author\" content=\"sscc\" \/>\n<meta name=\"twitter:card\" content=\"summary_large_image\" \/>\n<meta name=\"twitter:creator\" content=\"@beatopeustaquio\" \/>\n<meta name=\"twitter:site\" content=\"@beatopeustaquio\" \/>\n<meta name=\"twitter:label1\" content=\"Escrito por\" \/>\n\t<meta name=\"twitter:data1\" content=\"sscc\" \/>\n\t<meta name=\"twitter:label2\" content=\"Tiempo de lectura\" \/>\n\t<meta name=\"twitter:data2\" content=\"2 minutos\" \/>\n<script type=\"application\/ld+json\" class=\"yoast-schema-graph\">{\"@context\":\"https:\/\/schema.org\",\"@graph\":[{\"@type\":\"Article\",\"@id\":\"https:\/\/www.padreeustaquio.com.br\/campanha-da-fraternidade-2019-tera-politicas-publicas-como-tema\/#article\",\"isPartOf\":{\"@id\":\"https:\/\/www.padreeustaquio.com.br\/campanha-da-fraternidade-2019-tera-politicas-publicas-como-tema\/\"},\"author\":{\"name\":\"sscc\",\"@id\":\"https:\/\/www.padreeustaquio.com.br\/#\/schema\/person\/1bbfe7b959f00a655f8ecb6cb8f3ce87\"},\"headline\":\"Campanha da Fraternidade 2019 ter\u00e1 &#8216;Pol\u00edticas P\u00fablicas&#8217; como tema\",\"datePublished\":\"2019-02-27T00:48:22+00:00\",\"dateModified\":\"2019-08-22T00:50:40+00:00\",\"mainEntityOfPage\":{\"@id\":\"https:\/\/www.padreeustaquio.com.br\/campanha-da-fraternidade-2019-tera-politicas-publicas-como-tema\/\"},\"wordCount\":384,\"publisher\":{\"@id\":\"https:\/\/www.padreeustaquio.com.br\/#organization\"},\"image\":{\"@id\":\"https:\/\/www.padreeustaquio.com.br\/campanha-da-fraternidade-2019-tera-politicas-publicas-como-tema\/#primaryimage\"},\"thumbnailUrl\":\"https:\/\/www.padreeustaquio.com.br\/wp-content\/uploads\/2019\/08\/027.jpg\",\"articleSection\":[\"Not\u00edcias\"],\"inLanguage\":\"es\"},{\"@type\":\"WebPage\",\"@id\":\"https:\/\/www.padreeustaquio.com.br\/campanha-da-fraternidade-2019-tera-politicas-publicas-como-tema\/\",\"url\":\"https:\/\/www.padreeustaquio.com.br\/campanha-da-fraternidade-2019-tera-politicas-publicas-como-tema\/\",\"name\":\"Campanha da Fraternidade 2019 ter\u00e1 'Pol\u00edticas P\u00fablicas' como tema - Padre Eust\u00e1quio\",\"isPartOf\":{\"@id\":\"https:\/\/www.padreeustaquio.com.br\/#website\"},\"primaryImageOfPage\":{\"@id\":\"https:\/\/www.padreeustaquio.com.br\/campanha-da-fraternidade-2019-tera-politicas-publicas-como-tema\/#primaryimage\"},\"image\":{\"@id\":\"https:\/\/www.padreeustaquio.com.br\/campanha-da-fraternidade-2019-tera-politicas-publicas-como-tema\/#primaryimage\"},\"thumbnailUrl\":\"https:\/\/www.padreeustaquio.com.br\/wp-content\/uploads\/2019\/08\/027.jpg\",\"datePublished\":\"2019-02-27T00:48:22+00:00\",\"dateModified\":\"2019-08-22T00:50:40+00:00\",\"breadcrumb\":{\"@id\":\"https:\/\/www.padreeustaquio.com.br\/campanha-da-fraternidade-2019-tera-politicas-publicas-como-tema\/#breadcrumb\"},\"inLanguage\":\"es\",\"potentialAction\":[{\"@type\":\"ReadAction\",\"target\":[\"https:\/\/www.padreeustaquio.com.br\/campanha-da-fraternidade-2019-tera-politicas-publicas-como-tema\/\"]}]},{\"@type\":\"ImageObject\",\"inLanguage\":\"es\",\"@id\":\"https:\/\/www.padreeustaquio.com.br\/campanha-da-fraternidade-2019-tera-politicas-publicas-como-tema\/#primaryimage\",\"url\":\"https:\/\/www.padreeustaquio.com.br\/wp-content\/uploads\/2019\/08\/027.jpg\",\"contentUrl\":\"https:\/\/www.padreeustaquio.com.br\/wp-content\/uploads\/2019\/08\/027.jpg\",\"width\":1000,\"height\":768},{\"@type\":\"BreadcrumbList\",\"@id\":\"https:\/\/www.padreeustaquio.com.br\/campanha-da-fraternidade-2019-tera-politicas-publicas-como-tema\/#breadcrumb\",\"itemListElement\":[{\"@type\":\"ListItem\",\"position\":1,\"name\":\"In\u00edcio\",\"item\":\"https:\/\/www.padreeustaquio.com.br\/\"},{\"@type\":\"ListItem\",\"position\":2,\"name\":\"Campanha da Fraternidade 2019 ter\u00e1 &#8216;Pol\u00edticas P\u00fablicas&#8217; como tema\"}]},{\"@type\":\"WebSite\",\"@id\":\"https:\/\/www.padreeustaquio.com.br\/#website\",\"url\":\"https:\/\/www.padreeustaquio.com.br\/\",\"name\":\"Padre Eust\u00e1quio\",\"description\":\"Sa\u00fade e Paz\",\"publisher\":{\"@id\":\"https:\/\/www.padreeustaquio.com.br\/#organization\"},\"potentialAction\":[{\"@type\":\"SearchAction\",\"target\":{\"@type\":\"EntryPoint\",\"urlTemplate\":\"https:\/\/www.padreeustaquio.com.br\/?s={search_term_string}\"},\"query-input\":{\"@type\":\"PropertyValueSpecification\",\"valueRequired\":true,\"valueName\":\"search_term_string\"}}],\"inLanguage\":\"es\"},{\"@type\":\"Organization\",\"@id\":\"https:\/\/www.padreeustaquio.com.br\/#organization\",\"name\":\"Padre Eust\u00e1quio\",\"url\":\"https:\/\/www.padreeustaquio.com.br\/\",\"logo\":{\"@type\":\"ImageObject\",\"inLanguage\":\"es\",\"@id\":\"https:\/\/www.padreeustaquio.com.br\/#\/schema\/logo\/image\/\",\"url\":\"https:\/\/www.padreeustaquio.com.br\/wp-content\/uploads\/2019\/08\/marca.png\",\"contentUrl\":\"https:\/\/www.padreeustaquio.com.br\/wp-content\/uploads\/2019\/08\/marca.png\",\"width\":350,\"height\":400,\"caption\":\"Padre Eust\u00e1quio\"},\"image\":{\"@id\":\"https:\/\/www.padreeustaquio.com.br\/#\/schema\/logo\/image\/\"},\"sameAs\":[\"https:\/\/www.facebook.com\/beatopadreeustaquio\/\",\"https:\/\/x.com\/beatopeustaquio\",\"https:\/\/www.instagram.com\/beatopadreeustaquio\/\",\"https:\/\/www.youtube.com\/channel\/UCRhw7vfabnajwLxb1ZXMeIw\"]},{\"@type\":\"Person\",\"@id\":\"https:\/\/www.padreeustaquio.com.br\/#\/schema\/person\/1bbfe7b959f00a655f8ecb6cb8f3ce87\",\"name\":\"sscc\",\"image\":{\"@type\":\"ImageObject\",\"inLanguage\":\"es\",\"@id\":\"https:\/\/secure.gravatar.com\/avatar\/edddec27f012d36cfa3fce966238219942e4659e87f27ef7b5704f0db7007bec?s=96&d=mm&r=g\",\"url\":\"https:\/\/secure.gravatar.com\/avatar\/edddec27f012d36cfa3fce966238219942e4659e87f27ef7b5704f0db7007bec?s=96&d=mm&r=g\",\"contentUrl\":\"https:\/\/secure.gravatar.com\/avatar\/edddec27f012d36cfa3fce966238219942e4659e87f27ef7b5704f0db7007bec?s=96&d=mm&r=g\",\"caption\":\"sscc\"},\"url\":\"https:\/\/www.padreeustaquio.com.br\/es\/author\/userpde\/\"}]}<\/script>\n<!-- \/ Yoast SEO plugin. -->","yoast_head_json":{"title":"Campa\u00f1a de Fraternidad 2019 tendr\u00e1 como tema 'Pol\u00edticas P\u00fablicas' - Padre Eust\u00e1quio","robots":{"index":"index","follow":"follow","max-snippet":"max-snippet:-1","max-image-preview":"max-image-preview:large","max-video-preview":"max-video-preview:-1"},"canonical":"https:\/\/www.padreeustaquio.com.br\/es\/la-campana-de-fraternidad-2019-tendra-como-tema-las-politicas-publicas\/","og_locale":"es_ES","og_type":"article","og_title":"Campanha da Fraternidade 2019 ter\u00e1 'Pol\u00edticas P\u00fablicas' como tema - Padre Eust\u00e1quio","og_description":"Os bispos do Conselho Episcopal Pastoral (Consep) da Confer\u00eancia Nacional dos Bispos do Brasil (CNBB) escolheram o tema da CF 2019. Ap\u00f3s empate com outra proposta, foi escolhido \u2013 por seis votos a quatro \u2013 o tema \u201cFraternidade e pol\u00edticas p\u00fablicas\u201d. A informa\u00e7\u00e3o \u00e9 publicada por Confer\u00eancia Nacional dos Bispos do Brasil \u2013 CNBB A discuss\u00e3o a respeito da quest\u00e3o foi iniciada na manh\u00e3 de ontem, logo no in\u00edcio da reuni\u00e3o do Conselho. A partir de 98 sugest\u00f5es, enviadas por dioceses, regionais e \u00f3rg\u00e3os governamentais, entre eles a Pol\u00edcia Rodovi\u00e1ria Federal, os bispos chegaram a sete eixos tem\u00e1ticos postos em [&hellip;]","og_url":"https:\/\/www.padreeustaquio.com.br\/es\/la-campana-de-fraternidad-2019-tendra-como-tema-las-politicas-publicas\/","og_site_name":"Padre Eust\u00e1quio","article_publisher":"https:\/\/www.facebook.com\/beatopadreeustaquio\/","article_published_time":"2019-02-27T00:48:22+00:00","article_modified_time":"2019-08-22T00:50:40+00:00","og_image":[{"width":1000,"height":768,"url":"https:\/\/www.padreeustaquio.com.br\/wp-content\/uploads\/2019\/08\/027.jpg","type":"image\/jpeg"}],"author":"sscc","twitter_card":"summary_large_image","twitter_creator":"@beatopeustaquio","twitter_site":"@beatopeustaquio","twitter_misc":{"Escrito por":"sscc","Tiempo de lectura":"2 minutos"},"schema":{"@context":"https:\/\/schema.org","@graph":[{"@type":"Article","@id":"https:\/\/www.padreeustaquio.com.br\/campanha-da-fraternidade-2019-tera-politicas-publicas-como-tema\/#article","isPartOf":{"@id":"https:\/\/www.padreeustaquio.com.br\/campanha-da-fraternidade-2019-tera-politicas-publicas-como-tema\/"},"author":{"name":"sscc","@id":"https:\/\/www.padreeustaquio.com.br\/#\/schema\/person\/1bbfe7b959f00a655f8ecb6cb8f3ce87"},"headline":"Campanha da Fraternidade 2019 ter\u00e1 &#8216;Pol\u00edticas P\u00fablicas&#8217; como tema","datePublished":"2019-02-27T00:48:22+00:00","dateModified":"2019-08-22T00:50:40+00:00","mainEntityOfPage":{"@id":"https:\/\/www.padreeustaquio.com.br\/campanha-da-fraternidade-2019-tera-politicas-publicas-como-tema\/"},"wordCount":384,"publisher":{"@id":"https:\/\/www.padreeustaquio.com.br\/#organization"},"image":{"@id":"https:\/\/www.padreeustaquio.com.br\/campanha-da-fraternidade-2019-tera-politicas-publicas-como-tema\/#primaryimage"},"thumbnailUrl":"https:\/\/www.padreeustaquio.com.br\/wp-content\/uploads\/2019\/08\/027.jpg","articleSection":["Not\u00edcias"],"inLanguage":"es"},{"@type":"WebPage","@id":"https:\/\/www.padreeustaquio.com.br\/campanha-da-fraternidade-2019-tera-politicas-publicas-como-tema\/","url":"https:\/\/www.padreeustaquio.com.br\/campanha-da-fraternidade-2019-tera-politicas-publicas-como-tema\/","name":"Campa\u00f1a de Fraternidad 2019 tendr\u00e1 como tema 'Pol\u00edticas P\u00fablicas' - Padre Eust\u00e1quio","isPartOf":{"@id":"https:\/\/www.padreeustaquio.com.br\/#website"},"primaryImageOfPage":{"@id":"https:\/\/www.padreeustaquio.com.br\/campanha-da-fraternidade-2019-tera-politicas-publicas-como-tema\/#primaryimage"},"image":{"@id":"https:\/\/www.padreeustaquio.com.br\/campanha-da-fraternidade-2019-tera-politicas-publicas-como-tema\/#primaryimage"},"thumbnailUrl":"https:\/\/www.padreeustaquio.com.br\/wp-content\/uploads\/2019\/08\/027.jpg","datePublished":"2019-02-27T00:48:22+00:00","dateModified":"2019-08-22T00:50:40+00:00","breadcrumb":{"@id":"https:\/\/www.padreeustaquio.com.br\/campanha-da-fraternidade-2019-tera-politicas-publicas-como-tema\/#breadcrumb"},"inLanguage":"es","potentialAction":[{"@type":"ReadAction","target":["https:\/\/www.padreeustaquio.com.br\/campanha-da-fraternidade-2019-tera-politicas-publicas-como-tema\/"]}]},{"@type":"ImageObject","inLanguage":"es","@id":"https:\/\/www.padreeustaquio.com.br\/campanha-da-fraternidade-2019-tera-politicas-publicas-como-tema\/#primaryimage","url":"https:\/\/www.padreeustaquio.com.br\/wp-content\/uploads\/2019\/08\/027.jpg","contentUrl":"https:\/\/www.padreeustaquio.com.br\/wp-content\/uploads\/2019\/08\/027.jpg","width":1000,"height":768},{"@type":"BreadcrumbList","@id":"https:\/\/www.padreeustaquio.com.br\/campanha-da-fraternidade-2019-tera-politicas-publicas-como-tema\/#breadcrumb","itemListElement":[{"@type":"ListItem","position":1,"name":"In\u00edcio","item":"https:\/\/www.padreeustaquio.com.br\/"},{"@type":"ListItem","position":2,"name":"Campanha da Fraternidade 2019 ter\u00e1 &#8216;Pol\u00edticas P\u00fablicas&#8217; como tema"}]},{"@type":"WebSite","@id":"https:\/\/www.padreeustaquio.com.br\/#website","url":"https:\/\/www.padreeustaquio.com.br\/","name":"Padre Eustace","description":"Salud y Paz","publisher":{"@id":"https:\/\/www.padreeustaquio.com.br\/#organization"},"potentialAction":[{"@type":"SearchAction","target":{"@type":"EntryPoint","urlTemplate":"https:\/\/www.padreeustaquio.com.br\/?s={search_term_string}"},"query-input":{"@type":"PropertyValueSpecification","valueRequired":true,"valueName":"search_term_string"}}],"inLanguage":"es"},{"@type":"Organization","@id":"https:\/\/www.padreeustaquio.com.br\/#organization","name":"Padre Eustace","url":"https:\/\/www.padreeustaquio.com.br\/","logo":{"@type":"ImageObject","inLanguage":"es","@id":"https:\/\/www.padreeustaquio.com.br\/#\/schema\/logo\/image\/","url":"https:\/\/www.padreeustaquio.com.br\/wp-content\/uploads\/2019\/08\/marca.png","contentUrl":"https:\/\/www.padreeustaquio.com.br\/wp-content\/uploads\/2019\/08\/marca.png","width":350,"height":400,"caption":"Padre Eust\u00e1quio"},"image":{"@id":"https:\/\/www.padreeustaquio.com.br\/#\/schema\/logo\/image\/"},"sameAs":["https:\/\/www.facebook.com\/beatopadreeustaquio\/","https:\/\/x.com\/beatopeustaquio","https:\/\/www.instagram.com\/beatopadreeustaquio\/","https:\/\/www.youtube.com\/channel\/UCRhw7vfabnajwLxb1ZXMeIw"]},{"@type":"Person","@id":"https:\/\/www.padreeustaquio.com.br\/#\/schema\/person\/1bbfe7b959f00a655f8ecb6cb8f3ce87","name":"escuela secundaria","image":{"@type":"ImageObject","inLanguage":"es","@id":"https:\/\/secure.gravatar.com\/avatar\/edddec27f012d36cfa3fce966238219942e4659e87f27ef7b5704f0db7007bec?s=96&d=mm&r=g","url":"https:\/\/secure.gravatar.com\/avatar\/edddec27f012d36cfa3fce966238219942e4659e87f27ef7b5704f0db7007bec?s=96&d=mm&r=g","contentUrl":"https:\/\/secure.gravatar.com\/avatar\/edddec27f012d36cfa3fce966238219942e4659e87f27ef7b5704f0db7007bec?s=96&d=mm&r=g","caption":"sscc"},"url":"https:\/\/www.padreeustaquio.com.br\/es\/author\/userpde\/"}]}},"_links":{"self":[{"href":"https:\/\/www.padreeustaquio.com.br\/es\/wp-json\/wp\/v2\/posts\/3030","targetHints":{"allow":["GET"]}}],"collection":[{"href":"https:\/\/www.padreeustaquio.com.br\/es\/wp-json\/wp\/v2\/posts"}],"about":[{"href":"https:\/\/www.padreeustaquio.com.br\/es\/wp-json\/wp\/v2\/types\/post"}],"author":[{"embeddable":true,"href":"https:\/\/www.padreeustaquio.com.br\/es\/wp-json\/wp\/v2\/users\/6"}],"replies":[{"embeddable":true,"href":"https:\/\/www.padreeustaquio.com.br\/es\/wp-json\/wp\/v2\/comments?post=3030"}],"version-history":[{"count":0,"href":"https:\/\/www.padreeustaquio.com.br\/es\/wp-json\/wp\/v2\/posts\/3030\/revisions"}],"wp:featuredmedia":[{"embeddable":true,"href":"https:\/\/www.padreeustaquio.com.br\/es\/wp-json\/wp\/v2\/media\/3031"}],"wp:attachment":[{"href":"https:\/\/www.padreeustaquio.com.br\/es\/wp-json\/wp\/v2\/media?parent=3030"}],"wp:term":[{"taxonomy":"category","embeddable":true,"href":"https:\/\/www.padreeustaquio.com.br\/es\/wp-json\/wp\/v2\/categories?post=3030"},{"taxonomy":"post_tag","embeddable":true,"href":"https:\/\/www.padreeustaquio.com.br\/es\/wp-json\/wp\/v2\/tags?post=3030"}],"curies":[{"name":"wp","href":"https:\/\/api.w.org\/{rel}","templated":true}]}}