{"id":3021,"date":"2019-03-14T21:36:05","date_gmt":"2019-03-15T00:36:05","guid":{"rendered":"http:\/\/br606.teste.website\/~padre078\/padreeustaquio.com.br\/?p=3021"},"modified":"2019-08-21T21:38:18","modified_gmt":"2019-08-22T00:38:18","slug":"la-cuaresma-es-un-tiempo-propicio-para-la-reflexion-y-la-conversion","status":"publish","type":"post","link":"https:\/\/www.padreeustaquio.com.br\/es\/la-cuaresma-es-un-tiempo-propicio-para-la-reflexion-y-la-conversion\/","title":{"rendered":"Cuaresma. Tiempo propicio para la reflexi\u00f3n y la conversi\u00f3n."},"content":{"rendered":"<p>En sus escritos, el Padre Eust\u00e1quio siempre nos trae una reflexi\u00f3n sobre la infinita misericordia de Dios hacia nosotros, pero para ello, el Beato nos recuerda que debemos hacer nuestra parte: &quot;\u00a1Amar, orar, hacer penitencia!&quot;. Para ayudarnos a comprender este tiempo especial de reflexi\u00f3n y conversi\u00f3n, hemos seleccionado un art\u00edculo de la Comunidad Can\u00e7\u00e3o Nova, que los invito a leer y reflexionar con nosotros:<\/p>\n<p>La Cuaresma, como sabemos desde hace mucho tiempo, es tiempo de conversi\u00f3n. Este es un tema que siempre ha estado vigente en la vida cristiana, por lo que queremos reflexionar sobre \u00e9l una vez m\u00e1s. La imposici\u00f3n de la ceniza, con la que la Iglesia inicia nuestra preparaci\u00f3n para la solemne celebraci\u00f3n del Triduo Pascual, no puede ser un gesto formal y folcl\u00f3rico, una mera tradici\u00f3n. Debe ser la expresi\u00f3n del compromiso de dejarse moldear por el Esp\u00edritu Santo para la conversi\u00f3n personal y comunitaria.<\/p>\n<p>El Antiguo Testamento, al abordar la conversi\u00f3n, enfatiz\u00f3 considerablemente el aspecto cultual: el rechazo del culto pagano, la transici\u00f3n de la idolatr\u00eda a la adoraci\u00f3n del Dios verdadero y la sumisi\u00f3n a su Ley, dada al pueblo por medio de Mois\u00e9s. Posteriormente, los profetas profundizaron en el tema, no solo anunciando una alianza interior m\u00e1s perfecta, sino tambi\u00e9n insistiendo en la compasi\u00f3n por los vulnerables: hu\u00e9rfanos, viudas y pobres. Entre los profetas del Antiguo Testamento, podemos incluir al m\u00e1s grande de todos: Juan el Bautista. Insisti\u00f3 en un cambio de actitud, en la pr\u00e1ctica de la justicia, la solidaridad, la compasi\u00f3n y la mansedumbre como elementos necesarios para recibir al Mes\u00edas.<\/p>\n<p>El ministerio p\u00fablico de Jes\u00fas comienza con un poderoso anuncio: \u2018Arrepi\u00e9ntanse\u2026\u2019. El Mi\u00e9rcoles de Ceniza, a\u00fan resuena la voz del Se\u00f1or, quien, a trav\u00e9s de la Iglesia, nos invita a la conversi\u00f3n: \u2018Arrepi\u00e9ntanse y crean en el Evangelio\u2019. Es en clave cristiana que estamos llamados a comprender la firme invitaci\u00f3n de Jes\u00fas. Para ello, tomo la par\u00e1bola del Hijo Pr\u00f3digo o del Padre Misericordioso, porque en ella encontramos el ejemplo m\u00e1s significativo de lo que los cristianos debemos entender por conversi\u00f3n: es abandonar los falsos dioses que insisten en dominar nuestros corazones e ir al encuentro del verdadero Dios, el Padre. Ir al encuentro de \u00c9l y dejarse transformar por su amor es la fuente de una nueva vida. Por eso, cuando Nicodemo busc\u00f3 a Jes\u00fas, \u00c9l le explic\u00f3 que era necesario nacer de nuevo para ver el Reino de Dios.<\/p>\n<p>Podemos afirmar: este es el verdadero significado de la conversi\u00f3n: \u2018nacer de nuevo\u2019. Esta es la gran maravilla que Dios quiere obrar en la vida de sus amados. La conversi\u00f3n es la recreaci\u00f3n del ser, un hecho m\u00e1s admirable que la creaci\u00f3n del universo. Es principalmente la obra del Esp\u00edritu Santo en nosotros, para que con renovada alegr\u00eda podamos pronunciar: \u2018Abba\u2019.<\/p>\n<p>Me parece que la hermosa pintura de Rembrandt, \u2018El regreso del hijo pr\u00f3digo\u2019, busc\u00f3 expresar esta realidad de la conversi\u00f3n como un nuevo nacimiento, al presentar al hijo, fuertemente abrazado por su padre, con la silueta, un tanto informe, de un embri\u00f3n humano. Se gesta en la luz, en el calor, en el abrazo amoroso del Padre Misericordioso. As\u00ed, la conversi\u00f3n nos impulsa a una relaci\u00f3n m\u00e1s profunda e \u00edntima con Dios, a quien no vemos, y necesariamente con nuestros hermanos y hermanas, a quienes vemos llamar a nuestra puerta con hambre, fr\u00edo, cansancio, enfermedad, soledad y desesperaci\u00f3n. Solo los hombres y mujeres \u2018nuevos\u2019 sentir\u00e1n compasi\u00f3n al ver en los rostros deformados por la miseria el rostro mismo de Jes\u00fas.<\/p>\n<p>Durante la Cuaresma, la Iglesia busca preparar a sus fieles, mediante la solemne celebraci\u00f3n del Triduo Pascual, para la renovaci\u00f3n de nuestra existencia en Cristo. Pr\u00e1cticas cuaresmales como el ayuno, la abstinencia, la limosna y la paciencia con el pr\u00f3jimo fomentar\u00e1n este renacimiento. Nos nutriremos en la Iglesia, en la comunidad.<\/p>\n<p>Con la fuerza de la nueva vida que nos impregnar\u00e1, renovaremos con fervor nuestro compromiso de servir al Reino de Dios, arrodill\u00e1ndonos humilde y servicialmente ante nuestros hermanos y hermanas menores. Esta es la gracia a la que m\u00e1s debemos aspirar al participar en la celebraci\u00f3n del Triduo Pascual.<\/p>\n<p>Fuente:\u00a0<a href=\"https:\/\/formacao.cancaonova.com\/espiritualidade\/quaresma-tempo-de-conversao\/\" target=\"_blank\" rel=\"noopener\">Comunidad de Can\u00e7\u00e3o Nova<\/a><\/p>","protected":false},"excerpt":{"rendered":"<p>Em seus escritos, Padre Eust\u00e1quio sempre nos traz uma reflex\u00e3o da Miseric\u00f3rdia Infinita de Deus para conosco, mas para isso, o Beato nos lembra que devemos fazer nossa parte: &#8216;Amai, rezai, fazei penit\u00eancia!&#8217;. Para nos ajudar a entender este tempo pr\u00f3prio de reflex\u00e3o e convers\u00e3o, selecionamos um artigo da Comunidade Can\u00e7\u00e3o Nova, na qual convido voc\u00ea a ler e refletir conosco: A Quaresma \u00e9, como h\u00e1 muito sabemos, um tempo de convers\u00e3o. Esse \u00e9 um tema que jamais perde a sua atualidade na vida crist\u00e3, por isso queremos mais uma vez refletir sobre ele. A imposi\u00e7\u00e3o das cinzas com que [&hellip;]<\/p>\n","protected":false},"author":6,"featured_media":3022,"comment_status":"closed","ping_status":"open","sticky":false,"template":"","format":"standard","meta":{"_acf_changed":false,"footnotes":""},"categories":[611],"tags":[],"class_list":["post-3021","post","type-post","status-publish","format-standard","has-post-thumbnail","hentry","category-noticias"],"acf":[],"yoast_head":"<!-- This site is optimized with the Yoast SEO plugin v27.2 - https:\/\/yoast.com\/product\/yoast-seo-wordpress\/ -->\n<title>Quaresma- Tempo prop\u00edcio de reflex\u00e3o e convers\u00e3o - Padre Eust\u00e1quio<\/title>\n<meta name=\"robots\" content=\"index, follow, max-snippet:-1, max-image-preview:large, max-video-preview:-1\" \/>\n<link rel=\"canonical\" href=\"https:\/\/www.padreeustaquio.com.br\/es\/la-cuaresma-es-un-tiempo-propicio-para-la-reflexion-y-la-conversion\/\" \/>\n<meta property=\"og:locale\" content=\"es_ES\" \/>\n<meta property=\"og:type\" content=\"article\" \/>\n<meta property=\"og:title\" content=\"Quaresma- Tempo prop\u00edcio de reflex\u00e3o e convers\u00e3o - Padre Eust\u00e1quio\" \/>\n<meta property=\"og:description\" content=\"Em seus escritos, Padre Eust\u00e1quio sempre nos traz uma reflex\u00e3o da Miseric\u00f3rdia Infinita de Deus para conosco, mas para isso, o Beato nos lembra que devemos fazer nossa parte: &#8216;Amai, rezai, fazei penit\u00eancia!&#8217;. Para nos ajudar a entender este tempo pr\u00f3prio de reflex\u00e3o e convers\u00e3o, selecionamos um artigo da Comunidade Can\u00e7\u00e3o Nova, na qual convido voc\u00ea a ler e refletir conosco: A Quaresma \u00e9, como h\u00e1 muito sabemos, um tempo de convers\u00e3o. Esse \u00e9 um tema que jamais perde a sua atualidade na vida crist\u00e3, por isso queremos mais uma vez refletir sobre ele. A imposi\u00e7\u00e3o das cinzas com que [&hellip;]\" \/>\n<meta property=\"og:url\" content=\"https:\/\/www.padreeustaquio.com.br\/es\/la-cuaresma-es-un-tiempo-propicio-para-la-reflexion-y-la-conversion\/\" \/>\n<meta property=\"og:site_name\" content=\"Padre Eust\u00e1quio\" \/>\n<meta property=\"article:publisher\" content=\"https:\/\/www.facebook.com\/beatopadreeustaquio\/\" \/>\n<meta property=\"article:published_time\" content=\"2019-03-15T00:36:05+00:00\" \/>\n<meta property=\"article:modified_time\" content=\"2019-08-22T00:38:18+00:00\" \/>\n<meta property=\"og:image\" content=\"https:\/\/www.padreeustaquio.com.br\/wp-content\/uploads\/2019\/08\/024.jpg\" \/>\n\t<meta property=\"og:image:width\" content=\"512\" \/>\n\t<meta property=\"og:image:height\" content=\"394\" \/>\n\t<meta property=\"og:image:type\" content=\"image\/jpeg\" \/>\n<meta name=\"author\" content=\"sscc\" \/>\n<meta name=\"twitter:card\" content=\"summary_large_image\" \/>\n<meta name=\"twitter:creator\" content=\"@beatopeustaquio\" \/>\n<meta name=\"twitter:site\" content=\"@beatopeustaquio\" \/>\n<meta name=\"twitter:label1\" content=\"Escrito por\" \/>\n\t<meta name=\"twitter:data1\" content=\"sscc\" \/>\n\t<meta name=\"twitter:label2\" content=\"Tiempo de lectura\" \/>\n\t<meta name=\"twitter:data2\" content=\"4 minutos\" \/>\n<script type=\"application\/ld+json\" class=\"yoast-schema-graph\">{\"@context\":\"https:\/\/schema.org\",\"@graph\":[{\"@type\":\"Article\",\"@id\":\"https:\/\/www.padreeustaquio.com.br\/quaresma-tempo-propicio-de-reflexao-e-conversao\/#article\",\"isPartOf\":{\"@id\":\"https:\/\/www.padreeustaquio.com.br\/quaresma-tempo-propicio-de-reflexao-e-conversao\/\"},\"author\":{\"name\":\"sscc\",\"@id\":\"https:\/\/www.padreeustaquio.com.br\/#\/schema\/person\/1bbfe7b959f00a655f8ecb6cb8f3ce87\"},\"headline\":\"Quaresma- Tempo prop\u00edcio de reflex\u00e3o e convers\u00e3o\",\"datePublished\":\"2019-03-15T00:36:05+00:00\",\"dateModified\":\"2019-08-22T00:38:18+00:00\",\"mainEntityOfPage\":{\"@id\":\"https:\/\/www.padreeustaquio.com.br\/quaresma-tempo-propicio-de-reflexao-e-conversao\/\"},\"wordCount\":746,\"publisher\":{\"@id\":\"https:\/\/www.padreeustaquio.com.br\/#organization\"},\"image\":{\"@id\":\"https:\/\/www.padreeustaquio.com.br\/quaresma-tempo-propicio-de-reflexao-e-conversao\/#primaryimage\"},\"thumbnailUrl\":\"https:\/\/www.padreeustaquio.com.br\/wp-content\/uploads\/2019\/08\/024.jpg\",\"articleSection\":[\"Not\u00edcias\"],\"inLanguage\":\"es\"},{\"@type\":\"WebPage\",\"@id\":\"https:\/\/www.padreeustaquio.com.br\/quaresma-tempo-propicio-de-reflexao-e-conversao\/\",\"url\":\"https:\/\/www.padreeustaquio.com.br\/quaresma-tempo-propicio-de-reflexao-e-conversao\/\",\"name\":\"Quaresma- Tempo prop\u00edcio de reflex\u00e3o e convers\u00e3o - Padre Eust\u00e1quio\",\"isPartOf\":{\"@id\":\"https:\/\/www.padreeustaquio.com.br\/#website\"},\"primaryImageOfPage\":{\"@id\":\"https:\/\/www.padreeustaquio.com.br\/quaresma-tempo-propicio-de-reflexao-e-conversao\/#primaryimage\"},\"image\":{\"@id\":\"https:\/\/www.padreeustaquio.com.br\/quaresma-tempo-propicio-de-reflexao-e-conversao\/#primaryimage\"},\"thumbnailUrl\":\"https:\/\/www.padreeustaquio.com.br\/wp-content\/uploads\/2019\/08\/024.jpg\",\"datePublished\":\"2019-03-15T00:36:05+00:00\",\"dateModified\":\"2019-08-22T00:38:18+00:00\",\"breadcrumb\":{\"@id\":\"https:\/\/www.padreeustaquio.com.br\/quaresma-tempo-propicio-de-reflexao-e-conversao\/#breadcrumb\"},\"inLanguage\":\"es\",\"potentialAction\":[{\"@type\":\"ReadAction\",\"target\":[\"https:\/\/www.padreeustaquio.com.br\/quaresma-tempo-propicio-de-reflexao-e-conversao\/\"]}]},{\"@type\":\"ImageObject\",\"inLanguage\":\"es\",\"@id\":\"https:\/\/www.padreeustaquio.com.br\/quaresma-tempo-propicio-de-reflexao-e-conversao\/#primaryimage\",\"url\":\"https:\/\/www.padreeustaquio.com.br\/wp-content\/uploads\/2019\/08\/024.jpg\",\"contentUrl\":\"https:\/\/www.padreeustaquio.com.br\/wp-content\/uploads\/2019\/08\/024.jpg\",\"width\":512,\"height\":394},{\"@type\":\"BreadcrumbList\",\"@id\":\"https:\/\/www.padreeustaquio.com.br\/quaresma-tempo-propicio-de-reflexao-e-conversao\/#breadcrumb\",\"itemListElement\":[{\"@type\":\"ListItem\",\"position\":1,\"name\":\"In\u00edcio\",\"item\":\"https:\/\/www.padreeustaquio.com.br\/\"},{\"@type\":\"ListItem\",\"position\":2,\"name\":\"Quaresma- Tempo prop\u00edcio de reflex\u00e3o e convers\u00e3o\"}]},{\"@type\":\"WebSite\",\"@id\":\"https:\/\/www.padreeustaquio.com.br\/#website\",\"url\":\"https:\/\/www.padreeustaquio.com.br\/\",\"name\":\"Padre Eust\u00e1quio\",\"description\":\"Sa\u00fade e Paz\",\"publisher\":{\"@id\":\"https:\/\/www.padreeustaquio.com.br\/#organization\"},\"potentialAction\":[{\"@type\":\"SearchAction\",\"target\":{\"@type\":\"EntryPoint\",\"urlTemplate\":\"https:\/\/www.padreeustaquio.com.br\/?s={search_term_string}\"},\"query-input\":{\"@type\":\"PropertyValueSpecification\",\"valueRequired\":true,\"valueName\":\"search_term_string\"}}],\"inLanguage\":\"es\"},{\"@type\":\"Organization\",\"@id\":\"https:\/\/www.padreeustaquio.com.br\/#organization\",\"name\":\"Padre Eust\u00e1quio\",\"url\":\"https:\/\/www.padreeustaquio.com.br\/\",\"logo\":{\"@type\":\"ImageObject\",\"inLanguage\":\"es\",\"@id\":\"https:\/\/www.padreeustaquio.com.br\/#\/schema\/logo\/image\/\",\"url\":\"https:\/\/www.padreeustaquio.com.br\/wp-content\/uploads\/2019\/08\/marca.png\",\"contentUrl\":\"https:\/\/www.padreeustaquio.com.br\/wp-content\/uploads\/2019\/08\/marca.png\",\"width\":350,\"height\":400,\"caption\":\"Padre Eust\u00e1quio\"},\"image\":{\"@id\":\"https:\/\/www.padreeustaquio.com.br\/#\/schema\/logo\/image\/\"},\"sameAs\":[\"https:\/\/www.facebook.com\/beatopadreeustaquio\/\",\"https:\/\/x.com\/beatopeustaquio\",\"https:\/\/www.instagram.com\/beatopadreeustaquio\/\",\"https:\/\/www.youtube.com\/channel\/UCRhw7vfabnajwLxb1ZXMeIw\"]},{\"@type\":\"Person\",\"@id\":\"https:\/\/www.padreeustaquio.com.br\/#\/schema\/person\/1bbfe7b959f00a655f8ecb6cb8f3ce87\",\"name\":\"sscc\",\"image\":{\"@type\":\"ImageObject\",\"inLanguage\":\"es\",\"@id\":\"https:\/\/secure.gravatar.com\/avatar\/edddec27f012d36cfa3fce966238219942e4659e87f27ef7b5704f0db7007bec?s=96&d=mm&r=g\",\"url\":\"https:\/\/secure.gravatar.com\/avatar\/edddec27f012d36cfa3fce966238219942e4659e87f27ef7b5704f0db7007bec?s=96&d=mm&r=g\",\"contentUrl\":\"https:\/\/secure.gravatar.com\/avatar\/edddec27f012d36cfa3fce966238219942e4659e87f27ef7b5704f0db7007bec?s=96&d=mm&r=g\",\"caption\":\"sscc\"},\"url\":\"https:\/\/www.padreeustaquio.com.br\/es\/author\/userpde\/\"}]}<\/script>\n<!-- \/ Yoast SEO plugin. -->","yoast_head_json":{"title":"Cuaresma - Un tiempo propicio para la reflexi\u00f3n y la conversi\u00f3n - Padre Eust\u00e1quio","robots":{"index":"index","follow":"follow","max-snippet":"max-snippet:-1","max-image-preview":"max-image-preview:large","max-video-preview":"max-video-preview:-1"},"canonical":"https:\/\/www.padreeustaquio.com.br\/es\/la-cuaresma-es-un-tiempo-propicio-para-la-reflexion-y-la-conversion\/","og_locale":"es_ES","og_type":"article","og_title":"Quaresma- Tempo prop\u00edcio de reflex\u00e3o e convers\u00e3o - Padre Eust\u00e1quio","og_description":"Em seus escritos, Padre Eust\u00e1quio sempre nos traz uma reflex\u00e3o da Miseric\u00f3rdia Infinita de Deus para conosco, mas para isso, o Beato nos lembra que devemos fazer nossa parte: &#8216;Amai, rezai, fazei penit\u00eancia!&#8217;. Para nos ajudar a entender este tempo pr\u00f3prio de reflex\u00e3o e convers\u00e3o, selecionamos um artigo da Comunidade Can\u00e7\u00e3o Nova, na qual convido voc\u00ea a ler e refletir conosco: A Quaresma \u00e9, como h\u00e1 muito sabemos, um tempo de convers\u00e3o. Esse \u00e9 um tema que jamais perde a sua atualidade na vida crist\u00e3, por isso queremos mais uma vez refletir sobre ele. A imposi\u00e7\u00e3o das cinzas com que [&hellip;]","og_url":"https:\/\/www.padreeustaquio.com.br\/es\/la-cuaresma-es-un-tiempo-propicio-para-la-reflexion-y-la-conversion\/","og_site_name":"Padre Eust\u00e1quio","article_publisher":"https:\/\/www.facebook.com\/beatopadreeustaquio\/","article_published_time":"2019-03-15T00:36:05+00:00","article_modified_time":"2019-08-22T00:38:18+00:00","og_image":[{"width":512,"height":394,"url":"https:\/\/www.padreeustaquio.com.br\/wp-content\/uploads\/2019\/08\/024.jpg","type":"image\/jpeg"}],"author":"sscc","twitter_card":"summary_large_image","twitter_creator":"@beatopeustaquio","twitter_site":"@beatopeustaquio","twitter_misc":{"Escrito por":"sscc","Tiempo de lectura":"4 minutos"},"schema":{"@context":"https:\/\/schema.org","@graph":[{"@type":"Article","@id":"https:\/\/www.padreeustaquio.com.br\/quaresma-tempo-propicio-de-reflexao-e-conversao\/#article","isPartOf":{"@id":"https:\/\/www.padreeustaquio.com.br\/quaresma-tempo-propicio-de-reflexao-e-conversao\/"},"author":{"name":"sscc","@id":"https:\/\/www.padreeustaquio.com.br\/#\/schema\/person\/1bbfe7b959f00a655f8ecb6cb8f3ce87"},"headline":"Quaresma- Tempo prop\u00edcio de reflex\u00e3o e convers\u00e3o","datePublished":"2019-03-15T00:36:05+00:00","dateModified":"2019-08-22T00:38:18+00:00","mainEntityOfPage":{"@id":"https:\/\/www.padreeustaquio.com.br\/quaresma-tempo-propicio-de-reflexao-e-conversao\/"},"wordCount":746,"publisher":{"@id":"https:\/\/www.padreeustaquio.com.br\/#organization"},"image":{"@id":"https:\/\/www.padreeustaquio.com.br\/quaresma-tempo-propicio-de-reflexao-e-conversao\/#primaryimage"},"thumbnailUrl":"https:\/\/www.padreeustaquio.com.br\/wp-content\/uploads\/2019\/08\/024.jpg","articleSection":["Not\u00edcias"],"inLanguage":"es"},{"@type":"WebPage","@id":"https:\/\/www.padreeustaquio.com.br\/quaresma-tempo-propicio-de-reflexao-e-conversao\/","url":"https:\/\/www.padreeustaquio.com.br\/quaresma-tempo-propicio-de-reflexao-e-conversao\/","name":"Cuaresma - Un tiempo propicio para la reflexi\u00f3n y la conversi\u00f3n - Padre Eust\u00e1quio","isPartOf":{"@id":"https:\/\/www.padreeustaquio.com.br\/#website"},"primaryImageOfPage":{"@id":"https:\/\/www.padreeustaquio.com.br\/quaresma-tempo-propicio-de-reflexao-e-conversao\/#primaryimage"},"image":{"@id":"https:\/\/www.padreeustaquio.com.br\/quaresma-tempo-propicio-de-reflexao-e-conversao\/#primaryimage"},"thumbnailUrl":"https:\/\/www.padreeustaquio.com.br\/wp-content\/uploads\/2019\/08\/024.jpg","datePublished":"2019-03-15T00:36:05+00:00","dateModified":"2019-08-22T00:38:18+00:00","breadcrumb":{"@id":"https:\/\/www.padreeustaquio.com.br\/quaresma-tempo-propicio-de-reflexao-e-conversao\/#breadcrumb"},"inLanguage":"es","potentialAction":[{"@type":"ReadAction","target":["https:\/\/www.padreeustaquio.com.br\/quaresma-tempo-propicio-de-reflexao-e-conversao\/"]}]},{"@type":"ImageObject","inLanguage":"es","@id":"https:\/\/www.padreeustaquio.com.br\/quaresma-tempo-propicio-de-reflexao-e-conversao\/#primaryimage","url":"https:\/\/www.padreeustaquio.com.br\/wp-content\/uploads\/2019\/08\/024.jpg","contentUrl":"https:\/\/www.padreeustaquio.com.br\/wp-content\/uploads\/2019\/08\/024.jpg","width":512,"height":394},{"@type":"BreadcrumbList","@id":"https:\/\/www.padreeustaquio.com.br\/quaresma-tempo-propicio-de-reflexao-e-conversao\/#breadcrumb","itemListElement":[{"@type":"ListItem","position":1,"name":"In\u00edcio","item":"https:\/\/www.padreeustaquio.com.br\/"},{"@type":"ListItem","position":2,"name":"Quaresma- Tempo prop\u00edcio de reflex\u00e3o e convers\u00e3o"}]},{"@type":"WebSite","@id":"https:\/\/www.padreeustaquio.com.br\/#website","url":"https:\/\/www.padreeustaquio.com.br\/","name":"Padre Eustace","description":"Salud y Paz","publisher":{"@id":"https:\/\/www.padreeustaquio.com.br\/#organization"},"potentialAction":[{"@type":"SearchAction","target":{"@type":"EntryPoint","urlTemplate":"https:\/\/www.padreeustaquio.com.br\/?s={search_term_string}"},"query-input":{"@type":"PropertyValueSpecification","valueRequired":true,"valueName":"search_term_string"}}],"inLanguage":"es"},{"@type":"Organization","@id":"https:\/\/www.padreeustaquio.com.br\/#organization","name":"Padre Eustace","url":"https:\/\/www.padreeustaquio.com.br\/","logo":{"@type":"ImageObject","inLanguage":"es","@id":"https:\/\/www.padreeustaquio.com.br\/#\/schema\/logo\/image\/","url":"https:\/\/www.padreeustaquio.com.br\/wp-content\/uploads\/2019\/08\/marca.png","contentUrl":"https:\/\/www.padreeustaquio.com.br\/wp-content\/uploads\/2019\/08\/marca.png","width":350,"height":400,"caption":"Padre Eust\u00e1quio"},"image":{"@id":"https:\/\/www.padreeustaquio.com.br\/#\/schema\/logo\/image\/"},"sameAs":["https:\/\/www.facebook.com\/beatopadreeustaquio\/","https:\/\/x.com\/beatopeustaquio","https:\/\/www.instagram.com\/beatopadreeustaquio\/","https:\/\/www.youtube.com\/channel\/UCRhw7vfabnajwLxb1ZXMeIw"]},{"@type":"Person","@id":"https:\/\/www.padreeustaquio.com.br\/#\/schema\/person\/1bbfe7b959f00a655f8ecb6cb8f3ce87","name":"escuela secundaria","image":{"@type":"ImageObject","inLanguage":"es","@id":"https:\/\/secure.gravatar.com\/avatar\/edddec27f012d36cfa3fce966238219942e4659e87f27ef7b5704f0db7007bec?s=96&d=mm&r=g","url":"https:\/\/secure.gravatar.com\/avatar\/edddec27f012d36cfa3fce966238219942e4659e87f27ef7b5704f0db7007bec?s=96&d=mm&r=g","contentUrl":"https:\/\/secure.gravatar.com\/avatar\/edddec27f012d36cfa3fce966238219942e4659e87f27ef7b5704f0db7007bec?s=96&d=mm&r=g","caption":"sscc"},"url":"https:\/\/www.padreeustaquio.com.br\/es\/author\/userpde\/"}]}},"_links":{"self":[{"href":"https:\/\/www.padreeustaquio.com.br\/es\/wp-json\/wp\/v2\/posts\/3021","targetHints":{"allow":["GET"]}}],"collection":[{"href":"https:\/\/www.padreeustaquio.com.br\/es\/wp-json\/wp\/v2\/posts"}],"about":[{"href":"https:\/\/www.padreeustaquio.com.br\/es\/wp-json\/wp\/v2\/types\/post"}],"author":[{"embeddable":true,"href":"https:\/\/www.padreeustaquio.com.br\/es\/wp-json\/wp\/v2\/users\/6"}],"replies":[{"embeddable":true,"href":"https:\/\/www.padreeustaquio.com.br\/es\/wp-json\/wp\/v2\/comments?post=3021"}],"version-history":[{"count":0,"href":"https:\/\/www.padreeustaquio.com.br\/es\/wp-json\/wp\/v2\/posts\/3021\/revisions"}],"wp:featuredmedia":[{"embeddable":true,"href":"https:\/\/www.padreeustaquio.com.br\/es\/wp-json\/wp\/v2\/media\/3022"}],"wp:attachment":[{"href":"https:\/\/www.padreeustaquio.com.br\/es\/wp-json\/wp\/v2\/media?parent=3021"}],"wp:term":[{"taxonomy":"category","embeddable":true,"href":"https:\/\/www.padreeustaquio.com.br\/es\/wp-json\/wp\/v2\/categories?post=3021"},{"taxonomy":"post_tag","embeddable":true,"href":"https:\/\/www.padreeustaquio.com.br\/es\/wp-json\/wp\/v2\/tags?post=3021"}],"curies":[{"name":"wp","href":"https:\/\/api.w.org\/{rel}","templated":true}]}}