{"id":3018,"date":"2019-02-11T21:34:55","date_gmt":"2019-02-11T23:34:55","guid":{"rendered":"http:\/\/br606.teste.website\/~padre078\/padreeustaquio.com.br\/?p=3018"},"modified":"2019-08-21T21:35:31","modified_gmt":"2019-08-22T00:35:31","slug":"el-agua-bendita-de-la-gruta-de-poa-donde-surgieron-los-primeros-relatos-de-milagros","status":"publish","type":"post","link":"https:\/\/www.padreeustaquio.com.br\/es\/el-agua-bendita-de-la-gruta-de-poa-donde-surgieron-los-primeros-relatos-de-milagros\/","title":{"rendered":"El agua bendita de la Gruta de Po\u00e1, donde surgieron los primeros relatos de milagros."},"content":{"rendered":"<p>La estancia del Padre Eust\u00e1quio en Po\u00e1, S\u00e3o Paulo, est\u00e1 marcada por varios acontecimientos importantes. Uno de ellos, que data de 1936, es la construcci\u00f3n de la Gruta de Nuestra Se\u00f1ora de Lourdes (r\u00e9plica de la que se encuentra en Francia). De este lugar provienen las noticias de los primeros milagros atribuidos a la intercesi\u00f3n del religioso. Vea lo que relata un extracto del libro \u2018El Vicario de Po\u00e1\u2019, del Padre Ven\u00e2ncio Hullselmans:<\/p>\n<p>\u2018Entre la enorme cantidad de equipaje que trajo de sus vacaciones en Holanda, hab\u00eda tambi\u00e9n una jarra que conten\u00eda el preciado l\u00edquido que tanto anhelaba: la aut\u00e9ntica Agua de Lourdes.<br \/>\n\u00a1Esper\u00f3 hasta que la nueva casa estuviera terminada y la gruta construida para comenzar la campa\u00f1a!<br \/>\nVerti\u00f3 la mitad de la jarra en el tanque que estaba detr\u00e1s de la gruta, mezclando el Agua de Lourdes con agua com\u00fan (...)&#039;\u2019<\/p>\n<p>\u2018Los habitantes de Po\u00e1 emprendieron una peque\u00f1a peregrinaci\u00f3n, buscando religiosamente agua del grifo de la gruta. Ten\u00eda que ser agua milagrosa, porque lo que dec\u00eda el padre Eust\u00e1quio no pod\u00eda ser mentira.<br \/>\nSin embargo, los efectos de esta agua de Lourdes no fueron muy alentadores (\u2026)&#039;\u2019<\/p>\n<p>\u2018Finalmente, despu\u00e9s de dos a\u00f1os de mezclar, \u00e9l mismo tuvo escr\u00fapulos sobre la autenticidad del agua y, para no dejar a la gente con la ilusi\u00f3n de que buscaban agua milagrosa, anunci\u00f3 en la iglesia que el agua de Lourdes se hab\u00eda agotado, pero que \u00e9l, personalmente, bendecir\u00eda el agua del tanque para que pudieran seguir busc\u00e1ndola, pues era agua bendita.<br \/>\nPara su gran asombro, esta agua logr\u00f3 lo que la otra nunca hab\u00eda podido. Le trajo una verdadera peregrinaci\u00f3n, y no solo en Po\u00e1, sino por toda la regi\u00f3n circundante, la fama del agua se extendi\u00f3 como si fuera milagrosa.\u2019<\/p>","protected":false},"excerpt":{"rendered":"<p>A passagem de Padre Eust\u00e1quio por Po\u00e1-SP, \u00e9 marcada por diversos fatos importantes. Um deles, datado de 1936, \u00e9 a constru\u00e7\u00e3o da Gruta de Nossa Senhora de Lourdes (uma r\u00e9plica da que est\u00e1 localizada na Fran\u00e7a). \u00c9 deste lugar de onde se t\u00eam as not\u00edcias dos primeiros milagres atribu\u00eddos \u00e0 intercess\u00e3o do religioso. Veja o que conta um trecho do livro &#8216;O Vig\u00e1rio de Po\u00e1&#8217;, do padre Ven\u00e2ncio Hullselmans: &#8216;Entre a enorme quantidade de bagagem que trouxe das f\u00e9rias na Holanda, achava-se tamb\u00e9m um garraf\u00e3o com o l\u00edquido precioso t\u00e3o almejado: verdadeira \u00c1gua-de-Lourdes. Esperou o acabamento da casa nova e [&hellip;]<\/p>\n","protected":false},"author":6,"featured_media":3019,"comment_status":"closed","ping_status":"open","sticky":false,"template":"","format":"standard","meta":{"_acf_changed":false,"footnotes":""},"categories":[611],"tags":[],"class_list":["post-3018","post","type-post","status-publish","format-standard","has-post-thumbnail","hentry","category-noticias"],"acf":[],"yoast_head":"<!-- This site is optimized with the Yoast SEO plugin v27.2 - https:\/\/yoast.com\/product\/yoast-seo-wordpress\/ -->\n<title>A \u00e1gua benta da Gruta de Po\u00e1, de onde surgiram os primeiros relatos de milagres - Padre Eust\u00e1quio<\/title>\n<meta name=\"robots\" content=\"index, follow, max-snippet:-1, max-image-preview:large, max-video-preview:-1\" \/>\n<link rel=\"canonical\" href=\"https:\/\/www.padreeustaquio.com.br\/es\/el-agua-bendita-de-la-gruta-de-poa-donde-surgieron-los-primeros-relatos-de-milagros\/\" \/>\n<meta property=\"og:locale\" content=\"es_ES\" \/>\n<meta property=\"og:type\" content=\"article\" \/>\n<meta property=\"og:title\" content=\"A \u00e1gua benta da Gruta de Po\u00e1, de onde surgiram os primeiros relatos de milagres - Padre Eust\u00e1quio\" \/>\n<meta property=\"og:description\" content=\"A passagem de Padre Eust\u00e1quio por Po\u00e1-SP, \u00e9 marcada por diversos fatos importantes. Um deles, datado de 1936, \u00e9 a constru\u00e7\u00e3o da Gruta de Nossa Senhora de Lourdes (uma r\u00e9plica da que est\u00e1 localizada na Fran\u00e7a). \u00c9 deste lugar de onde se t\u00eam as not\u00edcias dos primeiros milagres atribu\u00eddos \u00e0 intercess\u00e3o do religioso. Veja o que conta um trecho do livro &#8216;O Vig\u00e1rio de Po\u00e1&#8217;, do padre Ven\u00e2ncio Hullselmans: &#8216;Entre a enorme quantidade de bagagem que trouxe das f\u00e9rias na Holanda, achava-se tamb\u00e9m um garraf\u00e3o com o l\u00edquido precioso t\u00e3o almejado: verdadeira \u00c1gua-de-Lourdes. Esperou o acabamento da casa nova e [&hellip;]\" \/>\n<meta property=\"og:url\" content=\"https:\/\/www.padreeustaquio.com.br\/es\/el-agua-bendita-de-la-gruta-de-poa-donde-surgieron-los-primeros-relatos-de-milagros\/\" \/>\n<meta property=\"og:site_name\" content=\"Padre Eust\u00e1quio\" \/>\n<meta property=\"article:publisher\" content=\"https:\/\/www.facebook.com\/beatopadreeustaquio\/\" \/>\n<meta property=\"article:published_time\" content=\"2019-02-11T23:34:55+00:00\" \/>\n<meta property=\"article:modified_time\" content=\"2019-08-22T00:35:31+00:00\" \/>\n<meta property=\"og:image\" content=\"https:\/\/www.padreeustaquio.com.br\/wp-content\/uploads\/2019\/08\/92B3C5A2-6B1A-4F31-A9C8-A63745B9E148_SITE-Gruta.jpg\" \/>\n\t<meta property=\"og:image:width\" content=\"945\" \/>\n\t<meta property=\"og:image:height\" content=\"866\" \/>\n\t<meta property=\"og:image:type\" content=\"image\/jpeg\" \/>\n<meta name=\"author\" content=\"sscc\" \/>\n<meta name=\"twitter:card\" content=\"summary_large_image\" \/>\n<meta name=\"twitter:creator\" content=\"@beatopeustaquio\" \/>\n<meta name=\"twitter:site\" content=\"@beatopeustaquio\" \/>\n<meta name=\"twitter:label1\" content=\"Escrito por\" \/>\n\t<meta name=\"twitter:data1\" content=\"sscc\" \/>\n\t<meta name=\"twitter:label2\" content=\"Tiempo de lectura\" \/>\n\t<meta name=\"twitter:data2\" content=\"1 minuto\" \/>\n<script type=\"application\/ld+json\" class=\"yoast-schema-graph\">{\"@context\":\"https:\/\/schema.org\",\"@graph\":[{\"@type\":\"Article\",\"@id\":\"https:\/\/www.padreeustaquio.com.br\/a-agua-benta-da-gruta-de-poa-de-onde-surgiram-os-primeiros-relatos-de-milagres\/#article\",\"isPartOf\":{\"@id\":\"https:\/\/www.padreeustaquio.com.br\/a-agua-benta-da-gruta-de-poa-de-onde-surgiram-os-primeiros-relatos-de-milagres\/\"},\"author\":{\"name\":\"sscc\",\"@id\":\"https:\/\/www.padreeustaquio.com.br\/#\/schema\/person\/1bbfe7b959f00a655f8ecb6cb8f3ce87\"},\"headline\":\"A \u00e1gua benta da Gruta de Po\u00e1, de onde surgiram os primeiros relatos de milagres\",\"datePublished\":\"2019-02-11T23:34:55+00:00\",\"dateModified\":\"2019-08-22T00:35:31+00:00\",\"mainEntityOfPage\":{\"@id\":\"https:\/\/www.padreeustaquio.com.br\/a-agua-benta-da-gruta-de-poa-de-onde-surgiram-os-primeiros-relatos-de-milagres\/\"},\"wordCount\":293,\"publisher\":{\"@id\":\"https:\/\/www.padreeustaquio.com.br\/#organization\"},\"image\":{\"@id\":\"https:\/\/www.padreeustaquio.com.br\/a-agua-benta-da-gruta-de-poa-de-onde-surgiram-os-primeiros-relatos-de-milagres\/#primaryimage\"},\"thumbnailUrl\":\"https:\/\/www.padreeustaquio.com.br\/wp-content\/uploads\/2019\/08\/92B3C5A2-6B1A-4F31-A9C8-A63745B9E148_SITE-Gruta.jpg\",\"articleSection\":[\"Not\u00edcias\"],\"inLanguage\":\"es\"},{\"@type\":\"WebPage\",\"@id\":\"https:\/\/www.padreeustaquio.com.br\/a-agua-benta-da-gruta-de-poa-de-onde-surgiram-os-primeiros-relatos-de-milagres\/\",\"url\":\"https:\/\/www.padreeustaquio.com.br\/a-agua-benta-da-gruta-de-poa-de-onde-surgiram-os-primeiros-relatos-de-milagres\/\",\"name\":\"A \u00e1gua benta da Gruta de Po\u00e1, de onde surgiram os primeiros relatos de milagres - Padre Eust\u00e1quio\",\"isPartOf\":{\"@id\":\"https:\/\/www.padreeustaquio.com.br\/#website\"},\"primaryImageOfPage\":{\"@id\":\"https:\/\/www.padreeustaquio.com.br\/a-agua-benta-da-gruta-de-poa-de-onde-surgiram-os-primeiros-relatos-de-milagres\/#primaryimage\"},\"image\":{\"@id\":\"https:\/\/www.padreeustaquio.com.br\/a-agua-benta-da-gruta-de-poa-de-onde-surgiram-os-primeiros-relatos-de-milagres\/#primaryimage\"},\"thumbnailUrl\":\"https:\/\/www.padreeustaquio.com.br\/wp-content\/uploads\/2019\/08\/92B3C5A2-6B1A-4F31-A9C8-A63745B9E148_SITE-Gruta.jpg\",\"datePublished\":\"2019-02-11T23:34:55+00:00\",\"dateModified\":\"2019-08-22T00:35:31+00:00\",\"breadcrumb\":{\"@id\":\"https:\/\/www.padreeustaquio.com.br\/a-agua-benta-da-gruta-de-poa-de-onde-surgiram-os-primeiros-relatos-de-milagres\/#breadcrumb\"},\"inLanguage\":\"es\",\"potentialAction\":[{\"@type\":\"ReadAction\",\"target\":[\"https:\/\/www.padreeustaquio.com.br\/a-agua-benta-da-gruta-de-poa-de-onde-surgiram-os-primeiros-relatos-de-milagres\/\"]}]},{\"@type\":\"ImageObject\",\"inLanguage\":\"es\",\"@id\":\"https:\/\/www.padreeustaquio.com.br\/a-agua-benta-da-gruta-de-poa-de-onde-surgiram-os-primeiros-relatos-de-milagres\/#primaryimage\",\"url\":\"https:\/\/www.padreeustaquio.com.br\/wp-content\/uploads\/2019\/08\/92B3C5A2-6B1A-4F31-A9C8-A63745B9E148_SITE-Gruta.jpg\",\"contentUrl\":\"https:\/\/www.padreeustaquio.com.br\/wp-content\/uploads\/2019\/08\/92B3C5A2-6B1A-4F31-A9C8-A63745B9E148_SITE-Gruta.jpg\",\"width\":945,\"height\":866},{\"@type\":\"BreadcrumbList\",\"@id\":\"https:\/\/www.padreeustaquio.com.br\/a-agua-benta-da-gruta-de-poa-de-onde-surgiram-os-primeiros-relatos-de-milagres\/#breadcrumb\",\"itemListElement\":[{\"@type\":\"ListItem\",\"position\":1,\"name\":\"In\u00edcio\",\"item\":\"https:\/\/www.padreeustaquio.com.br\/\"},{\"@type\":\"ListItem\",\"position\":2,\"name\":\"A \u00e1gua benta da Gruta de Po\u00e1, de onde surgiram os primeiros relatos de milagres\"}]},{\"@type\":\"WebSite\",\"@id\":\"https:\/\/www.padreeustaquio.com.br\/#website\",\"url\":\"https:\/\/www.padreeustaquio.com.br\/\",\"name\":\"Padre Eust\u00e1quio\",\"description\":\"Sa\u00fade e Paz\",\"publisher\":{\"@id\":\"https:\/\/www.padreeustaquio.com.br\/#organization\"},\"potentialAction\":[{\"@type\":\"SearchAction\",\"target\":{\"@type\":\"EntryPoint\",\"urlTemplate\":\"https:\/\/www.padreeustaquio.com.br\/?s={search_term_string}\"},\"query-input\":{\"@type\":\"PropertyValueSpecification\",\"valueRequired\":true,\"valueName\":\"search_term_string\"}}],\"inLanguage\":\"es\"},{\"@type\":\"Organization\",\"@id\":\"https:\/\/www.padreeustaquio.com.br\/#organization\",\"name\":\"Padre Eust\u00e1quio\",\"url\":\"https:\/\/www.padreeustaquio.com.br\/\",\"logo\":{\"@type\":\"ImageObject\",\"inLanguage\":\"es\",\"@id\":\"https:\/\/www.padreeustaquio.com.br\/#\/schema\/logo\/image\/\",\"url\":\"https:\/\/www.padreeustaquio.com.br\/wp-content\/uploads\/2019\/08\/marca.png\",\"contentUrl\":\"https:\/\/www.padreeustaquio.com.br\/wp-content\/uploads\/2019\/08\/marca.png\",\"width\":350,\"height\":400,\"caption\":\"Padre Eust\u00e1quio\"},\"image\":{\"@id\":\"https:\/\/www.padreeustaquio.com.br\/#\/schema\/logo\/image\/\"},\"sameAs\":[\"https:\/\/www.facebook.com\/beatopadreeustaquio\/\",\"https:\/\/x.com\/beatopeustaquio\",\"https:\/\/www.instagram.com\/beatopadreeustaquio\/\",\"https:\/\/www.youtube.com\/channel\/UCRhw7vfabnajwLxb1ZXMeIw\"]},{\"@type\":\"Person\",\"@id\":\"https:\/\/www.padreeustaquio.com.br\/#\/schema\/person\/1bbfe7b959f00a655f8ecb6cb8f3ce87\",\"name\":\"sscc\",\"image\":{\"@type\":\"ImageObject\",\"inLanguage\":\"es\",\"@id\":\"https:\/\/secure.gravatar.com\/avatar\/edddec27f012d36cfa3fce966238219942e4659e87f27ef7b5704f0db7007bec?s=96&d=mm&r=g\",\"url\":\"https:\/\/secure.gravatar.com\/avatar\/edddec27f012d36cfa3fce966238219942e4659e87f27ef7b5704f0db7007bec?s=96&d=mm&r=g\",\"contentUrl\":\"https:\/\/secure.gravatar.com\/avatar\/edddec27f012d36cfa3fce966238219942e4659e87f27ef7b5704f0db7007bec?s=96&d=mm&r=g\",\"caption\":\"sscc\"},\"url\":\"https:\/\/www.padreeustaquio.com.br\/es\/author\/userpde\/\"}]}<\/script>\n<!-- \/ Yoast SEO plugin. -->","yoast_head_json":{"title":"El agua bendita de la Gruta de Po\u00e1, donde surgieron los primeros relatos de milagros - Padre Eust\u00e1quio","robots":{"index":"index","follow":"follow","max-snippet":"max-snippet:-1","max-image-preview":"max-image-preview:large","max-video-preview":"max-video-preview:-1"},"canonical":"https:\/\/www.padreeustaquio.com.br\/es\/el-agua-bendita-de-la-gruta-de-poa-donde-surgieron-los-primeros-relatos-de-milagros\/","og_locale":"es_ES","og_type":"article","og_title":"A \u00e1gua benta da Gruta de Po\u00e1, de onde surgiram os primeiros relatos de milagres - Padre Eust\u00e1quio","og_description":"A passagem de Padre Eust\u00e1quio por Po\u00e1-SP, \u00e9 marcada por diversos fatos importantes. Um deles, datado de 1936, \u00e9 a constru\u00e7\u00e3o da Gruta de Nossa Senhora de Lourdes (uma r\u00e9plica da que est\u00e1 localizada na Fran\u00e7a). \u00c9 deste lugar de onde se t\u00eam as not\u00edcias dos primeiros milagres atribu\u00eddos \u00e0 intercess\u00e3o do religioso. Veja o que conta um trecho do livro &#8216;O Vig\u00e1rio de Po\u00e1&#8217;, do padre Ven\u00e2ncio Hullselmans: &#8216;Entre a enorme quantidade de bagagem que trouxe das f\u00e9rias na Holanda, achava-se tamb\u00e9m um garraf\u00e3o com o l\u00edquido precioso t\u00e3o almejado: verdadeira \u00c1gua-de-Lourdes. Esperou o acabamento da casa nova e [&hellip;]","og_url":"https:\/\/www.padreeustaquio.com.br\/es\/el-agua-bendita-de-la-gruta-de-poa-donde-surgieron-los-primeros-relatos-de-milagros\/","og_site_name":"Padre Eust\u00e1quio","article_publisher":"https:\/\/www.facebook.com\/beatopadreeustaquio\/","article_published_time":"2019-02-11T23:34:55+00:00","article_modified_time":"2019-08-22T00:35:31+00:00","og_image":[{"width":945,"height":866,"url":"https:\/\/www.padreeustaquio.com.br\/wp-content\/uploads\/2019\/08\/92B3C5A2-6B1A-4F31-A9C8-A63745B9E148_SITE-Gruta.jpg","type":"image\/jpeg"}],"author":"sscc","twitter_card":"summary_large_image","twitter_creator":"@beatopeustaquio","twitter_site":"@beatopeustaquio","twitter_misc":{"Escrito por":"sscc","Tiempo de lectura":"1 minuto"},"schema":{"@context":"https:\/\/schema.org","@graph":[{"@type":"Article","@id":"https:\/\/www.padreeustaquio.com.br\/a-agua-benta-da-gruta-de-poa-de-onde-surgiram-os-primeiros-relatos-de-milagres\/#article","isPartOf":{"@id":"https:\/\/www.padreeustaquio.com.br\/a-agua-benta-da-gruta-de-poa-de-onde-surgiram-os-primeiros-relatos-de-milagres\/"},"author":{"name":"sscc","@id":"https:\/\/www.padreeustaquio.com.br\/#\/schema\/person\/1bbfe7b959f00a655f8ecb6cb8f3ce87"},"headline":"A \u00e1gua benta da Gruta de Po\u00e1, de onde surgiram os primeiros relatos de milagres","datePublished":"2019-02-11T23:34:55+00:00","dateModified":"2019-08-22T00:35:31+00:00","mainEntityOfPage":{"@id":"https:\/\/www.padreeustaquio.com.br\/a-agua-benta-da-gruta-de-poa-de-onde-surgiram-os-primeiros-relatos-de-milagres\/"},"wordCount":293,"publisher":{"@id":"https:\/\/www.padreeustaquio.com.br\/#organization"},"image":{"@id":"https:\/\/www.padreeustaquio.com.br\/a-agua-benta-da-gruta-de-poa-de-onde-surgiram-os-primeiros-relatos-de-milagres\/#primaryimage"},"thumbnailUrl":"https:\/\/www.padreeustaquio.com.br\/wp-content\/uploads\/2019\/08\/92B3C5A2-6B1A-4F31-A9C8-A63745B9E148_SITE-Gruta.jpg","articleSection":["Not\u00edcias"],"inLanguage":"es"},{"@type":"WebPage","@id":"https:\/\/www.padreeustaquio.com.br\/a-agua-benta-da-gruta-de-poa-de-onde-surgiram-os-primeiros-relatos-de-milagres\/","url":"https:\/\/www.padreeustaquio.com.br\/a-agua-benta-da-gruta-de-poa-de-onde-surgiram-os-primeiros-relatos-de-milagres\/","name":"El agua bendita de la Gruta de Po\u00e1, donde surgieron los primeros relatos de milagros - Padre Eust\u00e1quio","isPartOf":{"@id":"https:\/\/www.padreeustaquio.com.br\/#website"},"primaryImageOfPage":{"@id":"https:\/\/www.padreeustaquio.com.br\/a-agua-benta-da-gruta-de-poa-de-onde-surgiram-os-primeiros-relatos-de-milagres\/#primaryimage"},"image":{"@id":"https:\/\/www.padreeustaquio.com.br\/a-agua-benta-da-gruta-de-poa-de-onde-surgiram-os-primeiros-relatos-de-milagres\/#primaryimage"},"thumbnailUrl":"https:\/\/www.padreeustaquio.com.br\/wp-content\/uploads\/2019\/08\/92B3C5A2-6B1A-4F31-A9C8-A63745B9E148_SITE-Gruta.jpg","datePublished":"2019-02-11T23:34:55+00:00","dateModified":"2019-08-22T00:35:31+00:00","breadcrumb":{"@id":"https:\/\/www.padreeustaquio.com.br\/a-agua-benta-da-gruta-de-poa-de-onde-surgiram-os-primeiros-relatos-de-milagres\/#breadcrumb"},"inLanguage":"es","potentialAction":[{"@type":"ReadAction","target":["https:\/\/www.padreeustaquio.com.br\/a-agua-benta-da-gruta-de-poa-de-onde-surgiram-os-primeiros-relatos-de-milagres\/"]}]},{"@type":"ImageObject","inLanguage":"es","@id":"https:\/\/www.padreeustaquio.com.br\/a-agua-benta-da-gruta-de-poa-de-onde-surgiram-os-primeiros-relatos-de-milagres\/#primaryimage","url":"https:\/\/www.padreeustaquio.com.br\/wp-content\/uploads\/2019\/08\/92B3C5A2-6B1A-4F31-A9C8-A63745B9E148_SITE-Gruta.jpg","contentUrl":"https:\/\/www.padreeustaquio.com.br\/wp-content\/uploads\/2019\/08\/92B3C5A2-6B1A-4F31-A9C8-A63745B9E148_SITE-Gruta.jpg","width":945,"height":866},{"@type":"BreadcrumbList","@id":"https:\/\/www.padreeustaquio.com.br\/a-agua-benta-da-gruta-de-poa-de-onde-surgiram-os-primeiros-relatos-de-milagres\/#breadcrumb","itemListElement":[{"@type":"ListItem","position":1,"name":"In\u00edcio","item":"https:\/\/www.padreeustaquio.com.br\/"},{"@type":"ListItem","position":2,"name":"A \u00e1gua benta da Gruta de Po\u00e1, de onde surgiram os primeiros relatos de milagres"}]},{"@type":"WebSite","@id":"https:\/\/www.padreeustaquio.com.br\/#website","url":"https:\/\/www.padreeustaquio.com.br\/","name":"Padre Eustace","description":"Salud y Paz","publisher":{"@id":"https:\/\/www.padreeustaquio.com.br\/#organization"},"potentialAction":[{"@type":"SearchAction","target":{"@type":"EntryPoint","urlTemplate":"https:\/\/www.padreeustaquio.com.br\/?s={search_term_string}"},"query-input":{"@type":"PropertyValueSpecification","valueRequired":true,"valueName":"search_term_string"}}],"inLanguage":"es"},{"@type":"Organization","@id":"https:\/\/www.padreeustaquio.com.br\/#organization","name":"Padre Eustace","url":"https:\/\/www.padreeustaquio.com.br\/","logo":{"@type":"ImageObject","inLanguage":"es","@id":"https:\/\/www.padreeustaquio.com.br\/#\/schema\/logo\/image\/","url":"https:\/\/www.padreeustaquio.com.br\/wp-content\/uploads\/2019\/08\/marca.png","contentUrl":"https:\/\/www.padreeustaquio.com.br\/wp-content\/uploads\/2019\/08\/marca.png","width":350,"height":400,"caption":"Padre Eust\u00e1quio"},"image":{"@id":"https:\/\/www.padreeustaquio.com.br\/#\/schema\/logo\/image\/"},"sameAs":["https:\/\/www.facebook.com\/beatopadreeustaquio\/","https:\/\/x.com\/beatopeustaquio","https:\/\/www.instagram.com\/beatopadreeustaquio\/","https:\/\/www.youtube.com\/channel\/UCRhw7vfabnajwLxb1ZXMeIw"]},{"@type":"Person","@id":"https:\/\/www.padreeustaquio.com.br\/#\/schema\/person\/1bbfe7b959f00a655f8ecb6cb8f3ce87","name":"escuela secundaria","image":{"@type":"ImageObject","inLanguage":"es","@id":"https:\/\/secure.gravatar.com\/avatar\/edddec27f012d36cfa3fce966238219942e4659e87f27ef7b5704f0db7007bec?s=96&d=mm&r=g","url":"https:\/\/secure.gravatar.com\/avatar\/edddec27f012d36cfa3fce966238219942e4659e87f27ef7b5704f0db7007bec?s=96&d=mm&r=g","contentUrl":"https:\/\/secure.gravatar.com\/avatar\/edddec27f012d36cfa3fce966238219942e4659e87f27ef7b5704f0db7007bec?s=96&d=mm&r=g","caption":"sscc"},"url":"https:\/\/www.padreeustaquio.com.br\/es\/author\/userpde\/"}]}},"_links":{"self":[{"href":"https:\/\/www.padreeustaquio.com.br\/es\/wp-json\/wp\/v2\/posts\/3018","targetHints":{"allow":["GET"]}}],"collection":[{"href":"https:\/\/www.padreeustaquio.com.br\/es\/wp-json\/wp\/v2\/posts"}],"about":[{"href":"https:\/\/www.padreeustaquio.com.br\/es\/wp-json\/wp\/v2\/types\/post"}],"author":[{"embeddable":true,"href":"https:\/\/www.padreeustaquio.com.br\/es\/wp-json\/wp\/v2\/users\/6"}],"replies":[{"embeddable":true,"href":"https:\/\/www.padreeustaquio.com.br\/es\/wp-json\/wp\/v2\/comments?post=3018"}],"version-history":[{"count":0,"href":"https:\/\/www.padreeustaquio.com.br\/es\/wp-json\/wp\/v2\/posts\/3018\/revisions"}],"wp:featuredmedia":[{"embeddable":true,"href":"https:\/\/www.padreeustaquio.com.br\/es\/wp-json\/wp\/v2\/media\/3019"}],"wp:attachment":[{"href":"https:\/\/www.padreeustaquio.com.br\/es\/wp-json\/wp\/v2\/media?parent=3018"}],"wp:term":[{"taxonomy":"category","embeddable":true,"href":"https:\/\/www.padreeustaquio.com.br\/es\/wp-json\/wp\/v2\/categories?post=3018"},{"taxonomy":"post_tag","embeddable":true,"href":"https:\/\/www.padreeustaquio.com.br\/es\/wp-json\/wp\/v2\/tags?post=3018"}],"curies":[{"name":"wp","href":"https:\/\/api.w.org\/{rel}","templated":true}]}}