{"id":3014,"date":"2018-12-27T21:28:56","date_gmt":"2018-12-27T23:28:56","guid":{"rendered":"http:\/\/br606.teste.website\/~padre078\/padreeustaquio.com.br\/?p=3014"},"modified":"2019-08-21T21:32:38","modified_gmt":"2019-08-22T00:32:38","slug":"el-arzobispo-de-vitoria-dom-luiz-mancilha-sscc-celebra-50-anos-de-sacerdocio","status":"publish","type":"post","link":"https:\/\/www.padreeustaquio.com.br\/es\/el-arzobispo-de-vitoria-dom-luiz-mancilha-sscc-celebra-50-anos-de-sacerdocio\/","title":{"rendered":"Arzobispo de Vit\u00f3ria-ES, Dom Luiz Mancilha, sscc, celebra 50 a\u00f1os de sacerdocio."},"content":{"rendered":"<p><img fetchpriority=\"high\" decoding=\"async\" class=\"alignleft wp-image-3016\" src=\"http:\/\/br606.teste.website\/~padre078\/padreeustaquio.com.br\/wp-content\/uploads\/2019\/08\/023.jpg\" alt=\"\" width=\"300\" height=\"285\" srcset=\"https:\/\/www.padreeustaquio.com.br\/wp-content\/uploads\/2019\/08\/023.jpg 620w, https:\/\/www.padreeustaquio.com.br\/wp-content\/uploads\/2019\/08\/023-300x285.jpg 300w\" sizes=\"(max-width: 300px) 100vw, 300px\" \/>Con la imagen de un jardinero cuidando un jard\u00edn, el obispo Luiz agradeci\u00f3 sus 50 a\u00f1os de servicio sacerdotal a Dios en la Iglesia, durante la celebraci\u00f3n eucar\u00edstica que presidi\u00f3 en la Catedral de Vit\u00f3ria el pasado s\u00e1bado 22 de diciembre. El texto fue le\u00eddo por el obispo Luiz al final de la misa, a la que asistieron los obispos Jos\u00e9 Geraldo y Odilon Guimar\u00e3es, quienes tambi\u00e9n celebraron 50 a\u00f1os de sacerdocio; los obispos M\u00e1rio Marquez, Joaquim Wladimir Lopes Dias y Rubens Sevilha, obispos auxiliares del obispo Luiz en esta Arquidi\u00f3cesis; el obispo Paulo Dal&#039;B\u00f3 de S\u00e3o Mateus; los obispos Geraldo Lyrio Rocha, Aldo Gerna y D\u00e9cio Zandonade, obispos em\u00e9ritos; sacerdotes de la Arquidi\u00f3cesis de Vit\u00f3ria; y algunos de las di\u00f3cesis de la Provincia Eclesi\u00e1stica de Esp\u00edrito Santo.<\/p>\n<p>En la celebraci\u00f3n tambi\u00e9n estuvieron presentes el Vicepostulador de la Causa de Canonizaci\u00f3n del Padre Eust\u00e1quio, Padre Marcus Vin\u00edcius Maciel, SSCC, y otros religiosos de la Congregaci\u00f3n de los Sagrados Corazones, a la que pertenece Mons. Luiz.<\/p>\n<p>Dom Luiz Mancilha expres\u00f3 simb\u00f3licamente sus sentimientos en este momento, al dejar tambi\u00e9n el gobierno de la Arquidi\u00f3cesis y convertirse en Obispo Em\u00e9rito, afirmando que vivi\u00f3 su sacerdocio cuidando a los fieles como un jardinero cuida su jard\u00edn: perfeccionando t\u00e9cnicas para preparar la tierra, seleccionar las semillas, comprender los cambios clim\u00e1ticos y las estaciones del a\u00f1o para que la diversidad de flores crezca y se desarrolle. Para concluir, Dom Luiz rez\u00f3 la siguiente oraci\u00f3n:<\/p>\n<p><em>Jes\u00fas, mi ilustre Jardinero Resucitado! \u00a1Creo! Por tu cruz derramaste tu Sangre Redentora\u2026 Para el perd\u00f3n de mis pecados y de toda la humanidad\u2026 Jes\u00fas, ilustre Jardinero Resucitado! Por el Santo Bautismo fui sumergido en la sangre de Tu Cruz Redentora\u2026 \u00a1Creo! \u00a1Vivo por tu Cruz! Me llamaste a llevar Tu Cruz Redentora contigo\u2026 Me hiciste tu jardinero para cuidar tu jard\u00edn. Te agradezco mucho tu cari\u00f1o, tanto amor por m\u00ed\u2026 \u00a1Cincuenta a\u00f1os de jardiner\u00eda\u2026! \u00a1Jes\u00fas, ilustre Jardinero Resucitado! \u00a1Conc\u00e9deme, por tu Esp\u00edritu, fuerza y perseverancia hasta el final! \u00a1Gracias, Se\u00f1or! Te pido perd\u00f3n si no he cuidado bien tu jard\u00edn\u2026 Pero, junto con el perd\u00f3n, humildemente te pido que aceptes mi pobre vida, entregada por completo a tu servicio\u2026 Acepta esta pobre vida, completamente ofrecida a tu Padre, nuestro Padre\u2026 Pongo mi coraz\u00f3n contigo en el Coraz\u00f3n del Padre, Nuestro Padre. Bienvenido este peregrino y jardinero\u2026 \u00a1Creo! Vivo para tu cruz, contigo en tu cruz\u2026 Que mi \u00faltimo aliento en tu jard\u00edn sea un soplo de esperanza y paz\u2026 Soy un humilde y pobre jardinero\u2026 Te pido a tu Madre y Madre nuestra, Madre del Jard\u00edn: Ac\u00e9rcame a tu Coraz\u00f3n y a tu Abrazo Maternal\u2026 C\u00fabreme con tu manto misericordioso\u2026 Soy un jardinero sencillo y pobre\u2026 Jardinero del jard\u00edn del Padre Amoroso. \u00a1Am\u00e9n!<\/em><\/p>\n<p>Familiares y amigos estuvieron presentes. El Padre Jorge Campos, Vicario General y Rector del Seminario, pronunci\u00f3 la homil\u00eda, hablando del significado de la misi\u00f3n sacerdotal y la importancia de proclamar a Jesucristo. El Padre Robson Pratti, en nombre del clero de la Arquidi\u00f3cesis, habl\u00f3 sobre la historia de Dom Luiz y los momentos m\u00e1s destacados de su misi\u00f3n a lo largo de estos 50 a\u00f1os: la formaci\u00f3n de seminaristas y cl\u00e9rigos, la construcci\u00f3n del edificio del Centro de Estudios, proyectos pastorales, entre otros. Tras la celebraci\u00f3n, se celebr\u00f3 un encuentro en el Centro de Formaci\u00f3n con obispos, sacerdotes, seminaristas, empleados de la Arquidi\u00f3cesis, familiares y amigos.<\/p>\n<p>En la foto: Miembros de la Congregaci\u00f3n de los Sagrados Corazones: Laicos de la Rama Secular, Religiosas, Hermanos Religiosos y Sacerdotes, junto a Mons. Luiz Mancilha Vilela.<\/p>\n<p>Fuente: Archidi\u00f3cesis de Vit\u00f3ria, Esp\u00edrito Santo (texto con adaptaciones)<\/p>","protected":false},"excerpt":{"rendered":"<p>Com a imagem do jardineiro que cuida do jardim, Dom Luiz agradeceu pelos 50 anos de padre a servi\u00e7o de Deus na Igreja, em Celebra\u00e7\u00e3o Eucar\u00edstica presidida por ele na Catedral de Vit\u00f3ria, no \u00faltimo s\u00e1bado, dia 22 de Dezembro. O texto foi lido por Dom Luiz no final da Missa que contou com a presen\u00e7a de Dom Jos\u00e9 Geraldo e Dom Odilon Guimar\u00e3es, que tamb\u00e9m celebram 50 anos de sacerd\u00f3cio, Dom M\u00e1rio Marquez, Dom Joaquim Wladimir Lopes Dias e Dom Rubens Sevilha que foram bispos auxiliares de Dom Luiz nesta Arquidiocese, Dom Paulo Dal\u2019B\u00f3 bispo de S\u00e3o Mateus, Dom [&hellip;]<\/p>\n","protected":false},"author":6,"featured_media":3015,"comment_status":"closed","ping_status":"open","sticky":false,"template":"","format":"standard","meta":{"_acf_changed":false,"footnotes":""},"categories":[611],"tags":[],"class_list":["post-3014","post","type-post","status-publish","format-standard","has-post-thumbnail","hentry","category-noticias"],"acf":[],"yoast_head":"<!-- This site is optimized with the Yoast SEO plugin v27.2 - https:\/\/yoast.com\/product\/yoast-seo-wordpress\/ -->\n<title>Arcebispo de Vit\u00f3ria-ES, Dom Luiz Mancilha, sscc, celebra 50 anos de sacerd\u00f3cio - Padre Eust\u00e1quio<\/title>\n<meta name=\"robots\" content=\"index, follow, max-snippet:-1, max-image-preview:large, max-video-preview:-1\" \/>\n<link rel=\"canonical\" href=\"https:\/\/www.padreeustaquio.com.br\/es\/el-arzobispo-de-vitoria-dom-luiz-mancilha-sscc-celebra-50-anos-de-sacerdocio\/\" \/>\n<meta property=\"og:locale\" content=\"es_ES\" \/>\n<meta property=\"og:type\" content=\"article\" \/>\n<meta property=\"og:title\" content=\"Arcebispo de Vit\u00f3ria-ES, Dom Luiz Mancilha, sscc, celebra 50 anos de sacerd\u00f3cio - Padre Eust\u00e1quio\" \/>\n<meta property=\"og:description\" content=\"Com a imagem do jardineiro que cuida do jardim, Dom Luiz agradeceu pelos 50 anos de padre a servi\u00e7o de Deus na Igreja, em Celebra\u00e7\u00e3o Eucar\u00edstica presidida por ele na Catedral de Vit\u00f3ria, no \u00faltimo s\u00e1bado, dia 22 de Dezembro. O texto foi lido por Dom Luiz no final da Missa que contou com a presen\u00e7a de Dom Jos\u00e9 Geraldo e Dom Odilon Guimar\u00e3es, que tamb\u00e9m celebram 50 anos de sacerd\u00f3cio, Dom M\u00e1rio Marquez, Dom Joaquim Wladimir Lopes Dias e Dom Rubens Sevilha que foram bispos auxiliares de Dom Luiz nesta Arquidiocese, Dom Paulo Dal\u2019B\u00f3 bispo de S\u00e3o Mateus, Dom [&hellip;]\" \/>\n<meta property=\"og:url\" content=\"https:\/\/www.padreeustaquio.com.br\/es\/el-arzobispo-de-vitoria-dom-luiz-mancilha-sscc-celebra-50-anos-de-sacerdocio\/\" \/>\n<meta property=\"og:site_name\" content=\"Padre Eust\u00e1quio\" \/>\n<meta property=\"article:publisher\" content=\"https:\/\/www.facebook.com\/beatopadreeustaquio\/\" \/>\n<meta property=\"article:published_time\" content=\"2018-12-27T23:28:56+00:00\" \/>\n<meta property=\"article:modified_time\" content=\"2019-08-22T00:32:38+00:00\" \/>\n<meta property=\"og:image\" content=\"https:\/\/www.padreeustaquio.com.br\/wp-content\/uploads\/2019\/08\/022.jpg\" \/>\n\t<meta property=\"og:image:width\" content=\"620\" \/>\n\t<meta property=\"og:image:height\" content=\"352\" \/>\n\t<meta property=\"og:image:type\" content=\"image\/jpeg\" \/>\n<meta name=\"author\" content=\"sscc\" \/>\n<meta name=\"twitter:card\" content=\"summary_large_image\" \/>\n<meta name=\"twitter:creator\" content=\"@beatopeustaquio\" \/>\n<meta name=\"twitter:site\" content=\"@beatopeustaquio\" \/>\n<meta name=\"twitter:label1\" content=\"Escrito por\" \/>\n\t<meta name=\"twitter:data1\" content=\"sscc\" \/>\n\t<meta name=\"twitter:label2\" content=\"Tiempo de lectura\" \/>\n\t<meta name=\"twitter:data2\" content=\"3 minutos\" \/>\n<script type=\"application\/ld+json\" class=\"yoast-schema-graph\">{\"@context\":\"https:\/\/schema.org\",\"@graph\":[{\"@type\":\"Article\",\"@id\":\"https:\/\/www.padreeustaquio.com.br\/arcebispo-de-vitoria-es-dom-luiz-mancilha-sscc-celebra-50-anos-de-sacerdocio\/#article\",\"isPartOf\":{\"@id\":\"https:\/\/www.padreeustaquio.com.br\/arcebispo-de-vitoria-es-dom-luiz-mancilha-sscc-celebra-50-anos-de-sacerdocio\/\"},\"author\":{\"name\":\"sscc\",\"@id\":\"https:\/\/www.padreeustaquio.com.br\/#\/schema\/person\/1bbfe7b959f00a655f8ecb6cb8f3ce87\"},\"headline\":\"Arcebispo de Vit\u00f3ria-ES, Dom Luiz Mancilha, sscc, celebra 50 anos de sacerd\u00f3cio\",\"datePublished\":\"2018-12-27T23:28:56+00:00\",\"dateModified\":\"2019-08-22T00:32:38+00:00\",\"mainEntityOfPage\":{\"@id\":\"https:\/\/www.padreeustaquio.com.br\/arcebispo-de-vitoria-es-dom-luiz-mancilha-sscc-celebra-50-anos-de-sacerdocio\/\"},\"wordCount\":659,\"publisher\":{\"@id\":\"https:\/\/www.padreeustaquio.com.br\/#organization\"},\"image\":{\"@id\":\"https:\/\/www.padreeustaquio.com.br\/arcebispo-de-vitoria-es-dom-luiz-mancilha-sscc-celebra-50-anos-de-sacerdocio\/#primaryimage\"},\"thumbnailUrl\":\"https:\/\/www.padreeustaquio.com.br\/wp-content\/uploads\/2019\/08\/022.jpg\",\"articleSection\":[\"Not\u00edcias\"],\"inLanguage\":\"es\"},{\"@type\":\"WebPage\",\"@id\":\"https:\/\/www.padreeustaquio.com.br\/arcebispo-de-vitoria-es-dom-luiz-mancilha-sscc-celebra-50-anos-de-sacerdocio\/\",\"url\":\"https:\/\/www.padreeustaquio.com.br\/arcebispo-de-vitoria-es-dom-luiz-mancilha-sscc-celebra-50-anos-de-sacerdocio\/\",\"name\":\"Arcebispo de Vit\u00f3ria-ES, Dom Luiz Mancilha, sscc, celebra 50 anos de sacerd\u00f3cio - Padre Eust\u00e1quio\",\"isPartOf\":{\"@id\":\"https:\/\/www.padreeustaquio.com.br\/#website\"},\"primaryImageOfPage\":{\"@id\":\"https:\/\/www.padreeustaquio.com.br\/arcebispo-de-vitoria-es-dom-luiz-mancilha-sscc-celebra-50-anos-de-sacerdocio\/#primaryimage\"},\"image\":{\"@id\":\"https:\/\/www.padreeustaquio.com.br\/arcebispo-de-vitoria-es-dom-luiz-mancilha-sscc-celebra-50-anos-de-sacerdocio\/#primaryimage\"},\"thumbnailUrl\":\"https:\/\/www.padreeustaquio.com.br\/wp-content\/uploads\/2019\/08\/022.jpg\",\"datePublished\":\"2018-12-27T23:28:56+00:00\",\"dateModified\":\"2019-08-22T00:32:38+00:00\",\"breadcrumb\":{\"@id\":\"https:\/\/www.padreeustaquio.com.br\/arcebispo-de-vitoria-es-dom-luiz-mancilha-sscc-celebra-50-anos-de-sacerdocio\/#breadcrumb\"},\"inLanguage\":\"es\",\"potentialAction\":[{\"@type\":\"ReadAction\",\"target\":[\"https:\/\/www.padreeustaquio.com.br\/arcebispo-de-vitoria-es-dom-luiz-mancilha-sscc-celebra-50-anos-de-sacerdocio\/\"]}]},{\"@type\":\"ImageObject\",\"inLanguage\":\"es\",\"@id\":\"https:\/\/www.padreeustaquio.com.br\/arcebispo-de-vitoria-es-dom-luiz-mancilha-sscc-celebra-50-anos-de-sacerdocio\/#primaryimage\",\"url\":\"https:\/\/www.padreeustaquio.com.br\/wp-content\/uploads\/2019\/08\/022.jpg\",\"contentUrl\":\"https:\/\/www.padreeustaquio.com.br\/wp-content\/uploads\/2019\/08\/022.jpg\",\"width\":620,\"height\":352},{\"@type\":\"BreadcrumbList\",\"@id\":\"https:\/\/www.padreeustaquio.com.br\/arcebispo-de-vitoria-es-dom-luiz-mancilha-sscc-celebra-50-anos-de-sacerdocio\/#breadcrumb\",\"itemListElement\":[{\"@type\":\"ListItem\",\"position\":1,\"name\":\"In\u00edcio\",\"item\":\"https:\/\/www.padreeustaquio.com.br\/\"},{\"@type\":\"ListItem\",\"position\":2,\"name\":\"Arcebispo de Vit\u00f3ria-ES, Dom Luiz Mancilha, sscc, celebra 50 anos de sacerd\u00f3cio\"}]},{\"@type\":\"WebSite\",\"@id\":\"https:\/\/www.padreeustaquio.com.br\/#website\",\"url\":\"https:\/\/www.padreeustaquio.com.br\/\",\"name\":\"Padre Eust\u00e1quio\",\"description\":\"Sa\u00fade e Paz\",\"publisher\":{\"@id\":\"https:\/\/www.padreeustaquio.com.br\/#organization\"},\"potentialAction\":[{\"@type\":\"SearchAction\",\"target\":{\"@type\":\"EntryPoint\",\"urlTemplate\":\"https:\/\/www.padreeustaquio.com.br\/?s={search_term_string}\"},\"query-input\":{\"@type\":\"PropertyValueSpecification\",\"valueRequired\":true,\"valueName\":\"search_term_string\"}}],\"inLanguage\":\"es\"},{\"@type\":\"Organization\",\"@id\":\"https:\/\/www.padreeustaquio.com.br\/#organization\",\"name\":\"Padre Eust\u00e1quio\",\"url\":\"https:\/\/www.padreeustaquio.com.br\/\",\"logo\":{\"@type\":\"ImageObject\",\"inLanguage\":\"es\",\"@id\":\"https:\/\/www.padreeustaquio.com.br\/#\/schema\/logo\/image\/\",\"url\":\"https:\/\/www.padreeustaquio.com.br\/wp-content\/uploads\/2019\/08\/marca.png\",\"contentUrl\":\"https:\/\/www.padreeustaquio.com.br\/wp-content\/uploads\/2019\/08\/marca.png\",\"width\":350,\"height\":400,\"caption\":\"Padre Eust\u00e1quio\"},\"image\":{\"@id\":\"https:\/\/www.padreeustaquio.com.br\/#\/schema\/logo\/image\/\"},\"sameAs\":[\"https:\/\/www.facebook.com\/beatopadreeustaquio\/\",\"https:\/\/x.com\/beatopeustaquio\",\"https:\/\/www.instagram.com\/beatopadreeustaquio\/\",\"https:\/\/www.youtube.com\/channel\/UCRhw7vfabnajwLxb1ZXMeIw\"]},{\"@type\":\"Person\",\"@id\":\"https:\/\/www.padreeustaquio.com.br\/#\/schema\/person\/1bbfe7b959f00a655f8ecb6cb8f3ce87\",\"name\":\"sscc\",\"image\":{\"@type\":\"ImageObject\",\"inLanguage\":\"es\",\"@id\":\"https:\/\/secure.gravatar.com\/avatar\/edddec27f012d36cfa3fce966238219942e4659e87f27ef7b5704f0db7007bec?s=96&d=mm&r=g\",\"url\":\"https:\/\/secure.gravatar.com\/avatar\/edddec27f012d36cfa3fce966238219942e4659e87f27ef7b5704f0db7007bec?s=96&d=mm&r=g\",\"contentUrl\":\"https:\/\/secure.gravatar.com\/avatar\/edddec27f012d36cfa3fce966238219942e4659e87f27ef7b5704f0db7007bec?s=96&d=mm&r=g\",\"caption\":\"sscc\"},\"url\":\"https:\/\/www.padreeustaquio.com.br\/es\/author\/userpde\/\"}]}<\/script>\n<!-- \/ Yoast SEO plugin. -->","yoast_head_json":{"title":"Arzobispo de Vit\u00f3ria-ES, Dom Luiz Mancilha, sscc, celebra 50 a\u00f1os de sacerdocio - Padre Eust\u00e1quio","robots":{"index":"index","follow":"follow","max-snippet":"max-snippet:-1","max-image-preview":"max-image-preview:large","max-video-preview":"max-video-preview:-1"},"canonical":"https:\/\/www.padreeustaquio.com.br\/es\/el-arzobispo-de-vitoria-dom-luiz-mancilha-sscc-celebra-50-anos-de-sacerdocio\/","og_locale":"es_ES","og_type":"article","og_title":"Arcebispo de Vit\u00f3ria-ES, Dom Luiz Mancilha, sscc, celebra 50 anos de sacerd\u00f3cio - Padre Eust\u00e1quio","og_description":"Com a imagem do jardineiro que cuida do jardim, Dom Luiz agradeceu pelos 50 anos de padre a servi\u00e7o de Deus na Igreja, em Celebra\u00e7\u00e3o Eucar\u00edstica presidida por ele na Catedral de Vit\u00f3ria, no \u00faltimo s\u00e1bado, dia 22 de Dezembro. O texto foi lido por Dom Luiz no final da Missa que contou com a presen\u00e7a de Dom Jos\u00e9 Geraldo e Dom Odilon Guimar\u00e3es, que tamb\u00e9m celebram 50 anos de sacerd\u00f3cio, Dom M\u00e1rio Marquez, Dom Joaquim Wladimir Lopes Dias e Dom Rubens Sevilha que foram bispos auxiliares de Dom Luiz nesta Arquidiocese, Dom Paulo Dal\u2019B\u00f3 bispo de S\u00e3o Mateus, Dom [&hellip;]","og_url":"https:\/\/www.padreeustaquio.com.br\/es\/el-arzobispo-de-vitoria-dom-luiz-mancilha-sscc-celebra-50-anos-de-sacerdocio\/","og_site_name":"Padre Eust\u00e1quio","article_publisher":"https:\/\/www.facebook.com\/beatopadreeustaquio\/","article_published_time":"2018-12-27T23:28:56+00:00","article_modified_time":"2019-08-22T00:32:38+00:00","og_image":[{"width":620,"height":352,"url":"https:\/\/www.padreeustaquio.com.br\/wp-content\/uploads\/2019\/08\/022.jpg","type":"image\/jpeg"}],"author":"sscc","twitter_card":"summary_large_image","twitter_creator":"@beatopeustaquio","twitter_site":"@beatopeustaquio","twitter_misc":{"Escrito por":"sscc","Tiempo de lectura":"3 minutos"},"schema":{"@context":"https:\/\/schema.org","@graph":[{"@type":"Article","@id":"https:\/\/www.padreeustaquio.com.br\/arcebispo-de-vitoria-es-dom-luiz-mancilha-sscc-celebra-50-anos-de-sacerdocio\/#article","isPartOf":{"@id":"https:\/\/www.padreeustaquio.com.br\/arcebispo-de-vitoria-es-dom-luiz-mancilha-sscc-celebra-50-anos-de-sacerdocio\/"},"author":{"name":"sscc","@id":"https:\/\/www.padreeustaquio.com.br\/#\/schema\/person\/1bbfe7b959f00a655f8ecb6cb8f3ce87"},"headline":"Arcebispo de Vit\u00f3ria-ES, Dom Luiz Mancilha, sscc, celebra 50 anos de sacerd\u00f3cio","datePublished":"2018-12-27T23:28:56+00:00","dateModified":"2019-08-22T00:32:38+00:00","mainEntityOfPage":{"@id":"https:\/\/www.padreeustaquio.com.br\/arcebispo-de-vitoria-es-dom-luiz-mancilha-sscc-celebra-50-anos-de-sacerdocio\/"},"wordCount":659,"publisher":{"@id":"https:\/\/www.padreeustaquio.com.br\/#organization"},"image":{"@id":"https:\/\/www.padreeustaquio.com.br\/arcebispo-de-vitoria-es-dom-luiz-mancilha-sscc-celebra-50-anos-de-sacerdocio\/#primaryimage"},"thumbnailUrl":"https:\/\/www.padreeustaquio.com.br\/wp-content\/uploads\/2019\/08\/022.jpg","articleSection":["Not\u00edcias"],"inLanguage":"es"},{"@type":"WebPage","@id":"https:\/\/www.padreeustaquio.com.br\/arcebispo-de-vitoria-es-dom-luiz-mancilha-sscc-celebra-50-anos-de-sacerdocio\/","url":"https:\/\/www.padreeustaquio.com.br\/arcebispo-de-vitoria-es-dom-luiz-mancilha-sscc-celebra-50-anos-de-sacerdocio\/","name":"Arzobispo de Vit\u00f3ria-ES, Dom Luiz Mancilha, sscc, celebra 50 a\u00f1os de sacerdocio - Padre Eust\u00e1quio","isPartOf":{"@id":"https:\/\/www.padreeustaquio.com.br\/#website"},"primaryImageOfPage":{"@id":"https:\/\/www.padreeustaquio.com.br\/arcebispo-de-vitoria-es-dom-luiz-mancilha-sscc-celebra-50-anos-de-sacerdocio\/#primaryimage"},"image":{"@id":"https:\/\/www.padreeustaquio.com.br\/arcebispo-de-vitoria-es-dom-luiz-mancilha-sscc-celebra-50-anos-de-sacerdocio\/#primaryimage"},"thumbnailUrl":"https:\/\/www.padreeustaquio.com.br\/wp-content\/uploads\/2019\/08\/022.jpg","datePublished":"2018-12-27T23:28:56+00:00","dateModified":"2019-08-22T00:32:38+00:00","breadcrumb":{"@id":"https:\/\/www.padreeustaquio.com.br\/arcebispo-de-vitoria-es-dom-luiz-mancilha-sscc-celebra-50-anos-de-sacerdocio\/#breadcrumb"},"inLanguage":"es","potentialAction":[{"@type":"ReadAction","target":["https:\/\/www.padreeustaquio.com.br\/arcebispo-de-vitoria-es-dom-luiz-mancilha-sscc-celebra-50-anos-de-sacerdocio\/"]}]},{"@type":"ImageObject","inLanguage":"es","@id":"https:\/\/www.padreeustaquio.com.br\/arcebispo-de-vitoria-es-dom-luiz-mancilha-sscc-celebra-50-anos-de-sacerdocio\/#primaryimage","url":"https:\/\/www.padreeustaquio.com.br\/wp-content\/uploads\/2019\/08\/022.jpg","contentUrl":"https:\/\/www.padreeustaquio.com.br\/wp-content\/uploads\/2019\/08\/022.jpg","width":620,"height":352},{"@type":"BreadcrumbList","@id":"https:\/\/www.padreeustaquio.com.br\/arcebispo-de-vitoria-es-dom-luiz-mancilha-sscc-celebra-50-anos-de-sacerdocio\/#breadcrumb","itemListElement":[{"@type":"ListItem","position":1,"name":"In\u00edcio","item":"https:\/\/www.padreeustaquio.com.br\/"},{"@type":"ListItem","position":2,"name":"Arcebispo de Vit\u00f3ria-ES, Dom Luiz Mancilha, sscc, celebra 50 anos de sacerd\u00f3cio"}]},{"@type":"WebSite","@id":"https:\/\/www.padreeustaquio.com.br\/#website","url":"https:\/\/www.padreeustaquio.com.br\/","name":"Padre Eustace","description":"Salud y Paz","publisher":{"@id":"https:\/\/www.padreeustaquio.com.br\/#organization"},"potentialAction":[{"@type":"SearchAction","target":{"@type":"EntryPoint","urlTemplate":"https:\/\/www.padreeustaquio.com.br\/?s={search_term_string}"},"query-input":{"@type":"PropertyValueSpecification","valueRequired":true,"valueName":"search_term_string"}}],"inLanguage":"es"},{"@type":"Organization","@id":"https:\/\/www.padreeustaquio.com.br\/#organization","name":"Padre Eustace","url":"https:\/\/www.padreeustaquio.com.br\/","logo":{"@type":"ImageObject","inLanguage":"es","@id":"https:\/\/www.padreeustaquio.com.br\/#\/schema\/logo\/image\/","url":"https:\/\/www.padreeustaquio.com.br\/wp-content\/uploads\/2019\/08\/marca.png","contentUrl":"https:\/\/www.padreeustaquio.com.br\/wp-content\/uploads\/2019\/08\/marca.png","width":350,"height":400,"caption":"Padre Eust\u00e1quio"},"image":{"@id":"https:\/\/www.padreeustaquio.com.br\/#\/schema\/logo\/image\/"},"sameAs":["https:\/\/www.facebook.com\/beatopadreeustaquio\/","https:\/\/x.com\/beatopeustaquio","https:\/\/www.instagram.com\/beatopadreeustaquio\/","https:\/\/www.youtube.com\/channel\/UCRhw7vfabnajwLxb1ZXMeIw"]},{"@type":"Person","@id":"https:\/\/www.padreeustaquio.com.br\/#\/schema\/person\/1bbfe7b959f00a655f8ecb6cb8f3ce87","name":"escuela secundaria","image":{"@type":"ImageObject","inLanguage":"es","@id":"https:\/\/secure.gravatar.com\/avatar\/edddec27f012d36cfa3fce966238219942e4659e87f27ef7b5704f0db7007bec?s=96&d=mm&r=g","url":"https:\/\/secure.gravatar.com\/avatar\/edddec27f012d36cfa3fce966238219942e4659e87f27ef7b5704f0db7007bec?s=96&d=mm&r=g","contentUrl":"https:\/\/secure.gravatar.com\/avatar\/edddec27f012d36cfa3fce966238219942e4659e87f27ef7b5704f0db7007bec?s=96&d=mm&r=g","caption":"sscc"},"url":"https:\/\/www.padreeustaquio.com.br\/es\/author\/userpde\/"}]}},"_links":{"self":[{"href":"https:\/\/www.padreeustaquio.com.br\/es\/wp-json\/wp\/v2\/posts\/3014","targetHints":{"allow":["GET"]}}],"collection":[{"href":"https:\/\/www.padreeustaquio.com.br\/es\/wp-json\/wp\/v2\/posts"}],"about":[{"href":"https:\/\/www.padreeustaquio.com.br\/es\/wp-json\/wp\/v2\/types\/post"}],"author":[{"embeddable":true,"href":"https:\/\/www.padreeustaquio.com.br\/es\/wp-json\/wp\/v2\/users\/6"}],"replies":[{"embeddable":true,"href":"https:\/\/www.padreeustaquio.com.br\/es\/wp-json\/wp\/v2\/comments?post=3014"}],"version-history":[{"count":0,"href":"https:\/\/www.padreeustaquio.com.br\/es\/wp-json\/wp\/v2\/posts\/3014\/revisions"}],"wp:featuredmedia":[{"embeddable":true,"href":"https:\/\/www.padreeustaquio.com.br\/es\/wp-json\/wp\/v2\/media\/3015"}],"wp:attachment":[{"href":"https:\/\/www.padreeustaquio.com.br\/es\/wp-json\/wp\/v2\/media?parent=3014"}],"wp:term":[{"taxonomy":"category","embeddable":true,"href":"https:\/\/www.padreeustaquio.com.br\/es\/wp-json\/wp\/v2\/categories?post=3014"},{"taxonomy":"post_tag","embeddable":true,"href":"https:\/\/www.padreeustaquio.com.br\/es\/wp-json\/wp\/v2\/tags?post=3014"}],"curies":[{"name":"wp","href":"https:\/\/api.w.org\/{rel}","templated":true}]}}