{"id":3009,"date":"2018-12-27T21:21:09","date_gmt":"2018-12-27T23:21:09","guid":{"rendered":"http:\/\/br606.teste.website\/~padre078\/padreeustaquio.com.br\/?p=3009"},"modified":"2019-08-21T21:27:37","modified_gmt":"2019-08-22T00:27:37","slug":"la-nueva-campana-de-la-iglesia-de-santa-luzia-de-patrocinio-rinde-homenaje-al-padre-eustaquio","status":"publish","type":"post","link":"https:\/\/www.padreeustaquio.com.br\/es\/la-nueva-campana-de-la-iglesia-de-santa-luzia-de-patrocinio-rinde-homenaje-al-padre-eustaquio\/","title":{"rendered":"La nueva campana de la iglesia de Santa Luzia de Patroc\u00ednio rinde homenaje al padre Eust\u00e1quio."},"content":{"rendered":"<p>A comunidade religiosa de Patroc\u00ednio nunca se esqueceu daquele que, por uns dias, morou naquela cidade. A Igreja Santa Luzia, que fica no centro da cidade, passa por uma grande reforma, desde o in\u00edcio do ano. As obras, que j\u00e1 est\u00e3o em fase final, foram feitas tanto internamente quanto do lado de fora, na fachada. De acordo com informa\u00e7\u00f5es da R\u00e1dio Difusora 95<a href=\"http:\/\/difusora95.com.br\/noticias\/reforma-da-igreja-santa-luzia-esta-dentro-do-cronograma\/\" target=\"_blank\" rel=\"noopener\">\u00a0(em mat\u00e9ria publicada no dia 29 de junho)<\/a>\u00a0o Padre Sizenando Oliveira, p\u00e1roco da Par\u00f3quia Nossa Senhora do Patroc\u00ednio destacou que a reforma vai modernizar a igreja, mantendo suas caracter\u00edsticas originais, j\u00e1 que o templo \u00e9 tombado pelo Patrim\u00f4nio Hist\u00f3rico.<br \/>\nDentre as obras, o sino que fica no alto da torre ganhou um toque especial. Nele foi gravada a imagem do Beato Padre Eust\u00e1quio com os dizeres \u201cBeato Pe. Eust\u00e1quio \u2013 Sa\u00fade e Paz\u201d. A inscri\u00e7\u00e3o no sino ressoou como uma linda homenagem ao religioso, que trabalhou na igreja patrocinense de outubro de 1941 at\u00e9 fevereiro de 1942.<\/p>\n<p><strong>A PASSAGEM DE PADRE EUST\u00c1QUIO POR PATROC\u00cdNIO-MG<\/strong><\/p>\n<p>Depois de descoberto pelos fi\u00e9is e arrastar multid\u00f5es por onde passava, ao Padre Eust\u00e1quio ficaram interditos todos os grandes centros do Brasil. Poderia morar numa das casas da Congrega\u00e7\u00e3o no interior do pa\u00eds e seu ref\u00fagio passa a ser o convento dos padres em Patroc\u00ednio\u2013MG, no ent\u00e3o Gin\u00e1sio Dom Lustosa, a partir de 13 de outubro de 1941. A capela de Santa Luzia era seu campo de trabalho, mas com s\u00e9rias restri\u00e7\u00f5es. Atendimento e b\u00ean\u00e7\u00e3os s\u00f3 no confession\u00e1rio, onde chegava a ficar de sete a oito horas por dia. Sem uma queixa, Padre Eust\u00e1quio aceitou todas as condi\u00e7\u00f5es. Em Patroc\u00ednio, experimentou novo \u00e2nimo. Mas l\u00e1 permaneceu apenas quatro meses, de outubro de 1941 a fevereiro de 1942. Ele mesmo escreveu em dezembro de 1941:<\/p>\n<p>[blockquote footer=&#8221;Padre Eust\u00e1quio&#8221;]\u201cFui assistir ao retiro e tive a felicidade de poder tratar intensamente da minha pr\u00f3pria alma e recomendar de modo especial as inten\u00e7\u00f5es que tantas pessoas me pedem. Gra\u00e7as ao bom Deus, todos os dias conto com algumas convers\u00f5es. Pessoas que anos e anos viviam afastadas de Deus e da Igreja, vejo voltar aos bra\u00e7os do nosso Divino Mestre. Quanto n\u00e3o h\u00e1 de transbordar o Cora\u00e7\u00e3o de Jesus de verdadeira alegria! E eu n\u00e3o me sinto menos feliz com tantas ressurrei\u00e7\u00f5es espirituais. Ganhar almas, aliviar dores e sofrimentos, eis a\u00ed meu grande ideal, inspirado por Deus! \u201d[\/blockquote]<\/p>\n","protected":false},"excerpt":{"rendered":"<p>A comunidade religiosa de Patroc\u00ednio nunca se esqueceu daquele que, por uns dias, morou naquela cidade. A Igreja Santa Luzia, que fica no centro da cidade, passa por uma grande reforma, desde o in\u00edcio do ano. As obras, que j\u00e1 est\u00e3o em fase final, foram feitas tanto internamente quanto do lado de fora, na fachada. De acordo com informa\u00e7\u00f5es da R\u00e1dio Difusora 95\u00a0(em mat\u00e9ria publicada no dia 29 de junho)\u00a0o Padre Sizenando Oliveira, p\u00e1roco da Par\u00f3quia Nossa Senhora do Patroc\u00ednio destacou que a reforma vai modernizar a igreja, mantendo suas caracter\u00edsticas originais, j\u00e1 que o templo \u00e9 tombado pelo Patrim\u00f4nio [&hellip;]<\/p>\n","protected":false},"author":6,"featured_media":3010,"comment_status":"closed","ping_status":"open","sticky":false,"template":"","format":"standard","meta":{"_acf_changed":false,"footnotes":""},"categories":[611],"tags":[],"class_list":["post-3009","post","type-post","status-publish","format-standard","has-post-thumbnail","hentry","category-noticias"],"acf":[],"yoast_head":"<!-- This site is optimized with the Yoast SEO plugin v27.2 - https:\/\/yoast.com\/product\/yoast-seo-wordpress\/ -->\n<title>Novo sino da Igreja Santa Luzia, em Patroc\u00ednio, homenageia Padre Eust\u00e1quio - Padre Eust\u00e1quio<\/title>\n<meta name=\"robots\" content=\"index, follow, max-snippet:-1, max-image-preview:large, max-video-preview:-1\" \/>\n<link rel=\"canonical\" href=\"https:\/\/www.padreeustaquio.com.br\/es\/la-nueva-campana-de-la-iglesia-de-santa-luzia-de-patrocinio-rinde-homenaje-al-padre-eustaquio\/\" \/>\n<meta property=\"og:locale\" content=\"es_ES\" \/>\n<meta property=\"og:type\" content=\"article\" \/>\n<meta property=\"og:title\" content=\"Novo sino da Igreja Santa Luzia, em Patroc\u00ednio, homenageia Padre Eust\u00e1quio - Padre Eust\u00e1quio\" \/>\n<meta property=\"og:description\" content=\"A comunidade religiosa de Patroc\u00ednio nunca se esqueceu daquele que, por uns dias, morou naquela cidade. A Igreja Santa Luzia, que fica no centro da cidade, passa por uma grande reforma, desde o in\u00edcio do ano. As obras, que j\u00e1 est\u00e3o em fase final, foram feitas tanto internamente quanto do lado de fora, na fachada. De acordo com informa\u00e7\u00f5es da R\u00e1dio Difusora 95\u00a0(em mat\u00e9ria publicada no dia 29 de junho)\u00a0o Padre Sizenando Oliveira, p\u00e1roco da Par\u00f3quia Nossa Senhora do Patroc\u00ednio destacou que a reforma vai modernizar a igreja, mantendo suas caracter\u00edsticas originais, j\u00e1 que o templo \u00e9 tombado pelo Patrim\u00f4nio [&hellip;]\" \/>\n<meta property=\"og:url\" content=\"https:\/\/www.padreeustaquio.com.br\/es\/la-nueva-campana-de-la-iglesia-de-santa-luzia-de-patrocinio-rinde-homenaje-al-padre-eustaquio\/\" \/>\n<meta property=\"og:site_name\" content=\"Padre Eust\u00e1quio\" \/>\n<meta property=\"article:publisher\" content=\"https:\/\/www.facebook.com\/beatopadreeustaquio\/\" \/>\n<meta property=\"article:published_time\" content=\"2018-12-27T23:21:09+00:00\" \/>\n<meta property=\"article:modified_time\" content=\"2019-08-22T00:27:37+00:00\" \/>\n<meta property=\"og:image\" content=\"https:\/\/www.padreeustaquio.com.br\/wp-content\/uploads\/2019\/08\/021.jpg\" \/>\n\t<meta property=\"og:image:width\" content=\"945\" \/>\n\t<meta property=\"og:image:height\" content=\"866\" \/>\n\t<meta property=\"og:image:type\" content=\"image\/jpeg\" \/>\n<meta name=\"author\" content=\"sscc\" \/>\n<meta name=\"twitter:card\" content=\"summary_large_image\" \/>\n<meta name=\"twitter:creator\" content=\"@beatopeustaquio\" \/>\n<meta name=\"twitter:site\" content=\"@beatopeustaquio\" \/>\n<meta name=\"twitter:label1\" content=\"Escrito por\" \/>\n\t<meta name=\"twitter:data1\" content=\"sscc\" \/>\n\t<meta name=\"twitter:label2\" content=\"Tiempo de lectura\" \/>\n\t<meta name=\"twitter:data2\" content=\"2 minutos\" \/>\n<script type=\"application\/ld+json\" class=\"yoast-schema-graph\">{\"@context\":\"https:\/\/schema.org\",\"@graph\":[{\"@type\":\"Article\",\"@id\":\"https:\/\/www.padreeustaquio.com.br\/novo-sino-da-igreja-santa-luzia-em-patrocinio-homenageia-padre-eustaquio\/#article\",\"isPartOf\":{\"@id\":\"https:\/\/www.padreeustaquio.com.br\/novo-sino-da-igreja-santa-luzia-em-patrocinio-homenageia-padre-eustaquio\/\"},\"author\":{\"name\":\"sscc\",\"@id\":\"https:\/\/www.padreeustaquio.com.br\/#\/schema\/person\/1bbfe7b959f00a655f8ecb6cb8f3ce87\"},\"headline\":\"Novo sino da Igreja Santa Luzia, em Patroc\u00ednio, homenageia Padre Eust\u00e1quio\",\"datePublished\":\"2018-12-27T23:21:09+00:00\",\"dateModified\":\"2019-08-22T00:27:37+00:00\",\"mainEntityOfPage\":{\"@id\":\"https:\/\/www.padreeustaquio.com.br\/novo-sino-da-igreja-santa-luzia-em-patrocinio-homenageia-padre-eustaquio\/\"},\"wordCount\":441,\"publisher\":{\"@id\":\"https:\/\/www.padreeustaquio.com.br\/#organization\"},\"image\":{\"@id\":\"https:\/\/www.padreeustaquio.com.br\/novo-sino-da-igreja-santa-luzia-em-patrocinio-homenageia-padre-eustaquio\/#primaryimage\"},\"thumbnailUrl\":\"https:\/\/www.padreeustaquio.com.br\/wp-content\/uploads\/2019\/08\/021.jpg\",\"articleSection\":[\"Not\u00edcias\"],\"inLanguage\":\"es\"},{\"@type\":\"WebPage\",\"@id\":\"https:\/\/www.padreeustaquio.com.br\/novo-sino-da-igreja-santa-luzia-em-patrocinio-homenageia-padre-eustaquio\/\",\"url\":\"https:\/\/www.padreeustaquio.com.br\/novo-sino-da-igreja-santa-luzia-em-patrocinio-homenageia-padre-eustaquio\/\",\"name\":\"Novo sino da Igreja Santa Luzia, em Patroc\u00ednio, homenageia Padre Eust\u00e1quio - Padre Eust\u00e1quio\",\"isPartOf\":{\"@id\":\"https:\/\/www.padreeustaquio.com.br\/#website\"},\"primaryImageOfPage\":{\"@id\":\"https:\/\/www.padreeustaquio.com.br\/novo-sino-da-igreja-santa-luzia-em-patrocinio-homenageia-padre-eustaquio\/#primaryimage\"},\"image\":{\"@id\":\"https:\/\/www.padreeustaquio.com.br\/novo-sino-da-igreja-santa-luzia-em-patrocinio-homenageia-padre-eustaquio\/#primaryimage\"},\"thumbnailUrl\":\"https:\/\/www.padreeustaquio.com.br\/wp-content\/uploads\/2019\/08\/021.jpg\",\"datePublished\":\"2018-12-27T23:21:09+00:00\",\"dateModified\":\"2019-08-22T00:27:37+00:00\",\"breadcrumb\":{\"@id\":\"https:\/\/www.padreeustaquio.com.br\/novo-sino-da-igreja-santa-luzia-em-patrocinio-homenageia-padre-eustaquio\/#breadcrumb\"},\"inLanguage\":\"es\",\"potentialAction\":[{\"@type\":\"ReadAction\",\"target\":[\"https:\/\/www.padreeustaquio.com.br\/novo-sino-da-igreja-santa-luzia-em-patrocinio-homenageia-padre-eustaquio\/\"]}]},{\"@type\":\"ImageObject\",\"inLanguage\":\"es\",\"@id\":\"https:\/\/www.padreeustaquio.com.br\/novo-sino-da-igreja-santa-luzia-em-patrocinio-homenageia-padre-eustaquio\/#primaryimage\",\"url\":\"https:\/\/www.padreeustaquio.com.br\/wp-content\/uploads\/2019\/08\/021.jpg\",\"contentUrl\":\"https:\/\/www.padreeustaquio.com.br\/wp-content\/uploads\/2019\/08\/021.jpg\",\"width\":945,\"height\":866},{\"@type\":\"BreadcrumbList\",\"@id\":\"https:\/\/www.padreeustaquio.com.br\/novo-sino-da-igreja-santa-luzia-em-patrocinio-homenageia-padre-eustaquio\/#breadcrumb\",\"itemListElement\":[{\"@type\":\"ListItem\",\"position\":1,\"name\":\"In\u00edcio\",\"item\":\"https:\/\/www.padreeustaquio.com.br\/\"},{\"@type\":\"ListItem\",\"position\":2,\"name\":\"Novo sino da Igreja Santa Luzia, em Patroc\u00ednio, homenageia Padre Eust\u00e1quio\"}]},{\"@type\":\"WebSite\",\"@id\":\"https:\/\/www.padreeustaquio.com.br\/#website\",\"url\":\"https:\/\/www.padreeustaquio.com.br\/\",\"name\":\"Padre Eust\u00e1quio\",\"description\":\"Sa\u00fade e Paz\",\"publisher\":{\"@id\":\"https:\/\/www.padreeustaquio.com.br\/#organization\"},\"potentialAction\":[{\"@type\":\"SearchAction\",\"target\":{\"@type\":\"EntryPoint\",\"urlTemplate\":\"https:\/\/www.padreeustaquio.com.br\/?s={search_term_string}\"},\"query-input\":{\"@type\":\"PropertyValueSpecification\",\"valueRequired\":true,\"valueName\":\"search_term_string\"}}],\"inLanguage\":\"es\"},{\"@type\":\"Organization\",\"@id\":\"https:\/\/www.padreeustaquio.com.br\/#organization\",\"name\":\"Padre Eust\u00e1quio\",\"url\":\"https:\/\/www.padreeustaquio.com.br\/\",\"logo\":{\"@type\":\"ImageObject\",\"inLanguage\":\"es\",\"@id\":\"https:\/\/www.padreeustaquio.com.br\/#\/schema\/logo\/image\/\",\"url\":\"https:\/\/www.padreeustaquio.com.br\/wp-content\/uploads\/2019\/08\/marca.png\",\"contentUrl\":\"https:\/\/www.padreeustaquio.com.br\/wp-content\/uploads\/2019\/08\/marca.png\",\"width\":350,\"height\":400,\"caption\":\"Padre Eust\u00e1quio\"},\"image\":{\"@id\":\"https:\/\/www.padreeustaquio.com.br\/#\/schema\/logo\/image\/\"},\"sameAs\":[\"https:\/\/www.facebook.com\/beatopadreeustaquio\/\",\"https:\/\/x.com\/beatopeustaquio\",\"https:\/\/www.instagram.com\/beatopadreeustaquio\/\",\"https:\/\/www.youtube.com\/channel\/UCRhw7vfabnajwLxb1ZXMeIw\"]},{\"@type\":\"Person\",\"@id\":\"https:\/\/www.padreeustaquio.com.br\/#\/schema\/person\/1bbfe7b959f00a655f8ecb6cb8f3ce87\",\"name\":\"sscc\",\"image\":{\"@type\":\"ImageObject\",\"inLanguage\":\"es\",\"@id\":\"https:\/\/secure.gravatar.com\/avatar\/edddec27f012d36cfa3fce966238219942e4659e87f27ef7b5704f0db7007bec?s=96&d=mm&r=g\",\"url\":\"https:\/\/secure.gravatar.com\/avatar\/edddec27f012d36cfa3fce966238219942e4659e87f27ef7b5704f0db7007bec?s=96&d=mm&r=g\",\"contentUrl\":\"https:\/\/secure.gravatar.com\/avatar\/edddec27f012d36cfa3fce966238219942e4659e87f27ef7b5704f0db7007bec?s=96&d=mm&r=g\",\"caption\":\"sscc\"},\"url\":\"https:\/\/www.padreeustaquio.com.br\/es\/author\/userpde\/\"}]}<\/script>\n<!-- \/ Yoast SEO plugin. -->","yoast_head_json":{"title":"La nueva campana de la Iglesia Santa Luzia de Patroc\u00ednio rinde homenaje al Padre Eust\u00e1quio.","robots":{"index":"index","follow":"follow","max-snippet":"max-snippet:-1","max-image-preview":"max-image-preview:large","max-video-preview":"max-video-preview:-1"},"canonical":"https:\/\/www.padreeustaquio.com.br\/es\/la-nueva-campana-de-la-iglesia-de-santa-luzia-de-patrocinio-rinde-homenaje-al-padre-eustaquio\/","og_locale":"es_ES","og_type":"article","og_title":"Novo sino da Igreja Santa Luzia, em Patroc\u00ednio, homenageia Padre Eust\u00e1quio - Padre Eust\u00e1quio","og_description":"A comunidade religiosa de Patroc\u00ednio nunca se esqueceu daquele que, por uns dias, morou naquela cidade. A Igreja Santa Luzia, que fica no centro da cidade, passa por uma grande reforma, desde o in\u00edcio do ano. As obras, que j\u00e1 est\u00e3o em fase final, foram feitas tanto internamente quanto do lado de fora, na fachada. De acordo com informa\u00e7\u00f5es da R\u00e1dio Difusora 95\u00a0(em mat\u00e9ria publicada no dia 29 de junho)\u00a0o Padre Sizenando Oliveira, p\u00e1roco da Par\u00f3quia Nossa Senhora do Patroc\u00ednio destacou que a reforma vai modernizar a igreja, mantendo suas caracter\u00edsticas originais, j\u00e1 que o templo \u00e9 tombado pelo Patrim\u00f4nio [&hellip;]","og_url":"https:\/\/www.padreeustaquio.com.br\/es\/la-nueva-campana-de-la-iglesia-de-santa-luzia-de-patrocinio-rinde-homenaje-al-padre-eustaquio\/","og_site_name":"Padre Eust\u00e1quio","article_publisher":"https:\/\/www.facebook.com\/beatopadreeustaquio\/","article_published_time":"2018-12-27T23:21:09+00:00","article_modified_time":"2019-08-22T00:27:37+00:00","og_image":[{"width":945,"height":866,"url":"https:\/\/www.padreeustaquio.com.br\/wp-content\/uploads\/2019\/08\/021.jpg","type":"image\/jpeg"}],"author":"sscc","twitter_card":"summary_large_image","twitter_creator":"@beatopeustaquio","twitter_site":"@beatopeustaquio","twitter_misc":{"Escrito por":"sscc","Tiempo de lectura":"2 minutos"},"schema":{"@context":"https:\/\/schema.org","@graph":[{"@type":"Article","@id":"https:\/\/www.padreeustaquio.com.br\/novo-sino-da-igreja-santa-luzia-em-patrocinio-homenageia-padre-eustaquio\/#article","isPartOf":{"@id":"https:\/\/www.padreeustaquio.com.br\/novo-sino-da-igreja-santa-luzia-em-patrocinio-homenageia-padre-eustaquio\/"},"author":{"name":"sscc","@id":"https:\/\/www.padreeustaquio.com.br\/#\/schema\/person\/1bbfe7b959f00a655f8ecb6cb8f3ce87"},"headline":"Novo sino da Igreja Santa Luzia, em Patroc\u00ednio, homenageia Padre Eust\u00e1quio","datePublished":"2018-12-27T23:21:09+00:00","dateModified":"2019-08-22T00:27:37+00:00","mainEntityOfPage":{"@id":"https:\/\/www.padreeustaquio.com.br\/novo-sino-da-igreja-santa-luzia-em-patrocinio-homenageia-padre-eustaquio\/"},"wordCount":441,"publisher":{"@id":"https:\/\/www.padreeustaquio.com.br\/#organization"},"image":{"@id":"https:\/\/www.padreeustaquio.com.br\/novo-sino-da-igreja-santa-luzia-em-patrocinio-homenageia-padre-eustaquio\/#primaryimage"},"thumbnailUrl":"https:\/\/www.padreeustaquio.com.br\/wp-content\/uploads\/2019\/08\/021.jpg","articleSection":["Not\u00edcias"],"inLanguage":"es"},{"@type":"WebPage","@id":"https:\/\/www.padreeustaquio.com.br\/novo-sino-da-igreja-santa-luzia-em-patrocinio-homenageia-padre-eustaquio\/","url":"https:\/\/www.padreeustaquio.com.br\/novo-sino-da-igreja-santa-luzia-em-patrocinio-homenageia-padre-eustaquio\/","name":"La nueva campana de la Iglesia Santa Luzia de Patroc\u00ednio rinde homenaje al Padre Eust\u00e1quio.","isPartOf":{"@id":"https:\/\/www.padreeustaquio.com.br\/#website"},"primaryImageOfPage":{"@id":"https:\/\/www.padreeustaquio.com.br\/novo-sino-da-igreja-santa-luzia-em-patrocinio-homenageia-padre-eustaquio\/#primaryimage"},"image":{"@id":"https:\/\/www.padreeustaquio.com.br\/novo-sino-da-igreja-santa-luzia-em-patrocinio-homenageia-padre-eustaquio\/#primaryimage"},"thumbnailUrl":"https:\/\/www.padreeustaquio.com.br\/wp-content\/uploads\/2019\/08\/021.jpg","datePublished":"2018-12-27T23:21:09+00:00","dateModified":"2019-08-22T00:27:37+00:00","breadcrumb":{"@id":"https:\/\/www.padreeustaquio.com.br\/novo-sino-da-igreja-santa-luzia-em-patrocinio-homenageia-padre-eustaquio\/#breadcrumb"},"inLanguage":"es","potentialAction":[{"@type":"ReadAction","target":["https:\/\/www.padreeustaquio.com.br\/novo-sino-da-igreja-santa-luzia-em-patrocinio-homenageia-padre-eustaquio\/"]}]},{"@type":"ImageObject","inLanguage":"es","@id":"https:\/\/www.padreeustaquio.com.br\/novo-sino-da-igreja-santa-luzia-em-patrocinio-homenageia-padre-eustaquio\/#primaryimage","url":"https:\/\/www.padreeustaquio.com.br\/wp-content\/uploads\/2019\/08\/021.jpg","contentUrl":"https:\/\/www.padreeustaquio.com.br\/wp-content\/uploads\/2019\/08\/021.jpg","width":945,"height":866},{"@type":"BreadcrumbList","@id":"https:\/\/www.padreeustaquio.com.br\/novo-sino-da-igreja-santa-luzia-em-patrocinio-homenageia-padre-eustaquio\/#breadcrumb","itemListElement":[{"@type":"ListItem","position":1,"name":"In\u00edcio","item":"https:\/\/www.padreeustaquio.com.br\/"},{"@type":"ListItem","position":2,"name":"Novo sino da Igreja Santa Luzia, em Patroc\u00ednio, homenageia Padre Eust\u00e1quio"}]},{"@type":"WebSite","@id":"https:\/\/www.padreeustaquio.com.br\/#website","url":"https:\/\/www.padreeustaquio.com.br\/","name":"Padre Eustace","description":"Salud y Paz","publisher":{"@id":"https:\/\/www.padreeustaquio.com.br\/#organization"},"potentialAction":[{"@type":"SearchAction","target":{"@type":"EntryPoint","urlTemplate":"https:\/\/www.padreeustaquio.com.br\/?s={search_term_string}"},"query-input":{"@type":"PropertyValueSpecification","valueRequired":true,"valueName":"search_term_string"}}],"inLanguage":"es"},{"@type":"Organization","@id":"https:\/\/www.padreeustaquio.com.br\/#organization","name":"Padre Eustace","url":"https:\/\/www.padreeustaquio.com.br\/","logo":{"@type":"ImageObject","inLanguage":"es","@id":"https:\/\/www.padreeustaquio.com.br\/#\/schema\/logo\/image\/","url":"https:\/\/www.padreeustaquio.com.br\/wp-content\/uploads\/2019\/08\/marca.png","contentUrl":"https:\/\/www.padreeustaquio.com.br\/wp-content\/uploads\/2019\/08\/marca.png","width":350,"height":400,"caption":"Padre Eust\u00e1quio"},"image":{"@id":"https:\/\/www.padreeustaquio.com.br\/#\/schema\/logo\/image\/"},"sameAs":["https:\/\/www.facebook.com\/beatopadreeustaquio\/","https:\/\/x.com\/beatopeustaquio","https:\/\/www.instagram.com\/beatopadreeustaquio\/","https:\/\/www.youtube.com\/channel\/UCRhw7vfabnajwLxb1ZXMeIw"]},{"@type":"Person","@id":"https:\/\/www.padreeustaquio.com.br\/#\/schema\/person\/1bbfe7b959f00a655f8ecb6cb8f3ce87","name":"escuela secundaria","image":{"@type":"ImageObject","inLanguage":"es","@id":"https:\/\/secure.gravatar.com\/avatar\/edddec27f012d36cfa3fce966238219942e4659e87f27ef7b5704f0db7007bec?s=96&d=mm&r=g","url":"https:\/\/secure.gravatar.com\/avatar\/edddec27f012d36cfa3fce966238219942e4659e87f27ef7b5704f0db7007bec?s=96&d=mm&r=g","contentUrl":"https:\/\/secure.gravatar.com\/avatar\/edddec27f012d36cfa3fce966238219942e4659e87f27ef7b5704f0db7007bec?s=96&d=mm&r=g","caption":"sscc"},"url":"https:\/\/www.padreeustaquio.com.br\/es\/author\/userpde\/"}]}},"_links":{"self":[{"href":"https:\/\/www.padreeustaquio.com.br\/es\/wp-json\/wp\/v2\/posts\/3009","targetHints":{"allow":["GET"]}}],"collection":[{"href":"https:\/\/www.padreeustaquio.com.br\/es\/wp-json\/wp\/v2\/posts"}],"about":[{"href":"https:\/\/www.padreeustaquio.com.br\/es\/wp-json\/wp\/v2\/types\/post"}],"author":[{"embeddable":true,"href":"https:\/\/www.padreeustaquio.com.br\/es\/wp-json\/wp\/v2\/users\/6"}],"replies":[{"embeddable":true,"href":"https:\/\/www.padreeustaquio.com.br\/es\/wp-json\/wp\/v2\/comments?post=3009"}],"version-history":[{"count":0,"href":"https:\/\/www.padreeustaquio.com.br\/es\/wp-json\/wp\/v2\/posts\/3009\/revisions"}],"wp:featuredmedia":[{"embeddable":true,"href":"https:\/\/www.padreeustaquio.com.br\/es\/wp-json\/wp\/v2\/media\/3010"}],"wp:attachment":[{"href":"https:\/\/www.padreeustaquio.com.br\/es\/wp-json\/wp\/v2\/media?parent=3009"}],"wp:term":[{"taxonomy":"category","embeddable":true,"href":"https:\/\/www.padreeustaquio.com.br\/es\/wp-json\/wp\/v2\/categories?post=3009"},{"taxonomy":"post_tag","embeddable":true,"href":"https:\/\/www.padreeustaquio.com.br\/es\/wp-json\/wp\/v2\/tags?post=3009"}],"curies":[{"name":"wp","href":"https:\/\/api.w.org\/{rel}","templated":true}]}}