{"id":3000,"date":"2018-11-23T21:11:13","date_gmt":"2018-11-23T23:11:13","guid":{"rendered":"http:\/\/br606.teste.website\/~padre078\/padreeustaquio.com.br\/?p=3000"},"modified":"2019-08-22T00:00:38","modified_gmt":"2019-08-22T03:00:38","slug":"curiosamente-el-padre-eustaquio-y-el-padre-vitor-coelho-se-encontraron","status":"publish","type":"post","link":"https:\/\/www.padreeustaquio.com.br\/es\/curiosamente-el-padre-eustaquio-y-el-padre-vitor-coelho-se-encontraron\/","title":{"rendered":"DATO CURIOSO: \u00a1El Padre Eust\u00e1quio y el Padre V\u00edtor Coelho realmente se conocieron!"},"content":{"rendered":"<p>En 1941, el padre V\u00edtor Coelho, misionero de Aparecida, llevaba cuatro a\u00f1os internado en el Sanatorio Divina Provid\u00eancia de Campos do Jord\u00e3o, S\u00e3o Paulo.<\/p>\n<p>Estaba recibiendo tratamiento por tuberculosis grave cuando recibi\u00f3 la visita del padre Eust\u00e1quio. En un bolet\u00edn redentorista, el padre J\u00falio Brustoloni relata este encuentro: \u201cComo su salud no mejoraba, el padre V\u00edtor, con fe y piedad, le pidi\u00f3 al padre Eust\u00e1quio que lo bendijera, diciendo: \u2018Padre Eust\u00e1quio, la enfermedad no cede, \u00bfqu\u00e9 ser\u00e1 de mi vida?\u2019. Y el padre Eust\u00e1quio respondi\u00f3: \u2018Tenga la seguridad, padre V\u00edtor, de que se recuperar\u00e1 y seguir\u00e1 trabajando duro por Nuestro Se\u00f1or\u2019, y le dio su bendici\u00f3n.\u201d<\/p>\n<p>El texto concluye diciendo que despu\u00e9s de la bendici\u00f3n del padre Eust\u00e1quio, el padre V\u00edtor no s\u00f3lo qued\u00f3 curado, sino que recuper\u00f3 la salud.<\/p>","protected":false},"excerpt":{"rendered":"<p>No ano de 1941, Padre V\u00edtor Coelho, Mission\u00e1rio de Aparecida, encontrava-se internado no Sanat\u00f3rio Divina Provid\u00eancia, em Campos do Jord\u00e3o-SP, h\u00e1 4 anos. Ele se tratava de uma forte tuberculose, quando recebeu a visita de Padre Eust\u00e1quio. Em um informativo Redentorista padre J\u00falio Brustoloni relata este encontro: \u201cComo n\u00e3o havia melhora na sa\u00fade, Padre V\u00edtor com f\u00e9 e piedade, pediu ao Padre Eust\u00e1quio que o aben\u00e7oasse, dizendo: \u2018Padre Eust\u00e1quio, a doen\u00e7a n\u00e3o cede, o que vai ser de minha vida?\u2019 e a resposta de Padre Eust\u00e1quio foi esta: \u2018Fique tranquilo, Padre V\u00edtor, voc\u00ea vai sarar e trabalhar ainda muito para [&hellip;]<\/p>\n","protected":false},"author":6,"featured_media":3001,"comment_status":"closed","ping_status":"open","sticky":false,"template":"","format":"standard","meta":{"_acf_changed":false,"footnotes":""},"categories":[614,611],"tags":[],"class_list":["post-3000","post","type-post","status-publish","format-standard","has-post-thumbnail","hentry","category-curiosidades","category-noticias"],"acf":[],"yoast_head":"<!-- This site is optimized with the Yoast SEO plugin v27.2 - https:\/\/yoast.com\/product\/yoast-seo-wordpress\/ -->\n<title>CURIOSIDADE: Padre Eust\u00e1quio e Padre V\u00edtor Coelho chegaram a se encontrar! - Padre Eust\u00e1quio<\/title>\n<meta name=\"robots\" content=\"index, follow, max-snippet:-1, max-image-preview:large, max-video-preview:-1\" \/>\n<link rel=\"canonical\" href=\"https:\/\/www.padreeustaquio.com.br\/es\/curiosamente-el-padre-eustaquio-y-el-padre-vitor-coelho-se-encontraron\/\" \/>\n<meta property=\"og:locale\" content=\"es_ES\" \/>\n<meta property=\"og:type\" content=\"article\" \/>\n<meta property=\"og:title\" content=\"CURIOSIDADE: Padre Eust\u00e1quio e Padre V\u00edtor Coelho chegaram a se encontrar! - Padre Eust\u00e1quio\" \/>\n<meta property=\"og:description\" content=\"No ano de 1941, Padre V\u00edtor Coelho, Mission\u00e1rio de Aparecida, encontrava-se internado no Sanat\u00f3rio Divina Provid\u00eancia, em Campos do Jord\u00e3o-SP, h\u00e1 4 anos. Ele se tratava de uma forte tuberculose, quando recebeu a visita de Padre Eust\u00e1quio. Em um informativo Redentorista padre J\u00falio Brustoloni relata este encontro: \u201cComo n\u00e3o havia melhora na sa\u00fade, Padre V\u00edtor com f\u00e9 e piedade, pediu ao Padre Eust\u00e1quio que o aben\u00e7oasse, dizendo: \u2018Padre Eust\u00e1quio, a doen\u00e7a n\u00e3o cede, o que vai ser de minha vida?\u2019 e a resposta de Padre Eust\u00e1quio foi esta: \u2018Fique tranquilo, Padre V\u00edtor, voc\u00ea vai sarar e trabalhar ainda muito para [&hellip;]\" \/>\n<meta property=\"og:url\" content=\"https:\/\/www.padreeustaquio.com.br\/es\/curiosamente-el-padre-eustaquio-y-el-padre-vitor-coelho-se-encontraron\/\" \/>\n<meta property=\"og:site_name\" content=\"Padre Eust\u00e1quio\" \/>\n<meta property=\"article:publisher\" content=\"https:\/\/www.facebook.com\/beatopadreeustaquio\/\" \/>\n<meta property=\"article:published_time\" content=\"2018-11-23T23:11:13+00:00\" \/>\n<meta property=\"article:modified_time\" content=\"2019-08-22T03:00:38+00:00\" \/>\n<meta property=\"og:image\" content=\"https:\/\/www.padreeustaquio.com.br\/wp-content\/uploads\/2019\/08\/0018.jpg\" \/>\n\t<meta property=\"og:image:width\" content=\"960\" \/>\n\t<meta property=\"og:image:height\" content=\"960\" \/>\n\t<meta property=\"og:image:type\" content=\"image\/jpeg\" \/>\n<meta name=\"author\" content=\"sscc\" \/>\n<meta name=\"twitter:card\" content=\"summary_large_image\" \/>\n<meta name=\"twitter:creator\" content=\"@beatopeustaquio\" \/>\n<meta name=\"twitter:site\" content=\"@beatopeustaquio\" \/>\n<meta name=\"twitter:label1\" content=\"Escrito por\" \/>\n\t<meta name=\"twitter:data1\" content=\"sscc\" \/>\n\t<meta name=\"twitter:label2\" content=\"Tiempo de lectura\" \/>\n\t<meta name=\"twitter:data2\" content=\"1 minuto\" \/>\n<script type=\"application\/ld+json\" class=\"yoast-schema-graph\">{\"@context\":\"https:\/\/schema.org\",\"@graph\":[{\"@type\":\"Article\",\"@id\":\"https:\/\/www.padreeustaquio.com.br\/curiosidade-padre-eustaquio-e-padre-vitor-coelho-chegaram-a-se-encontrar\/#article\",\"isPartOf\":{\"@id\":\"https:\/\/www.padreeustaquio.com.br\/curiosidade-padre-eustaquio-e-padre-vitor-coelho-chegaram-a-se-encontrar\/\"},\"author\":{\"name\":\"sscc\",\"@id\":\"https:\/\/www.padreeustaquio.com.br\/#\/schema\/person\/1bbfe7b959f00a655f8ecb6cb8f3ce87\"},\"headline\":\"CURIOSIDADE: Padre Eust\u00e1quio e Padre V\u00edtor Coelho chegaram a se encontrar!\",\"datePublished\":\"2018-11-23T23:11:13+00:00\",\"dateModified\":\"2019-08-22T03:00:38+00:00\",\"mainEntityOfPage\":{\"@id\":\"https:\/\/www.padreeustaquio.com.br\/curiosidade-padre-eustaquio-e-padre-vitor-coelho-chegaram-a-se-encontrar\/\"},\"wordCount\":162,\"publisher\":{\"@id\":\"https:\/\/www.padreeustaquio.com.br\/#organization\"},\"image\":{\"@id\":\"https:\/\/www.padreeustaquio.com.br\/curiosidade-padre-eustaquio-e-padre-vitor-coelho-chegaram-a-se-encontrar\/#primaryimage\"},\"thumbnailUrl\":\"https:\/\/www.padreeustaquio.com.br\/wp-content\/uploads\/2019\/08\/0018.jpg\",\"articleSection\":[\"Curiosidades\",\"Not\u00edcias\"],\"inLanguage\":\"es\"},{\"@type\":\"WebPage\",\"@id\":\"https:\/\/www.padreeustaquio.com.br\/curiosidade-padre-eustaquio-e-padre-vitor-coelho-chegaram-a-se-encontrar\/\",\"url\":\"https:\/\/www.padreeustaquio.com.br\/curiosidade-padre-eustaquio-e-padre-vitor-coelho-chegaram-a-se-encontrar\/\",\"name\":\"CURIOSIDADE: Padre Eust\u00e1quio e Padre V\u00edtor Coelho chegaram a se encontrar! - Padre Eust\u00e1quio\",\"isPartOf\":{\"@id\":\"https:\/\/www.padreeustaquio.com.br\/#website\"},\"primaryImageOfPage\":{\"@id\":\"https:\/\/www.padreeustaquio.com.br\/curiosidade-padre-eustaquio-e-padre-vitor-coelho-chegaram-a-se-encontrar\/#primaryimage\"},\"image\":{\"@id\":\"https:\/\/www.padreeustaquio.com.br\/curiosidade-padre-eustaquio-e-padre-vitor-coelho-chegaram-a-se-encontrar\/#primaryimage\"},\"thumbnailUrl\":\"https:\/\/www.padreeustaquio.com.br\/wp-content\/uploads\/2019\/08\/0018.jpg\",\"datePublished\":\"2018-11-23T23:11:13+00:00\",\"dateModified\":\"2019-08-22T03:00:38+00:00\",\"breadcrumb\":{\"@id\":\"https:\/\/www.padreeustaquio.com.br\/curiosidade-padre-eustaquio-e-padre-vitor-coelho-chegaram-a-se-encontrar\/#breadcrumb\"},\"inLanguage\":\"es\",\"potentialAction\":[{\"@type\":\"ReadAction\",\"target\":[\"https:\/\/www.padreeustaquio.com.br\/curiosidade-padre-eustaquio-e-padre-vitor-coelho-chegaram-a-se-encontrar\/\"]}]},{\"@type\":\"ImageObject\",\"inLanguage\":\"es\",\"@id\":\"https:\/\/www.padreeustaquio.com.br\/curiosidade-padre-eustaquio-e-padre-vitor-coelho-chegaram-a-se-encontrar\/#primaryimage\",\"url\":\"https:\/\/www.padreeustaquio.com.br\/wp-content\/uploads\/2019\/08\/0018.jpg\",\"contentUrl\":\"https:\/\/www.padreeustaquio.com.br\/wp-content\/uploads\/2019\/08\/0018.jpg\",\"width\":960,\"height\":960},{\"@type\":\"BreadcrumbList\",\"@id\":\"https:\/\/www.padreeustaquio.com.br\/curiosidade-padre-eustaquio-e-padre-vitor-coelho-chegaram-a-se-encontrar\/#breadcrumb\",\"itemListElement\":[{\"@type\":\"ListItem\",\"position\":1,\"name\":\"In\u00edcio\",\"item\":\"https:\/\/www.padreeustaquio.com.br\/\"},{\"@type\":\"ListItem\",\"position\":2,\"name\":\"CURIOSIDADE: Padre Eust\u00e1quio e Padre V\u00edtor Coelho chegaram a se encontrar!\"}]},{\"@type\":\"WebSite\",\"@id\":\"https:\/\/www.padreeustaquio.com.br\/#website\",\"url\":\"https:\/\/www.padreeustaquio.com.br\/\",\"name\":\"Padre Eust\u00e1quio\",\"description\":\"Sa\u00fade e Paz\",\"publisher\":{\"@id\":\"https:\/\/www.padreeustaquio.com.br\/#organization\"},\"potentialAction\":[{\"@type\":\"SearchAction\",\"target\":{\"@type\":\"EntryPoint\",\"urlTemplate\":\"https:\/\/www.padreeustaquio.com.br\/?s={search_term_string}\"},\"query-input\":{\"@type\":\"PropertyValueSpecification\",\"valueRequired\":true,\"valueName\":\"search_term_string\"}}],\"inLanguage\":\"es\"},{\"@type\":\"Organization\",\"@id\":\"https:\/\/www.padreeustaquio.com.br\/#organization\",\"name\":\"Padre Eust\u00e1quio\",\"url\":\"https:\/\/www.padreeustaquio.com.br\/\",\"logo\":{\"@type\":\"ImageObject\",\"inLanguage\":\"es\",\"@id\":\"https:\/\/www.padreeustaquio.com.br\/#\/schema\/logo\/image\/\",\"url\":\"https:\/\/www.padreeustaquio.com.br\/wp-content\/uploads\/2019\/08\/marca.png\",\"contentUrl\":\"https:\/\/www.padreeustaquio.com.br\/wp-content\/uploads\/2019\/08\/marca.png\",\"width\":350,\"height\":400,\"caption\":\"Padre Eust\u00e1quio\"},\"image\":{\"@id\":\"https:\/\/www.padreeustaquio.com.br\/#\/schema\/logo\/image\/\"},\"sameAs\":[\"https:\/\/www.facebook.com\/beatopadreeustaquio\/\",\"https:\/\/x.com\/beatopeustaquio\",\"https:\/\/www.instagram.com\/beatopadreeustaquio\/\",\"https:\/\/www.youtube.com\/channel\/UCRhw7vfabnajwLxb1ZXMeIw\"]},{\"@type\":\"Person\",\"@id\":\"https:\/\/www.padreeustaquio.com.br\/#\/schema\/person\/1bbfe7b959f00a655f8ecb6cb8f3ce87\",\"name\":\"sscc\",\"image\":{\"@type\":\"ImageObject\",\"inLanguage\":\"es\",\"@id\":\"https:\/\/secure.gravatar.com\/avatar\/edddec27f012d36cfa3fce966238219942e4659e87f27ef7b5704f0db7007bec?s=96&d=mm&r=g\",\"url\":\"https:\/\/secure.gravatar.com\/avatar\/edddec27f012d36cfa3fce966238219942e4659e87f27ef7b5704f0db7007bec?s=96&d=mm&r=g\",\"contentUrl\":\"https:\/\/secure.gravatar.com\/avatar\/edddec27f012d36cfa3fce966238219942e4659e87f27ef7b5704f0db7007bec?s=96&d=mm&r=g\",\"caption\":\"sscc\"},\"url\":\"https:\/\/www.padreeustaquio.com.br\/es\/author\/userpde\/\"}]}<\/script>\n<!-- \/ Yoast SEO plugin. -->","yoast_head_json":{"title":"DATO CURIOSO: \u00a1El Padre Eust\u00e1quio y el Padre V\u00edtor Coelho realmente se conocieron! - Padre Eust\u00e1quio","robots":{"index":"index","follow":"follow","max-snippet":"max-snippet:-1","max-image-preview":"max-image-preview:large","max-video-preview":"max-video-preview:-1"},"canonical":"https:\/\/www.padreeustaquio.com.br\/es\/curiosamente-el-padre-eustaquio-y-el-padre-vitor-coelho-se-encontraron\/","og_locale":"es_ES","og_type":"article","og_title":"CURIOSIDADE: Padre Eust\u00e1quio e Padre V\u00edtor Coelho chegaram a se encontrar! - Padre Eust\u00e1quio","og_description":"No ano de 1941, Padre V\u00edtor Coelho, Mission\u00e1rio de Aparecida, encontrava-se internado no Sanat\u00f3rio Divina Provid\u00eancia, em Campos do Jord\u00e3o-SP, h\u00e1 4 anos. Ele se tratava de uma forte tuberculose, quando recebeu a visita de Padre Eust\u00e1quio. Em um informativo Redentorista padre J\u00falio Brustoloni relata este encontro: \u201cComo n\u00e3o havia melhora na sa\u00fade, Padre V\u00edtor com f\u00e9 e piedade, pediu ao Padre Eust\u00e1quio que o aben\u00e7oasse, dizendo: \u2018Padre Eust\u00e1quio, a doen\u00e7a n\u00e3o cede, o que vai ser de minha vida?\u2019 e a resposta de Padre Eust\u00e1quio foi esta: \u2018Fique tranquilo, Padre V\u00edtor, voc\u00ea vai sarar e trabalhar ainda muito para [&hellip;]","og_url":"https:\/\/www.padreeustaquio.com.br\/es\/curiosamente-el-padre-eustaquio-y-el-padre-vitor-coelho-se-encontraron\/","og_site_name":"Padre Eust\u00e1quio","article_publisher":"https:\/\/www.facebook.com\/beatopadreeustaquio\/","article_published_time":"2018-11-23T23:11:13+00:00","article_modified_time":"2019-08-22T03:00:38+00:00","og_image":[{"width":960,"height":960,"url":"https:\/\/www.padreeustaquio.com.br\/wp-content\/uploads\/2019\/08\/0018.jpg","type":"image\/jpeg"}],"author":"sscc","twitter_card":"summary_large_image","twitter_creator":"@beatopeustaquio","twitter_site":"@beatopeustaquio","twitter_misc":{"Escrito por":"sscc","Tiempo de lectura":"1 minuto"},"schema":{"@context":"https:\/\/schema.org","@graph":[{"@type":"Article","@id":"https:\/\/www.padreeustaquio.com.br\/curiosidade-padre-eustaquio-e-padre-vitor-coelho-chegaram-a-se-encontrar\/#article","isPartOf":{"@id":"https:\/\/www.padreeustaquio.com.br\/curiosidade-padre-eustaquio-e-padre-vitor-coelho-chegaram-a-se-encontrar\/"},"author":{"name":"sscc","@id":"https:\/\/www.padreeustaquio.com.br\/#\/schema\/person\/1bbfe7b959f00a655f8ecb6cb8f3ce87"},"headline":"CURIOSIDADE: Padre Eust\u00e1quio e Padre V\u00edtor Coelho chegaram a se encontrar!","datePublished":"2018-11-23T23:11:13+00:00","dateModified":"2019-08-22T03:00:38+00:00","mainEntityOfPage":{"@id":"https:\/\/www.padreeustaquio.com.br\/curiosidade-padre-eustaquio-e-padre-vitor-coelho-chegaram-a-se-encontrar\/"},"wordCount":162,"publisher":{"@id":"https:\/\/www.padreeustaquio.com.br\/#organization"},"image":{"@id":"https:\/\/www.padreeustaquio.com.br\/curiosidade-padre-eustaquio-e-padre-vitor-coelho-chegaram-a-se-encontrar\/#primaryimage"},"thumbnailUrl":"https:\/\/www.padreeustaquio.com.br\/wp-content\/uploads\/2019\/08\/0018.jpg","articleSection":["Curiosidades","Not\u00edcias"],"inLanguage":"es"},{"@type":"WebPage","@id":"https:\/\/www.padreeustaquio.com.br\/curiosidade-padre-eustaquio-e-padre-vitor-coelho-chegaram-a-se-encontrar\/","url":"https:\/\/www.padreeustaquio.com.br\/curiosidade-padre-eustaquio-e-padre-vitor-coelho-chegaram-a-se-encontrar\/","name":"DATO CURIOSO: \u00a1El Padre Eust\u00e1quio y el Padre V\u00edtor Coelho realmente se conocieron! - Padre Eust\u00e1quio","isPartOf":{"@id":"https:\/\/www.padreeustaquio.com.br\/#website"},"primaryImageOfPage":{"@id":"https:\/\/www.padreeustaquio.com.br\/curiosidade-padre-eustaquio-e-padre-vitor-coelho-chegaram-a-se-encontrar\/#primaryimage"},"image":{"@id":"https:\/\/www.padreeustaquio.com.br\/curiosidade-padre-eustaquio-e-padre-vitor-coelho-chegaram-a-se-encontrar\/#primaryimage"},"thumbnailUrl":"https:\/\/www.padreeustaquio.com.br\/wp-content\/uploads\/2019\/08\/0018.jpg","datePublished":"2018-11-23T23:11:13+00:00","dateModified":"2019-08-22T03:00:38+00:00","breadcrumb":{"@id":"https:\/\/www.padreeustaquio.com.br\/curiosidade-padre-eustaquio-e-padre-vitor-coelho-chegaram-a-se-encontrar\/#breadcrumb"},"inLanguage":"es","potentialAction":[{"@type":"ReadAction","target":["https:\/\/www.padreeustaquio.com.br\/curiosidade-padre-eustaquio-e-padre-vitor-coelho-chegaram-a-se-encontrar\/"]}]},{"@type":"ImageObject","inLanguage":"es","@id":"https:\/\/www.padreeustaquio.com.br\/curiosidade-padre-eustaquio-e-padre-vitor-coelho-chegaram-a-se-encontrar\/#primaryimage","url":"https:\/\/www.padreeustaquio.com.br\/wp-content\/uploads\/2019\/08\/0018.jpg","contentUrl":"https:\/\/www.padreeustaquio.com.br\/wp-content\/uploads\/2019\/08\/0018.jpg","width":960,"height":960},{"@type":"BreadcrumbList","@id":"https:\/\/www.padreeustaquio.com.br\/curiosidade-padre-eustaquio-e-padre-vitor-coelho-chegaram-a-se-encontrar\/#breadcrumb","itemListElement":[{"@type":"ListItem","position":1,"name":"In\u00edcio","item":"https:\/\/www.padreeustaquio.com.br\/"},{"@type":"ListItem","position":2,"name":"CURIOSIDADE: Padre Eust\u00e1quio e Padre V\u00edtor Coelho chegaram a se encontrar!"}]},{"@type":"WebSite","@id":"https:\/\/www.padreeustaquio.com.br\/#website","url":"https:\/\/www.padreeustaquio.com.br\/","name":"Padre Eustace","description":"Salud y Paz","publisher":{"@id":"https:\/\/www.padreeustaquio.com.br\/#organization"},"potentialAction":[{"@type":"SearchAction","target":{"@type":"EntryPoint","urlTemplate":"https:\/\/www.padreeustaquio.com.br\/?s={search_term_string}"},"query-input":{"@type":"PropertyValueSpecification","valueRequired":true,"valueName":"search_term_string"}}],"inLanguage":"es"},{"@type":"Organization","@id":"https:\/\/www.padreeustaquio.com.br\/#organization","name":"Padre Eustace","url":"https:\/\/www.padreeustaquio.com.br\/","logo":{"@type":"ImageObject","inLanguage":"es","@id":"https:\/\/www.padreeustaquio.com.br\/#\/schema\/logo\/image\/","url":"https:\/\/www.padreeustaquio.com.br\/wp-content\/uploads\/2019\/08\/marca.png","contentUrl":"https:\/\/www.padreeustaquio.com.br\/wp-content\/uploads\/2019\/08\/marca.png","width":350,"height":400,"caption":"Padre Eust\u00e1quio"},"image":{"@id":"https:\/\/www.padreeustaquio.com.br\/#\/schema\/logo\/image\/"},"sameAs":["https:\/\/www.facebook.com\/beatopadreeustaquio\/","https:\/\/x.com\/beatopeustaquio","https:\/\/www.instagram.com\/beatopadreeustaquio\/","https:\/\/www.youtube.com\/channel\/UCRhw7vfabnajwLxb1ZXMeIw"]},{"@type":"Person","@id":"https:\/\/www.padreeustaquio.com.br\/#\/schema\/person\/1bbfe7b959f00a655f8ecb6cb8f3ce87","name":"escuela secundaria","image":{"@type":"ImageObject","inLanguage":"es","@id":"https:\/\/secure.gravatar.com\/avatar\/edddec27f012d36cfa3fce966238219942e4659e87f27ef7b5704f0db7007bec?s=96&d=mm&r=g","url":"https:\/\/secure.gravatar.com\/avatar\/edddec27f012d36cfa3fce966238219942e4659e87f27ef7b5704f0db7007bec?s=96&d=mm&r=g","contentUrl":"https:\/\/secure.gravatar.com\/avatar\/edddec27f012d36cfa3fce966238219942e4659e87f27ef7b5704f0db7007bec?s=96&d=mm&r=g","caption":"sscc"},"url":"https:\/\/www.padreeustaquio.com.br\/es\/author\/userpde\/"}]}},"_links":{"self":[{"href":"https:\/\/www.padreeustaquio.com.br\/es\/wp-json\/wp\/v2\/posts\/3000","targetHints":{"allow":["GET"]}}],"collection":[{"href":"https:\/\/www.padreeustaquio.com.br\/es\/wp-json\/wp\/v2\/posts"}],"about":[{"href":"https:\/\/www.padreeustaquio.com.br\/es\/wp-json\/wp\/v2\/types\/post"}],"author":[{"embeddable":true,"href":"https:\/\/www.padreeustaquio.com.br\/es\/wp-json\/wp\/v2\/users\/6"}],"replies":[{"embeddable":true,"href":"https:\/\/www.padreeustaquio.com.br\/es\/wp-json\/wp\/v2\/comments?post=3000"}],"version-history":[{"count":0,"href":"https:\/\/www.padreeustaquio.com.br\/es\/wp-json\/wp\/v2\/posts\/3000\/revisions"}],"wp:featuredmedia":[{"embeddable":true,"href":"https:\/\/www.padreeustaquio.com.br\/es\/wp-json\/wp\/v2\/media\/3001"}],"wp:attachment":[{"href":"https:\/\/www.padreeustaquio.com.br\/es\/wp-json\/wp\/v2\/media?parent=3000"}],"wp:term":[{"taxonomy":"category","embeddable":true,"href":"https:\/\/www.padreeustaquio.com.br\/es\/wp-json\/wp\/v2\/categories?post=3000"},{"taxonomy":"post_tag","embeddable":true,"href":"https:\/\/www.padreeustaquio.com.br\/es\/wp-json\/wp\/v2\/tags?post=3000"}],"curies":[{"name":"wp","href":"https:\/\/api.w.org\/{rel}","templated":true}]}}