{"id":2997,"date":"2018-11-05T21:09:45","date_gmt":"2018-11-05T23:09:45","guid":{"rendered":"http:\/\/br606.teste.website\/~padre078\/padreeustaquio.com.br\/?p=2997"},"modified":"2019-08-21T21:10:54","modified_gmt":"2019-08-22T00:10:54","slug":"peregrinos-en-minas-gerais-celebran-al-beato-padre-eustaquio","status":"publish","type":"post","link":"https:\/\/www.padreeustaquio.com.br\/es\/peregrinos-en-minas-gerais-celebran-al-beato-padre-eustaquio\/","title":{"rendered":"Fieles de Romaria-MG celebran al Beato Padre Eust\u00e1quio"},"content":{"rendered":"<p>El fin de semana pasado, los devotos del Beato Padre Eust\u00e1quio en Romaria-MG celebraron el cumplea\u00f1os de la figura religiosa con grandes festejos. El programa incluy\u00f3 misas, puestos de comida, una caminata y mucha fe.<br \/>\nEl 27 de octubre, numerosas personas participaron del &quot;Sendero Padre Eust\u00e1quio&quot;, una caminata que comienza en la ciudad de Monte Carmelo y finaliza 22 kil\u00f3metros despu\u00e9s en el Santuario de Nossa Senhora da Abadia, en Romaria, Minas Gerais.<br \/>\nFue una caminata de m\u00e1s de cuatro horas. Al final, los devotos participaron en la Santa Misa, celebrada en el Oratorio dedicado al Beato Padre Eustaquio.<br \/>\nDel 25 de octubre al 2 de noviembre, los peregrinos meditaron la Novena dedicada al Beato. El d\u00eda 3, fecha que conmemora el nacimiento de la figura religiosa (3 de noviembre de 1890), se celebr\u00f3 una gran celebraci\u00f3n con una Amanecer Festivo, una S\u00faplica por la Canonizaci\u00f3n del Padre Eust\u00e1quio, una Procesi\u00f3n y una Misa Solemne.<br \/>\nDurante una de las celebraciones, la ciudad recibi\u00f3 dos prendas de vestir del Padre Eust\u00e1quio. Las reliquias formar\u00e1n parte de la exposici\u00f3n permanente del Santuario.<\/p>\n<p><strong>Padre Eust\u00e1quio en Romaria-MG<\/strong><\/p>\n<p>El padre Eust\u00e1quio vivi\u00f3 en Romaria, en la regi\u00f3n del Tri\u00e2ngulo Mineiro, de 1925 a 1935, sirviendo tambi\u00e9n en las parroquias de Indian\u00f3polis-MG e Ira\u00ed de Minas-MG. Constructor del actual Santuario de Nuestra Se\u00f1ora de la Abad\u00eda de \u00c1gua Suja, fue trasladado a S\u00e3o Paulo en medio de protestas de sus feligreses.<br \/>\nEl p\u00e1rroco gozaba de tal estima entre sus feligreses que, cuando fue trasladado, incluso sitiaron la rector\u00eda y bloquearon los caminos del pueblo, destruyendo los pasos de ganado. Aun as\u00ed, para cumplir con su nueva obligaci\u00f3n, emprendi\u00f3 el camino a pie hasta cruzar la frontera de \u00c1gua Suja.<\/p>","protected":false},"excerpt":{"rendered":"<p>No \u00faltimo final de semana, os devotos do Beato Padre Eust\u00e1quio em Romaria-MG, relembraram, com muita festa, o anivers\u00e1rio natal\u00edcio do religioso. Na programa\u00e7\u00e3o, missas, barraquinhas, caminhada e muita f\u00e9 marcaram as comemora\u00e7\u00f5es. No dia 27 de outubro, muitas pessoas participaram do \u201cCaminho de Padre Eust\u00e1quio\u201d, uma caminhada que come\u00e7a na cidade de Monte Carmelo e termina 22 quil\u00f4metros depois, no Santu\u00e1rio Nossa Senhora da Abadia, em Romaria-MG. Foram mais de 4 horas de caminhada. Ao final, os devotos participaram da Santa Missa, celebrada no Orat\u00f3rio dedicado ao Beato Padre Eust\u00e1quio. Do dia 25 de outubro at\u00e9 o dia 02 [&hellip;]<\/p>\n","protected":false},"author":6,"featured_media":2998,"comment_status":"closed","ping_status":"open","sticky":false,"template":"","format":"standard","meta":{"_acf_changed":false,"footnotes":""},"categories":[611],"tags":[],"class_list":["post-2997","post","type-post","status-publish","format-standard","has-post-thumbnail","hentry","category-noticias"],"acf":[],"yoast_head":"<!-- This site is optimized with the Yoast SEO plugin v27.2 - https:\/\/yoast.com\/product\/yoast-seo-wordpress\/ -->\n<title>Fieis de Romaria-MG celebram o Beato Padre Eust\u00e1quio - Padre Eust\u00e1quio<\/title>\n<meta name=\"robots\" content=\"index, follow, max-snippet:-1, max-image-preview:large, max-video-preview:-1\" \/>\n<link rel=\"canonical\" href=\"https:\/\/www.padreeustaquio.com.br\/es\/peregrinos-en-minas-gerais-celebran-al-beato-padre-eustaquio\/\" \/>\n<meta property=\"og:locale\" content=\"es_ES\" \/>\n<meta property=\"og:type\" content=\"article\" \/>\n<meta property=\"og:title\" content=\"Fieis de Romaria-MG celebram o Beato Padre Eust\u00e1quio - Padre Eust\u00e1quio\" \/>\n<meta property=\"og:description\" content=\"No \u00faltimo final de semana, os devotos do Beato Padre Eust\u00e1quio em Romaria-MG, relembraram, com muita festa, o anivers\u00e1rio natal\u00edcio do religioso. Na programa\u00e7\u00e3o, missas, barraquinhas, caminhada e muita f\u00e9 marcaram as comemora\u00e7\u00f5es. No dia 27 de outubro, muitas pessoas participaram do \u201cCaminho de Padre Eust\u00e1quio\u201d, uma caminhada que come\u00e7a na cidade de Monte Carmelo e termina 22 quil\u00f4metros depois, no Santu\u00e1rio Nossa Senhora da Abadia, em Romaria-MG. Foram mais de 4 horas de caminhada. Ao final, os devotos participaram da Santa Missa, celebrada no Orat\u00f3rio dedicado ao Beato Padre Eust\u00e1quio. Do dia 25 de outubro at\u00e9 o dia 02 [&hellip;]\" \/>\n<meta property=\"og:url\" content=\"https:\/\/www.padreeustaquio.com.br\/es\/peregrinos-en-minas-gerais-celebran-al-beato-padre-eustaquio\/\" \/>\n<meta property=\"og:site_name\" content=\"Padre Eust\u00e1quio\" \/>\n<meta property=\"article:publisher\" content=\"https:\/\/www.facebook.com\/beatopadreeustaquio\/\" \/>\n<meta property=\"article:published_time\" content=\"2018-11-05T23:09:45+00:00\" \/>\n<meta property=\"article:modified_time\" content=\"2019-08-22T00:10:54+00:00\" \/>\n<meta property=\"og:image\" content=\"https:\/\/www.padreeustaquio.com.br\/wp-content\/uploads\/2019\/08\/017.jpg\" \/>\n\t<meta property=\"og:image:width\" content=\"659\" \/>\n\t<meta property=\"og:image:height\" content=\"540\" \/>\n\t<meta property=\"og:image:type\" content=\"image\/jpeg\" \/>\n<meta name=\"author\" content=\"sscc\" \/>\n<meta name=\"twitter:card\" content=\"summary_large_image\" \/>\n<meta name=\"twitter:creator\" content=\"@beatopeustaquio\" \/>\n<meta name=\"twitter:site\" content=\"@beatopeustaquio\" \/>\n<meta name=\"twitter:label1\" content=\"Escrito por\" \/>\n\t<meta name=\"twitter:data1\" content=\"sscc\" \/>\n\t<meta name=\"twitter:label2\" content=\"Tiempo de lectura\" \/>\n\t<meta name=\"twitter:data2\" content=\"1 minuto\" \/>\n<script type=\"application\/ld+json\" class=\"yoast-schema-graph\">{\"@context\":\"https:\/\/schema.org\",\"@graph\":[{\"@type\":\"Article\",\"@id\":\"https:\/\/www.padreeustaquio.com.br\/fieis-de-romaria-mg-celebram-o-beato-padre-eustaquio\/#article\",\"isPartOf\":{\"@id\":\"https:\/\/www.padreeustaquio.com.br\/fieis-de-romaria-mg-celebram-o-beato-padre-eustaquio\/\"},\"author\":{\"name\":\"sscc\",\"@id\":\"https:\/\/www.padreeustaquio.com.br\/#\/schema\/person\/1bbfe7b959f00a655f8ecb6cb8f3ce87\"},\"headline\":\"Fieis de Romaria-MG celebram o Beato Padre Eust\u00e1quio\",\"datePublished\":\"2018-11-05T23:09:45+00:00\",\"dateModified\":\"2019-08-22T00:10:54+00:00\",\"mainEntityOfPage\":{\"@id\":\"https:\/\/www.padreeustaquio.com.br\/fieis-de-romaria-mg-celebram-o-beato-padre-eustaquio\/\"},\"wordCount\":301,\"publisher\":{\"@id\":\"https:\/\/www.padreeustaquio.com.br\/#organization\"},\"image\":{\"@id\":\"https:\/\/www.padreeustaquio.com.br\/fieis-de-romaria-mg-celebram-o-beato-padre-eustaquio\/#primaryimage\"},\"thumbnailUrl\":\"https:\/\/www.padreeustaquio.com.br\/wp-content\/uploads\/2019\/08\/017.jpg\",\"articleSection\":[\"Not\u00edcias\"],\"inLanguage\":\"es\"},{\"@type\":\"WebPage\",\"@id\":\"https:\/\/www.padreeustaquio.com.br\/fieis-de-romaria-mg-celebram-o-beato-padre-eustaquio\/\",\"url\":\"https:\/\/www.padreeustaquio.com.br\/fieis-de-romaria-mg-celebram-o-beato-padre-eustaquio\/\",\"name\":\"Fieis de Romaria-MG celebram o Beato Padre Eust\u00e1quio - Padre Eust\u00e1quio\",\"isPartOf\":{\"@id\":\"https:\/\/www.padreeustaquio.com.br\/#website\"},\"primaryImageOfPage\":{\"@id\":\"https:\/\/www.padreeustaquio.com.br\/fieis-de-romaria-mg-celebram-o-beato-padre-eustaquio\/#primaryimage\"},\"image\":{\"@id\":\"https:\/\/www.padreeustaquio.com.br\/fieis-de-romaria-mg-celebram-o-beato-padre-eustaquio\/#primaryimage\"},\"thumbnailUrl\":\"https:\/\/www.padreeustaquio.com.br\/wp-content\/uploads\/2019\/08\/017.jpg\",\"datePublished\":\"2018-11-05T23:09:45+00:00\",\"dateModified\":\"2019-08-22T00:10:54+00:00\",\"breadcrumb\":{\"@id\":\"https:\/\/www.padreeustaquio.com.br\/fieis-de-romaria-mg-celebram-o-beato-padre-eustaquio\/#breadcrumb\"},\"inLanguage\":\"es\",\"potentialAction\":[{\"@type\":\"ReadAction\",\"target\":[\"https:\/\/www.padreeustaquio.com.br\/fieis-de-romaria-mg-celebram-o-beato-padre-eustaquio\/\"]}]},{\"@type\":\"ImageObject\",\"inLanguage\":\"es\",\"@id\":\"https:\/\/www.padreeustaquio.com.br\/fieis-de-romaria-mg-celebram-o-beato-padre-eustaquio\/#primaryimage\",\"url\":\"https:\/\/www.padreeustaquio.com.br\/wp-content\/uploads\/2019\/08\/017.jpg\",\"contentUrl\":\"https:\/\/www.padreeustaquio.com.br\/wp-content\/uploads\/2019\/08\/017.jpg\",\"width\":659,\"height\":540},{\"@type\":\"BreadcrumbList\",\"@id\":\"https:\/\/www.padreeustaquio.com.br\/fieis-de-romaria-mg-celebram-o-beato-padre-eustaquio\/#breadcrumb\",\"itemListElement\":[{\"@type\":\"ListItem\",\"position\":1,\"name\":\"In\u00edcio\",\"item\":\"https:\/\/www.padreeustaquio.com.br\/\"},{\"@type\":\"ListItem\",\"position\":2,\"name\":\"Fieis de Romaria-MG celebram o Beato Padre Eust\u00e1quio\"}]},{\"@type\":\"WebSite\",\"@id\":\"https:\/\/www.padreeustaquio.com.br\/#website\",\"url\":\"https:\/\/www.padreeustaquio.com.br\/\",\"name\":\"Padre Eust\u00e1quio\",\"description\":\"Sa\u00fade e Paz\",\"publisher\":{\"@id\":\"https:\/\/www.padreeustaquio.com.br\/#organization\"},\"potentialAction\":[{\"@type\":\"SearchAction\",\"target\":{\"@type\":\"EntryPoint\",\"urlTemplate\":\"https:\/\/www.padreeustaquio.com.br\/?s={search_term_string}\"},\"query-input\":{\"@type\":\"PropertyValueSpecification\",\"valueRequired\":true,\"valueName\":\"search_term_string\"}}],\"inLanguage\":\"es\"},{\"@type\":\"Organization\",\"@id\":\"https:\/\/www.padreeustaquio.com.br\/#organization\",\"name\":\"Padre Eust\u00e1quio\",\"url\":\"https:\/\/www.padreeustaquio.com.br\/\",\"logo\":{\"@type\":\"ImageObject\",\"inLanguage\":\"es\",\"@id\":\"https:\/\/www.padreeustaquio.com.br\/#\/schema\/logo\/image\/\",\"url\":\"https:\/\/www.padreeustaquio.com.br\/wp-content\/uploads\/2019\/08\/marca.png\",\"contentUrl\":\"https:\/\/www.padreeustaquio.com.br\/wp-content\/uploads\/2019\/08\/marca.png\",\"width\":350,\"height\":400,\"caption\":\"Padre Eust\u00e1quio\"},\"image\":{\"@id\":\"https:\/\/www.padreeustaquio.com.br\/#\/schema\/logo\/image\/\"},\"sameAs\":[\"https:\/\/www.facebook.com\/beatopadreeustaquio\/\",\"https:\/\/x.com\/beatopeustaquio\",\"https:\/\/www.instagram.com\/beatopadreeustaquio\/\",\"https:\/\/www.youtube.com\/channel\/UCRhw7vfabnajwLxb1ZXMeIw\"]},{\"@type\":\"Person\",\"@id\":\"https:\/\/www.padreeustaquio.com.br\/#\/schema\/person\/1bbfe7b959f00a655f8ecb6cb8f3ce87\",\"name\":\"sscc\",\"image\":{\"@type\":\"ImageObject\",\"inLanguage\":\"es\",\"@id\":\"https:\/\/secure.gravatar.com\/avatar\/edddec27f012d36cfa3fce966238219942e4659e87f27ef7b5704f0db7007bec?s=96&d=mm&r=g\",\"url\":\"https:\/\/secure.gravatar.com\/avatar\/edddec27f012d36cfa3fce966238219942e4659e87f27ef7b5704f0db7007bec?s=96&d=mm&r=g\",\"contentUrl\":\"https:\/\/secure.gravatar.com\/avatar\/edddec27f012d36cfa3fce966238219942e4659e87f27ef7b5704f0db7007bec?s=96&d=mm&r=g\",\"caption\":\"sscc\"},\"url\":\"https:\/\/www.padreeustaquio.com.br\/es\/author\/userpde\/\"}]}<\/script>\n<!-- \/ Yoast SEO plugin. -->","yoast_head_json":{"title":"Fieles de Romaria-MG celebran al Beato Padre Eust\u00e1quio - Padre Eust\u00e1quio","robots":{"index":"index","follow":"follow","max-snippet":"max-snippet:-1","max-image-preview":"max-image-preview:large","max-video-preview":"max-video-preview:-1"},"canonical":"https:\/\/www.padreeustaquio.com.br\/es\/peregrinos-en-minas-gerais-celebran-al-beato-padre-eustaquio\/","og_locale":"es_ES","og_type":"article","og_title":"Fieis de Romaria-MG celebram o Beato Padre Eust\u00e1quio - Padre Eust\u00e1quio","og_description":"No \u00faltimo final de semana, os devotos do Beato Padre Eust\u00e1quio em Romaria-MG, relembraram, com muita festa, o anivers\u00e1rio natal\u00edcio do religioso. Na programa\u00e7\u00e3o, missas, barraquinhas, caminhada e muita f\u00e9 marcaram as comemora\u00e7\u00f5es. No dia 27 de outubro, muitas pessoas participaram do \u201cCaminho de Padre Eust\u00e1quio\u201d, uma caminhada que come\u00e7a na cidade de Monte Carmelo e termina 22 quil\u00f4metros depois, no Santu\u00e1rio Nossa Senhora da Abadia, em Romaria-MG. Foram mais de 4 horas de caminhada. Ao final, os devotos participaram da Santa Missa, celebrada no Orat\u00f3rio dedicado ao Beato Padre Eust\u00e1quio. Do dia 25 de outubro at\u00e9 o dia 02 [&hellip;]","og_url":"https:\/\/www.padreeustaquio.com.br\/es\/peregrinos-en-minas-gerais-celebran-al-beato-padre-eustaquio\/","og_site_name":"Padre Eust\u00e1quio","article_publisher":"https:\/\/www.facebook.com\/beatopadreeustaquio\/","article_published_time":"2018-11-05T23:09:45+00:00","article_modified_time":"2019-08-22T00:10:54+00:00","og_image":[{"width":659,"height":540,"url":"https:\/\/www.padreeustaquio.com.br\/wp-content\/uploads\/2019\/08\/017.jpg","type":"image\/jpeg"}],"author":"sscc","twitter_card":"summary_large_image","twitter_creator":"@beatopeustaquio","twitter_site":"@beatopeustaquio","twitter_misc":{"Escrito por":"sscc","Tiempo de lectura":"1 minuto"},"schema":{"@context":"https:\/\/schema.org","@graph":[{"@type":"Article","@id":"https:\/\/www.padreeustaquio.com.br\/fieis-de-romaria-mg-celebram-o-beato-padre-eustaquio\/#article","isPartOf":{"@id":"https:\/\/www.padreeustaquio.com.br\/fieis-de-romaria-mg-celebram-o-beato-padre-eustaquio\/"},"author":{"name":"sscc","@id":"https:\/\/www.padreeustaquio.com.br\/#\/schema\/person\/1bbfe7b959f00a655f8ecb6cb8f3ce87"},"headline":"Fieis de Romaria-MG celebram o Beato Padre Eust\u00e1quio","datePublished":"2018-11-05T23:09:45+00:00","dateModified":"2019-08-22T00:10:54+00:00","mainEntityOfPage":{"@id":"https:\/\/www.padreeustaquio.com.br\/fieis-de-romaria-mg-celebram-o-beato-padre-eustaquio\/"},"wordCount":301,"publisher":{"@id":"https:\/\/www.padreeustaquio.com.br\/#organization"},"image":{"@id":"https:\/\/www.padreeustaquio.com.br\/fieis-de-romaria-mg-celebram-o-beato-padre-eustaquio\/#primaryimage"},"thumbnailUrl":"https:\/\/www.padreeustaquio.com.br\/wp-content\/uploads\/2019\/08\/017.jpg","articleSection":["Not\u00edcias"],"inLanguage":"es"},{"@type":"WebPage","@id":"https:\/\/www.padreeustaquio.com.br\/fieis-de-romaria-mg-celebram-o-beato-padre-eustaquio\/","url":"https:\/\/www.padreeustaquio.com.br\/fieis-de-romaria-mg-celebram-o-beato-padre-eustaquio\/","name":"Fieles de Romaria-MG celebran al Beato Padre Eust\u00e1quio - Padre Eust\u00e1quio","isPartOf":{"@id":"https:\/\/www.padreeustaquio.com.br\/#website"},"primaryImageOfPage":{"@id":"https:\/\/www.padreeustaquio.com.br\/fieis-de-romaria-mg-celebram-o-beato-padre-eustaquio\/#primaryimage"},"image":{"@id":"https:\/\/www.padreeustaquio.com.br\/fieis-de-romaria-mg-celebram-o-beato-padre-eustaquio\/#primaryimage"},"thumbnailUrl":"https:\/\/www.padreeustaquio.com.br\/wp-content\/uploads\/2019\/08\/017.jpg","datePublished":"2018-11-05T23:09:45+00:00","dateModified":"2019-08-22T00:10:54+00:00","breadcrumb":{"@id":"https:\/\/www.padreeustaquio.com.br\/fieis-de-romaria-mg-celebram-o-beato-padre-eustaquio\/#breadcrumb"},"inLanguage":"es","potentialAction":[{"@type":"ReadAction","target":["https:\/\/www.padreeustaquio.com.br\/fieis-de-romaria-mg-celebram-o-beato-padre-eustaquio\/"]}]},{"@type":"ImageObject","inLanguage":"es","@id":"https:\/\/www.padreeustaquio.com.br\/fieis-de-romaria-mg-celebram-o-beato-padre-eustaquio\/#primaryimage","url":"https:\/\/www.padreeustaquio.com.br\/wp-content\/uploads\/2019\/08\/017.jpg","contentUrl":"https:\/\/www.padreeustaquio.com.br\/wp-content\/uploads\/2019\/08\/017.jpg","width":659,"height":540},{"@type":"BreadcrumbList","@id":"https:\/\/www.padreeustaquio.com.br\/fieis-de-romaria-mg-celebram-o-beato-padre-eustaquio\/#breadcrumb","itemListElement":[{"@type":"ListItem","position":1,"name":"In\u00edcio","item":"https:\/\/www.padreeustaquio.com.br\/"},{"@type":"ListItem","position":2,"name":"Fieis de Romaria-MG celebram o Beato Padre Eust\u00e1quio"}]},{"@type":"WebSite","@id":"https:\/\/www.padreeustaquio.com.br\/#website","url":"https:\/\/www.padreeustaquio.com.br\/","name":"Padre Eustace","description":"Salud y Paz","publisher":{"@id":"https:\/\/www.padreeustaquio.com.br\/#organization"},"potentialAction":[{"@type":"SearchAction","target":{"@type":"EntryPoint","urlTemplate":"https:\/\/www.padreeustaquio.com.br\/?s={search_term_string}"},"query-input":{"@type":"PropertyValueSpecification","valueRequired":true,"valueName":"search_term_string"}}],"inLanguage":"es"},{"@type":"Organization","@id":"https:\/\/www.padreeustaquio.com.br\/#organization","name":"Padre Eustace","url":"https:\/\/www.padreeustaquio.com.br\/","logo":{"@type":"ImageObject","inLanguage":"es","@id":"https:\/\/www.padreeustaquio.com.br\/#\/schema\/logo\/image\/","url":"https:\/\/www.padreeustaquio.com.br\/wp-content\/uploads\/2019\/08\/marca.png","contentUrl":"https:\/\/www.padreeustaquio.com.br\/wp-content\/uploads\/2019\/08\/marca.png","width":350,"height":400,"caption":"Padre Eust\u00e1quio"},"image":{"@id":"https:\/\/www.padreeustaquio.com.br\/#\/schema\/logo\/image\/"},"sameAs":["https:\/\/www.facebook.com\/beatopadreeustaquio\/","https:\/\/x.com\/beatopeustaquio","https:\/\/www.instagram.com\/beatopadreeustaquio\/","https:\/\/www.youtube.com\/channel\/UCRhw7vfabnajwLxb1ZXMeIw"]},{"@type":"Person","@id":"https:\/\/www.padreeustaquio.com.br\/#\/schema\/person\/1bbfe7b959f00a655f8ecb6cb8f3ce87","name":"escuela secundaria","image":{"@type":"ImageObject","inLanguage":"es","@id":"https:\/\/secure.gravatar.com\/avatar\/edddec27f012d36cfa3fce966238219942e4659e87f27ef7b5704f0db7007bec?s=96&d=mm&r=g","url":"https:\/\/secure.gravatar.com\/avatar\/edddec27f012d36cfa3fce966238219942e4659e87f27ef7b5704f0db7007bec?s=96&d=mm&r=g","contentUrl":"https:\/\/secure.gravatar.com\/avatar\/edddec27f012d36cfa3fce966238219942e4659e87f27ef7b5704f0db7007bec?s=96&d=mm&r=g","caption":"sscc"},"url":"https:\/\/www.padreeustaquio.com.br\/es\/author\/userpde\/"}]}},"_links":{"self":[{"href":"https:\/\/www.padreeustaquio.com.br\/es\/wp-json\/wp\/v2\/posts\/2997","targetHints":{"allow":["GET"]}}],"collection":[{"href":"https:\/\/www.padreeustaquio.com.br\/es\/wp-json\/wp\/v2\/posts"}],"about":[{"href":"https:\/\/www.padreeustaquio.com.br\/es\/wp-json\/wp\/v2\/types\/post"}],"author":[{"embeddable":true,"href":"https:\/\/www.padreeustaquio.com.br\/es\/wp-json\/wp\/v2\/users\/6"}],"replies":[{"embeddable":true,"href":"https:\/\/www.padreeustaquio.com.br\/es\/wp-json\/wp\/v2\/comments?post=2997"}],"version-history":[{"count":0,"href":"https:\/\/www.padreeustaquio.com.br\/es\/wp-json\/wp\/v2\/posts\/2997\/revisions"}],"wp:featuredmedia":[{"embeddable":true,"href":"https:\/\/www.padreeustaquio.com.br\/es\/wp-json\/wp\/v2\/media\/2998"}],"wp:attachment":[{"href":"https:\/\/www.padreeustaquio.com.br\/es\/wp-json\/wp\/v2\/media?parent=2997"}],"wp:term":[{"taxonomy":"category","embeddable":true,"href":"https:\/\/www.padreeustaquio.com.br\/es\/wp-json\/wp\/v2\/categories?post=2997"},{"taxonomy":"post_tag","embeddable":true,"href":"https:\/\/www.padreeustaquio.com.br\/es\/wp-json\/wp\/v2\/tags?post=2997"}],"curies":[{"name":"wp","href":"https:\/\/api.w.org\/{rel}","templated":true}]}}