{"id":2994,"date":"2018-11-01T21:05:33","date_gmt":"2018-11-02T00:05:33","guid":{"rendered":"http:\/\/br606.teste.website\/~padre078\/padreeustaquio.com.br\/?p=2994"},"modified":"2019-08-22T00:02:49","modified_gmt":"2019-08-22T03:02:49","slug":"sabias-que-juscelino-kubitschek-era-amigo-y-devoto-del-padre-eustaquio","status":"publish","type":"post","link":"https:\/\/www.padreeustaquio.com.br\/es\/sabias-que-juscelino-kubitschek-era-amigo-y-devoto-del-padre-eustaquio\/","title":{"rendered":"\u00bfSab\u00edas que Juscelino Kubitschek era amigo y devoto del Padre Eust\u00e1quio?"},"content":{"rendered":"<p>Seg\u00fan relatos del libro &quot;Beato Eustaquio&quot;, de Luc\u00e9lia Borges Pereira, el ex presidente Juscelino Kubitschek, entonces alcalde de Belo Horizonte, conoci\u00f3 al padre Eustaquio y, a trav\u00e9s de sus bendiciones, recibi\u00f3 dos gracias: una para su esposa, que s\u00f3lo despu\u00e9s de la bendici\u00f3n del padre Eustaquio pudo concebir, y la otra para \u00e9l mismo, cuando sufr\u00eda una grave infecci\u00f3n de garganta.<\/p>\n<p>Estos acontecimientos hicieron de JK un gran admirador del Padre Eust\u00e1quio, llev\u00e1ndolo a donar el terreno para la construcci\u00f3n de la futura Iglesia de los Sagrados Corazones en Belo Horizonte y, despu\u00e9s de la muerte del sacerdote, a contribuir activamente al inicio del proceso de canonizaci\u00f3n.<\/p>\n<p>En la foto, Juscelino Kubitschek (centro) est\u00e1 junto al Padre Alfredo Elfrink, SSCC, (derecha), primer Vicepostulador de la Causa, escribiendo su testimonio para el proceso de beatificaci\u00f3n que acababa de iniciarse a mediados de 1956.<\/p>","protected":false},"excerpt":{"rendered":"<p>Segundo relatos do livro \u201cBem-Aventurado Eust\u00e1quio\u201d, de Luc\u00e9lia Borges Pereira, o ex-presidente Juscelino Kubitschek, na \u00e9poca prefeito de Belo Horizonte, conheceu Padre Eust\u00e1quio e, por interm\u00e9dio de suas b\u00ean\u00e7\u00e3os, recebeu duas gra\u00e7as: uma para sua esposa, que s\u00f3 ap\u00f3s a b\u00ean\u00e7\u00e3o de Padre Eust\u00e1quio conseguiu engravidar e a outra para si mesmo quanto sofria de uma grave infec\u00e7\u00e3o na garganta. Estes fatos fizeram de JK um grande admirador de Padre Eust\u00e1quio, levando-o a doar o terreno para a constru\u00e7\u00e3o da futura Matriz dos Sagrados Cora\u00e7\u00f5es, em BH, e, ap\u00f3s a morte do religioso, contribuir ativamente com o in\u00edcio do processo [&hellip;]<\/p>\n","protected":false},"author":6,"featured_media":2995,"comment_status":"closed","ping_status":"open","sticky":false,"template":"","format":"standard","meta":{"_acf_changed":false,"footnotes":""},"categories":[614,611],"tags":[],"class_list":["post-2994","post","type-post","status-publish","format-standard","has-post-thumbnail","hentry","category-curiosidades","category-noticias"],"acf":[],"yoast_head":"<!-- This site is optimized with the Yoast SEO plugin v27.2 - https:\/\/yoast.com\/product\/yoast-seo-wordpress\/ -->\n<title>Voce sabia que Juscelino Kubitschek era amigo e devoto de Padre Eust\u00e1quio? - Padre Eust\u00e1quio<\/title>\n<meta name=\"robots\" content=\"index, follow, max-snippet:-1, max-image-preview:large, max-video-preview:-1\" \/>\n<link rel=\"canonical\" href=\"https:\/\/www.padreeustaquio.com.br\/es\/sabias-que-juscelino-kubitschek-era-amigo-y-devoto-del-padre-eustaquio\/\" \/>\n<meta property=\"og:locale\" content=\"es_ES\" \/>\n<meta property=\"og:type\" content=\"article\" \/>\n<meta property=\"og:title\" content=\"Voce sabia que Juscelino Kubitschek era amigo e devoto de Padre Eust\u00e1quio? - Padre Eust\u00e1quio\" \/>\n<meta property=\"og:description\" content=\"Segundo relatos do livro \u201cBem-Aventurado Eust\u00e1quio\u201d, de Luc\u00e9lia Borges Pereira, o ex-presidente Juscelino Kubitschek, na \u00e9poca prefeito de Belo Horizonte, conheceu Padre Eust\u00e1quio e, por interm\u00e9dio de suas b\u00ean\u00e7\u00e3os, recebeu duas gra\u00e7as: uma para sua esposa, que s\u00f3 ap\u00f3s a b\u00ean\u00e7\u00e3o de Padre Eust\u00e1quio conseguiu engravidar e a outra para si mesmo quanto sofria de uma grave infec\u00e7\u00e3o na garganta. Estes fatos fizeram de JK um grande admirador de Padre Eust\u00e1quio, levando-o a doar o terreno para a constru\u00e7\u00e3o da futura Matriz dos Sagrados Cora\u00e7\u00f5es, em BH, e, ap\u00f3s a morte do religioso, contribuir ativamente com o in\u00edcio do processo [&hellip;]\" \/>\n<meta property=\"og:url\" content=\"https:\/\/www.padreeustaquio.com.br\/es\/sabias-que-juscelino-kubitschek-era-amigo-y-devoto-del-padre-eustaquio\/\" \/>\n<meta property=\"og:site_name\" content=\"Padre Eust\u00e1quio\" \/>\n<meta property=\"article:publisher\" content=\"https:\/\/www.facebook.com\/beatopadreeustaquio\/\" \/>\n<meta property=\"article:published_time\" content=\"2018-11-02T00:05:33+00:00\" \/>\n<meta property=\"article:modified_time\" content=\"2019-08-22T03:02:49+00:00\" \/>\n<meta property=\"og:image\" content=\"https:\/\/www.padreeustaquio.com.br\/wp-content\/uploads\/2019\/08\/0016.jpg\" \/>\n\t<meta property=\"og:image:width\" content=\"2000\" \/>\n\t<meta property=\"og:image:height\" content=\"1332\" \/>\n\t<meta property=\"og:image:type\" content=\"image\/jpeg\" \/>\n<meta name=\"author\" content=\"sscc\" \/>\n<meta name=\"twitter:card\" content=\"summary_large_image\" \/>\n<meta name=\"twitter:creator\" content=\"@beatopeustaquio\" \/>\n<meta name=\"twitter:site\" content=\"@beatopeustaquio\" \/>\n<meta name=\"twitter:label1\" content=\"Escrito por\" \/>\n\t<meta name=\"twitter:data1\" content=\"sscc\" \/>\n\t<meta name=\"twitter:label2\" content=\"Tiempo de lectura\" \/>\n\t<meta name=\"twitter:data2\" content=\"1 minuto\" \/>\n<script type=\"application\/ld+json\" class=\"yoast-schema-graph\">{\"@context\":\"https:\/\/schema.org\",\"@graph\":[{\"@type\":\"Article\",\"@id\":\"https:\/\/www.padreeustaquio.com.br\/voce-sabia-que-juscelino-kubitschek-era-amigo-e-devoto-de-padre-eustaquio\/#article\",\"isPartOf\":{\"@id\":\"https:\/\/www.padreeustaquio.com.br\/voce-sabia-que-juscelino-kubitschek-era-amigo-e-devoto-de-padre-eustaquio\/\"},\"author\":{\"name\":\"sscc\",\"@id\":\"https:\/\/www.padreeustaquio.com.br\/#\/schema\/person\/1bbfe7b959f00a655f8ecb6cb8f3ce87\"},\"headline\":\"Voce sabia que Juscelino Kubitschek era amigo e devoto de Padre Eust\u00e1quio?\",\"datePublished\":\"2018-11-02T00:05:33+00:00\",\"dateModified\":\"2019-08-22T03:02:49+00:00\",\"mainEntityOfPage\":{\"@id\":\"https:\/\/www.padreeustaquio.com.br\/voce-sabia-que-juscelino-kubitschek-era-amigo-e-devoto-de-padre-eustaquio\/\"},\"wordCount\":169,\"publisher\":{\"@id\":\"https:\/\/www.padreeustaquio.com.br\/#organization\"},\"image\":{\"@id\":\"https:\/\/www.padreeustaquio.com.br\/voce-sabia-que-juscelino-kubitschek-era-amigo-e-devoto-de-padre-eustaquio\/#primaryimage\"},\"thumbnailUrl\":\"https:\/\/www.padreeustaquio.com.br\/wp-content\/uploads\/2019\/08\/0016.jpg\",\"articleSection\":[\"Curiosidades\",\"Not\u00edcias\"],\"inLanguage\":\"es\"},{\"@type\":\"WebPage\",\"@id\":\"https:\/\/www.padreeustaquio.com.br\/voce-sabia-que-juscelino-kubitschek-era-amigo-e-devoto-de-padre-eustaquio\/\",\"url\":\"https:\/\/www.padreeustaquio.com.br\/voce-sabia-que-juscelino-kubitschek-era-amigo-e-devoto-de-padre-eustaquio\/\",\"name\":\"Voce sabia que Juscelino Kubitschek era amigo e devoto de Padre Eust\u00e1quio? - Padre Eust\u00e1quio\",\"isPartOf\":{\"@id\":\"https:\/\/www.padreeustaquio.com.br\/#website\"},\"primaryImageOfPage\":{\"@id\":\"https:\/\/www.padreeustaquio.com.br\/voce-sabia-que-juscelino-kubitschek-era-amigo-e-devoto-de-padre-eustaquio\/#primaryimage\"},\"image\":{\"@id\":\"https:\/\/www.padreeustaquio.com.br\/voce-sabia-que-juscelino-kubitschek-era-amigo-e-devoto-de-padre-eustaquio\/#primaryimage\"},\"thumbnailUrl\":\"https:\/\/www.padreeustaquio.com.br\/wp-content\/uploads\/2019\/08\/0016.jpg\",\"datePublished\":\"2018-11-02T00:05:33+00:00\",\"dateModified\":\"2019-08-22T03:02:49+00:00\",\"breadcrumb\":{\"@id\":\"https:\/\/www.padreeustaquio.com.br\/voce-sabia-que-juscelino-kubitschek-era-amigo-e-devoto-de-padre-eustaquio\/#breadcrumb\"},\"inLanguage\":\"es\",\"potentialAction\":[{\"@type\":\"ReadAction\",\"target\":[\"https:\/\/www.padreeustaquio.com.br\/voce-sabia-que-juscelino-kubitschek-era-amigo-e-devoto-de-padre-eustaquio\/\"]}]},{\"@type\":\"ImageObject\",\"inLanguage\":\"es\",\"@id\":\"https:\/\/www.padreeustaquio.com.br\/voce-sabia-que-juscelino-kubitschek-era-amigo-e-devoto-de-padre-eustaquio\/#primaryimage\",\"url\":\"https:\/\/www.padreeustaquio.com.br\/wp-content\/uploads\/2019\/08\/0016.jpg\",\"contentUrl\":\"https:\/\/www.padreeustaquio.com.br\/wp-content\/uploads\/2019\/08\/0016.jpg\",\"width\":2000,\"height\":1332},{\"@type\":\"BreadcrumbList\",\"@id\":\"https:\/\/www.padreeustaquio.com.br\/voce-sabia-que-juscelino-kubitschek-era-amigo-e-devoto-de-padre-eustaquio\/#breadcrumb\",\"itemListElement\":[{\"@type\":\"ListItem\",\"position\":1,\"name\":\"In\u00edcio\",\"item\":\"https:\/\/www.padreeustaquio.com.br\/\"},{\"@type\":\"ListItem\",\"position\":2,\"name\":\"Voce sabia que Juscelino Kubitschek era amigo e devoto de Padre Eust\u00e1quio?\"}]},{\"@type\":\"WebSite\",\"@id\":\"https:\/\/www.padreeustaquio.com.br\/#website\",\"url\":\"https:\/\/www.padreeustaquio.com.br\/\",\"name\":\"Padre Eust\u00e1quio\",\"description\":\"Sa\u00fade e Paz\",\"publisher\":{\"@id\":\"https:\/\/www.padreeustaquio.com.br\/#organization\"},\"potentialAction\":[{\"@type\":\"SearchAction\",\"target\":{\"@type\":\"EntryPoint\",\"urlTemplate\":\"https:\/\/www.padreeustaquio.com.br\/?s={search_term_string}\"},\"query-input\":{\"@type\":\"PropertyValueSpecification\",\"valueRequired\":true,\"valueName\":\"search_term_string\"}}],\"inLanguage\":\"es\"},{\"@type\":\"Organization\",\"@id\":\"https:\/\/www.padreeustaquio.com.br\/#organization\",\"name\":\"Padre Eust\u00e1quio\",\"url\":\"https:\/\/www.padreeustaquio.com.br\/\",\"logo\":{\"@type\":\"ImageObject\",\"inLanguage\":\"es\",\"@id\":\"https:\/\/www.padreeustaquio.com.br\/#\/schema\/logo\/image\/\",\"url\":\"https:\/\/www.padreeustaquio.com.br\/wp-content\/uploads\/2019\/08\/marca.png\",\"contentUrl\":\"https:\/\/www.padreeustaquio.com.br\/wp-content\/uploads\/2019\/08\/marca.png\",\"width\":350,\"height\":400,\"caption\":\"Padre Eust\u00e1quio\"},\"image\":{\"@id\":\"https:\/\/www.padreeustaquio.com.br\/#\/schema\/logo\/image\/\"},\"sameAs\":[\"https:\/\/www.facebook.com\/beatopadreeustaquio\/\",\"https:\/\/x.com\/beatopeustaquio\",\"https:\/\/www.instagram.com\/beatopadreeustaquio\/\",\"https:\/\/www.youtube.com\/channel\/UCRhw7vfabnajwLxb1ZXMeIw\"]},{\"@type\":\"Person\",\"@id\":\"https:\/\/www.padreeustaquio.com.br\/#\/schema\/person\/1bbfe7b959f00a655f8ecb6cb8f3ce87\",\"name\":\"sscc\",\"image\":{\"@type\":\"ImageObject\",\"inLanguage\":\"es\",\"@id\":\"https:\/\/secure.gravatar.com\/avatar\/edddec27f012d36cfa3fce966238219942e4659e87f27ef7b5704f0db7007bec?s=96&d=mm&r=g\",\"url\":\"https:\/\/secure.gravatar.com\/avatar\/edddec27f012d36cfa3fce966238219942e4659e87f27ef7b5704f0db7007bec?s=96&d=mm&r=g\",\"contentUrl\":\"https:\/\/secure.gravatar.com\/avatar\/edddec27f012d36cfa3fce966238219942e4659e87f27ef7b5704f0db7007bec?s=96&d=mm&r=g\",\"caption\":\"sscc\"},\"url\":\"https:\/\/www.padreeustaquio.com.br\/es\/author\/userpde\/\"}]}<\/script>\n<!-- \/ Yoast SEO plugin. -->","yoast_head_json":{"title":"\u00bfSab\u00edas que Juscelino Kubitschek era amigo y devoto del Padre Eust\u00e1quio? - Padre Eust\u00e1quio","robots":{"index":"index","follow":"follow","max-snippet":"max-snippet:-1","max-image-preview":"max-image-preview:large","max-video-preview":"max-video-preview:-1"},"canonical":"https:\/\/www.padreeustaquio.com.br\/es\/sabias-que-juscelino-kubitschek-era-amigo-y-devoto-del-padre-eustaquio\/","og_locale":"es_ES","og_type":"article","og_title":"Voce sabia que Juscelino Kubitschek era amigo e devoto de Padre Eust\u00e1quio? - Padre Eust\u00e1quio","og_description":"Segundo relatos do livro \u201cBem-Aventurado Eust\u00e1quio\u201d, de Luc\u00e9lia Borges Pereira, o ex-presidente Juscelino Kubitschek, na \u00e9poca prefeito de Belo Horizonte, conheceu Padre Eust\u00e1quio e, por interm\u00e9dio de suas b\u00ean\u00e7\u00e3os, recebeu duas gra\u00e7as: uma para sua esposa, que s\u00f3 ap\u00f3s a b\u00ean\u00e7\u00e3o de Padre Eust\u00e1quio conseguiu engravidar e a outra para si mesmo quanto sofria de uma grave infec\u00e7\u00e3o na garganta. Estes fatos fizeram de JK um grande admirador de Padre Eust\u00e1quio, levando-o a doar o terreno para a constru\u00e7\u00e3o da futura Matriz dos Sagrados Cora\u00e7\u00f5es, em BH, e, ap\u00f3s a morte do religioso, contribuir ativamente com o in\u00edcio do processo [&hellip;]","og_url":"https:\/\/www.padreeustaquio.com.br\/es\/sabias-que-juscelino-kubitschek-era-amigo-y-devoto-del-padre-eustaquio\/","og_site_name":"Padre Eust\u00e1quio","article_publisher":"https:\/\/www.facebook.com\/beatopadreeustaquio\/","article_published_time":"2018-11-02T00:05:33+00:00","article_modified_time":"2019-08-22T03:02:49+00:00","og_image":[{"width":2000,"height":1332,"url":"https:\/\/www.padreeustaquio.com.br\/wp-content\/uploads\/2019\/08\/0016.jpg","type":"image\/jpeg"}],"author":"sscc","twitter_card":"summary_large_image","twitter_creator":"@beatopeustaquio","twitter_site":"@beatopeustaquio","twitter_misc":{"Escrito por":"sscc","Tiempo de lectura":"1 minuto"},"schema":{"@context":"https:\/\/schema.org","@graph":[{"@type":"Article","@id":"https:\/\/www.padreeustaquio.com.br\/voce-sabia-que-juscelino-kubitschek-era-amigo-e-devoto-de-padre-eustaquio\/#article","isPartOf":{"@id":"https:\/\/www.padreeustaquio.com.br\/voce-sabia-que-juscelino-kubitschek-era-amigo-e-devoto-de-padre-eustaquio\/"},"author":{"name":"sscc","@id":"https:\/\/www.padreeustaquio.com.br\/#\/schema\/person\/1bbfe7b959f00a655f8ecb6cb8f3ce87"},"headline":"Voce sabia que Juscelino Kubitschek era amigo e devoto de Padre Eust\u00e1quio?","datePublished":"2018-11-02T00:05:33+00:00","dateModified":"2019-08-22T03:02:49+00:00","mainEntityOfPage":{"@id":"https:\/\/www.padreeustaquio.com.br\/voce-sabia-que-juscelino-kubitschek-era-amigo-e-devoto-de-padre-eustaquio\/"},"wordCount":169,"publisher":{"@id":"https:\/\/www.padreeustaquio.com.br\/#organization"},"image":{"@id":"https:\/\/www.padreeustaquio.com.br\/voce-sabia-que-juscelino-kubitschek-era-amigo-e-devoto-de-padre-eustaquio\/#primaryimage"},"thumbnailUrl":"https:\/\/www.padreeustaquio.com.br\/wp-content\/uploads\/2019\/08\/0016.jpg","articleSection":["Curiosidades","Not\u00edcias"],"inLanguage":"es"},{"@type":"WebPage","@id":"https:\/\/www.padreeustaquio.com.br\/voce-sabia-que-juscelino-kubitschek-era-amigo-e-devoto-de-padre-eustaquio\/","url":"https:\/\/www.padreeustaquio.com.br\/voce-sabia-que-juscelino-kubitschek-era-amigo-e-devoto-de-padre-eustaquio\/","name":"\u00bfSab\u00edas que Juscelino Kubitschek era amigo y devoto del Padre Eust\u00e1quio? - Padre Eust\u00e1quio","isPartOf":{"@id":"https:\/\/www.padreeustaquio.com.br\/#website"},"primaryImageOfPage":{"@id":"https:\/\/www.padreeustaquio.com.br\/voce-sabia-que-juscelino-kubitschek-era-amigo-e-devoto-de-padre-eustaquio\/#primaryimage"},"image":{"@id":"https:\/\/www.padreeustaquio.com.br\/voce-sabia-que-juscelino-kubitschek-era-amigo-e-devoto-de-padre-eustaquio\/#primaryimage"},"thumbnailUrl":"https:\/\/www.padreeustaquio.com.br\/wp-content\/uploads\/2019\/08\/0016.jpg","datePublished":"2018-11-02T00:05:33+00:00","dateModified":"2019-08-22T03:02:49+00:00","breadcrumb":{"@id":"https:\/\/www.padreeustaquio.com.br\/voce-sabia-que-juscelino-kubitschek-era-amigo-e-devoto-de-padre-eustaquio\/#breadcrumb"},"inLanguage":"es","potentialAction":[{"@type":"ReadAction","target":["https:\/\/www.padreeustaquio.com.br\/voce-sabia-que-juscelino-kubitschek-era-amigo-e-devoto-de-padre-eustaquio\/"]}]},{"@type":"ImageObject","inLanguage":"es","@id":"https:\/\/www.padreeustaquio.com.br\/voce-sabia-que-juscelino-kubitschek-era-amigo-e-devoto-de-padre-eustaquio\/#primaryimage","url":"https:\/\/www.padreeustaquio.com.br\/wp-content\/uploads\/2019\/08\/0016.jpg","contentUrl":"https:\/\/www.padreeustaquio.com.br\/wp-content\/uploads\/2019\/08\/0016.jpg","width":2000,"height":1332},{"@type":"BreadcrumbList","@id":"https:\/\/www.padreeustaquio.com.br\/voce-sabia-que-juscelino-kubitschek-era-amigo-e-devoto-de-padre-eustaquio\/#breadcrumb","itemListElement":[{"@type":"ListItem","position":1,"name":"In\u00edcio","item":"https:\/\/www.padreeustaquio.com.br\/"},{"@type":"ListItem","position":2,"name":"Voce sabia que Juscelino Kubitschek era amigo e devoto de Padre Eust\u00e1quio?"}]},{"@type":"WebSite","@id":"https:\/\/www.padreeustaquio.com.br\/#website","url":"https:\/\/www.padreeustaquio.com.br\/","name":"Padre Eustace","description":"Salud y Paz","publisher":{"@id":"https:\/\/www.padreeustaquio.com.br\/#organization"},"potentialAction":[{"@type":"SearchAction","target":{"@type":"EntryPoint","urlTemplate":"https:\/\/www.padreeustaquio.com.br\/?s={search_term_string}"},"query-input":{"@type":"PropertyValueSpecification","valueRequired":true,"valueName":"search_term_string"}}],"inLanguage":"es"},{"@type":"Organization","@id":"https:\/\/www.padreeustaquio.com.br\/#organization","name":"Padre Eustace","url":"https:\/\/www.padreeustaquio.com.br\/","logo":{"@type":"ImageObject","inLanguage":"es","@id":"https:\/\/www.padreeustaquio.com.br\/#\/schema\/logo\/image\/","url":"https:\/\/www.padreeustaquio.com.br\/wp-content\/uploads\/2019\/08\/marca.png","contentUrl":"https:\/\/www.padreeustaquio.com.br\/wp-content\/uploads\/2019\/08\/marca.png","width":350,"height":400,"caption":"Padre Eust\u00e1quio"},"image":{"@id":"https:\/\/www.padreeustaquio.com.br\/#\/schema\/logo\/image\/"},"sameAs":["https:\/\/www.facebook.com\/beatopadreeustaquio\/","https:\/\/x.com\/beatopeustaquio","https:\/\/www.instagram.com\/beatopadreeustaquio\/","https:\/\/www.youtube.com\/channel\/UCRhw7vfabnajwLxb1ZXMeIw"]},{"@type":"Person","@id":"https:\/\/www.padreeustaquio.com.br\/#\/schema\/person\/1bbfe7b959f00a655f8ecb6cb8f3ce87","name":"escuela secundaria","image":{"@type":"ImageObject","inLanguage":"es","@id":"https:\/\/secure.gravatar.com\/avatar\/edddec27f012d36cfa3fce966238219942e4659e87f27ef7b5704f0db7007bec?s=96&d=mm&r=g","url":"https:\/\/secure.gravatar.com\/avatar\/edddec27f012d36cfa3fce966238219942e4659e87f27ef7b5704f0db7007bec?s=96&d=mm&r=g","contentUrl":"https:\/\/secure.gravatar.com\/avatar\/edddec27f012d36cfa3fce966238219942e4659e87f27ef7b5704f0db7007bec?s=96&d=mm&r=g","caption":"sscc"},"url":"https:\/\/www.padreeustaquio.com.br\/es\/author\/userpde\/"}]}},"_links":{"self":[{"href":"https:\/\/www.padreeustaquio.com.br\/es\/wp-json\/wp\/v2\/posts\/2994","targetHints":{"allow":["GET"]}}],"collection":[{"href":"https:\/\/www.padreeustaquio.com.br\/es\/wp-json\/wp\/v2\/posts"}],"about":[{"href":"https:\/\/www.padreeustaquio.com.br\/es\/wp-json\/wp\/v2\/types\/post"}],"author":[{"embeddable":true,"href":"https:\/\/www.padreeustaquio.com.br\/es\/wp-json\/wp\/v2\/users\/6"}],"replies":[{"embeddable":true,"href":"https:\/\/www.padreeustaquio.com.br\/es\/wp-json\/wp\/v2\/comments?post=2994"}],"version-history":[{"count":0,"href":"https:\/\/www.padreeustaquio.com.br\/es\/wp-json\/wp\/v2\/posts\/2994\/revisions"}],"wp:featuredmedia":[{"embeddable":true,"href":"https:\/\/www.padreeustaquio.com.br\/es\/wp-json\/wp\/v2\/media\/2995"}],"wp:attachment":[{"href":"https:\/\/www.padreeustaquio.com.br\/es\/wp-json\/wp\/v2\/media?parent=2994"}],"wp:term":[{"taxonomy":"category","embeddable":true,"href":"https:\/\/www.padreeustaquio.com.br\/es\/wp-json\/wp\/v2\/categories?post=2994"},{"taxonomy":"post_tag","embeddable":true,"href":"https:\/\/www.padreeustaquio.com.br\/es\/wp-json\/wp\/v2\/tags?post=2994"}],"curies":[{"name":"wp","href":"https:\/\/api.w.org\/{rel}","templated":true}]}}