{"id":2989,"date":"2018-10-26T21:00:31","date_gmt":"2018-10-27T00:00:31","guid":{"rendered":"http:\/\/br606.teste.website\/~padre078\/padreeustaquio.com.br\/?p=2989"},"modified":"2019-08-21T21:04:28","modified_gmt":"2019-08-22T00:04:28","slug":"el-equipo-de-la-tienda-padre-eustaquio-esta-presente-en-encuentro-nacional","status":"publish","type":"post","link":"https:\/\/www.padreeustaquio.com.br\/es\/el-equipo-de-la-tienda-padre-eustaquio-esta-presente-en-encuentro-nacional\/","title":{"rendered":"El equipo de la Tienda Padre Eust\u00e1quio est\u00e1 presente en el Encuentro Nacional."},"content":{"rendered":"<p><img fetchpriority=\"high\" decoding=\"async\" class=\"alignleft wp-image-2990\" src=\"http:\/\/br606.teste.website\/~padre078\/padreeustaquio.com.br\/wp-content\/uploads\/2019\/08\/0015.jpg\" alt=\"\" width=\"350\" height=\"264\" srcset=\"https:\/\/www.padreeustaquio.com.br\/wp-content\/uploads\/2019\/08\/0015.jpg 702w, https:\/\/www.padreeustaquio.com.br\/wp-content\/uploads\/2019\/08\/0015-300x226.jpg 300w, https:\/\/www.padreeustaquio.com.br\/wp-content\/uploads\/2019\/08\/0015-180x135.jpg 180w, https:\/\/www.padreeustaquio.com.br\/wp-content\/uploads\/2019\/08\/0015-400x300.jpg 400w, https:\/\/www.padreeustaquio.com.br\/wp-content\/uploads\/2019\/08\/0015-600x450.jpg 600w\" sizes=\"(max-width: 350px) 100vw, 350px\" \/>El equipo de la Tienda Padre Eust\u00e1quio de Belo Horizonte viaj\u00f3 a la costa de Esp\u00edrito Santo para participar en el Encuentro Nacional de Personas Mayores (Dedo de Prosa da Melhor Idade). El evento se celebra en Guarapari, Esp\u00edrito Santo, y cuenta con aproximadamente 1200 participantes. El grupo de vicepostulaci\u00f3n participa en las actividades del encuentro y aprovecha la oportunidad para presentar al p\u00fablico diversos materiales y objetos devocionales con la imagen del Beato Padre Eust\u00e1quio. La idea es difundir el mensaje del misionero holand\u00e9s a quienes a\u00fan no lo conocen.<\/p>\n<p>Entre los miembros del equipo se encuentra el Padre Vin\u00edcius Maciel, SSCC, Vicepostulador de la Causa. \u00c9l es el celebrante que dirige todas las sesiones de oraci\u00f3n durante el Encuentro.<\/p>\n<p>El pasado jueves 25 de octubre de 2018, el equipo de la tienda recibi\u00f3 la visita del p\u00e1rroco de la Parroquia Beato Padre Eustaquio de Guarapari, el Padre Jacqueson Pimentel. El sacerdote pas\u00f3 por all\u00ed y aprovech\u00f3 la oportunidad para ver a sus amigos.<\/p>\n<p><strong>LA REUNI\u00d3N<\/strong><\/p>\n<p>El Encuentro Nacional Dedo de Prosa es un gran evento promovido por Dedo de Prosa Produ\u00e7\u00f5es, con un variado programa que incluye actuaciones musicales de artistas de renombre nacional, como Banda Chama Chuva, Os Incr\u00edveis, Luiz Air\u00e3o, Martinha y Altemar Dutra, entre otros.<\/p>\n<p>Cada evento incluye una combinaci\u00f3n de bailes, talleres, diversas actividades recreativas, un paseo en tren infantil, un espect\u00e1culo de fuegos artificiales, una feria artesanal, stands y conferencias, entre otras actividades. Este a\u00f1o, el evento se celebra en el Sesc Guarapari.<\/p>\n<p>Fuente: Vicecandidatura con informaci\u00f3n de\u00a0<em>programadedodeprosa.com.br<\/em><\/p>","protected":false},"excerpt":{"rendered":"<p>A equipe da Loja Padre Eust\u00e1quio, de Belo Horizonte, viajou para o litoral capixaba, onde participa do Encontro Nacional Dedo de Prosa da Melhor Idade. O evento est\u00e1 sendo realizado em Guarapari, no Esp\u00edrito Santo, e conta com cerca de 1.200 participantes. O grupo da vice-postula\u00e7\u00e3o participa das atividades do Encontro e aproveita o momento para apresentar ao p\u00fablico v\u00e1rios materiais e objetos de devo\u00e7\u00e3o que levam a imagem do Beato Padre Eust\u00e1quio. A ideia \u00e9 divulgar a mensagem do Mission\u00e1rio holand\u00eas \u00e0queles que ainda n\u00e3o o conhecem. Dentre os integrantes da equipe, est\u00e1 o Padre Vin\u00edcius Maciel, SSCC, Vice-postulador [&hellip;]<\/p>\n","protected":false},"author":6,"featured_media":2992,"comment_status":"closed","ping_status":"open","sticky":false,"template":"","format":"standard","meta":{"_acf_changed":false,"footnotes":""},"categories":[611],"tags":[],"class_list":["post-2989","post","type-post","status-publish","format-standard","has-post-thumbnail","hentry","category-noticias"],"acf":[],"yoast_head":"<!-- This site is optimized with the Yoast SEO plugin v27.2 - https:\/\/yoast.com\/product\/yoast-seo-wordpress\/ -->\n<title>Equipe da Loja Padre Eust\u00e1quio marca presen\u00e7a em Encontro Nacional - Padre Eust\u00e1quio<\/title>\n<meta name=\"robots\" content=\"index, follow, max-snippet:-1, max-image-preview:large, max-video-preview:-1\" \/>\n<link rel=\"canonical\" href=\"https:\/\/www.padreeustaquio.com.br\/es\/el-equipo-de-la-tienda-padre-eustaquio-esta-presente-en-encuentro-nacional\/\" \/>\n<meta property=\"og:locale\" content=\"es_ES\" \/>\n<meta property=\"og:type\" content=\"article\" \/>\n<meta property=\"og:title\" content=\"Equipe da Loja Padre Eust\u00e1quio marca presen\u00e7a em Encontro Nacional - Padre Eust\u00e1quio\" \/>\n<meta property=\"og:description\" content=\"A equipe da Loja Padre Eust\u00e1quio, de Belo Horizonte, viajou para o litoral capixaba, onde participa do Encontro Nacional Dedo de Prosa da Melhor Idade. O evento est\u00e1 sendo realizado em Guarapari, no Esp\u00edrito Santo, e conta com cerca de 1.200 participantes. O grupo da vice-postula\u00e7\u00e3o participa das atividades do Encontro e aproveita o momento para apresentar ao p\u00fablico v\u00e1rios materiais e objetos de devo\u00e7\u00e3o que levam a imagem do Beato Padre Eust\u00e1quio. A ideia \u00e9 divulgar a mensagem do Mission\u00e1rio holand\u00eas \u00e0queles que ainda n\u00e3o o conhecem. Dentre os integrantes da equipe, est\u00e1 o Padre Vin\u00edcius Maciel, SSCC, Vice-postulador [&hellip;]\" \/>\n<meta property=\"og:url\" content=\"https:\/\/www.padreeustaquio.com.br\/es\/el-equipo-de-la-tienda-padre-eustaquio-esta-presente-en-encuentro-nacional\/\" \/>\n<meta property=\"og:site_name\" content=\"Padre Eust\u00e1quio\" \/>\n<meta property=\"article:publisher\" content=\"https:\/\/www.facebook.com\/beatopadreeustaquio\/\" \/>\n<meta property=\"article:published_time\" content=\"2018-10-27T00:00:31+00:00\" \/>\n<meta property=\"article:modified_time\" content=\"2019-08-22T00:04:28+00:00\" \/>\n<meta property=\"og:image\" content=\"https:\/\/www.padreeustaquio.com.br\/wp-content\/uploads\/2018\/10\/00150.jpg\" \/>\n\t<meta property=\"og:image:width\" content=\"800\" \/>\n\t<meta property=\"og:image:height\" content=\"487\" \/>\n\t<meta property=\"og:image:type\" content=\"image\/jpeg\" \/>\n<meta name=\"author\" content=\"sscc\" \/>\n<meta name=\"twitter:card\" content=\"summary_large_image\" \/>\n<meta name=\"twitter:creator\" content=\"@beatopeustaquio\" \/>\n<meta name=\"twitter:site\" content=\"@beatopeustaquio\" \/>\n<meta name=\"twitter:label1\" content=\"Escrito por\" \/>\n\t<meta name=\"twitter:data1\" content=\"sscc\" \/>\n\t<meta name=\"twitter:label2\" content=\"Tiempo de lectura\" \/>\n\t<meta name=\"twitter:data2\" content=\"1 minuto\" \/>\n<script type=\"application\/ld+json\" class=\"yoast-schema-graph\">{\"@context\":\"https:\/\/schema.org\",\"@graph\":[{\"@type\":\"Article\",\"@id\":\"https:\/\/www.padreeustaquio.com.br\/equipe-da-loja-padre-eustaquio-marca-presenca-em-encontro-nacional\/#article\",\"isPartOf\":{\"@id\":\"https:\/\/www.padreeustaquio.com.br\/equipe-da-loja-padre-eustaquio-marca-presenca-em-encontro-nacional\/\"},\"author\":{\"name\":\"sscc\",\"@id\":\"https:\/\/www.padreeustaquio.com.br\/#\/schema\/person\/1bbfe7b959f00a655f8ecb6cb8f3ce87\"},\"headline\":\"Equipe da Loja Padre Eust\u00e1quio marca presen\u00e7a em Encontro Nacional\",\"datePublished\":\"2018-10-27T00:00:31+00:00\",\"dateModified\":\"2019-08-22T00:04:28+00:00\",\"mainEntityOfPage\":{\"@id\":\"https:\/\/www.padreeustaquio.com.br\/equipe-da-loja-padre-eustaquio-marca-presenca-em-encontro-nacional\/\"},\"wordCount\":272,\"publisher\":{\"@id\":\"https:\/\/www.padreeustaquio.com.br\/#organization\"},\"image\":{\"@id\":\"https:\/\/www.padreeustaquio.com.br\/equipe-da-loja-padre-eustaquio-marca-presenca-em-encontro-nacional\/#primaryimage\"},\"thumbnailUrl\":\"https:\/\/www.padreeustaquio.com.br\/wp-content\/uploads\/2018\/10\/00150.jpg\",\"articleSection\":[\"Not\u00edcias\"],\"inLanguage\":\"es\"},{\"@type\":\"WebPage\",\"@id\":\"https:\/\/www.padreeustaquio.com.br\/equipe-da-loja-padre-eustaquio-marca-presenca-em-encontro-nacional\/\",\"url\":\"https:\/\/www.padreeustaquio.com.br\/equipe-da-loja-padre-eustaquio-marca-presenca-em-encontro-nacional\/\",\"name\":\"Equipe da Loja Padre Eust\u00e1quio marca presen\u00e7a em Encontro Nacional - Padre Eust\u00e1quio\",\"isPartOf\":{\"@id\":\"https:\/\/www.padreeustaquio.com.br\/#website\"},\"primaryImageOfPage\":{\"@id\":\"https:\/\/www.padreeustaquio.com.br\/equipe-da-loja-padre-eustaquio-marca-presenca-em-encontro-nacional\/#primaryimage\"},\"image\":{\"@id\":\"https:\/\/www.padreeustaquio.com.br\/equipe-da-loja-padre-eustaquio-marca-presenca-em-encontro-nacional\/#primaryimage\"},\"thumbnailUrl\":\"https:\/\/www.padreeustaquio.com.br\/wp-content\/uploads\/2018\/10\/00150.jpg\",\"datePublished\":\"2018-10-27T00:00:31+00:00\",\"dateModified\":\"2019-08-22T00:04:28+00:00\",\"breadcrumb\":{\"@id\":\"https:\/\/www.padreeustaquio.com.br\/equipe-da-loja-padre-eustaquio-marca-presenca-em-encontro-nacional\/#breadcrumb\"},\"inLanguage\":\"es\",\"potentialAction\":[{\"@type\":\"ReadAction\",\"target\":[\"https:\/\/www.padreeustaquio.com.br\/equipe-da-loja-padre-eustaquio-marca-presenca-em-encontro-nacional\/\"]}]},{\"@type\":\"ImageObject\",\"inLanguage\":\"es\",\"@id\":\"https:\/\/www.padreeustaquio.com.br\/equipe-da-loja-padre-eustaquio-marca-presenca-em-encontro-nacional\/#primaryimage\",\"url\":\"https:\/\/www.padreeustaquio.com.br\/wp-content\/uploads\/2018\/10\/00150.jpg\",\"contentUrl\":\"https:\/\/www.padreeustaquio.com.br\/wp-content\/uploads\/2018\/10\/00150.jpg\",\"width\":800,\"height\":487},{\"@type\":\"BreadcrumbList\",\"@id\":\"https:\/\/www.padreeustaquio.com.br\/equipe-da-loja-padre-eustaquio-marca-presenca-em-encontro-nacional\/#breadcrumb\",\"itemListElement\":[{\"@type\":\"ListItem\",\"position\":1,\"name\":\"In\u00edcio\",\"item\":\"https:\/\/www.padreeustaquio.com.br\/\"},{\"@type\":\"ListItem\",\"position\":2,\"name\":\"Equipe da Loja Padre Eust\u00e1quio marca presen\u00e7a em Encontro Nacional\"}]},{\"@type\":\"WebSite\",\"@id\":\"https:\/\/www.padreeustaquio.com.br\/#website\",\"url\":\"https:\/\/www.padreeustaquio.com.br\/\",\"name\":\"Padre Eust\u00e1quio\",\"description\":\"Sa\u00fade e Paz\",\"publisher\":{\"@id\":\"https:\/\/www.padreeustaquio.com.br\/#organization\"},\"potentialAction\":[{\"@type\":\"SearchAction\",\"target\":{\"@type\":\"EntryPoint\",\"urlTemplate\":\"https:\/\/www.padreeustaquio.com.br\/?s={search_term_string}\"},\"query-input\":{\"@type\":\"PropertyValueSpecification\",\"valueRequired\":true,\"valueName\":\"search_term_string\"}}],\"inLanguage\":\"es\"},{\"@type\":\"Organization\",\"@id\":\"https:\/\/www.padreeustaquio.com.br\/#organization\",\"name\":\"Padre Eust\u00e1quio\",\"url\":\"https:\/\/www.padreeustaquio.com.br\/\",\"logo\":{\"@type\":\"ImageObject\",\"inLanguage\":\"es\",\"@id\":\"https:\/\/www.padreeustaquio.com.br\/#\/schema\/logo\/image\/\",\"url\":\"https:\/\/www.padreeustaquio.com.br\/wp-content\/uploads\/2019\/08\/marca.png\",\"contentUrl\":\"https:\/\/www.padreeustaquio.com.br\/wp-content\/uploads\/2019\/08\/marca.png\",\"width\":350,\"height\":400,\"caption\":\"Padre Eust\u00e1quio\"},\"image\":{\"@id\":\"https:\/\/www.padreeustaquio.com.br\/#\/schema\/logo\/image\/\"},\"sameAs\":[\"https:\/\/www.facebook.com\/beatopadreeustaquio\/\",\"https:\/\/x.com\/beatopeustaquio\",\"https:\/\/www.instagram.com\/beatopadreeustaquio\/\",\"https:\/\/www.youtube.com\/channel\/UCRhw7vfabnajwLxb1ZXMeIw\"]},{\"@type\":\"Person\",\"@id\":\"https:\/\/www.padreeustaquio.com.br\/#\/schema\/person\/1bbfe7b959f00a655f8ecb6cb8f3ce87\",\"name\":\"sscc\",\"image\":{\"@type\":\"ImageObject\",\"inLanguage\":\"es\",\"@id\":\"https:\/\/secure.gravatar.com\/avatar\/edddec27f012d36cfa3fce966238219942e4659e87f27ef7b5704f0db7007bec?s=96&d=mm&r=g\",\"url\":\"https:\/\/secure.gravatar.com\/avatar\/edddec27f012d36cfa3fce966238219942e4659e87f27ef7b5704f0db7007bec?s=96&d=mm&r=g\",\"contentUrl\":\"https:\/\/secure.gravatar.com\/avatar\/edddec27f012d36cfa3fce966238219942e4659e87f27ef7b5704f0db7007bec?s=96&d=mm&r=g\",\"caption\":\"sscc\"},\"url\":\"https:\/\/www.padreeustaquio.com.br\/es\/author\/userpde\/\"}]}<\/script>\n<!-- \/ Yoast SEO plugin. -->","yoast_head_json":{"title":"Equipo de Tienda Padre Eust\u00e1quio se presenta en Encuentro Nacional - Padre Eust\u00e1quio","robots":{"index":"index","follow":"follow","max-snippet":"max-snippet:-1","max-image-preview":"max-image-preview:large","max-video-preview":"max-video-preview:-1"},"canonical":"https:\/\/www.padreeustaquio.com.br\/es\/el-equipo-de-la-tienda-padre-eustaquio-esta-presente-en-encuentro-nacional\/","og_locale":"es_ES","og_type":"article","og_title":"Equipe da Loja Padre Eust\u00e1quio marca presen\u00e7a em Encontro Nacional - Padre Eust\u00e1quio","og_description":"A equipe da Loja Padre Eust\u00e1quio, de Belo Horizonte, viajou para o litoral capixaba, onde participa do Encontro Nacional Dedo de Prosa da Melhor Idade. O evento est\u00e1 sendo realizado em Guarapari, no Esp\u00edrito Santo, e conta com cerca de 1.200 participantes. O grupo da vice-postula\u00e7\u00e3o participa das atividades do Encontro e aproveita o momento para apresentar ao p\u00fablico v\u00e1rios materiais e objetos de devo\u00e7\u00e3o que levam a imagem do Beato Padre Eust\u00e1quio. A ideia \u00e9 divulgar a mensagem do Mission\u00e1rio holand\u00eas \u00e0queles que ainda n\u00e3o o conhecem. Dentre os integrantes da equipe, est\u00e1 o Padre Vin\u00edcius Maciel, SSCC, Vice-postulador [&hellip;]","og_url":"https:\/\/www.padreeustaquio.com.br\/es\/el-equipo-de-la-tienda-padre-eustaquio-esta-presente-en-encuentro-nacional\/","og_site_name":"Padre Eust\u00e1quio","article_publisher":"https:\/\/www.facebook.com\/beatopadreeustaquio\/","article_published_time":"2018-10-27T00:00:31+00:00","article_modified_time":"2019-08-22T00:04:28+00:00","og_image":[{"width":800,"height":487,"url":"https:\/\/www.padreeustaquio.com.br\/wp-content\/uploads\/2018\/10\/00150.jpg","type":"image\/jpeg"}],"author":"sscc","twitter_card":"summary_large_image","twitter_creator":"@beatopeustaquio","twitter_site":"@beatopeustaquio","twitter_misc":{"Escrito por":"sscc","Tiempo de lectura":"1 minuto"},"schema":{"@context":"https:\/\/schema.org","@graph":[{"@type":"Article","@id":"https:\/\/www.padreeustaquio.com.br\/equipe-da-loja-padre-eustaquio-marca-presenca-em-encontro-nacional\/#article","isPartOf":{"@id":"https:\/\/www.padreeustaquio.com.br\/equipe-da-loja-padre-eustaquio-marca-presenca-em-encontro-nacional\/"},"author":{"name":"sscc","@id":"https:\/\/www.padreeustaquio.com.br\/#\/schema\/person\/1bbfe7b959f00a655f8ecb6cb8f3ce87"},"headline":"Equipe da Loja Padre Eust\u00e1quio marca presen\u00e7a em Encontro Nacional","datePublished":"2018-10-27T00:00:31+00:00","dateModified":"2019-08-22T00:04:28+00:00","mainEntityOfPage":{"@id":"https:\/\/www.padreeustaquio.com.br\/equipe-da-loja-padre-eustaquio-marca-presenca-em-encontro-nacional\/"},"wordCount":272,"publisher":{"@id":"https:\/\/www.padreeustaquio.com.br\/#organization"},"image":{"@id":"https:\/\/www.padreeustaquio.com.br\/equipe-da-loja-padre-eustaquio-marca-presenca-em-encontro-nacional\/#primaryimage"},"thumbnailUrl":"https:\/\/www.padreeustaquio.com.br\/wp-content\/uploads\/2018\/10\/00150.jpg","articleSection":["Not\u00edcias"],"inLanguage":"es"},{"@type":"WebPage","@id":"https:\/\/www.padreeustaquio.com.br\/equipe-da-loja-padre-eustaquio-marca-presenca-em-encontro-nacional\/","url":"https:\/\/www.padreeustaquio.com.br\/equipe-da-loja-padre-eustaquio-marca-presenca-em-encontro-nacional\/","name":"Equipo de Tienda Padre Eust\u00e1quio se presenta en Encuentro Nacional - Padre Eust\u00e1quio","isPartOf":{"@id":"https:\/\/www.padreeustaquio.com.br\/#website"},"primaryImageOfPage":{"@id":"https:\/\/www.padreeustaquio.com.br\/equipe-da-loja-padre-eustaquio-marca-presenca-em-encontro-nacional\/#primaryimage"},"image":{"@id":"https:\/\/www.padreeustaquio.com.br\/equipe-da-loja-padre-eustaquio-marca-presenca-em-encontro-nacional\/#primaryimage"},"thumbnailUrl":"https:\/\/www.padreeustaquio.com.br\/wp-content\/uploads\/2018\/10\/00150.jpg","datePublished":"2018-10-27T00:00:31+00:00","dateModified":"2019-08-22T00:04:28+00:00","breadcrumb":{"@id":"https:\/\/www.padreeustaquio.com.br\/equipe-da-loja-padre-eustaquio-marca-presenca-em-encontro-nacional\/#breadcrumb"},"inLanguage":"es","potentialAction":[{"@type":"ReadAction","target":["https:\/\/www.padreeustaquio.com.br\/equipe-da-loja-padre-eustaquio-marca-presenca-em-encontro-nacional\/"]}]},{"@type":"ImageObject","inLanguage":"es","@id":"https:\/\/www.padreeustaquio.com.br\/equipe-da-loja-padre-eustaquio-marca-presenca-em-encontro-nacional\/#primaryimage","url":"https:\/\/www.padreeustaquio.com.br\/wp-content\/uploads\/2018\/10\/00150.jpg","contentUrl":"https:\/\/www.padreeustaquio.com.br\/wp-content\/uploads\/2018\/10\/00150.jpg","width":800,"height":487},{"@type":"BreadcrumbList","@id":"https:\/\/www.padreeustaquio.com.br\/equipe-da-loja-padre-eustaquio-marca-presenca-em-encontro-nacional\/#breadcrumb","itemListElement":[{"@type":"ListItem","position":1,"name":"In\u00edcio","item":"https:\/\/www.padreeustaquio.com.br\/"},{"@type":"ListItem","position":2,"name":"Equipe da Loja Padre Eust\u00e1quio marca presen\u00e7a em Encontro Nacional"}]},{"@type":"WebSite","@id":"https:\/\/www.padreeustaquio.com.br\/#website","url":"https:\/\/www.padreeustaquio.com.br\/","name":"Padre Eustace","description":"Salud y Paz","publisher":{"@id":"https:\/\/www.padreeustaquio.com.br\/#organization"},"potentialAction":[{"@type":"SearchAction","target":{"@type":"EntryPoint","urlTemplate":"https:\/\/www.padreeustaquio.com.br\/?s={search_term_string}"},"query-input":{"@type":"PropertyValueSpecification","valueRequired":true,"valueName":"search_term_string"}}],"inLanguage":"es"},{"@type":"Organization","@id":"https:\/\/www.padreeustaquio.com.br\/#organization","name":"Padre Eustace","url":"https:\/\/www.padreeustaquio.com.br\/","logo":{"@type":"ImageObject","inLanguage":"es","@id":"https:\/\/www.padreeustaquio.com.br\/#\/schema\/logo\/image\/","url":"https:\/\/www.padreeustaquio.com.br\/wp-content\/uploads\/2019\/08\/marca.png","contentUrl":"https:\/\/www.padreeustaquio.com.br\/wp-content\/uploads\/2019\/08\/marca.png","width":350,"height":400,"caption":"Padre Eust\u00e1quio"},"image":{"@id":"https:\/\/www.padreeustaquio.com.br\/#\/schema\/logo\/image\/"},"sameAs":["https:\/\/www.facebook.com\/beatopadreeustaquio\/","https:\/\/x.com\/beatopeustaquio","https:\/\/www.instagram.com\/beatopadreeustaquio\/","https:\/\/www.youtube.com\/channel\/UCRhw7vfabnajwLxb1ZXMeIw"]},{"@type":"Person","@id":"https:\/\/www.padreeustaquio.com.br\/#\/schema\/person\/1bbfe7b959f00a655f8ecb6cb8f3ce87","name":"escuela secundaria","image":{"@type":"ImageObject","inLanguage":"es","@id":"https:\/\/secure.gravatar.com\/avatar\/edddec27f012d36cfa3fce966238219942e4659e87f27ef7b5704f0db7007bec?s=96&d=mm&r=g","url":"https:\/\/secure.gravatar.com\/avatar\/edddec27f012d36cfa3fce966238219942e4659e87f27ef7b5704f0db7007bec?s=96&d=mm&r=g","contentUrl":"https:\/\/secure.gravatar.com\/avatar\/edddec27f012d36cfa3fce966238219942e4659e87f27ef7b5704f0db7007bec?s=96&d=mm&r=g","caption":"sscc"},"url":"https:\/\/www.padreeustaquio.com.br\/es\/author\/userpde\/"}]}},"_links":{"self":[{"href":"https:\/\/www.padreeustaquio.com.br\/es\/wp-json\/wp\/v2\/posts\/2989","targetHints":{"allow":["GET"]}}],"collection":[{"href":"https:\/\/www.padreeustaquio.com.br\/es\/wp-json\/wp\/v2\/posts"}],"about":[{"href":"https:\/\/www.padreeustaquio.com.br\/es\/wp-json\/wp\/v2\/types\/post"}],"author":[{"embeddable":true,"href":"https:\/\/www.padreeustaquio.com.br\/es\/wp-json\/wp\/v2\/users\/6"}],"replies":[{"embeddable":true,"href":"https:\/\/www.padreeustaquio.com.br\/es\/wp-json\/wp\/v2\/comments?post=2989"}],"version-history":[{"count":0,"href":"https:\/\/www.padreeustaquio.com.br\/es\/wp-json\/wp\/v2\/posts\/2989\/revisions"}],"wp:featuredmedia":[{"embeddable":true,"href":"https:\/\/www.padreeustaquio.com.br\/es\/wp-json\/wp\/v2\/media\/2992"}],"wp:attachment":[{"href":"https:\/\/www.padreeustaquio.com.br\/es\/wp-json\/wp\/v2\/media?parent=2989"}],"wp:term":[{"taxonomy":"category","embeddable":true,"href":"https:\/\/www.padreeustaquio.com.br\/es\/wp-json\/wp\/v2\/categories?post=2989"},{"taxonomy":"post_tag","embeddable":true,"href":"https:\/\/www.padreeustaquio.com.br\/es\/wp-json\/wp\/v2\/tags?post=2989"}],"curies":[{"name":"wp","href":"https:\/\/api.w.org\/{rel}","templated":true}]}}