{"id":2985,"date":"2018-10-19T20:54:34","date_gmt":"2018-10-19T23:54:34","guid":{"rendered":"http:\/\/br606.teste.website\/~padre078\/padreeustaquio.com.br\/?p=2985"},"modified":"2019-08-21T20:55:16","modified_gmt":"2019-08-21T23:55:16","slug":"dom-joaquim-mol-visita-el-memorial-del-padre-eustaquio-en-belo-horizonte","status":"publish","type":"post","link":"https:\/\/www.padreeustaquio.com.br\/es\/dom-joaquim-mol-visita-el-memorial-del-padre-eustaquio-en-belo-horizonte\/","title":{"rendered":"Mons. Joaquim Mol visita el Memorial Padre Eust\u00e1quio en Belo Horizonte."},"content":{"rendered":"<p>El obispo auxiliar de Belo Horizonte y rector de la PUC Minas, Dom Joaquim Giovani Mol Guimar\u00e3es, visit\u00f3 el Santuario de la Salud y la Paz en la capital de Minas Gerais. Durante su visita, el obispo presidi\u00f3 una celebraci\u00f3n en el Santuario e inmediatamente despu\u00e9s visit\u00f3 el Memorial Padre Eust\u00e1quio, donde se conservan las reliquias del Beato Padre Eust\u00e1quio. Dom Joaquim demostr\u00f3 su profundo cari\u00f1o y admiraci\u00f3n por el Beato Padre Eust\u00e1quio e incluso se tom\u00f3 una foto con una imagen del sacerdote holand\u00e9s.<\/p>\n<p><strong>DOMINGO JOAQUIM MOL<\/strong><\/p>\n<p>Dom Joaquim Giovani Mol Guimar\u00e3es naci\u00f3 en Ponte Nova, Minas Gerais, el 6 de enero de 1960. Actualmente es obispo auxiliar de la Arquidi\u00f3cesis de Belo Horizonte, Rector de la Pontificia Universidad Cat\u00f3lica de Minas Gerais y Presidente de la Comisi\u00f3n Pastoral Episcopal para la Cultura y la Educaci\u00f3n de la CNBB (Conferencia Nacional de Obispos de Brasil).<\/p>\n<p>Hijo de Jos\u00e9 Mol Guimar\u00e3es y Edna Mol Guimar\u00e3es, el segundo de siete hermanos, ingres\u00f3 al noviciado de la Congregaci\u00f3n Salesiana en 1979 en Barbacena e hizo su profesi\u00f3n religiosa en enero de 1980. Hasta 1982 estudi\u00f3 Filosof\u00eda en la PUC-MG. En 1983 y 1984 residi\u00f3 en el Colegio Dom Bosco de Arax\u00e1 y en la Parroquia Sagrado Coraz\u00f3n de Jes\u00fas de Goi\u00e2nia. En 1985 inici\u00f3 sus estudios de Teolog\u00eda, que tambi\u00e9n curs\u00f3 en la Pontificia Universidad Cat\u00f3lica de Minas Gerais, finaliz\u00e1ndolos en 1988. Fue ordenado di\u00e1cono a finales de 1987 por Mons. Jo\u00e3o Resende Costa en la Parroquia Cristo Luz dos Povos de Belo Horizonte, y recibi\u00f3 la ordenaci\u00f3n sacerdotal el 16 de julio de 1988 por Mons. Irineu Danelon en Ponte Nova.<\/p>\n<p>El 11 de febrero de 2006, el papa Benedicto XVI lo nombr\u00f3 obispo titular de Galtelli y obispo auxiliar de la Arquidi\u00f3cesis de Belo Horizonte. Fue ordenado obispo el 25 de marzo del mismo a\u00f1o por Dom Walmor Oliveira de Azevedo.<\/p>","protected":false},"excerpt":{"rendered":"<p>O Bispo auxiliar de Belo Horizonte e Reitor da PUC Minas, Dom Joaquim Giovani Mol Guimar\u00e3es, visitou o Santu\u00e1rio da Sa\u00fade e da Paz, na capital mineira. Na ocasi\u00e3o o bispo presidiu uma celebra\u00e7\u00e3o no Santu\u00e1rio e, logo em seguida, visitou o Memorial Padre Eust\u00e1quio, onde se encontram as rel\u00edquias do Beato. Dom Joaquim demonstrou todo o carinho e admira\u00e7\u00e3o pelo Beato Padre Eust\u00e1quio e ainda tirou uma foto segurando a imagem do padre holand\u00eas DOM JOAQUIM MOL Dom Joaquim Giovani Mol Guimar\u00e3es, nasceu em Ponte Nova-MG, no dia 6 de janeiro de 1960. Atualmente \u00e9 bispo auxiliar da Arquidiocese [&hellip;]<\/p>\n","protected":false},"author":6,"featured_media":2986,"comment_status":"closed","ping_status":"open","sticky":false,"template":"","format":"standard","meta":{"_acf_changed":false,"footnotes":""},"categories":[611],"tags":[],"class_list":["post-2985","post","type-post","status-publish","format-standard","has-post-thumbnail","hentry","category-noticias"],"acf":[],"yoast_head":"<!-- This site is optimized with the Yoast SEO plugin v27.2 - https:\/\/yoast.com\/product\/yoast-seo-wordpress\/ -->\n<title>Dom Joaquim Mol visita o Memorial Padre Eust\u00e1quio, em BH - Padre Eust\u00e1quio<\/title>\n<meta name=\"robots\" content=\"index, follow, max-snippet:-1, max-image-preview:large, max-video-preview:-1\" \/>\n<link rel=\"canonical\" href=\"https:\/\/www.padreeustaquio.com.br\/es\/dom-joaquim-mol-visita-el-memorial-del-padre-eustaquio-en-belo-horizonte\/\" \/>\n<meta property=\"og:locale\" content=\"es_ES\" \/>\n<meta property=\"og:type\" content=\"article\" \/>\n<meta property=\"og:title\" content=\"Dom Joaquim Mol visita o Memorial Padre Eust\u00e1quio, em BH - Padre Eust\u00e1quio\" \/>\n<meta property=\"og:description\" content=\"O Bispo auxiliar de Belo Horizonte e Reitor da PUC Minas, Dom Joaquim Giovani Mol Guimar\u00e3es, visitou o Santu\u00e1rio da Sa\u00fade e da Paz, na capital mineira. Na ocasi\u00e3o o bispo presidiu uma celebra\u00e7\u00e3o no Santu\u00e1rio e, logo em seguida, visitou o Memorial Padre Eust\u00e1quio, onde se encontram as rel\u00edquias do Beato. Dom Joaquim demonstrou todo o carinho e admira\u00e7\u00e3o pelo Beato Padre Eust\u00e1quio e ainda tirou uma foto segurando a imagem do padre holand\u00eas DOM JOAQUIM MOL Dom Joaquim Giovani Mol Guimar\u00e3es, nasceu em Ponte Nova-MG, no dia 6 de janeiro de 1960. Atualmente \u00e9 bispo auxiliar da Arquidiocese [&hellip;]\" \/>\n<meta property=\"og:url\" content=\"https:\/\/www.padreeustaquio.com.br\/es\/dom-joaquim-mol-visita-el-memorial-del-padre-eustaquio-en-belo-horizonte\/\" \/>\n<meta property=\"og:site_name\" content=\"Padre Eust\u00e1quio\" \/>\n<meta property=\"article:publisher\" content=\"https:\/\/www.facebook.com\/beatopadreeustaquio\/\" \/>\n<meta property=\"article:published_time\" content=\"2018-10-19T23:54:34+00:00\" \/>\n<meta property=\"article:modified_time\" content=\"2019-08-21T23:55:16+00:00\" \/>\n<meta property=\"og:image\" content=\"https:\/\/www.padreeustaquio.com.br\/wp-content\/uploads\/2019\/08\/014.jpg\" \/>\n\t<meta property=\"og:image:width\" content=\"886\" \/>\n\t<meta property=\"og:image:height\" content=\"591\" \/>\n\t<meta property=\"og:image:type\" content=\"image\/jpeg\" \/>\n<meta name=\"author\" content=\"sscc\" \/>\n<meta name=\"twitter:card\" content=\"summary_large_image\" \/>\n<meta name=\"twitter:creator\" content=\"@beatopeustaquio\" \/>\n<meta name=\"twitter:site\" content=\"@beatopeustaquio\" \/>\n<meta name=\"twitter:label1\" content=\"Escrito por\" \/>\n\t<meta name=\"twitter:data1\" content=\"sscc\" \/>\n\t<meta name=\"twitter:label2\" content=\"Tiempo de lectura\" \/>\n\t<meta name=\"twitter:data2\" content=\"2 minutos\" \/>\n<script type=\"application\/ld+json\" class=\"yoast-schema-graph\">{\"@context\":\"https:\/\/schema.org\",\"@graph\":[{\"@type\":\"Article\",\"@id\":\"https:\/\/www.padreeustaquio.com.br\/dom-joaquim-mol-visita-o-memorial-padre-eustaquio-em-bh\/#article\",\"isPartOf\":{\"@id\":\"https:\/\/www.padreeustaquio.com.br\/dom-joaquim-mol-visita-o-memorial-padre-eustaquio-em-bh\/\"},\"author\":{\"name\":\"sscc\",\"@id\":\"https:\/\/www.padreeustaquio.com.br\/#\/schema\/person\/1bbfe7b959f00a655f8ecb6cb8f3ce87\"},\"headline\":\"Dom Joaquim Mol visita o Memorial Padre Eust\u00e1quio, em BH\",\"datePublished\":\"2018-10-19T23:54:34+00:00\",\"dateModified\":\"2019-08-21T23:55:16+00:00\",\"mainEntityOfPage\":{\"@id\":\"https:\/\/www.padreeustaquio.com.br\/dom-joaquim-mol-visita-o-memorial-padre-eustaquio-em-bh\/\"},\"wordCount\":320,\"publisher\":{\"@id\":\"https:\/\/www.padreeustaquio.com.br\/#organization\"},\"image\":{\"@id\":\"https:\/\/www.padreeustaquio.com.br\/dom-joaquim-mol-visita-o-memorial-padre-eustaquio-em-bh\/#primaryimage\"},\"thumbnailUrl\":\"https:\/\/www.padreeustaquio.com.br\/wp-content\/uploads\/2019\/08\/014.jpg\",\"articleSection\":[\"Not\u00edcias\"],\"inLanguage\":\"es\"},{\"@type\":\"WebPage\",\"@id\":\"https:\/\/www.padreeustaquio.com.br\/dom-joaquim-mol-visita-o-memorial-padre-eustaquio-em-bh\/\",\"url\":\"https:\/\/www.padreeustaquio.com.br\/dom-joaquim-mol-visita-o-memorial-padre-eustaquio-em-bh\/\",\"name\":\"Dom Joaquim Mol visita o Memorial Padre Eust\u00e1quio, em BH - Padre Eust\u00e1quio\",\"isPartOf\":{\"@id\":\"https:\/\/www.padreeustaquio.com.br\/#website\"},\"primaryImageOfPage\":{\"@id\":\"https:\/\/www.padreeustaquio.com.br\/dom-joaquim-mol-visita-o-memorial-padre-eustaquio-em-bh\/#primaryimage\"},\"image\":{\"@id\":\"https:\/\/www.padreeustaquio.com.br\/dom-joaquim-mol-visita-o-memorial-padre-eustaquio-em-bh\/#primaryimage\"},\"thumbnailUrl\":\"https:\/\/www.padreeustaquio.com.br\/wp-content\/uploads\/2019\/08\/014.jpg\",\"datePublished\":\"2018-10-19T23:54:34+00:00\",\"dateModified\":\"2019-08-21T23:55:16+00:00\",\"breadcrumb\":{\"@id\":\"https:\/\/www.padreeustaquio.com.br\/dom-joaquim-mol-visita-o-memorial-padre-eustaquio-em-bh\/#breadcrumb\"},\"inLanguage\":\"es\",\"potentialAction\":[{\"@type\":\"ReadAction\",\"target\":[\"https:\/\/www.padreeustaquio.com.br\/dom-joaquim-mol-visita-o-memorial-padre-eustaquio-em-bh\/\"]}]},{\"@type\":\"ImageObject\",\"inLanguage\":\"es\",\"@id\":\"https:\/\/www.padreeustaquio.com.br\/dom-joaquim-mol-visita-o-memorial-padre-eustaquio-em-bh\/#primaryimage\",\"url\":\"https:\/\/www.padreeustaquio.com.br\/wp-content\/uploads\/2019\/08\/014.jpg\",\"contentUrl\":\"https:\/\/www.padreeustaquio.com.br\/wp-content\/uploads\/2019\/08\/014.jpg\",\"width\":886,\"height\":591},{\"@type\":\"BreadcrumbList\",\"@id\":\"https:\/\/www.padreeustaquio.com.br\/dom-joaquim-mol-visita-o-memorial-padre-eustaquio-em-bh\/#breadcrumb\",\"itemListElement\":[{\"@type\":\"ListItem\",\"position\":1,\"name\":\"In\u00edcio\",\"item\":\"https:\/\/www.padreeustaquio.com.br\/\"},{\"@type\":\"ListItem\",\"position\":2,\"name\":\"Dom Joaquim Mol visita o Memorial Padre Eust\u00e1quio, em BH\"}]},{\"@type\":\"WebSite\",\"@id\":\"https:\/\/www.padreeustaquio.com.br\/#website\",\"url\":\"https:\/\/www.padreeustaquio.com.br\/\",\"name\":\"Padre Eust\u00e1quio\",\"description\":\"Sa\u00fade e Paz\",\"publisher\":{\"@id\":\"https:\/\/www.padreeustaquio.com.br\/#organization\"},\"potentialAction\":[{\"@type\":\"SearchAction\",\"target\":{\"@type\":\"EntryPoint\",\"urlTemplate\":\"https:\/\/www.padreeustaquio.com.br\/?s={search_term_string}\"},\"query-input\":{\"@type\":\"PropertyValueSpecification\",\"valueRequired\":true,\"valueName\":\"search_term_string\"}}],\"inLanguage\":\"es\"},{\"@type\":\"Organization\",\"@id\":\"https:\/\/www.padreeustaquio.com.br\/#organization\",\"name\":\"Padre Eust\u00e1quio\",\"url\":\"https:\/\/www.padreeustaquio.com.br\/\",\"logo\":{\"@type\":\"ImageObject\",\"inLanguage\":\"es\",\"@id\":\"https:\/\/www.padreeustaquio.com.br\/#\/schema\/logo\/image\/\",\"url\":\"https:\/\/www.padreeustaquio.com.br\/wp-content\/uploads\/2019\/08\/marca.png\",\"contentUrl\":\"https:\/\/www.padreeustaquio.com.br\/wp-content\/uploads\/2019\/08\/marca.png\",\"width\":350,\"height\":400,\"caption\":\"Padre Eust\u00e1quio\"},\"image\":{\"@id\":\"https:\/\/www.padreeustaquio.com.br\/#\/schema\/logo\/image\/\"},\"sameAs\":[\"https:\/\/www.facebook.com\/beatopadreeustaquio\/\",\"https:\/\/x.com\/beatopeustaquio\",\"https:\/\/www.instagram.com\/beatopadreeustaquio\/\",\"https:\/\/www.youtube.com\/channel\/UCRhw7vfabnajwLxb1ZXMeIw\"]},{\"@type\":\"Person\",\"@id\":\"https:\/\/www.padreeustaquio.com.br\/#\/schema\/person\/1bbfe7b959f00a655f8ecb6cb8f3ce87\",\"name\":\"sscc\",\"image\":{\"@type\":\"ImageObject\",\"inLanguage\":\"es\",\"@id\":\"https:\/\/secure.gravatar.com\/avatar\/edddec27f012d36cfa3fce966238219942e4659e87f27ef7b5704f0db7007bec?s=96&d=mm&r=g\",\"url\":\"https:\/\/secure.gravatar.com\/avatar\/edddec27f012d36cfa3fce966238219942e4659e87f27ef7b5704f0db7007bec?s=96&d=mm&r=g\",\"contentUrl\":\"https:\/\/secure.gravatar.com\/avatar\/edddec27f012d36cfa3fce966238219942e4659e87f27ef7b5704f0db7007bec?s=96&d=mm&r=g\",\"caption\":\"sscc\"},\"url\":\"https:\/\/www.padreeustaquio.com.br\/es\/author\/userpde\/\"}]}<\/script>\n<!-- \/ Yoast SEO plugin. -->","yoast_head_json":{"title":"Mons. Joaquim Mol visita el Memorial del Padre Eust\u00e1quio en Belo Horizonte - Padre Eust\u00e1quio","robots":{"index":"index","follow":"follow","max-snippet":"max-snippet:-1","max-image-preview":"max-image-preview:large","max-video-preview":"max-video-preview:-1"},"canonical":"https:\/\/www.padreeustaquio.com.br\/es\/dom-joaquim-mol-visita-el-memorial-del-padre-eustaquio-en-belo-horizonte\/","og_locale":"es_ES","og_type":"article","og_title":"Dom Joaquim Mol visita o Memorial Padre Eust\u00e1quio, em BH - Padre Eust\u00e1quio","og_description":"O Bispo auxiliar de Belo Horizonte e Reitor da PUC Minas, Dom Joaquim Giovani Mol Guimar\u00e3es, visitou o Santu\u00e1rio da Sa\u00fade e da Paz, na capital mineira. Na ocasi\u00e3o o bispo presidiu uma celebra\u00e7\u00e3o no Santu\u00e1rio e, logo em seguida, visitou o Memorial Padre Eust\u00e1quio, onde se encontram as rel\u00edquias do Beato. Dom Joaquim demonstrou todo o carinho e admira\u00e7\u00e3o pelo Beato Padre Eust\u00e1quio e ainda tirou uma foto segurando a imagem do padre holand\u00eas DOM JOAQUIM MOL Dom Joaquim Giovani Mol Guimar\u00e3es, nasceu em Ponte Nova-MG, no dia 6 de janeiro de 1960. Atualmente \u00e9 bispo auxiliar da Arquidiocese [&hellip;]","og_url":"https:\/\/www.padreeustaquio.com.br\/es\/dom-joaquim-mol-visita-el-memorial-del-padre-eustaquio-en-belo-horizonte\/","og_site_name":"Padre Eust\u00e1quio","article_publisher":"https:\/\/www.facebook.com\/beatopadreeustaquio\/","article_published_time":"2018-10-19T23:54:34+00:00","article_modified_time":"2019-08-21T23:55:16+00:00","og_image":[{"width":886,"height":591,"url":"https:\/\/www.padreeustaquio.com.br\/wp-content\/uploads\/2019\/08\/014.jpg","type":"image\/jpeg"}],"author":"sscc","twitter_card":"summary_large_image","twitter_creator":"@beatopeustaquio","twitter_site":"@beatopeustaquio","twitter_misc":{"Escrito por":"sscc","Tiempo de lectura":"2 minutos"},"schema":{"@context":"https:\/\/schema.org","@graph":[{"@type":"Article","@id":"https:\/\/www.padreeustaquio.com.br\/dom-joaquim-mol-visita-o-memorial-padre-eustaquio-em-bh\/#article","isPartOf":{"@id":"https:\/\/www.padreeustaquio.com.br\/dom-joaquim-mol-visita-o-memorial-padre-eustaquio-em-bh\/"},"author":{"name":"sscc","@id":"https:\/\/www.padreeustaquio.com.br\/#\/schema\/person\/1bbfe7b959f00a655f8ecb6cb8f3ce87"},"headline":"Dom Joaquim Mol visita o Memorial Padre Eust\u00e1quio, em BH","datePublished":"2018-10-19T23:54:34+00:00","dateModified":"2019-08-21T23:55:16+00:00","mainEntityOfPage":{"@id":"https:\/\/www.padreeustaquio.com.br\/dom-joaquim-mol-visita-o-memorial-padre-eustaquio-em-bh\/"},"wordCount":320,"publisher":{"@id":"https:\/\/www.padreeustaquio.com.br\/#organization"},"image":{"@id":"https:\/\/www.padreeustaquio.com.br\/dom-joaquim-mol-visita-o-memorial-padre-eustaquio-em-bh\/#primaryimage"},"thumbnailUrl":"https:\/\/www.padreeustaquio.com.br\/wp-content\/uploads\/2019\/08\/014.jpg","articleSection":["Not\u00edcias"],"inLanguage":"es"},{"@type":"WebPage","@id":"https:\/\/www.padreeustaquio.com.br\/dom-joaquim-mol-visita-o-memorial-padre-eustaquio-em-bh\/","url":"https:\/\/www.padreeustaquio.com.br\/dom-joaquim-mol-visita-o-memorial-padre-eustaquio-em-bh\/","name":"Mons. Joaquim Mol visita el Memorial del Padre Eust\u00e1quio en Belo Horizonte - Padre Eust\u00e1quio","isPartOf":{"@id":"https:\/\/www.padreeustaquio.com.br\/#website"},"primaryImageOfPage":{"@id":"https:\/\/www.padreeustaquio.com.br\/dom-joaquim-mol-visita-o-memorial-padre-eustaquio-em-bh\/#primaryimage"},"image":{"@id":"https:\/\/www.padreeustaquio.com.br\/dom-joaquim-mol-visita-o-memorial-padre-eustaquio-em-bh\/#primaryimage"},"thumbnailUrl":"https:\/\/www.padreeustaquio.com.br\/wp-content\/uploads\/2019\/08\/014.jpg","datePublished":"2018-10-19T23:54:34+00:00","dateModified":"2019-08-21T23:55:16+00:00","breadcrumb":{"@id":"https:\/\/www.padreeustaquio.com.br\/dom-joaquim-mol-visita-o-memorial-padre-eustaquio-em-bh\/#breadcrumb"},"inLanguage":"es","potentialAction":[{"@type":"ReadAction","target":["https:\/\/www.padreeustaquio.com.br\/dom-joaquim-mol-visita-o-memorial-padre-eustaquio-em-bh\/"]}]},{"@type":"ImageObject","inLanguage":"es","@id":"https:\/\/www.padreeustaquio.com.br\/dom-joaquim-mol-visita-o-memorial-padre-eustaquio-em-bh\/#primaryimage","url":"https:\/\/www.padreeustaquio.com.br\/wp-content\/uploads\/2019\/08\/014.jpg","contentUrl":"https:\/\/www.padreeustaquio.com.br\/wp-content\/uploads\/2019\/08\/014.jpg","width":886,"height":591},{"@type":"BreadcrumbList","@id":"https:\/\/www.padreeustaquio.com.br\/dom-joaquim-mol-visita-o-memorial-padre-eustaquio-em-bh\/#breadcrumb","itemListElement":[{"@type":"ListItem","position":1,"name":"In\u00edcio","item":"https:\/\/www.padreeustaquio.com.br\/"},{"@type":"ListItem","position":2,"name":"Dom Joaquim Mol visita o Memorial Padre Eust\u00e1quio, em BH"}]},{"@type":"WebSite","@id":"https:\/\/www.padreeustaquio.com.br\/#website","url":"https:\/\/www.padreeustaquio.com.br\/","name":"Padre Eustace","description":"Salud y Paz","publisher":{"@id":"https:\/\/www.padreeustaquio.com.br\/#organization"},"potentialAction":[{"@type":"SearchAction","target":{"@type":"EntryPoint","urlTemplate":"https:\/\/www.padreeustaquio.com.br\/?s={search_term_string}"},"query-input":{"@type":"PropertyValueSpecification","valueRequired":true,"valueName":"search_term_string"}}],"inLanguage":"es"},{"@type":"Organization","@id":"https:\/\/www.padreeustaquio.com.br\/#organization","name":"Padre Eustace","url":"https:\/\/www.padreeustaquio.com.br\/","logo":{"@type":"ImageObject","inLanguage":"es","@id":"https:\/\/www.padreeustaquio.com.br\/#\/schema\/logo\/image\/","url":"https:\/\/www.padreeustaquio.com.br\/wp-content\/uploads\/2019\/08\/marca.png","contentUrl":"https:\/\/www.padreeustaquio.com.br\/wp-content\/uploads\/2019\/08\/marca.png","width":350,"height":400,"caption":"Padre Eust\u00e1quio"},"image":{"@id":"https:\/\/www.padreeustaquio.com.br\/#\/schema\/logo\/image\/"},"sameAs":["https:\/\/www.facebook.com\/beatopadreeustaquio\/","https:\/\/x.com\/beatopeustaquio","https:\/\/www.instagram.com\/beatopadreeustaquio\/","https:\/\/www.youtube.com\/channel\/UCRhw7vfabnajwLxb1ZXMeIw"]},{"@type":"Person","@id":"https:\/\/www.padreeustaquio.com.br\/#\/schema\/person\/1bbfe7b959f00a655f8ecb6cb8f3ce87","name":"escuela secundaria","image":{"@type":"ImageObject","inLanguage":"es","@id":"https:\/\/secure.gravatar.com\/avatar\/edddec27f012d36cfa3fce966238219942e4659e87f27ef7b5704f0db7007bec?s=96&d=mm&r=g","url":"https:\/\/secure.gravatar.com\/avatar\/edddec27f012d36cfa3fce966238219942e4659e87f27ef7b5704f0db7007bec?s=96&d=mm&r=g","contentUrl":"https:\/\/secure.gravatar.com\/avatar\/edddec27f012d36cfa3fce966238219942e4659e87f27ef7b5704f0db7007bec?s=96&d=mm&r=g","caption":"sscc"},"url":"https:\/\/www.padreeustaquio.com.br\/es\/author\/userpde\/"}]}},"_links":{"self":[{"href":"https:\/\/www.padreeustaquio.com.br\/es\/wp-json\/wp\/v2\/posts\/2985","targetHints":{"allow":["GET"]}}],"collection":[{"href":"https:\/\/www.padreeustaquio.com.br\/es\/wp-json\/wp\/v2\/posts"}],"about":[{"href":"https:\/\/www.padreeustaquio.com.br\/es\/wp-json\/wp\/v2\/types\/post"}],"author":[{"embeddable":true,"href":"https:\/\/www.padreeustaquio.com.br\/es\/wp-json\/wp\/v2\/users\/6"}],"replies":[{"embeddable":true,"href":"https:\/\/www.padreeustaquio.com.br\/es\/wp-json\/wp\/v2\/comments?post=2985"}],"version-history":[{"count":0,"href":"https:\/\/www.padreeustaquio.com.br\/es\/wp-json\/wp\/v2\/posts\/2985\/revisions"}],"wp:featuredmedia":[{"embeddable":true,"href":"https:\/\/www.padreeustaquio.com.br\/es\/wp-json\/wp\/v2\/media\/2986"}],"wp:attachment":[{"href":"https:\/\/www.padreeustaquio.com.br\/es\/wp-json\/wp\/v2\/media?parent=2985"}],"wp:term":[{"taxonomy":"category","embeddable":true,"href":"https:\/\/www.padreeustaquio.com.br\/es\/wp-json\/wp\/v2\/categories?post=2985"},{"taxonomy":"post_tag","embeddable":true,"href":"https:\/\/www.padreeustaquio.com.br\/es\/wp-json\/wp\/v2\/tags?post=2985"}],"curies":[{"name":"wp","href":"https:\/\/api.w.org\/{rel}","templated":true}]}}