{"id":2982,"date":"2018-09-28T20:49:57","date_gmt":"2018-09-28T23:49:57","guid":{"rendered":"http:\/\/br606.teste.website\/~padre078\/padreeustaquio.com.br\/?p=2982"},"modified":"2019-08-21T20:50:32","modified_gmt":"2019-08-21T23:50:32","slug":"religiosos-de-la-comunidad-de-villaregia-en-belo-horizonte-visitan-el-santuario-de-la-salud-y-la-paz","status":"publish","type":"post","link":"https:\/\/www.padreeustaquio.com.br\/es\/religiosos-de-la-comunidad-de-villaregia-en-belo-horizonte-visitan-el-santuario-de-la-salud-y-la-paz\/","title":{"rendered":"Religiosos de la Comunidad Villaregia de Belo Horizonte visitan el Santuario de la Salud y la Paz."},"content":{"rendered":"<p>Este jueves, 27 de septiembre, 16 religiosos de la Comunidad Misionera Villaregia de Belo Horizonte pasaron el d\u00eda de retiro en el Santuario de la Salud y la Paz.<\/p>\n<p>Llegaron temprano y fueron recibidos por el vicepostulador de la causa de canonizaci\u00f3n, el padre Marcus Vin\u00edcius Maciel, SSCC, quien les explic\u00f3 un poco m\u00e1s sobre la vida e historia del padre Eust\u00e1quio. Posteriormente, los miembros de la comunidad visitaron el Memorial del Padre Eust\u00e1quio. All\u00ed, compartieron momentos de reflexi\u00f3n y oraci\u00f3n en torno a las reliquias del religioso holand\u00e9s. Los visitantes tambi\u00e9n exploraron otras \u00e1reas del Santuario y participaron en la Santa Misa de las 12 del mediod\u00eda.<\/p>\n<p><strong>La Comunidad Misionera de Villaregia<\/strong><\/p>\n<p>CMV es una obra de la Iglesia Cat\u00f3lica, fundada en 1981 y reconocida por la Santa Sede. Fue fundada por el Padre Luigi Prandin y Maria Luigia Corona con un grupo de j\u00f3venes deseosos de dedicarse a Dios en la evangelizaci\u00f3n, viviendo una vida comunitaria abierta a la misi\u00f3n.<\/p>\n<p>El 8 de septiembre de 1981, fue reconocida por Su Excelencia Reverend\u00edsima Dom Sennen Corr\u00e0, entonces obispo de Chioggia, como P\u00eda Uni\u00f3n de Culto y Religi\u00f3n. El 25 de marzo de 1984, en virtud del nuevo C\u00f3digo de Derecho Can\u00f3nico, el mismo obispo de Chioggia erigi\u00f3 la Comunidad como Asociaci\u00f3n P\u00fablica de Fieles de derecho diocesano. El 26 de mayo de 2002, el Consejo Pontificio para los Laicos erigi\u00f3 la Comunidad Misionera de Villaregia como Asociaci\u00f3n P\u00fablica de Fieles de derecho pontificio. El 26 de mayo de 2007, el mismo Dicasterio aprob\u00f3 definitivamente los Estatutos, tras un per\u00edodo de prueba de cinco a\u00f1os.<\/p>\n<p><strong>El don de Dios:<\/strong>\u00a0Ser una Comunidad para la misi\u00f3n ad gentes, confiando en la Providencia. Comunidad, Misi\u00f3n y Providencia: tres pilares que sustentan una vida en com\u00fan, entregada a nuestros hermanos y hermanas. Los miembros activos se adhieren con alegr\u00eda a estos pilares en fidelidad al plan de Dios, con una renovada conciencia cada d\u00eda de que \u00c9l es el arquitecto de la historia. El Don de Dios es tambi\u00e9n una tarea, un compromiso que debe asumirse con responsabilidad y renovarse constantemente al servicio de la Iglesia y la humanidad.<\/p>\n<p><strong>Fundamento b\u00edblico:<\/strong>\u00a0\u201cComo t\u00fa, oh Padre, en m\u00ed, y yo en ti, que tambi\u00e9n ellos sean uno en nosotros, para que el mundo crea\u2019 (Juan 17:21).<\/p>\n<p><strong>Los miembros:<\/strong>\u00a0Se distinguen en miembros de pleno derecho (ordenados), miembros asociados y simpatizantes.<\/p>\n<p><strong>Presencia en Europa,<\/strong>\u00a07 Comunidades: Quartu Sant&#039;Elena (CA); Villaregia (RO); Nola (NA); Pordenona; Granada; Lonato (BS); Imola (BO).<br \/>\n<strong>Presencia en Am\u00e9rica<\/strong>, 5 Comunidades: Belo Horizonte y S\u00e3o Paulo (Brasil); Lima (Per\u00fa); Arecibo (Puerto Rico); Texcoco (M\u00e9xico).<br \/>\n<strong>Presencia en \u00c1frica,<\/strong>\u00a02 comunidades: Yopougon (Costa de Marfil), Maputo (Mozambique).<\/p>\n<p>Fuente: Oficina de Prensa para la Canonizaci\u00f3n del Padre Eust\u00e1quio, con informaci\u00f3n del sitio web: cmv.it<\/p>","protected":false},"excerpt":{"rendered":"<p>Nesta quinta-feira, dia 27 de setembro, 16 religiosos da Comunidade Mission\u00e1ria Villaregia, em Belo Horizonte, passaram o dia em retiro no Santu\u00e1rio da Sa\u00fade e da Paz. Eles chegaram logo cedo e foram acolhidos pelo vice-postulador da causa de Canoniza\u00e7\u00e3o, Padre Marcus Vin\u00edcius Maciel, SSCC, que falou um pouco mais sobre a vida e a hist\u00f3ria de Padre Eust\u00e1quio. Em seguida, os membros da comunidade visitaram o Memorial de Padre Eust\u00e1quio. Por l\u00e1, eles promoveram momentos de reflex\u00e3o e ora\u00e7\u00e3o em torno das rel\u00edquias do religioso holand\u00eas. Os visitantes tamb\u00e9m conheceram outros pontos do Santu\u00e1rio e participaram da Santa Missa [&hellip;]<\/p>\n","protected":false},"author":6,"featured_media":2983,"comment_status":"closed","ping_status":"open","sticky":false,"template":"","format":"standard","meta":{"_acf_changed":false,"footnotes":""},"categories":[611],"tags":[],"class_list":["post-2982","post","type-post","status-publish","format-standard","has-post-thumbnail","hentry","category-noticias"],"acf":[],"yoast_head":"<!-- This site is optimized with the Yoast SEO plugin v27.2 - https:\/\/yoast.com\/product\/yoast-seo-wordpress\/ -->\n<title>Religiosos da Comunidade Villaregia, em BH, visitam Santu\u00e1rio da Sa\u00fade e da Paz - Padre Eust\u00e1quio<\/title>\n<meta name=\"robots\" content=\"index, follow, max-snippet:-1, max-image-preview:large, max-video-preview:-1\" \/>\n<link rel=\"canonical\" href=\"https:\/\/www.padreeustaquio.com.br\/es\/religiosos-de-la-comunidad-de-villaregia-en-belo-horizonte-visitan-el-santuario-de-la-salud-y-la-paz\/\" \/>\n<meta property=\"og:locale\" content=\"es_ES\" \/>\n<meta property=\"og:type\" content=\"article\" \/>\n<meta property=\"og:title\" content=\"Religiosos da Comunidade Villaregia, em BH, visitam Santu\u00e1rio da Sa\u00fade e da Paz - Padre Eust\u00e1quio\" \/>\n<meta property=\"og:description\" content=\"Nesta quinta-feira, dia 27 de setembro, 16 religiosos da Comunidade Mission\u00e1ria Villaregia, em Belo Horizonte, passaram o dia em retiro no Santu\u00e1rio da Sa\u00fade e da Paz. Eles chegaram logo cedo e foram acolhidos pelo vice-postulador da causa de Canoniza\u00e7\u00e3o, Padre Marcus Vin\u00edcius Maciel, SSCC, que falou um pouco mais sobre a vida e a hist\u00f3ria de Padre Eust\u00e1quio. Em seguida, os membros da comunidade visitaram o Memorial de Padre Eust\u00e1quio. Por l\u00e1, eles promoveram momentos de reflex\u00e3o e ora\u00e7\u00e3o em torno das rel\u00edquias do religioso holand\u00eas. Os visitantes tamb\u00e9m conheceram outros pontos do Santu\u00e1rio e participaram da Santa Missa [&hellip;]\" \/>\n<meta property=\"og:url\" content=\"https:\/\/www.padreeustaquio.com.br\/es\/religiosos-de-la-comunidad-de-villaregia-en-belo-horizonte-visitan-el-santuario-de-la-salud-y-la-paz\/\" \/>\n<meta property=\"og:site_name\" content=\"Padre Eust\u00e1quio\" \/>\n<meta property=\"article:publisher\" content=\"https:\/\/www.facebook.com\/beatopadreeustaquio\/\" \/>\n<meta property=\"article:published_time\" content=\"2018-09-28T23:49:57+00:00\" \/>\n<meta property=\"article:modified_time\" content=\"2019-08-21T23:50:32+00:00\" \/>\n<meta property=\"og:image\" content=\"https:\/\/www.padreeustaquio.com.br\/wp-content\/uploads\/2019\/08\/013.jpg\" \/>\n\t<meta property=\"og:image:width\" content=\"960\" \/>\n\t<meta property=\"og:image:height\" content=\"614\" \/>\n\t<meta property=\"og:image:type\" content=\"image\/jpeg\" \/>\n<meta name=\"author\" content=\"sscc\" \/>\n<meta name=\"twitter:card\" content=\"summary_large_image\" \/>\n<meta name=\"twitter:creator\" content=\"@beatopeustaquio\" \/>\n<meta name=\"twitter:site\" content=\"@beatopeustaquio\" \/>\n<meta name=\"twitter:label1\" content=\"Escrito por\" \/>\n\t<meta name=\"twitter:data1\" content=\"sscc\" \/>\n\t<meta name=\"twitter:label2\" content=\"Tiempo de lectura\" \/>\n\t<meta name=\"twitter:data2\" content=\"2 minutos\" \/>\n<script type=\"application\/ld+json\" class=\"yoast-schema-graph\">{\"@context\":\"https:\/\/schema.org\",\"@graph\":[{\"@type\":\"Article\",\"@id\":\"https:\/\/www.padreeustaquio.com.br\/religiosos-da-comunidade-villaregia-em-bh-visitam-santuario-da-saude-e-da-paz\/#article\",\"isPartOf\":{\"@id\":\"https:\/\/www.padreeustaquio.com.br\/religiosos-da-comunidade-villaregia-em-bh-visitam-santuario-da-saude-e-da-paz\/\"},\"author\":{\"name\":\"sscc\",\"@id\":\"https:\/\/www.padreeustaquio.com.br\/#\/schema\/person\/1bbfe7b959f00a655f8ecb6cb8f3ce87\"},\"headline\":\"Religiosos da Comunidade Villaregia, em BH, visitam Santu\u00e1rio da Sa\u00fade e da Paz\",\"datePublished\":\"2018-09-28T23:49:57+00:00\",\"dateModified\":\"2019-08-21T23:50:32+00:00\",\"mainEntityOfPage\":{\"@id\":\"https:\/\/www.padreeustaquio.com.br\/religiosos-da-comunidade-villaregia-em-bh-visitam-santuario-da-saude-e-da-paz\/\"},\"wordCount\":492,\"publisher\":{\"@id\":\"https:\/\/www.padreeustaquio.com.br\/#organization\"},\"image\":{\"@id\":\"https:\/\/www.padreeustaquio.com.br\/religiosos-da-comunidade-villaregia-em-bh-visitam-santuario-da-saude-e-da-paz\/#primaryimage\"},\"thumbnailUrl\":\"https:\/\/www.padreeustaquio.com.br\/wp-content\/uploads\/2019\/08\/013.jpg\",\"articleSection\":[\"Not\u00edcias\"],\"inLanguage\":\"es\"},{\"@type\":\"WebPage\",\"@id\":\"https:\/\/www.padreeustaquio.com.br\/religiosos-da-comunidade-villaregia-em-bh-visitam-santuario-da-saude-e-da-paz\/\",\"url\":\"https:\/\/www.padreeustaquio.com.br\/religiosos-da-comunidade-villaregia-em-bh-visitam-santuario-da-saude-e-da-paz\/\",\"name\":\"Religiosos da Comunidade Villaregia, em BH, visitam Santu\u00e1rio da Sa\u00fade e da Paz - Padre Eust\u00e1quio\",\"isPartOf\":{\"@id\":\"https:\/\/www.padreeustaquio.com.br\/#website\"},\"primaryImageOfPage\":{\"@id\":\"https:\/\/www.padreeustaquio.com.br\/religiosos-da-comunidade-villaregia-em-bh-visitam-santuario-da-saude-e-da-paz\/#primaryimage\"},\"image\":{\"@id\":\"https:\/\/www.padreeustaquio.com.br\/religiosos-da-comunidade-villaregia-em-bh-visitam-santuario-da-saude-e-da-paz\/#primaryimage\"},\"thumbnailUrl\":\"https:\/\/www.padreeustaquio.com.br\/wp-content\/uploads\/2019\/08\/013.jpg\",\"datePublished\":\"2018-09-28T23:49:57+00:00\",\"dateModified\":\"2019-08-21T23:50:32+00:00\",\"breadcrumb\":{\"@id\":\"https:\/\/www.padreeustaquio.com.br\/religiosos-da-comunidade-villaregia-em-bh-visitam-santuario-da-saude-e-da-paz\/#breadcrumb\"},\"inLanguage\":\"es\",\"potentialAction\":[{\"@type\":\"ReadAction\",\"target\":[\"https:\/\/www.padreeustaquio.com.br\/religiosos-da-comunidade-villaregia-em-bh-visitam-santuario-da-saude-e-da-paz\/\"]}]},{\"@type\":\"ImageObject\",\"inLanguage\":\"es\",\"@id\":\"https:\/\/www.padreeustaquio.com.br\/religiosos-da-comunidade-villaregia-em-bh-visitam-santuario-da-saude-e-da-paz\/#primaryimage\",\"url\":\"https:\/\/www.padreeustaquio.com.br\/wp-content\/uploads\/2019\/08\/013.jpg\",\"contentUrl\":\"https:\/\/www.padreeustaquio.com.br\/wp-content\/uploads\/2019\/08\/013.jpg\",\"width\":960,\"height\":614},{\"@type\":\"BreadcrumbList\",\"@id\":\"https:\/\/www.padreeustaquio.com.br\/religiosos-da-comunidade-villaregia-em-bh-visitam-santuario-da-saude-e-da-paz\/#breadcrumb\",\"itemListElement\":[{\"@type\":\"ListItem\",\"position\":1,\"name\":\"In\u00edcio\",\"item\":\"https:\/\/www.padreeustaquio.com.br\/\"},{\"@type\":\"ListItem\",\"position\":2,\"name\":\"Religiosos da Comunidade Villaregia, em BH, visitam Santu\u00e1rio da Sa\u00fade e da Paz\"}]},{\"@type\":\"WebSite\",\"@id\":\"https:\/\/www.padreeustaquio.com.br\/#website\",\"url\":\"https:\/\/www.padreeustaquio.com.br\/\",\"name\":\"Padre Eust\u00e1quio\",\"description\":\"Sa\u00fade e Paz\",\"publisher\":{\"@id\":\"https:\/\/www.padreeustaquio.com.br\/#organization\"},\"potentialAction\":[{\"@type\":\"SearchAction\",\"target\":{\"@type\":\"EntryPoint\",\"urlTemplate\":\"https:\/\/www.padreeustaquio.com.br\/?s={search_term_string}\"},\"query-input\":{\"@type\":\"PropertyValueSpecification\",\"valueRequired\":true,\"valueName\":\"search_term_string\"}}],\"inLanguage\":\"es\"},{\"@type\":\"Organization\",\"@id\":\"https:\/\/www.padreeustaquio.com.br\/#organization\",\"name\":\"Padre Eust\u00e1quio\",\"url\":\"https:\/\/www.padreeustaquio.com.br\/\",\"logo\":{\"@type\":\"ImageObject\",\"inLanguage\":\"es\",\"@id\":\"https:\/\/www.padreeustaquio.com.br\/#\/schema\/logo\/image\/\",\"url\":\"https:\/\/www.padreeustaquio.com.br\/wp-content\/uploads\/2019\/08\/marca.png\",\"contentUrl\":\"https:\/\/www.padreeustaquio.com.br\/wp-content\/uploads\/2019\/08\/marca.png\",\"width\":350,\"height\":400,\"caption\":\"Padre Eust\u00e1quio\"},\"image\":{\"@id\":\"https:\/\/www.padreeustaquio.com.br\/#\/schema\/logo\/image\/\"},\"sameAs\":[\"https:\/\/www.facebook.com\/beatopadreeustaquio\/\",\"https:\/\/x.com\/beatopeustaquio\",\"https:\/\/www.instagram.com\/beatopadreeustaquio\/\",\"https:\/\/www.youtube.com\/channel\/UCRhw7vfabnajwLxb1ZXMeIw\"]},{\"@type\":\"Person\",\"@id\":\"https:\/\/www.padreeustaquio.com.br\/#\/schema\/person\/1bbfe7b959f00a655f8ecb6cb8f3ce87\",\"name\":\"sscc\",\"image\":{\"@type\":\"ImageObject\",\"inLanguage\":\"es\",\"@id\":\"https:\/\/secure.gravatar.com\/avatar\/edddec27f012d36cfa3fce966238219942e4659e87f27ef7b5704f0db7007bec?s=96&d=mm&r=g\",\"url\":\"https:\/\/secure.gravatar.com\/avatar\/edddec27f012d36cfa3fce966238219942e4659e87f27ef7b5704f0db7007bec?s=96&d=mm&r=g\",\"contentUrl\":\"https:\/\/secure.gravatar.com\/avatar\/edddec27f012d36cfa3fce966238219942e4659e87f27ef7b5704f0db7007bec?s=96&d=mm&r=g\",\"caption\":\"sscc\"},\"url\":\"https:\/\/www.padreeustaquio.com.br\/es\/author\/userpde\/\"}]}<\/script>\n<!-- \/ Yoast SEO plugin. -->","yoast_head_json":{"title":"Religiosos de la Comunidad de Villaregia de Belo Horizonte visitan el Santuario de la Salud y la Paz - Padre Eust\u00e1quio","robots":{"index":"index","follow":"follow","max-snippet":"max-snippet:-1","max-image-preview":"max-image-preview:large","max-video-preview":"max-video-preview:-1"},"canonical":"https:\/\/www.padreeustaquio.com.br\/es\/religiosos-de-la-comunidad-de-villaregia-en-belo-horizonte-visitan-el-santuario-de-la-salud-y-la-paz\/","og_locale":"es_ES","og_type":"article","og_title":"Religiosos da Comunidade Villaregia, em BH, visitam Santu\u00e1rio da Sa\u00fade e da Paz - Padre Eust\u00e1quio","og_description":"Nesta quinta-feira, dia 27 de setembro, 16 religiosos da Comunidade Mission\u00e1ria Villaregia, em Belo Horizonte, passaram o dia em retiro no Santu\u00e1rio da Sa\u00fade e da Paz. Eles chegaram logo cedo e foram acolhidos pelo vice-postulador da causa de Canoniza\u00e7\u00e3o, Padre Marcus Vin\u00edcius Maciel, SSCC, que falou um pouco mais sobre a vida e a hist\u00f3ria de Padre Eust\u00e1quio. Em seguida, os membros da comunidade visitaram o Memorial de Padre Eust\u00e1quio. Por l\u00e1, eles promoveram momentos de reflex\u00e3o e ora\u00e7\u00e3o em torno das rel\u00edquias do religioso holand\u00eas. Os visitantes tamb\u00e9m conheceram outros pontos do Santu\u00e1rio e participaram da Santa Missa [&hellip;]","og_url":"https:\/\/www.padreeustaquio.com.br\/es\/religiosos-de-la-comunidad-de-villaregia-en-belo-horizonte-visitan-el-santuario-de-la-salud-y-la-paz\/","og_site_name":"Padre Eust\u00e1quio","article_publisher":"https:\/\/www.facebook.com\/beatopadreeustaquio\/","article_published_time":"2018-09-28T23:49:57+00:00","article_modified_time":"2019-08-21T23:50:32+00:00","og_image":[{"width":960,"height":614,"url":"https:\/\/www.padreeustaquio.com.br\/wp-content\/uploads\/2019\/08\/013.jpg","type":"image\/jpeg"}],"author":"sscc","twitter_card":"summary_large_image","twitter_creator":"@beatopeustaquio","twitter_site":"@beatopeustaquio","twitter_misc":{"Escrito por":"sscc","Tiempo de lectura":"2 minutos"},"schema":{"@context":"https:\/\/schema.org","@graph":[{"@type":"Article","@id":"https:\/\/www.padreeustaquio.com.br\/religiosos-da-comunidade-villaregia-em-bh-visitam-santuario-da-saude-e-da-paz\/#article","isPartOf":{"@id":"https:\/\/www.padreeustaquio.com.br\/religiosos-da-comunidade-villaregia-em-bh-visitam-santuario-da-saude-e-da-paz\/"},"author":{"name":"sscc","@id":"https:\/\/www.padreeustaquio.com.br\/#\/schema\/person\/1bbfe7b959f00a655f8ecb6cb8f3ce87"},"headline":"Religiosos da Comunidade Villaregia, em BH, visitam Santu\u00e1rio da Sa\u00fade e da Paz","datePublished":"2018-09-28T23:49:57+00:00","dateModified":"2019-08-21T23:50:32+00:00","mainEntityOfPage":{"@id":"https:\/\/www.padreeustaquio.com.br\/religiosos-da-comunidade-villaregia-em-bh-visitam-santuario-da-saude-e-da-paz\/"},"wordCount":492,"publisher":{"@id":"https:\/\/www.padreeustaquio.com.br\/#organization"},"image":{"@id":"https:\/\/www.padreeustaquio.com.br\/religiosos-da-comunidade-villaregia-em-bh-visitam-santuario-da-saude-e-da-paz\/#primaryimage"},"thumbnailUrl":"https:\/\/www.padreeustaquio.com.br\/wp-content\/uploads\/2019\/08\/013.jpg","articleSection":["Not\u00edcias"],"inLanguage":"es"},{"@type":"WebPage","@id":"https:\/\/www.padreeustaquio.com.br\/religiosos-da-comunidade-villaregia-em-bh-visitam-santuario-da-saude-e-da-paz\/","url":"https:\/\/www.padreeustaquio.com.br\/religiosos-da-comunidade-villaregia-em-bh-visitam-santuario-da-saude-e-da-paz\/","name":"Religiosos de la Comunidad de Villaregia de Belo Horizonte visitan el Santuario de la Salud y la Paz - Padre Eust\u00e1quio","isPartOf":{"@id":"https:\/\/www.padreeustaquio.com.br\/#website"},"primaryImageOfPage":{"@id":"https:\/\/www.padreeustaquio.com.br\/religiosos-da-comunidade-villaregia-em-bh-visitam-santuario-da-saude-e-da-paz\/#primaryimage"},"image":{"@id":"https:\/\/www.padreeustaquio.com.br\/religiosos-da-comunidade-villaregia-em-bh-visitam-santuario-da-saude-e-da-paz\/#primaryimage"},"thumbnailUrl":"https:\/\/www.padreeustaquio.com.br\/wp-content\/uploads\/2019\/08\/013.jpg","datePublished":"2018-09-28T23:49:57+00:00","dateModified":"2019-08-21T23:50:32+00:00","breadcrumb":{"@id":"https:\/\/www.padreeustaquio.com.br\/religiosos-da-comunidade-villaregia-em-bh-visitam-santuario-da-saude-e-da-paz\/#breadcrumb"},"inLanguage":"es","potentialAction":[{"@type":"ReadAction","target":["https:\/\/www.padreeustaquio.com.br\/religiosos-da-comunidade-villaregia-em-bh-visitam-santuario-da-saude-e-da-paz\/"]}]},{"@type":"ImageObject","inLanguage":"es","@id":"https:\/\/www.padreeustaquio.com.br\/religiosos-da-comunidade-villaregia-em-bh-visitam-santuario-da-saude-e-da-paz\/#primaryimage","url":"https:\/\/www.padreeustaquio.com.br\/wp-content\/uploads\/2019\/08\/013.jpg","contentUrl":"https:\/\/www.padreeustaquio.com.br\/wp-content\/uploads\/2019\/08\/013.jpg","width":960,"height":614},{"@type":"BreadcrumbList","@id":"https:\/\/www.padreeustaquio.com.br\/religiosos-da-comunidade-villaregia-em-bh-visitam-santuario-da-saude-e-da-paz\/#breadcrumb","itemListElement":[{"@type":"ListItem","position":1,"name":"In\u00edcio","item":"https:\/\/www.padreeustaquio.com.br\/"},{"@type":"ListItem","position":2,"name":"Religiosos da Comunidade Villaregia, em BH, visitam Santu\u00e1rio da Sa\u00fade e da Paz"}]},{"@type":"WebSite","@id":"https:\/\/www.padreeustaquio.com.br\/#website","url":"https:\/\/www.padreeustaquio.com.br\/","name":"Padre Eustace","description":"Salud y Paz","publisher":{"@id":"https:\/\/www.padreeustaquio.com.br\/#organization"},"potentialAction":[{"@type":"SearchAction","target":{"@type":"EntryPoint","urlTemplate":"https:\/\/www.padreeustaquio.com.br\/?s={search_term_string}"},"query-input":{"@type":"PropertyValueSpecification","valueRequired":true,"valueName":"search_term_string"}}],"inLanguage":"es"},{"@type":"Organization","@id":"https:\/\/www.padreeustaquio.com.br\/#organization","name":"Padre Eustace","url":"https:\/\/www.padreeustaquio.com.br\/","logo":{"@type":"ImageObject","inLanguage":"es","@id":"https:\/\/www.padreeustaquio.com.br\/#\/schema\/logo\/image\/","url":"https:\/\/www.padreeustaquio.com.br\/wp-content\/uploads\/2019\/08\/marca.png","contentUrl":"https:\/\/www.padreeustaquio.com.br\/wp-content\/uploads\/2019\/08\/marca.png","width":350,"height":400,"caption":"Padre Eust\u00e1quio"},"image":{"@id":"https:\/\/www.padreeustaquio.com.br\/#\/schema\/logo\/image\/"},"sameAs":["https:\/\/www.facebook.com\/beatopadreeustaquio\/","https:\/\/x.com\/beatopeustaquio","https:\/\/www.instagram.com\/beatopadreeustaquio\/","https:\/\/www.youtube.com\/channel\/UCRhw7vfabnajwLxb1ZXMeIw"]},{"@type":"Person","@id":"https:\/\/www.padreeustaquio.com.br\/#\/schema\/person\/1bbfe7b959f00a655f8ecb6cb8f3ce87","name":"escuela secundaria","image":{"@type":"ImageObject","inLanguage":"es","@id":"https:\/\/secure.gravatar.com\/avatar\/edddec27f012d36cfa3fce966238219942e4659e87f27ef7b5704f0db7007bec?s=96&d=mm&r=g","url":"https:\/\/secure.gravatar.com\/avatar\/edddec27f012d36cfa3fce966238219942e4659e87f27ef7b5704f0db7007bec?s=96&d=mm&r=g","contentUrl":"https:\/\/secure.gravatar.com\/avatar\/edddec27f012d36cfa3fce966238219942e4659e87f27ef7b5704f0db7007bec?s=96&d=mm&r=g","caption":"sscc"},"url":"https:\/\/www.padreeustaquio.com.br\/es\/author\/userpde\/"}]}},"_links":{"self":[{"href":"https:\/\/www.padreeustaquio.com.br\/es\/wp-json\/wp\/v2\/posts\/2982","targetHints":{"allow":["GET"]}}],"collection":[{"href":"https:\/\/www.padreeustaquio.com.br\/es\/wp-json\/wp\/v2\/posts"}],"about":[{"href":"https:\/\/www.padreeustaquio.com.br\/es\/wp-json\/wp\/v2\/types\/post"}],"author":[{"embeddable":true,"href":"https:\/\/www.padreeustaquio.com.br\/es\/wp-json\/wp\/v2\/users\/6"}],"replies":[{"embeddable":true,"href":"https:\/\/www.padreeustaquio.com.br\/es\/wp-json\/wp\/v2\/comments?post=2982"}],"version-history":[{"count":0,"href":"https:\/\/www.padreeustaquio.com.br\/es\/wp-json\/wp\/v2\/posts\/2982\/revisions"}],"wp:featuredmedia":[{"embeddable":true,"href":"https:\/\/www.padreeustaquio.com.br\/es\/wp-json\/wp\/v2\/media\/2983"}],"wp:attachment":[{"href":"https:\/\/www.padreeustaquio.com.br\/es\/wp-json\/wp\/v2\/media?parent=2982"}],"wp:term":[{"taxonomy":"category","embeddable":true,"href":"https:\/\/www.padreeustaquio.com.br\/es\/wp-json\/wp\/v2\/categories?post=2982"},{"taxonomy":"post_tag","embeddable":true,"href":"https:\/\/www.padreeustaquio.com.br\/es\/wp-json\/wp\/v2\/tags?post=2982"}],"curies":[{"name":"wp","href":"https:\/\/api.w.org\/{rel}","templated":true}]}}