{"id":2867,"date":"2018-08-19T23:28:05","date_gmt":"2018-08-20T02:28:05","guid":{"rendered":"http:\/\/br606.teste.website\/~padre078\/padreeustaquio.com.br\/?p=2867"},"modified":"2019-08-19T23:38:52","modified_gmt":"2019-08-20T02:38:52","slug":"el-responsable-del-proceso-de-canonizacion-en-el-vaticano-visita-un-museo-en-porto-alegre-sao-paulo","status":"publish","type":"post","link":"https:\/\/www.padreeustaquio.com.br\/es\/el-responsable-del-proceso-de-canonizacion-en-el-vaticano-visita-un-museo-en-porto-alegre-sao-paulo\/","title":{"rendered":"El responsable del proceso de canonizaci\u00f3n en el Vaticano visita un museo en Po\u00e1, S\u00e3o Paulo."},"content":{"rendered":"<p>El Museo Padre Eust\u00e1quio en Po\u00e1, S\u00e3o Paulo, recibe esta semana al Padre David Reid, SS.CC., postulador del proceso de canonizaci\u00f3n del Beato Padre Eust\u00e1quio. Este religioso de la Congregaci\u00f3n de los Sagrados Corazones lleg\u00f3 desde el Vaticano, donde reside actualmente, para participar en las festividades del d\u00eda del Padre Eust\u00e1quio, que se celebran el 30 de agosto. En la ciudad de Po\u00e1, el Padre David visit\u00f3 la exposici\u00f3n hist\u00f3rica \u201975 A\u00f1os de Salud y Paz\u2019; contempl\u00f3 piezas de la colecci\u00f3n y otros lugares como la Iglesia y la gruta de Nuestra Se\u00f1ora de Lourdes.<\/p>\n<p>La visita estuvo acompa\u00f1ada por el Padre Luiz Ant\u00f4nio da Silva, SS.CC., de la Parroquia de Santo Emidio, en S\u00e3o Paulo, SP. Ambos expresaron curiosidad por la ciudad donde el Padre Eust\u00e1quio dej\u00f3 huella con sus bendiciones y curaciones. El grupo fue guiado por los Amigos del Museo Padre Eust\u00e1quio, quienes se mostraron felices y agradecidos por la visita.<\/p>\n<p><strong>EL POSTULADOR<\/strong><\/p>\n<p>El Padre David P. Reid es religioso de la Congregaci\u00f3n de los Sagrados Corazones, Postulador General de la Congregaci\u00f3n y responsable de la edici\u00f3n de los escritos de San Dami\u00e1n de Molokai. Naci\u00f3 en Irlanda en 1942 y complet\u00f3 sus estudios b\u00edblicos en el Pontificio Instituto B\u00edblico y su doctorado en la Pontificia Universidad Gregoriana, ambos en Roma. Fue Provincial de Estados Unidos Este de 2000 a 2006 y Provincial Regional de la India de 2007 a 2010. Antes de ser Postulador General, el Padre David fue p\u00e1rroco en Seat Pleasant, Washington, D.C. Fue nombrado Postulador General el 21 de enero de 2015.<\/p>","protected":false},"excerpt":{"rendered":"<p>O Museu Padre Eust\u00e1quio em Po\u00e1, S\u00e3o Paulo, recebe, esta semana, o padre postulador do processo de canoniza\u00e7\u00e3o do Beato Padre Eust\u00e1quio, Pe. David Reid, SS.CC. O religioso da Congrega\u00e7\u00e3o dos Sagrados Cora\u00e7\u00f5es veio do Vaticano, onde vive atualmente, para participar das festividades do dia de Padre Eust\u00e1quio, comemorado em 30 de agosto. Na cidade paulista, Padre David, conheceu a exposi\u00e7\u00e3o hist\u00f3rica: &#8217;75 anos de Sa\u00fade e Paz&#8217;; viu os itens do acervo e outros locais como a Igreja e a gruta Nossa Senhora de Lourdes. A visita foi acompanhada de pert pelo Padre Luiz Ant\u00f4nio da Silva, SS.CC. da [&hellip;]<\/p>\n","protected":false},"author":6,"featured_media":2868,"comment_status":"closed","ping_status":"open","sticky":false,"template":"","format":"standard","meta":{"_acf_changed":false,"footnotes":""},"categories":[611],"tags":[],"class_list":["post-2867","post","type-post","status-publish","format-standard","has-post-thumbnail","hentry","category-noticias"],"acf":[],"yoast_head":"<!-- This site is optimized with the Yoast SEO plugin v27.2 - https:\/\/yoast.com\/product\/yoast-seo-wordpress\/ -->\n<title>Respons\u00e1vel pelo processo de Canoniza\u00e7\u00e3o no Vaticano visita Museu em Po\u00e1-SP - Padre Eust\u00e1quio<\/title>\n<meta name=\"robots\" content=\"index, follow, max-snippet:-1, max-image-preview:large, max-video-preview:-1\" \/>\n<link rel=\"canonical\" href=\"https:\/\/www.padreeustaquio.com.br\/es\/el-responsable-del-proceso-de-canonizacion-en-el-vaticano-visita-un-museo-en-porto-alegre-sao-paulo\/\" \/>\n<meta property=\"og:locale\" content=\"es_ES\" \/>\n<meta property=\"og:type\" content=\"article\" \/>\n<meta property=\"og:title\" content=\"Respons\u00e1vel pelo processo de Canoniza\u00e7\u00e3o no Vaticano visita Museu em Po\u00e1-SP - Padre Eust\u00e1quio\" \/>\n<meta property=\"og:description\" content=\"O Museu Padre Eust\u00e1quio em Po\u00e1, S\u00e3o Paulo, recebe, esta semana, o padre postulador do processo de canoniza\u00e7\u00e3o do Beato Padre Eust\u00e1quio, Pe. David Reid, SS.CC. O religioso da Congrega\u00e7\u00e3o dos Sagrados Cora\u00e7\u00f5es veio do Vaticano, onde vive atualmente, para participar das festividades do dia de Padre Eust\u00e1quio, comemorado em 30 de agosto. Na cidade paulista, Padre David, conheceu a exposi\u00e7\u00e3o hist\u00f3rica: &#8217;75 anos de Sa\u00fade e Paz&#8217;; viu os itens do acervo e outros locais como a Igreja e a gruta Nossa Senhora de Lourdes. A visita foi acompanhada de pert pelo Padre Luiz Ant\u00f4nio da Silva, SS.CC. da [&hellip;]\" \/>\n<meta property=\"og:url\" content=\"https:\/\/www.padreeustaquio.com.br\/es\/el-responsable-del-proceso-de-canonizacion-en-el-vaticano-visita-un-museo-en-porto-alegre-sao-paulo\/\" \/>\n<meta property=\"og:site_name\" content=\"Padre Eust\u00e1quio\" \/>\n<meta property=\"article:publisher\" content=\"https:\/\/www.facebook.com\/beatopadreeustaquio\/\" \/>\n<meta property=\"article:published_time\" content=\"2018-08-20T02:28:05+00:00\" \/>\n<meta property=\"article:modified_time\" content=\"2019-08-20T02:38:52+00:00\" \/>\n<meta property=\"og:image\" content=\"https:\/\/www.padreeustaquio.com.br\/wp-content\/uploads\/2019\/08\/009.jpg\" \/>\n\t<meta property=\"og:image:width\" content=\"531\" \/>\n\t<meta property=\"og:image:height\" content=\"292\" \/>\n\t<meta property=\"og:image:type\" content=\"image\/jpeg\" \/>\n<meta name=\"author\" content=\"sscc\" \/>\n<meta name=\"twitter:card\" content=\"summary_large_image\" \/>\n<meta name=\"twitter:creator\" content=\"@beatopeustaquio\" \/>\n<meta name=\"twitter:site\" content=\"@beatopeustaquio\" \/>\n<meta name=\"twitter:label1\" content=\"Escrito por\" \/>\n\t<meta name=\"twitter:data1\" content=\"sscc\" \/>\n\t<meta name=\"twitter:label2\" content=\"Tiempo de lectura\" \/>\n\t<meta name=\"twitter:data2\" content=\"1 minuto\" \/>\n<script type=\"application\/ld+json\" class=\"yoast-schema-graph\">{\"@context\":\"https:\/\/schema.org\",\"@graph\":[{\"@type\":\"Article\",\"@id\":\"https:\/\/www.padreeustaquio.com.br\/responsavel-pelo-processo-de-canonizacao-no-vaticano-visita-museu-em-poa-sp\/#article\",\"isPartOf\":{\"@id\":\"https:\/\/www.padreeustaquio.com.br\/responsavel-pelo-processo-de-canonizacao-no-vaticano-visita-museu-em-poa-sp\/\"},\"author\":{\"name\":\"sscc\",\"@id\":\"https:\/\/www.padreeustaquio.com.br\/#\/schema\/person\/1bbfe7b959f00a655f8ecb6cb8f3ce87\"},\"headline\":\"Respons\u00e1vel pelo processo de Canoniza\u00e7\u00e3o no Vaticano visita Museu em Po\u00e1-SP\",\"datePublished\":\"2018-08-20T02:28:05+00:00\",\"dateModified\":\"2019-08-20T02:38:52+00:00\",\"mainEntityOfPage\":{\"@id\":\"https:\/\/www.padreeustaquio.com.br\/responsavel-pelo-processo-de-canonizacao-no-vaticano-visita-museu-em-poa-sp\/\"},\"wordCount\":274,\"publisher\":{\"@id\":\"https:\/\/www.padreeustaquio.com.br\/#organization\"},\"image\":{\"@id\":\"https:\/\/www.padreeustaquio.com.br\/responsavel-pelo-processo-de-canonizacao-no-vaticano-visita-museu-em-poa-sp\/#primaryimage\"},\"thumbnailUrl\":\"https:\/\/www.padreeustaquio.com.br\/wp-content\/uploads\/2019\/08\/009.jpg\",\"articleSection\":[\"Not\u00edcias\"],\"inLanguage\":\"es\"},{\"@type\":\"WebPage\",\"@id\":\"https:\/\/www.padreeustaquio.com.br\/responsavel-pelo-processo-de-canonizacao-no-vaticano-visita-museu-em-poa-sp\/\",\"url\":\"https:\/\/www.padreeustaquio.com.br\/responsavel-pelo-processo-de-canonizacao-no-vaticano-visita-museu-em-poa-sp\/\",\"name\":\"Respons\u00e1vel pelo processo de Canoniza\u00e7\u00e3o no Vaticano visita Museu em Po\u00e1-SP - Padre Eust\u00e1quio\",\"isPartOf\":{\"@id\":\"https:\/\/www.padreeustaquio.com.br\/#website\"},\"primaryImageOfPage\":{\"@id\":\"https:\/\/www.padreeustaquio.com.br\/responsavel-pelo-processo-de-canonizacao-no-vaticano-visita-museu-em-poa-sp\/#primaryimage\"},\"image\":{\"@id\":\"https:\/\/www.padreeustaquio.com.br\/responsavel-pelo-processo-de-canonizacao-no-vaticano-visita-museu-em-poa-sp\/#primaryimage\"},\"thumbnailUrl\":\"https:\/\/www.padreeustaquio.com.br\/wp-content\/uploads\/2019\/08\/009.jpg\",\"datePublished\":\"2018-08-20T02:28:05+00:00\",\"dateModified\":\"2019-08-20T02:38:52+00:00\",\"breadcrumb\":{\"@id\":\"https:\/\/www.padreeustaquio.com.br\/responsavel-pelo-processo-de-canonizacao-no-vaticano-visita-museu-em-poa-sp\/#breadcrumb\"},\"inLanguage\":\"es\",\"potentialAction\":[{\"@type\":\"ReadAction\",\"target\":[\"https:\/\/www.padreeustaquio.com.br\/responsavel-pelo-processo-de-canonizacao-no-vaticano-visita-museu-em-poa-sp\/\"]}]},{\"@type\":\"ImageObject\",\"inLanguage\":\"es\",\"@id\":\"https:\/\/www.padreeustaquio.com.br\/responsavel-pelo-processo-de-canonizacao-no-vaticano-visita-museu-em-poa-sp\/#primaryimage\",\"url\":\"https:\/\/www.padreeustaquio.com.br\/wp-content\/uploads\/2019\/08\/009.jpg\",\"contentUrl\":\"https:\/\/www.padreeustaquio.com.br\/wp-content\/uploads\/2019\/08\/009.jpg\",\"width\":531,\"height\":292},{\"@type\":\"BreadcrumbList\",\"@id\":\"https:\/\/www.padreeustaquio.com.br\/responsavel-pelo-processo-de-canonizacao-no-vaticano-visita-museu-em-poa-sp\/#breadcrumb\",\"itemListElement\":[{\"@type\":\"ListItem\",\"position\":1,\"name\":\"In\u00edcio\",\"item\":\"https:\/\/www.padreeustaquio.com.br\/\"},{\"@type\":\"ListItem\",\"position\":2,\"name\":\"Respons\u00e1vel pelo processo de Canoniza\u00e7\u00e3o no Vaticano visita Museu em Po\u00e1-SP\"}]},{\"@type\":\"WebSite\",\"@id\":\"https:\/\/www.padreeustaquio.com.br\/#website\",\"url\":\"https:\/\/www.padreeustaquio.com.br\/\",\"name\":\"Padre Eust\u00e1quio\",\"description\":\"Sa\u00fade e Paz\",\"publisher\":{\"@id\":\"https:\/\/www.padreeustaquio.com.br\/#organization\"},\"potentialAction\":[{\"@type\":\"SearchAction\",\"target\":{\"@type\":\"EntryPoint\",\"urlTemplate\":\"https:\/\/www.padreeustaquio.com.br\/?s={search_term_string}\"},\"query-input\":{\"@type\":\"PropertyValueSpecification\",\"valueRequired\":true,\"valueName\":\"search_term_string\"}}],\"inLanguage\":\"es\"},{\"@type\":\"Organization\",\"@id\":\"https:\/\/www.padreeustaquio.com.br\/#organization\",\"name\":\"Padre Eust\u00e1quio\",\"url\":\"https:\/\/www.padreeustaquio.com.br\/\",\"logo\":{\"@type\":\"ImageObject\",\"inLanguage\":\"es\",\"@id\":\"https:\/\/www.padreeustaquio.com.br\/#\/schema\/logo\/image\/\",\"url\":\"https:\/\/www.padreeustaquio.com.br\/wp-content\/uploads\/2019\/08\/marca.png\",\"contentUrl\":\"https:\/\/www.padreeustaquio.com.br\/wp-content\/uploads\/2019\/08\/marca.png\",\"width\":350,\"height\":400,\"caption\":\"Padre Eust\u00e1quio\"},\"image\":{\"@id\":\"https:\/\/www.padreeustaquio.com.br\/#\/schema\/logo\/image\/\"},\"sameAs\":[\"https:\/\/www.facebook.com\/beatopadreeustaquio\/\",\"https:\/\/x.com\/beatopeustaquio\",\"https:\/\/www.instagram.com\/beatopadreeustaquio\/\",\"https:\/\/www.youtube.com\/channel\/UCRhw7vfabnajwLxb1ZXMeIw\"]},{\"@type\":\"Person\",\"@id\":\"https:\/\/www.padreeustaquio.com.br\/#\/schema\/person\/1bbfe7b959f00a655f8ecb6cb8f3ce87\",\"name\":\"sscc\",\"image\":{\"@type\":\"ImageObject\",\"inLanguage\":\"es\",\"@id\":\"https:\/\/secure.gravatar.com\/avatar\/edddec27f012d36cfa3fce966238219942e4659e87f27ef7b5704f0db7007bec?s=96&d=mm&r=g\",\"url\":\"https:\/\/secure.gravatar.com\/avatar\/edddec27f012d36cfa3fce966238219942e4659e87f27ef7b5704f0db7007bec?s=96&d=mm&r=g\",\"contentUrl\":\"https:\/\/secure.gravatar.com\/avatar\/edddec27f012d36cfa3fce966238219942e4659e87f27ef7b5704f0db7007bec?s=96&d=mm&r=g\",\"caption\":\"sscc\"},\"url\":\"https:\/\/www.padreeustaquio.com.br\/es\/author\/userpde\/\"}]}<\/script>\n<!-- \/ Yoast SEO plugin. -->","yoast_head_json":{"title":"El responsable del proceso de canonizaci\u00f3n en el Vaticano visita el museo de Po\u00e1, S\u00e3o Paulo - Padre Eust\u00e1quio","robots":{"index":"index","follow":"follow","max-snippet":"max-snippet:-1","max-image-preview":"max-image-preview:large","max-video-preview":"max-video-preview:-1"},"canonical":"https:\/\/www.padreeustaquio.com.br\/es\/el-responsable-del-proceso-de-canonizacion-en-el-vaticano-visita-un-museo-en-porto-alegre-sao-paulo\/","og_locale":"es_ES","og_type":"article","og_title":"Respons\u00e1vel pelo processo de Canoniza\u00e7\u00e3o no Vaticano visita Museu em Po\u00e1-SP - Padre Eust\u00e1quio","og_description":"O Museu Padre Eust\u00e1quio em Po\u00e1, S\u00e3o Paulo, recebe, esta semana, o padre postulador do processo de canoniza\u00e7\u00e3o do Beato Padre Eust\u00e1quio, Pe. David Reid, SS.CC. O religioso da Congrega\u00e7\u00e3o dos Sagrados Cora\u00e7\u00f5es veio do Vaticano, onde vive atualmente, para participar das festividades do dia de Padre Eust\u00e1quio, comemorado em 30 de agosto. Na cidade paulista, Padre David, conheceu a exposi\u00e7\u00e3o hist\u00f3rica: &#8217;75 anos de Sa\u00fade e Paz&#8217;; viu os itens do acervo e outros locais como a Igreja e a gruta Nossa Senhora de Lourdes. A visita foi acompanhada de pert pelo Padre Luiz Ant\u00f4nio da Silva, SS.CC. da [&hellip;]","og_url":"https:\/\/www.padreeustaquio.com.br\/es\/el-responsable-del-proceso-de-canonizacion-en-el-vaticano-visita-un-museo-en-porto-alegre-sao-paulo\/","og_site_name":"Padre Eust\u00e1quio","article_publisher":"https:\/\/www.facebook.com\/beatopadreeustaquio\/","article_published_time":"2018-08-20T02:28:05+00:00","article_modified_time":"2019-08-20T02:38:52+00:00","og_image":[{"width":531,"height":292,"url":"https:\/\/www.padreeustaquio.com.br\/wp-content\/uploads\/2019\/08\/009.jpg","type":"image\/jpeg"}],"author":"sscc","twitter_card":"summary_large_image","twitter_creator":"@beatopeustaquio","twitter_site":"@beatopeustaquio","twitter_misc":{"Escrito por":"sscc","Tiempo de lectura":"1 minuto"},"schema":{"@context":"https:\/\/schema.org","@graph":[{"@type":"Article","@id":"https:\/\/www.padreeustaquio.com.br\/responsavel-pelo-processo-de-canonizacao-no-vaticano-visita-museu-em-poa-sp\/#article","isPartOf":{"@id":"https:\/\/www.padreeustaquio.com.br\/responsavel-pelo-processo-de-canonizacao-no-vaticano-visita-museu-em-poa-sp\/"},"author":{"name":"sscc","@id":"https:\/\/www.padreeustaquio.com.br\/#\/schema\/person\/1bbfe7b959f00a655f8ecb6cb8f3ce87"},"headline":"Respons\u00e1vel pelo processo de Canoniza\u00e7\u00e3o no Vaticano visita Museu em Po\u00e1-SP","datePublished":"2018-08-20T02:28:05+00:00","dateModified":"2019-08-20T02:38:52+00:00","mainEntityOfPage":{"@id":"https:\/\/www.padreeustaquio.com.br\/responsavel-pelo-processo-de-canonizacao-no-vaticano-visita-museu-em-poa-sp\/"},"wordCount":274,"publisher":{"@id":"https:\/\/www.padreeustaquio.com.br\/#organization"},"image":{"@id":"https:\/\/www.padreeustaquio.com.br\/responsavel-pelo-processo-de-canonizacao-no-vaticano-visita-museu-em-poa-sp\/#primaryimage"},"thumbnailUrl":"https:\/\/www.padreeustaquio.com.br\/wp-content\/uploads\/2019\/08\/009.jpg","articleSection":["Not\u00edcias"],"inLanguage":"es"},{"@type":"WebPage","@id":"https:\/\/www.padreeustaquio.com.br\/responsavel-pelo-processo-de-canonizacao-no-vaticano-visita-museu-em-poa-sp\/","url":"https:\/\/www.padreeustaquio.com.br\/responsavel-pelo-processo-de-canonizacao-no-vaticano-visita-museu-em-poa-sp\/","name":"El responsable del proceso de canonizaci\u00f3n en el Vaticano visita el museo de Po\u00e1, S\u00e3o Paulo - Padre Eust\u00e1quio","isPartOf":{"@id":"https:\/\/www.padreeustaquio.com.br\/#website"},"primaryImageOfPage":{"@id":"https:\/\/www.padreeustaquio.com.br\/responsavel-pelo-processo-de-canonizacao-no-vaticano-visita-museu-em-poa-sp\/#primaryimage"},"image":{"@id":"https:\/\/www.padreeustaquio.com.br\/responsavel-pelo-processo-de-canonizacao-no-vaticano-visita-museu-em-poa-sp\/#primaryimage"},"thumbnailUrl":"https:\/\/www.padreeustaquio.com.br\/wp-content\/uploads\/2019\/08\/009.jpg","datePublished":"2018-08-20T02:28:05+00:00","dateModified":"2019-08-20T02:38:52+00:00","breadcrumb":{"@id":"https:\/\/www.padreeustaquio.com.br\/responsavel-pelo-processo-de-canonizacao-no-vaticano-visita-museu-em-poa-sp\/#breadcrumb"},"inLanguage":"es","potentialAction":[{"@type":"ReadAction","target":["https:\/\/www.padreeustaquio.com.br\/responsavel-pelo-processo-de-canonizacao-no-vaticano-visita-museu-em-poa-sp\/"]}]},{"@type":"ImageObject","inLanguage":"es","@id":"https:\/\/www.padreeustaquio.com.br\/responsavel-pelo-processo-de-canonizacao-no-vaticano-visita-museu-em-poa-sp\/#primaryimage","url":"https:\/\/www.padreeustaquio.com.br\/wp-content\/uploads\/2019\/08\/009.jpg","contentUrl":"https:\/\/www.padreeustaquio.com.br\/wp-content\/uploads\/2019\/08\/009.jpg","width":531,"height":292},{"@type":"BreadcrumbList","@id":"https:\/\/www.padreeustaquio.com.br\/responsavel-pelo-processo-de-canonizacao-no-vaticano-visita-museu-em-poa-sp\/#breadcrumb","itemListElement":[{"@type":"ListItem","position":1,"name":"In\u00edcio","item":"https:\/\/www.padreeustaquio.com.br\/"},{"@type":"ListItem","position":2,"name":"Respons\u00e1vel pelo processo de Canoniza\u00e7\u00e3o no Vaticano visita Museu em Po\u00e1-SP"}]},{"@type":"WebSite","@id":"https:\/\/www.padreeustaquio.com.br\/#website","url":"https:\/\/www.padreeustaquio.com.br\/","name":"Padre Eustace","description":"Salud y Paz","publisher":{"@id":"https:\/\/www.padreeustaquio.com.br\/#organization"},"potentialAction":[{"@type":"SearchAction","target":{"@type":"EntryPoint","urlTemplate":"https:\/\/www.padreeustaquio.com.br\/?s={search_term_string}"},"query-input":{"@type":"PropertyValueSpecification","valueRequired":true,"valueName":"search_term_string"}}],"inLanguage":"es"},{"@type":"Organization","@id":"https:\/\/www.padreeustaquio.com.br\/#organization","name":"Padre Eustace","url":"https:\/\/www.padreeustaquio.com.br\/","logo":{"@type":"ImageObject","inLanguage":"es","@id":"https:\/\/www.padreeustaquio.com.br\/#\/schema\/logo\/image\/","url":"https:\/\/www.padreeustaquio.com.br\/wp-content\/uploads\/2019\/08\/marca.png","contentUrl":"https:\/\/www.padreeustaquio.com.br\/wp-content\/uploads\/2019\/08\/marca.png","width":350,"height":400,"caption":"Padre Eust\u00e1quio"},"image":{"@id":"https:\/\/www.padreeustaquio.com.br\/#\/schema\/logo\/image\/"},"sameAs":["https:\/\/www.facebook.com\/beatopadreeustaquio\/","https:\/\/x.com\/beatopeustaquio","https:\/\/www.instagram.com\/beatopadreeustaquio\/","https:\/\/www.youtube.com\/channel\/UCRhw7vfabnajwLxb1ZXMeIw"]},{"@type":"Person","@id":"https:\/\/www.padreeustaquio.com.br\/#\/schema\/person\/1bbfe7b959f00a655f8ecb6cb8f3ce87","name":"escuela secundaria","image":{"@type":"ImageObject","inLanguage":"es","@id":"https:\/\/secure.gravatar.com\/avatar\/edddec27f012d36cfa3fce966238219942e4659e87f27ef7b5704f0db7007bec?s=96&d=mm&r=g","url":"https:\/\/secure.gravatar.com\/avatar\/edddec27f012d36cfa3fce966238219942e4659e87f27ef7b5704f0db7007bec?s=96&d=mm&r=g","contentUrl":"https:\/\/secure.gravatar.com\/avatar\/edddec27f012d36cfa3fce966238219942e4659e87f27ef7b5704f0db7007bec?s=96&d=mm&r=g","caption":"sscc"},"url":"https:\/\/www.padreeustaquio.com.br\/es\/author\/userpde\/"}]}},"_links":{"self":[{"href":"https:\/\/www.padreeustaquio.com.br\/es\/wp-json\/wp\/v2\/posts\/2867","targetHints":{"allow":["GET"]}}],"collection":[{"href":"https:\/\/www.padreeustaquio.com.br\/es\/wp-json\/wp\/v2\/posts"}],"about":[{"href":"https:\/\/www.padreeustaquio.com.br\/es\/wp-json\/wp\/v2\/types\/post"}],"author":[{"embeddable":true,"href":"https:\/\/www.padreeustaquio.com.br\/es\/wp-json\/wp\/v2\/users\/6"}],"replies":[{"embeddable":true,"href":"https:\/\/www.padreeustaquio.com.br\/es\/wp-json\/wp\/v2\/comments?post=2867"}],"version-history":[{"count":0,"href":"https:\/\/www.padreeustaquio.com.br\/es\/wp-json\/wp\/v2\/posts\/2867\/revisions"}],"wp:featuredmedia":[{"embeddable":true,"href":"https:\/\/www.padreeustaquio.com.br\/es\/wp-json\/wp\/v2\/media\/2868"}],"wp:attachment":[{"href":"https:\/\/www.padreeustaquio.com.br\/es\/wp-json\/wp\/v2\/media?parent=2867"}],"wp:term":[{"taxonomy":"category","embeddable":true,"href":"https:\/\/www.padreeustaquio.com.br\/es\/wp-json\/wp\/v2\/categories?post=2867"},{"taxonomy":"post_tag","embeddable":true,"href":"https:\/\/www.padreeustaquio.com.br\/es\/wp-json\/wp\/v2\/tags?post=2867"}],"curies":[{"name":"wp","href":"https:\/\/api.w.org\/{rel}","templated":true}]}}