{"id":2864,"date":"2018-08-18T23:22:31","date_gmt":"2018-08-19T02:22:31","guid":{"rendered":"http:\/\/br606.teste.website\/~padre078\/padreeustaquio.com.br\/?p=2864"},"modified":"2019-08-19T23:23:48","modified_gmt":"2019-08-20T02:23:48","slug":"fieles-inician-la-fiesta-del-padre-eustaquio-en-uberaba-mg","status":"publish","type":"post","link":"https:\/\/www.padreeustaquio.com.br\/es\/fieles-inician-la-fiesta-del-padre-eustaquio-en-uberaba-mg\/","title":{"rendered":"Fieles inician la Fiesta del Padre Eust\u00e1quio en Uberaba-MG"},"content":{"rendered":"<p>Los devotos de la Comunidad del Beato Padre Eustaquio en Uberaba, en la regi\u00f3n del Tri\u00e1ngulo Mineiro, ya comenzaron las celebraciones en honor al Padre Eustaquio. Las festividades comenzaron con la Santa Misa, presidida por Monse\u00f1or Geraldo Faria, quien invit\u00f3 a los fieles a recorrer algunas calles del barrio con la imagen de Nuestra Se\u00f1ora de la Abad\u00eda, procedente de Romaria, MG, ciudad donde el Padre Eustaquio vivi\u00f3 durante diez a\u00f1os (1925-1935).<\/p>\n<p>Durante la celebraci\u00f3n, Monse\u00f1or Geraldo habl\u00f3 sobre la devoci\u00f3n del Padre Eust\u00e1quio a Nuestra Se\u00f1ora de la Abad\u00eda y sobre el compromiso del religioso al trabajar en la construcci\u00f3n del Santuario en la ciudad de \u00c1gua Suja, actual Romaria.<\/p>\n<p>Inmediatamente despu\u00e9s de la misa y la procesi\u00f3n, los vecinos del barrio celebraron una &quot;noche de pasteles&quot; (un tipo de pastel brasile\u00f1o). Adem\u00e1s de reunir a la gente y crear un ambiente alegre y relajado, el evento tambi\u00e9n recaud\u00f3 fondos para el mantenimiento de la comunidad. El d\u00eda 30 se est\u00e1 preparando una gran celebraci\u00f3n en memoria del Padre Eust\u00e1quio.<\/p>","protected":false},"excerpt":{"rendered":"<p>Os devotos da Comunidade Beato Padre Eust\u00e1quio de Uberaba, no Tri\u00e2ngulo Mineiro, j\u00e1 iniciaram as comemora\u00e7\u00f5es em honra a Padre Eust\u00e1quio. Os festejos foram abertos com a Santa Missa, presidida pelo Monsenhor Geraldo Faria, que, em seguida convidou os fi\u00e9is a percorrerem algumas ruas do bairro com a imagem de Nossa Senhora da Abadia, vinda de Romaria-MG, cidade onde Padre Eust\u00e1quio viveu por 10 anos (1925 &#8211; 1935). Durante a celebra\u00e7\u00e3o, Mons. Geraldo falou sobre a devo\u00e7\u00e3o de Padre Eust\u00e1quio \u00e0 Nossa Senhora da Abadia e sobre o empenho do religioso em trabalhar na obra de constru\u00e7\u00e3o do Santu\u00e1rio da [&hellip;]<\/p>\n","protected":false},"author":6,"featured_media":2865,"comment_status":"closed","ping_status":"open","sticky":false,"template":"","format":"standard","meta":{"_acf_changed":false,"footnotes":""},"categories":[611],"tags":[],"class_list":["post-2864","post","type-post","status-publish","format-standard","has-post-thumbnail","hentry","category-noticias"],"acf":[],"yoast_head":"<!-- This site is optimized with the Yoast SEO plugin v27.2 - https:\/\/yoast.com\/product\/yoast-seo-wordpress\/ -->\n<title>Fi\u00e9is d\u00e3o in\u00edcio \u00e0 Festa de Padre Eust\u00e1quio em Uberaba-MG - Padre Eust\u00e1quio<\/title>\n<meta name=\"robots\" content=\"index, follow, max-snippet:-1, max-image-preview:large, max-video-preview:-1\" \/>\n<link rel=\"canonical\" href=\"https:\/\/www.padreeustaquio.com.br\/es\/fieles-inician-la-fiesta-del-padre-eustaquio-en-uberaba-mg\/\" \/>\n<meta property=\"og:locale\" content=\"es_ES\" \/>\n<meta property=\"og:type\" content=\"article\" \/>\n<meta property=\"og:title\" content=\"Fi\u00e9is d\u00e3o in\u00edcio \u00e0 Festa de Padre Eust\u00e1quio em Uberaba-MG - Padre Eust\u00e1quio\" \/>\n<meta property=\"og:description\" content=\"Os devotos da Comunidade Beato Padre Eust\u00e1quio de Uberaba, no Tri\u00e2ngulo Mineiro, j\u00e1 iniciaram as comemora\u00e7\u00f5es em honra a Padre Eust\u00e1quio. Os festejos foram abertos com a Santa Missa, presidida pelo Monsenhor Geraldo Faria, que, em seguida convidou os fi\u00e9is a percorrerem algumas ruas do bairro com a imagem de Nossa Senhora da Abadia, vinda de Romaria-MG, cidade onde Padre Eust\u00e1quio viveu por 10 anos (1925 &#8211; 1935). Durante a celebra\u00e7\u00e3o, Mons. Geraldo falou sobre a devo\u00e7\u00e3o de Padre Eust\u00e1quio \u00e0 Nossa Senhora da Abadia e sobre o empenho do religioso em trabalhar na obra de constru\u00e7\u00e3o do Santu\u00e1rio da [&hellip;]\" \/>\n<meta property=\"og:url\" content=\"https:\/\/www.padreeustaquio.com.br\/es\/fieles-inician-la-fiesta-del-padre-eustaquio-en-uberaba-mg\/\" \/>\n<meta property=\"og:site_name\" content=\"Padre Eust\u00e1quio\" \/>\n<meta property=\"article:publisher\" content=\"https:\/\/www.facebook.com\/beatopadreeustaquio\/\" \/>\n<meta property=\"article:published_time\" content=\"2018-08-19T02:22:31+00:00\" \/>\n<meta property=\"article:modified_time\" content=\"2019-08-20T02:23:48+00:00\" \/>\n<meta property=\"og:image\" content=\"https:\/\/www.padreeustaquio.com.br\/wp-content\/uploads\/2019\/08\/008.jpeg\" \/>\n\t<meta property=\"og:image:width\" content=\"718\" \/>\n\t<meta property=\"og:image:height\" content=\"383\" \/>\n\t<meta property=\"og:image:type\" content=\"image\/jpeg\" \/>\n<meta name=\"author\" content=\"sscc\" \/>\n<meta name=\"twitter:card\" content=\"summary_large_image\" \/>\n<meta name=\"twitter:creator\" content=\"@beatopeustaquio\" \/>\n<meta name=\"twitter:site\" content=\"@beatopeustaquio\" \/>\n<meta name=\"twitter:label1\" content=\"Escrito por\" \/>\n\t<meta name=\"twitter:data1\" content=\"sscc\" \/>\n\t<meta name=\"twitter:label2\" content=\"Tiempo de lectura\" \/>\n\t<meta name=\"twitter:data2\" content=\"1 minuto\" \/>\n<script type=\"application\/ld+json\" class=\"yoast-schema-graph\">{\"@context\":\"https:\/\/schema.org\",\"@graph\":[{\"@type\":\"Article\",\"@id\":\"https:\/\/www.padreeustaquio.com.br\/fieis-dao-inicio-a-festa-de-padre-eustaquio-em-uberaba-mg\/#article\",\"isPartOf\":{\"@id\":\"https:\/\/www.padreeustaquio.com.br\/fieis-dao-inicio-a-festa-de-padre-eustaquio-em-uberaba-mg\/\"},\"author\":{\"name\":\"sscc\",\"@id\":\"https:\/\/www.padreeustaquio.com.br\/#\/schema\/person\/1bbfe7b959f00a655f8ecb6cb8f3ce87\"},\"headline\":\"Fi\u00e9is d\u00e3o in\u00edcio \u00e0 Festa de Padre Eust\u00e1quio em Uberaba-MG\",\"datePublished\":\"2018-08-19T02:22:31+00:00\",\"dateModified\":\"2019-08-20T02:23:48+00:00\",\"mainEntityOfPage\":{\"@id\":\"https:\/\/www.padreeustaquio.com.br\/fieis-dao-inicio-a-festa-de-padre-eustaquio-em-uberaba-mg\/\"},\"wordCount\":188,\"publisher\":{\"@id\":\"https:\/\/www.padreeustaquio.com.br\/#organization\"},\"image\":{\"@id\":\"https:\/\/www.padreeustaquio.com.br\/fieis-dao-inicio-a-festa-de-padre-eustaquio-em-uberaba-mg\/#primaryimage\"},\"thumbnailUrl\":\"https:\/\/www.padreeustaquio.com.br\/wp-content\/uploads\/2019\/08\/008.jpeg\",\"articleSection\":[\"Not\u00edcias\"],\"inLanguage\":\"es\"},{\"@type\":\"WebPage\",\"@id\":\"https:\/\/www.padreeustaquio.com.br\/fieis-dao-inicio-a-festa-de-padre-eustaquio-em-uberaba-mg\/\",\"url\":\"https:\/\/www.padreeustaquio.com.br\/fieis-dao-inicio-a-festa-de-padre-eustaquio-em-uberaba-mg\/\",\"name\":\"Fi\u00e9is d\u00e3o in\u00edcio \u00e0 Festa de Padre Eust\u00e1quio em Uberaba-MG - Padre Eust\u00e1quio\",\"isPartOf\":{\"@id\":\"https:\/\/www.padreeustaquio.com.br\/#website\"},\"primaryImageOfPage\":{\"@id\":\"https:\/\/www.padreeustaquio.com.br\/fieis-dao-inicio-a-festa-de-padre-eustaquio-em-uberaba-mg\/#primaryimage\"},\"image\":{\"@id\":\"https:\/\/www.padreeustaquio.com.br\/fieis-dao-inicio-a-festa-de-padre-eustaquio-em-uberaba-mg\/#primaryimage\"},\"thumbnailUrl\":\"https:\/\/www.padreeustaquio.com.br\/wp-content\/uploads\/2019\/08\/008.jpeg\",\"datePublished\":\"2018-08-19T02:22:31+00:00\",\"dateModified\":\"2019-08-20T02:23:48+00:00\",\"breadcrumb\":{\"@id\":\"https:\/\/www.padreeustaquio.com.br\/fieis-dao-inicio-a-festa-de-padre-eustaquio-em-uberaba-mg\/#breadcrumb\"},\"inLanguage\":\"es\",\"potentialAction\":[{\"@type\":\"ReadAction\",\"target\":[\"https:\/\/www.padreeustaquio.com.br\/fieis-dao-inicio-a-festa-de-padre-eustaquio-em-uberaba-mg\/\"]}]},{\"@type\":\"ImageObject\",\"inLanguage\":\"es\",\"@id\":\"https:\/\/www.padreeustaquio.com.br\/fieis-dao-inicio-a-festa-de-padre-eustaquio-em-uberaba-mg\/#primaryimage\",\"url\":\"https:\/\/www.padreeustaquio.com.br\/wp-content\/uploads\/2019\/08\/008.jpeg\",\"contentUrl\":\"https:\/\/www.padreeustaquio.com.br\/wp-content\/uploads\/2019\/08\/008.jpeg\",\"width\":718,\"height\":383},{\"@type\":\"BreadcrumbList\",\"@id\":\"https:\/\/www.padreeustaquio.com.br\/fieis-dao-inicio-a-festa-de-padre-eustaquio-em-uberaba-mg\/#breadcrumb\",\"itemListElement\":[{\"@type\":\"ListItem\",\"position\":1,\"name\":\"In\u00edcio\",\"item\":\"https:\/\/www.padreeustaquio.com.br\/\"},{\"@type\":\"ListItem\",\"position\":2,\"name\":\"Fi\u00e9is d\u00e3o in\u00edcio \u00e0 Festa de Padre Eust\u00e1quio em Uberaba-MG\"}]},{\"@type\":\"WebSite\",\"@id\":\"https:\/\/www.padreeustaquio.com.br\/#website\",\"url\":\"https:\/\/www.padreeustaquio.com.br\/\",\"name\":\"Padre Eust\u00e1quio\",\"description\":\"Sa\u00fade e Paz\",\"publisher\":{\"@id\":\"https:\/\/www.padreeustaquio.com.br\/#organization\"},\"potentialAction\":[{\"@type\":\"SearchAction\",\"target\":{\"@type\":\"EntryPoint\",\"urlTemplate\":\"https:\/\/www.padreeustaquio.com.br\/?s={search_term_string}\"},\"query-input\":{\"@type\":\"PropertyValueSpecification\",\"valueRequired\":true,\"valueName\":\"search_term_string\"}}],\"inLanguage\":\"es\"},{\"@type\":\"Organization\",\"@id\":\"https:\/\/www.padreeustaquio.com.br\/#organization\",\"name\":\"Padre Eust\u00e1quio\",\"url\":\"https:\/\/www.padreeustaquio.com.br\/\",\"logo\":{\"@type\":\"ImageObject\",\"inLanguage\":\"es\",\"@id\":\"https:\/\/www.padreeustaquio.com.br\/#\/schema\/logo\/image\/\",\"url\":\"https:\/\/www.padreeustaquio.com.br\/wp-content\/uploads\/2019\/08\/marca.png\",\"contentUrl\":\"https:\/\/www.padreeustaquio.com.br\/wp-content\/uploads\/2019\/08\/marca.png\",\"width\":350,\"height\":400,\"caption\":\"Padre Eust\u00e1quio\"},\"image\":{\"@id\":\"https:\/\/www.padreeustaquio.com.br\/#\/schema\/logo\/image\/\"},\"sameAs\":[\"https:\/\/www.facebook.com\/beatopadreeustaquio\/\",\"https:\/\/x.com\/beatopeustaquio\",\"https:\/\/www.instagram.com\/beatopadreeustaquio\/\",\"https:\/\/www.youtube.com\/channel\/UCRhw7vfabnajwLxb1ZXMeIw\"]},{\"@type\":\"Person\",\"@id\":\"https:\/\/www.padreeustaquio.com.br\/#\/schema\/person\/1bbfe7b959f00a655f8ecb6cb8f3ce87\",\"name\":\"sscc\",\"image\":{\"@type\":\"ImageObject\",\"inLanguage\":\"es\",\"@id\":\"https:\/\/secure.gravatar.com\/avatar\/edddec27f012d36cfa3fce966238219942e4659e87f27ef7b5704f0db7007bec?s=96&d=mm&r=g\",\"url\":\"https:\/\/secure.gravatar.com\/avatar\/edddec27f012d36cfa3fce966238219942e4659e87f27ef7b5704f0db7007bec?s=96&d=mm&r=g\",\"contentUrl\":\"https:\/\/secure.gravatar.com\/avatar\/edddec27f012d36cfa3fce966238219942e4659e87f27ef7b5704f0db7007bec?s=96&d=mm&r=g\",\"caption\":\"sscc\"},\"url\":\"https:\/\/www.padreeustaquio.com.br\/es\/author\/userpde\/\"}]}<\/script>\n<!-- \/ Yoast SEO plugin. -->","yoast_head_json":{"title":"Fieles inician la Fiesta del Padre Eust\u00e1quio en Uberaba-MG - Padre Eust\u00e1quio","robots":{"index":"index","follow":"follow","max-snippet":"max-snippet:-1","max-image-preview":"max-image-preview:large","max-video-preview":"max-video-preview:-1"},"canonical":"https:\/\/www.padreeustaquio.com.br\/es\/fieles-inician-la-fiesta-del-padre-eustaquio-en-uberaba-mg\/","og_locale":"es_ES","og_type":"article","og_title":"Fi\u00e9is d\u00e3o in\u00edcio \u00e0 Festa de Padre Eust\u00e1quio em Uberaba-MG - Padre Eust\u00e1quio","og_description":"Os devotos da Comunidade Beato Padre Eust\u00e1quio de Uberaba, no Tri\u00e2ngulo Mineiro, j\u00e1 iniciaram as comemora\u00e7\u00f5es em honra a Padre Eust\u00e1quio. Os festejos foram abertos com a Santa Missa, presidida pelo Monsenhor Geraldo Faria, que, em seguida convidou os fi\u00e9is a percorrerem algumas ruas do bairro com a imagem de Nossa Senhora da Abadia, vinda de Romaria-MG, cidade onde Padre Eust\u00e1quio viveu por 10 anos (1925 &#8211; 1935). Durante a celebra\u00e7\u00e3o, Mons. Geraldo falou sobre a devo\u00e7\u00e3o de Padre Eust\u00e1quio \u00e0 Nossa Senhora da Abadia e sobre o empenho do religioso em trabalhar na obra de constru\u00e7\u00e3o do Santu\u00e1rio da [&hellip;]","og_url":"https:\/\/www.padreeustaquio.com.br\/es\/fieles-inician-la-fiesta-del-padre-eustaquio-en-uberaba-mg\/","og_site_name":"Padre Eust\u00e1quio","article_publisher":"https:\/\/www.facebook.com\/beatopadreeustaquio\/","article_published_time":"2018-08-19T02:22:31+00:00","article_modified_time":"2019-08-20T02:23:48+00:00","og_image":[{"width":718,"height":383,"url":"https:\/\/www.padreeustaquio.com.br\/wp-content\/uploads\/2019\/08\/008.jpeg","type":"image\/jpeg"}],"author":"sscc","twitter_card":"summary_large_image","twitter_creator":"@beatopeustaquio","twitter_site":"@beatopeustaquio","twitter_misc":{"Escrito por":"sscc","Tiempo de lectura":"1 minuto"},"schema":{"@context":"https:\/\/schema.org","@graph":[{"@type":"Article","@id":"https:\/\/www.padreeustaquio.com.br\/fieis-dao-inicio-a-festa-de-padre-eustaquio-em-uberaba-mg\/#article","isPartOf":{"@id":"https:\/\/www.padreeustaquio.com.br\/fieis-dao-inicio-a-festa-de-padre-eustaquio-em-uberaba-mg\/"},"author":{"name":"sscc","@id":"https:\/\/www.padreeustaquio.com.br\/#\/schema\/person\/1bbfe7b959f00a655f8ecb6cb8f3ce87"},"headline":"Fi\u00e9is d\u00e3o in\u00edcio \u00e0 Festa de Padre Eust\u00e1quio em Uberaba-MG","datePublished":"2018-08-19T02:22:31+00:00","dateModified":"2019-08-20T02:23:48+00:00","mainEntityOfPage":{"@id":"https:\/\/www.padreeustaquio.com.br\/fieis-dao-inicio-a-festa-de-padre-eustaquio-em-uberaba-mg\/"},"wordCount":188,"publisher":{"@id":"https:\/\/www.padreeustaquio.com.br\/#organization"},"image":{"@id":"https:\/\/www.padreeustaquio.com.br\/fieis-dao-inicio-a-festa-de-padre-eustaquio-em-uberaba-mg\/#primaryimage"},"thumbnailUrl":"https:\/\/www.padreeustaquio.com.br\/wp-content\/uploads\/2019\/08\/008.jpeg","articleSection":["Not\u00edcias"],"inLanguage":"es"},{"@type":"WebPage","@id":"https:\/\/www.padreeustaquio.com.br\/fieis-dao-inicio-a-festa-de-padre-eustaquio-em-uberaba-mg\/","url":"https:\/\/www.padreeustaquio.com.br\/fieis-dao-inicio-a-festa-de-padre-eustaquio-em-uberaba-mg\/","name":"Fieles inician la Fiesta del Padre Eust\u00e1quio en Uberaba-MG - Padre Eust\u00e1quio","isPartOf":{"@id":"https:\/\/www.padreeustaquio.com.br\/#website"},"primaryImageOfPage":{"@id":"https:\/\/www.padreeustaquio.com.br\/fieis-dao-inicio-a-festa-de-padre-eustaquio-em-uberaba-mg\/#primaryimage"},"image":{"@id":"https:\/\/www.padreeustaquio.com.br\/fieis-dao-inicio-a-festa-de-padre-eustaquio-em-uberaba-mg\/#primaryimage"},"thumbnailUrl":"https:\/\/www.padreeustaquio.com.br\/wp-content\/uploads\/2019\/08\/008.jpeg","datePublished":"2018-08-19T02:22:31+00:00","dateModified":"2019-08-20T02:23:48+00:00","breadcrumb":{"@id":"https:\/\/www.padreeustaquio.com.br\/fieis-dao-inicio-a-festa-de-padre-eustaquio-em-uberaba-mg\/#breadcrumb"},"inLanguage":"es","potentialAction":[{"@type":"ReadAction","target":["https:\/\/www.padreeustaquio.com.br\/fieis-dao-inicio-a-festa-de-padre-eustaquio-em-uberaba-mg\/"]}]},{"@type":"ImageObject","inLanguage":"es","@id":"https:\/\/www.padreeustaquio.com.br\/fieis-dao-inicio-a-festa-de-padre-eustaquio-em-uberaba-mg\/#primaryimage","url":"https:\/\/www.padreeustaquio.com.br\/wp-content\/uploads\/2019\/08\/008.jpeg","contentUrl":"https:\/\/www.padreeustaquio.com.br\/wp-content\/uploads\/2019\/08\/008.jpeg","width":718,"height":383},{"@type":"BreadcrumbList","@id":"https:\/\/www.padreeustaquio.com.br\/fieis-dao-inicio-a-festa-de-padre-eustaquio-em-uberaba-mg\/#breadcrumb","itemListElement":[{"@type":"ListItem","position":1,"name":"In\u00edcio","item":"https:\/\/www.padreeustaquio.com.br\/"},{"@type":"ListItem","position":2,"name":"Fi\u00e9is d\u00e3o in\u00edcio \u00e0 Festa de Padre Eust\u00e1quio em Uberaba-MG"}]},{"@type":"WebSite","@id":"https:\/\/www.padreeustaquio.com.br\/#website","url":"https:\/\/www.padreeustaquio.com.br\/","name":"Padre Eustace","description":"Salud y Paz","publisher":{"@id":"https:\/\/www.padreeustaquio.com.br\/#organization"},"potentialAction":[{"@type":"SearchAction","target":{"@type":"EntryPoint","urlTemplate":"https:\/\/www.padreeustaquio.com.br\/?s={search_term_string}"},"query-input":{"@type":"PropertyValueSpecification","valueRequired":true,"valueName":"search_term_string"}}],"inLanguage":"es"},{"@type":"Organization","@id":"https:\/\/www.padreeustaquio.com.br\/#organization","name":"Padre Eustace","url":"https:\/\/www.padreeustaquio.com.br\/","logo":{"@type":"ImageObject","inLanguage":"es","@id":"https:\/\/www.padreeustaquio.com.br\/#\/schema\/logo\/image\/","url":"https:\/\/www.padreeustaquio.com.br\/wp-content\/uploads\/2019\/08\/marca.png","contentUrl":"https:\/\/www.padreeustaquio.com.br\/wp-content\/uploads\/2019\/08\/marca.png","width":350,"height":400,"caption":"Padre Eust\u00e1quio"},"image":{"@id":"https:\/\/www.padreeustaquio.com.br\/#\/schema\/logo\/image\/"},"sameAs":["https:\/\/www.facebook.com\/beatopadreeustaquio\/","https:\/\/x.com\/beatopeustaquio","https:\/\/www.instagram.com\/beatopadreeustaquio\/","https:\/\/www.youtube.com\/channel\/UCRhw7vfabnajwLxb1ZXMeIw"]},{"@type":"Person","@id":"https:\/\/www.padreeustaquio.com.br\/#\/schema\/person\/1bbfe7b959f00a655f8ecb6cb8f3ce87","name":"escuela secundaria","image":{"@type":"ImageObject","inLanguage":"es","@id":"https:\/\/secure.gravatar.com\/avatar\/edddec27f012d36cfa3fce966238219942e4659e87f27ef7b5704f0db7007bec?s=96&d=mm&r=g","url":"https:\/\/secure.gravatar.com\/avatar\/edddec27f012d36cfa3fce966238219942e4659e87f27ef7b5704f0db7007bec?s=96&d=mm&r=g","contentUrl":"https:\/\/secure.gravatar.com\/avatar\/edddec27f012d36cfa3fce966238219942e4659e87f27ef7b5704f0db7007bec?s=96&d=mm&r=g","caption":"sscc"},"url":"https:\/\/www.padreeustaquio.com.br\/es\/author\/userpde\/"}]}},"_links":{"self":[{"href":"https:\/\/www.padreeustaquio.com.br\/es\/wp-json\/wp\/v2\/posts\/2864","targetHints":{"allow":["GET"]}}],"collection":[{"href":"https:\/\/www.padreeustaquio.com.br\/es\/wp-json\/wp\/v2\/posts"}],"about":[{"href":"https:\/\/www.padreeustaquio.com.br\/es\/wp-json\/wp\/v2\/types\/post"}],"author":[{"embeddable":true,"href":"https:\/\/www.padreeustaquio.com.br\/es\/wp-json\/wp\/v2\/users\/6"}],"replies":[{"embeddable":true,"href":"https:\/\/www.padreeustaquio.com.br\/es\/wp-json\/wp\/v2\/comments?post=2864"}],"version-history":[{"count":0,"href":"https:\/\/www.padreeustaquio.com.br\/es\/wp-json\/wp\/v2\/posts\/2864\/revisions"}],"wp:featuredmedia":[{"embeddable":true,"href":"https:\/\/www.padreeustaquio.com.br\/es\/wp-json\/wp\/v2\/media\/2865"}],"wp:attachment":[{"href":"https:\/\/www.padreeustaquio.com.br\/es\/wp-json\/wp\/v2\/media?parent=2864"}],"wp:term":[{"taxonomy":"category","embeddable":true,"href":"https:\/\/www.padreeustaquio.com.br\/es\/wp-json\/wp\/v2\/categories?post=2864"},{"taxonomy":"post_tag","embeddable":true,"href":"https:\/\/www.padreeustaquio.com.br\/es\/wp-json\/wp\/v2\/tags?post=2864"}],"curies":[{"name":"wp","href":"https:\/\/api.w.org\/{rel}","templated":true}]}}