{"id":2861,"date":"2018-07-21T23:19:43","date_gmt":"2018-07-22T02:19:43","guid":{"rendered":"http:\/\/br606.teste.website\/~padre078\/padreeustaquio.com.br\/?p=2861"},"modified":"2019-08-19T23:21:33","modified_gmt":"2019-08-20T02:21:33","slug":"comunidad-de-esmeraldas-mg-se-une-para-construir-iglesia-para-el-beato-padre-eustaquio","status":"publish","type":"post","link":"https:\/\/www.padreeustaquio.com.br\/es\/comunidad-de-esmeraldas-mg-se-une-para-construir-iglesia-para-el-beato-padre-eustaquio\/","title":{"rendered":"Comunidad de Esmeraldas-MG se une para construir la iglesia del Beato Padre Eust\u00e1quio"},"content":{"rendered":"<p>El compromiso con las obras de construcci\u00f3n de la Iglesia Beato Padre Eust\u00e1quio viene movilizando a amigos y devotos del barrio Novo Retiro, en Esmeraldas, regi\u00f3n metropolitana de Belo Horizonte.<\/p>\n<p>Recientemente, la comunidad logr\u00f3 concluir 95% de los pilares y 46% del muro de contenci\u00f3n (foto) para la contenci\u00f3n del terrapl\u00e9n de la Avenida General Osvaldo Soares Lopes.<br \/>\nParalelamente, contin\u00faa la campa\u00f1a, lanzada en febrero, con el objetivo de recaudar fondos para el hormigonado de las vigas superiores de la iglesia. Quienes puedan contribuir pueden elegir una de las vigas para patrocinarla. El costo es el siguiente:<\/p>\n<p><strong>VIGA 1:<\/strong>\u00a06 piezas R$284.04<br \/>\n<strong>VIGA 2:<\/strong>\u00a06 piezas R$460,42<br \/>\n<strong>VIGA 3:<\/strong>\u00a0Parte 1 R$557,38<br \/>\n<strong>VIGA 5:<\/strong>\u00a02 piezas R$833,25<br \/>\n<strong>VIGA 6:<\/strong>\u00a02 piezas R$833,25<br \/>\n<strong>VIGA 7:<\/strong>\u00a02 piezas R$907.50<br \/>\n<strong>VIGA 8:<\/strong>\u00a02 piezas R$676.50<br \/>\n<strong>VIGA 10:<\/strong>\u00a05 piezas R$281,18<\/p>\n<p>El monto corresponde a cada parte de la viga, que puede ser patrocinada individualmente o en su totalidad, seg\u00fan la disponibilidad financiera de cada patrocinador. La donaci\u00f3n puede hacerse los domingos (durante los servicios) o mediante dep\u00f3sito bancario.<\/p>\n<p><strong>Banco Federal de Ahorros<\/strong><br \/>\n<em>Ag: 2782<\/em><br \/>\n<em>Op. 013<\/em><br \/>\n<em>c\/p: 17.715-6<\/em><br \/>\n<em>CNPJ: 23.502.227\/0001-30<\/em><\/p>\n<p>Todos los domingos, a partir de las 9:00 h, la obra estar\u00e1 abierta para visitas. Para m\u00e1s informaci\u00f3n, llame al (31) 3538-0446 o env\u00ede un correo electr\u00f3nico a:\u00a0<em>abfipe@gmail.com<\/em><br \/>\n\u00a1Ven! Participa y descubre el trabajo que se est\u00e1 realizando gracias al apoyo y la contribuci\u00f3n de la comunidad.<\/p>\n<p><em><strong>Fuente: Bolet\u00edn &#039;A Voz do Beato&#039; (Esmeraldas-MG)21<\/strong><\/em><\/p>","protected":false},"excerpt":{"rendered":"<p>O compromisso com as obras de constru\u00e7\u00e3o da Igreja Beato Padre Eust\u00e1quio vem mobilizando amigos e devotos no bairro Novo Retiro, em Esmeraldas, regi\u00e3o metropolitana de BH. Recentemente, a comunidade conseguiu concretar 95% dos pilares e 46% da cortina (foto) para a conten\u00e7\u00e3o do barranco da Avenida General Osvaldo Soares Lopes. Paralelo a isso, a campanha, lan\u00e7ada em fevereiro, com o objetivo de arrecadar fundos para concretagem das vigas superiores da igreja continua. Quem puder colaborar, pode escolher uma das vigas para apadrinhar. O custo \u00e9 o seguinte: VIGA 1:\u00a06 partes R$284,04 VIGA 2:\u00a06 partes R$460,42 VIGA 3:\u00a01 parte R$557,38 [&hellip;]<\/p>\n","protected":false},"author":6,"featured_media":2862,"comment_status":"closed","ping_status":"open","sticky":false,"template":"","format":"standard","meta":{"_acf_changed":false,"footnotes":""},"categories":[611],"tags":[],"class_list":["post-2861","post","type-post","status-publish","format-standard","has-post-thumbnail","hentry","category-noticias"],"acf":[],"yoast_head":"<!-- This site is optimized with the Yoast SEO plugin v27.2 - https:\/\/yoast.com\/product\/yoast-seo-wordpress\/ -->\n<title>Comunidade em Esmeraldas-MG se une para construir igreja Beato Padre Eust\u00e1quio - Padre Eust\u00e1quio<\/title>\n<meta name=\"robots\" content=\"index, follow, max-snippet:-1, max-image-preview:large, max-video-preview:-1\" \/>\n<link rel=\"canonical\" href=\"https:\/\/www.padreeustaquio.com.br\/es\/comunidad-de-esmeraldas-mg-se-une-para-construir-iglesia-para-el-beato-padre-eustaquio\/\" \/>\n<meta property=\"og:locale\" content=\"es_ES\" \/>\n<meta property=\"og:type\" content=\"article\" \/>\n<meta property=\"og:title\" content=\"Comunidade em Esmeraldas-MG se une para construir igreja Beato Padre Eust\u00e1quio - Padre Eust\u00e1quio\" \/>\n<meta property=\"og:description\" content=\"O compromisso com as obras de constru\u00e7\u00e3o da Igreja Beato Padre Eust\u00e1quio vem mobilizando amigos e devotos no bairro Novo Retiro, em Esmeraldas, regi\u00e3o metropolitana de BH. Recentemente, a comunidade conseguiu concretar 95% dos pilares e 46% da cortina (foto) para a conten\u00e7\u00e3o do barranco da Avenida General Osvaldo Soares Lopes. Paralelo a isso, a campanha, lan\u00e7ada em fevereiro, com o objetivo de arrecadar fundos para concretagem das vigas superiores da igreja continua. Quem puder colaborar, pode escolher uma das vigas para apadrinhar. O custo \u00e9 o seguinte: VIGA 1:\u00a06 partes R$284,04 VIGA 2:\u00a06 partes R$460,42 VIGA 3:\u00a01 parte R$557,38 [&hellip;]\" \/>\n<meta property=\"og:url\" content=\"https:\/\/www.padreeustaquio.com.br\/es\/comunidad-de-esmeraldas-mg-se-une-para-construir-iglesia-para-el-beato-padre-eustaquio\/\" \/>\n<meta property=\"og:site_name\" content=\"Padre Eust\u00e1quio\" \/>\n<meta property=\"article:publisher\" content=\"https:\/\/www.facebook.com\/beatopadreeustaquio\/\" \/>\n<meta property=\"article:published_time\" content=\"2018-07-22T02:19:43+00:00\" \/>\n<meta property=\"article:modified_time\" content=\"2019-08-20T02:21:33+00:00\" \/>\n<meta property=\"og:image\" content=\"https:\/\/www.padreeustaquio.com.br\/wp-content\/uploads\/2019\/08\/006.jpeg\" \/>\n\t<meta property=\"og:image:width\" content=\"698\" \/>\n\t<meta property=\"og:image:height\" content=\"392\" \/>\n\t<meta property=\"og:image:type\" content=\"image\/jpeg\" \/>\n<meta name=\"author\" content=\"sscc\" \/>\n<meta name=\"twitter:card\" content=\"summary_large_image\" \/>\n<meta name=\"twitter:creator\" content=\"@beatopeustaquio\" \/>\n<meta name=\"twitter:site\" content=\"@beatopeustaquio\" \/>\n<meta name=\"twitter:label1\" content=\"Escrito por\" \/>\n\t<meta name=\"twitter:data1\" content=\"sscc\" \/>\n\t<meta name=\"twitter:label2\" content=\"Tiempo de lectura\" \/>\n\t<meta name=\"twitter:data2\" content=\"1 minuto\" \/>\n<script type=\"application\/ld+json\" class=\"yoast-schema-graph\">{\"@context\":\"https:\/\/schema.org\",\"@graph\":[{\"@type\":\"Article\",\"@id\":\"https:\/\/www.padreeustaquio.com.br\/comunidade-em-esmeraldas-mg-se-une-para-construir-igreja-beato-padre-eustaquio\/#article\",\"isPartOf\":{\"@id\":\"https:\/\/www.padreeustaquio.com.br\/comunidade-em-esmeraldas-mg-se-une-para-construir-igreja-beato-padre-eustaquio\/\"},\"author\":{\"name\":\"sscc\",\"@id\":\"https:\/\/www.padreeustaquio.com.br\/#\/schema\/person\/1bbfe7b959f00a655f8ecb6cb8f3ce87\"},\"headline\":\"Comunidade em Esmeraldas-MG se une para construir igreja Beato Padre Eust\u00e1quio\",\"datePublished\":\"2018-07-22T02:19:43+00:00\",\"dateModified\":\"2019-08-20T02:21:33+00:00\",\"mainEntityOfPage\":{\"@id\":\"https:\/\/www.padreeustaquio.com.br\/comunidade-em-esmeraldas-mg-se-une-para-construir-igreja-beato-padre-eustaquio\/\"},\"wordCount\":232,\"publisher\":{\"@id\":\"https:\/\/www.padreeustaquio.com.br\/#organization\"},\"image\":{\"@id\":\"https:\/\/www.padreeustaquio.com.br\/comunidade-em-esmeraldas-mg-se-une-para-construir-igreja-beato-padre-eustaquio\/#primaryimage\"},\"thumbnailUrl\":\"https:\/\/www.padreeustaquio.com.br\/wp-content\/uploads\/2019\/08\/006.jpeg\",\"articleSection\":[\"Not\u00edcias\"],\"inLanguage\":\"es\"},{\"@type\":\"WebPage\",\"@id\":\"https:\/\/www.padreeustaquio.com.br\/comunidade-em-esmeraldas-mg-se-une-para-construir-igreja-beato-padre-eustaquio\/\",\"url\":\"https:\/\/www.padreeustaquio.com.br\/comunidade-em-esmeraldas-mg-se-une-para-construir-igreja-beato-padre-eustaquio\/\",\"name\":\"Comunidade em Esmeraldas-MG se une para construir igreja Beato Padre Eust\u00e1quio - Padre Eust\u00e1quio\",\"isPartOf\":{\"@id\":\"https:\/\/www.padreeustaquio.com.br\/#website\"},\"primaryImageOfPage\":{\"@id\":\"https:\/\/www.padreeustaquio.com.br\/comunidade-em-esmeraldas-mg-se-une-para-construir-igreja-beato-padre-eustaquio\/#primaryimage\"},\"image\":{\"@id\":\"https:\/\/www.padreeustaquio.com.br\/comunidade-em-esmeraldas-mg-se-une-para-construir-igreja-beato-padre-eustaquio\/#primaryimage\"},\"thumbnailUrl\":\"https:\/\/www.padreeustaquio.com.br\/wp-content\/uploads\/2019\/08\/006.jpeg\",\"datePublished\":\"2018-07-22T02:19:43+00:00\",\"dateModified\":\"2019-08-20T02:21:33+00:00\",\"breadcrumb\":{\"@id\":\"https:\/\/www.padreeustaquio.com.br\/comunidade-em-esmeraldas-mg-se-une-para-construir-igreja-beato-padre-eustaquio\/#breadcrumb\"},\"inLanguage\":\"es\",\"potentialAction\":[{\"@type\":\"ReadAction\",\"target\":[\"https:\/\/www.padreeustaquio.com.br\/comunidade-em-esmeraldas-mg-se-une-para-construir-igreja-beato-padre-eustaquio\/\"]}]},{\"@type\":\"ImageObject\",\"inLanguage\":\"es\",\"@id\":\"https:\/\/www.padreeustaquio.com.br\/comunidade-em-esmeraldas-mg-se-une-para-construir-igreja-beato-padre-eustaquio\/#primaryimage\",\"url\":\"https:\/\/www.padreeustaquio.com.br\/wp-content\/uploads\/2019\/08\/006.jpeg\",\"contentUrl\":\"https:\/\/www.padreeustaquio.com.br\/wp-content\/uploads\/2019\/08\/006.jpeg\",\"width\":698,\"height\":392},{\"@type\":\"BreadcrumbList\",\"@id\":\"https:\/\/www.padreeustaquio.com.br\/comunidade-em-esmeraldas-mg-se-une-para-construir-igreja-beato-padre-eustaquio\/#breadcrumb\",\"itemListElement\":[{\"@type\":\"ListItem\",\"position\":1,\"name\":\"In\u00edcio\",\"item\":\"https:\/\/www.padreeustaquio.com.br\/\"},{\"@type\":\"ListItem\",\"position\":2,\"name\":\"Comunidade em Esmeraldas-MG se une para construir igreja Beato Padre Eust\u00e1quio\"}]},{\"@type\":\"WebSite\",\"@id\":\"https:\/\/www.padreeustaquio.com.br\/#website\",\"url\":\"https:\/\/www.padreeustaquio.com.br\/\",\"name\":\"Padre Eust\u00e1quio\",\"description\":\"Sa\u00fade e Paz\",\"publisher\":{\"@id\":\"https:\/\/www.padreeustaquio.com.br\/#organization\"},\"potentialAction\":[{\"@type\":\"SearchAction\",\"target\":{\"@type\":\"EntryPoint\",\"urlTemplate\":\"https:\/\/www.padreeustaquio.com.br\/?s={search_term_string}\"},\"query-input\":{\"@type\":\"PropertyValueSpecification\",\"valueRequired\":true,\"valueName\":\"search_term_string\"}}],\"inLanguage\":\"es\"},{\"@type\":\"Organization\",\"@id\":\"https:\/\/www.padreeustaquio.com.br\/#organization\",\"name\":\"Padre Eust\u00e1quio\",\"url\":\"https:\/\/www.padreeustaquio.com.br\/\",\"logo\":{\"@type\":\"ImageObject\",\"inLanguage\":\"es\",\"@id\":\"https:\/\/www.padreeustaquio.com.br\/#\/schema\/logo\/image\/\",\"url\":\"https:\/\/www.padreeustaquio.com.br\/wp-content\/uploads\/2019\/08\/marca.png\",\"contentUrl\":\"https:\/\/www.padreeustaquio.com.br\/wp-content\/uploads\/2019\/08\/marca.png\",\"width\":350,\"height\":400,\"caption\":\"Padre Eust\u00e1quio\"},\"image\":{\"@id\":\"https:\/\/www.padreeustaquio.com.br\/#\/schema\/logo\/image\/\"},\"sameAs\":[\"https:\/\/www.facebook.com\/beatopadreeustaquio\/\",\"https:\/\/x.com\/beatopeustaquio\",\"https:\/\/www.instagram.com\/beatopadreeustaquio\/\",\"https:\/\/www.youtube.com\/channel\/UCRhw7vfabnajwLxb1ZXMeIw\"]},{\"@type\":\"Person\",\"@id\":\"https:\/\/www.padreeustaquio.com.br\/#\/schema\/person\/1bbfe7b959f00a655f8ecb6cb8f3ce87\",\"name\":\"sscc\",\"image\":{\"@type\":\"ImageObject\",\"inLanguage\":\"es\",\"@id\":\"https:\/\/secure.gravatar.com\/avatar\/edddec27f012d36cfa3fce966238219942e4659e87f27ef7b5704f0db7007bec?s=96&d=mm&r=g\",\"url\":\"https:\/\/secure.gravatar.com\/avatar\/edddec27f012d36cfa3fce966238219942e4659e87f27ef7b5704f0db7007bec?s=96&d=mm&r=g\",\"contentUrl\":\"https:\/\/secure.gravatar.com\/avatar\/edddec27f012d36cfa3fce966238219942e4659e87f27ef7b5704f0db7007bec?s=96&d=mm&r=g\",\"caption\":\"sscc\"},\"url\":\"https:\/\/www.padreeustaquio.com.br\/es\/author\/userpde\/\"}]}<\/script>\n<!-- \/ Yoast SEO plugin. -->","yoast_head_json":{"title":"Comunidad de Esmeraldas-MG se une para construir iglesia del Beato Padre Eust\u00e1quio - Padre Eust\u00e1quio","robots":{"index":"index","follow":"follow","max-snippet":"max-snippet:-1","max-image-preview":"max-image-preview:large","max-video-preview":"max-video-preview:-1"},"canonical":"https:\/\/www.padreeustaquio.com.br\/es\/comunidad-de-esmeraldas-mg-se-une-para-construir-iglesia-para-el-beato-padre-eustaquio\/","og_locale":"es_ES","og_type":"article","og_title":"Comunidade em Esmeraldas-MG se une para construir igreja Beato Padre Eust\u00e1quio - Padre Eust\u00e1quio","og_description":"O compromisso com as obras de constru\u00e7\u00e3o da Igreja Beato Padre Eust\u00e1quio vem mobilizando amigos e devotos no bairro Novo Retiro, em Esmeraldas, regi\u00e3o metropolitana de BH. Recentemente, a comunidade conseguiu concretar 95% dos pilares e 46% da cortina (foto) para a conten\u00e7\u00e3o do barranco da Avenida General Osvaldo Soares Lopes. Paralelo a isso, a campanha, lan\u00e7ada em fevereiro, com o objetivo de arrecadar fundos para concretagem das vigas superiores da igreja continua. Quem puder colaborar, pode escolher uma das vigas para apadrinhar. O custo \u00e9 o seguinte: VIGA 1:\u00a06 partes R$284,04 VIGA 2:\u00a06 partes R$460,42 VIGA 3:\u00a01 parte R$557,38 [&hellip;]","og_url":"https:\/\/www.padreeustaquio.com.br\/es\/comunidad-de-esmeraldas-mg-se-une-para-construir-iglesia-para-el-beato-padre-eustaquio\/","og_site_name":"Padre Eust\u00e1quio","article_publisher":"https:\/\/www.facebook.com\/beatopadreeustaquio\/","article_published_time":"2018-07-22T02:19:43+00:00","article_modified_time":"2019-08-20T02:21:33+00:00","og_image":[{"width":698,"height":392,"url":"https:\/\/www.padreeustaquio.com.br\/wp-content\/uploads\/2019\/08\/006.jpeg","type":"image\/jpeg"}],"author":"sscc","twitter_card":"summary_large_image","twitter_creator":"@beatopeustaquio","twitter_site":"@beatopeustaquio","twitter_misc":{"Escrito por":"sscc","Tiempo de lectura":"1 minuto"},"schema":{"@context":"https:\/\/schema.org","@graph":[{"@type":"Article","@id":"https:\/\/www.padreeustaquio.com.br\/comunidade-em-esmeraldas-mg-se-une-para-construir-igreja-beato-padre-eustaquio\/#article","isPartOf":{"@id":"https:\/\/www.padreeustaquio.com.br\/comunidade-em-esmeraldas-mg-se-une-para-construir-igreja-beato-padre-eustaquio\/"},"author":{"name":"sscc","@id":"https:\/\/www.padreeustaquio.com.br\/#\/schema\/person\/1bbfe7b959f00a655f8ecb6cb8f3ce87"},"headline":"Comunidade em Esmeraldas-MG se une para construir igreja Beato Padre Eust\u00e1quio","datePublished":"2018-07-22T02:19:43+00:00","dateModified":"2019-08-20T02:21:33+00:00","mainEntityOfPage":{"@id":"https:\/\/www.padreeustaquio.com.br\/comunidade-em-esmeraldas-mg-se-une-para-construir-igreja-beato-padre-eustaquio\/"},"wordCount":232,"publisher":{"@id":"https:\/\/www.padreeustaquio.com.br\/#organization"},"image":{"@id":"https:\/\/www.padreeustaquio.com.br\/comunidade-em-esmeraldas-mg-se-une-para-construir-igreja-beato-padre-eustaquio\/#primaryimage"},"thumbnailUrl":"https:\/\/www.padreeustaquio.com.br\/wp-content\/uploads\/2019\/08\/006.jpeg","articleSection":["Not\u00edcias"],"inLanguage":"es"},{"@type":"WebPage","@id":"https:\/\/www.padreeustaquio.com.br\/comunidade-em-esmeraldas-mg-se-une-para-construir-igreja-beato-padre-eustaquio\/","url":"https:\/\/www.padreeustaquio.com.br\/comunidade-em-esmeraldas-mg-se-une-para-construir-igreja-beato-padre-eustaquio\/","name":"Comunidad de Esmeraldas-MG se une para construir iglesia del Beato Padre Eust\u00e1quio - Padre Eust\u00e1quio","isPartOf":{"@id":"https:\/\/www.padreeustaquio.com.br\/#website"},"primaryImageOfPage":{"@id":"https:\/\/www.padreeustaquio.com.br\/comunidade-em-esmeraldas-mg-se-une-para-construir-igreja-beato-padre-eustaquio\/#primaryimage"},"image":{"@id":"https:\/\/www.padreeustaquio.com.br\/comunidade-em-esmeraldas-mg-se-une-para-construir-igreja-beato-padre-eustaquio\/#primaryimage"},"thumbnailUrl":"https:\/\/www.padreeustaquio.com.br\/wp-content\/uploads\/2019\/08\/006.jpeg","datePublished":"2018-07-22T02:19:43+00:00","dateModified":"2019-08-20T02:21:33+00:00","breadcrumb":{"@id":"https:\/\/www.padreeustaquio.com.br\/comunidade-em-esmeraldas-mg-se-une-para-construir-igreja-beato-padre-eustaquio\/#breadcrumb"},"inLanguage":"es","potentialAction":[{"@type":"ReadAction","target":["https:\/\/www.padreeustaquio.com.br\/comunidade-em-esmeraldas-mg-se-une-para-construir-igreja-beato-padre-eustaquio\/"]}]},{"@type":"ImageObject","inLanguage":"es","@id":"https:\/\/www.padreeustaquio.com.br\/comunidade-em-esmeraldas-mg-se-une-para-construir-igreja-beato-padre-eustaquio\/#primaryimage","url":"https:\/\/www.padreeustaquio.com.br\/wp-content\/uploads\/2019\/08\/006.jpeg","contentUrl":"https:\/\/www.padreeustaquio.com.br\/wp-content\/uploads\/2019\/08\/006.jpeg","width":698,"height":392},{"@type":"BreadcrumbList","@id":"https:\/\/www.padreeustaquio.com.br\/comunidade-em-esmeraldas-mg-se-une-para-construir-igreja-beato-padre-eustaquio\/#breadcrumb","itemListElement":[{"@type":"ListItem","position":1,"name":"In\u00edcio","item":"https:\/\/www.padreeustaquio.com.br\/"},{"@type":"ListItem","position":2,"name":"Comunidade em Esmeraldas-MG se une para construir igreja Beato Padre Eust\u00e1quio"}]},{"@type":"WebSite","@id":"https:\/\/www.padreeustaquio.com.br\/#website","url":"https:\/\/www.padreeustaquio.com.br\/","name":"Padre Eustace","description":"Salud y Paz","publisher":{"@id":"https:\/\/www.padreeustaquio.com.br\/#organization"},"potentialAction":[{"@type":"SearchAction","target":{"@type":"EntryPoint","urlTemplate":"https:\/\/www.padreeustaquio.com.br\/?s={search_term_string}"},"query-input":{"@type":"PropertyValueSpecification","valueRequired":true,"valueName":"search_term_string"}}],"inLanguage":"es"},{"@type":"Organization","@id":"https:\/\/www.padreeustaquio.com.br\/#organization","name":"Padre Eustace","url":"https:\/\/www.padreeustaquio.com.br\/","logo":{"@type":"ImageObject","inLanguage":"es","@id":"https:\/\/www.padreeustaquio.com.br\/#\/schema\/logo\/image\/","url":"https:\/\/www.padreeustaquio.com.br\/wp-content\/uploads\/2019\/08\/marca.png","contentUrl":"https:\/\/www.padreeustaquio.com.br\/wp-content\/uploads\/2019\/08\/marca.png","width":350,"height":400,"caption":"Padre Eust\u00e1quio"},"image":{"@id":"https:\/\/www.padreeustaquio.com.br\/#\/schema\/logo\/image\/"},"sameAs":["https:\/\/www.facebook.com\/beatopadreeustaquio\/","https:\/\/x.com\/beatopeustaquio","https:\/\/www.instagram.com\/beatopadreeustaquio\/","https:\/\/www.youtube.com\/channel\/UCRhw7vfabnajwLxb1ZXMeIw"]},{"@type":"Person","@id":"https:\/\/www.padreeustaquio.com.br\/#\/schema\/person\/1bbfe7b959f00a655f8ecb6cb8f3ce87","name":"escuela secundaria","image":{"@type":"ImageObject","inLanguage":"es","@id":"https:\/\/secure.gravatar.com\/avatar\/edddec27f012d36cfa3fce966238219942e4659e87f27ef7b5704f0db7007bec?s=96&d=mm&r=g","url":"https:\/\/secure.gravatar.com\/avatar\/edddec27f012d36cfa3fce966238219942e4659e87f27ef7b5704f0db7007bec?s=96&d=mm&r=g","contentUrl":"https:\/\/secure.gravatar.com\/avatar\/edddec27f012d36cfa3fce966238219942e4659e87f27ef7b5704f0db7007bec?s=96&d=mm&r=g","caption":"sscc"},"url":"https:\/\/www.padreeustaquio.com.br\/es\/author\/userpde\/"}]}},"_links":{"self":[{"href":"https:\/\/www.padreeustaquio.com.br\/es\/wp-json\/wp\/v2\/posts\/2861","targetHints":{"allow":["GET"]}}],"collection":[{"href":"https:\/\/www.padreeustaquio.com.br\/es\/wp-json\/wp\/v2\/posts"}],"about":[{"href":"https:\/\/www.padreeustaquio.com.br\/es\/wp-json\/wp\/v2\/types\/post"}],"author":[{"embeddable":true,"href":"https:\/\/www.padreeustaquio.com.br\/es\/wp-json\/wp\/v2\/users\/6"}],"replies":[{"embeddable":true,"href":"https:\/\/www.padreeustaquio.com.br\/es\/wp-json\/wp\/v2\/comments?post=2861"}],"version-history":[{"count":0,"href":"https:\/\/www.padreeustaquio.com.br\/es\/wp-json\/wp\/v2\/posts\/2861\/revisions"}],"wp:featuredmedia":[{"embeddable":true,"href":"https:\/\/www.padreeustaquio.com.br\/es\/wp-json\/wp\/v2\/media\/2862"}],"wp:attachment":[{"href":"https:\/\/www.padreeustaquio.com.br\/es\/wp-json\/wp\/v2\/media?parent=2861"}],"wp:term":[{"taxonomy":"category","embeddable":true,"href":"https:\/\/www.padreeustaquio.com.br\/es\/wp-json\/wp\/v2\/categories?post=2861"},{"taxonomy":"post_tag","embeddable":true,"href":"https:\/\/www.padreeustaquio.com.br\/es\/wp-json\/wp\/v2\/tags?post=2861"}],"curies":[{"name":"wp","href":"https:\/\/api.w.org\/{rel}","templated":true}]}}