{"id":2855,"date":"2018-01-17T23:15:26","date_gmt":"2018-01-18T01:15:26","guid":{"rendered":"http:\/\/br606.teste.website\/~padre078\/padreeustaquio.com.br\/?p=2855"},"modified":"2019-08-19T23:16:26","modified_gmt":"2019-08-20T02:16:26","slug":"el-plato-del-programa-manha-viva-de-tv-cancao-nova-ahora-contara-con-una-imagen-del-padre-eustaquio","status":"publish","type":"post","link":"https:\/\/www.padreeustaquio.com.br\/es\/el-plato-del-programa-manha-viva-de-tv-cancao-nova-ahora-contara-con-una-imagen-del-padre-eustaquio\/","title":{"rendered":"El plat\u00f3 del programa &quot;Manh\u00e3 Viva&quot; de TV Can\u00e7\u00e3o Nova contar\u00e1 ahora con una imagen del padre Eust\u00e1quio."},"content":{"rendered":"<p>El 29 de agosto de 2017, un d\u00eda antes de celebrar la festividad del Beato Padre Eust\u00e1quio, el equipo del programa Manh\u00e3 Viva de TV Can\u00e7\u00e3o Nova recibi\u00f3 una imagen del Beato Padre en el plat\u00f3 del programa. \u2018A partir de ahora tenemos otro patr\u00f3n, un padrino de nuestro programa: \u00a1el Padre Eust\u00e1quio!\u2019, coment\u00f3 la presentadora, Roselaine Iria.<\/p>\n<p>El obsequio fue donado por el vicepostulador de la Causa de Canonizaci\u00f3n, Padre Marcus Vin\u00edcius Maciel, SSCC, durante la semana en que la Iglesia celebra los 74 a\u00f1os del fallecimiento del Padre Eust\u00e1quio. Durante una visita al estudio de la cadena de televisi\u00f3n cat\u00f3lica en Belo Horizonte, el Padre Vin\u00edcius invit\u00f3 a la poblaci\u00f3n brasile\u00f1a a celebrar la fecha, pidiendo a Dios que se reconozca otro milagro para que la figura religiosa pueda ser proclamada santa pronto.<\/p>\n<p><strong>Se destacan reliquias del Padre Eust\u00e1quio.<\/strong><\/p>\n<p>D\u00edas despu\u00e9s de la celebraci\u00f3n, concretamente el 6 de septiembre, el mismo programa present\u00f3 un segmento dedicado \u00edntegramente a las reliquias del Padre Eust\u00e1quio para todo Brasil. El equipo de Manh\u00e3 Viva explic\u00f3 todo sobre las reliquias, usando como ejemplo a la figura religiosa holandesa.<\/p>\n<p>El programa, de una hora de duraci\u00f3n, dedic\u00f3 la mitad de su tiempo a las reliquias. Durante el programa se aclararon cuestiones como el origen de la devoci\u00f3n a las reliquias en la Iglesia, qu\u00e9 tipos existen y est\u00e1n aprobados por la Santa Sede, entre otros temas.<\/p>\n<p>Vea el v\u00eddeo en el Canal Padre Eust\u00e1quio y vea todo lo que sucedi\u00f3 en Manh\u00e3 Viva.<\/p>\n<p>El programa de televisi\u00f3n Can\u00e7\u00e3o Nova se transmite en todo Brasil los lunes, martes, mi\u00e9rcoles y viernes a las 9:30 horas.<\/p>","protected":false},"excerpt":{"rendered":"<p>No dia 29 de agosto de 2017, um dia antes de celebrar a festa do Beato Padre Eust\u00e1quio, a equipe do programa Manh\u00e3 Viva, da TV Can\u00e7\u00e3o Nova, recebeu a imagem do Beato no cen\u00e1rio do programa. &#8216;A partir de agora temos mais um patrono, um padrinho do nosso programa, \u00e9 o Padre Eust\u00e1quio!&#8217;, comentou a apresentadora, Roselaine Iria. O presente foi doado pelo vice-postulador da Causa de Canoniza\u00e7\u00e3o, Padre Marcus Vin\u00edcius Maciel, SSCC, na semana em que a igreja celebra 74 anos da morte de Padre Eust\u00e1quio. Em uma visita ao est\u00fadio da emissora cat\u00f3lica em Belo Horizonte, Padre [&hellip;]<\/p>\n","protected":false},"author":6,"featured_media":2856,"comment_status":"closed","ping_status":"open","sticky":false,"template":"","format":"standard","meta":{"_acf_changed":false,"footnotes":""},"categories":[611],"tags":[],"class_list":["post-2855","post","type-post","status-publish","format-standard","has-post-thumbnail","hentry","category-noticias"],"acf":[],"yoast_head":"<!-- This site is optimized with the Yoast SEO plugin v27.2 - https:\/\/yoast.com\/product\/yoast-seo-wordpress\/ -->\n<title>Cen\u00e1rio do Manh\u00e3 Viva, da TV Can\u00e7\u00e3o Nova, passa a ter imagem de Padre Eust\u00e1quio - Padre Eust\u00e1quio<\/title>\n<meta name=\"robots\" content=\"index, follow, max-snippet:-1, max-image-preview:large, max-video-preview:-1\" \/>\n<link rel=\"canonical\" href=\"https:\/\/www.padreeustaquio.com.br\/es\/el-plato-del-programa-manha-viva-de-tv-cancao-nova-ahora-contara-con-una-imagen-del-padre-eustaquio\/\" \/>\n<meta property=\"og:locale\" content=\"es_ES\" \/>\n<meta property=\"og:type\" content=\"article\" \/>\n<meta property=\"og:title\" content=\"Cen\u00e1rio do Manh\u00e3 Viva, da TV Can\u00e7\u00e3o Nova, passa a ter imagem de Padre Eust\u00e1quio - Padre Eust\u00e1quio\" \/>\n<meta property=\"og:description\" content=\"No dia 29 de agosto de 2017, um dia antes de celebrar a festa do Beato Padre Eust\u00e1quio, a equipe do programa Manh\u00e3 Viva, da TV Can\u00e7\u00e3o Nova, recebeu a imagem do Beato no cen\u00e1rio do programa. &#8216;A partir de agora temos mais um patrono, um padrinho do nosso programa, \u00e9 o Padre Eust\u00e1quio!&#8217;, comentou a apresentadora, Roselaine Iria. O presente foi doado pelo vice-postulador da Causa de Canoniza\u00e7\u00e3o, Padre Marcus Vin\u00edcius Maciel, SSCC, na semana em que a igreja celebra 74 anos da morte de Padre Eust\u00e1quio. Em uma visita ao est\u00fadio da emissora cat\u00f3lica em Belo Horizonte, Padre [&hellip;]\" \/>\n<meta property=\"og:url\" content=\"https:\/\/www.padreeustaquio.com.br\/es\/el-plato-del-programa-manha-viva-de-tv-cancao-nova-ahora-contara-con-una-imagen-del-padre-eustaquio\/\" \/>\n<meta property=\"og:site_name\" content=\"Padre Eust\u00e1quio\" \/>\n<meta property=\"article:publisher\" content=\"https:\/\/www.facebook.com\/beatopadreeustaquio\/\" \/>\n<meta property=\"article:published_time\" content=\"2018-01-18T01:15:26+00:00\" \/>\n<meta property=\"article:modified_time\" content=\"2019-08-20T02:16:26+00:00\" \/>\n<meta property=\"og:image\" content=\"https:\/\/www.padreeustaquio.com.br\/wp-content\/uploads\/2019\/08\/AF840285-8775-4A5C-967D-2C116FEFB8E5_tv-cancao-nova.jpg\" \/>\n\t<meta property=\"og:image:width\" content=\"555\" \/>\n\t<meta property=\"og:image:height\" content=\"410\" \/>\n\t<meta property=\"og:image:type\" content=\"image\/jpeg\" \/>\n<meta name=\"author\" content=\"sscc\" \/>\n<meta name=\"twitter:card\" content=\"summary_large_image\" \/>\n<meta name=\"twitter:creator\" content=\"@beatopeustaquio\" \/>\n<meta name=\"twitter:site\" content=\"@beatopeustaquio\" \/>\n<meta name=\"twitter:label1\" content=\"Escrito por\" \/>\n\t<meta name=\"twitter:data1\" content=\"sscc\" \/>\n\t<meta name=\"twitter:label2\" content=\"Tiempo de lectura\" \/>\n\t<meta name=\"twitter:data2\" content=\"1 minuto\" \/>\n<script type=\"application\/ld+json\" class=\"yoast-schema-graph\">{\"@context\":\"https:\/\/schema.org\",\"@graph\":[{\"@type\":\"Article\",\"@id\":\"https:\/\/www.padreeustaquio.com.br\/cenario-do-manha-viva-da-tv-cancao-nova-passa-a-ter-imagem-de-padre-eustaquio\/#article\",\"isPartOf\":{\"@id\":\"https:\/\/www.padreeustaquio.com.br\/cenario-do-manha-viva-da-tv-cancao-nova-passa-a-ter-imagem-de-padre-eustaquio\/\"},\"author\":{\"name\":\"sscc\",\"@id\":\"https:\/\/www.padreeustaquio.com.br\/#\/schema\/person\/1bbfe7b959f00a655f8ecb6cb8f3ce87\"},\"headline\":\"Cen\u00e1rio do Manh\u00e3 Viva, da TV Can\u00e7\u00e3o Nova, passa a ter imagem de Padre Eust\u00e1quio\",\"datePublished\":\"2018-01-18T01:15:26+00:00\",\"dateModified\":\"2019-08-20T02:16:26+00:00\",\"mainEntityOfPage\":{\"@id\":\"https:\/\/www.padreeustaquio.com.br\/cenario-do-manha-viva-da-tv-cancao-nova-passa-a-ter-imagem-de-padre-eustaquio\/\"},\"wordCount\":301,\"publisher\":{\"@id\":\"https:\/\/www.padreeustaquio.com.br\/#organization\"},\"image\":{\"@id\":\"https:\/\/www.padreeustaquio.com.br\/cenario-do-manha-viva-da-tv-cancao-nova-passa-a-ter-imagem-de-padre-eustaquio\/#primaryimage\"},\"thumbnailUrl\":\"https:\/\/www.padreeustaquio.com.br\/wp-content\/uploads\/2019\/08\/AF840285-8775-4A5C-967D-2C116FEFB8E5_tv-cancao-nova.jpg\",\"articleSection\":[\"Not\u00edcias\"],\"inLanguage\":\"es\"},{\"@type\":\"WebPage\",\"@id\":\"https:\/\/www.padreeustaquio.com.br\/cenario-do-manha-viva-da-tv-cancao-nova-passa-a-ter-imagem-de-padre-eustaquio\/\",\"url\":\"https:\/\/www.padreeustaquio.com.br\/cenario-do-manha-viva-da-tv-cancao-nova-passa-a-ter-imagem-de-padre-eustaquio\/\",\"name\":\"Cen\u00e1rio do Manh\u00e3 Viva, da TV Can\u00e7\u00e3o Nova, passa a ter imagem de Padre Eust\u00e1quio - Padre Eust\u00e1quio\",\"isPartOf\":{\"@id\":\"https:\/\/www.padreeustaquio.com.br\/#website\"},\"primaryImageOfPage\":{\"@id\":\"https:\/\/www.padreeustaquio.com.br\/cenario-do-manha-viva-da-tv-cancao-nova-passa-a-ter-imagem-de-padre-eustaquio\/#primaryimage\"},\"image\":{\"@id\":\"https:\/\/www.padreeustaquio.com.br\/cenario-do-manha-viva-da-tv-cancao-nova-passa-a-ter-imagem-de-padre-eustaquio\/#primaryimage\"},\"thumbnailUrl\":\"https:\/\/www.padreeustaquio.com.br\/wp-content\/uploads\/2019\/08\/AF840285-8775-4A5C-967D-2C116FEFB8E5_tv-cancao-nova.jpg\",\"datePublished\":\"2018-01-18T01:15:26+00:00\",\"dateModified\":\"2019-08-20T02:16:26+00:00\",\"breadcrumb\":{\"@id\":\"https:\/\/www.padreeustaquio.com.br\/cenario-do-manha-viva-da-tv-cancao-nova-passa-a-ter-imagem-de-padre-eustaquio\/#breadcrumb\"},\"inLanguage\":\"es\",\"potentialAction\":[{\"@type\":\"ReadAction\",\"target\":[\"https:\/\/www.padreeustaquio.com.br\/cenario-do-manha-viva-da-tv-cancao-nova-passa-a-ter-imagem-de-padre-eustaquio\/\"]}]},{\"@type\":\"ImageObject\",\"inLanguage\":\"es\",\"@id\":\"https:\/\/www.padreeustaquio.com.br\/cenario-do-manha-viva-da-tv-cancao-nova-passa-a-ter-imagem-de-padre-eustaquio\/#primaryimage\",\"url\":\"https:\/\/www.padreeustaquio.com.br\/wp-content\/uploads\/2019\/08\/AF840285-8775-4A5C-967D-2C116FEFB8E5_tv-cancao-nova.jpg\",\"contentUrl\":\"https:\/\/www.padreeustaquio.com.br\/wp-content\/uploads\/2019\/08\/AF840285-8775-4A5C-967D-2C116FEFB8E5_tv-cancao-nova.jpg\",\"width\":555,\"height\":410},{\"@type\":\"BreadcrumbList\",\"@id\":\"https:\/\/www.padreeustaquio.com.br\/cenario-do-manha-viva-da-tv-cancao-nova-passa-a-ter-imagem-de-padre-eustaquio\/#breadcrumb\",\"itemListElement\":[{\"@type\":\"ListItem\",\"position\":1,\"name\":\"In\u00edcio\",\"item\":\"https:\/\/www.padreeustaquio.com.br\/\"},{\"@type\":\"ListItem\",\"position\":2,\"name\":\"Cen\u00e1rio do Manh\u00e3 Viva, da TV Can\u00e7\u00e3o Nova, passa a ter imagem de Padre Eust\u00e1quio\"}]},{\"@type\":\"WebSite\",\"@id\":\"https:\/\/www.padreeustaquio.com.br\/#website\",\"url\":\"https:\/\/www.padreeustaquio.com.br\/\",\"name\":\"Padre Eust\u00e1quio\",\"description\":\"Sa\u00fade e Paz\",\"publisher\":{\"@id\":\"https:\/\/www.padreeustaquio.com.br\/#organization\"},\"potentialAction\":[{\"@type\":\"SearchAction\",\"target\":{\"@type\":\"EntryPoint\",\"urlTemplate\":\"https:\/\/www.padreeustaquio.com.br\/?s={search_term_string}\"},\"query-input\":{\"@type\":\"PropertyValueSpecification\",\"valueRequired\":true,\"valueName\":\"search_term_string\"}}],\"inLanguage\":\"es\"},{\"@type\":\"Organization\",\"@id\":\"https:\/\/www.padreeustaquio.com.br\/#organization\",\"name\":\"Padre Eust\u00e1quio\",\"url\":\"https:\/\/www.padreeustaquio.com.br\/\",\"logo\":{\"@type\":\"ImageObject\",\"inLanguage\":\"es\",\"@id\":\"https:\/\/www.padreeustaquio.com.br\/#\/schema\/logo\/image\/\",\"url\":\"https:\/\/www.padreeustaquio.com.br\/wp-content\/uploads\/2019\/08\/marca.png\",\"contentUrl\":\"https:\/\/www.padreeustaquio.com.br\/wp-content\/uploads\/2019\/08\/marca.png\",\"width\":350,\"height\":400,\"caption\":\"Padre Eust\u00e1quio\"},\"image\":{\"@id\":\"https:\/\/www.padreeustaquio.com.br\/#\/schema\/logo\/image\/\"},\"sameAs\":[\"https:\/\/www.facebook.com\/beatopadreeustaquio\/\",\"https:\/\/x.com\/beatopeustaquio\",\"https:\/\/www.instagram.com\/beatopadreeustaquio\/\",\"https:\/\/www.youtube.com\/channel\/UCRhw7vfabnajwLxb1ZXMeIw\"]},{\"@type\":\"Person\",\"@id\":\"https:\/\/www.padreeustaquio.com.br\/#\/schema\/person\/1bbfe7b959f00a655f8ecb6cb8f3ce87\",\"name\":\"sscc\",\"image\":{\"@type\":\"ImageObject\",\"inLanguage\":\"es\",\"@id\":\"https:\/\/secure.gravatar.com\/avatar\/edddec27f012d36cfa3fce966238219942e4659e87f27ef7b5704f0db7007bec?s=96&d=mm&r=g\",\"url\":\"https:\/\/secure.gravatar.com\/avatar\/edddec27f012d36cfa3fce966238219942e4659e87f27ef7b5704f0db7007bec?s=96&d=mm&r=g\",\"contentUrl\":\"https:\/\/secure.gravatar.com\/avatar\/edddec27f012d36cfa3fce966238219942e4659e87f27ef7b5704f0db7007bec?s=96&d=mm&r=g\",\"caption\":\"sscc\"},\"url\":\"https:\/\/www.padreeustaquio.com.br\/es\/author\/userpde\/\"}]}<\/script>\n<!-- \/ Yoast SEO plugin. -->","yoast_head_json":{"title":"El plat\u00f3 del programa &quot;Manh\u00e3 Viva&quot; de TV Can\u00e7\u00e3o Nova contar\u00e1 ahora con una imagen del padre Eust\u00e1quio.","robots":{"index":"index","follow":"follow","max-snippet":"max-snippet:-1","max-image-preview":"max-image-preview:large","max-video-preview":"max-video-preview:-1"},"canonical":"https:\/\/www.padreeustaquio.com.br\/es\/el-plato-del-programa-manha-viva-de-tv-cancao-nova-ahora-contara-con-una-imagen-del-padre-eustaquio\/","og_locale":"es_ES","og_type":"article","og_title":"Cen\u00e1rio do Manh\u00e3 Viva, da TV Can\u00e7\u00e3o Nova, passa a ter imagem de Padre Eust\u00e1quio - Padre Eust\u00e1quio","og_description":"No dia 29 de agosto de 2017, um dia antes de celebrar a festa do Beato Padre Eust\u00e1quio, a equipe do programa Manh\u00e3 Viva, da TV Can\u00e7\u00e3o Nova, recebeu a imagem do Beato no cen\u00e1rio do programa. &#8216;A partir de agora temos mais um patrono, um padrinho do nosso programa, \u00e9 o Padre Eust\u00e1quio!&#8217;, comentou a apresentadora, Roselaine Iria. O presente foi doado pelo vice-postulador da Causa de Canoniza\u00e7\u00e3o, Padre Marcus Vin\u00edcius Maciel, SSCC, na semana em que a igreja celebra 74 anos da morte de Padre Eust\u00e1quio. Em uma visita ao est\u00fadio da emissora cat\u00f3lica em Belo Horizonte, Padre [&hellip;]","og_url":"https:\/\/www.padreeustaquio.com.br\/es\/el-plato-del-programa-manha-viva-de-tv-cancao-nova-ahora-contara-con-una-imagen-del-padre-eustaquio\/","og_site_name":"Padre Eust\u00e1quio","article_publisher":"https:\/\/www.facebook.com\/beatopadreeustaquio\/","article_published_time":"2018-01-18T01:15:26+00:00","article_modified_time":"2019-08-20T02:16:26+00:00","og_image":[{"width":555,"height":410,"url":"https:\/\/www.padreeustaquio.com.br\/wp-content\/uploads\/2019\/08\/AF840285-8775-4A5C-967D-2C116FEFB8E5_tv-cancao-nova.jpg","type":"image\/jpeg"}],"author":"sscc","twitter_card":"summary_large_image","twitter_creator":"@beatopeustaquio","twitter_site":"@beatopeustaquio","twitter_misc":{"Escrito por":"sscc","Tiempo de lectura":"1 minuto"},"schema":{"@context":"https:\/\/schema.org","@graph":[{"@type":"Article","@id":"https:\/\/www.padreeustaquio.com.br\/cenario-do-manha-viva-da-tv-cancao-nova-passa-a-ter-imagem-de-padre-eustaquio\/#article","isPartOf":{"@id":"https:\/\/www.padreeustaquio.com.br\/cenario-do-manha-viva-da-tv-cancao-nova-passa-a-ter-imagem-de-padre-eustaquio\/"},"author":{"name":"sscc","@id":"https:\/\/www.padreeustaquio.com.br\/#\/schema\/person\/1bbfe7b959f00a655f8ecb6cb8f3ce87"},"headline":"Cen\u00e1rio do Manh\u00e3 Viva, da TV Can\u00e7\u00e3o Nova, passa a ter imagem de Padre Eust\u00e1quio","datePublished":"2018-01-18T01:15:26+00:00","dateModified":"2019-08-20T02:16:26+00:00","mainEntityOfPage":{"@id":"https:\/\/www.padreeustaquio.com.br\/cenario-do-manha-viva-da-tv-cancao-nova-passa-a-ter-imagem-de-padre-eustaquio\/"},"wordCount":301,"publisher":{"@id":"https:\/\/www.padreeustaquio.com.br\/#organization"},"image":{"@id":"https:\/\/www.padreeustaquio.com.br\/cenario-do-manha-viva-da-tv-cancao-nova-passa-a-ter-imagem-de-padre-eustaquio\/#primaryimage"},"thumbnailUrl":"https:\/\/www.padreeustaquio.com.br\/wp-content\/uploads\/2019\/08\/AF840285-8775-4A5C-967D-2C116FEFB8E5_tv-cancao-nova.jpg","articleSection":["Not\u00edcias"],"inLanguage":"es"},{"@type":"WebPage","@id":"https:\/\/www.padreeustaquio.com.br\/cenario-do-manha-viva-da-tv-cancao-nova-passa-a-ter-imagem-de-padre-eustaquio\/","url":"https:\/\/www.padreeustaquio.com.br\/cenario-do-manha-viva-da-tv-cancao-nova-passa-a-ter-imagem-de-padre-eustaquio\/","name":"El plat\u00f3 del programa &quot;Manh\u00e3 Viva&quot; de TV Can\u00e7\u00e3o Nova contar\u00e1 ahora con una imagen del padre Eust\u00e1quio.","isPartOf":{"@id":"https:\/\/www.padreeustaquio.com.br\/#website"},"primaryImageOfPage":{"@id":"https:\/\/www.padreeustaquio.com.br\/cenario-do-manha-viva-da-tv-cancao-nova-passa-a-ter-imagem-de-padre-eustaquio\/#primaryimage"},"image":{"@id":"https:\/\/www.padreeustaquio.com.br\/cenario-do-manha-viva-da-tv-cancao-nova-passa-a-ter-imagem-de-padre-eustaquio\/#primaryimage"},"thumbnailUrl":"https:\/\/www.padreeustaquio.com.br\/wp-content\/uploads\/2019\/08\/AF840285-8775-4A5C-967D-2C116FEFB8E5_tv-cancao-nova.jpg","datePublished":"2018-01-18T01:15:26+00:00","dateModified":"2019-08-20T02:16:26+00:00","breadcrumb":{"@id":"https:\/\/www.padreeustaquio.com.br\/cenario-do-manha-viva-da-tv-cancao-nova-passa-a-ter-imagem-de-padre-eustaquio\/#breadcrumb"},"inLanguage":"es","potentialAction":[{"@type":"ReadAction","target":["https:\/\/www.padreeustaquio.com.br\/cenario-do-manha-viva-da-tv-cancao-nova-passa-a-ter-imagem-de-padre-eustaquio\/"]}]},{"@type":"ImageObject","inLanguage":"es","@id":"https:\/\/www.padreeustaquio.com.br\/cenario-do-manha-viva-da-tv-cancao-nova-passa-a-ter-imagem-de-padre-eustaquio\/#primaryimage","url":"https:\/\/www.padreeustaquio.com.br\/wp-content\/uploads\/2019\/08\/AF840285-8775-4A5C-967D-2C116FEFB8E5_tv-cancao-nova.jpg","contentUrl":"https:\/\/www.padreeustaquio.com.br\/wp-content\/uploads\/2019\/08\/AF840285-8775-4A5C-967D-2C116FEFB8E5_tv-cancao-nova.jpg","width":555,"height":410},{"@type":"BreadcrumbList","@id":"https:\/\/www.padreeustaquio.com.br\/cenario-do-manha-viva-da-tv-cancao-nova-passa-a-ter-imagem-de-padre-eustaquio\/#breadcrumb","itemListElement":[{"@type":"ListItem","position":1,"name":"In\u00edcio","item":"https:\/\/www.padreeustaquio.com.br\/"},{"@type":"ListItem","position":2,"name":"Cen\u00e1rio do Manh\u00e3 Viva, da TV Can\u00e7\u00e3o Nova, passa a ter imagem de Padre Eust\u00e1quio"}]},{"@type":"WebSite","@id":"https:\/\/www.padreeustaquio.com.br\/#website","url":"https:\/\/www.padreeustaquio.com.br\/","name":"Padre Eustace","description":"Salud y Paz","publisher":{"@id":"https:\/\/www.padreeustaquio.com.br\/#organization"},"potentialAction":[{"@type":"SearchAction","target":{"@type":"EntryPoint","urlTemplate":"https:\/\/www.padreeustaquio.com.br\/?s={search_term_string}"},"query-input":{"@type":"PropertyValueSpecification","valueRequired":true,"valueName":"search_term_string"}}],"inLanguage":"es"},{"@type":"Organization","@id":"https:\/\/www.padreeustaquio.com.br\/#organization","name":"Padre Eustace","url":"https:\/\/www.padreeustaquio.com.br\/","logo":{"@type":"ImageObject","inLanguage":"es","@id":"https:\/\/www.padreeustaquio.com.br\/#\/schema\/logo\/image\/","url":"https:\/\/www.padreeustaquio.com.br\/wp-content\/uploads\/2019\/08\/marca.png","contentUrl":"https:\/\/www.padreeustaquio.com.br\/wp-content\/uploads\/2019\/08\/marca.png","width":350,"height":400,"caption":"Padre Eust\u00e1quio"},"image":{"@id":"https:\/\/www.padreeustaquio.com.br\/#\/schema\/logo\/image\/"},"sameAs":["https:\/\/www.facebook.com\/beatopadreeustaquio\/","https:\/\/x.com\/beatopeustaquio","https:\/\/www.instagram.com\/beatopadreeustaquio\/","https:\/\/www.youtube.com\/channel\/UCRhw7vfabnajwLxb1ZXMeIw"]},{"@type":"Person","@id":"https:\/\/www.padreeustaquio.com.br\/#\/schema\/person\/1bbfe7b959f00a655f8ecb6cb8f3ce87","name":"escuela secundaria","image":{"@type":"ImageObject","inLanguage":"es","@id":"https:\/\/secure.gravatar.com\/avatar\/edddec27f012d36cfa3fce966238219942e4659e87f27ef7b5704f0db7007bec?s=96&d=mm&r=g","url":"https:\/\/secure.gravatar.com\/avatar\/edddec27f012d36cfa3fce966238219942e4659e87f27ef7b5704f0db7007bec?s=96&d=mm&r=g","contentUrl":"https:\/\/secure.gravatar.com\/avatar\/edddec27f012d36cfa3fce966238219942e4659e87f27ef7b5704f0db7007bec?s=96&d=mm&r=g","caption":"sscc"},"url":"https:\/\/www.padreeustaquio.com.br\/es\/author\/userpde\/"}]}},"_links":{"self":[{"href":"https:\/\/www.padreeustaquio.com.br\/es\/wp-json\/wp\/v2\/posts\/2855","targetHints":{"allow":["GET"]}}],"collection":[{"href":"https:\/\/www.padreeustaquio.com.br\/es\/wp-json\/wp\/v2\/posts"}],"about":[{"href":"https:\/\/www.padreeustaquio.com.br\/es\/wp-json\/wp\/v2\/types\/post"}],"author":[{"embeddable":true,"href":"https:\/\/www.padreeustaquio.com.br\/es\/wp-json\/wp\/v2\/users\/6"}],"replies":[{"embeddable":true,"href":"https:\/\/www.padreeustaquio.com.br\/es\/wp-json\/wp\/v2\/comments?post=2855"}],"version-history":[{"count":0,"href":"https:\/\/www.padreeustaquio.com.br\/es\/wp-json\/wp\/v2\/posts\/2855\/revisions"}],"wp:featuredmedia":[{"embeddable":true,"href":"https:\/\/www.padreeustaquio.com.br\/es\/wp-json\/wp\/v2\/media\/2856"}],"wp:attachment":[{"href":"https:\/\/www.padreeustaquio.com.br\/es\/wp-json\/wp\/v2\/media?parent=2855"}],"wp:term":[{"taxonomy":"category","embeddable":true,"href":"https:\/\/www.padreeustaquio.com.br\/es\/wp-json\/wp\/v2\/categories?post=2855"},{"taxonomy":"post_tag","embeddable":true,"href":"https:\/\/www.padreeustaquio.com.br\/es\/wp-json\/wp\/v2\/tags?post=2855"}],"curies":[{"name":"wp","href":"https:\/\/api.w.org\/{rel}","templated":true}]}}