{"id":2849,"date":"2018-01-15T23:05:41","date_gmt":"2018-01-16T01:05:41","guid":{"rendered":"http:\/\/br606.teste.website\/~padre078\/padreeustaquio.com.br\/?p=2849"},"modified":"2019-08-19T23:09:19","modified_gmt":"2019-08-20T02:09:19","slug":"cuadro-con-una-imagen-del-padre-eustaquio-entronizado-en-una-iglesia-del-vaticano","status":"publish","type":"post","link":"https:\/\/www.padreeustaquio.com.br\/es\/cuadro-con-una-imagen-del-padre-eustaquio-entronizado-en-una-iglesia-del-vaticano\/","title":{"rendered":"Un cuadro que representa al Padre Eustaquio est\u00e1 entronizado en una iglesia del Vaticano."},"content":{"rendered":"<p>El 1 de octubre, una pintura del Beato Padre Eustaquio se incorpor\u00f3 a la &quot;Galer\u00eda de los Amados Holandeses&quot; de la Iglesia de San Miguel y San Magno en la Ciudad del Vaticano. Esta iglesia, conocida como la &quot;Iglesia de los Frisones Holandeses&quot;, se considera la principal iglesia nacional de los Pa\u00edses Bajos en Roma.<\/p>\n<p>La entronizaci\u00f3n del retrato del Beato fue propuesta por el rector de la instituci\u00f3n, el obispo holand\u00e9s Dom Antoon Hurkmans, quien estuvo en Belo Horizonte para la beatificaci\u00f3n del Padre Eustaquio en 2006. A las 10:30 a. m. hora local (6:30 a. m. en Brasil), el obispo dio inicio a la ceremonia con la Santa Misa. En la homil\u00eda, se record\u00f3 la vida y trayectoria del Padre Eustaquio y se present\u00f3 como ejemplo. Posteriormente, el retrato fue llevado a la galer\u00eda, donde permanecer\u00e1 permanentemente. Seg\u00fan Dom Hurkmans, la celebraci\u00f3n, retransmitida por la televisi\u00f3n holandesa, form\u00f3 parte de las conmemoraciones del mes misionero, que utilizaron al Padre Eustaquio como ejemplo para los religiosos de Frisia.<\/p>\n<p>Para el Padre Marcus Vin\u00edcius Maciel, SSCC, responsable del proceso de canonizaci\u00f3n del Padre Eust\u00e1quio en Brasil, la noticia de la entronizaci\u00f3n fue recibida con gran alegr\u00eda por las comunidades brasile\u00f1a y holandesa, especialmente por los devotos de la figura religiosa. \u201cEste es un nuevo reconocimiento a las virtudes y la espiritualidad del Padre Eust\u00e1quio que ha llegado a Roma. Estamos muy contentos, sobre todo porque ser\u00e1 otra forma de difundir la vida y la historia del beato\u201d, enfatiz\u00f3 el Padre Vin\u00edcius.<\/p>\n<p><strong>Los frisones<\/strong><\/p>\n<p>Frisia es una provincia con su propia lengua y costumbres, situada al norte de los Pa\u00edses Bajos. Sus habitantes fueron convertidos al cristianismo en el siglo VIII por san Willibrordo, conocido como el &quot;Ap\u00f3stol de los Frisones&quot;. Desde entonces, peregrinos de la regi\u00f3n han visitado Roma con regularidad, y se estableci\u00f3 una colonia frisia en la ciudad. Documentos del Vaticano mencionan la &quot;Schola de los Frisones&quot; en Roma ya en el a\u00f1o 799. Sin embargo, tras la invasi\u00f3n sarracena, tambi\u00e9n en el siglo VIII, que pretend\u00eda destruir la antigua bas\u00edlica de San Pedro, la &quot;Schola Frisia&quot; fue devastada. En el siglo XII, el lugar fue reconstruido y, finalmente, en 1446, el papa Eugenio IV confirm\u00f3 el derecho perpetuo de los frisones a la iglesia de Santi Michele e Magno (San Miguel y San Magno).<\/p>\n<p>Fuente: Oficina de Prensa para la Promoci\u00f3n de la Canonizaci\u00f3n<\/p>","protected":false},"excerpt":{"rendered":"<p>No dia 1\u00ba de outubro, um quadro com a imagem do Beato Padre Eust\u00e1quio passou a fazer parte da \u201cGaleria dos Saudosos Holandeses\u201d da igreja de S\u00e3o Miguel e S\u00e3o Magno, no Estado do Vaticano. O templo, conhecido como \u201cIgreja dos Fr\u00edsios Holandeses\u201d, \u00e9 considerado a principal igreja nacional dos Pa\u00edses Baixos em Roma. A entroniza\u00e7\u00e3o do quadro com o rosto do Beato foi proposta pelo reitor do local, o bispo holand\u00eas Dom Antoon Hurkmans, que esteve em Belo Horizonte, na Beatifica\u00e7\u00e3o de Padre Eust\u00e1quio em 2006. \u00c0s 10h30 da manh\u00e3, no hor\u00e1rio local \u2013 6h30, no Brasil, o bispo [&hellip;]<\/p>\n","protected":false},"author":6,"featured_media":2850,"comment_status":"closed","ping_status":"open","sticky":false,"template":"","format":"standard","meta":{"_acf_changed":false,"footnotes":""},"categories":[611],"tags":[],"class_list":["post-2849","post","type-post","status-publish","format-standard","has-post-thumbnail","hentry","category-noticias"],"acf":[],"yoast_head":"<!-- This site is optimized with the Yoast SEO plugin v27.2 - https:\/\/yoast.com\/product\/yoast-seo-wordpress\/ -->\n<title>Quadro com imagem de Padre Eust\u00e1quio \u00e9 entronizado em Igreja do Vaticano - Padre Eust\u00e1quio<\/title>\n<meta name=\"robots\" content=\"index, follow, max-snippet:-1, max-image-preview:large, max-video-preview:-1\" \/>\n<link rel=\"canonical\" href=\"https:\/\/www.padreeustaquio.com.br\/es\/cuadro-con-una-imagen-del-padre-eustaquio-entronizado-en-una-iglesia-del-vaticano\/\" \/>\n<meta property=\"og:locale\" content=\"es_ES\" \/>\n<meta property=\"og:type\" content=\"article\" \/>\n<meta property=\"og:title\" content=\"Quadro com imagem de Padre Eust\u00e1quio \u00e9 entronizado em Igreja do Vaticano - Padre Eust\u00e1quio\" \/>\n<meta property=\"og:description\" content=\"No dia 1\u00ba de outubro, um quadro com a imagem do Beato Padre Eust\u00e1quio passou a fazer parte da \u201cGaleria dos Saudosos Holandeses\u201d da igreja de S\u00e3o Miguel e S\u00e3o Magno, no Estado do Vaticano. O templo, conhecido como \u201cIgreja dos Fr\u00edsios Holandeses\u201d, \u00e9 considerado a principal igreja nacional dos Pa\u00edses Baixos em Roma. A entroniza\u00e7\u00e3o do quadro com o rosto do Beato foi proposta pelo reitor do local, o bispo holand\u00eas Dom Antoon Hurkmans, que esteve em Belo Horizonte, na Beatifica\u00e7\u00e3o de Padre Eust\u00e1quio em 2006. \u00c0s 10h30 da manh\u00e3, no hor\u00e1rio local \u2013 6h30, no Brasil, o bispo [&hellip;]\" \/>\n<meta property=\"og:url\" content=\"https:\/\/www.padreeustaquio.com.br\/es\/cuadro-con-una-imagen-del-padre-eustaquio-entronizado-en-una-iglesia-del-vaticano\/\" \/>\n<meta property=\"og:site_name\" content=\"Padre Eust\u00e1quio\" \/>\n<meta property=\"article:publisher\" content=\"https:\/\/www.facebook.com\/beatopadreeustaquio\/\" \/>\n<meta property=\"article:published_time\" content=\"2018-01-16T01:05:41+00:00\" \/>\n<meta property=\"article:modified_time\" content=\"2019-08-20T02:09:19+00:00\" \/>\n<meta property=\"og:image\" content=\"https:\/\/www.padreeustaquio.com.br\/wp-content\/uploads\/2019\/08\/002.jpg\" \/>\n\t<meta property=\"og:image:width\" content=\"702\" \/>\n\t<meta property=\"og:image:height\" content=\"465\" \/>\n\t<meta property=\"og:image:type\" content=\"image\/jpeg\" \/>\n<meta name=\"author\" content=\"sscc\" \/>\n<meta name=\"twitter:card\" content=\"summary_large_image\" \/>\n<meta name=\"twitter:creator\" content=\"@beatopeustaquio\" \/>\n<meta name=\"twitter:site\" content=\"@beatopeustaquio\" \/>\n<meta name=\"twitter:label1\" content=\"Escrito por\" \/>\n\t<meta name=\"twitter:data1\" content=\"sscc\" \/>\n\t<meta name=\"twitter:label2\" content=\"Tiempo de lectura\" \/>\n\t<meta name=\"twitter:data2\" content=\"2 minutos\" \/>\n<script type=\"application\/ld+json\" class=\"yoast-schema-graph\">{\"@context\":\"https:\/\/schema.org\",\"@graph\":[{\"@type\":\"Article\",\"@id\":\"https:\/\/www.padreeustaquio.com.br\/quadro-com-imagem-de-padre-eustaquio-e-entronizado-em-igreja-do-vaticano\/#article\",\"isPartOf\":{\"@id\":\"https:\/\/www.padreeustaquio.com.br\/quadro-com-imagem-de-padre-eustaquio-e-entronizado-em-igreja-do-vaticano\/\"},\"author\":{\"name\":\"sscc\",\"@id\":\"https:\/\/www.padreeustaquio.com.br\/#\/schema\/person\/1bbfe7b959f00a655f8ecb6cb8f3ce87\"},\"headline\":\"Quadro com imagem de Padre Eust\u00e1quio \u00e9 entronizado em Igreja do Vaticano\",\"datePublished\":\"2018-01-16T01:05:41+00:00\",\"dateModified\":\"2019-08-20T02:09:19+00:00\",\"mainEntityOfPage\":{\"@id\":\"https:\/\/www.padreeustaquio.com.br\/quadro-com-imagem-de-padre-eustaquio-e-entronizado-em-igreja-do-vaticano\/\"},\"wordCount\":441,\"publisher\":{\"@id\":\"https:\/\/www.padreeustaquio.com.br\/#organization\"},\"image\":{\"@id\":\"https:\/\/www.padreeustaquio.com.br\/quadro-com-imagem-de-padre-eustaquio-e-entronizado-em-igreja-do-vaticano\/#primaryimage\"},\"thumbnailUrl\":\"https:\/\/www.padreeustaquio.com.br\/wp-content\/uploads\/2019\/08\/002.jpg\",\"articleSection\":[\"Not\u00edcias\"],\"inLanguage\":\"es\"},{\"@type\":\"WebPage\",\"@id\":\"https:\/\/www.padreeustaquio.com.br\/quadro-com-imagem-de-padre-eustaquio-e-entronizado-em-igreja-do-vaticano\/\",\"url\":\"https:\/\/www.padreeustaquio.com.br\/quadro-com-imagem-de-padre-eustaquio-e-entronizado-em-igreja-do-vaticano\/\",\"name\":\"Quadro com imagem de Padre Eust\u00e1quio \u00e9 entronizado em Igreja do Vaticano - Padre Eust\u00e1quio\",\"isPartOf\":{\"@id\":\"https:\/\/www.padreeustaquio.com.br\/#website\"},\"primaryImageOfPage\":{\"@id\":\"https:\/\/www.padreeustaquio.com.br\/quadro-com-imagem-de-padre-eustaquio-e-entronizado-em-igreja-do-vaticano\/#primaryimage\"},\"image\":{\"@id\":\"https:\/\/www.padreeustaquio.com.br\/quadro-com-imagem-de-padre-eustaquio-e-entronizado-em-igreja-do-vaticano\/#primaryimage\"},\"thumbnailUrl\":\"https:\/\/www.padreeustaquio.com.br\/wp-content\/uploads\/2019\/08\/002.jpg\",\"datePublished\":\"2018-01-16T01:05:41+00:00\",\"dateModified\":\"2019-08-20T02:09:19+00:00\",\"breadcrumb\":{\"@id\":\"https:\/\/www.padreeustaquio.com.br\/quadro-com-imagem-de-padre-eustaquio-e-entronizado-em-igreja-do-vaticano\/#breadcrumb\"},\"inLanguage\":\"es\",\"potentialAction\":[{\"@type\":\"ReadAction\",\"target\":[\"https:\/\/www.padreeustaquio.com.br\/quadro-com-imagem-de-padre-eustaquio-e-entronizado-em-igreja-do-vaticano\/\"]}]},{\"@type\":\"ImageObject\",\"inLanguage\":\"es\",\"@id\":\"https:\/\/www.padreeustaquio.com.br\/quadro-com-imagem-de-padre-eustaquio-e-entronizado-em-igreja-do-vaticano\/#primaryimage\",\"url\":\"https:\/\/www.padreeustaquio.com.br\/wp-content\/uploads\/2019\/08\/002.jpg\",\"contentUrl\":\"https:\/\/www.padreeustaquio.com.br\/wp-content\/uploads\/2019\/08\/002.jpg\",\"width\":702,\"height\":465},{\"@type\":\"BreadcrumbList\",\"@id\":\"https:\/\/www.padreeustaquio.com.br\/quadro-com-imagem-de-padre-eustaquio-e-entronizado-em-igreja-do-vaticano\/#breadcrumb\",\"itemListElement\":[{\"@type\":\"ListItem\",\"position\":1,\"name\":\"In\u00edcio\",\"item\":\"https:\/\/www.padreeustaquio.com.br\/\"},{\"@type\":\"ListItem\",\"position\":2,\"name\":\"Quadro com imagem de Padre Eust\u00e1quio \u00e9 entronizado em Igreja do Vaticano\"}]},{\"@type\":\"WebSite\",\"@id\":\"https:\/\/www.padreeustaquio.com.br\/#website\",\"url\":\"https:\/\/www.padreeustaquio.com.br\/\",\"name\":\"Padre Eust\u00e1quio\",\"description\":\"Sa\u00fade e Paz\",\"publisher\":{\"@id\":\"https:\/\/www.padreeustaquio.com.br\/#organization\"},\"potentialAction\":[{\"@type\":\"SearchAction\",\"target\":{\"@type\":\"EntryPoint\",\"urlTemplate\":\"https:\/\/www.padreeustaquio.com.br\/?s={search_term_string}\"},\"query-input\":{\"@type\":\"PropertyValueSpecification\",\"valueRequired\":true,\"valueName\":\"search_term_string\"}}],\"inLanguage\":\"es\"},{\"@type\":\"Organization\",\"@id\":\"https:\/\/www.padreeustaquio.com.br\/#organization\",\"name\":\"Padre Eust\u00e1quio\",\"url\":\"https:\/\/www.padreeustaquio.com.br\/\",\"logo\":{\"@type\":\"ImageObject\",\"inLanguage\":\"es\",\"@id\":\"https:\/\/www.padreeustaquio.com.br\/#\/schema\/logo\/image\/\",\"url\":\"https:\/\/www.padreeustaquio.com.br\/wp-content\/uploads\/2019\/08\/marca.png\",\"contentUrl\":\"https:\/\/www.padreeustaquio.com.br\/wp-content\/uploads\/2019\/08\/marca.png\",\"width\":350,\"height\":400,\"caption\":\"Padre Eust\u00e1quio\"},\"image\":{\"@id\":\"https:\/\/www.padreeustaquio.com.br\/#\/schema\/logo\/image\/\"},\"sameAs\":[\"https:\/\/www.facebook.com\/beatopadreeustaquio\/\",\"https:\/\/x.com\/beatopeustaquio\",\"https:\/\/www.instagram.com\/beatopadreeustaquio\/\",\"https:\/\/www.youtube.com\/channel\/UCRhw7vfabnajwLxb1ZXMeIw\"]},{\"@type\":\"Person\",\"@id\":\"https:\/\/www.padreeustaquio.com.br\/#\/schema\/person\/1bbfe7b959f00a655f8ecb6cb8f3ce87\",\"name\":\"sscc\",\"image\":{\"@type\":\"ImageObject\",\"inLanguage\":\"es\",\"@id\":\"https:\/\/secure.gravatar.com\/avatar\/edddec27f012d36cfa3fce966238219942e4659e87f27ef7b5704f0db7007bec?s=96&d=mm&r=g\",\"url\":\"https:\/\/secure.gravatar.com\/avatar\/edddec27f012d36cfa3fce966238219942e4659e87f27ef7b5704f0db7007bec?s=96&d=mm&r=g\",\"contentUrl\":\"https:\/\/secure.gravatar.com\/avatar\/edddec27f012d36cfa3fce966238219942e4659e87f27ef7b5704f0db7007bec?s=96&d=mm&r=g\",\"caption\":\"sscc\"},\"url\":\"https:\/\/www.padreeustaquio.com.br\/es\/author\/userpde\/\"}]}<\/script>\n<!-- \/ Yoast SEO plugin. -->","yoast_head_json":{"title":"Cuadro con imagen del Padre Eust\u00e1quio es entronizado en la Iglesia del Vaticano - Padre Eust\u00e1quio","robots":{"index":"index","follow":"follow","max-snippet":"max-snippet:-1","max-image-preview":"max-image-preview:large","max-video-preview":"max-video-preview:-1"},"canonical":"https:\/\/www.padreeustaquio.com.br\/es\/cuadro-con-una-imagen-del-padre-eustaquio-entronizado-en-una-iglesia-del-vaticano\/","og_locale":"es_ES","og_type":"article","og_title":"Quadro com imagem de Padre Eust\u00e1quio \u00e9 entronizado em Igreja do Vaticano - Padre Eust\u00e1quio","og_description":"No dia 1\u00ba de outubro, um quadro com a imagem do Beato Padre Eust\u00e1quio passou a fazer parte da \u201cGaleria dos Saudosos Holandeses\u201d da igreja de S\u00e3o Miguel e S\u00e3o Magno, no Estado do Vaticano. O templo, conhecido como \u201cIgreja dos Fr\u00edsios Holandeses\u201d, \u00e9 considerado a principal igreja nacional dos Pa\u00edses Baixos em Roma. A entroniza\u00e7\u00e3o do quadro com o rosto do Beato foi proposta pelo reitor do local, o bispo holand\u00eas Dom Antoon Hurkmans, que esteve em Belo Horizonte, na Beatifica\u00e7\u00e3o de Padre Eust\u00e1quio em 2006. \u00c0s 10h30 da manh\u00e3, no hor\u00e1rio local \u2013 6h30, no Brasil, o bispo [&hellip;]","og_url":"https:\/\/www.padreeustaquio.com.br\/es\/cuadro-con-una-imagen-del-padre-eustaquio-entronizado-en-una-iglesia-del-vaticano\/","og_site_name":"Padre Eust\u00e1quio","article_publisher":"https:\/\/www.facebook.com\/beatopadreeustaquio\/","article_published_time":"2018-01-16T01:05:41+00:00","article_modified_time":"2019-08-20T02:09:19+00:00","og_image":[{"width":702,"height":465,"url":"https:\/\/www.padreeustaquio.com.br\/wp-content\/uploads\/2019\/08\/002.jpg","type":"image\/jpeg"}],"author":"sscc","twitter_card":"summary_large_image","twitter_creator":"@beatopeustaquio","twitter_site":"@beatopeustaquio","twitter_misc":{"Escrito por":"sscc","Tiempo de lectura":"2 minutos"},"schema":{"@context":"https:\/\/schema.org","@graph":[{"@type":"Article","@id":"https:\/\/www.padreeustaquio.com.br\/quadro-com-imagem-de-padre-eustaquio-e-entronizado-em-igreja-do-vaticano\/#article","isPartOf":{"@id":"https:\/\/www.padreeustaquio.com.br\/quadro-com-imagem-de-padre-eustaquio-e-entronizado-em-igreja-do-vaticano\/"},"author":{"name":"sscc","@id":"https:\/\/www.padreeustaquio.com.br\/#\/schema\/person\/1bbfe7b959f00a655f8ecb6cb8f3ce87"},"headline":"Quadro com imagem de Padre Eust\u00e1quio \u00e9 entronizado em Igreja do Vaticano","datePublished":"2018-01-16T01:05:41+00:00","dateModified":"2019-08-20T02:09:19+00:00","mainEntityOfPage":{"@id":"https:\/\/www.padreeustaquio.com.br\/quadro-com-imagem-de-padre-eustaquio-e-entronizado-em-igreja-do-vaticano\/"},"wordCount":441,"publisher":{"@id":"https:\/\/www.padreeustaquio.com.br\/#organization"},"image":{"@id":"https:\/\/www.padreeustaquio.com.br\/quadro-com-imagem-de-padre-eustaquio-e-entronizado-em-igreja-do-vaticano\/#primaryimage"},"thumbnailUrl":"https:\/\/www.padreeustaquio.com.br\/wp-content\/uploads\/2019\/08\/002.jpg","articleSection":["Not\u00edcias"],"inLanguage":"es"},{"@type":"WebPage","@id":"https:\/\/www.padreeustaquio.com.br\/quadro-com-imagem-de-padre-eustaquio-e-entronizado-em-igreja-do-vaticano\/","url":"https:\/\/www.padreeustaquio.com.br\/quadro-com-imagem-de-padre-eustaquio-e-entronizado-em-igreja-do-vaticano\/","name":"Cuadro con imagen del Padre Eust\u00e1quio es entronizado en la Iglesia del Vaticano - Padre Eust\u00e1quio","isPartOf":{"@id":"https:\/\/www.padreeustaquio.com.br\/#website"},"primaryImageOfPage":{"@id":"https:\/\/www.padreeustaquio.com.br\/quadro-com-imagem-de-padre-eustaquio-e-entronizado-em-igreja-do-vaticano\/#primaryimage"},"image":{"@id":"https:\/\/www.padreeustaquio.com.br\/quadro-com-imagem-de-padre-eustaquio-e-entronizado-em-igreja-do-vaticano\/#primaryimage"},"thumbnailUrl":"https:\/\/www.padreeustaquio.com.br\/wp-content\/uploads\/2019\/08\/002.jpg","datePublished":"2018-01-16T01:05:41+00:00","dateModified":"2019-08-20T02:09:19+00:00","breadcrumb":{"@id":"https:\/\/www.padreeustaquio.com.br\/quadro-com-imagem-de-padre-eustaquio-e-entronizado-em-igreja-do-vaticano\/#breadcrumb"},"inLanguage":"es","potentialAction":[{"@type":"ReadAction","target":["https:\/\/www.padreeustaquio.com.br\/quadro-com-imagem-de-padre-eustaquio-e-entronizado-em-igreja-do-vaticano\/"]}]},{"@type":"ImageObject","inLanguage":"es","@id":"https:\/\/www.padreeustaquio.com.br\/quadro-com-imagem-de-padre-eustaquio-e-entronizado-em-igreja-do-vaticano\/#primaryimage","url":"https:\/\/www.padreeustaquio.com.br\/wp-content\/uploads\/2019\/08\/002.jpg","contentUrl":"https:\/\/www.padreeustaquio.com.br\/wp-content\/uploads\/2019\/08\/002.jpg","width":702,"height":465},{"@type":"BreadcrumbList","@id":"https:\/\/www.padreeustaquio.com.br\/quadro-com-imagem-de-padre-eustaquio-e-entronizado-em-igreja-do-vaticano\/#breadcrumb","itemListElement":[{"@type":"ListItem","position":1,"name":"In\u00edcio","item":"https:\/\/www.padreeustaquio.com.br\/"},{"@type":"ListItem","position":2,"name":"Quadro com imagem de Padre Eust\u00e1quio \u00e9 entronizado em Igreja do Vaticano"}]},{"@type":"WebSite","@id":"https:\/\/www.padreeustaquio.com.br\/#website","url":"https:\/\/www.padreeustaquio.com.br\/","name":"Padre Eustace","description":"Salud y Paz","publisher":{"@id":"https:\/\/www.padreeustaquio.com.br\/#organization"},"potentialAction":[{"@type":"SearchAction","target":{"@type":"EntryPoint","urlTemplate":"https:\/\/www.padreeustaquio.com.br\/?s={search_term_string}"},"query-input":{"@type":"PropertyValueSpecification","valueRequired":true,"valueName":"search_term_string"}}],"inLanguage":"es"},{"@type":"Organization","@id":"https:\/\/www.padreeustaquio.com.br\/#organization","name":"Padre Eustace","url":"https:\/\/www.padreeustaquio.com.br\/","logo":{"@type":"ImageObject","inLanguage":"es","@id":"https:\/\/www.padreeustaquio.com.br\/#\/schema\/logo\/image\/","url":"https:\/\/www.padreeustaquio.com.br\/wp-content\/uploads\/2019\/08\/marca.png","contentUrl":"https:\/\/www.padreeustaquio.com.br\/wp-content\/uploads\/2019\/08\/marca.png","width":350,"height":400,"caption":"Padre Eust\u00e1quio"},"image":{"@id":"https:\/\/www.padreeustaquio.com.br\/#\/schema\/logo\/image\/"},"sameAs":["https:\/\/www.facebook.com\/beatopadreeustaquio\/","https:\/\/x.com\/beatopeustaquio","https:\/\/www.instagram.com\/beatopadreeustaquio\/","https:\/\/www.youtube.com\/channel\/UCRhw7vfabnajwLxb1ZXMeIw"]},{"@type":"Person","@id":"https:\/\/www.padreeustaquio.com.br\/#\/schema\/person\/1bbfe7b959f00a655f8ecb6cb8f3ce87","name":"escuela secundaria","image":{"@type":"ImageObject","inLanguage":"es","@id":"https:\/\/secure.gravatar.com\/avatar\/edddec27f012d36cfa3fce966238219942e4659e87f27ef7b5704f0db7007bec?s=96&d=mm&r=g","url":"https:\/\/secure.gravatar.com\/avatar\/edddec27f012d36cfa3fce966238219942e4659e87f27ef7b5704f0db7007bec?s=96&d=mm&r=g","contentUrl":"https:\/\/secure.gravatar.com\/avatar\/edddec27f012d36cfa3fce966238219942e4659e87f27ef7b5704f0db7007bec?s=96&d=mm&r=g","caption":"sscc"},"url":"https:\/\/www.padreeustaquio.com.br\/es\/author\/userpde\/"}]}},"_links":{"self":[{"href":"https:\/\/www.padreeustaquio.com.br\/es\/wp-json\/wp\/v2\/posts\/2849","targetHints":{"allow":["GET"]}}],"collection":[{"href":"https:\/\/www.padreeustaquio.com.br\/es\/wp-json\/wp\/v2\/posts"}],"about":[{"href":"https:\/\/www.padreeustaquio.com.br\/es\/wp-json\/wp\/v2\/types\/post"}],"author":[{"embeddable":true,"href":"https:\/\/www.padreeustaquio.com.br\/es\/wp-json\/wp\/v2\/users\/6"}],"replies":[{"embeddable":true,"href":"https:\/\/www.padreeustaquio.com.br\/es\/wp-json\/wp\/v2\/comments?post=2849"}],"version-history":[{"count":0,"href":"https:\/\/www.padreeustaquio.com.br\/es\/wp-json\/wp\/v2\/posts\/2849\/revisions"}],"wp:featuredmedia":[{"embeddable":true,"href":"https:\/\/www.padreeustaquio.com.br\/es\/wp-json\/wp\/v2\/media\/2850"}],"wp:attachment":[{"href":"https:\/\/www.padreeustaquio.com.br\/es\/wp-json\/wp\/v2\/media?parent=2849"}],"wp:term":[{"taxonomy":"category","embeddable":true,"href":"https:\/\/www.padreeustaquio.com.br\/es\/wp-json\/wp\/v2\/categories?post=2849"},{"taxonomy":"post_tag","embeddable":true,"href":"https:\/\/www.padreeustaquio.com.br\/es\/wp-json\/wp\/v2\/tags?post=2849"}],"curies":[{"name":"wp","href":"https:\/\/api.w.org\/{rel}","templated":true}]}}