{"id":2843,"date":"2018-01-07T23:01:40","date_gmt":"2018-01-08T01:01:40","guid":{"rendered":"http:\/\/br606.teste.website\/~padre078\/padreeustaquio.com.br\/?p=2843"},"modified":"2019-08-19T23:03:22","modified_gmt":"2019-08-20T02:03:22","slug":"la-fiesta-del-padre-eustaquio-en-porto-alegre-incluye-una-accion-justa-y-global","status":"publish","type":"post","link":"https:\/\/www.padreeustaquio.com.br\/es\/la-fiesta-del-padre-eustaquio-en-porto-alegre-incluye-una-accion-justa-y-global\/","title":{"rendered":"La fiesta del Padre Eust\u00e1quio en Po\u00e1 presenta una feria y un evento global."},"content":{"rendered":"<p>La Parroquia de Nuestra Se\u00f1ora de Lourdes en Po\u00e1 celebra al Padre Eust\u00e1quio. El primer vicario de la ciudad fue beatificado por la Iglesia Cat\u00f3lica en 2006.<\/p>\n<p>La fiesta termina s\u00f3lo el 30 de agosto, fecha en que se conmemora el 74 aniversario de la muerte de la religiosa, pero la feria termina este s\u00e1bado (26) y domingo (27).<\/p>\n<p>Los visitantes pueden disfrutar en los puestos de barbacoa, tempura, &quot;buraco quente&quot; (una especie de s\u00e1ndwich caliente), perritos calientes, pasteles, pizza, tartas y otras delicias.<\/p>\n<p>La feria de la iglesia se lleva a cabo en Largo da Matriz a partir de las 17:30. &quot;El dinero recaudado en el festival se destina al mantenimiento de la iglesia. Adem\u00e1s, en cada misa solicitamos donaciones de alimentos para preparar canastas de alimentos b\u00e1sicos para las personas necesitadas de la ciudad&quot;, explic\u00f3 el abanderado, Alfredo Silva Neto.<\/p>\n<p>El domingo, la celebraci\u00f3n incluir\u00e1 la 2\u00aa Acci\u00f3n Global, en el Centro de Evangelizaci\u00f3n Padre Eust\u00e1quio, junto a la iglesia principal.<\/p>\n<p>Seg\u00fan los organizadores del festival, diversos profesionales prestar\u00e1n servicios al p\u00fablico, entre ellos oftalm\u00f3logos, enfermeros, nutricionistas, peluqueros y abogados, entre otros.<\/p>\n<p>El programa incluye un curso de primeros auxilios. Quienes lo deseen tambi\u00e9n podr\u00e1n disfrutar de un delicioso almuerzo de pasta, y por la tarde habr\u00e1 clases de zumba.<\/p>\n<p><strong>Programaci\u00f3n religiosa<\/strong><\/p>\n<p>Todos los d\u00edas a las 19:30 horas se realizan las misas de la novena al Padre Eustaquio, cada d\u00eda con un sacerdote diferente.<\/p>\n<p>El d\u00eda 30, el programa religioso ser\u00e1 especial. A las 15:00, el Padre Reginaldo Martins da Silva presidir\u00e1 la tradicional Misa de Enfermos, una celebraci\u00f3n dedicada a las personas mayores, enfermas o con alguna dificultad de movilidad. A continuaci\u00f3n, a las 19:30, se celebrar\u00e1 la Misa de clausura con la tradicional bendici\u00f3n del agua.<\/p>\n<p><strong>Padre Eustace<\/strong><\/p>\n<p>Nacido en los Pa\u00edses Bajos, el padre Eust\u00e1quio van Lieshout lleg\u00f3 a Brasil en 1925 y diez a\u00f1os despu\u00e9s fue trasladado a Po\u00e1.<\/p>\n<p>En la ciudad se hizo conocido como el &quot;Santo de Po\u00e1&quot;, por su trabajo pastoral con los enfermos y por el agua bendita de la Gruta de Nuestra Se\u00f1ora de Lourdes, que atra\u00eda a miles de personas a la ciudad.<\/p>\n<p>En 2005, el Vaticano reconoci\u00f3 uno de sus milagros, y al a\u00f1o siguiente, el Padre Eustaquio fue beatificado, paso previo a la canonizaci\u00f3n. Los fieles y devotos rezan para que pronto sea reconocido como santo.<\/p>\n<p>Fuente:\u00a0<a href=\"https:\/\/g1.globo.com\/sp\/mogi-das-cruzes-suzano\/noticia\/festa-de-padre-eustaquio-em-poa-tem-quermesse-e-acao-global.ghtml\" target=\"_blank\" rel=\"noopener\">Portal G1<\/a><\/p>","protected":false},"excerpt":{"rendered":"<p>A Par\u00f3quia Nossa Senhora de Lourdes em Po\u00e1 festeja padre Eust\u00e1quio. O primeiro vig\u00e1rio da cidade \u00e9 beato pela Igreja Cat\u00f3lica desde 2006. A festa termina somente em 30 de agosto, data em que se celebra os 74 anos da morte do religioso, mas a quermesse se encerra neste neste s\u00e1bado (26) e domingo (27). O p\u00fablico pode saborear nas barracas churrasco, tempur\u00e1, buraco quente, cachorro quente, pastel, pizza, bolo, entre outros quitutes. A quermesse \u00e9 no Largo da Matriz a partir das 17h30. \u201dO dinheiro arrecadado na festa \u00e9 para manunten\u00e7\u00e3o da igreja. Tamb\u00e9m a cada missa pedimos alimentos [&hellip;]<\/p>\n","protected":false},"author":6,"featured_media":2846,"comment_status":"closed","ping_status":"open","sticky":false,"template":"","format":"standard","meta":{"_acf_changed":false,"footnotes":""},"categories":[611],"tags":[],"class_list":["post-2843","post","type-post","status-publish","format-standard","has-post-thumbnail","hentry","category-noticias"],"acf":[],"yoast_head":"<!-- This site is optimized with the Yoast SEO plugin v27.2 - https:\/\/yoast.com\/product\/yoast-seo-wordpress\/ -->\n<title>Festa de Padre Eust\u00e1quio, em Po\u00e1, tem quermesse e a\u00e7\u00e3o global - Padre Eust\u00e1quio<\/title>\n<meta name=\"robots\" content=\"index, follow, max-snippet:-1, max-image-preview:large, max-video-preview:-1\" \/>\n<link rel=\"canonical\" href=\"https:\/\/www.padreeustaquio.com.br\/es\/la-fiesta-del-padre-eustaquio-en-porto-alegre-incluye-una-accion-justa-y-global\/\" \/>\n<meta property=\"og:locale\" content=\"es_ES\" \/>\n<meta property=\"og:type\" content=\"article\" \/>\n<meta property=\"og:title\" content=\"Festa de Padre Eust\u00e1quio, em Po\u00e1, tem quermesse e a\u00e7\u00e3o global - Padre Eust\u00e1quio\" \/>\n<meta property=\"og:description\" content=\"A Par\u00f3quia Nossa Senhora de Lourdes em Po\u00e1 festeja padre Eust\u00e1quio. O primeiro vig\u00e1rio da cidade \u00e9 beato pela Igreja Cat\u00f3lica desde 2006. A festa termina somente em 30 de agosto, data em que se celebra os 74 anos da morte do religioso, mas a quermesse se encerra neste neste s\u00e1bado (26) e domingo (27). O p\u00fablico pode saborear nas barracas churrasco, tempur\u00e1, buraco quente, cachorro quente, pastel, pizza, bolo, entre outros quitutes. A quermesse \u00e9 no Largo da Matriz a partir das 17h30. \u201dO dinheiro arrecadado na festa \u00e9 para manunten\u00e7\u00e3o da igreja. Tamb\u00e9m a cada missa pedimos alimentos [&hellip;]\" \/>\n<meta property=\"og:url\" content=\"https:\/\/www.padreeustaquio.com.br\/es\/la-fiesta-del-padre-eustaquio-en-porto-alegre-incluye-una-accion-justa-y-global\/\" \/>\n<meta property=\"og:site_name\" content=\"Padre Eust\u00e1quio\" \/>\n<meta property=\"article:publisher\" content=\"https:\/\/www.facebook.com\/beatopadreeustaquio\/\" \/>\n<meta property=\"article:published_time\" content=\"2018-01-08T01:01:40+00:00\" \/>\n<meta property=\"article:modified_time\" content=\"2019-08-20T02:03:22+00:00\" \/>\n<meta property=\"og:image\" content=\"https:\/\/www.padreeustaquio.com.br\/wp-content\/uploads\/2019\/08\/001.jpg\" \/>\n\t<meta property=\"og:image:width\" content=\"1044\" \/>\n\t<meta property=\"og:image:height\" content=\"588\" \/>\n\t<meta property=\"og:image:type\" content=\"image\/jpeg\" \/>\n<meta name=\"author\" content=\"sscc\" \/>\n<meta name=\"twitter:card\" content=\"summary_large_image\" \/>\n<meta name=\"twitter:creator\" content=\"@beatopeustaquio\" \/>\n<meta name=\"twitter:site\" content=\"@beatopeustaquio\" \/>\n<meta name=\"twitter:label1\" content=\"Escrito por\" \/>\n\t<meta name=\"twitter:data1\" content=\"sscc\" \/>\n\t<meta name=\"twitter:label2\" content=\"Tiempo de lectura\" \/>\n\t<meta name=\"twitter:data2\" content=\"2 minutos\" \/>\n<script type=\"application\/ld+json\" class=\"yoast-schema-graph\">{\"@context\":\"https:\/\/schema.org\",\"@graph\":[{\"@type\":\"Article\",\"@id\":\"https:\/\/www.padreeustaquio.com.br\/festa-de-padre-eustaquio-em-poa-tem-quermesse-e-acao-global\/#article\",\"isPartOf\":{\"@id\":\"https:\/\/www.padreeustaquio.com.br\/festa-de-padre-eustaquio-em-poa-tem-quermesse-e-acao-global\/\"},\"author\":{\"name\":\"sscc\",\"@id\":\"https:\/\/www.padreeustaquio.com.br\/#\/schema\/person\/1bbfe7b959f00a655f8ecb6cb8f3ce87\"},\"headline\":\"Festa de Padre Eust\u00e1quio, em Po\u00e1, tem quermesse e a\u00e7\u00e3o global\",\"datePublished\":\"2018-01-08T01:01:40+00:00\",\"dateModified\":\"2019-08-20T02:03:22+00:00\",\"mainEntityOfPage\":{\"@id\":\"https:\/\/www.padreeustaquio.com.br\/festa-de-padre-eustaquio-em-poa-tem-quermesse-e-acao-global\/\"},\"wordCount\":393,\"publisher\":{\"@id\":\"https:\/\/www.padreeustaquio.com.br\/#organization\"},\"image\":{\"@id\":\"https:\/\/www.padreeustaquio.com.br\/festa-de-padre-eustaquio-em-poa-tem-quermesse-e-acao-global\/#primaryimage\"},\"thumbnailUrl\":\"https:\/\/www.padreeustaquio.com.br\/wp-content\/uploads\/2019\/08\/001.jpg\",\"articleSection\":[\"Not\u00edcias\"],\"inLanguage\":\"es\"},{\"@type\":\"WebPage\",\"@id\":\"https:\/\/www.padreeustaquio.com.br\/festa-de-padre-eustaquio-em-poa-tem-quermesse-e-acao-global\/\",\"url\":\"https:\/\/www.padreeustaquio.com.br\/festa-de-padre-eustaquio-em-poa-tem-quermesse-e-acao-global\/\",\"name\":\"Festa de Padre Eust\u00e1quio, em Po\u00e1, tem quermesse e a\u00e7\u00e3o global - Padre Eust\u00e1quio\",\"isPartOf\":{\"@id\":\"https:\/\/www.padreeustaquio.com.br\/#website\"},\"primaryImageOfPage\":{\"@id\":\"https:\/\/www.padreeustaquio.com.br\/festa-de-padre-eustaquio-em-poa-tem-quermesse-e-acao-global\/#primaryimage\"},\"image\":{\"@id\":\"https:\/\/www.padreeustaquio.com.br\/festa-de-padre-eustaquio-em-poa-tem-quermesse-e-acao-global\/#primaryimage\"},\"thumbnailUrl\":\"https:\/\/www.padreeustaquio.com.br\/wp-content\/uploads\/2019\/08\/001.jpg\",\"datePublished\":\"2018-01-08T01:01:40+00:00\",\"dateModified\":\"2019-08-20T02:03:22+00:00\",\"breadcrumb\":{\"@id\":\"https:\/\/www.padreeustaquio.com.br\/festa-de-padre-eustaquio-em-poa-tem-quermesse-e-acao-global\/#breadcrumb\"},\"inLanguage\":\"es\",\"potentialAction\":[{\"@type\":\"ReadAction\",\"target\":[\"https:\/\/www.padreeustaquio.com.br\/festa-de-padre-eustaquio-em-poa-tem-quermesse-e-acao-global\/\"]}]},{\"@type\":\"ImageObject\",\"inLanguage\":\"es\",\"@id\":\"https:\/\/www.padreeustaquio.com.br\/festa-de-padre-eustaquio-em-poa-tem-quermesse-e-acao-global\/#primaryimage\",\"url\":\"https:\/\/www.padreeustaquio.com.br\/wp-content\/uploads\/2019\/08\/001.jpg\",\"contentUrl\":\"https:\/\/www.padreeustaquio.com.br\/wp-content\/uploads\/2019\/08\/001.jpg\",\"width\":1044,\"height\":588},{\"@type\":\"BreadcrumbList\",\"@id\":\"https:\/\/www.padreeustaquio.com.br\/festa-de-padre-eustaquio-em-poa-tem-quermesse-e-acao-global\/#breadcrumb\",\"itemListElement\":[{\"@type\":\"ListItem\",\"position\":1,\"name\":\"In\u00edcio\",\"item\":\"https:\/\/www.padreeustaquio.com.br\/\"},{\"@type\":\"ListItem\",\"position\":2,\"name\":\"Festa de Padre Eust\u00e1quio, em Po\u00e1, tem quermesse e a\u00e7\u00e3o global\"}]},{\"@type\":\"WebSite\",\"@id\":\"https:\/\/www.padreeustaquio.com.br\/#website\",\"url\":\"https:\/\/www.padreeustaquio.com.br\/\",\"name\":\"Padre Eust\u00e1quio\",\"description\":\"Sa\u00fade e Paz\",\"publisher\":{\"@id\":\"https:\/\/www.padreeustaquio.com.br\/#organization\"},\"potentialAction\":[{\"@type\":\"SearchAction\",\"target\":{\"@type\":\"EntryPoint\",\"urlTemplate\":\"https:\/\/www.padreeustaquio.com.br\/?s={search_term_string}\"},\"query-input\":{\"@type\":\"PropertyValueSpecification\",\"valueRequired\":true,\"valueName\":\"search_term_string\"}}],\"inLanguage\":\"es\"},{\"@type\":\"Organization\",\"@id\":\"https:\/\/www.padreeustaquio.com.br\/#organization\",\"name\":\"Padre Eust\u00e1quio\",\"url\":\"https:\/\/www.padreeustaquio.com.br\/\",\"logo\":{\"@type\":\"ImageObject\",\"inLanguage\":\"es\",\"@id\":\"https:\/\/www.padreeustaquio.com.br\/#\/schema\/logo\/image\/\",\"url\":\"https:\/\/www.padreeustaquio.com.br\/wp-content\/uploads\/2019\/08\/marca.png\",\"contentUrl\":\"https:\/\/www.padreeustaquio.com.br\/wp-content\/uploads\/2019\/08\/marca.png\",\"width\":350,\"height\":400,\"caption\":\"Padre Eust\u00e1quio\"},\"image\":{\"@id\":\"https:\/\/www.padreeustaquio.com.br\/#\/schema\/logo\/image\/\"},\"sameAs\":[\"https:\/\/www.facebook.com\/beatopadreeustaquio\/\",\"https:\/\/x.com\/beatopeustaquio\",\"https:\/\/www.instagram.com\/beatopadreeustaquio\/\",\"https:\/\/www.youtube.com\/channel\/UCRhw7vfabnajwLxb1ZXMeIw\"]},{\"@type\":\"Person\",\"@id\":\"https:\/\/www.padreeustaquio.com.br\/#\/schema\/person\/1bbfe7b959f00a655f8ecb6cb8f3ce87\",\"name\":\"sscc\",\"image\":{\"@type\":\"ImageObject\",\"inLanguage\":\"es\",\"@id\":\"https:\/\/secure.gravatar.com\/avatar\/edddec27f012d36cfa3fce966238219942e4659e87f27ef7b5704f0db7007bec?s=96&d=mm&r=g\",\"url\":\"https:\/\/secure.gravatar.com\/avatar\/edddec27f012d36cfa3fce966238219942e4659e87f27ef7b5704f0db7007bec?s=96&d=mm&r=g\",\"contentUrl\":\"https:\/\/secure.gravatar.com\/avatar\/edddec27f012d36cfa3fce966238219942e4659e87f27ef7b5704f0db7007bec?s=96&d=mm&r=g\",\"caption\":\"sscc\"},\"url\":\"https:\/\/www.padreeustaquio.com.br\/es\/author\/userpde\/\"}]}<\/script>\n<!-- \/ Yoast SEO plugin. -->","yoast_head_json":{"title":"La fiesta del Padre Eust\u00e1quio en Po\u00e1 cuenta con feria y alcance comunitario.","robots":{"index":"index","follow":"follow","max-snippet":"max-snippet:-1","max-image-preview":"max-image-preview:large","max-video-preview":"max-video-preview:-1"},"canonical":"https:\/\/www.padreeustaquio.com.br\/es\/la-fiesta-del-padre-eustaquio-en-porto-alegre-incluye-una-accion-justa-y-global\/","og_locale":"es_ES","og_type":"article","og_title":"Festa de Padre Eust\u00e1quio, em Po\u00e1, tem quermesse e a\u00e7\u00e3o global - Padre Eust\u00e1quio","og_description":"A Par\u00f3quia Nossa Senhora de Lourdes em Po\u00e1 festeja padre Eust\u00e1quio. O primeiro vig\u00e1rio da cidade \u00e9 beato pela Igreja Cat\u00f3lica desde 2006. A festa termina somente em 30 de agosto, data em que se celebra os 74 anos da morte do religioso, mas a quermesse se encerra neste neste s\u00e1bado (26) e domingo (27). O p\u00fablico pode saborear nas barracas churrasco, tempur\u00e1, buraco quente, cachorro quente, pastel, pizza, bolo, entre outros quitutes. A quermesse \u00e9 no Largo da Matriz a partir das 17h30. \u201dO dinheiro arrecadado na festa \u00e9 para manunten\u00e7\u00e3o da igreja. Tamb\u00e9m a cada missa pedimos alimentos [&hellip;]","og_url":"https:\/\/www.padreeustaquio.com.br\/es\/la-fiesta-del-padre-eustaquio-en-porto-alegre-incluye-una-accion-justa-y-global\/","og_site_name":"Padre Eust\u00e1quio","article_publisher":"https:\/\/www.facebook.com\/beatopadreeustaquio\/","article_published_time":"2018-01-08T01:01:40+00:00","article_modified_time":"2019-08-20T02:03:22+00:00","og_image":[{"width":1044,"height":588,"url":"https:\/\/www.padreeustaquio.com.br\/wp-content\/uploads\/2019\/08\/001.jpg","type":"image\/jpeg"}],"author":"sscc","twitter_card":"summary_large_image","twitter_creator":"@beatopeustaquio","twitter_site":"@beatopeustaquio","twitter_misc":{"Escrito por":"sscc","Tiempo de lectura":"2 minutos"},"schema":{"@context":"https:\/\/schema.org","@graph":[{"@type":"Article","@id":"https:\/\/www.padreeustaquio.com.br\/festa-de-padre-eustaquio-em-poa-tem-quermesse-e-acao-global\/#article","isPartOf":{"@id":"https:\/\/www.padreeustaquio.com.br\/festa-de-padre-eustaquio-em-poa-tem-quermesse-e-acao-global\/"},"author":{"name":"sscc","@id":"https:\/\/www.padreeustaquio.com.br\/#\/schema\/person\/1bbfe7b959f00a655f8ecb6cb8f3ce87"},"headline":"Festa de Padre Eust\u00e1quio, em Po\u00e1, tem quermesse e a\u00e7\u00e3o global","datePublished":"2018-01-08T01:01:40+00:00","dateModified":"2019-08-20T02:03:22+00:00","mainEntityOfPage":{"@id":"https:\/\/www.padreeustaquio.com.br\/festa-de-padre-eustaquio-em-poa-tem-quermesse-e-acao-global\/"},"wordCount":393,"publisher":{"@id":"https:\/\/www.padreeustaquio.com.br\/#organization"},"image":{"@id":"https:\/\/www.padreeustaquio.com.br\/festa-de-padre-eustaquio-em-poa-tem-quermesse-e-acao-global\/#primaryimage"},"thumbnailUrl":"https:\/\/www.padreeustaquio.com.br\/wp-content\/uploads\/2019\/08\/001.jpg","articleSection":["Not\u00edcias"],"inLanguage":"es"},{"@type":"WebPage","@id":"https:\/\/www.padreeustaquio.com.br\/festa-de-padre-eustaquio-em-poa-tem-quermesse-e-acao-global\/","url":"https:\/\/www.padreeustaquio.com.br\/festa-de-padre-eustaquio-em-poa-tem-quermesse-e-acao-global\/","name":"La fiesta del Padre Eust\u00e1quio en Po\u00e1 cuenta con feria y alcance comunitario.","isPartOf":{"@id":"https:\/\/www.padreeustaquio.com.br\/#website"},"primaryImageOfPage":{"@id":"https:\/\/www.padreeustaquio.com.br\/festa-de-padre-eustaquio-em-poa-tem-quermesse-e-acao-global\/#primaryimage"},"image":{"@id":"https:\/\/www.padreeustaquio.com.br\/festa-de-padre-eustaquio-em-poa-tem-quermesse-e-acao-global\/#primaryimage"},"thumbnailUrl":"https:\/\/www.padreeustaquio.com.br\/wp-content\/uploads\/2019\/08\/001.jpg","datePublished":"2018-01-08T01:01:40+00:00","dateModified":"2019-08-20T02:03:22+00:00","breadcrumb":{"@id":"https:\/\/www.padreeustaquio.com.br\/festa-de-padre-eustaquio-em-poa-tem-quermesse-e-acao-global\/#breadcrumb"},"inLanguage":"es","potentialAction":[{"@type":"ReadAction","target":["https:\/\/www.padreeustaquio.com.br\/festa-de-padre-eustaquio-em-poa-tem-quermesse-e-acao-global\/"]}]},{"@type":"ImageObject","inLanguage":"es","@id":"https:\/\/www.padreeustaquio.com.br\/festa-de-padre-eustaquio-em-poa-tem-quermesse-e-acao-global\/#primaryimage","url":"https:\/\/www.padreeustaquio.com.br\/wp-content\/uploads\/2019\/08\/001.jpg","contentUrl":"https:\/\/www.padreeustaquio.com.br\/wp-content\/uploads\/2019\/08\/001.jpg","width":1044,"height":588},{"@type":"BreadcrumbList","@id":"https:\/\/www.padreeustaquio.com.br\/festa-de-padre-eustaquio-em-poa-tem-quermesse-e-acao-global\/#breadcrumb","itemListElement":[{"@type":"ListItem","position":1,"name":"In\u00edcio","item":"https:\/\/www.padreeustaquio.com.br\/"},{"@type":"ListItem","position":2,"name":"Festa de Padre Eust\u00e1quio, em Po\u00e1, tem quermesse e a\u00e7\u00e3o global"}]},{"@type":"WebSite","@id":"https:\/\/www.padreeustaquio.com.br\/#website","url":"https:\/\/www.padreeustaquio.com.br\/","name":"Padre Eustace","description":"Salud y Paz","publisher":{"@id":"https:\/\/www.padreeustaquio.com.br\/#organization"},"potentialAction":[{"@type":"SearchAction","target":{"@type":"EntryPoint","urlTemplate":"https:\/\/www.padreeustaquio.com.br\/?s={search_term_string}"},"query-input":{"@type":"PropertyValueSpecification","valueRequired":true,"valueName":"search_term_string"}}],"inLanguage":"es"},{"@type":"Organization","@id":"https:\/\/www.padreeustaquio.com.br\/#organization","name":"Padre Eustace","url":"https:\/\/www.padreeustaquio.com.br\/","logo":{"@type":"ImageObject","inLanguage":"es","@id":"https:\/\/www.padreeustaquio.com.br\/#\/schema\/logo\/image\/","url":"https:\/\/www.padreeustaquio.com.br\/wp-content\/uploads\/2019\/08\/marca.png","contentUrl":"https:\/\/www.padreeustaquio.com.br\/wp-content\/uploads\/2019\/08\/marca.png","width":350,"height":400,"caption":"Padre Eust\u00e1quio"},"image":{"@id":"https:\/\/www.padreeustaquio.com.br\/#\/schema\/logo\/image\/"},"sameAs":["https:\/\/www.facebook.com\/beatopadreeustaquio\/","https:\/\/x.com\/beatopeustaquio","https:\/\/www.instagram.com\/beatopadreeustaquio\/","https:\/\/www.youtube.com\/channel\/UCRhw7vfabnajwLxb1ZXMeIw"]},{"@type":"Person","@id":"https:\/\/www.padreeustaquio.com.br\/#\/schema\/person\/1bbfe7b959f00a655f8ecb6cb8f3ce87","name":"escuela secundaria","image":{"@type":"ImageObject","inLanguage":"es","@id":"https:\/\/secure.gravatar.com\/avatar\/edddec27f012d36cfa3fce966238219942e4659e87f27ef7b5704f0db7007bec?s=96&d=mm&r=g","url":"https:\/\/secure.gravatar.com\/avatar\/edddec27f012d36cfa3fce966238219942e4659e87f27ef7b5704f0db7007bec?s=96&d=mm&r=g","contentUrl":"https:\/\/secure.gravatar.com\/avatar\/edddec27f012d36cfa3fce966238219942e4659e87f27ef7b5704f0db7007bec?s=96&d=mm&r=g","caption":"sscc"},"url":"https:\/\/www.padreeustaquio.com.br\/es\/author\/userpde\/"}]}},"_links":{"self":[{"href":"https:\/\/www.padreeustaquio.com.br\/es\/wp-json\/wp\/v2\/posts\/2843","targetHints":{"allow":["GET"]}}],"collection":[{"href":"https:\/\/www.padreeustaquio.com.br\/es\/wp-json\/wp\/v2\/posts"}],"about":[{"href":"https:\/\/www.padreeustaquio.com.br\/es\/wp-json\/wp\/v2\/types\/post"}],"author":[{"embeddable":true,"href":"https:\/\/www.padreeustaquio.com.br\/es\/wp-json\/wp\/v2\/users\/6"}],"replies":[{"embeddable":true,"href":"https:\/\/www.padreeustaquio.com.br\/es\/wp-json\/wp\/v2\/comments?post=2843"}],"version-history":[{"count":0,"href":"https:\/\/www.padreeustaquio.com.br\/es\/wp-json\/wp\/v2\/posts\/2843\/revisions"}],"wp:featuredmedia":[{"embeddable":true,"href":"https:\/\/www.padreeustaquio.com.br\/es\/wp-json\/wp\/v2\/media\/2846"}],"wp:attachment":[{"href":"https:\/\/www.padreeustaquio.com.br\/es\/wp-json\/wp\/v2\/media?parent=2843"}],"wp:term":[{"taxonomy":"category","embeddable":true,"href":"https:\/\/www.padreeustaquio.com.br\/es\/wp-json\/wp\/v2\/categories?post=2843"},{"taxonomy":"post_tag","embeddable":true,"href":"https:\/\/www.padreeustaquio.com.br\/es\/wp-json\/wp\/v2\/tags?post=2843"}],"curies":[{"name":"wp","href":"https:\/\/api.w.org\/{rel}","templated":true}]}}