{"id":2801,"date":"2019-08-18T23:52:58","date_gmt":"2019-08-19T02:52:58","guid":{"rendered":"http:\/\/br606.teste.website\/~padre078\/padreeustaquio.com.br\/?p=2801"},"modified":"2019-08-18T23:52:58","modified_gmt":"2019-08-19T02:52:58","slug":"ella-recibio-dos-senales-del-cielo-porque-tuvo-fe","status":"publish","type":"post","link":"https:\/\/www.padreeustaquio.com.br\/es\/ella-recibio-dos-senales-del-cielo-porque-tuvo-fe\/","title":{"rendered":"Ella recibi\u00f3 dos se\u00f1ales del cielo porque tuvo fe."},"content":{"rendered":"<p>Patricia, una mujer de fe que ya ha recibido numerosas gracias por la intercesi\u00f3n del Padre Eust\u00e1quio, se considera una persona bendecida. En dos ocasiones, de forma m\u00e1s intensa, recibi\u00f3 se\u00f1ales de Dios que la sanaron y fortalecieron su fe. \u00bfTe interesa saber qu\u00e9 son estos dos milagros, logrados por la intercesi\u00f3n del Padre Eust\u00e1quio? \u00a1Mira este conmovedor testimonio!<\/p>","protected":false},"excerpt":{"rendered":"<p>Patricia, una mujer de fe que ya ha recibido numerosas gracias por la intercesi\u00f3n del Padre Eust\u00e1quio, se considera una persona bendecida. En dos ocasiones, de forma m\u00e1s intensa, recibi\u00f3 se\u00f1ales de Dios que la sanaron y fortalecieron su fe. \u00bfTe interesa saber qu\u00e9 son estos dos milagros, logrados por la intercesi\u00f3n del Padre Eust\u00e1quio? \u00a1Mira este conmovedor testimonio!<\/p>","protected":false},"author":6,"featured_media":2802,"comment_status":"closed","ping_status":"open","sticky":false,"template":"","format":"video","meta":{"_acf_changed":false,"footnotes":""},"categories":[610],"tags":[],"class_list":["post-2801","post","type-post","status-publish","format-video","has-post-thumbnail","hentry","category-video","post_format-post-format-video"],"acf":[],"yoast_head":"<!-- This site is optimized with the Yoast SEO plugin v27.2 - https:\/\/yoast.com\/product\/yoast-seo-wordpress\/ -->\n<title>Ela recebeu dois sinais do c\u00e9u porque teve f\u00e9 - Padre Eust\u00e1quio<\/title>\n<meta name=\"robots\" content=\"index, follow, max-snippet:-1, max-image-preview:large, max-video-preview:-1\" \/>\n<link rel=\"canonical\" href=\"https:\/\/www.padreeustaquio.com.br\/es\/ella-recibio-dos-senales-del-cielo-porque-tuvo-fe\/\" \/>\n<meta property=\"og:locale\" content=\"es_ES\" \/>\n<meta property=\"og:type\" content=\"article\" \/>\n<meta property=\"og:title\" content=\"Ela recebeu dois sinais do c\u00e9u porque teve f\u00e9 - Padre Eust\u00e1quio\" \/>\n<meta property=\"og:description\" content=\"Uma mulher de f\u00e9 e que j\u00e1 recebeu diversas gra\u00e7as, pela intercess\u00e3o de Padre Eust\u00e1quio, Patr\u00edcia se v\u00ea como uma pessoa aben\u00e7oada. Por duas vezes, de forma mais intensa, os sinais de Deus chegaram at\u00e9 ela curando e fazendo com que esta f\u00e9 s\u00f3 aumentasse. Ficou curioso sobre quais s\u00e3o estes dois milagres, alcan\u00e7ados pelo interm\u00e9dio de Padre Eust\u00e1quio? Ent\u00e3o, assista a mais este depoimento emocionante!\" \/>\n<meta property=\"og:url\" content=\"https:\/\/www.padreeustaquio.com.br\/es\/ella-recibio-dos-senales-del-cielo-porque-tuvo-fe\/\" \/>\n<meta property=\"og:site_name\" content=\"Padre Eust\u00e1quio\" \/>\n<meta property=\"article:publisher\" content=\"https:\/\/www.facebook.com\/beatopadreeustaquio\/\" \/>\n<meta property=\"article:published_time\" content=\"2019-08-19T02:52:58+00:00\" \/>\n<meta property=\"og:image\" content=\"https:\/\/www.padreeustaquio.com.br\/wp-content\/uploads\/2019\/08\/Capturar.jpg\" \/>\n\t<meta property=\"og:image:width\" content=\"1256\" \/>\n\t<meta property=\"og:image:height\" content=\"670\" \/>\n\t<meta property=\"og:image:type\" content=\"image\/jpeg\" \/>\n<meta name=\"author\" content=\"sscc\" \/>\n<meta name=\"twitter:card\" content=\"summary_large_image\" \/>\n<meta name=\"twitter:creator\" content=\"@beatopeustaquio\" \/>\n<meta name=\"twitter:site\" content=\"@beatopeustaquio\" \/>\n<meta name=\"twitter:label1\" content=\"Escrito por\" \/>\n\t<meta name=\"twitter:data1\" content=\"sscc\" \/>\n<script type=\"application\/ld+json\" class=\"yoast-schema-graph\">{\"@context\":\"https:\/\/schema.org\",\"@graph\":[{\"@type\":\"Article\",\"@id\":\"https:\/\/www.padreeustaquio.com.br\/ela-recebeu-dois-sinais-do-ceu-porque-teve-fe\/#article\",\"isPartOf\":{\"@id\":\"https:\/\/www.padreeustaquio.com.br\/ela-recebeu-dois-sinais-do-ceu-porque-teve-fe\/\"},\"author\":{\"name\":\"sscc\",\"@id\":\"https:\/\/www.padreeustaquio.com.br\/#\/schema\/person\/1bbfe7b959f00a655f8ecb6cb8f3ce87\"},\"headline\":\"Ela recebeu dois sinais do c\u00e9u porque teve f\u00e9\",\"datePublished\":\"2019-08-19T02:52:58+00:00\",\"mainEntityOfPage\":{\"@id\":\"https:\/\/www.padreeustaquio.com.br\/ela-recebeu-dois-sinais-do-ceu-porque-teve-fe\/\"},\"wordCount\":86,\"publisher\":{\"@id\":\"https:\/\/www.padreeustaquio.com.br\/#organization\"},\"image\":{\"@id\":\"https:\/\/www.padreeustaquio.com.br\/ela-recebeu-dois-sinais-do-ceu-porque-teve-fe\/#primaryimage\"},\"thumbnailUrl\":\"https:\/\/www.padreeustaquio.com.br\/wp-content\/uploads\/2019\/08\/Capturar.jpg\",\"articleSection\":[\"V\u00eddeo\"],\"inLanguage\":\"es\"},{\"@type\":\"WebPage\",\"@id\":\"https:\/\/www.padreeustaquio.com.br\/ela-recebeu-dois-sinais-do-ceu-porque-teve-fe\/\",\"url\":\"https:\/\/www.padreeustaquio.com.br\/ela-recebeu-dois-sinais-do-ceu-porque-teve-fe\/\",\"name\":\"Ela recebeu dois sinais do c\u00e9u porque teve f\u00e9 - Padre Eust\u00e1quio\",\"isPartOf\":{\"@id\":\"https:\/\/www.padreeustaquio.com.br\/#website\"},\"primaryImageOfPage\":{\"@id\":\"https:\/\/www.padreeustaquio.com.br\/ela-recebeu-dois-sinais-do-ceu-porque-teve-fe\/#primaryimage\"},\"image\":{\"@id\":\"https:\/\/www.padreeustaquio.com.br\/ela-recebeu-dois-sinais-do-ceu-porque-teve-fe\/#primaryimage\"},\"thumbnailUrl\":\"https:\/\/www.padreeustaquio.com.br\/wp-content\/uploads\/2019\/08\/Capturar.jpg\",\"datePublished\":\"2019-08-19T02:52:58+00:00\",\"breadcrumb\":{\"@id\":\"https:\/\/www.padreeustaquio.com.br\/ela-recebeu-dois-sinais-do-ceu-porque-teve-fe\/#breadcrumb\"},\"inLanguage\":\"es\",\"potentialAction\":[{\"@type\":\"ReadAction\",\"target\":[\"https:\/\/www.padreeustaquio.com.br\/ela-recebeu-dois-sinais-do-ceu-porque-teve-fe\/\"]}]},{\"@type\":\"ImageObject\",\"inLanguage\":\"es\",\"@id\":\"https:\/\/www.padreeustaquio.com.br\/ela-recebeu-dois-sinais-do-ceu-porque-teve-fe\/#primaryimage\",\"url\":\"https:\/\/www.padreeustaquio.com.br\/wp-content\/uploads\/2019\/08\/Capturar.jpg\",\"contentUrl\":\"https:\/\/www.padreeustaquio.com.br\/wp-content\/uploads\/2019\/08\/Capturar.jpg\",\"width\":1256,\"height\":670},{\"@type\":\"BreadcrumbList\",\"@id\":\"https:\/\/www.padreeustaquio.com.br\/ela-recebeu-dois-sinais-do-ceu-porque-teve-fe\/#breadcrumb\",\"itemListElement\":[{\"@type\":\"ListItem\",\"position\":1,\"name\":\"In\u00edcio\",\"item\":\"https:\/\/www.padreeustaquio.com.br\/\"},{\"@type\":\"ListItem\",\"position\":2,\"name\":\"Ela recebeu dois sinais do c\u00e9u porque teve f\u00e9\"}]},{\"@type\":\"WebSite\",\"@id\":\"https:\/\/www.padreeustaquio.com.br\/#website\",\"url\":\"https:\/\/www.padreeustaquio.com.br\/\",\"name\":\"Padre Eust\u00e1quio\",\"description\":\"Sa\u00fade e Paz\",\"publisher\":{\"@id\":\"https:\/\/www.padreeustaquio.com.br\/#organization\"},\"potentialAction\":[{\"@type\":\"SearchAction\",\"target\":{\"@type\":\"EntryPoint\",\"urlTemplate\":\"https:\/\/www.padreeustaquio.com.br\/?s={search_term_string}\"},\"query-input\":{\"@type\":\"PropertyValueSpecification\",\"valueRequired\":true,\"valueName\":\"search_term_string\"}}],\"inLanguage\":\"es\"},{\"@type\":\"Organization\",\"@id\":\"https:\/\/www.padreeustaquio.com.br\/#organization\",\"name\":\"Padre Eust\u00e1quio\",\"url\":\"https:\/\/www.padreeustaquio.com.br\/\",\"logo\":{\"@type\":\"ImageObject\",\"inLanguage\":\"es\",\"@id\":\"https:\/\/www.padreeustaquio.com.br\/#\/schema\/logo\/image\/\",\"url\":\"https:\/\/www.padreeustaquio.com.br\/wp-content\/uploads\/2019\/08\/marca.png\",\"contentUrl\":\"https:\/\/www.padreeustaquio.com.br\/wp-content\/uploads\/2019\/08\/marca.png\",\"width\":350,\"height\":400,\"caption\":\"Padre Eust\u00e1quio\"},\"image\":{\"@id\":\"https:\/\/www.padreeustaquio.com.br\/#\/schema\/logo\/image\/\"},\"sameAs\":[\"https:\/\/www.facebook.com\/beatopadreeustaquio\/\",\"https:\/\/x.com\/beatopeustaquio\",\"https:\/\/www.instagram.com\/beatopadreeustaquio\/\",\"https:\/\/www.youtube.com\/channel\/UCRhw7vfabnajwLxb1ZXMeIw\"]},{\"@type\":\"Person\",\"@id\":\"https:\/\/www.padreeustaquio.com.br\/#\/schema\/person\/1bbfe7b959f00a655f8ecb6cb8f3ce87\",\"name\":\"sscc\",\"image\":{\"@type\":\"ImageObject\",\"inLanguage\":\"es\",\"@id\":\"https:\/\/secure.gravatar.com\/avatar\/edddec27f012d36cfa3fce966238219942e4659e87f27ef7b5704f0db7007bec?s=96&d=mm&r=g\",\"url\":\"https:\/\/secure.gravatar.com\/avatar\/edddec27f012d36cfa3fce966238219942e4659e87f27ef7b5704f0db7007bec?s=96&d=mm&r=g\",\"contentUrl\":\"https:\/\/secure.gravatar.com\/avatar\/edddec27f012d36cfa3fce966238219942e4659e87f27ef7b5704f0db7007bec?s=96&d=mm&r=g\",\"caption\":\"sscc\"},\"url\":\"https:\/\/www.padreeustaquio.com.br\/es\/author\/userpde\/\"}]}<\/script>\n<!-- \/ Yoast SEO plugin. -->","yoast_head_json":{"title":"Ella recibi\u00f3 dos se\u00f1ales del cielo porque tuvo fe - Padre Eust\u00e1quio","robots":{"index":"index","follow":"follow","max-snippet":"max-snippet:-1","max-image-preview":"max-image-preview:large","max-video-preview":"max-video-preview:-1"},"canonical":"https:\/\/www.padreeustaquio.com.br\/es\/ella-recibio-dos-senales-del-cielo-porque-tuvo-fe\/","og_locale":"es_ES","og_type":"article","og_title":"Ela recebeu dois sinais do c\u00e9u porque teve f\u00e9 - Padre Eust\u00e1quio","og_description":"Uma mulher de f\u00e9 e que j\u00e1 recebeu diversas gra\u00e7as, pela intercess\u00e3o de Padre Eust\u00e1quio, Patr\u00edcia se v\u00ea como uma pessoa aben\u00e7oada. Por duas vezes, de forma mais intensa, os sinais de Deus chegaram at\u00e9 ela curando e fazendo com que esta f\u00e9 s\u00f3 aumentasse. Ficou curioso sobre quais s\u00e3o estes dois milagres, alcan\u00e7ados pelo interm\u00e9dio de Padre Eust\u00e1quio? Ent\u00e3o, assista a mais este depoimento emocionante!","og_url":"https:\/\/www.padreeustaquio.com.br\/es\/ella-recibio-dos-senales-del-cielo-porque-tuvo-fe\/","og_site_name":"Padre Eust\u00e1quio","article_publisher":"https:\/\/www.facebook.com\/beatopadreeustaquio\/","article_published_time":"2019-08-19T02:52:58+00:00","og_image":[{"width":1256,"height":670,"url":"https:\/\/www.padreeustaquio.com.br\/wp-content\/uploads\/2019\/08\/Capturar.jpg","type":"image\/jpeg"}],"author":"sscc","twitter_card":"summary_large_image","twitter_creator":"@beatopeustaquio","twitter_site":"@beatopeustaquio","twitter_misc":{"Escrito por":"sscc"},"schema":{"@context":"https:\/\/schema.org","@graph":[{"@type":"Article","@id":"https:\/\/www.padreeustaquio.com.br\/ela-recebeu-dois-sinais-do-ceu-porque-teve-fe\/#article","isPartOf":{"@id":"https:\/\/www.padreeustaquio.com.br\/ela-recebeu-dois-sinais-do-ceu-porque-teve-fe\/"},"author":{"name":"sscc","@id":"https:\/\/www.padreeustaquio.com.br\/#\/schema\/person\/1bbfe7b959f00a655f8ecb6cb8f3ce87"},"headline":"Ela recebeu dois sinais do c\u00e9u porque teve f\u00e9","datePublished":"2019-08-19T02:52:58+00:00","mainEntityOfPage":{"@id":"https:\/\/www.padreeustaquio.com.br\/ela-recebeu-dois-sinais-do-ceu-porque-teve-fe\/"},"wordCount":86,"publisher":{"@id":"https:\/\/www.padreeustaquio.com.br\/#organization"},"image":{"@id":"https:\/\/www.padreeustaquio.com.br\/ela-recebeu-dois-sinais-do-ceu-porque-teve-fe\/#primaryimage"},"thumbnailUrl":"https:\/\/www.padreeustaquio.com.br\/wp-content\/uploads\/2019\/08\/Capturar.jpg","articleSection":["V\u00eddeo"],"inLanguage":"es"},{"@type":"WebPage","@id":"https:\/\/www.padreeustaquio.com.br\/ela-recebeu-dois-sinais-do-ceu-porque-teve-fe\/","url":"https:\/\/www.padreeustaquio.com.br\/ela-recebeu-dois-sinais-do-ceu-porque-teve-fe\/","name":"Ella recibi\u00f3 dos se\u00f1ales del cielo porque tuvo fe - Padre Eust\u00e1quio","isPartOf":{"@id":"https:\/\/www.padreeustaquio.com.br\/#website"},"primaryImageOfPage":{"@id":"https:\/\/www.padreeustaquio.com.br\/ela-recebeu-dois-sinais-do-ceu-porque-teve-fe\/#primaryimage"},"image":{"@id":"https:\/\/www.padreeustaquio.com.br\/ela-recebeu-dois-sinais-do-ceu-porque-teve-fe\/#primaryimage"},"thumbnailUrl":"https:\/\/www.padreeustaquio.com.br\/wp-content\/uploads\/2019\/08\/Capturar.jpg","datePublished":"2019-08-19T02:52:58+00:00","breadcrumb":{"@id":"https:\/\/www.padreeustaquio.com.br\/ela-recebeu-dois-sinais-do-ceu-porque-teve-fe\/#breadcrumb"},"inLanguage":"es","potentialAction":[{"@type":"ReadAction","target":["https:\/\/www.padreeustaquio.com.br\/ela-recebeu-dois-sinais-do-ceu-porque-teve-fe\/"]}]},{"@type":"ImageObject","inLanguage":"es","@id":"https:\/\/www.padreeustaquio.com.br\/ela-recebeu-dois-sinais-do-ceu-porque-teve-fe\/#primaryimage","url":"https:\/\/www.padreeustaquio.com.br\/wp-content\/uploads\/2019\/08\/Capturar.jpg","contentUrl":"https:\/\/www.padreeustaquio.com.br\/wp-content\/uploads\/2019\/08\/Capturar.jpg","width":1256,"height":670},{"@type":"BreadcrumbList","@id":"https:\/\/www.padreeustaquio.com.br\/ela-recebeu-dois-sinais-do-ceu-porque-teve-fe\/#breadcrumb","itemListElement":[{"@type":"ListItem","position":1,"name":"In\u00edcio","item":"https:\/\/www.padreeustaquio.com.br\/"},{"@type":"ListItem","position":2,"name":"Ela recebeu dois sinais do c\u00e9u porque teve f\u00e9"}]},{"@type":"WebSite","@id":"https:\/\/www.padreeustaquio.com.br\/#website","url":"https:\/\/www.padreeustaquio.com.br\/","name":"Padre Eustace","description":"Salud y Paz","publisher":{"@id":"https:\/\/www.padreeustaquio.com.br\/#organization"},"potentialAction":[{"@type":"SearchAction","target":{"@type":"EntryPoint","urlTemplate":"https:\/\/www.padreeustaquio.com.br\/?s={search_term_string}"},"query-input":{"@type":"PropertyValueSpecification","valueRequired":true,"valueName":"search_term_string"}}],"inLanguage":"es"},{"@type":"Organization","@id":"https:\/\/www.padreeustaquio.com.br\/#organization","name":"Padre Eustace","url":"https:\/\/www.padreeustaquio.com.br\/","logo":{"@type":"ImageObject","inLanguage":"es","@id":"https:\/\/www.padreeustaquio.com.br\/#\/schema\/logo\/image\/","url":"https:\/\/www.padreeustaquio.com.br\/wp-content\/uploads\/2019\/08\/marca.png","contentUrl":"https:\/\/www.padreeustaquio.com.br\/wp-content\/uploads\/2019\/08\/marca.png","width":350,"height":400,"caption":"Padre Eust\u00e1quio"},"image":{"@id":"https:\/\/www.padreeustaquio.com.br\/#\/schema\/logo\/image\/"},"sameAs":["https:\/\/www.facebook.com\/beatopadreeustaquio\/","https:\/\/x.com\/beatopeustaquio","https:\/\/www.instagram.com\/beatopadreeustaquio\/","https:\/\/www.youtube.com\/channel\/UCRhw7vfabnajwLxb1ZXMeIw"]},{"@type":"Person","@id":"https:\/\/www.padreeustaquio.com.br\/#\/schema\/person\/1bbfe7b959f00a655f8ecb6cb8f3ce87","name":"escuela secundaria","image":{"@type":"ImageObject","inLanguage":"es","@id":"https:\/\/secure.gravatar.com\/avatar\/edddec27f012d36cfa3fce966238219942e4659e87f27ef7b5704f0db7007bec?s=96&d=mm&r=g","url":"https:\/\/secure.gravatar.com\/avatar\/edddec27f012d36cfa3fce966238219942e4659e87f27ef7b5704f0db7007bec?s=96&d=mm&r=g","contentUrl":"https:\/\/secure.gravatar.com\/avatar\/edddec27f012d36cfa3fce966238219942e4659e87f27ef7b5704f0db7007bec?s=96&d=mm&r=g","caption":"sscc"},"url":"https:\/\/www.padreeustaquio.com.br\/es\/author\/userpde\/"}]}},"_links":{"self":[{"href":"https:\/\/www.padreeustaquio.com.br\/es\/wp-json\/wp\/v2\/posts\/2801","targetHints":{"allow":["GET"]}}],"collection":[{"href":"https:\/\/www.padreeustaquio.com.br\/es\/wp-json\/wp\/v2\/posts"}],"about":[{"href":"https:\/\/www.padreeustaquio.com.br\/es\/wp-json\/wp\/v2\/types\/post"}],"author":[{"embeddable":true,"href":"https:\/\/www.padreeustaquio.com.br\/es\/wp-json\/wp\/v2\/users\/6"}],"replies":[{"embeddable":true,"href":"https:\/\/www.padreeustaquio.com.br\/es\/wp-json\/wp\/v2\/comments?post=2801"}],"version-history":[{"count":0,"href":"https:\/\/www.padreeustaquio.com.br\/es\/wp-json\/wp\/v2\/posts\/2801\/revisions"}],"wp:featuredmedia":[{"embeddable":true,"href":"https:\/\/www.padreeustaquio.com.br\/es\/wp-json\/wp\/v2\/media\/2802"}],"wp:attachment":[{"href":"https:\/\/www.padreeustaquio.com.br\/es\/wp-json\/wp\/v2\/media?parent=2801"}],"wp:term":[{"taxonomy":"category","embeddable":true,"href":"https:\/\/www.padreeustaquio.com.br\/es\/wp-json\/wp\/v2\/categories?post=2801"},{"taxonomy":"post_tag","embeddable":true,"href":"https:\/\/www.padreeustaquio.com.br\/es\/wp-json\/wp\/v2\/tags?post=2801"}],"curies":[{"name":"wp","href":"https:\/\/api.w.org\/{rel}","templated":true}]}}