{"id":14108,"date":"2026-09-01T08:42:00","date_gmt":"2026-09-01T11:42:00","guid":{"rendered":"https:\/\/www.padreeustaquio.com.br\/?p=14108"},"modified":"2026-08-31T17:47:20","modified_gmt":"2026-08-31T20:47:20","slug":"a-festa-do-beato-padre-eustaquio-chegou-muito-mais-longe-este-ano","status":"publish","type":"post","link":"https:\/\/www.padreeustaquio.com.br\/es\/a-festa-do-beato-padre-eustaquio-chegou-muito-mais-longe-este-ano\/","title":{"rendered":"A Festa do Beato Padre Eust\u00e1quio chegou muito mais longe este ano!"},"content":{"rendered":"<p class=\"wp-block-paragraph\">Quem n\u00e3o p\u00f4de estar presencialmente em Belo Horizonte tamb\u00e9m viveu a Festa do Beato Padre Eust\u00e1quio de um jeito especial, acompanhando a programa\u00e7\u00e3o pela internet, pelo Canal Padre Eust\u00e1quio, canal oficial da Causa de Canoniza\u00e7\u00e3o do Beato no YouTube.<\/p>\n\n\n\n<p class=\"wp-block-paragraph\">Desde as 7h, as celebra\u00e7\u00f5es do dia 30 de agosto foram transmitidas, levando para todo o Brasil e para o mundo, as missas, a prociss\u00e3o, os momentos de ora\u00e7\u00e3o e toda a atmosfera dessa grande festa de f\u00e9.<\/p>\n\n\n\n<p class=\"wp-block-paragraph\">E uma das novidades deste ano foi o est\u00fadio de vidro instalado dentro do espa\u00e7o da festa. Nos intervalos das celebra\u00e7\u00f5es, o est\u00fadio recebeu entrevistas, testemunhos de devotos e informa\u00e7\u00f5es sobre a programa\u00e7\u00e3o, permitindo que quem acompanhava de casa pudesse se sentir ainda mais perto de tudo o que acontecia em Belo Horizonte.<\/p>\n\n\n\n<p class=\"wp-block-paragraph\">E os primeiros n\u00fameros mostram o alcance dessa miss\u00e3o:<\/p>\n\n\n\n<p class=\"wp-block-paragraph\">Foram mais de 11.400 visualiza\u00e7\u00f5es, praticamente o dobro do ano passado!<\/p>\n\n\n\n<p class=\"wp-block-paragraph\">Para comparar:<\/p>\n\n\n\n<p class=\"wp-block-paragraph\">\ud83d\udccd 2025: 6,2 mil visualiza\u00e7\u00f5es<br>\ud83d\udccd 2024: 4,8 mil<br>\ud83d\udccd 2023: 4,5 mil<br>\ud83d\udccd 2022: 4,3 mil<\/p>\n\n\n\n<p class=\"wp-block-paragraph\">Mas o alcance n\u00e3o ficou apenas na transmiss\u00e3o ao vivo. Cerca de 190 v\u00eddeos antigos do canal foram assistidos ao longo do dia de ontem, mostrando que a hist\u00f3ria e a espiritualidade do Padre Eust\u00e1quio continuam despertando o interesse de novos devotos.<\/p>\n\n\n\n<p class=\"wp-block-paragraph\">\ud83d\udcc8 Em agosto, foram quase 400 novos inscritos no canal.<\/p>\n\n\n\n<p class=\"wp-block-paragraph\">\ud83d\udd14 E mais de 6.700 pessoas marcaram que querem receber notifica\u00e7\u00f5es de tudo o que o canal publicar.<\/p>\n\n\n\n<p class=\"wp-block-paragraph\">Mais do que n\u00fameros, esses dados representam pessoas que se uniram \u00e0 Festa, mesmo estando longe do Santu\u00e1rio. Pessoas que rezaram, acompanharam as celebra\u00e7\u00f5es, ouviram testemunhos e se aproximaram ainda mais do Beato Padre Eust\u00e1quio.<\/p>\n\n\n\n<p class=\"wp-block-paragraph\">A miss\u00e3o do Canal Padre Eust\u00e1quio \u00e9 levar a mensagem de Sa\u00fade e Paz cada vez mais longe.<\/p>\n\n\n\n<p class=\"wp-block-paragraph\"><\/p>","protected":false},"excerpt":{"rendered":"<p>Quem n\u00e3o p\u00f4de estar presencialmente em Belo Horizonte tamb\u00e9m viveu a Festa do Beato Padre Eust\u00e1quio de um jeito especial, acompanhando a programa\u00e7\u00e3o pela internet, pelo Canal Padre Eust\u00e1quio, canal oficial da Causa de Canoniza\u00e7\u00e3o do Beato no YouTube. Desde as 7h, as celebra\u00e7\u00f5es do dia 30 de agosto foram transmitidas, levando para todo o Brasil e para o mundo, as missas, a prociss\u00e3o, os momentos de ora\u00e7\u00e3o e toda a atmosfera dessa grande festa de f\u00e9. E uma das novidades deste ano foi o est\u00fadio de vidro instalado dentro do espa\u00e7o da festa. Nos intervalos das celebra\u00e7\u00f5es, o est\u00fadio [&hellip;]<\/p>\n","protected":false},"author":2,"featured_media":14109,"comment_status":"open","ping_status":"closed","sticky":false,"template":"","format":"standard","meta":{"_acf_changed":false,"footnotes":""},"categories":[611],"tags":[],"class_list":["post-14108","post","type-post","status-publish","format-standard","has-post-thumbnail","hentry","category-noticias"],"acf":[],"yoast_head":"<!-- This site is optimized with the Yoast SEO plugin v27.2 - https:\/\/yoast.com\/product\/yoast-seo-wordpress\/ -->\n<title>A Festa do Beato Padre Eust\u00e1quio chegou muito mais longe este ano! - Padre Eust\u00e1quio<\/title>\n<meta name=\"robots\" content=\"index, follow, max-snippet:-1, max-image-preview:large, max-video-preview:-1\" \/>\n<link rel=\"canonical\" href=\"https:\/\/www.padreeustaquio.com.br\/es\/a-festa-do-beato-padre-eustaquio-chegou-muito-mais-longe-este-ano\/\" \/>\n<meta property=\"og:locale\" content=\"es_ES\" \/>\n<meta property=\"og:type\" content=\"article\" \/>\n<meta property=\"og:title\" content=\"A Festa do Beato Padre Eust\u00e1quio chegou muito mais longe este ano! - Padre Eust\u00e1quio\" \/>\n<meta property=\"og:description\" content=\"Quem n\u00e3o p\u00f4de estar presencialmente em Belo Horizonte tamb\u00e9m viveu a Festa do Beato Padre Eust\u00e1quio de um jeito especial, acompanhando a programa\u00e7\u00e3o pela internet, pelo Canal Padre Eust\u00e1quio, canal oficial da Causa de Canoniza\u00e7\u00e3o do Beato no YouTube. Desde as 7h, as celebra\u00e7\u00f5es do dia 30 de agosto foram transmitidas, levando para todo o Brasil e para o mundo, as missas, a prociss\u00e3o, os momentos de ora\u00e7\u00e3o e toda a atmosfera dessa grande festa de f\u00e9. E uma das novidades deste ano foi o est\u00fadio de vidro instalado dentro do espa\u00e7o da festa. Nos intervalos das celebra\u00e7\u00f5es, o est\u00fadio [&hellip;]\" \/>\n<meta property=\"og:url\" content=\"https:\/\/www.padreeustaquio.com.br\/es\/a-festa-do-beato-padre-eustaquio-chegou-muito-mais-longe-este-ano\/\" \/>\n<meta property=\"og:site_name\" content=\"Padre Eust\u00e1quio\" \/>\n<meta property=\"article:publisher\" content=\"https:\/\/www.facebook.com\/beatopadreeustaquio\/\" \/>\n<meta property=\"article:published_time\" content=\"2026-09-01T11:42:00+00:00\" \/>\n<meta property=\"og:image\" content=\"https:\/\/www.padreeustaquio.com.br\/wp-content\/uploads\/2026\/08\/WhatsApp-Image-2026-08-31-at-17.44.36.jpeg\" \/>\n\t<meta property=\"og:image:width\" content=\"1600\" \/>\n\t<meta property=\"og:image:height\" content=\"1223\" \/>\n\t<meta property=\"og:image:type\" content=\"image\/jpeg\" \/>\n<meta name=\"author\" content=\"@sscc\" \/>\n<meta name=\"twitter:card\" content=\"summary_large_image\" \/>\n<meta name=\"twitter:creator\" content=\"@beatopeustaquio\" \/>\n<meta name=\"twitter:site\" content=\"@beatopeustaquio\" \/>\n<meta name=\"twitter:label1\" content=\"Escrito por\" \/>\n\t<meta name=\"twitter:data1\" content=\"@sscc\" \/>\n\t<meta name=\"twitter:label2\" content=\"Tiempo de lectura\" \/>\n\t<meta name=\"twitter:data2\" content=\"2 minutos\" \/>\n<script type=\"application\/ld+json\" class=\"yoast-schema-graph\">{\"@context\":\"https:\/\/schema.org\",\"@graph\":[{\"@type\":\"Article\",\"@id\":\"https:\/\/www.padreeustaquio.com.br\/a-festa-do-beato-padre-eustaquio-chegou-muito-mais-longe-este-ano\/#article\",\"isPartOf\":{\"@id\":\"https:\/\/www.padreeustaquio.com.br\/a-festa-do-beato-padre-eustaquio-chegou-muito-mais-longe-este-ano\/\"},\"author\":{\"name\":\"@sscc\",\"@id\":\"https:\/\/www.padreeustaquio.com.br\/#\/schema\/person\/a2a51db1d00f1a7af0204a0f1ddb1566\"},\"headline\":\"A Festa do Beato Padre Eust\u00e1quio chegou muito mais longe este ano!\",\"datePublished\":\"2026-09-01T11:42:00+00:00\",\"mainEntityOfPage\":{\"@id\":\"https:\/\/www.padreeustaquio.com.br\/a-festa-do-beato-padre-eustaquio-chegou-muito-mais-longe-este-ano\/\"},\"wordCount\":317,\"commentCount\":0,\"publisher\":{\"@id\":\"https:\/\/www.padreeustaquio.com.br\/#organization\"},\"image\":{\"@id\":\"https:\/\/www.padreeustaquio.com.br\/a-festa-do-beato-padre-eustaquio-chegou-muito-mais-longe-este-ano\/#primaryimage\"},\"thumbnailUrl\":\"https:\/\/www.padreeustaquio.com.br\/wp-content\/uploads\/2026\/08\/WhatsApp-Image-2026-08-31-at-17.44.36.jpeg\",\"articleSection\":[\"Not\u00edcias\"],\"inLanguage\":\"es\",\"potentialAction\":[{\"@type\":\"CommentAction\",\"name\":\"Comment\",\"target\":[\"https:\/\/www.padreeustaquio.com.br\/a-festa-do-beato-padre-eustaquio-chegou-muito-mais-longe-este-ano\/#respond\"]}]},{\"@type\":\"WebPage\",\"@id\":\"https:\/\/www.padreeustaquio.com.br\/a-festa-do-beato-padre-eustaquio-chegou-muito-mais-longe-este-ano\/\",\"url\":\"https:\/\/www.padreeustaquio.com.br\/a-festa-do-beato-padre-eustaquio-chegou-muito-mais-longe-este-ano\/\",\"name\":\"A Festa do Beato Padre Eust\u00e1quio chegou muito mais longe este ano! - Padre Eust\u00e1quio\",\"isPartOf\":{\"@id\":\"https:\/\/www.padreeustaquio.com.br\/#website\"},\"primaryImageOfPage\":{\"@id\":\"https:\/\/www.padreeustaquio.com.br\/a-festa-do-beato-padre-eustaquio-chegou-muito-mais-longe-este-ano\/#primaryimage\"},\"image\":{\"@id\":\"https:\/\/www.padreeustaquio.com.br\/a-festa-do-beato-padre-eustaquio-chegou-muito-mais-longe-este-ano\/#primaryimage\"},\"thumbnailUrl\":\"https:\/\/www.padreeustaquio.com.br\/wp-content\/uploads\/2026\/08\/WhatsApp-Image-2026-08-31-at-17.44.36.jpeg\",\"datePublished\":\"2026-09-01T11:42:00+00:00\",\"breadcrumb\":{\"@id\":\"https:\/\/www.padreeustaquio.com.br\/a-festa-do-beato-padre-eustaquio-chegou-muito-mais-longe-este-ano\/#breadcrumb\"},\"inLanguage\":\"es\",\"potentialAction\":[{\"@type\":\"ReadAction\",\"target\":[\"https:\/\/www.padreeustaquio.com.br\/a-festa-do-beato-padre-eustaquio-chegou-muito-mais-longe-este-ano\/\"]}]},{\"@type\":\"ImageObject\",\"inLanguage\":\"es\",\"@id\":\"https:\/\/www.padreeustaquio.com.br\/a-festa-do-beato-padre-eustaquio-chegou-muito-mais-longe-este-ano\/#primaryimage\",\"url\":\"https:\/\/www.padreeustaquio.com.br\/wp-content\/uploads\/2026\/08\/WhatsApp-Image-2026-08-31-at-17.44.36.jpeg\",\"contentUrl\":\"https:\/\/www.padreeustaquio.com.br\/wp-content\/uploads\/2026\/08\/WhatsApp-Image-2026-08-31-at-17.44.36.jpeg\",\"width\":1600,\"height\":1223},{\"@type\":\"BreadcrumbList\",\"@id\":\"https:\/\/www.padreeustaquio.com.br\/a-festa-do-beato-padre-eustaquio-chegou-muito-mais-longe-este-ano\/#breadcrumb\",\"itemListElement\":[{\"@type\":\"ListItem\",\"position\":1,\"name\":\"In\u00edcio\",\"item\":\"https:\/\/www.padreeustaquio.com.br\/\"},{\"@type\":\"ListItem\",\"position\":2,\"name\":\"A Festa do Beato Padre Eust\u00e1quio chegou muito mais longe este ano!\"}]},{\"@type\":\"WebSite\",\"@id\":\"https:\/\/www.padreeustaquio.com.br\/#website\",\"url\":\"https:\/\/www.padreeustaquio.com.br\/\",\"name\":\"Padre Eust\u00e1quio\",\"description\":\"Sa\u00fade e Paz\",\"publisher\":{\"@id\":\"https:\/\/www.padreeustaquio.com.br\/#organization\"},\"potentialAction\":[{\"@type\":\"SearchAction\",\"target\":{\"@type\":\"EntryPoint\",\"urlTemplate\":\"https:\/\/www.padreeustaquio.com.br\/?s={search_term_string}\"},\"query-input\":{\"@type\":\"PropertyValueSpecification\",\"valueRequired\":true,\"valueName\":\"search_term_string\"}}],\"inLanguage\":\"es\"},{\"@type\":\"Organization\",\"@id\":\"https:\/\/www.padreeustaquio.com.br\/#organization\",\"name\":\"Padre Eust\u00e1quio\",\"url\":\"https:\/\/www.padreeustaquio.com.br\/\",\"logo\":{\"@type\":\"ImageObject\",\"inLanguage\":\"es\",\"@id\":\"https:\/\/www.padreeustaquio.com.br\/#\/schema\/logo\/image\/\",\"url\":\"https:\/\/www.padreeustaquio.com.br\/wp-content\/uploads\/2019\/08\/marca.png\",\"contentUrl\":\"https:\/\/www.padreeustaquio.com.br\/wp-content\/uploads\/2019\/08\/marca.png\",\"width\":350,\"height\":400,\"caption\":\"Padre Eust\u00e1quio\"},\"image\":{\"@id\":\"https:\/\/www.padreeustaquio.com.br\/#\/schema\/logo\/image\/\"},\"sameAs\":[\"https:\/\/www.facebook.com\/beatopadreeustaquio\/\",\"https:\/\/x.com\/beatopeustaquio\",\"https:\/\/www.instagram.com\/beatopadreeustaquio\/\",\"https:\/\/www.youtube.com\/channel\/UCRhw7vfabnajwLxb1ZXMeIw\"]},{\"@type\":\"Person\",\"@id\":\"https:\/\/www.padreeustaquio.com.br\/#\/schema\/person\/a2a51db1d00f1a7af0204a0f1ddb1566\",\"name\":\"@sscc\",\"image\":{\"@type\":\"ImageObject\",\"inLanguage\":\"es\",\"@id\":\"https:\/\/secure.gravatar.com\/avatar\/68cfafa5f44617fea54071e215026e0ff06be366c3d54a8425f04fdcb86f8c5f?s=96&d=mm&r=g\",\"url\":\"https:\/\/secure.gravatar.com\/avatar\/68cfafa5f44617fea54071e215026e0ff06be366c3d54a8425f04fdcb86f8c5f?s=96&d=mm&r=g\",\"contentUrl\":\"https:\/\/secure.gravatar.com\/avatar\/68cfafa5f44617fea54071e215026e0ff06be366c3d54a8425f04fdcb86f8c5f?s=96&d=mm&r=g\",\"caption\":\"@sscc\"},\"url\":\"https:\/\/www.padreeustaquio.com.br\/es\/author\/sscc\/\"}]}<\/script>\n<!-- \/ Yoast SEO plugin. -->","yoast_head_json":{"title":"A Festa do Beato Padre Eust\u00e1quio chegou muito mais longe este ano! - Padre Eust\u00e1quio","robots":{"index":"index","follow":"follow","max-snippet":"max-snippet:-1","max-image-preview":"max-image-preview:large","max-video-preview":"max-video-preview:-1"},"canonical":"https:\/\/www.padreeustaquio.com.br\/es\/a-festa-do-beato-padre-eustaquio-chegou-muito-mais-longe-este-ano\/","og_locale":"es_ES","og_type":"article","og_title":"A Festa do Beato Padre Eust\u00e1quio chegou muito mais longe este ano! - Padre Eust\u00e1quio","og_description":"Quem n\u00e3o p\u00f4de estar presencialmente em Belo Horizonte tamb\u00e9m viveu a Festa do Beato Padre Eust\u00e1quio de um jeito especial, acompanhando a programa\u00e7\u00e3o pela internet, pelo Canal Padre Eust\u00e1quio, canal oficial da Causa de Canoniza\u00e7\u00e3o do Beato no YouTube. Desde as 7h, as celebra\u00e7\u00f5es do dia 30 de agosto foram transmitidas, levando para todo o Brasil e para o mundo, as missas, a prociss\u00e3o, os momentos de ora\u00e7\u00e3o e toda a atmosfera dessa grande festa de f\u00e9. E uma das novidades deste ano foi o est\u00fadio de vidro instalado dentro do espa\u00e7o da festa. Nos intervalos das celebra\u00e7\u00f5es, o est\u00fadio [&hellip;]","og_url":"https:\/\/www.padreeustaquio.com.br\/es\/a-festa-do-beato-padre-eustaquio-chegou-muito-mais-longe-este-ano\/","og_site_name":"Padre Eust\u00e1quio","article_publisher":"https:\/\/www.facebook.com\/beatopadreeustaquio\/","article_published_time":"2026-09-01T11:42:00+00:00","og_image":[{"width":1600,"height":1223,"url":"https:\/\/www.padreeustaquio.com.br\/wp-content\/uploads\/2026\/08\/WhatsApp-Image-2026-08-31-at-17.44.36.jpeg","type":"image\/jpeg"}],"author":"@sscc","twitter_card":"summary_large_image","twitter_creator":"@beatopeustaquio","twitter_site":"@beatopeustaquio","twitter_misc":{"Escrito por":"@sscc","Tiempo de lectura":"2 minutos"},"schema":{"@context":"https:\/\/schema.org","@graph":[{"@type":"Article","@id":"https:\/\/www.padreeustaquio.com.br\/a-festa-do-beato-padre-eustaquio-chegou-muito-mais-longe-este-ano\/#article","isPartOf":{"@id":"https:\/\/www.padreeustaquio.com.br\/a-festa-do-beato-padre-eustaquio-chegou-muito-mais-longe-este-ano\/"},"author":{"name":"@sscc","@id":"https:\/\/www.padreeustaquio.com.br\/#\/schema\/person\/a2a51db1d00f1a7af0204a0f1ddb1566"},"headline":"A Festa do Beato Padre Eust\u00e1quio chegou muito mais longe este ano!","datePublished":"2026-09-01T11:42:00+00:00","mainEntityOfPage":{"@id":"https:\/\/www.padreeustaquio.com.br\/a-festa-do-beato-padre-eustaquio-chegou-muito-mais-longe-este-ano\/"},"wordCount":317,"commentCount":0,"publisher":{"@id":"https:\/\/www.padreeustaquio.com.br\/#organization"},"image":{"@id":"https:\/\/www.padreeustaquio.com.br\/a-festa-do-beato-padre-eustaquio-chegou-muito-mais-longe-este-ano\/#primaryimage"},"thumbnailUrl":"https:\/\/www.padreeustaquio.com.br\/wp-content\/uploads\/2026\/08\/WhatsApp-Image-2026-08-31-at-17.44.36.jpeg","articleSection":["Not\u00edcias"],"inLanguage":"es","potentialAction":[{"@type":"CommentAction","name":"Comment","target":["https:\/\/www.padreeustaquio.com.br\/a-festa-do-beato-padre-eustaquio-chegou-muito-mais-longe-este-ano\/#respond"]}]},{"@type":"WebPage","@id":"https:\/\/www.padreeustaquio.com.br\/a-festa-do-beato-padre-eustaquio-chegou-muito-mais-longe-este-ano\/","url":"https:\/\/www.padreeustaquio.com.br\/a-festa-do-beato-padre-eustaquio-chegou-muito-mais-longe-este-ano\/","name":"A Festa do Beato Padre Eust\u00e1quio chegou muito mais longe este ano! - Padre Eust\u00e1quio","isPartOf":{"@id":"https:\/\/www.padreeustaquio.com.br\/#website"},"primaryImageOfPage":{"@id":"https:\/\/www.padreeustaquio.com.br\/a-festa-do-beato-padre-eustaquio-chegou-muito-mais-longe-este-ano\/#primaryimage"},"image":{"@id":"https:\/\/www.padreeustaquio.com.br\/a-festa-do-beato-padre-eustaquio-chegou-muito-mais-longe-este-ano\/#primaryimage"},"thumbnailUrl":"https:\/\/www.padreeustaquio.com.br\/wp-content\/uploads\/2026\/08\/WhatsApp-Image-2026-08-31-at-17.44.36.jpeg","datePublished":"2026-09-01T11:42:00+00:00","breadcrumb":{"@id":"https:\/\/www.padreeustaquio.com.br\/a-festa-do-beato-padre-eustaquio-chegou-muito-mais-longe-este-ano\/#breadcrumb"},"inLanguage":"es","potentialAction":[{"@type":"ReadAction","target":["https:\/\/www.padreeustaquio.com.br\/a-festa-do-beato-padre-eustaquio-chegou-muito-mais-longe-este-ano\/"]}]},{"@type":"ImageObject","inLanguage":"es","@id":"https:\/\/www.padreeustaquio.com.br\/a-festa-do-beato-padre-eustaquio-chegou-muito-mais-longe-este-ano\/#primaryimage","url":"https:\/\/www.padreeustaquio.com.br\/wp-content\/uploads\/2026\/08\/WhatsApp-Image-2026-08-31-at-17.44.36.jpeg","contentUrl":"https:\/\/www.padreeustaquio.com.br\/wp-content\/uploads\/2026\/08\/WhatsApp-Image-2026-08-31-at-17.44.36.jpeg","width":1600,"height":1223},{"@type":"BreadcrumbList","@id":"https:\/\/www.padreeustaquio.com.br\/a-festa-do-beato-padre-eustaquio-chegou-muito-mais-longe-este-ano\/#breadcrumb","itemListElement":[{"@type":"ListItem","position":1,"name":"In\u00edcio","item":"https:\/\/www.padreeustaquio.com.br\/"},{"@type":"ListItem","position":2,"name":"A Festa do Beato Padre Eust\u00e1quio chegou muito mais longe este ano!"}]},{"@type":"WebSite","@id":"https:\/\/www.padreeustaquio.com.br\/#website","url":"https:\/\/www.padreeustaquio.com.br\/","name":"Padre Eustace","description":"Salud y Paz","publisher":{"@id":"https:\/\/www.padreeustaquio.com.br\/#organization"},"potentialAction":[{"@type":"SearchAction","target":{"@type":"EntryPoint","urlTemplate":"https:\/\/www.padreeustaquio.com.br\/?s={search_term_string}"},"query-input":{"@type":"PropertyValueSpecification","valueRequired":true,"valueName":"search_term_string"}}],"inLanguage":"es"},{"@type":"Organization","@id":"https:\/\/www.padreeustaquio.com.br\/#organization","name":"Padre Eustace","url":"https:\/\/www.padreeustaquio.com.br\/","logo":{"@type":"ImageObject","inLanguage":"es","@id":"https:\/\/www.padreeustaquio.com.br\/#\/schema\/logo\/image\/","url":"https:\/\/www.padreeustaquio.com.br\/wp-content\/uploads\/2019\/08\/marca.png","contentUrl":"https:\/\/www.padreeustaquio.com.br\/wp-content\/uploads\/2019\/08\/marca.png","width":350,"height":400,"caption":"Padre Eust\u00e1quio"},"image":{"@id":"https:\/\/www.padreeustaquio.com.br\/#\/schema\/logo\/image\/"},"sameAs":["https:\/\/www.facebook.com\/beatopadreeustaquio\/","https:\/\/x.com\/beatopeustaquio","https:\/\/www.instagram.com\/beatopadreeustaquio\/","https:\/\/www.youtube.com\/channel\/UCRhw7vfabnajwLxb1ZXMeIw"]},{"@type":"Person","@id":"https:\/\/www.padreeustaquio.com.br\/#\/schema\/person\/a2a51db1d00f1a7af0204a0f1ddb1566","name":"@sscc","image":{"@type":"ImageObject","inLanguage":"es","@id":"https:\/\/secure.gravatar.com\/avatar\/68cfafa5f44617fea54071e215026e0ff06be366c3d54a8425f04fdcb86f8c5f?s=96&d=mm&r=g","url":"https:\/\/secure.gravatar.com\/avatar\/68cfafa5f44617fea54071e215026e0ff06be366c3d54a8425f04fdcb86f8c5f?s=96&d=mm&r=g","contentUrl":"https:\/\/secure.gravatar.com\/avatar\/68cfafa5f44617fea54071e215026e0ff06be366c3d54a8425f04fdcb86f8c5f?s=96&d=mm&r=g","caption":"@sscc"},"url":"https:\/\/www.padreeustaquio.com.br\/es\/author\/sscc\/"}]}},"_links":{"self":[{"href":"https:\/\/www.padreeustaquio.com.br\/es\/wp-json\/wp\/v2\/posts\/14108","targetHints":{"allow":["GET"]}}],"collection":[{"href":"https:\/\/www.padreeustaquio.com.br\/es\/wp-json\/wp\/v2\/posts"}],"about":[{"href":"https:\/\/www.padreeustaquio.com.br\/es\/wp-json\/wp\/v2\/types\/post"}],"author":[{"embeddable":true,"href":"https:\/\/www.padreeustaquio.com.br\/es\/wp-json\/wp\/v2\/users\/2"}],"replies":[{"embeddable":true,"href":"https:\/\/www.padreeustaquio.com.br\/es\/wp-json\/wp\/v2\/comments?post=14108"}],"version-history":[{"count":1,"href":"https:\/\/www.padreeustaquio.com.br\/es\/wp-json\/wp\/v2\/posts\/14108\/revisions"}],"predecessor-version":[{"id":14110,"href":"https:\/\/www.padreeustaquio.com.br\/es\/wp-json\/wp\/v2\/posts\/14108\/revisions\/14110"}],"wp:featuredmedia":[{"embeddable":true,"href":"https:\/\/www.padreeustaquio.com.br\/es\/wp-json\/wp\/v2\/media\/14109"}],"wp:attachment":[{"href":"https:\/\/www.padreeustaquio.com.br\/es\/wp-json\/wp\/v2\/media?parent=14108"}],"wp:term":[{"taxonomy":"category","embeddable":true,"href":"https:\/\/www.padreeustaquio.com.br\/es\/wp-json\/wp\/v2\/categories?post=14108"},{"taxonomy":"post_tag","embeddable":true,"href":"https:\/\/www.padreeustaquio.com.br\/es\/wp-json\/wp\/v2\/tags?post=14108"}],"curies":[{"name":"wp","href":"https:\/\/api.w.org\/{rel}","templated":true}]}}