{"id":13791,"date":"2026-04-27T14:29:26","date_gmt":"2026-04-27T17:29:26","guid":{"rendered":"https:\/\/www.padreeustaquio.com.br\/?p=13791"},"modified":"2026-04-27T14:29:28","modified_gmt":"2026-04-27T17:29:28","slug":"el-encuentro-cafe-con-espiritualidad-reune-a-los-miembros-de-la-congregacion-ss-cc-en-el-museo-padre-eustaquico","status":"publish","type":"post","link":"https:\/\/www.padreeustaquio.com.br\/es\/el-encuentro-cafe-con-espiritualidad-reune-a-los-miembros-de-la-congregacion-ss-cc-en-el-museo-padre-eustaquico\/","title":{"rendered":"El encuentro &quot;Caf\u00e9 con la Espiritualidad&quot; re\u00fane a miembros de la Congregaci\u00f3n SS.CC en el Museo Padre Eust\u00e1quico."},"content":{"rendered":"<p>El Museo Padre Eust\u00e1quio organiz\u00f3 una nueva edici\u00f3n de &quot;Caf\u00e9 con Espiritualidad&quot;, un encuentro que promueve un momento de reflexi\u00f3n, intercambio y profundizaci\u00f3n en la fe, basado en las ense\u00f1anzas del Beato Padre Eust\u00e1quio. En esta ocasi\u00f3n, asistieron el Superior General de la Congregaci\u00f3n de los Sagrados Corazones de Jes\u00fas y Mar\u00eda, Padre Alberto Toutin, SS.CC, as\u00ed como el Padre Fernando Cordero Morales, SS.CC, tambi\u00e9n del Gobierno General; representantes de la Rama Secular en Brasil; y el vicepostulador de la Causa de Canonizaci\u00f3n del Beato Padre Eust\u00e1quio, Padre Vin\u00edcius Maciel, SS.CC.<\/p>\n\n\n\n<p>La reuni\u00f3n estuvo dirigida por el investigador del Museo, Leandro Castro, quien present\u00f3 el tema &quot;La espiritualidad de las cuatro edades de Jes\u00fas&quot;, una reflexi\u00f3n inspirada en la propuesta espiritual del Padre Coudrin y la Madre Henriqueta, fundadores de la Congregaci\u00f3n de los Sagrados Corazones.<\/p>\n\n\n\n<p>La espiritualidad de las cuatro edades de Jes\u00fas propone un camino de identificaci\u00f3n con Cristo desde diferentes momentos de su vida: la infancia, marcada por la sencillez y la confianza; la vida oculta, vivida en silencio, en adoraci\u00f3n al Padre y en fidelidad diaria; la vida p\u00fablica, centrada en la misi\u00f3n y la proclamaci\u00f3n del Reino; y la vida crucificada, la mayor expresi\u00f3n de entrega, amor y compasi\u00f3n.<\/p>\n\n\n\n<p>Este camino espiritual gu\u00eda la experiencia del carisma de la Congregaci\u00f3n de los Sagrados Corazones, integrando la contemplaci\u00f3n, la adoraci\u00f3n, la vida comunitaria y el compromiso apost\u00f3lico como formas concretas de participar en el amor de Dios revelado en Jes\u00fas.<\/p>\n\n\n\n<p>El evento &quot;Caf\u00e9 con la Espiritualidad&quot; sigue siendo un espacio importante para la formaci\u00f3n y la profundizaci\u00f3n de la fe, fortaleciendo la misi\u00f3n evangelizadora y la memoria espiritual del Beato Padre Eust\u00e1quio.<\/p>","protected":false},"excerpt":{"rendered":"<p>O Museu Padre Eust\u00e1quio recebeu mais uma edi\u00e7\u00e3o do &#8220;Caf\u00e9 com Espiritualidade&#8221;, promovendo um momento de partilha, reflex\u00e3o e aprofundamento da f\u00e9, com base nos ensinamentos do Bem-aventurado. Desta vez, o encontro contou com a presen\u00e7a do Superior Geral da Congrega\u00e7\u00e3o dos Sagrados Cora\u00e7\u00f5es de Jesus e Maria, padre Alberto Toutin, SS.CC, al\u00e9m do padre Fernando Cordero Morales, SS.CC, tamb\u00e9m do Governo Geral; representantes do Ramo Secular no Brasil e do vice-postulador da Causa de Canoniza\u00e7\u00e3o do Beato Padre Eust\u00e1quio, padre Vin\u00edcius Maciel, SS.CC. O encontro foi conduzido pelo pesquisador do Museu, Leandro Castro, que apresentou o tema \u201cEspiritualidade das [&hellip;]<\/p>\n","protected":false},"author":2,"featured_media":13792,"comment_status":"open","ping_status":"closed","sticky":false,"template":"","format":"standard","meta":{"_acf_changed":false,"footnotes":""},"categories":[1],"tags":[],"class_list":["post-13791","post","type-post","status-publish","format-standard","has-post-thumbnail","hentry","category-sem-categoria"],"acf":[],"yoast_head":"<!-- This site is optimized with the Yoast SEO plugin v27.2 - https:\/\/yoast.com\/product\/yoast-seo-wordpress\/ -->\n<title>Caf\u00e9 com Espiritualidade re\u00fane membros da Congrega\u00e7\u00e3o SS.CC no Museu Padre Eust\u00e1quio - Padre Eust\u00e1quio<\/title>\n<meta name=\"robots\" content=\"index, follow, max-snippet:-1, max-image-preview:large, max-video-preview:-1\" \/>\n<link rel=\"canonical\" href=\"https:\/\/www.padreeustaquio.com.br\/es\/el-encuentro-cafe-con-espiritualidad-reune-a-los-miembros-de-la-congregacion-ss-cc-en-el-museo-padre-eustaquico\/\" \/>\n<meta property=\"og:locale\" content=\"es_ES\" \/>\n<meta property=\"og:type\" content=\"article\" \/>\n<meta property=\"og:title\" content=\"Caf\u00e9 com Espiritualidade re\u00fane membros da Congrega\u00e7\u00e3o SS.CC no Museu Padre Eust\u00e1quio - Padre Eust\u00e1quio\" \/>\n<meta property=\"og:description\" content=\"O Museu Padre Eust\u00e1quio recebeu mais uma edi\u00e7\u00e3o do &#8220;Caf\u00e9 com Espiritualidade&#8221;, promovendo um momento de partilha, reflex\u00e3o e aprofundamento da f\u00e9, com base nos ensinamentos do Bem-aventurado. Desta vez, o encontro contou com a presen\u00e7a do Superior Geral da Congrega\u00e7\u00e3o dos Sagrados Cora\u00e7\u00f5es de Jesus e Maria, padre Alberto Toutin, SS.CC, al\u00e9m do padre Fernando Cordero Morales, SS.CC, tamb\u00e9m do Governo Geral; representantes do Ramo Secular no Brasil e do vice-postulador da Causa de Canoniza\u00e7\u00e3o do Beato Padre Eust\u00e1quio, padre Vin\u00edcius Maciel, SS.CC. O encontro foi conduzido pelo pesquisador do Museu, Leandro Castro, que apresentou o tema \u201cEspiritualidade das [&hellip;]\" \/>\n<meta property=\"og:url\" content=\"https:\/\/www.padreeustaquio.com.br\/es\/el-encuentro-cafe-con-espiritualidad-reune-a-los-miembros-de-la-congregacion-ss-cc-en-el-museo-padre-eustaquico\/\" \/>\n<meta property=\"og:site_name\" content=\"Padre Eust\u00e1quio\" \/>\n<meta property=\"article:publisher\" content=\"https:\/\/www.facebook.com\/beatopadreeustaquio\/\" \/>\n<meta property=\"article:published_time\" content=\"2026-04-27T17:29:26+00:00\" \/>\n<meta property=\"article:modified_time\" content=\"2026-04-27T17:29:28+00:00\" \/>\n<meta property=\"og:image\" content=\"https:\/\/www.padreeustaquio.com.br\/wp-content\/uploads\/2026\/04\/cafe-com-espiritualidade.jpeg\" \/>\n\t<meta property=\"og:image:width\" content=\"1600\" \/>\n\t<meta property=\"og:image:height\" content=\"900\" \/>\n\t<meta property=\"og:image:type\" content=\"image\/jpeg\" \/>\n<meta name=\"author\" content=\"@sscc\" \/>\n<meta name=\"twitter:card\" content=\"summary_large_image\" \/>\n<meta name=\"twitter:creator\" content=\"@beatopeustaquio\" \/>\n<meta name=\"twitter:site\" content=\"@beatopeustaquio\" \/>\n<meta name=\"twitter:label1\" content=\"Escrito por\" \/>\n\t<meta name=\"twitter:data1\" content=\"@sscc\" \/>\n\t<meta name=\"twitter:label2\" content=\"Tiempo de lectura\" \/>\n\t<meta name=\"twitter:data2\" content=\"2 minutos\" \/>\n<script type=\"application\/ld+json\" class=\"yoast-schema-graph\">{\"@context\":\"https:\/\/schema.org\",\"@graph\":[{\"@type\":\"Article\",\"@id\":\"https:\/\/www.padreeustaquio.com.br\/cafe-com-espiritualidade-reune-membros-da-congregacao-ss-cc-no-museu-padre-eustaquio\/#article\",\"isPartOf\":{\"@id\":\"https:\/\/www.padreeustaquio.com.br\/cafe-com-espiritualidade-reune-membros-da-congregacao-ss-cc-no-museu-padre-eustaquio\/\"},\"author\":{\"name\":\"@sscc\",\"@id\":\"https:\/\/www.padreeustaquio.com.br\/#\/schema\/person\/a2a51db1d00f1a7af0204a0f1ddb1566\"},\"headline\":\"Caf\u00e9 com Espiritualidade re\u00fane membros da Congrega\u00e7\u00e3o SS.CC no Museu Padre Eust\u00e1quio\",\"datePublished\":\"2026-04-27T17:29:26+00:00\",\"dateModified\":\"2026-04-27T17:29:28+00:00\",\"mainEntityOfPage\":{\"@id\":\"https:\/\/www.padreeustaquio.com.br\/cafe-com-espiritualidade-reune-membros-da-congregacao-ss-cc-no-museu-padre-eustaquio\/\"},\"wordCount\":305,\"commentCount\":0,\"publisher\":{\"@id\":\"https:\/\/www.padreeustaquio.com.br\/#organization\"},\"image\":{\"@id\":\"https:\/\/www.padreeustaquio.com.br\/cafe-com-espiritualidade-reune-membros-da-congregacao-ss-cc-no-museu-padre-eustaquio\/#primaryimage\"},\"thumbnailUrl\":\"https:\/\/www.padreeustaquio.com.br\/wp-content\/uploads\/2026\/04\/cafe-com-espiritualidade.jpeg\",\"articleSection\":[\"Sem categoria\"],\"inLanguage\":\"es\",\"potentialAction\":[{\"@type\":\"CommentAction\",\"name\":\"Comment\",\"target\":[\"https:\/\/www.padreeustaquio.com.br\/cafe-com-espiritualidade-reune-membros-da-congregacao-ss-cc-no-museu-padre-eustaquio\/#respond\"]}]},{\"@type\":\"WebPage\",\"@id\":\"https:\/\/www.padreeustaquio.com.br\/cafe-com-espiritualidade-reune-membros-da-congregacao-ss-cc-no-museu-padre-eustaquio\/\",\"url\":\"https:\/\/www.padreeustaquio.com.br\/cafe-com-espiritualidade-reune-membros-da-congregacao-ss-cc-no-museu-padre-eustaquio\/\",\"name\":\"Caf\u00e9 com Espiritualidade re\u00fane membros da Congrega\u00e7\u00e3o SS.CC no Museu Padre Eust\u00e1quio - Padre Eust\u00e1quio\",\"isPartOf\":{\"@id\":\"https:\/\/www.padreeustaquio.com.br\/#website\"},\"primaryImageOfPage\":{\"@id\":\"https:\/\/www.padreeustaquio.com.br\/cafe-com-espiritualidade-reune-membros-da-congregacao-ss-cc-no-museu-padre-eustaquio\/#primaryimage\"},\"image\":{\"@id\":\"https:\/\/www.padreeustaquio.com.br\/cafe-com-espiritualidade-reune-membros-da-congregacao-ss-cc-no-museu-padre-eustaquio\/#primaryimage\"},\"thumbnailUrl\":\"https:\/\/www.padreeustaquio.com.br\/wp-content\/uploads\/2026\/04\/cafe-com-espiritualidade.jpeg\",\"datePublished\":\"2026-04-27T17:29:26+00:00\",\"dateModified\":\"2026-04-27T17:29:28+00:00\",\"breadcrumb\":{\"@id\":\"https:\/\/www.padreeustaquio.com.br\/cafe-com-espiritualidade-reune-membros-da-congregacao-ss-cc-no-museu-padre-eustaquio\/#breadcrumb\"},\"inLanguage\":\"es\",\"potentialAction\":[{\"@type\":\"ReadAction\",\"target\":[\"https:\/\/www.padreeustaquio.com.br\/cafe-com-espiritualidade-reune-membros-da-congregacao-ss-cc-no-museu-padre-eustaquio\/\"]}]},{\"@type\":\"ImageObject\",\"inLanguage\":\"es\",\"@id\":\"https:\/\/www.padreeustaquio.com.br\/cafe-com-espiritualidade-reune-membros-da-congregacao-ss-cc-no-museu-padre-eustaquio\/#primaryimage\",\"url\":\"https:\/\/www.padreeustaquio.com.br\/wp-content\/uploads\/2026\/04\/cafe-com-espiritualidade.jpeg\",\"contentUrl\":\"https:\/\/www.padreeustaquio.com.br\/wp-content\/uploads\/2026\/04\/cafe-com-espiritualidade.jpeg\",\"width\":1600,\"height\":900},{\"@type\":\"BreadcrumbList\",\"@id\":\"https:\/\/www.padreeustaquio.com.br\/cafe-com-espiritualidade-reune-membros-da-congregacao-ss-cc-no-museu-padre-eustaquio\/#breadcrumb\",\"itemListElement\":[{\"@type\":\"ListItem\",\"position\":1,\"name\":\"In\u00edcio\",\"item\":\"https:\/\/www.padreeustaquio.com.br\/\"},{\"@type\":\"ListItem\",\"position\":2,\"name\":\"Caf\u00e9 com Espiritualidade re\u00fane membros da Congrega\u00e7\u00e3o SS.CC no Museu Padre Eust\u00e1quio\"}]},{\"@type\":\"WebSite\",\"@id\":\"https:\/\/www.padreeustaquio.com.br\/#website\",\"url\":\"https:\/\/www.padreeustaquio.com.br\/\",\"name\":\"Padre Eust\u00e1quio\",\"description\":\"Sa\u00fade e Paz\",\"publisher\":{\"@id\":\"https:\/\/www.padreeustaquio.com.br\/#organization\"},\"potentialAction\":[{\"@type\":\"SearchAction\",\"target\":{\"@type\":\"EntryPoint\",\"urlTemplate\":\"https:\/\/www.padreeustaquio.com.br\/?s={search_term_string}\"},\"query-input\":{\"@type\":\"PropertyValueSpecification\",\"valueRequired\":true,\"valueName\":\"search_term_string\"}}],\"inLanguage\":\"es\"},{\"@type\":\"Organization\",\"@id\":\"https:\/\/www.padreeustaquio.com.br\/#organization\",\"name\":\"Padre Eust\u00e1quio\",\"url\":\"https:\/\/www.padreeustaquio.com.br\/\",\"logo\":{\"@type\":\"ImageObject\",\"inLanguage\":\"es\",\"@id\":\"https:\/\/www.padreeustaquio.com.br\/#\/schema\/logo\/image\/\",\"url\":\"https:\/\/www.padreeustaquio.com.br\/wp-content\/uploads\/2019\/08\/marca.png\",\"contentUrl\":\"https:\/\/www.padreeustaquio.com.br\/wp-content\/uploads\/2019\/08\/marca.png\",\"width\":350,\"height\":400,\"caption\":\"Padre Eust\u00e1quio\"},\"image\":{\"@id\":\"https:\/\/www.padreeustaquio.com.br\/#\/schema\/logo\/image\/\"},\"sameAs\":[\"https:\/\/www.facebook.com\/beatopadreeustaquio\/\",\"https:\/\/x.com\/beatopeustaquio\",\"https:\/\/www.instagram.com\/beatopadreeustaquio\/\",\"https:\/\/www.youtube.com\/channel\/UCRhw7vfabnajwLxb1ZXMeIw\"]},{\"@type\":\"Person\",\"@id\":\"https:\/\/www.padreeustaquio.com.br\/#\/schema\/person\/a2a51db1d00f1a7af0204a0f1ddb1566\",\"name\":\"@sscc\",\"image\":{\"@type\":\"ImageObject\",\"inLanguage\":\"es\",\"@id\":\"https:\/\/secure.gravatar.com\/avatar\/68cfafa5f44617fea54071e215026e0ff06be366c3d54a8425f04fdcb86f8c5f?s=96&d=mm&r=g\",\"url\":\"https:\/\/secure.gravatar.com\/avatar\/68cfafa5f44617fea54071e215026e0ff06be366c3d54a8425f04fdcb86f8c5f?s=96&d=mm&r=g\",\"contentUrl\":\"https:\/\/secure.gravatar.com\/avatar\/68cfafa5f44617fea54071e215026e0ff06be366c3d54a8425f04fdcb86f8c5f?s=96&d=mm&r=g\",\"caption\":\"@sscc\"},\"url\":\"https:\/\/www.padreeustaquio.com.br\/es\/author\/sscc\/\"}]}<\/script>\n<!-- \/ Yoast SEO plugin. -->","yoast_head_json":{"title":"Caf\u00e9 con Espiritualidad re\u00fane a miembros de la Congregaci\u00f3n SS.CC en el Museo Padre Eust\u00e1quio - Padre Eust\u00e1quio","robots":{"index":"index","follow":"follow","max-snippet":"max-snippet:-1","max-image-preview":"max-image-preview:large","max-video-preview":"max-video-preview:-1"},"canonical":"https:\/\/www.padreeustaquio.com.br\/es\/el-encuentro-cafe-con-espiritualidad-reune-a-los-miembros-de-la-congregacion-ss-cc-en-el-museo-padre-eustaquico\/","og_locale":"es_ES","og_type":"article","og_title":"Caf\u00e9 com Espiritualidade re\u00fane membros da Congrega\u00e7\u00e3o SS.CC no Museu Padre Eust\u00e1quio - Padre Eust\u00e1quio","og_description":"O Museu Padre Eust\u00e1quio recebeu mais uma edi\u00e7\u00e3o do &#8220;Caf\u00e9 com Espiritualidade&#8221;, promovendo um momento de partilha, reflex\u00e3o e aprofundamento da f\u00e9, com base nos ensinamentos do Bem-aventurado. Desta vez, o encontro contou com a presen\u00e7a do Superior Geral da Congrega\u00e7\u00e3o dos Sagrados Cora\u00e7\u00f5es de Jesus e Maria, padre Alberto Toutin, SS.CC, al\u00e9m do padre Fernando Cordero Morales, SS.CC, tamb\u00e9m do Governo Geral; representantes do Ramo Secular no Brasil e do vice-postulador da Causa de Canoniza\u00e7\u00e3o do Beato Padre Eust\u00e1quio, padre Vin\u00edcius Maciel, SS.CC. O encontro foi conduzido pelo pesquisador do Museu, Leandro Castro, que apresentou o tema \u201cEspiritualidade das [&hellip;]","og_url":"https:\/\/www.padreeustaquio.com.br\/es\/el-encuentro-cafe-con-espiritualidad-reune-a-los-miembros-de-la-congregacion-ss-cc-en-el-museo-padre-eustaquico\/","og_site_name":"Padre Eust\u00e1quio","article_publisher":"https:\/\/www.facebook.com\/beatopadreeustaquio\/","article_published_time":"2026-04-27T17:29:26+00:00","article_modified_time":"2026-04-27T17:29:28+00:00","og_image":[{"width":1600,"height":900,"url":"https:\/\/www.padreeustaquio.com.br\/wp-content\/uploads\/2026\/04\/cafe-com-espiritualidade.jpeg","type":"image\/jpeg"}],"author":"@sscc","twitter_card":"summary_large_image","twitter_creator":"@beatopeustaquio","twitter_site":"@beatopeustaquio","twitter_misc":{"Escrito por":"@sscc","Tiempo de lectura":"2 minutos"},"schema":{"@context":"https:\/\/schema.org","@graph":[{"@type":"Article","@id":"https:\/\/www.padreeustaquio.com.br\/cafe-com-espiritualidade-reune-membros-da-congregacao-ss-cc-no-museu-padre-eustaquio\/#article","isPartOf":{"@id":"https:\/\/www.padreeustaquio.com.br\/cafe-com-espiritualidade-reune-membros-da-congregacao-ss-cc-no-museu-padre-eustaquio\/"},"author":{"name":"@sscc","@id":"https:\/\/www.padreeustaquio.com.br\/#\/schema\/person\/a2a51db1d00f1a7af0204a0f1ddb1566"},"headline":"Caf\u00e9 com Espiritualidade re\u00fane membros da Congrega\u00e7\u00e3o SS.CC no Museu Padre Eust\u00e1quio","datePublished":"2026-04-27T17:29:26+00:00","dateModified":"2026-04-27T17:29:28+00:00","mainEntityOfPage":{"@id":"https:\/\/www.padreeustaquio.com.br\/cafe-com-espiritualidade-reune-membros-da-congregacao-ss-cc-no-museu-padre-eustaquio\/"},"wordCount":305,"commentCount":0,"publisher":{"@id":"https:\/\/www.padreeustaquio.com.br\/#organization"},"image":{"@id":"https:\/\/www.padreeustaquio.com.br\/cafe-com-espiritualidade-reune-membros-da-congregacao-ss-cc-no-museu-padre-eustaquio\/#primaryimage"},"thumbnailUrl":"https:\/\/www.padreeustaquio.com.br\/wp-content\/uploads\/2026\/04\/cafe-com-espiritualidade.jpeg","articleSection":["Sem categoria"],"inLanguage":"es","potentialAction":[{"@type":"CommentAction","name":"Comment","target":["https:\/\/www.padreeustaquio.com.br\/cafe-com-espiritualidade-reune-membros-da-congregacao-ss-cc-no-museu-padre-eustaquio\/#respond"]}]},{"@type":"WebPage","@id":"https:\/\/www.padreeustaquio.com.br\/cafe-com-espiritualidade-reune-membros-da-congregacao-ss-cc-no-museu-padre-eustaquio\/","url":"https:\/\/www.padreeustaquio.com.br\/cafe-com-espiritualidade-reune-membros-da-congregacao-ss-cc-no-museu-padre-eustaquio\/","name":"Caf\u00e9 con Espiritualidad re\u00fane a miembros de la Congregaci\u00f3n SS.CC en el Museo Padre Eust\u00e1quio - Padre Eust\u00e1quio","isPartOf":{"@id":"https:\/\/www.padreeustaquio.com.br\/#website"},"primaryImageOfPage":{"@id":"https:\/\/www.padreeustaquio.com.br\/cafe-com-espiritualidade-reune-membros-da-congregacao-ss-cc-no-museu-padre-eustaquio\/#primaryimage"},"image":{"@id":"https:\/\/www.padreeustaquio.com.br\/cafe-com-espiritualidade-reune-membros-da-congregacao-ss-cc-no-museu-padre-eustaquio\/#primaryimage"},"thumbnailUrl":"https:\/\/www.padreeustaquio.com.br\/wp-content\/uploads\/2026\/04\/cafe-com-espiritualidade.jpeg","datePublished":"2026-04-27T17:29:26+00:00","dateModified":"2026-04-27T17:29:28+00:00","breadcrumb":{"@id":"https:\/\/www.padreeustaquio.com.br\/cafe-com-espiritualidade-reune-membros-da-congregacao-ss-cc-no-museu-padre-eustaquio\/#breadcrumb"},"inLanguage":"es","potentialAction":[{"@type":"ReadAction","target":["https:\/\/www.padreeustaquio.com.br\/cafe-com-espiritualidade-reune-membros-da-congregacao-ss-cc-no-museu-padre-eustaquio\/"]}]},{"@type":"ImageObject","inLanguage":"es","@id":"https:\/\/www.padreeustaquio.com.br\/cafe-com-espiritualidade-reune-membros-da-congregacao-ss-cc-no-museu-padre-eustaquio\/#primaryimage","url":"https:\/\/www.padreeustaquio.com.br\/wp-content\/uploads\/2026\/04\/cafe-com-espiritualidade.jpeg","contentUrl":"https:\/\/www.padreeustaquio.com.br\/wp-content\/uploads\/2026\/04\/cafe-com-espiritualidade.jpeg","width":1600,"height":900},{"@type":"BreadcrumbList","@id":"https:\/\/www.padreeustaquio.com.br\/cafe-com-espiritualidade-reune-membros-da-congregacao-ss-cc-no-museu-padre-eustaquio\/#breadcrumb","itemListElement":[{"@type":"ListItem","position":1,"name":"In\u00edcio","item":"https:\/\/www.padreeustaquio.com.br\/"},{"@type":"ListItem","position":2,"name":"Caf\u00e9 com Espiritualidade re\u00fane membros da Congrega\u00e7\u00e3o SS.CC no Museu Padre Eust\u00e1quio"}]},{"@type":"WebSite","@id":"https:\/\/www.padreeustaquio.com.br\/#website","url":"https:\/\/www.padreeustaquio.com.br\/","name":"Padre Eustace","description":"Salud y Paz","publisher":{"@id":"https:\/\/www.padreeustaquio.com.br\/#organization"},"potentialAction":[{"@type":"SearchAction","target":{"@type":"EntryPoint","urlTemplate":"https:\/\/www.padreeustaquio.com.br\/?s={search_term_string}"},"query-input":{"@type":"PropertyValueSpecification","valueRequired":true,"valueName":"search_term_string"}}],"inLanguage":"es"},{"@type":"Organization","@id":"https:\/\/www.padreeustaquio.com.br\/#organization","name":"Padre Eustace","url":"https:\/\/www.padreeustaquio.com.br\/","logo":{"@type":"ImageObject","inLanguage":"es","@id":"https:\/\/www.padreeustaquio.com.br\/#\/schema\/logo\/image\/","url":"https:\/\/www.padreeustaquio.com.br\/wp-content\/uploads\/2019\/08\/marca.png","contentUrl":"https:\/\/www.padreeustaquio.com.br\/wp-content\/uploads\/2019\/08\/marca.png","width":350,"height":400,"caption":"Padre Eust\u00e1quio"},"image":{"@id":"https:\/\/www.padreeustaquio.com.br\/#\/schema\/logo\/image\/"},"sameAs":["https:\/\/www.facebook.com\/beatopadreeustaquio\/","https:\/\/x.com\/beatopeustaquio","https:\/\/www.instagram.com\/beatopadreeustaquio\/","https:\/\/www.youtube.com\/channel\/UCRhw7vfabnajwLxb1ZXMeIw"]},{"@type":"Person","@id":"https:\/\/www.padreeustaquio.com.br\/#\/schema\/person\/a2a51db1d00f1a7af0204a0f1ddb1566","name":"@sscc","image":{"@type":"ImageObject","inLanguage":"es","@id":"https:\/\/secure.gravatar.com\/avatar\/68cfafa5f44617fea54071e215026e0ff06be366c3d54a8425f04fdcb86f8c5f?s=96&d=mm&r=g","url":"https:\/\/secure.gravatar.com\/avatar\/68cfafa5f44617fea54071e215026e0ff06be366c3d54a8425f04fdcb86f8c5f?s=96&d=mm&r=g","contentUrl":"https:\/\/secure.gravatar.com\/avatar\/68cfafa5f44617fea54071e215026e0ff06be366c3d54a8425f04fdcb86f8c5f?s=96&d=mm&r=g","caption":"@sscc"},"url":"https:\/\/www.padreeustaquio.com.br\/es\/author\/sscc\/"}]}},"_links":{"self":[{"href":"https:\/\/www.padreeustaquio.com.br\/es\/wp-json\/wp\/v2\/posts\/13791","targetHints":{"allow":["GET"]}}],"collection":[{"href":"https:\/\/www.padreeustaquio.com.br\/es\/wp-json\/wp\/v2\/posts"}],"about":[{"href":"https:\/\/www.padreeustaquio.com.br\/es\/wp-json\/wp\/v2\/types\/post"}],"author":[{"embeddable":true,"href":"https:\/\/www.padreeustaquio.com.br\/es\/wp-json\/wp\/v2\/users\/2"}],"replies":[{"embeddable":true,"href":"https:\/\/www.padreeustaquio.com.br\/es\/wp-json\/wp\/v2\/comments?post=13791"}],"version-history":[{"count":1,"href":"https:\/\/www.padreeustaquio.com.br\/es\/wp-json\/wp\/v2\/posts\/13791\/revisions"}],"predecessor-version":[{"id":13793,"href":"https:\/\/www.padreeustaquio.com.br\/es\/wp-json\/wp\/v2\/posts\/13791\/revisions\/13793"}],"wp:featuredmedia":[{"embeddable":true,"href":"https:\/\/www.padreeustaquio.com.br\/es\/wp-json\/wp\/v2\/media\/13792"}],"wp:attachment":[{"href":"https:\/\/www.padreeustaquio.com.br\/es\/wp-json\/wp\/v2\/media?parent=13791"}],"wp:term":[{"taxonomy":"category","embeddable":true,"href":"https:\/\/www.padreeustaquio.com.br\/es\/wp-json\/wp\/v2\/categories?post=13791"},{"taxonomy":"post_tag","embeddable":true,"href":"https:\/\/www.padreeustaquio.com.br\/es\/wp-json\/wp\/v2\/tags?post=13791"}],"curies":[{"name":"wp","href":"https:\/\/api.w.org\/{rel}","templated":true}]}}