{"id":11950,"date":"2025-07-11T13:36:04","date_gmt":"2025-07-11T16:36:04","guid":{"rendered":"https:\/\/www.padreeustaquio.com.br\/?p=11950"},"modified":"2025-07-11T13:36:04","modified_gmt":"2025-07-11T16:36:04","slug":"el-departamento-de-comunicaciones-de-la-arquidiocesis-de-belo-horizonte-recibira-una-solicitud-de-caso-de-canonizacion-para-hablar-sobre-el-simposio","status":"publish","type":"post","link":"https:\/\/www.padreeustaquio.com.br\/es\/el-departamento-de-comunicaciones-de-la-arquidiocesis-de-belo-horizonte-recibira-una-solicitud-de-caso-de-canonizacion-para-hablar-sobre-el-simposio\/","title":{"rendered":"La oficina de comunicaciones de la Arquidi\u00f3cesis de Belo Horizonte ser\u00e1 la anfitriona de la Causa de Canonizaci\u00f3n para discutir el Simposio."},"content":{"rendered":"<p>Este jueves (10 de agosto), una importante reuni\u00f3n marc\u00f3 el inicio de la promoci\u00f3n del Simposio Internacional sobre Salud y Paz, que se celebrar\u00e1 en septiembre con motivo de la Causa de Canonizaci\u00f3n del Beato Padre Eust\u00e1quio, en colaboraci\u00f3n con la PUC Minas. El vicepostulador, Padre Vinicius Maciel, SS.CC., y el coordinador de comunicaciones, Marcelo Silveira, estuvieron en la Arquidi\u00f3cesis de Belo Horizonte para coordinar la promoci\u00f3n con el departamento de Comunicaciones de la Arquidi\u00f3cesis de BH.<\/p>\n<p><img fetchpriority=\"high\" decoding=\"async\" class=\"wp-image-11953 alignleft\" src=\"https:\/\/www.padreeustaquio.com.br\/wp-content\/uploads\/2025\/07\/Visita-Causa-Canonizacao-a-Mitra-2-300x169.jpeg\" alt=\"\" width=\"355\" height=\"200\" srcset=\"https:\/\/www.padreeustaquio.com.br\/wp-content\/uploads\/2025\/07\/Visita-Causa-Canonizacao-a-Mitra-2-300x169.jpeg 300w, https:\/\/www.padreeustaquio.com.br\/wp-content\/uploads\/2025\/07\/Visita-Causa-Canonizacao-a-Mitra-2-1024x576.jpeg 1024w, https:\/\/www.padreeustaquio.com.br\/wp-content\/uploads\/2025\/07\/Visita-Causa-Canonizacao-a-Mitra-2-768x432.jpeg 768w, https:\/\/www.padreeustaquio.com.br\/wp-content\/uploads\/2025\/07\/Visita-Causa-Canonizacao-a-Mitra-2-1536x864.jpeg 1536w, https:\/\/www.padreeustaquio.com.br\/wp-content\/uploads\/2025\/07\/Visita-Causa-Canonizacao-a-Mitra-2-2048x1152.jpeg 2048w, https:\/\/www.padreeustaquio.com.br\/wp-content\/uploads\/2025\/07\/Visita-Causa-Canonizacao-a-Mitra-2-400x225.jpeg 400w, https:\/\/www.padreeustaquio.com.br\/wp-content\/uploads\/2025\/07\/Visita-Causa-Canonizacao-a-Mitra-2-600x338.jpeg 600w, https:\/\/www.padreeustaquio.com.br\/wp-content\/uploads\/2025\/07\/Visita-Causa-Canonizacao-a-Mitra-2-800x450.jpeg 800w, https:\/\/www.padreeustaquio.com.br\/wp-content\/uploads\/2025\/07\/Visita-Causa-Canonizacao-a-Mitra-2-1200x675.jpeg 1200w, https:\/\/www.padreeustaquio.com.br\/wp-content\/uploads\/2025\/07\/Visita-Causa-Canonizacao-a-Mitra-2-1600x900.jpeg 1600w, https:\/\/www.padreeustaquio.com.br\/wp-content\/uploads\/2025\/07\/Visita-Causa-Canonizacao-a-Mitra-2-2000x1125.jpeg 2000w\" sizes=\"(max-width: 355px) 100vw, 355px\" \/>Fueron recibidos por la gerente, Ana Mar\u00eda Miranda, y el asesor de comunicaciones, Marcos Aur\u00e9lio J\u00fanior. Durante la reuni\u00f3n, se present\u00f3 el programa del Simposio y se abordaron las colaboraciones con los medios de comunicaci\u00f3n de la Arquidi\u00f3cesis.<\/p>\n<p>El primer Simposio Internacional de Salud y Paz es un evento creado para debatir, de forma m\u00e1s acad\u00e9mica, la figura del Beato Padre Eust\u00e1quio y la expresi\u00f3n de su misi\u00f3n: &quot;Salud y Paz&quot;. El evento se celebrar\u00e1 en la PUC Minas y el Teatro Padre Eust\u00e1quio (Santuario Arquidiocesano de Salud y Paz) del 1 al 4 de septiembre, con participantes de 12 pa\u00edses y abierto a toda la comunidad.<\/p>","protected":false},"excerpt":{"rendered":"<p>Nessa quinta-feira (10\/08), uma reuni\u00e3o importante marcou o in\u00edcio da divulga\u00e7\u00e3o do Simp\u00f3sio Internacional Sa\u00fade e Paz, que ser\u00e1 realizado em setembro pela Causa de Canoniza\u00e7\u00e3o do Beato Padre Eust\u00e1quio, em parceria com a PUC Minas. O vice-postulador, padre Vinicius Maciel, SS.CC, e o coordenador de comunica\u00e7\u00e3o, Marcelo Silveira, estiveram na Mitra Arquidiocesana de Belo Horizonte para alinhar a divulga\u00e7\u00e3o junto \u00e0 Comunica\u00e7\u00e3o da Arquidiocese de BH. Eles foram recebidos pela gerente, Ana Maria Miranda e pelo assessor de comunica\u00e7\u00e3o, Marcos Aur\u00e9lio J\u00fanior. Durante o encontro, a programa\u00e7\u00e3o do Simp\u00f3sio foi apresentada e parcerias foram discutidas junto \u00e0s m\u00eddias da [&hellip;]<\/p>\n","protected":false},"author":2,"featured_media":11952,"comment_status":"open","ping_status":"closed","sticky":false,"template":"","format":"standard","meta":{"_acf_changed":false,"footnotes":""},"categories":[611],"tags":[],"class_list":["post-11950","post","type-post","status-publish","format-standard","has-post-thumbnail","hentry","category-noticias"],"acf":[],"yoast_head":"<!-- This site is optimized with the Yoast SEO plugin v27.2 - https:\/\/yoast.com\/product\/yoast-seo-wordpress\/ -->\n<title>Comunica\u00e7\u00e3o da Arquidiocese de BH recebe Causa de Canoniza\u00e7\u00e3o para falar do Simp\u00f3sio - Padre Eust\u00e1quio<\/title>\n<meta name=\"robots\" content=\"index, follow, max-snippet:-1, max-image-preview:large, max-video-preview:-1\" \/>\n<link rel=\"canonical\" href=\"https:\/\/www.padreeustaquio.com.br\/es\/el-departamento-de-comunicaciones-de-la-arquidiocesis-de-belo-horizonte-recibira-una-solicitud-de-caso-de-canonizacion-para-hablar-sobre-el-simposio\/\" \/>\n<meta property=\"og:locale\" content=\"es_ES\" \/>\n<meta property=\"og:type\" content=\"article\" \/>\n<meta property=\"og:title\" content=\"Comunica\u00e7\u00e3o da Arquidiocese de BH recebe Causa de Canoniza\u00e7\u00e3o para falar do Simp\u00f3sio - Padre Eust\u00e1quio\" \/>\n<meta property=\"og:description\" content=\"Nessa quinta-feira (10\/08), uma reuni\u00e3o importante marcou o in\u00edcio da divulga\u00e7\u00e3o do Simp\u00f3sio Internacional Sa\u00fade e Paz, que ser\u00e1 realizado em setembro pela Causa de Canoniza\u00e7\u00e3o do Beato Padre Eust\u00e1quio, em parceria com a PUC Minas. O vice-postulador, padre Vinicius Maciel, SS.CC, e o coordenador de comunica\u00e7\u00e3o, Marcelo Silveira, estiveram na Mitra Arquidiocesana de Belo Horizonte para alinhar a divulga\u00e7\u00e3o junto \u00e0 Comunica\u00e7\u00e3o da Arquidiocese de BH. Eles foram recebidos pela gerente, Ana Maria Miranda e pelo assessor de comunica\u00e7\u00e3o, Marcos Aur\u00e9lio J\u00fanior. Durante o encontro, a programa\u00e7\u00e3o do Simp\u00f3sio foi apresentada e parcerias foram discutidas junto \u00e0s m\u00eddias da [&hellip;]\" \/>\n<meta property=\"og:url\" content=\"https:\/\/www.padreeustaquio.com.br\/es\/el-departamento-de-comunicaciones-de-la-arquidiocesis-de-belo-horizonte-recibira-una-solicitud-de-caso-de-canonizacion-para-hablar-sobre-el-simposio\/\" \/>\n<meta property=\"og:site_name\" content=\"Padre Eust\u00e1quio\" \/>\n<meta property=\"article:publisher\" content=\"https:\/\/www.facebook.com\/beatopadreeustaquio\/\" \/>\n<meta property=\"article:published_time\" content=\"2025-07-11T16:36:04+00:00\" \/>\n<meta property=\"og:image\" content=\"https:\/\/www.padreeustaquio.com.br\/wp-content\/uploads\/2025\/07\/Visita-Causa-Canonizacao-a-Mitra-3-scaled-e1752250660280.jpeg\" \/>\n\t<meta property=\"og:image:width\" content=\"2086\" \/>\n\t<meta property=\"og:image:height\" content=\"1143\" \/>\n\t<meta property=\"og:image:type\" content=\"image\/jpeg\" \/>\n<meta name=\"author\" content=\"@sscc\" \/>\n<meta name=\"twitter:card\" content=\"summary_large_image\" \/>\n<meta name=\"twitter:creator\" content=\"@beatopeustaquio\" \/>\n<meta name=\"twitter:site\" content=\"@beatopeustaquio\" \/>\n<meta name=\"twitter:label1\" content=\"Escrito por\" \/>\n\t<meta name=\"twitter:data1\" content=\"@sscc\" \/>\n\t<meta name=\"twitter:label2\" content=\"Tiempo de lectura\" \/>\n\t<meta name=\"twitter:data2\" content=\"2 minutos\" \/>\n<script type=\"application\/ld+json\" class=\"yoast-schema-graph\">{\"@context\":\"https:\/\/schema.org\",\"@graph\":[{\"@type\":\"Article\",\"@id\":\"https:\/\/www.padreeustaquio.com.br\/comunicacao-da-arquidiocese-de-bh-recebe-causa-de-canonizacao-para-falar-do-simposio\/#article\",\"isPartOf\":{\"@id\":\"https:\/\/www.padreeustaquio.com.br\/comunicacao-da-arquidiocese-de-bh-recebe-causa-de-canonizacao-para-falar-do-simposio\/\"},\"author\":{\"name\":\"@sscc\",\"@id\":\"https:\/\/www.padreeustaquio.com.br\/#\/schema\/person\/a2a51db1d00f1a7af0204a0f1ddb1566\"},\"headline\":\"Comunica\u00e7\u00e3o da Arquidiocese de BH recebe Causa de Canoniza\u00e7\u00e3o para falar do Simp\u00f3sio\",\"datePublished\":\"2025-07-11T16:36:04+00:00\",\"mainEntityOfPage\":{\"@id\":\"https:\/\/www.padreeustaquio.com.br\/comunicacao-da-arquidiocese-de-bh-recebe-causa-de-canonizacao-para-falar-do-simposio\/\"},\"wordCount\":209,\"commentCount\":0,\"publisher\":{\"@id\":\"https:\/\/www.padreeustaquio.com.br\/#organization\"},\"image\":{\"@id\":\"https:\/\/www.padreeustaquio.com.br\/comunicacao-da-arquidiocese-de-bh-recebe-causa-de-canonizacao-para-falar-do-simposio\/#primaryimage\"},\"thumbnailUrl\":\"https:\/\/www.padreeustaquio.com.br\/wp-content\/uploads\/2025\/07\/Visita-Causa-Canonizacao-a-Mitra-3-scaled-e1752250660280.jpeg\",\"articleSection\":[\"Not\u00edcias\"],\"inLanguage\":\"es\",\"potentialAction\":[{\"@type\":\"CommentAction\",\"name\":\"Comment\",\"target\":[\"https:\/\/www.padreeustaquio.com.br\/comunicacao-da-arquidiocese-de-bh-recebe-causa-de-canonizacao-para-falar-do-simposio\/#respond\"]}]},{\"@type\":\"WebPage\",\"@id\":\"https:\/\/www.padreeustaquio.com.br\/comunicacao-da-arquidiocese-de-bh-recebe-causa-de-canonizacao-para-falar-do-simposio\/\",\"url\":\"https:\/\/www.padreeustaquio.com.br\/comunicacao-da-arquidiocese-de-bh-recebe-causa-de-canonizacao-para-falar-do-simposio\/\",\"name\":\"Comunica\u00e7\u00e3o da Arquidiocese de BH recebe Causa de Canoniza\u00e7\u00e3o para falar do Simp\u00f3sio - Padre Eust\u00e1quio\",\"isPartOf\":{\"@id\":\"https:\/\/www.padreeustaquio.com.br\/#website\"},\"primaryImageOfPage\":{\"@id\":\"https:\/\/www.padreeustaquio.com.br\/comunicacao-da-arquidiocese-de-bh-recebe-causa-de-canonizacao-para-falar-do-simposio\/#primaryimage\"},\"image\":{\"@id\":\"https:\/\/www.padreeustaquio.com.br\/comunicacao-da-arquidiocese-de-bh-recebe-causa-de-canonizacao-para-falar-do-simposio\/#primaryimage\"},\"thumbnailUrl\":\"https:\/\/www.padreeustaquio.com.br\/wp-content\/uploads\/2025\/07\/Visita-Causa-Canonizacao-a-Mitra-3-scaled-e1752250660280.jpeg\",\"datePublished\":\"2025-07-11T16:36:04+00:00\",\"breadcrumb\":{\"@id\":\"https:\/\/www.padreeustaquio.com.br\/comunicacao-da-arquidiocese-de-bh-recebe-causa-de-canonizacao-para-falar-do-simposio\/#breadcrumb\"},\"inLanguage\":\"es\",\"potentialAction\":[{\"@type\":\"ReadAction\",\"target\":[\"https:\/\/www.padreeustaquio.com.br\/comunicacao-da-arquidiocese-de-bh-recebe-causa-de-canonizacao-para-falar-do-simposio\/\"]}]},{\"@type\":\"ImageObject\",\"inLanguage\":\"es\",\"@id\":\"https:\/\/www.padreeustaquio.com.br\/comunicacao-da-arquidiocese-de-bh-recebe-causa-de-canonizacao-para-falar-do-simposio\/#primaryimage\",\"url\":\"https:\/\/www.padreeustaquio.com.br\/wp-content\/uploads\/2025\/07\/Visita-Causa-Canonizacao-a-Mitra-3-scaled-e1752250660280.jpeg\",\"contentUrl\":\"https:\/\/www.padreeustaquio.com.br\/wp-content\/uploads\/2025\/07\/Visita-Causa-Canonizacao-a-Mitra-3-scaled-e1752250660280.jpeg\",\"width\":2086,\"height\":1143},{\"@type\":\"BreadcrumbList\",\"@id\":\"https:\/\/www.padreeustaquio.com.br\/comunicacao-da-arquidiocese-de-bh-recebe-causa-de-canonizacao-para-falar-do-simposio\/#breadcrumb\",\"itemListElement\":[{\"@type\":\"ListItem\",\"position\":1,\"name\":\"In\u00edcio\",\"item\":\"https:\/\/www.padreeustaquio.com.br\/\"},{\"@type\":\"ListItem\",\"position\":2,\"name\":\"Comunica\u00e7\u00e3o da Arquidiocese de BH recebe Causa de Canoniza\u00e7\u00e3o para falar do Simp\u00f3sio\"}]},{\"@type\":\"WebSite\",\"@id\":\"https:\/\/www.padreeustaquio.com.br\/#website\",\"url\":\"https:\/\/www.padreeustaquio.com.br\/\",\"name\":\"Padre Eust\u00e1quio\",\"description\":\"Sa\u00fade e Paz\",\"publisher\":{\"@id\":\"https:\/\/www.padreeustaquio.com.br\/#organization\"},\"potentialAction\":[{\"@type\":\"SearchAction\",\"target\":{\"@type\":\"EntryPoint\",\"urlTemplate\":\"https:\/\/www.padreeustaquio.com.br\/?s={search_term_string}\"},\"query-input\":{\"@type\":\"PropertyValueSpecification\",\"valueRequired\":true,\"valueName\":\"search_term_string\"}}],\"inLanguage\":\"es\"},{\"@type\":\"Organization\",\"@id\":\"https:\/\/www.padreeustaquio.com.br\/#organization\",\"name\":\"Padre Eust\u00e1quio\",\"url\":\"https:\/\/www.padreeustaquio.com.br\/\",\"logo\":{\"@type\":\"ImageObject\",\"inLanguage\":\"es\",\"@id\":\"https:\/\/www.padreeustaquio.com.br\/#\/schema\/logo\/image\/\",\"url\":\"https:\/\/www.padreeustaquio.com.br\/wp-content\/uploads\/2019\/08\/marca.png\",\"contentUrl\":\"https:\/\/www.padreeustaquio.com.br\/wp-content\/uploads\/2019\/08\/marca.png\",\"width\":350,\"height\":400,\"caption\":\"Padre Eust\u00e1quio\"},\"image\":{\"@id\":\"https:\/\/www.padreeustaquio.com.br\/#\/schema\/logo\/image\/\"},\"sameAs\":[\"https:\/\/www.facebook.com\/beatopadreeustaquio\/\",\"https:\/\/x.com\/beatopeustaquio\",\"https:\/\/www.instagram.com\/beatopadreeustaquio\/\",\"https:\/\/www.youtube.com\/channel\/UCRhw7vfabnajwLxb1ZXMeIw\"]},{\"@type\":\"Person\",\"@id\":\"https:\/\/www.padreeustaquio.com.br\/#\/schema\/person\/a2a51db1d00f1a7af0204a0f1ddb1566\",\"name\":\"@sscc\",\"image\":{\"@type\":\"ImageObject\",\"inLanguage\":\"es\",\"@id\":\"https:\/\/secure.gravatar.com\/avatar\/68cfafa5f44617fea54071e215026e0ff06be366c3d54a8425f04fdcb86f8c5f?s=96&d=mm&r=g\",\"url\":\"https:\/\/secure.gravatar.com\/avatar\/68cfafa5f44617fea54071e215026e0ff06be366c3d54a8425f04fdcb86f8c5f?s=96&d=mm&r=g\",\"contentUrl\":\"https:\/\/secure.gravatar.com\/avatar\/68cfafa5f44617fea54071e215026e0ff06be366c3d54a8425f04fdcb86f8c5f?s=96&d=mm&r=g\",\"caption\":\"@sscc\"},\"url\":\"https:\/\/www.padreeustaquio.com.br\/es\/author\/sscc\/\"}]}<\/script>\n<!-- \/ Yoast SEO plugin. -->","yoast_head_json":{"title":"La oficina de comunicaciones de la Arquidi\u00f3cesis de Belo Horizonte est\u00e1 recibiendo la Causa de Canonizaci\u00f3n para discutir el Simposio - Padre Eust\u00e1quio.","robots":{"index":"index","follow":"follow","max-snippet":"max-snippet:-1","max-image-preview":"max-image-preview:large","max-video-preview":"max-video-preview:-1"},"canonical":"https:\/\/www.padreeustaquio.com.br\/es\/el-departamento-de-comunicaciones-de-la-arquidiocesis-de-belo-horizonte-recibira-una-solicitud-de-caso-de-canonizacion-para-hablar-sobre-el-simposio\/","og_locale":"es_ES","og_type":"article","og_title":"Comunica\u00e7\u00e3o da Arquidiocese de BH recebe Causa de Canoniza\u00e7\u00e3o para falar do Simp\u00f3sio - Padre Eust\u00e1quio","og_description":"Nessa quinta-feira (10\/08), uma reuni\u00e3o importante marcou o in\u00edcio da divulga\u00e7\u00e3o do Simp\u00f3sio Internacional Sa\u00fade e Paz, que ser\u00e1 realizado em setembro pela Causa de Canoniza\u00e7\u00e3o do Beato Padre Eust\u00e1quio, em parceria com a PUC Minas. O vice-postulador, padre Vinicius Maciel, SS.CC, e o coordenador de comunica\u00e7\u00e3o, Marcelo Silveira, estiveram na Mitra Arquidiocesana de Belo Horizonte para alinhar a divulga\u00e7\u00e3o junto \u00e0 Comunica\u00e7\u00e3o da Arquidiocese de BH. Eles foram recebidos pela gerente, Ana Maria Miranda e pelo assessor de comunica\u00e7\u00e3o, Marcos Aur\u00e9lio J\u00fanior. Durante o encontro, a programa\u00e7\u00e3o do Simp\u00f3sio foi apresentada e parcerias foram discutidas junto \u00e0s m\u00eddias da [&hellip;]","og_url":"https:\/\/www.padreeustaquio.com.br\/es\/el-departamento-de-comunicaciones-de-la-arquidiocesis-de-belo-horizonte-recibira-una-solicitud-de-caso-de-canonizacion-para-hablar-sobre-el-simposio\/","og_site_name":"Padre Eust\u00e1quio","article_publisher":"https:\/\/www.facebook.com\/beatopadreeustaquio\/","article_published_time":"2025-07-11T16:36:04+00:00","og_image":[{"width":2086,"height":1143,"url":"https:\/\/www.padreeustaquio.com.br\/wp-content\/uploads\/2025\/07\/Visita-Causa-Canonizacao-a-Mitra-3-scaled-e1752250660280.jpeg","type":"image\/jpeg"}],"author":"@sscc","twitter_card":"summary_large_image","twitter_creator":"@beatopeustaquio","twitter_site":"@beatopeustaquio","twitter_misc":{"Escrito por":"@sscc","Tiempo de lectura":"2 minutos"},"schema":{"@context":"https:\/\/schema.org","@graph":[{"@type":"Article","@id":"https:\/\/www.padreeustaquio.com.br\/comunicacao-da-arquidiocese-de-bh-recebe-causa-de-canonizacao-para-falar-do-simposio\/#article","isPartOf":{"@id":"https:\/\/www.padreeustaquio.com.br\/comunicacao-da-arquidiocese-de-bh-recebe-causa-de-canonizacao-para-falar-do-simposio\/"},"author":{"name":"@sscc","@id":"https:\/\/www.padreeustaquio.com.br\/#\/schema\/person\/a2a51db1d00f1a7af0204a0f1ddb1566"},"headline":"Comunica\u00e7\u00e3o da Arquidiocese de BH recebe Causa de Canoniza\u00e7\u00e3o para falar do Simp\u00f3sio","datePublished":"2025-07-11T16:36:04+00:00","mainEntityOfPage":{"@id":"https:\/\/www.padreeustaquio.com.br\/comunicacao-da-arquidiocese-de-bh-recebe-causa-de-canonizacao-para-falar-do-simposio\/"},"wordCount":209,"commentCount":0,"publisher":{"@id":"https:\/\/www.padreeustaquio.com.br\/#organization"},"image":{"@id":"https:\/\/www.padreeustaquio.com.br\/comunicacao-da-arquidiocese-de-bh-recebe-causa-de-canonizacao-para-falar-do-simposio\/#primaryimage"},"thumbnailUrl":"https:\/\/www.padreeustaquio.com.br\/wp-content\/uploads\/2025\/07\/Visita-Causa-Canonizacao-a-Mitra-3-scaled-e1752250660280.jpeg","articleSection":["Not\u00edcias"],"inLanguage":"es","potentialAction":[{"@type":"CommentAction","name":"Comment","target":["https:\/\/www.padreeustaquio.com.br\/comunicacao-da-arquidiocese-de-bh-recebe-causa-de-canonizacao-para-falar-do-simposio\/#respond"]}]},{"@type":"WebPage","@id":"https:\/\/www.padreeustaquio.com.br\/comunicacao-da-arquidiocese-de-bh-recebe-causa-de-canonizacao-para-falar-do-simposio\/","url":"https:\/\/www.padreeustaquio.com.br\/comunicacao-da-arquidiocese-de-bh-recebe-causa-de-canonizacao-para-falar-do-simposio\/","name":"La oficina de comunicaciones de la Arquidi\u00f3cesis de Belo Horizonte est\u00e1 recibiendo la Causa de Canonizaci\u00f3n para discutir el Simposio - Padre Eust\u00e1quio.","isPartOf":{"@id":"https:\/\/www.padreeustaquio.com.br\/#website"},"primaryImageOfPage":{"@id":"https:\/\/www.padreeustaquio.com.br\/comunicacao-da-arquidiocese-de-bh-recebe-causa-de-canonizacao-para-falar-do-simposio\/#primaryimage"},"image":{"@id":"https:\/\/www.padreeustaquio.com.br\/comunicacao-da-arquidiocese-de-bh-recebe-causa-de-canonizacao-para-falar-do-simposio\/#primaryimage"},"thumbnailUrl":"https:\/\/www.padreeustaquio.com.br\/wp-content\/uploads\/2025\/07\/Visita-Causa-Canonizacao-a-Mitra-3-scaled-e1752250660280.jpeg","datePublished":"2025-07-11T16:36:04+00:00","breadcrumb":{"@id":"https:\/\/www.padreeustaquio.com.br\/comunicacao-da-arquidiocese-de-bh-recebe-causa-de-canonizacao-para-falar-do-simposio\/#breadcrumb"},"inLanguage":"es","potentialAction":[{"@type":"ReadAction","target":["https:\/\/www.padreeustaquio.com.br\/comunicacao-da-arquidiocese-de-bh-recebe-causa-de-canonizacao-para-falar-do-simposio\/"]}]},{"@type":"ImageObject","inLanguage":"es","@id":"https:\/\/www.padreeustaquio.com.br\/comunicacao-da-arquidiocese-de-bh-recebe-causa-de-canonizacao-para-falar-do-simposio\/#primaryimage","url":"https:\/\/www.padreeustaquio.com.br\/wp-content\/uploads\/2025\/07\/Visita-Causa-Canonizacao-a-Mitra-3-scaled-e1752250660280.jpeg","contentUrl":"https:\/\/www.padreeustaquio.com.br\/wp-content\/uploads\/2025\/07\/Visita-Causa-Canonizacao-a-Mitra-3-scaled-e1752250660280.jpeg","width":2086,"height":1143},{"@type":"BreadcrumbList","@id":"https:\/\/www.padreeustaquio.com.br\/comunicacao-da-arquidiocese-de-bh-recebe-causa-de-canonizacao-para-falar-do-simposio\/#breadcrumb","itemListElement":[{"@type":"ListItem","position":1,"name":"In\u00edcio","item":"https:\/\/www.padreeustaquio.com.br\/"},{"@type":"ListItem","position":2,"name":"Comunica\u00e7\u00e3o da Arquidiocese de BH recebe Causa de Canoniza\u00e7\u00e3o para falar do Simp\u00f3sio"}]},{"@type":"WebSite","@id":"https:\/\/www.padreeustaquio.com.br\/#website","url":"https:\/\/www.padreeustaquio.com.br\/","name":"Padre Eustace","description":"Salud y Paz","publisher":{"@id":"https:\/\/www.padreeustaquio.com.br\/#organization"},"potentialAction":[{"@type":"SearchAction","target":{"@type":"EntryPoint","urlTemplate":"https:\/\/www.padreeustaquio.com.br\/?s={search_term_string}"},"query-input":{"@type":"PropertyValueSpecification","valueRequired":true,"valueName":"search_term_string"}}],"inLanguage":"es"},{"@type":"Organization","@id":"https:\/\/www.padreeustaquio.com.br\/#organization","name":"Padre Eustace","url":"https:\/\/www.padreeustaquio.com.br\/","logo":{"@type":"ImageObject","inLanguage":"es","@id":"https:\/\/www.padreeustaquio.com.br\/#\/schema\/logo\/image\/","url":"https:\/\/www.padreeustaquio.com.br\/wp-content\/uploads\/2019\/08\/marca.png","contentUrl":"https:\/\/www.padreeustaquio.com.br\/wp-content\/uploads\/2019\/08\/marca.png","width":350,"height":400,"caption":"Padre Eust\u00e1quio"},"image":{"@id":"https:\/\/www.padreeustaquio.com.br\/#\/schema\/logo\/image\/"},"sameAs":["https:\/\/www.facebook.com\/beatopadreeustaquio\/","https:\/\/x.com\/beatopeustaquio","https:\/\/www.instagram.com\/beatopadreeustaquio\/","https:\/\/www.youtube.com\/channel\/UCRhw7vfabnajwLxb1ZXMeIw"]},{"@type":"Person","@id":"https:\/\/www.padreeustaquio.com.br\/#\/schema\/person\/a2a51db1d00f1a7af0204a0f1ddb1566","name":"@sscc","image":{"@type":"ImageObject","inLanguage":"es","@id":"https:\/\/secure.gravatar.com\/avatar\/68cfafa5f44617fea54071e215026e0ff06be366c3d54a8425f04fdcb86f8c5f?s=96&d=mm&r=g","url":"https:\/\/secure.gravatar.com\/avatar\/68cfafa5f44617fea54071e215026e0ff06be366c3d54a8425f04fdcb86f8c5f?s=96&d=mm&r=g","contentUrl":"https:\/\/secure.gravatar.com\/avatar\/68cfafa5f44617fea54071e215026e0ff06be366c3d54a8425f04fdcb86f8c5f?s=96&d=mm&r=g","caption":"@sscc"},"url":"https:\/\/www.padreeustaquio.com.br\/es\/author\/sscc\/"}]}},"_links":{"self":[{"href":"https:\/\/www.padreeustaquio.com.br\/es\/wp-json\/wp\/v2\/posts\/11950","targetHints":{"allow":["GET"]}}],"collection":[{"href":"https:\/\/www.padreeustaquio.com.br\/es\/wp-json\/wp\/v2\/posts"}],"about":[{"href":"https:\/\/www.padreeustaquio.com.br\/es\/wp-json\/wp\/v2\/types\/post"}],"author":[{"embeddable":true,"href":"https:\/\/www.padreeustaquio.com.br\/es\/wp-json\/wp\/v2\/users\/2"}],"replies":[{"embeddable":true,"href":"https:\/\/www.padreeustaquio.com.br\/es\/wp-json\/wp\/v2\/comments?post=11950"}],"version-history":[{"count":0,"href":"https:\/\/www.padreeustaquio.com.br\/es\/wp-json\/wp\/v2\/posts\/11950\/revisions"}],"wp:featuredmedia":[{"embeddable":true,"href":"https:\/\/www.padreeustaquio.com.br\/es\/wp-json\/wp\/v2\/media\/11952"}],"wp:attachment":[{"href":"https:\/\/www.padreeustaquio.com.br\/es\/wp-json\/wp\/v2\/media?parent=11950"}],"wp:term":[{"taxonomy":"category","embeddable":true,"href":"https:\/\/www.padreeustaquio.com.br\/es\/wp-json\/wp\/v2\/categories?post=11950"},{"taxonomy":"post_tag","embeddable":true,"href":"https:\/\/www.padreeustaquio.com.br\/es\/wp-json\/wp\/v2\/tags?post=11950"}],"curies":[{"name":"wp","href":"https:\/\/api.w.org\/{rel}","templated":true}]}}