{"id":11939,"date":"2025-07-01T16:24:07","date_gmt":"2025-07-01T19:24:07","guid":{"rendered":"https:\/\/www.padreeustaquio.com.br\/?p=11939"},"modified":"2025-07-01T16:24:07","modified_gmt":"2025-07-01T19:24:07","slug":"la-comunidad-del-beato-padre-eustaquio-de-lagoa-santa-realiza-una-celebracion-especial-el-dia-30","status":"publish","type":"post","link":"https:\/\/www.padreeustaquio.com.br\/es\/la-comunidad-del-beato-padre-eustaquio-de-lagoa-santa-realiza-una-celebracion-especial-el-dia-30\/","title":{"rendered":"La Comunidad del Beato Padre Eustaquio, en Lagoa Santa, realizar\u00e1 una celebraci\u00f3n especial el d\u00eda 30."},"content":{"rendered":"<p>El lunes 30 de junio, la Comunidad Beato Padre Eustaquio, del barrio Moradas da Lapinha, en Lagoa Santa, realiz\u00f3 una Celebraci\u00f3n Eucar\u00edstica en honor a su santo patrono.<\/p>\n<p>La comunidad, perteneciente a la Parroquia S\u00e3o Paulo Mission\u00e1rio, a cargo del p\u00e1rroco Padre Lu\u00eds Gustavo, celebra con fe y devoci\u00f3n la Santa Misa todos los d\u00edas 30 de cada mes, devoci\u00f3n que forma parte de un movimiento que se desarrolla en todo Brasil: cada 30, devotos del Beato Padre Eust\u00e1quio se re\u00fanen espiritualmente para celebrar su memoria y pedir su intercesi\u00f3n.<\/p>\n<p>La celebraci\u00f3n fue presidida por el Padre Ronaldo (hu\u00e9sped de otra parroquia), fortaleciendo la fe de la comunidad y renovando su compromiso con el ejemplo de vida del Misionero de la Salud y la Paz.<\/p>\n<p>\u00a1Que el Beato Padre Eustaquio contin\u00fae bendiciendo a esta comunidad con mucha salud y paz!<\/p>\n\n\t\t<style type=\"text\/css\">\n\t\t\t#gallery-1 {\n\t\t\t\tmargin: auto;\n\t\t\t}\n\t\t\t#gallery-1 .gallery-item {\n\t\t\t\tfloat: left;\n\t\t\t\tmargin-top: 10px;\n\t\t\t\ttext-align: center;\n\t\t\t\twidth: 33%;\n\t\t\t}\n\t\t\t#gallery-1 img {\n\t\t\t\tborder: 2px solid #cfcfcf;\n\t\t\t}\n\t\t\t#gallery-1 .gallery-caption {\n\t\t\t\tmargin-left: 0;\n\t\t\t}\n\t\t\t\/* see gallery_shortcode() in wp-includes\/media.php *\/\n\t\t<\/style>\n\t\t<div id='gallery-1' class='gallery galleryid-11939 gallery-columns-3 gallery-size-thumbnail'><dl class='gallery-item'>\n\t\t\t<dt class='gallery-icon landscape'>\n\t\t\t\t<a href='https:\/\/www.padreeustaquio.com.br\/es\/la-comunidad-del-beato-padre-eustaquio-de-lagoa-santa-realiza-una-celebracion-especial-el-dia-30\/missa-lagoa-santa-2\/'><img decoding=\"async\" width=\"150\" height=\"150\" src=\"https:\/\/www.padreeustaquio.com.br\/wp-content\/uploads\/2025\/07\/missa-lagoa-santa-2-150x150.jpeg\" class=\"attachment-thumbnail size-thumbnail\" alt=\"\" srcset=\"https:\/\/www.padreeustaquio.com.br\/wp-content\/uploads\/2025\/07\/missa-lagoa-santa-2-150x150.jpeg 150w, https:\/\/www.padreeustaquio.com.br\/wp-content\/uploads\/2025\/07\/missa-lagoa-santa-2-75x75.jpeg 75w, https:\/\/www.padreeustaquio.com.br\/wp-content\/uploads\/2025\/07\/missa-lagoa-santa-2-180x180.jpeg 180w, https:\/\/www.padreeustaquio.com.br\/wp-content\/uploads\/2025\/07\/missa-lagoa-santa-2-400x400.jpeg 400w, https:\/\/www.padreeustaquio.com.br\/wp-content\/uploads\/2025\/07\/missa-lagoa-santa-2-600x600.jpeg 600w\" sizes=\"(max-width: 150px) 100vw, 150px\" \/><\/a>\n\t\t\t<\/dt><\/dl><dl class='gallery-item'>\n\t\t\t<dt class='gallery-icon landscape'>\n\t\t\t\t<a href='https:\/\/www.padreeustaquio.com.br\/es\/la-comunidad-del-beato-padre-eustaquio-de-lagoa-santa-realiza-una-celebracion-especial-el-dia-30\/missa-lagoa-santa-3\/'><img decoding=\"async\" width=\"150\" height=\"150\" src=\"https:\/\/www.padreeustaquio.com.br\/wp-content\/uploads\/2025\/07\/missa-lagoa-santa-3-150x150.jpeg\" class=\"attachment-thumbnail size-thumbnail\" alt=\"\" srcset=\"https:\/\/www.padreeustaquio.com.br\/wp-content\/uploads\/2025\/07\/missa-lagoa-santa-3-150x150.jpeg 150w, https:\/\/www.padreeustaquio.com.br\/wp-content\/uploads\/2025\/07\/missa-lagoa-santa-3-75x75.jpeg 75w, https:\/\/www.padreeustaquio.com.br\/wp-content\/uploads\/2025\/07\/missa-lagoa-santa-3-180x180.jpeg 180w, https:\/\/www.padreeustaquio.com.br\/wp-content\/uploads\/2025\/07\/missa-lagoa-santa-3-400x400.jpeg 400w, https:\/\/www.padreeustaquio.com.br\/wp-content\/uploads\/2025\/07\/missa-lagoa-santa-3-600x600.jpeg 600w\" sizes=\"(max-width: 150px) 100vw, 150px\" \/><\/a>\n\t\t\t<\/dt><\/dl><dl class='gallery-item'>\n\t\t\t<dt class='gallery-icon landscape'>\n\t\t\t\t<a href='https:\/\/www.padreeustaquio.com.br\/es\/la-comunidad-del-beato-padre-eustaquio-de-lagoa-santa-realiza-una-celebracion-especial-el-dia-30\/missa-lagoa-santa-4\/'><img decoding=\"async\" width=\"150\" height=\"150\" src=\"https:\/\/www.padreeustaquio.com.br\/wp-content\/uploads\/2025\/07\/missa-lagoa-santa-4-150x150.jpeg\" class=\"attachment-thumbnail size-thumbnail\" alt=\"\" srcset=\"https:\/\/www.padreeustaquio.com.br\/wp-content\/uploads\/2025\/07\/missa-lagoa-santa-4-150x150.jpeg 150w, https:\/\/www.padreeustaquio.com.br\/wp-content\/uploads\/2025\/07\/missa-lagoa-santa-4-75x75.jpeg 75w, https:\/\/www.padreeustaquio.com.br\/wp-content\/uploads\/2025\/07\/missa-lagoa-santa-4-180x180.jpeg 180w, https:\/\/www.padreeustaquio.com.br\/wp-content\/uploads\/2025\/07\/missa-lagoa-santa-4-400x400.jpeg 400w, https:\/\/www.padreeustaquio.com.br\/wp-content\/uploads\/2025\/07\/missa-lagoa-santa-4-600x600.jpeg 600w\" sizes=\"(max-width: 150px) 100vw, 150px\" \/><\/a>\n\t\t\t<\/dt><\/dl><br style=\"clear: both\" \/><dl class='gallery-item'>\n\t\t\t<dt class='gallery-icon landscape'>\n\t\t\t\t<a href='https:\/\/www.padreeustaquio.com.br\/es\/la-comunidad-del-beato-padre-eustaquio-de-lagoa-santa-realiza-una-celebracion-especial-el-dia-30\/missa-lagoa-santa-5\/'><img loading=\"lazy\" decoding=\"async\" width=\"150\" height=\"150\" src=\"https:\/\/www.padreeustaquio.com.br\/wp-content\/uploads\/2025\/07\/missa-lagoa-santa-5-150x150.jpeg\" class=\"attachment-thumbnail size-thumbnail\" alt=\"\" srcset=\"https:\/\/www.padreeustaquio.com.br\/wp-content\/uploads\/2025\/07\/missa-lagoa-santa-5-150x150.jpeg 150w, https:\/\/www.padreeustaquio.com.br\/wp-content\/uploads\/2025\/07\/missa-lagoa-santa-5-75x75.jpeg 75w, https:\/\/www.padreeustaquio.com.br\/wp-content\/uploads\/2025\/07\/missa-lagoa-santa-5-180x180.jpeg 180w, https:\/\/www.padreeustaquio.com.br\/wp-content\/uploads\/2025\/07\/missa-lagoa-santa-5-400x400.jpeg 400w, https:\/\/www.padreeustaquio.com.br\/wp-content\/uploads\/2025\/07\/missa-lagoa-santa-5-600x600.jpeg 600w\" sizes=\"(max-width: 150px) 100vw, 150px\" \/><\/a>\n\t\t\t<\/dt><\/dl><dl class='gallery-item'>\n\t\t\t<dt class='gallery-icon landscape'>\n\t\t\t\t<a href='https:\/\/www.padreeustaquio.com.br\/es\/la-comunidad-del-beato-padre-eustaquio-de-lagoa-santa-realiza-una-celebracion-especial-el-dia-30\/missa-lagoa-santa-6\/'><img loading=\"lazy\" decoding=\"async\" width=\"150\" height=\"150\" src=\"https:\/\/www.padreeustaquio.com.br\/wp-content\/uploads\/2025\/07\/missa-lagoa-santa-6-150x150.jpeg\" class=\"attachment-thumbnail size-thumbnail\" alt=\"\" srcset=\"https:\/\/www.padreeustaquio.com.br\/wp-content\/uploads\/2025\/07\/missa-lagoa-santa-6-150x150.jpeg 150w, https:\/\/www.padreeustaquio.com.br\/wp-content\/uploads\/2025\/07\/missa-lagoa-santa-6-75x75.jpeg 75w, https:\/\/www.padreeustaquio.com.br\/wp-content\/uploads\/2025\/07\/missa-lagoa-santa-6-180x180.jpeg 180w, https:\/\/www.padreeustaquio.com.br\/wp-content\/uploads\/2025\/07\/missa-lagoa-santa-6-400x400.jpeg 400w, https:\/\/www.padreeustaquio.com.br\/wp-content\/uploads\/2025\/07\/missa-lagoa-santa-6-600x600.jpeg 600w\" sizes=\"(max-width: 150px) 100vw, 150px\" \/><\/a>\n\t\t\t<\/dt><\/dl><dl class='gallery-item'>\n\t\t\t<dt class='gallery-icon landscape'>\n\t\t\t\t<a href='https:\/\/www.padreeustaquio.com.br\/es\/la-comunidad-del-beato-padre-eustaquio-de-lagoa-santa-realiza-una-celebracion-especial-el-dia-30\/missa-lagoa-santa-1\/'><img loading=\"lazy\" decoding=\"async\" width=\"150\" height=\"150\" src=\"https:\/\/www.padreeustaquio.com.br\/wp-content\/uploads\/2025\/07\/missa-lagoa-santa-1-150x150.jpeg\" class=\"attachment-thumbnail size-thumbnail\" alt=\"\" srcset=\"https:\/\/www.padreeustaquio.com.br\/wp-content\/uploads\/2025\/07\/missa-lagoa-santa-1-150x150.jpeg 150w, https:\/\/www.padreeustaquio.com.br\/wp-content\/uploads\/2025\/07\/missa-lagoa-santa-1-75x75.jpeg 75w, https:\/\/www.padreeustaquio.com.br\/wp-content\/uploads\/2025\/07\/missa-lagoa-santa-1-180x180.jpeg 180w, https:\/\/www.padreeustaquio.com.br\/wp-content\/uploads\/2025\/07\/missa-lagoa-santa-1-400x400.jpeg 400w, https:\/\/www.padreeustaquio.com.br\/wp-content\/uploads\/2025\/07\/missa-lagoa-santa-1-600x600.jpeg 600w\" sizes=\"(max-width: 150px) 100vw, 150px\" \/><\/a>\n\t\t\t<\/dt><\/dl><br style=\"clear: both\" \/>\n\t\t<\/div>","protected":false},"excerpt":{"rendered":"<p>Nessa segunda-feira, dia 30 de junho, a Comunidade Beato Padre Eust\u00e1quio, no bairro Moradas da Lapinha, em Lagoa Santa, realizou a Celebra\u00e7\u00e3o Eucar\u00edstica em honra ao seu padroeiro. A comunidade, pertencente \u00e0 Par\u00f3quia S\u00e3o Paulo Mission\u00e1rio, do p\u00e1roco Pe. Lu\u00eds Gustavo, celebra com f\u00e9 e devo\u00e7\u00e3o, a Santa Missa todo o dia 30 de cada m\u00eas, devo\u00e7\u00e3o que faz parte de um movimento que acontece em todo Brasil: todos os dias 30, devotos do Beato Padre Eust\u00e1quio, se re\u00fanem espiritualmente para celebrar sua mem\u00f3ria e pedir sua intercess\u00e3o. A celebra\u00e7\u00e3o foi presidida pelo padre Ronaldo (convidado de outra par\u00f3quia), fortalecendo [&hellip;]<\/p>\n","protected":false},"author":2,"featured_media":11940,"comment_status":"open","ping_status":"closed","sticky":false,"template":"","format":"standard","meta":{"_acf_changed":false,"footnotes":""},"categories":[611],"tags":[],"class_list":["post-11939","post","type-post","status-publish","format-standard","has-post-thumbnail","hentry","category-noticias"],"acf":[],"yoast_head":"<!-- This site is optimized with the Yoast SEO plugin v27.2 - https:\/\/yoast.com\/product\/yoast-seo-wordpress\/ -->\n<title>Comunidade Beato Padre Eust\u00e1quio, de Lagoa Santa, faz celebra\u00e7\u00e3o especial nesse dia 30<\/title>\n<meta name=\"description\" content=\"Nessa segunda-feira, dia 30 de junho, a Comunidade Beato Padre Eust\u00e1quio, no bairro Moradas da Lapinha, em Lagoa Santa, realizou a Celebra\u00e7\u00e3o Eucar\u00edstica em honra ao seu padroeiro.\" \/>\n<meta name=\"robots\" content=\"index, follow, max-snippet:-1, max-image-preview:large, max-video-preview:-1\" \/>\n<link rel=\"canonical\" href=\"https:\/\/www.padreeustaquio.com.br\/es\/la-comunidad-del-beato-padre-eustaquio-de-lagoa-santa-realiza-una-celebracion-especial-el-dia-30\/\" \/>\n<meta property=\"og:locale\" content=\"es_ES\" \/>\n<meta property=\"og:type\" content=\"article\" \/>\n<meta property=\"og:title\" content=\"Comunidade Beato Padre Eust\u00e1quio, de Lagoa Santa, faz celebra\u00e7\u00e3o especial nesse dia 30\" \/>\n<meta property=\"og:description\" content=\"Nessa segunda-feira, dia 30 de junho, a Comunidade Beato Padre Eust\u00e1quio, no bairro Moradas da Lapinha, em Lagoa Santa, realizou a Celebra\u00e7\u00e3o Eucar\u00edstica em honra ao seu padroeiro.\" \/>\n<meta property=\"og:url\" content=\"https:\/\/www.padreeustaquio.com.br\/es\/la-comunidad-del-beato-padre-eustaquio-de-lagoa-santa-realiza-una-celebracion-especial-el-dia-30\/\" \/>\n<meta property=\"og:site_name\" content=\"Padre Eust\u00e1quio\" \/>\n<meta property=\"article:publisher\" content=\"https:\/\/www.facebook.com\/beatopadreeustaquio\/\" \/>\n<meta property=\"article:published_time\" content=\"2025-07-01T19:24:07+00:00\" \/>\n<meta property=\"og:image\" content=\"https:\/\/www.padreeustaquio.com.br\/wp-content\/uploads\/2025\/07\/WhatsApp-Image-2025-07-01-at-08.58.52-1.jpeg\" \/>\n\t<meta property=\"og:image:width\" content=\"1280\" \/>\n\t<meta property=\"og:image:height\" content=\"960\" \/>\n\t<meta property=\"og:image:type\" content=\"image\/jpeg\" \/>\n<meta name=\"author\" content=\"@sscc\" \/>\n<meta name=\"twitter:card\" content=\"summary_large_image\" \/>\n<meta name=\"twitter:creator\" content=\"@beatopeustaquio\" \/>\n<meta name=\"twitter:site\" content=\"@beatopeustaquio\" \/>\n<meta name=\"twitter:label1\" content=\"Escrito por\" \/>\n\t<meta name=\"twitter:data1\" content=\"@sscc\" \/>\n\t<meta name=\"twitter:label2\" content=\"Tiempo de lectura\" \/>\n\t<meta name=\"twitter:data2\" content=\"1 minuto\" \/>\n<script type=\"application\/ld+json\" class=\"yoast-schema-graph\">{\"@context\":\"https:\/\/schema.org\",\"@graph\":[{\"@type\":\"Article\",\"@id\":\"https:\/\/www.padreeustaquio.com.br\/comunidade-beato-padre-eustaquio-de-lagoa-santa-faz-celebracao-especial-nesse-dia-30\/#article\",\"isPartOf\":{\"@id\":\"https:\/\/www.padreeustaquio.com.br\/comunidade-beato-padre-eustaquio-de-lagoa-santa-faz-celebracao-especial-nesse-dia-30\/\"},\"author\":{\"name\":\"@sscc\",\"@id\":\"https:\/\/www.padreeustaquio.com.br\/#\/schema\/person\/a2a51db1d00f1a7af0204a0f1ddb1566\"},\"headline\":\"Comunidade Beato Padre Eust\u00e1quio, de Lagoa Santa, faz celebra\u00e7\u00e3o especial nesse dia 30\",\"datePublished\":\"2025-07-01T19:24:07+00:00\",\"mainEntityOfPage\":{\"@id\":\"https:\/\/www.padreeustaquio.com.br\/comunidade-beato-padre-eustaquio-de-lagoa-santa-faz-celebracao-especial-nesse-dia-30\/\"},\"wordCount\":168,\"commentCount\":0,\"publisher\":{\"@id\":\"https:\/\/www.padreeustaquio.com.br\/#organization\"},\"image\":{\"@id\":\"https:\/\/www.padreeustaquio.com.br\/comunidade-beato-padre-eustaquio-de-lagoa-santa-faz-celebracao-especial-nesse-dia-30\/#primaryimage\"},\"thumbnailUrl\":\"https:\/\/www.padreeustaquio.com.br\/wp-content\/uploads\/2025\/07\/WhatsApp-Image-2025-07-01-at-08.58.52-1.jpeg\",\"articleSection\":[\"Not\u00edcias\"],\"inLanguage\":\"es\",\"potentialAction\":[{\"@type\":\"CommentAction\",\"name\":\"Comment\",\"target\":[\"https:\/\/www.padreeustaquio.com.br\/comunidade-beato-padre-eustaquio-de-lagoa-santa-faz-celebracao-especial-nesse-dia-30\/#respond\"]}]},{\"@type\":\"WebPage\",\"@id\":\"https:\/\/www.padreeustaquio.com.br\/comunidade-beato-padre-eustaquio-de-lagoa-santa-faz-celebracao-especial-nesse-dia-30\/\",\"url\":\"https:\/\/www.padreeustaquio.com.br\/comunidade-beato-padre-eustaquio-de-lagoa-santa-faz-celebracao-especial-nesse-dia-30\/\",\"name\":\"Comunidade Beato Padre Eust\u00e1quio, de Lagoa Santa, faz celebra\u00e7\u00e3o especial nesse dia 30\",\"isPartOf\":{\"@id\":\"https:\/\/www.padreeustaquio.com.br\/#website\"},\"primaryImageOfPage\":{\"@id\":\"https:\/\/www.padreeustaquio.com.br\/comunidade-beato-padre-eustaquio-de-lagoa-santa-faz-celebracao-especial-nesse-dia-30\/#primaryimage\"},\"image\":{\"@id\":\"https:\/\/www.padreeustaquio.com.br\/comunidade-beato-padre-eustaquio-de-lagoa-santa-faz-celebracao-especial-nesse-dia-30\/#primaryimage\"},\"thumbnailUrl\":\"https:\/\/www.padreeustaquio.com.br\/wp-content\/uploads\/2025\/07\/WhatsApp-Image-2025-07-01-at-08.58.52-1.jpeg\",\"datePublished\":\"2025-07-01T19:24:07+00:00\",\"description\":\"Nessa segunda-feira, dia 30 de junho, a Comunidade Beato Padre Eust\u00e1quio, no bairro Moradas da Lapinha, em Lagoa Santa, realizou a Celebra\u00e7\u00e3o Eucar\u00edstica em honra ao seu padroeiro.\",\"breadcrumb\":{\"@id\":\"https:\/\/www.padreeustaquio.com.br\/comunidade-beato-padre-eustaquio-de-lagoa-santa-faz-celebracao-especial-nesse-dia-30\/#breadcrumb\"},\"inLanguage\":\"es\",\"potentialAction\":[{\"@type\":\"ReadAction\",\"target\":[\"https:\/\/www.padreeustaquio.com.br\/comunidade-beato-padre-eustaquio-de-lagoa-santa-faz-celebracao-especial-nesse-dia-30\/\"]}]},{\"@type\":\"ImageObject\",\"inLanguage\":\"es\",\"@id\":\"https:\/\/www.padreeustaquio.com.br\/comunidade-beato-padre-eustaquio-de-lagoa-santa-faz-celebracao-especial-nesse-dia-30\/#primaryimage\",\"url\":\"https:\/\/www.padreeustaquio.com.br\/wp-content\/uploads\/2025\/07\/WhatsApp-Image-2025-07-01-at-08.58.52-1.jpeg\",\"contentUrl\":\"https:\/\/www.padreeustaquio.com.br\/wp-content\/uploads\/2025\/07\/WhatsApp-Image-2025-07-01-at-08.58.52-1.jpeg\",\"width\":1280,\"height\":960},{\"@type\":\"BreadcrumbList\",\"@id\":\"https:\/\/www.padreeustaquio.com.br\/comunidade-beato-padre-eustaquio-de-lagoa-santa-faz-celebracao-especial-nesse-dia-30\/#breadcrumb\",\"itemListElement\":[{\"@type\":\"ListItem\",\"position\":1,\"name\":\"In\u00edcio\",\"item\":\"https:\/\/www.padreeustaquio.com.br\/\"},{\"@type\":\"ListItem\",\"position\":2,\"name\":\"Comunidade Beato Padre Eust\u00e1quio, de Lagoa Santa, faz celebra\u00e7\u00e3o especial nesse dia 30\"}]},{\"@type\":\"WebSite\",\"@id\":\"https:\/\/www.padreeustaquio.com.br\/#website\",\"url\":\"https:\/\/www.padreeustaquio.com.br\/\",\"name\":\"Padre Eust\u00e1quio\",\"description\":\"Sa\u00fade e Paz\",\"publisher\":{\"@id\":\"https:\/\/www.padreeustaquio.com.br\/#organization\"},\"potentialAction\":[{\"@type\":\"SearchAction\",\"target\":{\"@type\":\"EntryPoint\",\"urlTemplate\":\"https:\/\/www.padreeustaquio.com.br\/?s={search_term_string}\"},\"query-input\":{\"@type\":\"PropertyValueSpecification\",\"valueRequired\":true,\"valueName\":\"search_term_string\"}}],\"inLanguage\":\"es\"},{\"@type\":\"Organization\",\"@id\":\"https:\/\/www.padreeustaquio.com.br\/#organization\",\"name\":\"Padre Eust\u00e1quio\",\"url\":\"https:\/\/www.padreeustaquio.com.br\/\",\"logo\":{\"@type\":\"ImageObject\",\"inLanguage\":\"es\",\"@id\":\"https:\/\/www.padreeustaquio.com.br\/#\/schema\/logo\/image\/\",\"url\":\"https:\/\/www.padreeustaquio.com.br\/wp-content\/uploads\/2019\/08\/marca.png\",\"contentUrl\":\"https:\/\/www.padreeustaquio.com.br\/wp-content\/uploads\/2019\/08\/marca.png\",\"width\":350,\"height\":400,\"caption\":\"Padre Eust\u00e1quio\"},\"image\":{\"@id\":\"https:\/\/www.padreeustaquio.com.br\/#\/schema\/logo\/image\/\"},\"sameAs\":[\"https:\/\/www.facebook.com\/beatopadreeustaquio\/\",\"https:\/\/x.com\/beatopeustaquio\",\"https:\/\/www.instagram.com\/beatopadreeustaquio\/\",\"https:\/\/www.youtube.com\/channel\/UCRhw7vfabnajwLxb1ZXMeIw\"]},{\"@type\":\"Person\",\"@id\":\"https:\/\/www.padreeustaquio.com.br\/#\/schema\/person\/a2a51db1d00f1a7af0204a0f1ddb1566\",\"name\":\"@sscc\",\"image\":{\"@type\":\"ImageObject\",\"inLanguage\":\"es\",\"@id\":\"https:\/\/secure.gravatar.com\/avatar\/68cfafa5f44617fea54071e215026e0ff06be366c3d54a8425f04fdcb86f8c5f?s=96&d=mm&r=g\",\"url\":\"https:\/\/secure.gravatar.com\/avatar\/68cfafa5f44617fea54071e215026e0ff06be366c3d54a8425f04fdcb86f8c5f?s=96&d=mm&r=g\",\"contentUrl\":\"https:\/\/secure.gravatar.com\/avatar\/68cfafa5f44617fea54071e215026e0ff06be366c3d54a8425f04fdcb86f8c5f?s=96&d=mm&r=g\",\"caption\":\"@sscc\"},\"url\":\"https:\/\/www.padreeustaquio.com.br\/es\/author\/sscc\/\"}]}<\/script>\n<!-- \/ Yoast SEO plugin. -->","yoast_head_json":{"title":"La Comunidad del Beato Padre Eustaquio, en Lagoa Santa, realizar\u00e1 una celebraci\u00f3n especial el d\u00eda 30.","description":"El lunes 30 de junio, la Comunidad Beato Padre Eustaquio, del barrio Moradas da Lapinha, en Lagoa Santa, realiz\u00f3 una Celebraci\u00f3n Eucar\u00edstica en honor a su santo patrono.","robots":{"index":"index","follow":"follow","max-snippet":"max-snippet:-1","max-image-preview":"max-image-preview:large","max-video-preview":"max-video-preview:-1"},"canonical":"https:\/\/www.padreeustaquio.com.br\/es\/la-comunidad-del-beato-padre-eustaquio-de-lagoa-santa-realiza-una-celebracion-especial-el-dia-30\/","og_locale":"es_ES","og_type":"article","og_title":"Comunidade Beato Padre Eust\u00e1quio, de Lagoa Santa, faz celebra\u00e7\u00e3o especial nesse dia 30","og_description":"Nessa segunda-feira, dia 30 de junho, a Comunidade Beato Padre Eust\u00e1quio, no bairro Moradas da Lapinha, em Lagoa Santa, realizou a Celebra\u00e7\u00e3o Eucar\u00edstica em honra ao seu padroeiro.","og_url":"https:\/\/www.padreeustaquio.com.br\/es\/la-comunidad-del-beato-padre-eustaquio-de-lagoa-santa-realiza-una-celebracion-especial-el-dia-30\/","og_site_name":"Padre Eust\u00e1quio","article_publisher":"https:\/\/www.facebook.com\/beatopadreeustaquio\/","article_published_time":"2025-07-01T19:24:07+00:00","og_image":[{"width":1280,"height":960,"url":"https:\/\/www.padreeustaquio.com.br\/wp-content\/uploads\/2025\/07\/WhatsApp-Image-2025-07-01-at-08.58.52-1.jpeg","type":"image\/jpeg"}],"author":"@sscc","twitter_card":"summary_large_image","twitter_creator":"@beatopeustaquio","twitter_site":"@beatopeustaquio","twitter_misc":{"Escrito por":"@sscc","Tiempo de lectura":"1 minuto"},"schema":{"@context":"https:\/\/schema.org","@graph":[{"@type":"Article","@id":"https:\/\/www.padreeustaquio.com.br\/comunidade-beato-padre-eustaquio-de-lagoa-santa-faz-celebracao-especial-nesse-dia-30\/#article","isPartOf":{"@id":"https:\/\/www.padreeustaquio.com.br\/comunidade-beato-padre-eustaquio-de-lagoa-santa-faz-celebracao-especial-nesse-dia-30\/"},"author":{"name":"@sscc","@id":"https:\/\/www.padreeustaquio.com.br\/#\/schema\/person\/a2a51db1d00f1a7af0204a0f1ddb1566"},"headline":"Comunidade Beato Padre Eust\u00e1quio, de Lagoa Santa, faz celebra\u00e7\u00e3o especial nesse dia 30","datePublished":"2025-07-01T19:24:07+00:00","mainEntityOfPage":{"@id":"https:\/\/www.padreeustaquio.com.br\/comunidade-beato-padre-eustaquio-de-lagoa-santa-faz-celebracao-especial-nesse-dia-30\/"},"wordCount":168,"commentCount":0,"publisher":{"@id":"https:\/\/www.padreeustaquio.com.br\/#organization"},"image":{"@id":"https:\/\/www.padreeustaquio.com.br\/comunidade-beato-padre-eustaquio-de-lagoa-santa-faz-celebracao-especial-nesse-dia-30\/#primaryimage"},"thumbnailUrl":"https:\/\/www.padreeustaquio.com.br\/wp-content\/uploads\/2025\/07\/WhatsApp-Image-2025-07-01-at-08.58.52-1.jpeg","articleSection":["Not\u00edcias"],"inLanguage":"es","potentialAction":[{"@type":"CommentAction","name":"Comment","target":["https:\/\/www.padreeustaquio.com.br\/comunidade-beato-padre-eustaquio-de-lagoa-santa-faz-celebracao-especial-nesse-dia-30\/#respond"]}]},{"@type":"WebPage","@id":"https:\/\/www.padreeustaquio.com.br\/comunidade-beato-padre-eustaquio-de-lagoa-santa-faz-celebracao-especial-nesse-dia-30\/","url":"https:\/\/www.padreeustaquio.com.br\/comunidade-beato-padre-eustaquio-de-lagoa-santa-faz-celebracao-especial-nesse-dia-30\/","name":"La Comunidad del Beato Padre Eustaquio, en Lagoa Santa, realizar\u00e1 una celebraci\u00f3n especial el d\u00eda 30.","isPartOf":{"@id":"https:\/\/www.padreeustaquio.com.br\/#website"},"primaryImageOfPage":{"@id":"https:\/\/www.padreeustaquio.com.br\/comunidade-beato-padre-eustaquio-de-lagoa-santa-faz-celebracao-especial-nesse-dia-30\/#primaryimage"},"image":{"@id":"https:\/\/www.padreeustaquio.com.br\/comunidade-beato-padre-eustaquio-de-lagoa-santa-faz-celebracao-especial-nesse-dia-30\/#primaryimage"},"thumbnailUrl":"https:\/\/www.padreeustaquio.com.br\/wp-content\/uploads\/2025\/07\/WhatsApp-Image-2025-07-01-at-08.58.52-1.jpeg","datePublished":"2025-07-01T19:24:07+00:00","description":"El lunes 30 de junio, la Comunidad Beato Padre Eustaquio, del barrio Moradas da Lapinha, en Lagoa Santa, realiz\u00f3 una Celebraci\u00f3n Eucar\u00edstica en honor a su santo patrono.","breadcrumb":{"@id":"https:\/\/www.padreeustaquio.com.br\/comunidade-beato-padre-eustaquio-de-lagoa-santa-faz-celebracao-especial-nesse-dia-30\/#breadcrumb"},"inLanguage":"es","potentialAction":[{"@type":"ReadAction","target":["https:\/\/www.padreeustaquio.com.br\/comunidade-beato-padre-eustaquio-de-lagoa-santa-faz-celebracao-especial-nesse-dia-30\/"]}]},{"@type":"ImageObject","inLanguage":"es","@id":"https:\/\/www.padreeustaquio.com.br\/comunidade-beato-padre-eustaquio-de-lagoa-santa-faz-celebracao-especial-nesse-dia-30\/#primaryimage","url":"https:\/\/www.padreeustaquio.com.br\/wp-content\/uploads\/2025\/07\/WhatsApp-Image-2025-07-01-at-08.58.52-1.jpeg","contentUrl":"https:\/\/www.padreeustaquio.com.br\/wp-content\/uploads\/2025\/07\/WhatsApp-Image-2025-07-01-at-08.58.52-1.jpeg","width":1280,"height":960},{"@type":"BreadcrumbList","@id":"https:\/\/www.padreeustaquio.com.br\/comunidade-beato-padre-eustaquio-de-lagoa-santa-faz-celebracao-especial-nesse-dia-30\/#breadcrumb","itemListElement":[{"@type":"ListItem","position":1,"name":"In\u00edcio","item":"https:\/\/www.padreeustaquio.com.br\/"},{"@type":"ListItem","position":2,"name":"Comunidade Beato Padre Eust\u00e1quio, de Lagoa Santa, faz celebra\u00e7\u00e3o especial nesse dia 30"}]},{"@type":"WebSite","@id":"https:\/\/www.padreeustaquio.com.br\/#website","url":"https:\/\/www.padreeustaquio.com.br\/","name":"Padre Eustace","description":"Salud y Paz","publisher":{"@id":"https:\/\/www.padreeustaquio.com.br\/#organization"},"potentialAction":[{"@type":"SearchAction","target":{"@type":"EntryPoint","urlTemplate":"https:\/\/www.padreeustaquio.com.br\/?s={search_term_string}"},"query-input":{"@type":"PropertyValueSpecification","valueRequired":true,"valueName":"search_term_string"}}],"inLanguage":"es"},{"@type":"Organization","@id":"https:\/\/www.padreeustaquio.com.br\/#organization","name":"Padre Eustace","url":"https:\/\/www.padreeustaquio.com.br\/","logo":{"@type":"ImageObject","inLanguage":"es","@id":"https:\/\/www.padreeustaquio.com.br\/#\/schema\/logo\/image\/","url":"https:\/\/www.padreeustaquio.com.br\/wp-content\/uploads\/2019\/08\/marca.png","contentUrl":"https:\/\/www.padreeustaquio.com.br\/wp-content\/uploads\/2019\/08\/marca.png","width":350,"height":400,"caption":"Padre Eust\u00e1quio"},"image":{"@id":"https:\/\/www.padreeustaquio.com.br\/#\/schema\/logo\/image\/"},"sameAs":["https:\/\/www.facebook.com\/beatopadreeustaquio\/","https:\/\/x.com\/beatopeustaquio","https:\/\/www.instagram.com\/beatopadreeustaquio\/","https:\/\/www.youtube.com\/channel\/UCRhw7vfabnajwLxb1ZXMeIw"]},{"@type":"Person","@id":"https:\/\/www.padreeustaquio.com.br\/#\/schema\/person\/a2a51db1d00f1a7af0204a0f1ddb1566","name":"@sscc","image":{"@type":"ImageObject","inLanguage":"es","@id":"https:\/\/secure.gravatar.com\/avatar\/68cfafa5f44617fea54071e215026e0ff06be366c3d54a8425f04fdcb86f8c5f?s=96&d=mm&r=g","url":"https:\/\/secure.gravatar.com\/avatar\/68cfafa5f44617fea54071e215026e0ff06be366c3d54a8425f04fdcb86f8c5f?s=96&d=mm&r=g","contentUrl":"https:\/\/secure.gravatar.com\/avatar\/68cfafa5f44617fea54071e215026e0ff06be366c3d54a8425f04fdcb86f8c5f?s=96&d=mm&r=g","caption":"@sscc"},"url":"https:\/\/www.padreeustaquio.com.br\/es\/author\/sscc\/"}]}},"_links":{"self":[{"href":"https:\/\/www.padreeustaquio.com.br\/es\/wp-json\/wp\/v2\/posts\/11939","targetHints":{"allow":["GET"]}}],"collection":[{"href":"https:\/\/www.padreeustaquio.com.br\/es\/wp-json\/wp\/v2\/posts"}],"about":[{"href":"https:\/\/www.padreeustaquio.com.br\/es\/wp-json\/wp\/v2\/types\/post"}],"author":[{"embeddable":true,"href":"https:\/\/www.padreeustaquio.com.br\/es\/wp-json\/wp\/v2\/users\/2"}],"replies":[{"embeddable":true,"href":"https:\/\/www.padreeustaquio.com.br\/es\/wp-json\/wp\/v2\/comments?post=11939"}],"version-history":[{"count":0,"href":"https:\/\/www.padreeustaquio.com.br\/es\/wp-json\/wp\/v2\/posts\/11939\/revisions"}],"wp:featuredmedia":[{"embeddable":true,"href":"https:\/\/www.padreeustaquio.com.br\/es\/wp-json\/wp\/v2\/media\/11940"}],"wp:attachment":[{"href":"https:\/\/www.padreeustaquio.com.br\/es\/wp-json\/wp\/v2\/media?parent=11939"}],"wp:term":[{"taxonomy":"category","embeddable":true,"href":"https:\/\/www.padreeustaquio.com.br\/es\/wp-json\/wp\/v2\/categories?post=11939"},{"taxonomy":"post_tag","embeddable":true,"href":"https:\/\/www.padreeustaquio.com.br\/es\/wp-json\/wp\/v2\/tags?post=11939"}],"curies":[{"name":"wp","href":"https:\/\/api.w.org\/{rel}","templated":true}]}}